{"id":13974,"date":"2020-09-17T14:00:05","date_gmt":"2020-09-17T11:00:05","guid":{"rendered":"https:\/\/www.kariyer.net\/kariyer-rehberi\/?p=13974"},"modified":"2024-08-08T21:09:31","modified_gmt":"2024-08-08T18:09:31","slug":"yeni-normalde-mulakatlarda-sorman-gereken-4-soru","status":"publish","type":"post","link":"https:\/\/www.kariyer.net\/kariyer-rehberi\/yeni-normalde-mulakatlarda-sorman-gereken-4-soru\/","title":{"rendered":"Yeni normalde m\u00fclakatlarda sorman gereken 4 soru"},"content":{"rendered":"<p><strong>Bir i\u015f g\u00f6r\u00fc\u015fmesinde i\u015fverene sorman gereken sorular, birka\u00e7 ay \u00f6ncesine g\u00f6re art\u0131k biraz daha farkl\u0131. Pandemi s\u00fcreciyle birlikte gelen yeni sorular\u0131 senin i\u00e7in payla\u015ft\u0131k.<\/strong><\/p>\n<p>\u0130\u00e7inde bulundu\u011fumuz pandemi, hayat\u0131m\u0131za yeni bir y\u00f6n verirken i\u015f g\u00f6r\u00fc\u015fmelerinde sorulan sorulara da kar\u015f\u0131l\u0131kl\u0131 olarak yenilerini ekledi. Evden \u00e7al\u0131\u015fma, yeniden tasarlanan i\u015f s\u00fcre\u00e7lerindeki son durum, \u00e7al\u0131\u015fan sa\u011fl\u0131\u011f\u0131 ve g\u00fcvenli\u011fi gibi konulardaki sorular, art\u0131k en \u00f6nemli ba\u015fl\u0131klar aras\u0131nda.<\/p>\n<p>\u0130\u015fverenlerin net bir \u015fekilde a\u00e7\u0131kl\u0131k getirmesi gereken bu konularda, nas\u0131l bir yol izlediklerini \u00f6\u011frenmen i\u00e7in i\u015fte, sana 4 soru \u00f6nerisi:<\/p>\n<h2><strong>Adaptasyon s\u00fcrecini nas\u0131l planl\u0131yorsunuz?<\/strong><\/h2>\n<p>Bir i\u015fe uzaktan ba\u015flarken seni nelerin bekledi\u011fini bilmen yarar\u0131na olacakt\u0131r. Oryantasyon s\u00fcreci, e\u011fitimlerin nas\u0131l sa\u011flanaca\u011f\u0131, rehberlik etmesi i\u00e7in ba\u015fka bir \u00e7al\u0131\u015fan\u0131n y\u00f6nlendirilip y\u00f6nlendirilmeyece\u011fi ya da ekiple nas\u0131l tan\u0131\u015ft\u0131r\u0131laca\u011f\u0131n gibi konulardaki tutumlar \u00f6nemli. \u00c7o\u011fu e\u011fitim, e-\u00f6\u011frenme yoluyla yap\u0131lacakt\u0131r, ancak hedef belirleme ve uyum sa\u011flama gibi konularda y\u00f6neticilerle bire bir g\u00f6r\u00fc\u015fme planlanmas\u0131 gerekir. Bu nedenlerle ilk g\u00fcnlerin acemili\u011fini atman\u0131 sa\u011flayacak \u00f6nlemlerin al\u0131n\u0131p al\u0131nmad\u0131\u011f\u0131n\u0131 \u00f6\u011frenmen i\u00e7in konuyla ilgili bir soru sorabilirsin.<\/p>\n<h2><strong>Gerekli teknik ara\u00e7lar\u0131 sa\u011fl\u0131yor musunuz?<\/strong><\/h2>\n<p>COVID \u00f6ncesinde i\u015fe ba\u015flam\u0131\u015f olsayd\u0131n, i\u015finle ilgili ihtiya\u00e7 duyaca\u011f\u0131n pek \u00e7ok \u015feyi ilk i\u015f g\u00fcn\u00fcnde masanda haz\u0131r bulman olas\u0131yd\u0131. Ancak \u015fimdi bu ihtiya\u00e7lar\u0131 senin gidermen gerekebilir.<\/p>\n<p>Baz\u0131 \u015firketler \u00e7al\u0131\u015fanlar\u0131na evden \u00e7al\u0131\u015f\u0131rken ihtiya\u00e7 duyacaklar\u0131 pek \u00e7ok \u015feyi temin etse de her \u015firkette durum b\u00f6yle olmayabilir. Herhangi s\u00fcrpriz bir harcama (monit\u00f6r, telefon vb.) ile kar\u015f\u0131la\u015fmamak i\u00e7in \u00f6nceden bu konularla ilgili merak ettiklerini sormal\u0131s\u0131n.<\/p>\n<h2><strong>Ofise d\u00f6n\u00fc\u015f zaman\u0131n\u0131z belli mi?<\/strong><\/h2>\n<p>\u0130\u015f g\u00f6r\u00fc\u015fmesi yapt\u0131\u011f\u0131n \u015firket, hen\u00fcz ofiste \u00e7al\u0131\u015fmaya ba\u015flamam\u0131\u015f ya da \u00e7ok az ki\u015fiyle ofiste \u00e7al\u0131\u015fmay\u0131 deneyimliyor olabilir. Bunu net bir \u015fekilde \u00f6\u011frenmenin yolu yine ilgili soruyu sormaktan ge\u00e7iyor.<\/p>\n<p>Ba\u015fvurdu\u011fun pozisyondan beklenen \u00e7al\u0131\u015fma \u015feklini (uzaktan, ofiste) ya da ofise d\u00f6n\u00fc\u015f konusuna ne kadar \u00f6ncelik verildi\u011fini \u00f6\u011frenmen, bu konudaki soru i\u015faretlerini de ortadan kald\u0131racakt\u0131r. Mevcut belirsizlik ortam\u0131nda somut bir plandan bahsedilmeyebilir; ancak b\u00f6yle de olsa, en az\u0131ndan \u015firketin bu konuda aceleci ya da temkinli olup olmad\u0131\u011f\u0131n\u0131 \u00f6\u011frenmi\u015f olursun.<\/p>\n<h2><strong>Hangi sa\u011fl\u0131k ve g\u00fcvenlik \u00f6nlemlerini uyguluyorsunuz?<\/strong><\/h2>\n<p>Uzaktan \u00e7al\u0131\u015fmak yerine ofiste \u00e7al\u0131\u015fman bekleniyorsa, kesinlikle bu soruyu sormal\u0131s\u0131n. \u015eirketin yaln\u0131zca uygun g\u00fcvenlik \u00f6nlemlerini almakla kalmad\u0131\u011f\u0131n\u0131, ayn\u0131 zamanda bunlar\u0131 fiilen uygulad\u0131\u011f\u0131n\u0131 bilmen gerek. Bu soruyla ilgili cevab\u0131 dikkatlice dinle. G\u00fcvenlik \u00f6nlemlerini a\u00e7\u0131klarken, ger\u00e7ekten uygulanan \u00f6nlemler al\u0131nd\u0131\u011f\u0131ndan emin ol.<\/p>\n<p>Kaynak: <a href=\"https:\/\/www.forbes.com\/sites\/ashiraprossack1\/2020\/08\/25\/job-interview-questions-covid-pandemic\/#786e3f0a4d45\">Forbes<\/a><\/p>\n<!-- templates\/buttons-placeholder.php -->\n<div class=\"da-reactions-outer TpostID13974\">\n\t    <div class=\"da-reactions-data da-reactions-container-async center\"\n         data-type=\"post\"\n         data-id=\"13974\"\n         id=\"da-reactions-slot-post-13974\">\n        <div class=\"da-reactions-static\">\n\t\t\t<img src=\"https:\/\/www.kariyer.net\/kariyer-rehberi\/wp-content\/plugins\/da-reactions\/assets\/dist\/loading.svg\" alt=\"Loading spinner\" width=\"48\" height=\"48\" style=\"width:48px\" \/>\n        <\/div>\n    <\/div>\n<\/div>\n","protected":false},"excerpt":{"rendered":"<p>Bir i\u015f g\u00f6r\u00fc\u015fmesinde i\u015fverene sorman gereken sorular, birka\u00e7 ay \u00f6ncesine g\u00f6re art\u0131k biraz daha farkl\u0131. Pandemi s\u00fcreciyle birlikte gelen yeni sorular\u0131 senin i\u00e7in payla\u015ft\u0131k. \u0130\u00e7inde bulundu\u011fumuz pandemi, hayat\u0131m\u0131za yeni bir y\u00f6n verirken i\u015f g\u00f6r\u00fc\u015fmelerinde sorulan sorulara da kar\u015f\u0131l\u0131kl\u0131 olarak yenilerini ekledi. Evden \u00e7al\u0131\u015fma, yeniden tasarlanan i\u015f s\u00fcre\u00e7lerindeki son durum, \u00e7al\u0131\u015fan sa\u011fl\u0131\u011f\u0131 ve g\u00fcvenli\u011fi gibi konulardaki [&hellip;]<\/p>\n<!-- templates\/buttons-placeholder.php -->\n<div class=\"da-reactions-outer TpostID13974\">\n\t    <div class=\"da-reactions-data da-reactions-container-async center\"\n         data-type=\"post\"\n         data-id=\"13974\"\n         id=\"da-reactions-slot-post-13974\">\n        <div class=\"da-reactions-static\">\n\t\t\t<img src=\"https:\/\/www.kariyer.net\/kariyer-rehberi\/wp-content\/plugins\/da-reactions\/assets\/dist\/loading.svg\" alt=\"Loading spinner\" width=\"48\" height=\"48\" style=\"width:48px\" \/>\n        <\/div>\n    <\/div>\n<\/div>\n","protected":false},"author":29,"featured_media":13976,"comment_status":"open","ping_status":"open","sticky":false,"template":"","format":"standard","meta":{"footnotes":"","_elementor_edit_mode":"","_elementor_template_type":"","_elementor_data":"","_elementor_page_settings":null,"_elementor_conditions":[]},"categories":[43,42,44,45,2214],"tags":[1486,259,1207],"class_list":{"0":"post-13974","1":"post","2":"type-post","3":"status-publish","4":"format-standard","5":"has-post-thumbnail","7":"category-is-gorusmesine-hazirlik","8":"category-mulakat","9":"category-mulakat-sorulari","10":"category-mulakat-taktikleri","11":"category-yasam","12":"tag-corona","13":"tag-mulakat-sorulari","14":"tag-ozden-yilmaz"},"yoast_head":"<!-- This site is optimized with the Yoast SEO Premium plugin v21.4 (Yoast SEO v27.0) - https:\/\/yoast.com\/product\/yoast-seo-premium-wordpress\/ -->\n<title>Yeni normalde m\u00fclakatlarda sorman gereken 4 soru | Kariyer Rehberi<\/title>\n<meta name=\"description\" content=\"Bir i\u015f g\u00f6r\u00fc\u015fmesinde i\u015fverene sorman gereken sorular, birka\u00e7 ay \u00f6ncesine g\u00f6re art\u0131k biraz daha farkl\u0131. Pandemi s\u00fcreciyle birlikte gelen yeni sorular\u0131 senin\" \/>\n<meta name=\"robots\" content=\"index, follow, max-snippet:-1, max-image-preview:large, max-video-preview:-1\" \/>\n<link rel=\"canonical\" href=\"https:\/\/www.kariyer.net\/kariyer-rehberi\/yeni-normalde-mulakatlarda-sorman-gereken-4-soru\/\" \/>\n<meta property=\"og:locale\" content=\"tr_TR\" \/>\n<meta property=\"og:type\" content=\"article\" \/>\n<meta property=\"og:title\" content=\"Yeni normalde m\u00fclakatlarda sorman gereken 4 soru\" \/>\n<meta property=\"og:description\" content=\"Bir i\u015f g\u00f6r\u00fc\u015fmesinde i\u015fverene sorman gereken sorular, birka\u00e7 ay \u00f6ncesine g\u00f6re art\u0131k biraz daha farkl\u0131. Pandemi s\u00fcreciyle birlikte gelen yeni sorular\u0131 senin\" \/>\n<meta property=\"og:url\" content=\"https:\/\/www.kariyer.net\/kariyer-rehberi\/yeni-normalde-mulakatlarda-sorman-gereken-4-soru\/\" \/>\n<meta property=\"og:site_name\" content=\"Kariyer Rehberi\" \/>\n<meta property=\"article:published_time\" content=\"2020-09-17T11:00:05+00:00\" \/>\n<meta property=\"article:modified_time\" content=\"2024-08-08T18:09:31+00:00\" \/>\n<meta property=\"og:image\" content=\"https:\/\/www.kariyer.net\/kariyer-rehberi\/wp-content\/uploads\/2020\/09\/iStock-1185709276.jpg\" \/>\n\t<meta property=\"og:image:width\" content=\"900\" \/>\n\t<meta property=\"og:image:height\" content=\"600\" \/>\n\t<meta property=\"og:image:type\" content=\"image\/jpeg\" \/>\n<meta name=\"author\" content=\"\u00d6zden Y\u0131lmaz\" \/>\n<meta name=\"twitter:card\" content=\"summary_large_image\" \/>\n<meta name=\"twitter:label1\" content=\"Yazan:\" \/>\n\t<meta name=\"twitter:data1\" content=\"\u00d6zden Y\u0131lmaz\" \/>\n\t<meta name=\"twitter:label2\" content=\"Tahmini okuma s\u00fcresi\" \/>\n\t<meta name=\"twitter:data2\" content=\"2 dakika\" \/>\n<!-- \/ Yoast SEO Premium plugin. -->","yoast_head_json":{"title":"Yeni normalde m\u00fclakatlarda sorman gereken 4 soru | Kariyer Rehberi","description":"Bir i\u015f g\u00f6r\u00fc\u015fmesinde i\u015fverene sorman gereken sorular, birka\u00e7 ay \u00f6ncesine g\u00f6re art\u0131k biraz daha farkl\u0131. Pandemi s\u00fcreciyle birlikte gelen yeni sorular\u0131 senin","robots":{"index":"index","follow":"follow","max-snippet":"max-snippet:-1","max-image-preview":"max-image-preview:large","max-video-preview":"max-video-preview:-1"},"canonical":"https:\/\/www.kariyer.net\/kariyer-rehberi\/yeni-normalde-mulakatlarda-sorman-gereken-4-soru\/","og_locale":"tr_TR","og_type":"article","og_title":"Yeni normalde m\u00fclakatlarda sorman gereken 4 soru","og_description":"Bir i\u015f g\u00f6r\u00fc\u015fmesinde i\u015fverene sorman gereken sorular, birka\u00e7 ay \u00f6ncesine g\u00f6re art\u0131k biraz daha farkl\u0131. Pandemi s\u00fcreciyle birlikte gelen yeni sorular\u0131 senin","og_url":"https:\/\/www.kariyer.net\/kariyer-rehberi\/yeni-normalde-mulakatlarda-sorman-gereken-4-soru\/","og_site_name":"Kariyer Rehberi","article_published_time":"2020-09-17T11:00:05+00:00","article_modified_time":"2024-08-08T18:09:31+00:00","og_image":[{"width":900,"height":600,"url":"https:\/\/www.kariyer.net\/kariyer-rehberi\/wp-content\/uploads\/2020\/09\/iStock-1185709276.jpg","type":"image\/jpeg"}],"author":"\u00d6zden Y\u0131lmaz","twitter_card":"summary_large_image","twitter_misc":{"Yazan:":"\u00d6zden Y\u0131lmaz","Tahmini okuma s\u00fcresi":"2 dakika"},"schema":{"@context":"https:\/\/schema.org","@graph":[{"@type":"Article","@id":"https:\/\/www.kariyer.net\/kariyer-rehberi\/yeni-normalde-mulakatlarda-sorman-gereken-4-soru\/#article","isPartOf":{"@id":"https:\/\/www.kariyer.net\/kariyer-rehberi\/yeni-normalde-mulakatlarda-sorman-gereken-4-soru\/"},"author":{"name":"\u00d6zden Y\u0131lmaz","@id":"https:\/\/www.kariyer.net\/kariyer-rehberi\/#\/schema\/person\/71c4f71ffd069a4c47a69e85a0e09215"},"headline":"Yeni normalde m\u00fclakatlarda sorman gereken 4 soru","datePublished":"2020-09-17T11:00:05+00:00","dateModified":"2024-08-08T18:09:31+00:00","mainEntityOfPage":{"@id":"https:\/\/www.kariyer.net\/kariyer-rehberi\/yeni-normalde-mulakatlarda-sorman-gereken-4-soru\/"},"wordCount":490,"commentCount":0,"publisher":{"@id":"https:\/\/www.kariyer.net\/kariyer-rehberi\/#organization"},"image":{"@id":"https:\/\/www.kariyer.net\/kariyer-rehberi\/yeni-normalde-mulakatlarda-sorman-gereken-4-soru\/#primaryimage"},"thumbnailUrl":"https:\/\/www.kariyer.net\/kariyer-rehberi\/wp-content\/uploads\/2020\/09\/iStock-1185709276.jpg","keywords":["Corona","M\u00fclakat Sorular\u0131","\u00d6zden Y\u0131lmaz"],"articleSection":["\u0130\u015f G\u00f6r\u00fc\u015fmesine Haz\u0131rl\u0131k","M\u00fclakat","M\u00fclakat Sorular\u0131","M\u00fclakat Taktikleri","Ya\u015fam"],"inLanguage":"tr","potentialAction":[{"@type":"CommentAction","name":"Comment","target":["https:\/\/www.kariyer.net\/kariyer-rehberi\/yeni-normalde-mulakatlarda-sorman-gereken-4-soru\/#respond"]}]},{"@type":"WebPage","@id":"https:\/\/www.kariyer.net\/kariyer-rehberi\/yeni-normalde-mulakatlarda-sorman-gereken-4-soru\/","url":"https:\/\/www.kariyer.net\/kariyer-rehberi\/yeni-normalde-mulakatlarda-sorman-gereken-4-soru\/","name":"Yeni normalde m\u00fclakatlarda sorman gereken 4 soru | Kariyer Rehberi","isPartOf":{"@id":"https:\/\/www.kariyer.net\/kariyer-rehberi\/#website"},"primaryImageOfPage":{"@id":"https:\/\/www.kariyer.net\/kariyer-rehberi\/yeni-normalde-mulakatlarda-sorman-gereken-4-soru\/#primaryimage"},"image":{"@id":"https:\/\/www.kariyer.net\/kariyer-rehberi\/yeni-normalde-mulakatlarda-sorman-gereken-4-soru\/#primaryimage"},"thumbnailUrl":"https:\/\/www.kariyer.net\/kariyer-rehberi\/wp-content\/uploads\/2020\/09\/iStock-1185709276.jpg","datePublished":"2020-09-17T11:00:05+00:00","dateModified":"2024-08-08T18:09:31+00:00","description":"Bir i\u015f g\u00f6r\u00fc\u015fmesinde i\u015fverene sorman gereken sorular, birka\u00e7 ay \u00f6ncesine g\u00f6re art\u0131k biraz daha farkl\u0131. Pandemi s\u00fcreciyle birlikte gelen yeni sorular\u0131 senin","breadcrumb":{"@id":"https:\/\/www.kariyer.net\/kariyer-rehberi\/yeni-normalde-mulakatlarda-sorman-gereken-4-soru\/#breadcrumb"},"inLanguage":"tr","potentialAction":[{"@type":"ReadAction","target":["https:\/\/www.kariyer.net\/kariyer-rehberi\/yeni-normalde-mulakatlarda-sorman-gereken-4-soru\/"]}]},{"@type":"ImageObject","inLanguage":"tr","@id":"https:\/\/www.kariyer.net\/kariyer-rehberi\/yeni-normalde-mulakatlarda-sorman-gereken-4-soru\/#primaryimage","url":"https:\/\/www.kariyer.net\/kariyer-rehberi\/wp-content\/uploads\/2020\/09\/iStock-1185709276.jpg","contentUrl":"https:\/\/www.kariyer.net\/kariyer-rehberi\/wp-content\/uploads\/2020\/09\/iStock-1185709276.jpg","width":900,"height":600},{"@type":"BreadcrumbList","@id":"https:\/\/www.kariyer.net\/kariyer-rehberi\/yeni-normalde-mulakatlarda-sorman-gereken-4-soru\/#breadcrumb","itemListElement":[{"@type":"ListItem","position":1,"name":"Anasayfa","item":"https:\/\/www.kariyer.net\/kariyer-rehberi\/"},{"@type":"ListItem","position":2,"name":"Yeni normalde m\u00fclakatlarda sorman gereken 4 soru"}]},{"@type":"WebSite","@id":"https:\/\/www.kariyer.net\/kariyer-rehberi\/#website","url":"https:\/\/www.kariyer.net\/kariyer-rehberi\/","name":"Kariyer Rehberi","description":"\u0130\u015f D\u00fcnyas\u0131yla \u0130lgili Bilmek \u0130stedi\u011finiz Her \u015eey","publisher":{"@id":"https:\/\/www.kariyer.net\/kariyer-rehberi\/#organization"},"potentialAction":[{"@type":"SearchAction","target":{"@type":"EntryPoint","urlTemplate":"https:\/\/www.kariyer.net\/kariyer-rehberi\/?s={search_term_string}"},"query-input":{"@type":"PropertyValueSpecification","valueRequired":true,"valueName":"search_term_string"}}],"inLanguage":"tr"},{"@type":"Organization","@id":"https:\/\/www.kariyer.net\/kariyer-rehberi\/#organization","name":"Kariyer.net","url":"https:\/\/www.kariyer.net\/kariyer-rehberi\/","logo":{"@type":"ImageObject","inLanguage":"tr","@id":"https:\/\/www.kariyer.net\/kariyer-rehberi\/#\/schema\/logo\/image\/","url":"https:\/\/www.kariyer.net\/kariyer-rehberi-new\/wp-content\/uploads\/2023\/01\/og-image11.jpg","contentUrl":"https:\/\/www.kariyer.net\/kariyer-rehberi-new\/wp-content\/uploads\/2023\/01\/og-image11.jpg","width":800,"height":800,"caption":"Kariyer.net"},"image":{"@id":"https:\/\/www.kariyer.net\/kariyer-rehberi\/#\/schema\/logo\/image\/"}},{"@type":"Person","@id":"https:\/\/www.kariyer.net\/kariyer-rehberi\/#\/schema\/person\/71c4f71ffd069a4c47a69e85a0e09215","name":"\u00d6zden Y\u0131lmaz","image":{"@type":"ImageObject","inLanguage":"tr","@id":"https:\/\/www.kariyer.net\/kariyer-rehberi\/#\/schema\/person\/image\/","url":"https:\/\/secure.gravatar.com\/avatar\/776750a3e7166486a1e43527c51a8f7088279a624700d0e81666f27a714cbbc2?s=96&d=mm&r=g","contentUrl":"https:\/\/secure.gravatar.com\/avatar\/776750a3e7166486a1e43527c51a8f7088279a624700d0e81666f27a714cbbc2?s=96&d=mm&r=g","caption":"\u00d6zden Y\u0131lmaz"},"description":"Kocaeli \u00dcniversitesi \u0130leti\u015fim Fak\u00fcltesi mezunu olan \u00d6zden, Bilgi \u00dcniversitesi\u2019nde \u0130nteraktif Pazarlama alan\u0131nda y\u00fcksek lisans yapm\u0131\u015ft\u0131r. Lisans \u00f6\u011freniminin ilk y\u0131llar\u0131nda TRT Haber\u2019de asistan muhabirlik yaparak meslek hayat\u0131na ba\u015flam\u0131\u015ft\u0131r. Mezun olduktan sonra farkl\u0131 d\u00f6nemlerde TV8 Haber ve Cem TV\u2019de; yap\u0131mc\u0131, y\u00f6netmen ve edit\u00f6r olarak g\u00f6rev alm\u0131\u015ft\u0131r. Dijital d\u00fcnyadaki geli\u015fmelerle birlikte editoryal deneyimini online platformlara ta\u015f\u0131m\u0131\u015f, Markafoni\u2019de ve Mudo\u2019da i\u00e7erik edit\u00f6rl\u00fc\u011f\u00fc yapm\u0131\u015ft\u0131r. Kurumsal markalar i\u00e7in freelance SEO edit\u00f6rl\u00fc\u011f\u00fc de yapan \u00d6zden, 2018 y\u0131l\u0131 itibar\u0131yla kariyerine, Kariyer.net i\u00e7erik edit\u00f6r\u00fc olarak devam etmekte ve online\/offline i\u00e7erik \u00fcretmektedir.","url":"https:\/\/www.kariyer.net\/kariyer-rehberi\/author\/ozdenyilmaz\/"}]}},"_links":{"self":[{"href":"https:\/\/www.kariyer.net\/kariyer-rehberi\/wp-json\/wp\/v2\/posts\/13974","targetHints":{"allow":["GET"]}}],"collection":[{"href":"https:\/\/www.kariyer.net\/kariyer-rehberi\/wp-json\/wp\/v2\/posts"}],"about":[{"href":"https:\/\/www.kariyer.net\/kariyer-rehberi\/wp-json\/wp\/v2\/types\/post"}],"author":[{"embeddable":true,"href":"https:\/\/www.kariyer.net\/kariyer-rehberi\/wp-json\/wp\/v2\/users\/29"}],"replies":[{"embeddable":true,"href":"https:\/\/www.kariyer.net\/kariyer-rehberi\/wp-json\/wp\/v2\/comments?post=13974"}],"version-history":[{"count":1,"href":"https:\/\/www.kariyer.net\/kariyer-rehberi\/wp-json\/wp\/v2\/posts\/13974\/revisions"}],"predecessor-version":[{"id":20607,"href":"https:\/\/www.kariyer.net\/kariyer-rehberi\/wp-json\/wp\/v2\/posts\/13974\/revisions\/20607"}],"wp:featuredmedia":[{"embeddable":true,"href":"https:\/\/www.kariyer.net\/kariyer-rehberi\/wp-json\/wp\/v2\/media\/13976"}],"wp:attachment":[{"href":"https:\/\/www.kariyer.net\/kariyer-rehberi\/wp-json\/wp\/v2\/media?parent=13974"}],"wp:term":[{"taxonomy":"category","embeddable":true,"href":"https:\/\/www.kariyer.net\/kariyer-rehberi\/wp-json\/wp\/v2\/categories?post=13974"},{"taxonomy":"post_tag","embeddable":true,"href":"https:\/\/www.kariyer.net\/kariyer-rehberi\/wp-json\/wp\/v2\/tags?post=13974"}],"curies":[{"name":"wp","href":"https:\/\/api.w.org\/{rel}","templated":true}]}}