{"id":1399,"date":"2013-03-21T02:00:00","date_gmt":"2013-03-21T00:00:00","guid":{"rendered":"http:\/\/92.45.35.169\/isten-cikis-mulakati-deyip-gecmeyin\/"},"modified":"2017-08-21T18:01:49","modified_gmt":"2017-08-21T15:01:49","slug":"isten-cikis-mulakati-deyip-gecmeyin","status":"publish","type":"post","link":"https:\/\/www.kariyer.net\/kariyer-rehberi\/isten-cikis-mulakati-deyip-gecmeyin\/","title":{"rendered":"\u0130\u015ften \u00e7\u0131k\u0131\u015f m\u00fclakat\u0131 deyip ge\u00e7meyin"},"content":{"rendered":"<p><strong><img decoding=\"async\" style=\"margin: 10px; width: 200px; float: left; height: 300px;\" alt=\"\" src=\"http:\/\/img1.kariyer.net\/WebSite\/uploads\/KariyerRehberi\/pictures\/cikismulakati(1).jpg\" \/>G\u00fcn\u00fcm\u00fczde \u00f6nemi giderek artan i\u015ften \u00e7\u0131k\u0131\u015f m\u00fclakatlar\u0131n\u0131n \u00f6nemi \u015firketler taraf\u0131ndan anla\u015f\u0131lmaya ba\u015flad\u0131. \u00c7al\u0131\u015fan ba\u011fl\u0131l\u0131\u011f\u0131 ve yetenek y\u00f6netimi s\u00fcrecine yat\u0131r\u0131m i\u00e7in \u00f6nemli veriler kazand\u0131ran bu m\u00fclakatlar referans isteme s\u00fcrecinde adaylar i\u00e7in \u00f6nem kazan\u0131yor.<\/strong><\/p>\n<p>\u0130nsan kaynaklar\u0131ndan yetenek y\u00f6netimine ge\u00e7ti\u011fimiz bu d\u00f6nemde yeni kavramlar da g\u00fcndemimize oturdu. G\u00fcn\u00fcm\u00fczde kurumlar\u0131n en \u00f6nemli sorunlar\u0131 aras\u0131nda iyi olan\u0131 se\u00e7mek ve iyi \u00e7al\u0131\u015fan\u0131n kurumda kalmas\u0131n\u0131 sa\u011flamak yer al\u0131yor. \u00d6zellikle itibar y\u00f6netiminin \u00f6neminin gittik\u00e7e art\u0131yor ve i\u015fe almak kadar i\u015ften \u00e7\u0131karman\u0131n da prosed\u00fcr ve politikalarla desteklenmesi gerekti\u011fi ortaya \u00e7\u0131k\u0131yor. \u00c7al\u0131\u015fan\u0131n i\u015ften ayr\u0131lma tarihinden bir veya iki g\u00fcn \u00f6nce yap\u0131lan \u00e7\u0131k\u0131\u015f m\u00fclakatlar\u0131 bir\u00e7ok farkl\u0131 amaca hizmet ediyor. UK E\u011fitim ve Dan\u0131\u015fmanl\u0131k Genel M\u00fcd\u00fcr\u00fc Dr. Umut K\u00f6ksal, \u00e7\u0131k\u0131\u015f m\u00fclakatlar\u0131n bir\u00e7ok konuda ayd\u0131nlat\u0131c\u0131 oldu\u011funa dikkat \u00e7ekiyor ve bu m\u00fclakatlar\u0131n ama\u00e7lar\u0131n\u0131 \u015f\u00f6yle a\u00e7\u0131kl\u0131yor: \u201c\u00c7al\u0131\u015fan\u0131n kurumdan neden ayr\u0131lmak istedi\u011fini ayr\u0131nt\u0131lar\u0131yla anlamak, elde edilecek verilerle sorunlar\u0131 irdelemek ve \u00e7\u00f6z\u00fcme kavu\u015fturmak, \u00e7al\u0131\u015fanlar\u0131n i\u015fe ba\u011fl\u0131l\u0131\u011f\u0131n\u0131 art\u0131rmak i\u00e7in geli\u015ftirilebilecek stratejiler i\u00e7in zemin olu\u015fturmak ve turn over\u2019\u0131 azaltmak.\u201d<\/p>\n<p><strong>T\u00fcm pozisyonlara uygulanmal\u0131 <\/strong><\/p>\n<p>Pozisyondan ziyade \u00e7\u0131k\u0131\u015f m\u00fclakatlar\u0131n\u0131n etkin \u015fekilde kurum i\u00e7erisinde planlanarak ger\u00e7ekle\u015ftirilmesi halinde t\u00fcm pozisyonlara ili\u015fkin geri bildirim elde edilebilece\u011fini savunan K\u00f6ksal, burada kritik olan noktan\u0131n, do\u011fru \u015fekilde, sistematik olarak tasarlanmas\u0131 ve uygulamaya al\u0131nmas\u0131 oldu\u011funu vurguluyor. K\u00f6ksal, genellikle y\u00f6netici kaynakl\u0131 memnuniyetsizlikler, \u00e7al\u0131\u015fma arkada\u015flar\u0131 ile ileti\u015fim ve ili\u015fkilerde ya\u015fanan problemlerle, maa\u015f ve di\u011fer sosyal ko\u015fullar\u0131n i\u015ften ayr\u0131lmaya neden oldu\u011funu aktar\u0131yor.<\/p>\n<p><strong>En az 30 dakika s\u00fcrmeli<\/strong><\/p>\n<p>\u00c7\u0131k\u0131\u015f m\u00fclakat\u0131n\u0131n mutlaka yap\u0131land\u0131r\u0131lm\u0131\u015f bir g\u00f6r\u00fc\u015fme \u015feklinde yani \u00e7\u0131k\u0131\u015f anketi kullan\u0131larak ger\u00e7ekle\u015ftirilmesi gerekti\u011fini aktaran K\u00f6ksal, bu ankette, i\u015ften \u00e7\u0131k\u0131\u015f s\u00fcreciyle ilgili aday\u0131n, \u00e7al\u0131\u015fan\u0131n dolduraca\u011f\u0131 demografik, a\u00e7\u0131k ya da kapal\u0131 u\u00e7lu, se\u00e7meli sorular\u0131n yer almas\u0131 gerekti\u011fini belirtiyor. K\u00f6ksal ayr\u0131ca g\u00f6zlemlerine dayanarak \u015fu \u00e7\u0131kar\u0131mlarda bulunuyor:\u00a0 \u201cT\u00fcrkiye\u2019de uygulamalarda farkl\u0131 uygulamalar s\u00f6z konusu, baz\u0131 firmalar 1-2 soruyla ge\u00e7i\u015ftirirken baz\u0131 firmalar ile daha detayl\u0131 bir form ya da soru listesi ile bu g\u00f6r\u00fc\u015fmeleri yapma e\u011filimi ta\u015f\u0131yan firma say\u0131s\u0131 art\u0131yor. \u0130deali ise, asl\u0131nda bence her g\u00f6r\u00fc\u015fme de oldu\u011fu gibi maksimum 30 &#8211; 35 dakikay\u0131 ge\u00e7memesi, ancak bu s\u00fcrenin etkin \u015feklinde kullan\u0131lmas\u0131n\u0131n sa\u011flanmas\u0131d\u0131r.\u201d<\/p>\n<p><strong>Sakin olup, \u00f6rneklerle a\u00e7\u0131klay\u0131n<\/strong><\/p>\n<p>\u00c7al\u0131\u015fanlar\u0131n i\u015fe al\u0131m s\u00fcrecindeki m\u00fclakatlara haz\u0131rland\u0131\u011f\u0131 gibi bu g\u00f6r\u00fc\u015fmeye de haz\u0131rlanmas\u0131 \u00f6nemli. G\u00f6r\u00fc\u015fmesi s\u0131ras\u0131nda i\u015ften neden ayr\u0131ld\u0131\u011f\u0131n\u0131 net bir \u015fekilde, \u00e7ok uzun olmayan \u00f6rnekler vererek anlatmas\u0131 ve sorular\u0131 i\u00e7tenlikle yan\u0131tlamas\u0131 ayr\u0131l\u0131rken bile ili\u015fkilerin sa\u011fl\u0131kl\u0131 kalmas\u0131na neden oluyor. \u0130\u015f d\u00fcnyas\u0131 u\u00e7suz gibi g\u00f6r\u00fcnse de ilerde ayn\u0131 ki\u015filerle \u00e7al\u0131\u015f\u0131lmayaca\u011f\u0131n\u0131n veya kar\u015f\u0131la\u015f\u0131lmayaca\u011f\u0131n\u0131n garantisi yok. \u00c7al\u0131\u015fan i\u015ften negatif bir \u015fekilde de ayr\u0131l\u0131yor olsa da i\u015ften \u00e7\u0131k\u0131\u015f g\u00f6r\u00fc\u015fmesinde sakinli\u011fini koruyarak kendisini dinleyen y\u00f6neticisine durumu ve sorun olarak g\u00f6rd\u00fcklerini a\u00e7\u0131k bir \u015fekilde \u00f6zetleyebilmeli. Ge\u00e7mi\u015f durumlara tak\u0131l\u0131p, h\u0131r\u00e7\u0131n bir tav\u0131r izlemek, referans alma noktas\u0131nda \u00e7al\u0131\u015fan\u0131n \u00f6n\u00fcne b\u00fcy\u00fck bir sorun olarak \u00e7\u0131kabiliyor.<\/p>\n<p><strong>Referans isteme s\u00fcrecinde k\u0131ymeti anla\u015f\u0131l\u0131yor<\/strong><\/p>\n<p>\u201c\u00c7\u0131k\u0131\u015f m\u00fclakat\u0131, ayn\u0131 zamanda ayr\u0131lan \u00e7al\u0131\u015fan i\u00e7in de kritiktir ve dikkatli \u015fekilde \u00e7al\u0131\u015fan taraf\u0131ndan de\u011ferlendirilmesi gereken bir s\u00fcre\u00e7tir\u201d diyen K\u00f6ksal, \u00e7\u0131k\u0131\u015f m\u00fclakat\u0131n\u0131n \u00e7al\u0131\u015fan a\u00e7\u0131s\u0131ndan en \u00f6nemli yarar\u0131n\u0131n referans a\u015famas\u0131nda ortaya \u00e7\u0131kt\u0131\u011f\u0131n\u0131 aktar\u0131yor. Ayr\u0131ca K\u00f6ksal, \u201c\u00d6nceki i\u015fverenden her zaman referans istemek durumunda kalabilen \u00e7al\u0131\u015fan, \u00e7\u0131k\u0131\u015f m\u00fclakat\u0131nda \u00e7al\u0131\u015ft\u0131\u011f\u0131 yerdeki performans\u0131 ve y\u00f6neticisinin hakk\u0131nda neler d\u00fc\u015f\u00fcnd\u00fc\u011f\u00fc ile ilgili bilgilere ula\u015fabilir ve o i\u015fyerinden referans istemenin kendisi i\u00e7in ne kadar yararl\u0131 oldu\u011funa karar verebilir\u201d diyor.<\/p>\n<p><strong>\u00c7\u0131k\u0131\u015f m\u00fclakatlar\u0131 yayg\u0131nla\u015f\u0131yor <\/strong><\/p>\n<p><strong>PERY\u00d6N\u2019\u00fcn son yapt\u0131\u011f\u0131 anket \u00e7al\u0131\u015fmas\u0131ndan \u00e7\u0131kan sonu\u00e7lar da i\u015ften \u00e7\u0131k\u0131\u015f g\u00f6r\u00fc\u015fmesi yapan \u015firket say\u0131s\u0131n\u0131n y\u00fcksek oranda oldu\u011funu do\u011fruluyor. <\/strong><\/p>\n<p>\u0130\u015ften ayr\u0131lan \u00e7al\u0131\u015fanlarla ilgili hem \u00e7\u0131k\u0131\u015f g\u00f6r\u00fc\u015fmesi hem de anket uygulamas\u0131 ger\u00e7ekle\u015ftiren i\u015fletmelerin y\u00fczde 31oran\u0131nda oldu\u011fu g\u00f6r\u00fcl\u00fcyor. Sadece \u00e7\u0131k\u0131\u015f g\u00f6r\u00fc\u015fmesini \u00e7al\u0131\u015fanlar\u0131yla ger\u00e7ekle\u015ftirenlerin oran\u0131n\u0131n y\u00fczde 37 oldu\u011fu, yaln\u0131zca anket uygulamas\u0131n\u0131 ger\u00e7ekle\u015ftirenlerin ise y\u00fczde 10 oran\u0131nda oldu\u011fu anla\u015f\u0131lm\u0131\u015ft\u0131r.<\/p>\n<p><strong>\u0130\u015ften ayr\u0131lan \u00e7al\u0131\u015fanlarla ilgili de\u011ferlendirme, \u00e7\u0131k\u0131\u015f g\u00f6r\u00fc\u015fmesi ya da anket uygulaman\u0131z var m\u0131? <\/strong><br \/>\n<img decoding=\"async\" style=\"margin: 10px; width: 651px; float: left; height: 200px;\" alt=\"\" src=\"http:\/\/img1.kariyer.net\/WebSite\/uploads\/KariyerRehberi\/pictures\/grafikic(2).jpg\" \/><\/p>\n<p>&nbsp;<\/p>\n<p>&nbsp;<\/p>\n<p>&nbsp;<\/p>\n<p>&nbsp;<\/p>\n<p>&nbsp;<\/p>\n<p>&nbsp;<\/p>\n<p>&nbsp;<\/p>\n<p><strong>\u00c7\u0131k\u0131\u015f m\u00fclakatlar\u0131n\u0131n yararlar\u0131 neler?<\/strong><\/p>\n<ul>\n<li>\u015eirket i\u00e7inde iyile\u015ftirmeler yap\u0131lmas\u0131na olanak sa\u011fl\u0131yor.<\/li>\n<li>\u00c7al\u0131\u015fan sirk\u00fclasyonlar\u0131n\u0131n nedenlerini ortaya \u00e7\u0131kmas\u0131n\u0131 sa\u011fl\u0131yor.<\/li>\n<li>\u00c7al\u0131\u015fma ko\u015fullar\u0131 iyile\u015ftirilebiliyor<\/li>\n<li>E\u011fitim ve geli\u015fim ihtiyac\u0131n\u0131 ortaya koyuyor<\/li>\n<li>\u015eirketteki sorunlar daha net g\u00f6r\u00fcn\u00fcyor<\/li>\n<li>Bir\u00e7ok konuda ayr\u0131lacak \u00e7al\u0131\u015fandan bilgi toplan\u0131yor<\/li>\n<\/ul>\n<!-- templates\/buttons-placeholder.php -->\n<div class=\"da-reactions-outer TpostID1399\">\n\t    <div class=\"da-reactions-data da-reactions-container-async center\"\n         data-type=\"post\"\n         data-id=\"1399\"\n         id=\"da-reactions-slot-post-1399\">\n        <div class=\"da-reactions-static\">\n\t\t\t<img src=\"https:\/\/www.kariyer.net\/kariyer-rehberi\/wp-content\/plugins\/da-reactions\/assets\/dist\/loading.svg\" alt=\"Loading spinner\" width=\"48\" height=\"48\" style=\"width:48px\" \/>\n        <\/div>\n    <\/div>\n<\/div>\n","protected":false},"excerpt":{"rendered":"<p>G\u00fcn\u00fcm\u00fczde \u00f6nemi giderek artan i\u015ften \u00e7\u0131k\u0131\u015f m\u00fclakatlar\u0131n\u0131n \u00f6nemi \u015firketler taraf\u0131ndan anla\u015f\u0131lmaya ba\u015flad\u0131. \u00c7al\u0131\u015fan ba\u011fl\u0131l\u0131\u011f\u0131 ve yetenek y\u00f6netimi s\u00fcrecine yat\u0131r\u0131m i\u00e7in \u00f6nemli veriler kazand\u0131ran bu m\u00fclakatlar referans isteme s\u00fcrecinde adaylar i\u00e7in \u00f6nem kazan\u0131yor. \u0130nsan kaynaklar\u0131ndan yetenek y\u00f6netimine ge\u00e7ti\u011fimiz bu d\u00f6nemde yeni kavramlar da g\u00fcndemimize oturdu. G\u00fcn\u00fcm\u00fczde kurumlar\u0131n en \u00f6nemli sorunlar\u0131 aras\u0131nda iyi olan\u0131 se\u00e7mek ve iyi [&hellip;]<\/p>\n<!-- templates\/buttons-placeholder.php -->\n<div class=\"da-reactions-outer TpostID1399\">\n\t    <div class=\"da-reactions-data da-reactions-container-async center\"\n         data-type=\"post\"\n         data-id=\"1399\"\n         id=\"da-reactions-slot-post-1399\">\n        <div class=\"da-reactions-static\">\n\t\t\t<img src=\"https:\/\/www.kariyer.net\/kariyer-rehberi\/wp-content\/plugins\/da-reactions\/assets\/dist\/loading.svg\" alt=\"Loading spinner\" width=\"48\" height=\"48\" style=\"width:48px\" \/>\n        <\/div>\n    <\/div>\n<\/div>\n","protected":false},"author":5,"featured_media":4337,"comment_status":"open","ping_status":"open","sticky":false,"template":"","format":"standard","meta":{"footnotes":"","_elementor_edit_mode":"","_elementor_template_type":"","_elementor_data":"","_elementor_page_settings":null,"_elementor_conditions":[]},"categories":[38,41],"tags":[],"class_list":{"0":"post-1399","1":"post","2":"type-post","3":"status-publish","4":"format-standard","5":"has-post-thumbnail","7":"category-is-arama","8":"category-issizlik-donemi"},"yoast_head":"<!-- This site is optimized with the Yoast SEO Premium plugin v21.4 (Yoast SEO v27.0) - https:\/\/yoast.com\/product\/yoast-seo-premium-wordpress\/ -->\n<title>\u0130\u015ften \u00e7\u0131k\u0131\u015f m\u00fclakat\u0131 deyip ge\u00e7meyin | Kariyer Rehberi<\/title>\n<meta name=\"description\" content=\"G\u00fcn\u00fcm\u00fczde \u00f6nemi giderek artan i\u015ften \u00e7\u0131k\u0131\u015f m\u00fclakatlar\u0131n\u0131n \u00f6nemi \u015firketler taraf\u0131ndan anla\u015f\u0131lmaya ba\u015flad\u0131. \u00c7al\u0131\u015fan ba\u011fl\u0131l\u0131\u011f\u0131 ve yetenek y\u00f6netimi s\u00fcrecine\" \/>\n<meta name=\"robots\" content=\"index, follow, max-snippet:-1, max-image-preview:large, max-video-preview:-1\" \/>\n<link rel=\"canonical\" href=\"https:\/\/www.kariyer.net\/kariyer-rehberi\/isten-cikis-mulakati-deyip-gecmeyin\/\" \/>\n<meta property=\"og:locale\" content=\"tr_TR\" \/>\n<meta property=\"og:type\" content=\"article\" \/>\n<meta property=\"og:title\" content=\"\u0130\u015ften \u00e7\u0131k\u0131\u015f m\u00fclakat\u0131 deyip ge\u00e7meyin\" \/>\n<meta property=\"og:description\" content=\"G\u00fcn\u00fcm\u00fczde \u00f6nemi giderek artan i\u015ften \u00e7\u0131k\u0131\u015f m\u00fclakatlar\u0131n\u0131n \u00f6nemi \u015firketler taraf\u0131ndan anla\u015f\u0131lmaya ba\u015flad\u0131. \u00c7al\u0131\u015fan ba\u011fl\u0131l\u0131\u011f\u0131 ve yetenek y\u00f6netimi s\u00fcrecine\" \/>\n<meta property=\"og:url\" content=\"https:\/\/www.kariyer.net\/kariyer-rehberi\/isten-cikis-mulakati-deyip-gecmeyin\/\" \/>\n<meta property=\"og:site_name\" content=\"Kariyer Rehberi\" \/>\n<meta property=\"article:published_time\" content=\"2013-03-21T00:00:00+00:00\" \/>\n<meta property=\"article:modified_time\" content=\"2017-08-21T15:01:49+00:00\" \/>\n<meta property=\"og:image\" content=\"https:\/\/www.kariyer.net\/kariyer-rehberi\/wp-content\/uploads\/2013\/03\/pub.jpg\" \/>\n\t<meta property=\"og:image:width\" content=\"290\" \/>\n\t<meta property=\"og:image:height\" content=\"150\" \/>\n\t<meta property=\"og:image:type\" content=\"image\/jpeg\" \/>\n<meta name=\"author\" content=\"P\u0131nar Nogay\" \/>\n<meta name=\"twitter:card\" content=\"summary_large_image\" \/>\n<meta name=\"twitter:label1\" content=\"Yazan:\" \/>\n\t<meta name=\"twitter:data1\" content=\"P\u0131nar Nogay\" \/>\n\t<meta name=\"twitter:label2\" content=\"Tahmini okuma s\u00fcresi\" \/>\n\t<meta name=\"twitter:data2\" content=\"5 dakika\" \/>\n<!-- \/ Yoast SEO Premium plugin. -->","yoast_head_json":{"title":"\u0130\u015ften \u00e7\u0131k\u0131\u015f m\u00fclakat\u0131 deyip ge\u00e7meyin | Kariyer Rehberi","description":"G\u00fcn\u00fcm\u00fczde \u00f6nemi giderek artan i\u015ften \u00e7\u0131k\u0131\u015f m\u00fclakatlar\u0131n\u0131n \u00f6nemi \u015firketler taraf\u0131ndan anla\u015f\u0131lmaya ba\u015flad\u0131. \u00c7al\u0131\u015fan ba\u011fl\u0131l\u0131\u011f\u0131 ve yetenek y\u00f6netimi s\u00fcrecine","robots":{"index":"index","follow":"follow","max-snippet":"max-snippet:-1","max-image-preview":"max-image-preview:large","max-video-preview":"max-video-preview:-1"},"canonical":"https:\/\/www.kariyer.net\/kariyer-rehberi\/isten-cikis-mulakati-deyip-gecmeyin\/","og_locale":"tr_TR","og_type":"article","og_title":"\u0130\u015ften \u00e7\u0131k\u0131\u015f m\u00fclakat\u0131 deyip ge\u00e7meyin","og_description":"G\u00fcn\u00fcm\u00fczde \u00f6nemi giderek artan i\u015ften \u00e7\u0131k\u0131\u015f m\u00fclakatlar\u0131n\u0131n \u00f6nemi \u015firketler taraf\u0131ndan anla\u015f\u0131lmaya ba\u015flad\u0131. \u00c7al\u0131\u015fan ba\u011fl\u0131l\u0131\u011f\u0131 ve yetenek y\u00f6netimi s\u00fcrecine","og_url":"https:\/\/www.kariyer.net\/kariyer-rehberi\/isten-cikis-mulakati-deyip-gecmeyin\/","og_site_name":"Kariyer Rehberi","article_published_time":"2013-03-21T00:00:00+00:00","article_modified_time":"2017-08-21T15:01:49+00:00","og_image":[{"width":290,"height":150,"url":"https:\/\/www.kariyer.net\/kariyer-rehberi\/wp-content\/uploads\/2013\/03\/pub.jpg","type":"image\/jpeg"}],"author":"P\u0131nar Nogay","twitter_card":"summary_large_image","twitter_misc":{"Yazan:":"P\u0131nar Nogay","Tahmini okuma s\u00fcresi":"5 dakika"},"schema":{"@context":"https:\/\/schema.org","@graph":[{"@type":"Article","@id":"https:\/\/www.kariyer.net\/kariyer-rehberi\/isten-cikis-mulakati-deyip-gecmeyin\/#article","isPartOf":{"@id":"https:\/\/www.kariyer.net\/kariyer-rehberi\/isten-cikis-mulakati-deyip-gecmeyin\/"},"author":{"name":"P\u0131nar Nogay","@id":"https:\/\/www.kariyer.net\/kariyer-rehberi\/#\/schema\/person\/ea0977057f6b311990c570cc6d4c25d0"},"headline":"\u0130\u015ften \u00e7\u0131k\u0131\u015f m\u00fclakat\u0131 deyip ge\u00e7meyin","datePublished":"2013-03-21T00:00:00+00:00","dateModified":"2017-08-21T15:01:49+00:00","mainEntityOfPage":{"@id":"https:\/\/www.kariyer.net\/kariyer-rehberi\/isten-cikis-mulakati-deyip-gecmeyin\/"},"wordCount":962,"commentCount":0,"publisher":{"@id":"https:\/\/www.kariyer.net\/kariyer-rehberi\/#organization"},"image":{"@id":"https:\/\/www.kariyer.net\/kariyer-rehberi\/isten-cikis-mulakati-deyip-gecmeyin\/#primaryimage"},"thumbnailUrl":"https:\/\/www.kariyer.net\/kariyer-rehberi\/wp-content\/uploads\/2013\/03\/pub.jpg","articleSection":["\u0130\u015f Arama","\u0130\u015fsizlik D\u00f6nemi"],"inLanguage":"tr","potentialAction":[{"@type":"CommentAction","name":"Comment","target":["https:\/\/www.kariyer.net\/kariyer-rehberi\/isten-cikis-mulakati-deyip-gecmeyin\/#respond"]}]},{"@type":"WebPage","@id":"https:\/\/www.kariyer.net\/kariyer-rehberi\/isten-cikis-mulakati-deyip-gecmeyin\/","url":"https:\/\/www.kariyer.net\/kariyer-rehberi\/isten-cikis-mulakati-deyip-gecmeyin\/","name":"\u0130\u015ften \u00e7\u0131k\u0131\u015f m\u00fclakat\u0131 deyip ge\u00e7meyin | Kariyer Rehberi","isPartOf":{"@id":"https:\/\/www.kariyer.net\/kariyer-rehberi\/#website"},"primaryImageOfPage":{"@id":"https:\/\/www.kariyer.net\/kariyer-rehberi\/isten-cikis-mulakati-deyip-gecmeyin\/#primaryimage"},"image":{"@id":"https:\/\/www.kariyer.net\/kariyer-rehberi\/isten-cikis-mulakati-deyip-gecmeyin\/#primaryimage"},"thumbnailUrl":"https:\/\/www.kariyer.net\/kariyer-rehberi\/wp-content\/uploads\/2013\/03\/pub.jpg","datePublished":"2013-03-21T00:00:00+00:00","dateModified":"2017-08-21T15:01:49+00:00","description":"G\u00fcn\u00fcm\u00fczde \u00f6nemi giderek artan i\u015ften \u00e7\u0131k\u0131\u015f m\u00fclakatlar\u0131n\u0131n \u00f6nemi \u015firketler taraf\u0131ndan anla\u015f\u0131lmaya ba\u015flad\u0131. \u00c7al\u0131\u015fan ba\u011fl\u0131l\u0131\u011f\u0131 ve yetenek y\u00f6netimi s\u00fcrecine","breadcrumb":{"@id":"https:\/\/www.kariyer.net\/kariyer-rehberi\/isten-cikis-mulakati-deyip-gecmeyin\/#breadcrumb"},"inLanguage":"tr","potentialAction":[{"@type":"ReadAction","target":["https:\/\/www.kariyer.net\/kariyer-rehberi\/isten-cikis-mulakati-deyip-gecmeyin\/"]}]},{"@type":"ImageObject","inLanguage":"tr","@id":"https:\/\/www.kariyer.net\/kariyer-rehberi\/isten-cikis-mulakati-deyip-gecmeyin\/#primaryimage","url":"https:\/\/www.kariyer.net\/kariyer-rehberi\/wp-content\/uploads\/2013\/03\/pub.jpg","contentUrl":"https:\/\/www.kariyer.net\/kariyer-rehberi\/wp-content\/uploads\/2013\/03\/pub.jpg","width":290,"height":150},{"@type":"BreadcrumbList","@id":"https:\/\/www.kariyer.net\/kariyer-rehberi\/isten-cikis-mulakati-deyip-gecmeyin\/#breadcrumb","itemListElement":[{"@type":"ListItem","position":1,"name":"Anasayfa","item":"https:\/\/www.kariyer.net\/kariyer-rehberi\/"},{"@type":"ListItem","position":2,"name":"\u0130\u015ften \u00e7\u0131k\u0131\u015f m\u00fclakat\u0131 deyip ge\u00e7meyin"}]},{"@type":"WebSite","@id":"https:\/\/www.kariyer.net\/kariyer-rehberi\/#website","url":"https:\/\/www.kariyer.net\/kariyer-rehberi\/","name":"Kariyer Rehberi","description":"\u0130\u015f D\u00fcnyas\u0131yla \u0130lgili Bilmek \u0130stedi\u011finiz Her \u015eey","publisher":{"@id":"https:\/\/www.kariyer.net\/kariyer-rehberi\/#organization"},"potentialAction":[{"@type":"SearchAction","target":{"@type":"EntryPoint","urlTemplate":"https:\/\/www.kariyer.net\/kariyer-rehberi\/?s={search_term_string}"},"query-input":{"@type":"PropertyValueSpecification","valueRequired":true,"valueName":"search_term_string"}}],"inLanguage":"tr"},{"@type":"Organization","@id":"https:\/\/www.kariyer.net\/kariyer-rehberi\/#organization","name":"Kariyer.net","url":"https:\/\/www.kariyer.net\/kariyer-rehberi\/","logo":{"@type":"ImageObject","inLanguage":"tr","@id":"https:\/\/www.kariyer.net\/kariyer-rehberi\/#\/schema\/logo\/image\/","url":"https:\/\/www.kariyer.net\/kariyer-rehberi-new\/wp-content\/uploads\/2023\/01\/og-image11.jpg","contentUrl":"https:\/\/www.kariyer.net\/kariyer-rehberi-new\/wp-content\/uploads\/2023\/01\/og-image11.jpg","width":800,"height":800,"caption":"Kariyer.net"},"image":{"@id":"https:\/\/www.kariyer.net\/kariyer-rehberi\/#\/schema\/logo\/image\/"}},{"@type":"Person","@id":"https:\/\/www.kariyer.net\/kariyer-rehberi\/#\/schema\/person\/ea0977057f6b311990c570cc6d4c25d0","name":"P\u0131nar Nogay","image":{"@type":"ImageObject","inLanguage":"tr","@id":"https:\/\/www.kariyer.net\/kariyer-rehberi\/#\/schema\/person\/image\/","url":"https:\/\/secure.gravatar.com\/avatar\/330a216cbd1ec8a38c34e372b2be4a261e51e0805bd9186606e000f5efd0f0cf?s=96&d=mm&r=g","contentUrl":"https:\/\/secure.gravatar.com\/avatar\/330a216cbd1ec8a38c34e372b2be4a261e51e0805bd9186606e000f5efd0f0cf?s=96&d=mm&r=g","caption":"P\u0131nar Nogay"},"description":"Gazeteci olmak i\u00e7in yola \u00e7\u0131karak Eski\u015fehir Anadolu \u00dcniversitesi \u0130leti\u015fim Fak\u00fcltesi\u2019nde Bas\u0131n Yay\u0131n e\u011fitimi ald\u0131. Sekt\u00f6rel yay\u0131nlarda tecr\u00fcbe kazanan, 2007 y\u0131l\u0131nda Kariyer\u2019de Edit\u00f6r olarak \u00e7al\u0131\u015fmaya ba\u015flayan Nogay, 2011\u2019den bu yana Genel Yay\u0131n Y\u00f6netmeni olarak g\u00f6rev yap\u0131yor.","sameAs":["http:\/\/www.kariyer.net\/kariyer-rehberi\/pinar-nogay\/"],"url":"https:\/\/www.kariyer.net\/kariyer-rehberi\/author\/pinar-nogay\/"}]}},"_links":{"self":[{"href":"https:\/\/www.kariyer.net\/kariyer-rehberi\/wp-json\/wp\/v2\/posts\/1399","targetHints":{"allow":["GET"]}}],"collection":[{"href":"https:\/\/www.kariyer.net\/kariyer-rehberi\/wp-json\/wp\/v2\/posts"}],"about":[{"href":"https:\/\/www.kariyer.net\/kariyer-rehberi\/wp-json\/wp\/v2\/types\/post"}],"author":[{"embeddable":true,"href":"https:\/\/www.kariyer.net\/kariyer-rehberi\/wp-json\/wp\/v2\/users\/5"}],"replies":[{"embeddable":true,"href":"https:\/\/www.kariyer.net\/kariyer-rehberi\/wp-json\/wp\/v2\/comments?post=1399"}],"version-history":[{"count":0,"href":"https:\/\/www.kariyer.net\/kariyer-rehberi\/wp-json\/wp\/v2\/posts\/1399\/revisions"}],"wp:featuredmedia":[{"embeddable":true,"href":"https:\/\/www.kariyer.net\/kariyer-rehberi\/wp-json\/wp\/v2\/media\/4337"}],"wp:attachment":[{"href":"https:\/\/www.kariyer.net\/kariyer-rehberi\/wp-json\/wp\/v2\/media?parent=1399"}],"wp:term":[{"taxonomy":"category","embeddable":true,"href":"https:\/\/www.kariyer.net\/kariyer-rehberi\/wp-json\/wp\/v2\/categories?post=1399"},{"taxonomy":"post_tag","embeddable":true,"href":"https:\/\/www.kariyer.net\/kariyer-rehberi\/wp-json\/wp\/v2\/tags?post=1399"}],"curies":[{"name":"wp","href":"https:\/\/api.w.org\/{rel}","templated":true}]}}