{"id":1410,"date":"2013-11-29T02:00:00","date_gmt":"2013-11-29T00:00:00","guid":{"rendered":"http:\/\/92.45.35.169\/hizli-tuketim-sektorunde-kariyer-hedefleyenler-dikkat\/"},"modified":"2017-08-28T16:48:20","modified_gmt":"2017-08-28T13:48:20","slug":"hizli-tuketim-sektorunde-kariyer-hedefleyenler-dikkat","status":"publish","type":"post","link":"https:\/\/www.kariyer.net\/kariyer-rehberi\/hizli-tuketim-sektorunde-kariyer-hedefleyenler-dikkat\/","title":{"rendered":"H\u0131zl\u0131 t\u00fcketim sekt\u00f6r\u00fcnde kariyer hedefleyenler dikkat!"},"content":{"rendered":"<p><a href=\"http:\/\/www.kariyer.net\/kariyer-rehberi\/wp-content\/uploads\/2013\/11\/it\u00fc1.jpg\"><img decoding=\"async\" class=\"size-medium wp-image-3719 alignleft\" style=\"margin: 5px;\" alt=\"it\u00fc1\" src=\"http:\/\/www.kariyer.net\/kariyer-rehberi\/wp-content\/uploads\/2013\/11\/it\u00fc1-300x150.jpg\" width=\"300\" height=\"150\" srcset=\"https:\/\/www.kariyer.net\/kariyer-rehberi\/wp-content\/uploads\/2013\/11\/it\u00fc1-300x150.jpg 300w, https:\/\/www.kariyer.net\/kariyer-rehberi\/wp-content\/uploads\/2013\/11\/it\u00fc1.jpg 600w\" sizes=\"(max-width: 300px) 100vw, 300px\" \/><\/a><strong>T\u00fcrkiye&#8217;nin en aktif i\u015f ve kariyer kul\u00fcplerinden \u0130T\u00dc End\u00fcstri M\u00fchendisli\u011fi Kul\u00fcb\u00fc markala\u015fan organizasyonu Sekt\u00f6r G\u00fcnleri&#8217;nde bu kez de H\u0131zl\u0131 T\u00fcketim Sekt\u00f6r\u00fc&#8217;n\u00fc ele al\u0131nd\u0131.<\/strong><\/p>\n<p>\u0130T\u00dc End\u00fcstri M\u00fchendisli\u011fi Kul\u00fcb\u00fc\u2019n\u00fcn ger\u00e7ekle\u015ftirdi\u011fi Sekt\u00f6r G\u00fcnleri \u00fcniversite \u00f6\u011frencilerini ileride \u00e7al\u0131\u015fabilecekleri sekt\u00f6rler, firmalar ve departmanlar hakk\u0131nda karar vermelerini sa\u011fl\u0131yor. Firma y\u00f6neticilerini ve \u00f6\u011frencileri bir araya getirmesiyle T\u00fcrkiye\u2019nin en b\u00fcy\u00fck \u00f6\u011frenci-y\u00f6netici bulu\u015fmas\u0131 konumunda bulunuyor.<br \/>\n\u0130nternet \u00fczerinden kay\u0131t al\u0131nan organizasyonda fuaye alan\u0131ndaki \u015firket standlar\u0131ndan kat\u0131l\u0131mc\u0131lar i\u015f ve staj ba\u015fvurusunda bulunup, \u015firket yetkilileri ile birebir g\u00f6r\u00fc\u015fme f\u0131rsat\u0131n\u0131 yakalad\u0131lar.<br \/>\n4 Aral\u0131k \u00c7ar\u015famba g\u00fcn\u00fc, saat 09.30\u2019da ba\u015flayan 19. \u0130T\u00dc Sekt\u00f6r G\u00fcnleri \u201cH\u0131zl\u0131 T\u00fcketim Sekt\u00f6r\u00fc&#8221;ne sekt\u00f6r\u00fcn\u00fcn lider firmalar\u0131 Procter &amp; Gamble, Unilever, Coca Cola Company, Reckitt Benckiser ve Henkel\u2019den \u00fcst d\u00fczey y\u00f6neticilerin oturumlar\u0131 ile devam etti.<\/p>\n<p>Kat\u0131l\u0131mc\u0131 Firmalar ve Konu\u015fmac\u0131lar\u0131m\u0131z:<br \/>\n&#8211; Procter &amp; Gamble: Mert B\u00fcrian &#8211; Regional Marketing Manager<br \/>\n&#8211; Unilever: Bur\u00e7ak Dolanay \u2013 Sat\u0131\u015f Direkt\u00f6r\u00fc<br \/>\n&#8211; Coca Cola Company: Yi\u011fit Yoku\u015f \u2013 Gazl\u0131 \u0130\u00e7ecekler Pazarlama M\u00fcd\u00fcr\u00fc<br \/>\n&#8211; Reckitt Benckiser: Savan T\u00fcys\u00fcz \u2013 Sat\u0131\u015f Direkt\u00f6r\u00fc<br \/>\n&#8211; Henkel:<br \/>\nKaya Kur\u015fun &#8211; Beauty Care National Accounts Manager<br \/>\nBeg\u00fcm Nalc\u0131 &#8211; Recruitment &amp; Training Specialist<br \/>\n&#8211; Stratejik Ortak: \u2018\u2019Kariyer.net\u2019\u2019<\/p>\n<p>\u0130T\u00dc End\u00fcstri M\u00fchendisli\u011fi Kul\u00fcb\u00fc 19. \u0130T\u00dc Sekt\u00f6r G\u00fcnleri \u2018\u2018H\u0131zl\u0131 T\u00fcketim Sekt\u00f6r\u00fc\u2019\u201d ile t\u00fcm b\u00f6l\u00fcmlerden ve \u00fcniversitelerden \u00f6\u011frenciler 4 Aral\u0131k\u2019ta \u0130T\u00dc Ma\u00e7ka Kamp\u00fcs\u00fc \u0130\u015fletme Fak\u00fcltesi\u2019nde a\u011f\u0131rland\u0131ve oturumlar\u0131n hepsine kat\u0131lanlara kat\u0131l\u0131m belgesi verildi.<\/p>\n<p>* Kay\u0131tlar \u00a0www.emk.itu.edu.tr veya <a href=\"www.kariyer.net\">Kariyer.net<\/a> \u00fczerinden CV ile ger\u00e7ekle\u015fti.<\/p>\n<p>Kay\u0131tlar: http:\/\/www.ituemk.org\/emk\/index.php\/projeler-2\/sektor-gunleri-2\/sektor-gunleri-kayit\/<br \/>\nFacebook etkinlik sayfas\u0131: https:\/\/www.facebook.com\/events\/1420709761493071\/<\/p>\n<!-- templates\/buttons-placeholder.php -->\n<div class=\"da-reactions-outer TpostID1410\">\n\t    <div class=\"da-reactions-data da-reactions-container-async center\"\n         data-type=\"post\"\n         data-id=\"1410\"\n         id=\"da-reactions-slot-post-1410\">\n        <div class=\"da-reactions-static\">\n\t\t\t<img src=\"https:\/\/www.kariyer.net\/kariyer-rehberi\/wp-content\/plugins\/da-reactions\/assets\/dist\/loading.svg\" alt=\"Loading spinner\" width=\"48\" height=\"48\" style=\"width:48px\" \/>\n        <\/div>\n    <\/div>\n<\/div>\n","protected":false},"excerpt":{"rendered":"<p>T\u00fcrkiye&#8217;nin en aktif i\u015f ve kariyer kul\u00fcplerinden \u0130T\u00dc End\u00fcstri M\u00fchendisli\u011fi Kul\u00fcb\u00fc markala\u015fan organizasyonu Sekt\u00f6r G\u00fcnleri&#8217;nde bu kez de H\u0131zl\u0131 T\u00fcketim Sekt\u00f6r\u00fc&#8217;n\u00fc ele al\u0131nd\u0131. \u0130T\u00dc End\u00fcstri M\u00fchendisli\u011fi Kul\u00fcb\u00fc\u2019n\u00fcn ger\u00e7ekle\u015ftirdi\u011fi Sekt\u00f6r G\u00fcnleri \u00fcniversite \u00f6\u011frencilerini ileride \u00e7al\u0131\u015fabilecekleri sekt\u00f6rler, firmalar ve departmanlar hakk\u0131nda karar vermelerini sa\u011fl\u0131yor. Firma y\u00f6neticilerini ve \u00f6\u011frencileri bir araya getirmesiyle T\u00fcrkiye\u2019nin en b\u00fcy\u00fck \u00f6\u011frenci-y\u00f6netici bulu\u015fmas\u0131 konumunda [&hellip;]<\/p>\n<!-- templates\/buttons-placeholder.php -->\n<div class=\"da-reactions-outer TpostID1410\">\n\t    <div class=\"da-reactions-data da-reactions-container-async center\"\n         data-type=\"post\"\n         data-id=\"1410\"\n         id=\"da-reactions-slot-post-1410\">\n        <div class=\"da-reactions-static\">\n\t\t\t<img src=\"https:\/\/www.kariyer.net\/kariyer-rehberi\/wp-content\/plugins\/da-reactions\/assets\/dist\/loading.svg\" alt=\"Loading spinner\" width=\"48\" height=\"48\" style=\"width:48px\" \/>\n        <\/div>\n    <\/div>\n<\/div>\n","protected":false},"author":5,"featured_media":3719,"comment_status":"open","ping_status":"open","sticky":false,"template":"","format":"standard","meta":{"footnotes":"","_elementor_edit_mode":"","_elementor_template_type":"","_elementor_data":"","_elementor_page_settings":null,"_elementor_conditions":[]},"categories":[46],"tags":[],"class_list":{"0":"post-1410","1":"post","2":"type-post","3":"status-publish","4":"format-standard","5":"has-post-thumbnail","7":"category-is-hayati"},"yoast_head":"<!-- This site is optimized with the Yoast SEO Premium plugin v21.4 (Yoast SEO v27.0) - https:\/\/yoast.com\/product\/yoast-seo-premium-wordpress\/ -->\n<title>H\u0131zl\u0131 t\u00fcketim sekt\u00f6r\u00fcnde kariyer hedefleyenler dikkat! | Kariyer Rehberi<\/title>\n<meta name=\"description\" content=\"T\u00fcrkiye&#039;nin en aktif i\u015f ve kariyer kul\u00fcplerinden \u0130T\u00dc End\u00fcstri M\u00fchendisli\u011fi Kul\u00fcb\u00fc markala\u015fan organizasyonu Sekt\u00f6r G\u00fcnleri&#039;nde bu kez de H\u0131zl\u0131 T\u00fcketim\" \/>\n<meta name=\"robots\" content=\"index, follow, max-snippet:-1, max-image-preview:large, max-video-preview:-1\" \/>\n<link rel=\"canonical\" href=\"https:\/\/www.kariyer.net\/kariyer-rehberi\/hizli-tuketim-sektorunde-kariyer-hedefleyenler-dikkat\/\" \/>\n<meta property=\"og:locale\" content=\"tr_TR\" \/>\n<meta property=\"og:type\" content=\"article\" \/>\n<meta property=\"og:title\" content=\"H\u0131zl\u0131 t\u00fcketim sekt\u00f6r\u00fcnde kariyer hedefleyenler dikkat!\" \/>\n<meta property=\"og:description\" content=\"T\u00fcrkiye&#039;nin en aktif i\u015f ve kariyer kul\u00fcplerinden \u0130T\u00dc End\u00fcstri M\u00fchendisli\u011fi Kul\u00fcb\u00fc markala\u015fan organizasyonu Sekt\u00f6r G\u00fcnleri&#039;nde bu kez de H\u0131zl\u0131 T\u00fcketim\" \/>\n<meta property=\"og:url\" content=\"https:\/\/www.kariyer.net\/kariyer-rehberi\/hizli-tuketim-sektorunde-kariyer-hedefleyenler-dikkat\/\" \/>\n<meta property=\"og:site_name\" content=\"Kariyer Rehberi\" \/>\n<meta property=\"article:published_time\" content=\"2013-11-29T00:00:00+00:00\" \/>\n<meta property=\"article:modified_time\" content=\"2017-08-28T13:48:20+00:00\" \/>\n<meta property=\"og:image\" content=\"https:\/\/www.kariyer.net\/kariyer-rehberi\/wp-content\/uploads\/2013\/11\/it\u00fc1.jpg\" \/>\n\t<meta property=\"og:image:width\" content=\"600\" \/>\n\t<meta property=\"og:image:height\" content=\"300\" \/>\n\t<meta property=\"og:image:type\" content=\"image\/jpeg\" \/>\n<meta name=\"author\" content=\"P\u0131nar Nogay\" \/>\n<meta name=\"twitter:card\" content=\"summary_large_image\" \/>\n<meta name=\"twitter:label1\" content=\"Yazan:\" \/>\n\t<meta name=\"twitter:data1\" content=\"P\u0131nar Nogay\" \/>\n\t<meta name=\"twitter:label2\" content=\"Tahmini okuma s\u00fcresi\" \/>\n\t<meta name=\"twitter:data2\" content=\"2 dakika\" \/>\n<!-- \/ Yoast SEO Premium plugin. -->","yoast_head_json":{"title":"H\u0131zl\u0131 t\u00fcketim sekt\u00f6r\u00fcnde kariyer hedefleyenler dikkat! | Kariyer Rehberi","description":"T\u00fcrkiye'nin en aktif i\u015f ve kariyer kul\u00fcplerinden \u0130T\u00dc End\u00fcstri M\u00fchendisli\u011fi Kul\u00fcb\u00fc markala\u015fan organizasyonu Sekt\u00f6r G\u00fcnleri'nde bu kez de H\u0131zl\u0131 T\u00fcketim","robots":{"index":"index","follow":"follow","max-snippet":"max-snippet:-1","max-image-preview":"max-image-preview:large","max-video-preview":"max-video-preview:-1"},"canonical":"https:\/\/www.kariyer.net\/kariyer-rehberi\/hizli-tuketim-sektorunde-kariyer-hedefleyenler-dikkat\/","og_locale":"tr_TR","og_type":"article","og_title":"H\u0131zl\u0131 t\u00fcketim sekt\u00f6r\u00fcnde kariyer hedefleyenler dikkat!","og_description":"T\u00fcrkiye'nin en aktif i\u015f ve kariyer kul\u00fcplerinden \u0130T\u00dc End\u00fcstri M\u00fchendisli\u011fi Kul\u00fcb\u00fc markala\u015fan organizasyonu Sekt\u00f6r G\u00fcnleri'nde bu kez de H\u0131zl\u0131 T\u00fcketim","og_url":"https:\/\/www.kariyer.net\/kariyer-rehberi\/hizli-tuketim-sektorunde-kariyer-hedefleyenler-dikkat\/","og_site_name":"Kariyer Rehberi","article_published_time":"2013-11-29T00:00:00+00:00","article_modified_time":"2017-08-28T13:48:20+00:00","og_image":[{"width":600,"height":300,"url":"https:\/\/www.kariyer.net\/kariyer-rehberi\/wp-content\/uploads\/2013\/11\/it\u00fc1.jpg","type":"image\/jpeg"}],"author":"P\u0131nar Nogay","twitter_card":"summary_large_image","twitter_misc":{"Yazan:":"P\u0131nar Nogay","Tahmini okuma s\u00fcresi":"2 dakika"},"schema":{"@context":"https:\/\/schema.org","@graph":[{"@type":"Article","@id":"https:\/\/www.kariyer.net\/kariyer-rehberi\/hizli-tuketim-sektorunde-kariyer-hedefleyenler-dikkat\/#article","isPartOf":{"@id":"https:\/\/www.kariyer.net\/kariyer-rehberi\/hizli-tuketim-sektorunde-kariyer-hedefleyenler-dikkat\/"},"author":{"name":"P\u0131nar Nogay","@id":"https:\/\/www.kariyer.net\/kariyer-rehberi\/#\/schema\/person\/ea0977057f6b311990c570cc6d4c25d0"},"headline":"H\u0131zl\u0131 t\u00fcketim sekt\u00f6r\u00fcnde kariyer hedefleyenler dikkat!","datePublished":"2013-11-29T00:00:00+00:00","dateModified":"2017-08-28T13:48:20+00:00","mainEntityOfPage":{"@id":"https:\/\/www.kariyer.net\/kariyer-rehberi\/hizli-tuketim-sektorunde-kariyer-hedefleyenler-dikkat\/"},"wordCount":354,"commentCount":0,"publisher":{"@id":"https:\/\/www.kariyer.net\/kariyer-rehberi\/#organization"},"image":{"@id":"https:\/\/www.kariyer.net\/kariyer-rehberi\/hizli-tuketim-sektorunde-kariyer-hedefleyenler-dikkat\/#primaryimage"},"thumbnailUrl":"https:\/\/www.kariyer.net\/kariyer-rehberi\/wp-content\/uploads\/2013\/11\/it\u00fc1.jpg","articleSection":["\u0130\u015f Hayat\u0131"],"inLanguage":"tr","potentialAction":[{"@type":"CommentAction","name":"Comment","target":["https:\/\/www.kariyer.net\/kariyer-rehberi\/hizli-tuketim-sektorunde-kariyer-hedefleyenler-dikkat\/#respond"]}]},{"@type":"WebPage","@id":"https:\/\/www.kariyer.net\/kariyer-rehberi\/hizli-tuketim-sektorunde-kariyer-hedefleyenler-dikkat\/","url":"https:\/\/www.kariyer.net\/kariyer-rehberi\/hizli-tuketim-sektorunde-kariyer-hedefleyenler-dikkat\/","name":"H\u0131zl\u0131 t\u00fcketim sekt\u00f6r\u00fcnde kariyer hedefleyenler dikkat! | Kariyer Rehberi","isPartOf":{"@id":"https:\/\/www.kariyer.net\/kariyer-rehberi\/#website"},"primaryImageOfPage":{"@id":"https:\/\/www.kariyer.net\/kariyer-rehberi\/hizli-tuketim-sektorunde-kariyer-hedefleyenler-dikkat\/#primaryimage"},"image":{"@id":"https:\/\/www.kariyer.net\/kariyer-rehberi\/hizli-tuketim-sektorunde-kariyer-hedefleyenler-dikkat\/#primaryimage"},"thumbnailUrl":"https:\/\/www.kariyer.net\/kariyer-rehberi\/wp-content\/uploads\/2013\/11\/it\u00fc1.jpg","datePublished":"2013-11-29T00:00:00+00:00","dateModified":"2017-08-28T13:48:20+00:00","description":"T\u00fcrkiye'nin en aktif i\u015f ve kariyer kul\u00fcplerinden \u0130T\u00dc End\u00fcstri M\u00fchendisli\u011fi Kul\u00fcb\u00fc markala\u015fan organizasyonu Sekt\u00f6r G\u00fcnleri'nde bu kez de H\u0131zl\u0131 T\u00fcketim","breadcrumb":{"@id":"https:\/\/www.kariyer.net\/kariyer-rehberi\/hizli-tuketim-sektorunde-kariyer-hedefleyenler-dikkat\/#breadcrumb"},"inLanguage":"tr","potentialAction":[{"@type":"ReadAction","target":["https:\/\/www.kariyer.net\/kariyer-rehberi\/hizli-tuketim-sektorunde-kariyer-hedefleyenler-dikkat\/"]}]},{"@type":"ImageObject","inLanguage":"tr","@id":"https:\/\/www.kariyer.net\/kariyer-rehberi\/hizli-tuketim-sektorunde-kariyer-hedefleyenler-dikkat\/#primaryimage","url":"https:\/\/www.kariyer.net\/kariyer-rehberi\/wp-content\/uploads\/2013\/11\/it\u00fc1.jpg","contentUrl":"https:\/\/www.kariyer.net\/kariyer-rehberi\/wp-content\/uploads\/2013\/11\/it\u00fc1.jpg","width":600,"height":300},{"@type":"BreadcrumbList","@id":"https:\/\/www.kariyer.net\/kariyer-rehberi\/hizli-tuketim-sektorunde-kariyer-hedefleyenler-dikkat\/#breadcrumb","itemListElement":[{"@type":"ListItem","position":1,"name":"Anasayfa","item":"https:\/\/www.kariyer.net\/kariyer-rehberi\/"},{"@type":"ListItem","position":2,"name":"H\u0131zl\u0131 t\u00fcketim sekt\u00f6r\u00fcnde kariyer hedefleyenler dikkat!"}]},{"@type":"WebSite","@id":"https:\/\/www.kariyer.net\/kariyer-rehberi\/#website","url":"https:\/\/www.kariyer.net\/kariyer-rehberi\/","name":"Kariyer Rehberi","description":"\u0130\u015f D\u00fcnyas\u0131yla \u0130lgili Bilmek \u0130stedi\u011finiz Her \u015eey","publisher":{"@id":"https:\/\/www.kariyer.net\/kariyer-rehberi\/#organization"},"potentialAction":[{"@type":"SearchAction","target":{"@type":"EntryPoint","urlTemplate":"https:\/\/www.kariyer.net\/kariyer-rehberi\/?s={search_term_string}"},"query-input":{"@type":"PropertyValueSpecification","valueRequired":true,"valueName":"search_term_string"}}],"inLanguage":"tr"},{"@type":"Organization","@id":"https:\/\/www.kariyer.net\/kariyer-rehberi\/#organization","name":"Kariyer.net","url":"https:\/\/www.kariyer.net\/kariyer-rehberi\/","logo":{"@type":"ImageObject","inLanguage":"tr","@id":"https:\/\/www.kariyer.net\/kariyer-rehberi\/#\/schema\/logo\/image\/","url":"https:\/\/www.kariyer.net\/kariyer-rehberi-new\/wp-content\/uploads\/2023\/01\/og-image11.jpg","contentUrl":"https:\/\/www.kariyer.net\/kariyer-rehberi-new\/wp-content\/uploads\/2023\/01\/og-image11.jpg","width":800,"height":800,"caption":"Kariyer.net"},"image":{"@id":"https:\/\/www.kariyer.net\/kariyer-rehberi\/#\/schema\/logo\/image\/"}},{"@type":"Person","@id":"https:\/\/www.kariyer.net\/kariyer-rehberi\/#\/schema\/person\/ea0977057f6b311990c570cc6d4c25d0","name":"P\u0131nar Nogay","image":{"@type":"ImageObject","inLanguage":"tr","@id":"https:\/\/www.kariyer.net\/kariyer-rehberi\/#\/schema\/person\/image\/","url":"https:\/\/secure.gravatar.com\/avatar\/330a216cbd1ec8a38c34e372b2be4a261e51e0805bd9186606e000f5efd0f0cf?s=96&d=mm&r=g","contentUrl":"https:\/\/secure.gravatar.com\/avatar\/330a216cbd1ec8a38c34e372b2be4a261e51e0805bd9186606e000f5efd0f0cf?s=96&d=mm&r=g","caption":"P\u0131nar Nogay"},"description":"Gazeteci olmak i\u00e7in yola \u00e7\u0131karak Eski\u015fehir Anadolu \u00dcniversitesi \u0130leti\u015fim Fak\u00fcltesi\u2019nde Bas\u0131n Yay\u0131n e\u011fitimi ald\u0131. Sekt\u00f6rel yay\u0131nlarda tecr\u00fcbe kazanan, 2007 y\u0131l\u0131nda Kariyer\u2019de Edit\u00f6r olarak \u00e7al\u0131\u015fmaya ba\u015flayan Nogay, 2011\u2019den bu yana Genel Yay\u0131n Y\u00f6netmeni olarak g\u00f6rev yap\u0131yor.","sameAs":["http:\/\/www.kariyer.net\/kariyer-rehberi\/pinar-nogay\/"],"url":"https:\/\/www.kariyer.net\/kariyer-rehberi\/author\/pinar-nogay\/"}]}},"_links":{"self":[{"href":"https:\/\/www.kariyer.net\/kariyer-rehberi\/wp-json\/wp\/v2\/posts\/1410","targetHints":{"allow":["GET"]}}],"collection":[{"href":"https:\/\/www.kariyer.net\/kariyer-rehberi\/wp-json\/wp\/v2\/posts"}],"about":[{"href":"https:\/\/www.kariyer.net\/kariyer-rehberi\/wp-json\/wp\/v2\/types\/post"}],"author":[{"embeddable":true,"href":"https:\/\/www.kariyer.net\/kariyer-rehberi\/wp-json\/wp\/v2\/users\/5"}],"replies":[{"embeddable":true,"href":"https:\/\/www.kariyer.net\/kariyer-rehberi\/wp-json\/wp\/v2\/comments?post=1410"}],"version-history":[{"count":0,"href":"https:\/\/www.kariyer.net\/kariyer-rehberi\/wp-json\/wp\/v2\/posts\/1410\/revisions"}],"wp:featuredmedia":[{"embeddable":true,"href":"https:\/\/www.kariyer.net\/kariyer-rehberi\/wp-json\/wp\/v2\/media\/3719"}],"wp:attachment":[{"href":"https:\/\/www.kariyer.net\/kariyer-rehberi\/wp-json\/wp\/v2\/media?parent=1410"}],"wp:term":[{"taxonomy":"category","embeddable":true,"href":"https:\/\/www.kariyer.net\/kariyer-rehberi\/wp-json\/wp\/v2\/categories?post=1410"},{"taxonomy":"post_tag","embeddable":true,"href":"https:\/\/www.kariyer.net\/kariyer-rehberi\/wp-json\/wp\/v2\/tags?post=1410"}],"curies":[{"name":"wp","href":"https:\/\/api.w.org\/{rel}","templated":true}]}}