{"id":14607,"date":"2021-03-15T16:08:24","date_gmt":"2021-03-15T13:08:24","guid":{"rendered":"https:\/\/www.kariyer.net\/kariyer-rehberi\/?p=14607"},"modified":"2024-08-08T21:09:17","modified_gmt":"2024-08-08T18:09:17","slug":"yazilim-alaninda-kariyer-hedefleyenlere-ozel-egitimler-basliyor","status":"publish","type":"post","link":"https:\/\/www.kariyer.net\/kariyer-rehberi\/yazilim-alaninda-kariyer-hedefleyenlere-ozel-egitimler-basliyor\/","title":{"rendered":"Yaz\u0131l\u0131m alan\u0131nda kariyer hedefleyenlere \u00f6zel e\u011fitimler ba\u015fl\u0131yor!"},"content":{"rendered":"<p><strong>Wtech Akademi, yaz\u0131l\u0131m alan\u0131ndaki farkl\u0131 i\u015flerde kendini geli\u015ftirmek isteyenleri \u00fccretsiz e\u011fitimlerine davet ediyor! <\/strong><\/p>\n<h2><strong>iOS Mobil Yaz\u0131l\u0131m Uzmanl\u0131\u011f\u0131 <\/strong><\/h2>\n<p>\u00dcniversitelerin herhangi bir M\u00fchendislik b\u00f6l\u00fcm\u00fcnden mezunsan ve \u00e7al\u0131\u015fm\u0131yorsan, temel bilgisayar ve algoritma bilgisine sahipsen, mobil yaz\u0131l\u0131m konusunda uzmanla\u015fmak istiyorsan, iOS Mobil Yaz\u0131l\u0131m e\u011fitimi tam sana g\u00f6re!<\/p>\n<h2><strong>RPA \u0130\u015f Analisti ve Yaz\u0131l\u0131m Uzmanl\u0131\u011f\u0131<\/strong><\/h2>\n<p>E\u011fer \u00fcniversitelerin M\u00fchendislik, Matematik (STEM) gibi b\u00f6l\u00fcmlerden mezunsan, \u00e7al\u0131\u015fm\u0131yorsan ve RPA yaz\u0131l\u0131mlar\u0131nda uzmanla\u015fmak istiyorsan sen de \u201cRPA \u0130\u015f Analisti ve Yaz\u0131l\u0131m Uzman\u0131\u201d e\u011fitiminde yerini alabilirsin. Robotik yaz\u0131l\u0131mlar\u0131n h\u0131z kazand\u0131\u011f\u0131 No-Code mant\u0131\u011f\u0131n\u0131n yayg\u0131nla\u015ft\u0131\u011f\u0131 g\u00fcn\u00fcm\u00fczde, \u00fccretsiz RPA \u0130\u015f Analisti ve Yaz\u0131l\u0131m Uzman\u0131 (Robotik S\u00fcre\u00e7 Otomasyonu) e\u011fitimine kat\u0131larak kariyerin i\u00e7in \u00f6nemli bir ad\u0131m atabilirsin.<\/p>\n<p>iOS Mobil Yaz\u0131l\u0131m Uzmanl\u0131\u011f\u0131 ve RPA \u0130\u015f Analisti ve Yaz\u0131l\u0131m Uzmanl\u0131\u011f\u0131 e\u011fitimleri <strong>5 Nisan\u2019da ba\u015flayacak ve 3 ay s\u00fcrecek.<\/strong> Kariyerin i\u00e7in \u00f6nemli bir f\u0131rsat sunacak bu e\u011fitimler i\u00e7in <strong>son ba\u015fvuru tarihi ise 26 Mart!<\/strong><\/p>\n<h2><strong>BT Servis Y\u00f6netimi Uzmanl\u0131\u011f\u0131<\/strong><\/h2>\n<p>Wtech Akademi, kendini BT Servis Y\u00f6netimi alan\u0131nda geli\u015ftirmek isteyenleri de \u201cBT Servis Y\u00f6netimi Uzman\u0131\u201d e\u011fitimine davet ediyor! \u00dcniversitelerin \u00f6zellikle M\u00fchendislik ve STEM (Fen, teknoloji, m\u00fchendislik ve matematik) b\u00f6l\u00fcmlerinden mezun olanlar, <strong>19 Nisan\u2019da ba\u015flayacak ve 1 ay s\u00fcrecek<\/strong> bu \u00fccretsiz bu e\u011fitime ba\u015fvurabilir. BT Servis Y\u00f6netimi Uzmanl\u0131\u011f\u0131 e\u011fitimi i\u00e7inse<strong> son ba\u015fvuru tarihi 9 Nisan!<\/strong><\/p>\n<p>Yaz\u0131l\u0131m alan\u0131nda seni geli\u015ftirirken sosyal beceri (soft skill) e\u011fitimleri ile de seni profesyonel hayata haz\u0131rlayacak bu \u00fccretsiz e\u011fitimlerden sana uygun olan\u0131 se\u00e7, s\u0131n\u0131rl\u0131 say\u0131da ki\u015finin kat\u0131labilece\u011fi e\u011fitimler i\u00e7in yerini ay\u0131rt!<\/p>\n<p><strong>\u00a0<\/strong>\u201ciOS Mobil Yaz\u0131l\u0131m Uzman\u0131\u201d e\u011fitimi ile ilgili detayl\u0131 bilgi almak ve ba\u015fvuru yapmak i\u00e7in <strong><a href=\"https:\/\/www.wtechplatform.com\/tr\/ios-mobil-yazilim-uzmani-ios-front-end-developer-egitimi-duyuru\" target=\"_blank\" rel=\"noopener\">buraya<\/a><\/strong> t\u0131klayabilirsin.<\/p>\n<p>\u201cRPA \u0130\u015f Analisti ve Yaz\u0131l\u0131m Uzman\u0131\u201d e\u011fitimi ile ilgili detayl\u0131 bilgi almak ve ba\u015fvuru yapmak i\u00e7in <strong><a href=\"https:\/\/www.wtechplatform.com\/tr\/rpa-is-analisti-ve-yazilim-uzmani-egitimi-duyuru\" target=\"_blank\" rel=\"noopener\">buraya<\/a><\/strong> t\u0131klayabilirsin.<\/p>\n<p>\u201cBT Servis Y\u00f6netimi Uzman\u0131\u201d e\u011fitimi ile ilgili detayl\u0131 bilgi almak ve ba\u015fvuru yapmak i\u00e7in <strong><a href=\"https:\/\/www.wtechplatform.com\/tr\/itil-farkindalik-ve-bt-servis-yonetimi-uzmani-egitimi-basvurulari-basladi\" target=\"_blank\" rel=\"noopener\">buraya<\/a><\/strong> t\u0131klayabilirsin.<\/p>\n<!-- templates\/buttons-placeholder.php -->\n<div class=\"da-reactions-outer TpostID14607\">\n\t    <div class=\"da-reactions-data da-reactions-container-async center\"\n         data-type=\"post\"\n         data-id=\"14607\"\n         id=\"da-reactions-slot-post-14607\">\n        <div class=\"da-reactions-static\">\n\t\t\t<img src=\"https:\/\/www.kariyer.net\/kariyer-rehberi\/wp-content\/plugins\/da-reactions\/assets\/dist\/loading.svg\" alt=\"Loading spinner\" width=\"48\" height=\"48\" style=\"width:48px\" \/>\n        <\/div>\n    <\/div>\n<\/div>\n","protected":false},"excerpt":{"rendered":"<p>Wtech Akademi, yaz\u0131l\u0131m alan\u0131ndaki farkl\u0131 i\u015flerde kendini geli\u015ftirmek isteyenleri \u00fccretsiz e\u011fitimlerine davet ediyor! iOS Mobil Yaz\u0131l\u0131m Uzmanl\u0131\u011f\u0131 \u00dcniversitelerin herhangi bir M\u00fchendislik b\u00f6l\u00fcm\u00fcnden mezunsan ve \u00e7al\u0131\u015fm\u0131yorsan, temel bilgisayar ve algoritma bilgisine sahipsen, mobil yaz\u0131l\u0131m konusunda uzmanla\u015fmak istiyorsan, iOS Mobil Yaz\u0131l\u0131m e\u011fitimi tam sana g\u00f6re! RPA \u0130\u015f Analisti ve Yaz\u0131l\u0131m Uzmanl\u0131\u011f\u0131 E\u011fer \u00fcniversitelerin M\u00fchendislik, Matematik (STEM) gibi [&hellip;]<\/p>\n<!-- templates\/buttons-placeholder.php -->\n<div class=\"da-reactions-outer TpostID14607\">\n\t    <div class=\"da-reactions-data da-reactions-container-async center\"\n         data-type=\"post\"\n         data-id=\"14607\"\n         id=\"da-reactions-slot-post-14607\">\n        <div class=\"da-reactions-static\">\n\t\t\t<img src=\"https:\/\/www.kariyer.net\/kariyer-rehberi\/wp-content\/plugins\/da-reactions\/assets\/dist\/loading.svg\" alt=\"Loading spinner\" width=\"48\" height=\"48\" style=\"width:48px\" \/>\n        <\/div>\n    <\/div>\n<\/div>\n","protected":false},"author":12,"featured_media":14609,"comment_status":"closed","ping_status":"open","sticky":false,"template":"","format":"standard","meta":{"footnotes":"","_elementor_edit_mode":"","_elementor_template_type":"","_elementor_data":"","_elementor_page_settings":null,"_elementor_conditions":[]},"categories":[2214],"tags":[1649,1007],"class_list":{"0":"post-14607","1":"post","2":"type-post","3":"status-publish","4":"format-standard","5":"has-post-thumbnail","7":"category-yasam","8":"tag-wtech","9":"tag-yazilim"},"yoast_head":"<!-- This site is optimized with the Yoast SEO Premium plugin v21.4 (Yoast SEO v27.0) - https:\/\/yoast.com\/product\/yoast-seo-premium-wordpress\/ -->\n<title>Yaz\u0131l\u0131m alan\u0131nda kariyer hedefleyenlere \u00f6zel e\u011fitimler ba\u015fl\u0131yor! | Kariyer Rehberi<\/title>\n<meta name=\"description\" content=\"Wtech Akademi, yaz\u0131l\u0131m alan\u0131ndaki farkl\u0131 i\u015flerde kendini geli\u015ftirmek isteyenleri \u00fccretsiz e\u011fitimlerine davet ediyor! iOS Mobil Yaz\u0131l\u0131m Uzmanl\u0131\u011f\u0131\" \/>\n<meta name=\"robots\" content=\"index, follow, max-snippet:-1, max-image-preview:large, max-video-preview:-1\" \/>\n<link rel=\"canonical\" href=\"https:\/\/www.kariyer.net\/kariyer-rehberi\/yazilim-alaninda-kariyer-hedefleyenlere-ozel-egitimler-basliyor\/\" \/>\n<meta property=\"og:locale\" content=\"tr_TR\" \/>\n<meta property=\"og:type\" content=\"article\" \/>\n<meta property=\"og:title\" content=\"Yaz\u0131l\u0131m alan\u0131nda kariyer hedefleyenlere \u00f6zel e\u011fitimler ba\u015fl\u0131yor!\" \/>\n<meta property=\"og:description\" content=\"Wtech Akademi, yaz\u0131l\u0131m alan\u0131ndaki farkl\u0131 i\u015flerde kendini geli\u015ftirmek isteyenleri \u00fccretsiz e\u011fitimlerine davet ediyor! iOS Mobil Yaz\u0131l\u0131m Uzmanl\u0131\u011f\u0131\" \/>\n<meta property=\"og:url\" content=\"https:\/\/www.kariyer.net\/kariyer-rehberi\/yazilim-alaninda-kariyer-hedefleyenlere-ozel-egitimler-basliyor\/\" \/>\n<meta property=\"og:site_name\" content=\"Kariyer Rehberi\" \/>\n<meta property=\"article:published_time\" content=\"2021-03-15T13:08:24+00:00\" \/>\n<meta property=\"article:modified_time\" content=\"2024-08-08T18:09:17+00:00\" \/>\n<meta property=\"og:image\" content=\"https:\/\/www.kariyer.net\/kariyer-rehberi\/wp-content\/uploads\/2021\/03\/yazilim.jpg\" \/>\n\t<meta property=\"og:image:width\" content=\"900\" \/>\n\t<meta property=\"og:image:height\" content=\"600\" \/>\n\t<meta property=\"og:image:type\" content=\"image\/jpeg\" \/>\n<meta name=\"author\" content=\"Edit\u00f6r\" \/>\n<meta name=\"twitter:card\" content=\"summary_large_image\" \/>\n<meta name=\"twitter:label1\" content=\"Yazan:\" \/>\n\t<meta name=\"twitter:data1\" content=\"Edit\u00f6r\" \/>\n\t<meta name=\"twitter:label2\" content=\"Tahmini okuma s\u00fcresi\" \/>\n\t<meta name=\"twitter:data2\" content=\"2 dakika\" \/>\n<!-- \/ Yoast SEO Premium plugin. -->","yoast_head_json":{"title":"Yaz\u0131l\u0131m alan\u0131nda kariyer hedefleyenlere \u00f6zel e\u011fitimler ba\u015fl\u0131yor! | Kariyer Rehberi","description":"Wtech Akademi, yaz\u0131l\u0131m alan\u0131ndaki farkl\u0131 i\u015flerde kendini geli\u015ftirmek isteyenleri \u00fccretsiz e\u011fitimlerine davet ediyor! iOS Mobil Yaz\u0131l\u0131m Uzmanl\u0131\u011f\u0131","robots":{"index":"index","follow":"follow","max-snippet":"max-snippet:-1","max-image-preview":"max-image-preview:large","max-video-preview":"max-video-preview:-1"},"canonical":"https:\/\/www.kariyer.net\/kariyer-rehberi\/yazilim-alaninda-kariyer-hedefleyenlere-ozel-egitimler-basliyor\/","og_locale":"tr_TR","og_type":"article","og_title":"Yaz\u0131l\u0131m alan\u0131nda kariyer hedefleyenlere \u00f6zel e\u011fitimler ba\u015fl\u0131yor!","og_description":"Wtech Akademi, yaz\u0131l\u0131m alan\u0131ndaki farkl\u0131 i\u015flerde kendini geli\u015ftirmek isteyenleri \u00fccretsiz e\u011fitimlerine davet ediyor! iOS Mobil Yaz\u0131l\u0131m Uzmanl\u0131\u011f\u0131","og_url":"https:\/\/www.kariyer.net\/kariyer-rehberi\/yazilim-alaninda-kariyer-hedefleyenlere-ozel-egitimler-basliyor\/","og_site_name":"Kariyer Rehberi","article_published_time":"2021-03-15T13:08:24+00:00","article_modified_time":"2024-08-08T18:09:17+00:00","og_image":[{"width":900,"height":600,"url":"https:\/\/www.kariyer.net\/kariyer-rehberi\/wp-content\/uploads\/2021\/03\/yazilim.jpg","type":"image\/jpeg"}],"author":"Edit\u00f6r","twitter_card":"summary_large_image","twitter_misc":{"Yazan:":"Edit\u00f6r","Tahmini okuma s\u00fcresi":"2 dakika"},"schema":{"@context":"https:\/\/schema.org","@graph":[{"@type":"Article","@id":"https:\/\/www.kariyer.net\/kariyer-rehberi\/yazilim-alaninda-kariyer-hedefleyenlere-ozel-egitimler-basliyor\/#article","isPartOf":{"@id":"https:\/\/www.kariyer.net\/kariyer-rehberi\/yazilim-alaninda-kariyer-hedefleyenlere-ozel-egitimler-basliyor\/"},"author":{"name":"Edit\u00f6r","@id":"https:\/\/www.kariyer.net\/kariyer-rehberi\/#\/schema\/person\/94fd6e49c7ff1b1b2565a2cc4fd685dd"},"headline":"Yaz\u0131l\u0131m alan\u0131nda kariyer hedefleyenlere \u00f6zel e\u011fitimler ba\u015fl\u0131yor!","datePublished":"2021-03-15T13:08:24+00:00","dateModified":"2024-08-08T18:09:17+00:00","mainEntityOfPage":{"@id":"https:\/\/www.kariyer.net\/kariyer-rehberi\/yazilim-alaninda-kariyer-hedefleyenlere-ozel-egitimler-basliyor\/"},"wordCount":392,"publisher":{"@id":"https:\/\/www.kariyer.net\/kariyer-rehberi\/#organization"},"image":{"@id":"https:\/\/www.kariyer.net\/kariyer-rehberi\/yazilim-alaninda-kariyer-hedefleyenlere-ozel-egitimler-basliyor\/#primaryimage"},"thumbnailUrl":"https:\/\/www.kariyer.net\/kariyer-rehberi\/wp-content\/uploads\/2021\/03\/yazilim.jpg","keywords":["wtech","yaz\u0131l\u0131m"],"articleSection":["Ya\u015fam"],"inLanguage":"tr"},{"@type":"WebPage","@id":"https:\/\/www.kariyer.net\/kariyer-rehberi\/yazilim-alaninda-kariyer-hedefleyenlere-ozel-egitimler-basliyor\/","url":"https:\/\/www.kariyer.net\/kariyer-rehberi\/yazilim-alaninda-kariyer-hedefleyenlere-ozel-egitimler-basliyor\/","name":"Yaz\u0131l\u0131m alan\u0131nda kariyer hedefleyenlere \u00f6zel e\u011fitimler ba\u015fl\u0131yor! | Kariyer Rehberi","isPartOf":{"@id":"https:\/\/www.kariyer.net\/kariyer-rehberi\/#website"},"primaryImageOfPage":{"@id":"https:\/\/www.kariyer.net\/kariyer-rehberi\/yazilim-alaninda-kariyer-hedefleyenlere-ozel-egitimler-basliyor\/#primaryimage"},"image":{"@id":"https:\/\/www.kariyer.net\/kariyer-rehberi\/yazilim-alaninda-kariyer-hedefleyenlere-ozel-egitimler-basliyor\/#primaryimage"},"thumbnailUrl":"https:\/\/www.kariyer.net\/kariyer-rehberi\/wp-content\/uploads\/2021\/03\/yazilim.jpg","datePublished":"2021-03-15T13:08:24+00:00","dateModified":"2024-08-08T18:09:17+00:00","description":"Wtech Akademi, yaz\u0131l\u0131m alan\u0131ndaki farkl\u0131 i\u015flerde kendini geli\u015ftirmek isteyenleri \u00fccretsiz e\u011fitimlerine davet ediyor! iOS Mobil Yaz\u0131l\u0131m Uzmanl\u0131\u011f\u0131","breadcrumb":{"@id":"https:\/\/www.kariyer.net\/kariyer-rehberi\/yazilim-alaninda-kariyer-hedefleyenlere-ozel-egitimler-basliyor\/#breadcrumb"},"inLanguage":"tr","potentialAction":[{"@type":"ReadAction","target":["https:\/\/www.kariyer.net\/kariyer-rehberi\/yazilim-alaninda-kariyer-hedefleyenlere-ozel-egitimler-basliyor\/"]}]},{"@type":"ImageObject","inLanguage":"tr","@id":"https:\/\/www.kariyer.net\/kariyer-rehberi\/yazilim-alaninda-kariyer-hedefleyenlere-ozel-egitimler-basliyor\/#primaryimage","url":"https:\/\/www.kariyer.net\/kariyer-rehberi\/wp-content\/uploads\/2021\/03\/yazilim.jpg","contentUrl":"https:\/\/www.kariyer.net\/kariyer-rehberi\/wp-content\/uploads\/2021\/03\/yazilim.jpg","width":900,"height":600},{"@type":"BreadcrumbList","@id":"https:\/\/www.kariyer.net\/kariyer-rehberi\/yazilim-alaninda-kariyer-hedefleyenlere-ozel-egitimler-basliyor\/#breadcrumb","itemListElement":[{"@type":"ListItem","position":1,"name":"Anasayfa","item":"https:\/\/www.kariyer.net\/kariyer-rehberi\/"},{"@type":"ListItem","position":2,"name":"Yaz\u0131l\u0131m alan\u0131nda kariyer hedefleyenlere \u00f6zel e\u011fitimler ba\u015fl\u0131yor!"}]},{"@type":"WebSite","@id":"https:\/\/www.kariyer.net\/kariyer-rehberi\/#website","url":"https:\/\/www.kariyer.net\/kariyer-rehberi\/","name":"Kariyer Rehberi","description":"\u0130\u015f D\u00fcnyas\u0131yla \u0130lgili Bilmek \u0130stedi\u011finiz Her \u015eey","publisher":{"@id":"https:\/\/www.kariyer.net\/kariyer-rehberi\/#organization"},"potentialAction":[{"@type":"SearchAction","target":{"@type":"EntryPoint","urlTemplate":"https:\/\/www.kariyer.net\/kariyer-rehberi\/?s={search_term_string}"},"query-input":{"@type":"PropertyValueSpecification","valueRequired":true,"valueName":"search_term_string"}}],"inLanguage":"tr"},{"@type":"Organization","@id":"https:\/\/www.kariyer.net\/kariyer-rehberi\/#organization","name":"Kariyer.net","url":"https:\/\/www.kariyer.net\/kariyer-rehberi\/","logo":{"@type":"ImageObject","inLanguage":"tr","@id":"https:\/\/www.kariyer.net\/kariyer-rehberi\/#\/schema\/logo\/image\/","url":"https:\/\/www.kariyer.net\/kariyer-rehberi-new\/wp-content\/uploads\/2023\/01\/og-image11.jpg","contentUrl":"https:\/\/www.kariyer.net\/kariyer-rehberi-new\/wp-content\/uploads\/2023\/01\/og-image11.jpg","width":800,"height":800,"caption":"Kariyer.net"},"image":{"@id":"https:\/\/www.kariyer.net\/kariyer-rehberi\/#\/schema\/logo\/image\/"}},{"@type":"Person","@id":"https:\/\/www.kariyer.net\/kariyer-rehberi\/#\/schema\/person\/94fd6e49c7ff1b1b2565a2cc4fd685dd","name":"Edit\u00f6r","image":{"@type":"ImageObject","inLanguage":"tr","@id":"https:\/\/www.kariyer.net\/kariyer-rehberi\/#\/schema\/person\/image\/","url":"https:\/\/secure.gravatar.com\/avatar\/0c4fe6688343aed3693b15573beae12c08ace5565409d5ab7509bf9c115f458d?s=96&d=mm&r=g","contentUrl":"https:\/\/secure.gravatar.com\/avatar\/0c4fe6688343aed3693b15573beae12c08ace5565409d5ab7509bf9c115f458d?s=96&d=mm&r=g","caption":"Edit\u00f6r"},"url":"https:\/\/www.kariyer.net\/kariyer-rehberi\/author\/editor\/"}]}},"_links":{"self":[{"href":"https:\/\/www.kariyer.net\/kariyer-rehberi\/wp-json\/wp\/v2\/posts\/14607","targetHints":{"allow":["GET"]}}],"collection":[{"href":"https:\/\/www.kariyer.net\/kariyer-rehberi\/wp-json\/wp\/v2\/posts"}],"about":[{"href":"https:\/\/www.kariyer.net\/kariyer-rehberi\/wp-json\/wp\/v2\/types\/post"}],"author":[{"embeddable":true,"href":"https:\/\/www.kariyer.net\/kariyer-rehberi\/wp-json\/wp\/v2\/users\/12"}],"replies":[{"embeddable":true,"href":"https:\/\/www.kariyer.net\/kariyer-rehberi\/wp-json\/wp\/v2\/comments?post=14607"}],"version-history":[{"count":1,"href":"https:\/\/www.kariyer.net\/kariyer-rehberi\/wp-json\/wp\/v2\/posts\/14607\/revisions"}],"predecessor-version":[{"id":20596,"href":"https:\/\/www.kariyer.net\/kariyer-rehberi\/wp-json\/wp\/v2\/posts\/14607\/revisions\/20596"}],"wp:featuredmedia":[{"embeddable":true,"href":"https:\/\/www.kariyer.net\/kariyer-rehberi\/wp-json\/wp\/v2\/media\/14609"}],"wp:attachment":[{"href":"https:\/\/www.kariyer.net\/kariyer-rehberi\/wp-json\/wp\/v2\/media?parent=14607"}],"wp:term":[{"taxonomy":"category","embeddable":true,"href":"https:\/\/www.kariyer.net\/kariyer-rehberi\/wp-json\/wp\/v2\/categories?post=14607"},{"taxonomy":"post_tag","embeddable":true,"href":"https:\/\/www.kariyer.net\/kariyer-rehberi\/wp-json\/wp\/v2\/tags?post=14607"}],"curies":[{"name":"wp","href":"https:\/\/api.w.org\/{rel}","templated":true}]}}