{"id":14614,"date":"2022-09-01T10:36:09","date_gmt":"2022-09-01T07:36:09","guid":{"rendered":"https:\/\/www.kariyer.net\/kariyer-rehberi\/?p=14614"},"modified":"2024-08-08T21:08:28","modified_gmt":"2024-08-08T18:08:28","slug":"basarisizlik-korkusuna-sahip-oldugunu-nasil-anlarsin","status":"publish","type":"post","link":"https:\/\/www.kariyer.net\/kariyer-rehberi\/basarisizlik-korkusuna-sahip-oldugunu-nasil-anlarsin\/","title":{"rendered":"Ba\u015far\u0131s\u0131zl\u0131k korkusuna sahip oldu\u011funu nas\u0131l anlars\u0131n?"},"content":{"rendered":"<p><strong>\u0130\u015f hayat\u0131nda ini\u015fler \u00e7\u0131k\u0131\u015flar, sevin\u00e7ler, mutluluklar, k\u0131zg\u0131nl\u0131klar, k\u0131rg\u0131nl\u0131klar, k\u0131skan\u00e7l\u0131klar ve korkular her zaman var. Bu duygular\u0131n \u00e7o\u011funu zaman zaman ya\u015f\u0131yoruz. Bu duygu halleri bizi ileri ta\u015f\u0131d\u0131\u011f\u0131 gibi duraklamam\u0131za veya kendimizi i\u015f hayat\u0131ndan \u00e7ekmemize de sebep olabilir. Peki, ba\u015far\u0131s\u0131zl\u0131k korkusuna sahip oldu\u011fumuzu nas\u0131l anlar\u0131z?<\/strong><\/p>\n<p>\u201cKorku\u201d insan\u0131n en temel duygular\u0131ndan biri olmakla birlikte kayg\u0131lar\u0131 tetikler. Artan kayg\u0131larla da kendimizi ac\u0131mas\u0131zca ele\u015ftirebiliriz.<\/p>\n<ul>\n<li>Terfi alabilecek miyim?<\/li>\n<li>Y\u00f6neticimin verdi\u011fi g\u00f6revi yapabilecek miyim?<\/li>\n<li>M\u00fclakatta ba\u015far\u0131l\u0131 olabilecek miyim?<\/li>\n<li>\u0130\u015f bulabilecek miyim? vb. sorular\u0131 kendine sorarken, bir de d\u0131\u015fardan gelen;<\/li>\n<\/ul>\n<ul>\n<li>Bo\u015f yere u\u011fra\u015fma yapamazs\u0131n,<\/li>\n<li>Kendi i\u015fini kurmak kolay de\u011fil,<\/li>\n<li>Terfi alamazs\u0131n o kadar donan\u0131ml\u0131 de\u011filsin,<\/li>\n<li>Senin di\u011ferlerinden fark\u0131n ne? gibi yorumlar alabilirsin.<\/li>\n<\/ul>\n<p>T\u00fcm i\u00e7 ve d\u0131\u015f yorumlar birle\u015fti\u011finde ise <strong>\u201cBu i\u015fe at\u0131l\u0131rsam ba\u015far\u0131s\u0131z olurum\u201d<\/strong> sonucuna var\u0131r, yapaca\u011f\u0131n i\u015fi yapmaktan da vazge\u00e7ersin. Ba\u015flad\u0131\u011f\u0131n noktaya geri d\u00f6nm\u00fc\u015f ve belki korkular\u0131na yenik d\u00fc\u015fm\u00fc\u015f, \u00f6zg\u00fcveni k\u0131r\u0131lm\u0131\u015f \u00fczere kendini bulursun. Emin ol, zaman zaman bu duygular\u0131 ya\u015f\u0131yor ve benzeri durumlarla hepimiz kar\u015f\u0131la\u015f\u0131yoruz.<\/p>\n<p>Ba\u015far\u0131s\u0131zl\u0131k duygusu insan\u0131 pasifle\u015ftirir ve ki\u015finin eyleme ge\u00e7mesini engeller. Ba\u015far\u0131s\u0131zl\u0131k duygusu benli\u011fimizi ele ge\u00e7irirse, konfor alan\u0131ndan \u00e7\u0131k\u0131p ilerlemek istedi\u011fimiz hedefe ula\u015fmak i\u00e7in engelleri a\u015famaz, f\u0131rsatlar\u0131 de\u011ferlendiremez ve ilerleme kaydedemeyiz.<\/p>\n<p>Asl\u0131nda ilk ad\u0131mla ba\u015flar her \u015fey. \u0130lk ad\u0131m\u0131 ise korkulardan ar\u0131narak atabiliriz. Herkesin kendine has bilgi, beceri ve yetkinlikleri oldu\u011fu gibi herkesin hayalleri de farkl\u0131. Ba\u015far\u0131 tan\u0131m\u0131n\u0131 yaparken hayallerine ula\u015ft\u0131\u011f\u0131nda ki durumunu, yapt\u0131klar\u0131n\u0131 ve kazan\u00e7lar\u0131n\u0131 d\u00fc\u015f\u00fcn. Kendi ba\u015far\u0131 tan\u0131m\u0131n\u0131 kendin yap. Hedefin terfi almak olabilir, ama terfi ertelense bile belki maa\u015f\u0131nda iyi bir art\u0131\u015f olabilir. Ba\u015far\u0131l\u0131 olma tan\u0131mlar\u0131n\u0131n alt ba\u015far\u0131 seviyeleri de olmal\u0131. S\u0131ral\u0131 ba\u015far\u0131 tan\u0131mlar\u0131 seni rahatlatacakt\u0131r. Yani ana hedefine ula\u015fmak i\u00e7in ara hedeflerin de olmal\u0131.<\/p>\n<h2><strong>Ba\u015far\u0131s\u0131zl\u0131k korkusunun sebepleri neler?<\/strong><\/h2>\n<p>Ba\u015far\u0131n\u0131n tan\u0131m\u0131n\u0131 yapt\u0131\u011f\u0131na g\u00f6re ba\u015far\u0131s\u0131zl\u0131\u011f\u0131n tan\u0131m\u0131 da belli demektir. Ba\u015far\u0131 diye tan\u0131mlad\u0131\u011f\u0131n hedeflere ula\u015famama durumunda ba\u015far\u0131s\u0131z olmu\u015f olursun. Asl\u0131nda i\u015f hayat\u0131nda ba\u015far\u0131s\u0131zl\u0131\u011f\u0131n sebepleri a\u011f\u0131rl\u0131kl\u0131 olarak ki\u015finin kendisinde sakl\u0131. Ba\u015far\u0131s\u0131zl\u0131k duygusuna b\u00fcr\u00fcnmenin as\u0131l nedeni, yine ba\u011fland\u0131\u011f\u0131n veya \u00e7evrenin sana yans\u0131tt\u0131\u011f\u0131 negatif duygular.<\/p>\n<p>\u00d6zg\u00fcven eksikli\u011fi, adaptasyon-odaklanma sorunu, ki\u015fisel geli\u015fime \u00f6nem vermemek, g\u00fcndemi ve sekt\u00f6r\u00fc takip etmemek, giri\u015fken olmamak, ileti\u015fim becerilerini etkin kullanmamak, risk almamak veya riskin boyutunu hesaplamamak, beceri ve tecr\u00fcbelerine uygun i\u015fte \u00e7al\u0131\u015fmamak veya do\u011fru hedef belirlememek, plans\u0131z giri\u015fimlerde bulunmak, stratejik plan yapmamak, ya\u015fam kalitesine dikkat etmemek gibi pek \u00e7ok sebep bulabiliriz. Daha \u00f6nce ya\u015fad\u0131\u011f\u0131n olumsuz tecr\u00fcbeler ve sonucunda ya\u015fad\u0131\u011f\u0131n travmalar bile korkular\u0131n\u0131n sebebi olabilir. Bu sebepler ki\u015fiden ki\u015fiye, ya\u015fanm\u0131\u015fl\u0131klara g\u00f6re de\u011fi\u015febilir. Bu korkuya sebep olacak engelleri ortadan kald\u0131rmak yine ki\u015finin kendi elindedir.<\/p>\n<p>Ba\u015far\u0131s\u0131zl\u0131k asl\u0131nda bir bak\u0131\u015f a\u00e7\u0131s\u0131ndan ibaret, bunu unutma! Ayr\u0131ca ba\u015far\u0131s\u0131zl\u0131ktan \u00e7\u0131karaca\u011f\u0131n pek \u00e7ok ders, bir daha yapmayaca\u011f\u0131n pek \u00e7ok eylem var. \u201c\u015eimdiki akl\u0131m olsa \u015f\u00f6yle yapmazd\u0131m\u201d deriz ya o misal i\u015fte. Daha \u00f6nce at\u0131lan yanl\u0131\u015f ad\u0131mlar neticesinde pek \u00e7ok tecr\u00fcbe sahibi oluyoruz.<\/p>\n<h2><strong>Ba\u015far\u0131s\u0131zl\u0131k korkusuna sahip oldu\u011funu nas\u0131l anlars\u0131n?<\/strong><\/h2>\n<ul>\n<li>A\u015f\u0131r\u0131 m\u00fckemmeliyet\u00e7ilik ve sonucunda ilk ad\u0131m\u0131 atamama,<\/li>\n<li>Hedefe ula\u015fmaya \u00e7al\u0131\u015f\u0131rken kendini ele\u015ftirme ve su\u00e7lama,<\/li>\n<li>Yap\u0131lacak i\u015fleri bahaneler bularak s\u00fcrekli erteleme, ihmalk\u00e2r davranma,<\/li>\n<li>\u0130\u015f hayat\u0131nda yeni projelere kat\u0131lmama, i\u015f f\u0131rsatlar\u0131 de\u011ferlendirmekten \u00e7ekinme,<\/li>\n<li>D\u0131\u015fardan al\u0131nan her negatif bildirimde endi\u015felenme, kayg\u0131lanma,<\/li>\n<li>Yapaca\u011f\u0131n i\u015fin sonucunun olumsuz olma durumunda \u00e7evre ne der d\u00fc\u015f\u00fcncesi, hayal k\u0131r\u0131kl\u0131\u011f\u0131na u\u011fratma kayg\u0131s\u0131,<\/li>\n<li>Ge\u00e7mi\u015fte yap\u0131lan hatalara odaklanma,<\/li>\n<li>Stres belirtileri,<\/li>\n<li>Ba\u015far\u0131ya ula\u015famama endi\u015fesi,<\/li>\n<li>Uzmanlar\u0131n belirtti\u011fi \u00e7e\u015fitli psikolojik (ba\u015f a\u011fr\u0131s\u0131, kas gerilimi, mide a\u011fr\u0131s\u0131 vb.) belirtiler.<\/li>\n<\/ul>\n<p><strong>Konuk Yazar: <\/strong>Esra Kemer\/\u0130nsan Kaynaklar\u0131 ve Kariyer Dan\u0131\u015fman\u0131<\/p>\n<!-- templates\/buttons-placeholder.php -->\n<div class=\"da-reactions-outer TpostID14614\">\n\t    <div class=\"da-reactions-data da-reactions-container-async center\"\n         data-type=\"post\"\n         data-id=\"14614\"\n         id=\"da-reactions-slot-post-14614\">\n        <div class=\"da-reactions-static\">\n\t\t\t<img src=\"https:\/\/www.kariyer.net\/kariyer-rehberi\/wp-content\/plugins\/da-reactions\/assets\/dist\/loading.svg\" alt=\"Loading spinner\" width=\"48\" height=\"48\" style=\"width:48px\" \/>\n        <\/div>\n    <\/div>\n<\/div>\n","protected":false},"excerpt":{"rendered":"<p>\u0130\u015f hayat\u0131nda ini\u015fler \u00e7\u0131k\u0131\u015flar, sevin\u00e7ler, mutluluklar, k\u0131zg\u0131nl\u0131klar, k\u0131rg\u0131nl\u0131klar, k\u0131skan\u00e7l\u0131klar ve korkular her zaman var. Bu duygular\u0131n \u00e7o\u011funu zaman zaman ya\u015f\u0131yoruz. Bu duygu halleri bizi ileri ta\u015f\u0131d\u0131\u011f\u0131 gibi duraklamam\u0131za veya kendimizi i\u015f hayat\u0131ndan \u00e7ekmemize de sebep olabilir. Peki, ba\u015far\u0131s\u0131zl\u0131k korkusuna sahip oldu\u011fumuzu nas\u0131l anlar\u0131z? \u201cKorku\u201d insan\u0131n en temel duygular\u0131ndan biri olmakla birlikte kayg\u0131lar\u0131 tetikler. Artan kayg\u0131larla [&hellip;]<\/p>\n<!-- templates\/buttons-placeholder.php -->\n<div class=\"da-reactions-outer TpostID14614\">\n\t    <div class=\"da-reactions-data da-reactions-container-async center\"\n         data-type=\"post\"\n         data-id=\"14614\"\n         id=\"da-reactions-slot-post-14614\">\n        <div class=\"da-reactions-static\">\n\t\t\t<img src=\"https:\/\/www.kariyer.net\/kariyer-rehberi\/wp-content\/plugins\/da-reactions\/assets\/dist\/loading.svg\" alt=\"Loading spinner\" width=\"48\" height=\"48\" style=\"width:48px\" \/>\n        <\/div>\n    <\/div>\n<\/div>\n","protected":false},"author":9,"featured_media":14616,"comment_status":"closed","ping_status":"open","sticky":false,"template":"","format":"standard","meta":{"footnotes":"","_elementor_edit_mode":"","_elementor_template_type":"","_elementor_data":"","_elementor_page_settings":null,"_elementor_conditions":[]},"categories":[2211,2214],"tags":[1705,811],"class_list":{"0":"post-14614","1":"post","2":"type-post","3":"status-publish","4":"format-standard","5":"has-post-thumbnail","7":"category-kariyer-gelisimi","8":"category-yasam","9":"tag-basarisizlik-korkusu","10":"tag-esra-kemer"},"yoast_head":"<!-- This site is optimized with the Yoast SEO Premium plugin v21.4 (Yoast SEO v27.0) - https:\/\/yoast.com\/product\/yoast-seo-premium-wordpress\/ -->\n<title>Ba\u015far\u0131s\u0131zl\u0131k korkusuna sahip oldu\u011funu nas\u0131l anlars\u0131n? | Kariyer Rehberi<\/title>\n<meta name=\"description\" content=\"\u0130\u015f hayat\u0131nda ini\u015fler \u00e7\u0131k\u0131\u015flar, sevin\u00e7ler, mutluluklar, k\u0131zg\u0131nl\u0131klar, k\u0131rg\u0131nl\u0131klar, k\u0131skan\u00e7l\u0131klar ve korkular her zaman var. Bu duygular\u0131n \u00e7o\u011funu zaman\" \/>\n<meta name=\"robots\" content=\"index, follow, max-snippet:-1, max-image-preview:large, max-video-preview:-1\" \/>\n<link rel=\"canonical\" href=\"https:\/\/www.kariyer.net\/kariyer-rehberi\/basarisizlik-korkusuna-sahip-oldugunu-nasil-anlarsin\/\" \/>\n<meta property=\"og:locale\" content=\"tr_TR\" \/>\n<meta property=\"og:type\" content=\"article\" \/>\n<meta property=\"og:title\" content=\"Ba\u015far\u0131s\u0131zl\u0131k korkusuna sahip oldu\u011funu nas\u0131l anlars\u0131n?\" \/>\n<meta property=\"og:description\" content=\"\u0130\u015f hayat\u0131nda ini\u015fler \u00e7\u0131k\u0131\u015flar, sevin\u00e7ler, mutluluklar, k\u0131zg\u0131nl\u0131klar, k\u0131rg\u0131nl\u0131klar, k\u0131skan\u00e7l\u0131klar ve korkular her zaman var. Bu duygular\u0131n \u00e7o\u011funu zaman\" \/>\n<meta property=\"og:url\" content=\"https:\/\/www.kariyer.net\/kariyer-rehberi\/basarisizlik-korkusuna-sahip-oldugunu-nasil-anlarsin\/\" \/>\n<meta property=\"og:site_name\" content=\"Kariyer Rehberi\" \/>\n<meta property=\"article:published_time\" content=\"2022-09-01T07:36:09+00:00\" \/>\n<meta property=\"article:modified_time\" content=\"2024-08-08T18:08:28+00:00\" \/>\n<meta property=\"og:image\" content=\"https:\/\/www.kariyer.net\/kariyer-rehberi\/wp-content\/uploads\/2021\/03\/BASARISIZLIK.jpg\" \/>\n\t<meta property=\"og:image:width\" content=\"900\" \/>\n\t<meta property=\"og:image:height\" content=\"600\" \/>\n\t<meta property=\"og:image:type\" content=\"image\/jpeg\" \/>\n<meta name=\"author\" content=\"Konuk Yazar\" \/>\n<meta name=\"twitter:card\" content=\"summary_large_image\" \/>\n<meta name=\"twitter:label1\" content=\"Yazan:\" \/>\n\t<meta name=\"twitter:data1\" content=\"Konuk Yazar\" \/>\n\t<meta name=\"twitter:label2\" content=\"Tahmini okuma s\u00fcresi\" \/>\n\t<meta name=\"twitter:data2\" content=\"4 dakika\" \/>\n<!-- \/ Yoast SEO Premium plugin. -->","yoast_head_json":{"title":"Ba\u015far\u0131s\u0131zl\u0131k korkusuna sahip oldu\u011funu nas\u0131l anlars\u0131n? | Kariyer Rehberi","description":"\u0130\u015f hayat\u0131nda ini\u015fler \u00e7\u0131k\u0131\u015flar, sevin\u00e7ler, mutluluklar, k\u0131zg\u0131nl\u0131klar, k\u0131rg\u0131nl\u0131klar, k\u0131skan\u00e7l\u0131klar ve korkular her zaman var. Bu duygular\u0131n \u00e7o\u011funu zaman","robots":{"index":"index","follow":"follow","max-snippet":"max-snippet:-1","max-image-preview":"max-image-preview:large","max-video-preview":"max-video-preview:-1"},"canonical":"https:\/\/www.kariyer.net\/kariyer-rehberi\/basarisizlik-korkusuna-sahip-oldugunu-nasil-anlarsin\/","og_locale":"tr_TR","og_type":"article","og_title":"Ba\u015far\u0131s\u0131zl\u0131k korkusuna sahip oldu\u011funu nas\u0131l anlars\u0131n?","og_description":"\u0130\u015f hayat\u0131nda ini\u015fler \u00e7\u0131k\u0131\u015flar, sevin\u00e7ler, mutluluklar, k\u0131zg\u0131nl\u0131klar, k\u0131rg\u0131nl\u0131klar, k\u0131skan\u00e7l\u0131klar ve korkular her zaman var. Bu duygular\u0131n \u00e7o\u011funu zaman","og_url":"https:\/\/www.kariyer.net\/kariyer-rehberi\/basarisizlik-korkusuna-sahip-oldugunu-nasil-anlarsin\/","og_site_name":"Kariyer Rehberi","article_published_time":"2022-09-01T07:36:09+00:00","article_modified_time":"2024-08-08T18:08:28+00:00","og_image":[{"width":900,"height":600,"url":"https:\/\/www.kariyer.net\/kariyer-rehberi\/wp-content\/uploads\/2021\/03\/BASARISIZLIK.jpg","type":"image\/jpeg"}],"author":"Konuk Yazar","twitter_card":"summary_large_image","twitter_misc":{"Yazan:":"Konuk Yazar","Tahmini okuma s\u00fcresi":"4 dakika"},"schema":{"@context":"https:\/\/schema.org","@graph":[{"@type":"Article","@id":"https:\/\/www.kariyer.net\/kariyer-rehberi\/basarisizlik-korkusuna-sahip-oldugunu-nasil-anlarsin\/#article","isPartOf":{"@id":"https:\/\/www.kariyer.net\/kariyer-rehberi\/basarisizlik-korkusuna-sahip-oldugunu-nasil-anlarsin\/"},"author":{"name":"Konuk Yazar","@id":"https:\/\/www.kariyer.net\/kariyer-rehberi\/#\/schema\/person\/6154a58a8375a4df7f7fc847997c4657"},"headline":"Ba\u015far\u0131s\u0131zl\u0131k korkusuna sahip oldu\u011funu nas\u0131l anlars\u0131n?","datePublished":"2022-09-01T07:36:09+00:00","dateModified":"2024-08-08T18:08:28+00:00","mainEntityOfPage":{"@id":"https:\/\/www.kariyer.net\/kariyer-rehberi\/basarisizlik-korkusuna-sahip-oldugunu-nasil-anlarsin\/"},"wordCount":792,"publisher":{"@id":"https:\/\/www.kariyer.net\/kariyer-rehberi\/#organization"},"image":{"@id":"https:\/\/www.kariyer.net\/kariyer-rehberi\/basarisizlik-korkusuna-sahip-oldugunu-nasil-anlarsin\/#primaryimage"},"thumbnailUrl":"https:\/\/www.kariyer.net\/kariyer-rehberi\/wp-content\/uploads\/2021\/03\/BASARISIZLIK.jpg","keywords":["ba\u015far\u0131s\u0131zl\u0131k korkusu","Esra KEMER"],"articleSection":["Kariyer Geli\u015fimi","Ya\u015fam"],"inLanguage":"tr"},{"@type":"WebPage","@id":"https:\/\/www.kariyer.net\/kariyer-rehberi\/basarisizlik-korkusuna-sahip-oldugunu-nasil-anlarsin\/","url":"https:\/\/www.kariyer.net\/kariyer-rehberi\/basarisizlik-korkusuna-sahip-oldugunu-nasil-anlarsin\/","name":"Ba\u015far\u0131s\u0131zl\u0131k korkusuna sahip oldu\u011funu nas\u0131l anlars\u0131n? | Kariyer Rehberi","isPartOf":{"@id":"https:\/\/www.kariyer.net\/kariyer-rehberi\/#website"},"primaryImageOfPage":{"@id":"https:\/\/www.kariyer.net\/kariyer-rehberi\/basarisizlik-korkusuna-sahip-oldugunu-nasil-anlarsin\/#primaryimage"},"image":{"@id":"https:\/\/www.kariyer.net\/kariyer-rehberi\/basarisizlik-korkusuna-sahip-oldugunu-nasil-anlarsin\/#primaryimage"},"thumbnailUrl":"https:\/\/www.kariyer.net\/kariyer-rehberi\/wp-content\/uploads\/2021\/03\/BASARISIZLIK.jpg","datePublished":"2022-09-01T07:36:09+00:00","dateModified":"2024-08-08T18:08:28+00:00","description":"\u0130\u015f hayat\u0131nda ini\u015fler \u00e7\u0131k\u0131\u015flar, sevin\u00e7ler, mutluluklar, k\u0131zg\u0131nl\u0131klar, k\u0131rg\u0131nl\u0131klar, k\u0131skan\u00e7l\u0131klar ve korkular her zaman var. Bu duygular\u0131n \u00e7o\u011funu zaman","breadcrumb":{"@id":"https:\/\/www.kariyer.net\/kariyer-rehberi\/basarisizlik-korkusuna-sahip-oldugunu-nasil-anlarsin\/#breadcrumb"},"inLanguage":"tr","potentialAction":[{"@type":"ReadAction","target":["https:\/\/www.kariyer.net\/kariyer-rehberi\/basarisizlik-korkusuna-sahip-oldugunu-nasil-anlarsin\/"]}]},{"@type":"ImageObject","inLanguage":"tr","@id":"https:\/\/www.kariyer.net\/kariyer-rehberi\/basarisizlik-korkusuna-sahip-oldugunu-nasil-anlarsin\/#primaryimage","url":"https:\/\/www.kariyer.net\/kariyer-rehberi\/wp-content\/uploads\/2021\/03\/BASARISIZLIK.jpg","contentUrl":"https:\/\/www.kariyer.net\/kariyer-rehberi\/wp-content\/uploads\/2021\/03\/BASARISIZLIK.jpg","width":900,"height":600},{"@type":"BreadcrumbList","@id":"https:\/\/www.kariyer.net\/kariyer-rehberi\/basarisizlik-korkusuna-sahip-oldugunu-nasil-anlarsin\/#breadcrumb","itemListElement":[{"@type":"ListItem","position":1,"name":"Anasayfa","item":"https:\/\/www.kariyer.net\/kariyer-rehberi\/"},{"@type":"ListItem","position":2,"name":"Ba\u015far\u0131s\u0131zl\u0131k korkusuna sahip oldu\u011funu nas\u0131l anlars\u0131n?"}]},{"@type":"WebSite","@id":"https:\/\/www.kariyer.net\/kariyer-rehberi\/#website","url":"https:\/\/www.kariyer.net\/kariyer-rehberi\/","name":"Kariyer Rehberi","description":"\u0130\u015f D\u00fcnyas\u0131yla \u0130lgili Bilmek \u0130stedi\u011finiz Her \u015eey","publisher":{"@id":"https:\/\/www.kariyer.net\/kariyer-rehberi\/#organization"},"potentialAction":[{"@type":"SearchAction","target":{"@type":"EntryPoint","urlTemplate":"https:\/\/www.kariyer.net\/kariyer-rehberi\/?s={search_term_string}"},"query-input":{"@type":"PropertyValueSpecification","valueRequired":true,"valueName":"search_term_string"}}],"inLanguage":"tr"},{"@type":"Organization","@id":"https:\/\/www.kariyer.net\/kariyer-rehberi\/#organization","name":"Kariyer.net","url":"https:\/\/www.kariyer.net\/kariyer-rehberi\/","logo":{"@type":"ImageObject","inLanguage":"tr","@id":"https:\/\/www.kariyer.net\/kariyer-rehberi\/#\/schema\/logo\/image\/","url":"https:\/\/www.kariyer.net\/kariyer-rehberi-new\/wp-content\/uploads\/2023\/01\/og-image11.jpg","contentUrl":"https:\/\/www.kariyer.net\/kariyer-rehberi-new\/wp-content\/uploads\/2023\/01\/og-image11.jpg","width":800,"height":800,"caption":"Kariyer.net"},"image":{"@id":"https:\/\/www.kariyer.net\/kariyer-rehberi\/#\/schema\/logo\/image\/"}},{"@type":"Person","@id":"https:\/\/www.kariyer.net\/kariyer-rehberi\/#\/schema\/person\/6154a58a8375a4df7f7fc847997c4657","name":"Konuk Yazar","image":{"@type":"ImageObject","inLanguage":"tr","@id":"https:\/\/www.kariyer.net\/kariyer-rehberi\/#\/schema\/person\/image\/","url":"https:\/\/secure.gravatar.com\/avatar\/f03aa189ddb09160e6f0ad7e5e2c4b69c7102a041cc145a1e45a96f0100baa41?s=96&d=mm&r=g","contentUrl":"https:\/\/secure.gravatar.com\/avatar\/f03aa189ddb09160e6f0ad7e5e2c4b69c7102a041cc145a1e45a96f0100baa41?s=96&d=mm&r=g","caption":"Konuk Yazar"},"url":"https:\/\/www.kariyer.net\/kariyer-rehberi\/author\/konukyazar\/"}]}},"_links":{"self":[{"href":"https:\/\/www.kariyer.net\/kariyer-rehberi\/wp-json\/wp\/v2\/posts\/14614","targetHints":{"allow":["GET"]}}],"collection":[{"href":"https:\/\/www.kariyer.net\/kariyer-rehberi\/wp-json\/wp\/v2\/posts"}],"about":[{"href":"https:\/\/www.kariyer.net\/kariyer-rehberi\/wp-json\/wp\/v2\/types\/post"}],"author":[{"embeddable":true,"href":"https:\/\/www.kariyer.net\/kariyer-rehberi\/wp-json\/wp\/v2\/users\/9"}],"replies":[{"embeddable":true,"href":"https:\/\/www.kariyer.net\/kariyer-rehberi\/wp-json\/wp\/v2\/comments?post=14614"}],"version-history":[{"count":1,"href":"https:\/\/www.kariyer.net\/kariyer-rehberi\/wp-json\/wp\/v2\/posts\/14614\/revisions"}],"predecessor-version":[{"id":19254,"href":"https:\/\/www.kariyer.net\/kariyer-rehberi\/wp-json\/wp\/v2\/posts\/14614\/revisions\/19254"}],"wp:featuredmedia":[{"embeddable":true,"href":"https:\/\/www.kariyer.net\/kariyer-rehberi\/wp-json\/wp\/v2\/media\/14616"}],"wp:attachment":[{"href":"https:\/\/www.kariyer.net\/kariyer-rehberi\/wp-json\/wp\/v2\/media?parent=14614"}],"wp:term":[{"taxonomy":"category","embeddable":true,"href":"https:\/\/www.kariyer.net\/kariyer-rehberi\/wp-json\/wp\/v2\/categories?post=14614"},{"taxonomy":"post_tag","embeddable":true,"href":"https:\/\/www.kariyer.net\/kariyer-rehberi\/wp-json\/wp\/v2\/tags?post=14614"}],"curies":[{"name":"wp","href":"https:\/\/api.w.org\/{rel}","templated":true}]}}