{"id":14896,"date":"2021-05-27T10:00:40","date_gmt":"2021-05-27T07:00:40","guid":{"rendered":"https:\/\/www.kariyer.net\/kariyer-rehberi\/?p=14896"},"modified":"2024-08-08T21:09:07","modified_gmt":"2024-08-08T18:09:07","slug":"pandemi-donemi-kariyer-hedeflerini-degistirdi-mi","status":"publish","type":"post","link":"https:\/\/www.kariyer.net\/kariyer-rehberi\/pandemi-donemi-kariyer-hedeflerini-degistirdi-mi\/","title":{"rendered":"Pandemi d\u00f6nemi kariyer hedeflerini de\u011fi\u015ftirdi mi?"},"content":{"rendered":"<p><strong>G\u00fcn\u00fcm\u00fczde \u00e7al\u0131\u015fanlar, tek bir alanda ilerlemek yerine farkl\u0131 konularda da yeteneklerini ortaya koymaya \u00e7al\u0131\u015f\u0131yor. \u0130K Dan\u0131\u015fman\u0131 \u00d6zkan Ba\u015fak, \u00e7al\u0131\u015fanlar\u0131n kariyer hedeflerinde ya\u015fanan de\u011fi\u015fimi ve i\u015fverenlerin bu konuya nas\u0131l yakla\u015fmas\u0131 gerekti\u011fini yaz\u0131m\u0131zda anlat\u0131yor.\u00a0<\/strong><\/p>\n<p>Sa\u011fl\u0131ktan e\u011fitime, ekonomiden istihdama kadar hayat\u0131m\u0131z\u0131 ilgilendiren pek \u00e7ok konu pandemi s\u00fcrecinden fazlas\u0131yla etkilendi. Ba\u015flarda bilinmeyen bir konu, tan\u0131nmayan bir hastal\u0131k ve salg\u0131nd\u0131. \u00d6nceleri televizyonlarda seyrederken sonra bir anda \u00fclkemizde de g\u00f6r\u00fclmeye ba\u015flanan hastal\u0131k, s\u00fcre\u00e7 i\u00e7erisinde sosyolojik etkileriyle de kendisini iyiden iyiye hissettirdi. \u015e\u00fcphesiz salg\u0131n\u0131n en fazla etkiledi\u011fi alanlardan biri istihdam oldu.<\/p>\n<p>\u00c7al\u0131\u015fanlar ve insan kaynaklar\u0131 a\u00e7\u0131s\u0131ndan ya\u015fan\u0131lanlar daha da zordu. Hem \u015firket i\u00e7in hem de \u00e7al\u0131\u015fanlar i\u00e7in gerekli hassasiyette olmak ve maalesef bunu bizzat deneyimlemek gerekiyordu. Bu arada ger\u00e7eklerle gelecek aras\u0131nda s\u0131k\u0131\u015f\u0131p kalmalar ba\u015flad\u0131.<\/p>\n<p>Kimileri bulduklar\u0131 ge\u00e7ici \u00e7\u00f6z\u00fcmlerle kimileri mecburen yarat\u0131lan \u00e7\u00f6z\u00fcmlerle bu s\u00fcreci atlatmaya \u00e7al\u0131\u015ft\u0131. Belki de fark etmeden son y\u0131llarda duymaya ba\u015flad\u0131\u011f\u0131m\u0131z yeni kavramlar, bu s\u00fcre\u00e7te kendi \u00e7\u00f6z\u00fcmlerini \u00fcretebiliyor olacak m\u0131yd\u0131?<\/p>\n<p>Yeni bir meslek, sosyal sorumluluk projelerinde yer alma, <strong><a href=\"https:\/\/www.kariyer.net\/ik-blog\/bir-kurumda-calisirken-girisimci-olmak-mumkun-mu\/\" target=\"_blank\" rel=\"noopener\">kurumsalda \u00e7al\u0131\u015f\u0131rken giri\u015fimci olma<\/a><\/strong>, dan\u0131\u015fmanl\u0131k hizmeti verme, kendi i\u015finin ba\u015f\u0131na ge\u00e7me, e-ticaret, i\u00e7erik \u00fcretimi, e\u011fitmenlik vb.<\/p>\n<p>Neydi bunlara y\u00f6nelten?<\/p>\n<ul>\n<li>Hayat\u0131n\u0131 art\u0131k belirli saatler aras\u0131nda ya\u015famama iste\u011fi,<\/li>\n<li>Var olma iste\u011fini kendi \u015fartlar\u0131nda belirleme,<\/li>\n<li>Sosyal olarak varl\u0131\u011f\u0131n\u0131 daha da hissederek ya\u015fama,<\/li>\n<li>Ya\u015fama sadece \u00e7al\u0131\u015fmak i\u00e7in de\u011fil de\u011fer katmak i\u00e7in geldi\u011fi inan\u0131\u015f\u0131,<\/li>\n<li>Sosyal ve g\u00f6n\u00fcll\u00fcl\u00fck esasl\u0131 yard\u0131mda bulunma iste\u011fi,<\/li>\n<li>Olas\u0131 bir i\u015ften \u00e7\u0131kar\u0131lma durumda zorda kalmamak,<\/li>\n<li>B\u00fct\u00e7esine ek gelir olu\u015fturmak,<\/li>\n<li>Kurumsaldan giri\u015fimcili\u011fe ge\u00e7i\u015f s\u00fcrecindeki istekler,<\/li>\n<li>Kurumunda isteklerini ger\u00e7ekle\u015ftirememi\u015f olmak vb.<\/li>\n<\/ul>\n<p>Uzay\u0131p gidebilecek bu listede g\u00f6r\u00fcld\u00fc\u011f\u00fc gibi herkesin kendine g\u00f6re bir nedeni olabilir. Belki ticaretin daha \u00e7ok yap\u0131lmak istenen bir i\u015f olmas\u0131, d\u00fcnyadaki teknolojik geli\u015fmelerin etkisi ya da bamba\u015fka bir neden&#8230; Net olan bir \u015fey var ki ana hedef ekonomik olarak kendi \u00f6zg\u00fcrl\u00fc\u011f\u00fcn\u00fc elinde tutma iste\u011fi!<\/p>\n<p>Hangi sebeple olursa olsun, \u00e7al\u0131\u015f\u0131rken 2. bir mesle\u011fe sahip olmak, kendini bu konuda geli\u015ftirmek, \u00e7al\u0131\u015fanken i\u015fveren olma durumu bu d\u00f6nemde geni\u015f bir kesimin hayali.<\/p>\n<p>Belki de i\u015f hayat\u0131na yeni kat\u0131lan ku\u015faklar ve pandemi nedeniyle yeniden \u015fekillenen i\u015f hayat\u0131 i\u00e7in bu ger\u00e7e\u011fi \u015fimdiden kabul etmek ve buna g\u00f6re \u00e7\u00f6z\u00fcmler \u00fcretmek gerekiyor. Kurumlar\u0131n hem \u00e7al\u0131\u015fanlar\u0131n\u0131n gelece\u011fi i\u00e7in hem de kurum i\u00e7inden giri\u015fimcilik \u00f6rnekleri \u00e7\u0131kmas\u0131 ad\u0131na \u00e7al\u0131\u015fanlar\u0131n\u0131 desteklemeleri \u00f6nemli. \u00c7al\u0131\u015fanlara sunulacak \u00f6zg\u00fcr geli\u015fim ortam\u0131, yeni d\u00f6nemde \u0130K alan\u0131nda \u00f6ncelikle de\u011ferlendirilmesi gereken konular\u0131n ba\u015f\u0131nda gelmelidir. B\u00f6ylece \u00e7al\u0131\u015fana sunulacak geli\u015fim f\u0131rsatlar\u0131n\u0131n da \u00f6n\u00fc a\u00e7\u0131labilir. \u00c7al\u0131\u015fan\u0131n yarat\u0131c\u0131l\u0131\u011f\u0131n\u0131 ortaya koymas\u0131na f\u0131rsat tan\u0131yan \u015firketler, ileri vadede kendilerine de yat\u0131r\u0131m yapm\u0131\u015f olacak. Bu nedenle aday ya da i\u015fveren olarak her iki taraf\u0131nda faydas\u0131na olacak bir k\u00fclt\u00fcr benimsemek ve bu k\u00fclt\u00fcr\u00fcn bir par\u00e7as\u0131 olmak gerekiyor.\u00a0Adaylar\u0131n da <strong><a href=\"https:\/\/www.kariyer.net\/is-ilanlari\" target=\"_blank\" rel=\"noopener\">i\u015f ilanlar\u0131<\/a><\/strong> aras\u0131ndan se\u00e7im yaparken, kendilerini kariyer hedeflerine ta\u015f\u0131yabilecek bir se\u00e7im yapmas\u0131 olduk\u00e7a \u00f6nemli.<\/p>\n<p><strong>Konuk Yazar:<\/strong> \u00d6zkan Ba\u015fak \/ \u0130K Dan\u0131\u015fman\u0131<\/p>\n<!-- templates\/buttons-placeholder.php -->\n<div class=\"da-reactions-outer TpostID14896\">\n\t    <div class=\"da-reactions-data da-reactions-container-async center\"\n         data-type=\"post\"\n         data-id=\"14896\"\n         id=\"da-reactions-slot-post-14896\">\n        <div class=\"da-reactions-static\">\n\t\t\t<img src=\"https:\/\/www.kariyer.net\/kariyer-rehberi\/wp-content\/plugins\/da-reactions\/assets\/dist\/loading.svg\" alt=\"Loading spinner\" width=\"48\" height=\"48\" style=\"width:48px\" \/>\n        <\/div>\n    <\/div>\n<\/div>\n","protected":false},"excerpt":{"rendered":"<p>G\u00fcn\u00fcm\u00fczde \u00e7al\u0131\u015fanlar, tek bir alanda ilerlemek yerine farkl\u0131 konularda da yeteneklerini ortaya koymaya \u00e7al\u0131\u015f\u0131yor. \u0130K Dan\u0131\u015fman\u0131 \u00d6zkan Ba\u015fak, \u00e7al\u0131\u015fanlar\u0131n kariyer hedeflerinde ya\u015fanan de\u011fi\u015fimi ve i\u015fverenlerin bu konuya nas\u0131l yakla\u015fmas\u0131 gerekti\u011fini yaz\u0131m\u0131zda anlat\u0131yor.\u00a0 Sa\u011fl\u0131ktan e\u011fitime, ekonomiden istihdama kadar hayat\u0131m\u0131z\u0131 ilgilendiren pek \u00e7ok konu pandemi s\u00fcrecinden fazlas\u0131yla etkilendi. Ba\u015flarda bilinmeyen bir konu, tan\u0131nmayan bir hastal\u0131k ve salg\u0131nd\u0131. [&hellip;]<\/p>\n<!-- templates\/buttons-placeholder.php -->\n<div class=\"da-reactions-outer TpostID14896\">\n\t    <div class=\"da-reactions-data da-reactions-container-async center\"\n         data-type=\"post\"\n         data-id=\"14896\"\n         id=\"da-reactions-slot-post-14896\">\n        <div class=\"da-reactions-static\">\n\t\t\t<img src=\"https:\/\/www.kariyer.net\/kariyer-rehberi\/wp-content\/plugins\/da-reactions\/assets\/dist\/loading.svg\" alt=\"Loading spinner\" width=\"48\" height=\"48\" style=\"width:48px\" \/>\n        <\/div>\n    <\/div>\n<\/div>\n","protected":false},"author":9,"featured_media":14899,"comment_status":"closed","ping_status":"open","sticky":false,"template":"","format":"standard","meta":{"footnotes":"","_elementor_edit_mode":"","_elementor_template_type":"","_elementor_data":"","_elementor_page_settings":null,"_elementor_conditions":[]},"categories":[2203,46,2214],"tags":[1486,752,1643,1747],"class_list":{"0":"post-14896","1":"post","2":"type-post","3":"status-publish","4":"format-standard","5":"has-post-thumbnail","7":"category-haberler-duyurular","8":"category-is-hayati","9":"category-yasam","10":"tag-corona","11":"tag-girisimcilik","12":"tag-kariyer-hedefleri","13":"tag-ozkan-basak"},"yoast_head":"<!-- This site is optimized with the Yoast SEO Premium plugin v21.4 (Yoast SEO v27.0) - https:\/\/yoast.com\/product\/yoast-seo-premium-wordpress\/ -->\n<title>Pandemi d\u00f6nemi kariyer hedeflerini de\u011fi\u015ftirdi mi? | Kariyer Rehberi<\/title>\n<meta name=\"description\" content=\"G\u00fcn\u00fcm\u00fczde \u00e7al\u0131\u015fanlar, tek bir alanda ilerlemek yerine farkl\u0131 konularda da yeteneklerini ortaya koymaya \u00e7al\u0131\u015f\u0131yor. \u0130K Dan\u0131\u015fman\u0131 \u00d6zkan Ba\u015fak, \u00e7al\u0131\u015fanlar\u0131n\" \/>\n<meta name=\"robots\" content=\"index, follow, max-snippet:-1, max-image-preview:large, max-video-preview:-1\" \/>\n<link rel=\"canonical\" href=\"https:\/\/www.kariyer.net\/kariyer-rehberi\/pandemi-donemi-kariyer-hedeflerini-degistirdi-mi\/\" \/>\n<meta property=\"og:locale\" content=\"tr_TR\" \/>\n<meta property=\"og:type\" content=\"article\" \/>\n<meta property=\"og:title\" content=\"Pandemi d\u00f6nemi kariyer hedeflerini de\u011fi\u015ftirdi mi?\" \/>\n<meta property=\"og:description\" content=\"G\u00fcn\u00fcm\u00fczde \u00e7al\u0131\u015fanlar, tek bir alanda ilerlemek yerine farkl\u0131 konularda da yeteneklerini ortaya koymaya \u00e7al\u0131\u015f\u0131yor. \u0130K Dan\u0131\u015fman\u0131 \u00d6zkan Ba\u015fak, \u00e7al\u0131\u015fanlar\u0131n\" \/>\n<meta property=\"og:url\" content=\"https:\/\/www.kariyer.net\/kariyer-rehberi\/pandemi-donemi-kariyer-hedeflerini-degistirdi-mi\/\" \/>\n<meta property=\"og:site_name\" content=\"Kariyer Rehberi\" \/>\n<meta property=\"article:published_time\" content=\"2021-05-27T07:00:40+00:00\" \/>\n<meta property=\"article:modified_time\" content=\"2024-08-08T18:09:07+00:00\" \/>\n<meta property=\"og:image\" content=\"https:\/\/www.kariyer.net\/kariyer-rehberi\/wp-content\/uploads\/2021\/05\/seramik_art.jpg\" \/>\n\t<meta property=\"og:image:width\" content=\"900\" \/>\n\t<meta property=\"og:image:height\" content=\"600\" \/>\n\t<meta property=\"og:image:type\" content=\"image\/jpeg\" \/>\n<meta name=\"author\" content=\"Konuk Yazar\" \/>\n<meta name=\"twitter:card\" content=\"summary_large_image\" \/>\n<meta name=\"twitter:label1\" content=\"Yazan:\" \/>\n\t<meta name=\"twitter:data1\" content=\"Konuk Yazar\" \/>\n\t<meta name=\"twitter:label2\" content=\"Tahmini okuma s\u00fcresi\" \/>\n\t<meta name=\"twitter:data2\" content=\"3 dakika\" \/>\n<!-- \/ Yoast SEO Premium plugin. -->","yoast_head_json":{"title":"Pandemi d\u00f6nemi kariyer hedeflerini de\u011fi\u015ftirdi mi? | Kariyer Rehberi","description":"G\u00fcn\u00fcm\u00fczde \u00e7al\u0131\u015fanlar, tek bir alanda ilerlemek yerine farkl\u0131 konularda da yeteneklerini ortaya koymaya \u00e7al\u0131\u015f\u0131yor. \u0130K Dan\u0131\u015fman\u0131 \u00d6zkan Ba\u015fak, \u00e7al\u0131\u015fanlar\u0131n","robots":{"index":"index","follow":"follow","max-snippet":"max-snippet:-1","max-image-preview":"max-image-preview:large","max-video-preview":"max-video-preview:-1"},"canonical":"https:\/\/www.kariyer.net\/kariyer-rehberi\/pandemi-donemi-kariyer-hedeflerini-degistirdi-mi\/","og_locale":"tr_TR","og_type":"article","og_title":"Pandemi d\u00f6nemi kariyer hedeflerini de\u011fi\u015ftirdi mi?","og_description":"G\u00fcn\u00fcm\u00fczde \u00e7al\u0131\u015fanlar, tek bir alanda ilerlemek yerine farkl\u0131 konularda da yeteneklerini ortaya koymaya \u00e7al\u0131\u015f\u0131yor. \u0130K Dan\u0131\u015fman\u0131 \u00d6zkan Ba\u015fak, \u00e7al\u0131\u015fanlar\u0131n","og_url":"https:\/\/www.kariyer.net\/kariyer-rehberi\/pandemi-donemi-kariyer-hedeflerini-degistirdi-mi\/","og_site_name":"Kariyer Rehberi","article_published_time":"2021-05-27T07:00:40+00:00","article_modified_time":"2024-08-08T18:09:07+00:00","og_image":[{"width":900,"height":600,"url":"https:\/\/www.kariyer.net\/kariyer-rehberi\/wp-content\/uploads\/2021\/05\/seramik_art.jpg","type":"image\/jpeg"}],"author":"Konuk Yazar","twitter_card":"summary_large_image","twitter_misc":{"Yazan:":"Konuk Yazar","Tahmini okuma s\u00fcresi":"3 dakika"},"schema":{"@context":"https:\/\/schema.org","@graph":[{"@type":"Article","@id":"https:\/\/www.kariyer.net\/kariyer-rehberi\/pandemi-donemi-kariyer-hedeflerini-degistirdi-mi\/#article","isPartOf":{"@id":"https:\/\/www.kariyer.net\/kariyer-rehberi\/pandemi-donemi-kariyer-hedeflerini-degistirdi-mi\/"},"author":{"name":"Konuk Yazar","@id":"https:\/\/www.kariyer.net\/kariyer-rehberi\/#\/schema\/person\/6154a58a8375a4df7f7fc847997c4657"},"headline":"Pandemi d\u00f6nemi kariyer hedeflerini de\u011fi\u015ftirdi mi?","datePublished":"2021-05-27T07:00:40+00:00","dateModified":"2024-08-08T18:09:07+00:00","mainEntityOfPage":{"@id":"https:\/\/www.kariyer.net\/kariyer-rehberi\/pandemi-donemi-kariyer-hedeflerini-degistirdi-mi\/"},"wordCount":618,"publisher":{"@id":"https:\/\/www.kariyer.net\/kariyer-rehberi\/#organization"},"image":{"@id":"https:\/\/www.kariyer.net\/kariyer-rehberi\/pandemi-donemi-kariyer-hedeflerini-degistirdi-mi\/#primaryimage"},"thumbnailUrl":"https:\/\/www.kariyer.net\/kariyer-rehberi\/wp-content\/uploads\/2021\/05\/seramik_art.jpg","keywords":["Corona","Giri\u015fimcilik","kariyer hedefleri","\u00d6zkan Ba\u015fak"],"articleSection":["Haberler ve Duyurular","\u0130\u015f Hayat\u0131","Ya\u015fam"],"inLanguage":"tr"},{"@type":"WebPage","@id":"https:\/\/www.kariyer.net\/kariyer-rehberi\/pandemi-donemi-kariyer-hedeflerini-degistirdi-mi\/","url":"https:\/\/www.kariyer.net\/kariyer-rehberi\/pandemi-donemi-kariyer-hedeflerini-degistirdi-mi\/","name":"Pandemi d\u00f6nemi kariyer hedeflerini de\u011fi\u015ftirdi mi? | Kariyer Rehberi","isPartOf":{"@id":"https:\/\/www.kariyer.net\/kariyer-rehberi\/#website"},"primaryImageOfPage":{"@id":"https:\/\/www.kariyer.net\/kariyer-rehberi\/pandemi-donemi-kariyer-hedeflerini-degistirdi-mi\/#primaryimage"},"image":{"@id":"https:\/\/www.kariyer.net\/kariyer-rehberi\/pandemi-donemi-kariyer-hedeflerini-degistirdi-mi\/#primaryimage"},"thumbnailUrl":"https:\/\/www.kariyer.net\/kariyer-rehberi\/wp-content\/uploads\/2021\/05\/seramik_art.jpg","datePublished":"2021-05-27T07:00:40+00:00","dateModified":"2024-08-08T18:09:07+00:00","description":"G\u00fcn\u00fcm\u00fczde \u00e7al\u0131\u015fanlar, tek bir alanda ilerlemek yerine farkl\u0131 konularda da yeteneklerini ortaya koymaya \u00e7al\u0131\u015f\u0131yor. \u0130K Dan\u0131\u015fman\u0131 \u00d6zkan Ba\u015fak, \u00e7al\u0131\u015fanlar\u0131n","breadcrumb":{"@id":"https:\/\/www.kariyer.net\/kariyer-rehberi\/pandemi-donemi-kariyer-hedeflerini-degistirdi-mi\/#breadcrumb"},"inLanguage":"tr","potentialAction":[{"@type":"ReadAction","target":["https:\/\/www.kariyer.net\/kariyer-rehberi\/pandemi-donemi-kariyer-hedeflerini-degistirdi-mi\/"]}]},{"@type":"ImageObject","inLanguage":"tr","@id":"https:\/\/www.kariyer.net\/kariyer-rehberi\/pandemi-donemi-kariyer-hedeflerini-degistirdi-mi\/#primaryimage","url":"https:\/\/www.kariyer.net\/kariyer-rehberi\/wp-content\/uploads\/2021\/05\/seramik_art.jpg","contentUrl":"https:\/\/www.kariyer.net\/kariyer-rehberi\/wp-content\/uploads\/2021\/05\/seramik_art.jpg","width":900,"height":600},{"@type":"BreadcrumbList","@id":"https:\/\/www.kariyer.net\/kariyer-rehberi\/pandemi-donemi-kariyer-hedeflerini-degistirdi-mi\/#breadcrumb","itemListElement":[{"@type":"ListItem","position":1,"name":"Anasayfa","item":"https:\/\/www.kariyer.net\/kariyer-rehberi\/"},{"@type":"ListItem","position":2,"name":"Pandemi d\u00f6nemi kariyer hedeflerini de\u011fi\u015ftirdi mi?"}]},{"@type":"WebSite","@id":"https:\/\/www.kariyer.net\/kariyer-rehberi\/#website","url":"https:\/\/www.kariyer.net\/kariyer-rehberi\/","name":"Kariyer Rehberi","description":"\u0130\u015f D\u00fcnyas\u0131yla \u0130lgili Bilmek \u0130stedi\u011finiz Her \u015eey","publisher":{"@id":"https:\/\/www.kariyer.net\/kariyer-rehberi\/#organization"},"potentialAction":[{"@type":"SearchAction","target":{"@type":"EntryPoint","urlTemplate":"https:\/\/www.kariyer.net\/kariyer-rehberi\/?s={search_term_string}"},"query-input":{"@type":"PropertyValueSpecification","valueRequired":true,"valueName":"search_term_string"}}],"inLanguage":"tr"},{"@type":"Organization","@id":"https:\/\/www.kariyer.net\/kariyer-rehberi\/#organization","name":"Kariyer.net","url":"https:\/\/www.kariyer.net\/kariyer-rehberi\/","logo":{"@type":"ImageObject","inLanguage":"tr","@id":"https:\/\/www.kariyer.net\/kariyer-rehberi\/#\/schema\/logo\/image\/","url":"https:\/\/www.kariyer.net\/kariyer-rehberi-new\/wp-content\/uploads\/2023\/01\/og-image11.jpg","contentUrl":"https:\/\/www.kariyer.net\/kariyer-rehberi-new\/wp-content\/uploads\/2023\/01\/og-image11.jpg","width":800,"height":800,"caption":"Kariyer.net"},"image":{"@id":"https:\/\/www.kariyer.net\/kariyer-rehberi\/#\/schema\/logo\/image\/"}},{"@type":"Person","@id":"https:\/\/www.kariyer.net\/kariyer-rehberi\/#\/schema\/person\/6154a58a8375a4df7f7fc847997c4657","name":"Konuk Yazar","image":{"@type":"ImageObject","inLanguage":"tr","@id":"https:\/\/www.kariyer.net\/kariyer-rehberi\/#\/schema\/person\/image\/","url":"https:\/\/secure.gravatar.com\/avatar\/f03aa189ddb09160e6f0ad7e5e2c4b69c7102a041cc145a1e45a96f0100baa41?s=96&d=mm&r=g","contentUrl":"https:\/\/secure.gravatar.com\/avatar\/f03aa189ddb09160e6f0ad7e5e2c4b69c7102a041cc145a1e45a96f0100baa41?s=96&d=mm&r=g","caption":"Konuk Yazar"},"url":"https:\/\/www.kariyer.net\/kariyer-rehberi\/author\/konukyazar\/"}]}},"_links":{"self":[{"href":"https:\/\/www.kariyer.net\/kariyer-rehberi\/wp-json\/wp\/v2\/posts\/14896","targetHints":{"allow":["GET"]}}],"collection":[{"href":"https:\/\/www.kariyer.net\/kariyer-rehberi\/wp-json\/wp\/v2\/posts"}],"about":[{"href":"https:\/\/www.kariyer.net\/kariyer-rehberi\/wp-json\/wp\/v2\/types\/post"}],"author":[{"embeddable":true,"href":"https:\/\/www.kariyer.net\/kariyer-rehberi\/wp-json\/wp\/v2\/users\/9"}],"replies":[{"embeddable":true,"href":"https:\/\/www.kariyer.net\/kariyer-rehberi\/wp-json\/wp\/v2\/comments?post=14896"}],"version-history":[{"count":1,"href":"https:\/\/www.kariyer.net\/kariyer-rehberi\/wp-json\/wp\/v2\/posts\/14896\/revisions"}],"predecessor-version":[{"id":18577,"href":"https:\/\/www.kariyer.net\/kariyer-rehberi\/wp-json\/wp\/v2\/posts\/14896\/revisions\/18577"}],"wp:featuredmedia":[{"embeddable":true,"href":"https:\/\/www.kariyer.net\/kariyer-rehberi\/wp-json\/wp\/v2\/media\/14899"}],"wp:attachment":[{"href":"https:\/\/www.kariyer.net\/kariyer-rehberi\/wp-json\/wp\/v2\/media?parent=14896"}],"wp:term":[{"taxonomy":"category","embeddable":true,"href":"https:\/\/www.kariyer.net\/kariyer-rehberi\/wp-json\/wp\/v2\/categories?post=14896"},{"taxonomy":"post_tag","embeddable":true,"href":"https:\/\/www.kariyer.net\/kariyer-rehberi\/wp-json\/wp\/v2\/tags?post=14896"}],"curies":[{"name":"wp","href":"https:\/\/api.w.org\/{rel}","templated":true}]}}