{"id":14982,"date":"2021-06-16T12:07:03","date_gmt":"2021-06-16T09:07:03","guid":{"rendered":"https:\/\/www.kariyer.net\/kariyer-rehberi\/?p=14982"},"modified":"2024-08-08T21:09:06","modified_gmt":"2024-08-08T18:09:06","slug":"yeni-mezunlara-ozel-kariyer-gunleri-fuari-basliyor","status":"publish","type":"post","link":"https:\/\/www.kariyer.net\/kariyer-rehberi\/yeni-mezunlara-ozel-kariyer-gunleri-fuari-basliyor\/","title":{"rendered":"Yeni mezunlara \u00f6zel &#8220;Kariyer G\u00fcnleri&#8221; fuar\u0131 ba\u015fl\u0131yor!"},"content":{"rendered":"<p><strong>Kariyer yolunda en do\u011fru ad\u0131mlar\u0131 atman i\u00e7in online\u00a0 \u201cKariyer G\u00fcnleri\u201d etkinli\u011fimizi s\u00fcrd\u00fcr\u00fcyoruz. Yeni mezunsan, kariyer basamaklar\u0131n\u0131 \u00e7\u0131kmaya hemen ba\u015flamak istiyorsan, 23-24 Haziran&#8217;da yap\u0131lacak etkinli\u011fimizi sak\u0131n ka\u00e7\u0131rma!<\/strong><\/p>\n<p>23-24 Haziran 2021 tarihlerinde yap\u0131lacak Kariyer G\u00fcnleri\u2019nde, onlarca \u015firketin insan kaynaklar\u0131 y\u00f6neticileriyle tan\u0131\u015fma f\u0131rsat\u0131 seni bekliyor. Online olarak ger\u00e7ekle\u015fecek fuara kat\u0131larak, \u015firketlerin insan kaynaklar\u0131 y\u00f6neticileri ile tan\u0131\u015fabilir, merak etti\u011fin konulardaki sorular\u0131na do\u011frudan i\u015fin uzmanlar\u0131ndan yan\u0131t alabilirsin. Bilgisayar\u0131ndan veya tabletinden bire bir sohbetlere, seminerlere kat\u0131labilirsin. Ayr\u0131ca firmalar\u0131n sundu\u011fu i\u015f ya da staj f\u0131rsatlar\u0131ndan birini yakalama \u015fans\u0131 da bu fuarda!<\/p>\n<p>Hadi, online kariyer fuar\u0131na kat\u0131l, kariyer basamaklar\u0131n\u0131 \u00e7\u0131kmaya hemen ba\u015fla!<\/p>\n<p><strong><a href=\"https:\/\/bit.ly\/3cNp1uv\" target=\"_blank\" rel=\"noopener\">HEMEN KAYDOL<\/a><\/strong><\/p>\n<!-- templates\/buttons-placeholder.php -->\n<div class=\"da-reactions-outer TpostID14982\">\n\t    <div class=\"da-reactions-data da-reactions-container-async center\"\n         data-type=\"post\"\n         data-id=\"14982\"\n         id=\"da-reactions-slot-post-14982\">\n        <div class=\"da-reactions-static\">\n\t\t\t<img src=\"https:\/\/www.kariyer.net\/kariyer-rehberi\/wp-content\/plugins\/da-reactions\/assets\/dist\/loading.svg\" alt=\"Loading spinner\" width=\"48\" height=\"48\" style=\"width:48px\" \/>\n        <\/div>\n    <\/div>\n<\/div>\n","protected":false},"excerpt":{"rendered":"<p>Kariyer yolunda en do\u011fru ad\u0131mlar\u0131 atman i\u00e7in online\u00a0 \u201cKariyer G\u00fcnleri\u201d etkinli\u011fimizi s\u00fcrd\u00fcr\u00fcyoruz. Yeni mezunsan, kariyer basamaklar\u0131n\u0131 \u00e7\u0131kmaya hemen ba\u015flamak istiyorsan, 23-24 Haziran&#8217;da yap\u0131lacak etkinli\u011fimizi sak\u0131n ka\u00e7\u0131rma! 23-24 Haziran 2021 tarihlerinde yap\u0131lacak Kariyer G\u00fcnleri\u2019nde, onlarca \u015firketin insan kaynaklar\u0131 y\u00f6neticileriyle tan\u0131\u015fma f\u0131rsat\u0131 seni bekliyor. Online olarak ger\u00e7ekle\u015fecek fuara kat\u0131larak, \u015firketlerin insan kaynaklar\u0131 y\u00f6neticileri ile tan\u0131\u015fabilir, merak etti\u011fin [&hellip;]<\/p>\n<!-- templates\/buttons-placeholder.php -->\n<div class=\"da-reactions-outer TpostID14982\">\n\t    <div class=\"da-reactions-data da-reactions-container-async center\"\n         data-type=\"post\"\n         data-id=\"14982\"\n         id=\"da-reactions-slot-post-14982\">\n        <div class=\"da-reactions-static\">\n\t\t\t<img src=\"https:\/\/www.kariyer.net\/kariyer-rehberi\/wp-content\/plugins\/da-reactions\/assets\/dist\/loading.svg\" alt=\"Loading spinner\" width=\"48\" height=\"48\" style=\"width:48px\" \/>\n        <\/div>\n    <\/div>\n<\/div>\n","protected":false},"author":12,"featured_media":14987,"comment_status":"closed","ping_status":"open","sticky":false,"template":"","format":"standard","meta":{"footnotes":"","_elementor_edit_mode":"","_elementor_template_type":"","_elementor_data":"","_elementor_page_settings":null,"_elementor_conditions":[]},"categories":[2211,2214],"tags":[122,258],"class_list":{"0":"post-14982","1":"post","2":"type-post","3":"status-publish","4":"format-standard","5":"has-post-thumbnail","7":"category-kariyer-gelisimi","8":"category-yasam","9":"tag-kariyer-gunleri","10":"tag-kariyer-net"},"yoast_head":"<!-- This site is optimized with the Yoast SEO Premium plugin v21.4 (Yoast SEO v27.0) - https:\/\/yoast.com\/product\/yoast-seo-premium-wordpress\/ -->\n<title>Yeni mezunlara \u00f6zel &quot;Kariyer G\u00fcnleri&quot; fuar\u0131 ba\u015fl\u0131yor! | Kariyer Rehberi<\/title>\n<meta name=\"description\" content=\"Kariyer yolunda en do\u011fru ad\u0131mlar\u0131 atman i\u00e7in online\u00a0 \u201cKariyer G\u00fcnleri\u201d etkinli\u011fimizi s\u00fcrd\u00fcr\u00fcyoruz. Yeni mezunsan, kariyer basamaklar\u0131n\u0131 \u00e7\u0131kmaya hemen\" \/>\n<meta name=\"robots\" content=\"index, follow, max-snippet:-1, max-image-preview:large, max-video-preview:-1\" \/>\n<link rel=\"canonical\" href=\"https:\/\/www.kariyer.net\/kariyer-rehberi\/yeni-mezunlara-ozel-kariyer-gunleri-fuari-basliyor\/\" \/>\n<meta property=\"og:locale\" content=\"tr_TR\" \/>\n<meta property=\"og:type\" content=\"article\" \/>\n<meta property=\"og:title\" content=\"Yeni mezunlara \u00f6zel &quot;Kariyer G\u00fcnleri&quot; fuar\u0131 ba\u015fl\u0131yor!\" \/>\n<meta property=\"og:description\" content=\"Kariyer yolunda en do\u011fru ad\u0131mlar\u0131 atman i\u00e7in online\u00a0 \u201cKariyer G\u00fcnleri\u201d etkinli\u011fimizi s\u00fcrd\u00fcr\u00fcyoruz. Yeni mezunsan, kariyer basamaklar\u0131n\u0131 \u00e7\u0131kmaya hemen\" \/>\n<meta property=\"og:url\" content=\"https:\/\/www.kariyer.net\/kariyer-rehberi\/yeni-mezunlara-ozel-kariyer-gunleri-fuari-basliyor\/\" \/>\n<meta property=\"og:site_name\" content=\"Kariyer Rehberi\" \/>\n<meta property=\"article:published_time\" content=\"2021-06-16T09:07:03+00:00\" \/>\n<meta property=\"article:modified_time\" content=\"2024-08-08T18:09:06+00:00\" \/>\n<meta property=\"og:image\" content=\"https:\/\/www.kariyer.net\/kariyer-rehberi\/wp-content\/uploads\/2021\/06\/kariyer_gunleri.png\" \/>\n\t<meta property=\"og:image:width\" content=\"900\" \/>\n\t<meta property=\"og:image:height\" content=\"600\" \/>\n\t<meta property=\"og:image:type\" content=\"image\/png\" \/>\n<meta name=\"author\" content=\"Edit\u00f6r\" \/>\n<meta name=\"twitter:card\" content=\"summary_large_image\" \/>\n<meta name=\"twitter:label1\" content=\"Yazan:\" \/>\n\t<meta name=\"twitter:data1\" content=\"Edit\u00f6r\" \/>\n\t<meta name=\"twitter:label2\" content=\"Tahmini okuma s\u00fcresi\" \/>\n\t<meta name=\"twitter:data2\" content=\"1 dakika\" \/>\n<!-- \/ Yoast SEO Premium plugin. -->","yoast_head_json":{"title":"Yeni mezunlara \u00f6zel \"Kariyer G\u00fcnleri\" fuar\u0131 ba\u015fl\u0131yor! | Kariyer Rehberi","description":"Kariyer yolunda en do\u011fru ad\u0131mlar\u0131 atman i\u00e7in online\u00a0 \u201cKariyer G\u00fcnleri\u201d etkinli\u011fimizi s\u00fcrd\u00fcr\u00fcyoruz. Yeni mezunsan, kariyer basamaklar\u0131n\u0131 \u00e7\u0131kmaya hemen","robots":{"index":"index","follow":"follow","max-snippet":"max-snippet:-1","max-image-preview":"max-image-preview:large","max-video-preview":"max-video-preview:-1"},"canonical":"https:\/\/www.kariyer.net\/kariyer-rehberi\/yeni-mezunlara-ozel-kariyer-gunleri-fuari-basliyor\/","og_locale":"tr_TR","og_type":"article","og_title":"Yeni mezunlara \u00f6zel \"Kariyer G\u00fcnleri\" fuar\u0131 ba\u015fl\u0131yor!","og_description":"Kariyer yolunda en do\u011fru ad\u0131mlar\u0131 atman i\u00e7in online\u00a0 \u201cKariyer G\u00fcnleri\u201d etkinli\u011fimizi s\u00fcrd\u00fcr\u00fcyoruz. Yeni mezunsan, kariyer basamaklar\u0131n\u0131 \u00e7\u0131kmaya hemen","og_url":"https:\/\/www.kariyer.net\/kariyer-rehberi\/yeni-mezunlara-ozel-kariyer-gunleri-fuari-basliyor\/","og_site_name":"Kariyer Rehberi","article_published_time":"2021-06-16T09:07:03+00:00","article_modified_time":"2024-08-08T18:09:06+00:00","og_image":[{"width":900,"height":600,"url":"https:\/\/www.kariyer.net\/kariyer-rehberi\/wp-content\/uploads\/2021\/06\/kariyer_gunleri.png","type":"image\/png"}],"author":"Edit\u00f6r","twitter_card":"summary_large_image","twitter_misc":{"Yazan:":"Edit\u00f6r","Tahmini okuma s\u00fcresi":"1 dakika"},"schema":{"@context":"https:\/\/schema.org","@graph":[{"@type":"Article","@id":"https:\/\/www.kariyer.net\/kariyer-rehberi\/yeni-mezunlara-ozel-kariyer-gunleri-fuari-basliyor\/#article","isPartOf":{"@id":"https:\/\/www.kariyer.net\/kariyer-rehberi\/yeni-mezunlara-ozel-kariyer-gunleri-fuari-basliyor\/"},"author":{"name":"Edit\u00f6r","@id":"https:\/\/www.kariyer.net\/kariyer-rehberi\/#\/schema\/person\/94fd6e49c7ff1b1b2565a2cc4fd685dd"},"headline":"Yeni mezunlara \u00f6zel &#8220;Kariyer G\u00fcnleri&#8221; fuar\u0131 ba\u015fl\u0131yor!","datePublished":"2021-06-16T09:07:03+00:00","dateModified":"2024-08-08T18:09:06+00:00","mainEntityOfPage":{"@id":"https:\/\/www.kariyer.net\/kariyer-rehberi\/yeni-mezunlara-ozel-kariyer-gunleri-fuari-basliyor\/"},"wordCount":148,"publisher":{"@id":"https:\/\/www.kariyer.net\/kariyer-rehberi\/#organization"},"image":{"@id":"https:\/\/www.kariyer.net\/kariyer-rehberi\/yeni-mezunlara-ozel-kariyer-gunleri-fuari-basliyor\/#primaryimage"},"thumbnailUrl":"https:\/\/www.kariyer.net\/kariyer-rehberi\/wp-content\/uploads\/2021\/06\/kariyer_gunleri.png","keywords":["kariyer g\u00fcnleri","kariyer.net"],"articleSection":["Kariyer Geli\u015fimi","Ya\u015fam"],"inLanguage":"tr"},{"@type":"WebPage","@id":"https:\/\/www.kariyer.net\/kariyer-rehberi\/yeni-mezunlara-ozel-kariyer-gunleri-fuari-basliyor\/","url":"https:\/\/www.kariyer.net\/kariyer-rehberi\/yeni-mezunlara-ozel-kariyer-gunleri-fuari-basliyor\/","name":"Yeni mezunlara \u00f6zel \"Kariyer G\u00fcnleri\" fuar\u0131 ba\u015fl\u0131yor! | Kariyer Rehberi","isPartOf":{"@id":"https:\/\/www.kariyer.net\/kariyer-rehberi\/#website"},"primaryImageOfPage":{"@id":"https:\/\/www.kariyer.net\/kariyer-rehberi\/yeni-mezunlara-ozel-kariyer-gunleri-fuari-basliyor\/#primaryimage"},"image":{"@id":"https:\/\/www.kariyer.net\/kariyer-rehberi\/yeni-mezunlara-ozel-kariyer-gunleri-fuari-basliyor\/#primaryimage"},"thumbnailUrl":"https:\/\/www.kariyer.net\/kariyer-rehberi\/wp-content\/uploads\/2021\/06\/kariyer_gunleri.png","datePublished":"2021-06-16T09:07:03+00:00","dateModified":"2024-08-08T18:09:06+00:00","description":"Kariyer yolunda en do\u011fru ad\u0131mlar\u0131 atman i\u00e7in online\u00a0 \u201cKariyer G\u00fcnleri\u201d etkinli\u011fimizi s\u00fcrd\u00fcr\u00fcyoruz. Yeni mezunsan, kariyer basamaklar\u0131n\u0131 \u00e7\u0131kmaya hemen","breadcrumb":{"@id":"https:\/\/www.kariyer.net\/kariyer-rehberi\/yeni-mezunlara-ozel-kariyer-gunleri-fuari-basliyor\/#breadcrumb"},"inLanguage":"tr","potentialAction":[{"@type":"ReadAction","target":["https:\/\/www.kariyer.net\/kariyer-rehberi\/yeni-mezunlara-ozel-kariyer-gunleri-fuari-basliyor\/"]}]},{"@type":"ImageObject","inLanguage":"tr","@id":"https:\/\/www.kariyer.net\/kariyer-rehberi\/yeni-mezunlara-ozel-kariyer-gunleri-fuari-basliyor\/#primaryimage","url":"https:\/\/www.kariyer.net\/kariyer-rehberi\/wp-content\/uploads\/2021\/06\/kariyer_gunleri.png","contentUrl":"https:\/\/www.kariyer.net\/kariyer-rehberi\/wp-content\/uploads\/2021\/06\/kariyer_gunleri.png","width":900,"height":600},{"@type":"BreadcrumbList","@id":"https:\/\/www.kariyer.net\/kariyer-rehberi\/yeni-mezunlara-ozel-kariyer-gunleri-fuari-basliyor\/#breadcrumb","itemListElement":[{"@type":"ListItem","position":1,"name":"Anasayfa","item":"https:\/\/www.kariyer.net\/kariyer-rehberi\/"},{"@type":"ListItem","position":2,"name":"Yeni mezunlara \u00f6zel &#8220;Kariyer G\u00fcnleri&#8221; fuar\u0131 ba\u015fl\u0131yor!"}]},{"@type":"WebSite","@id":"https:\/\/www.kariyer.net\/kariyer-rehberi\/#website","url":"https:\/\/www.kariyer.net\/kariyer-rehberi\/","name":"Kariyer Rehberi","description":"\u0130\u015f D\u00fcnyas\u0131yla \u0130lgili Bilmek \u0130stedi\u011finiz Her \u015eey","publisher":{"@id":"https:\/\/www.kariyer.net\/kariyer-rehberi\/#organization"},"potentialAction":[{"@type":"SearchAction","target":{"@type":"EntryPoint","urlTemplate":"https:\/\/www.kariyer.net\/kariyer-rehberi\/?s={search_term_string}"},"query-input":{"@type":"PropertyValueSpecification","valueRequired":true,"valueName":"search_term_string"}}],"inLanguage":"tr"},{"@type":"Organization","@id":"https:\/\/www.kariyer.net\/kariyer-rehberi\/#organization","name":"Kariyer.net","url":"https:\/\/www.kariyer.net\/kariyer-rehberi\/","logo":{"@type":"ImageObject","inLanguage":"tr","@id":"https:\/\/www.kariyer.net\/kariyer-rehberi\/#\/schema\/logo\/image\/","url":"https:\/\/www.kariyer.net\/kariyer-rehberi-new\/wp-content\/uploads\/2023\/01\/og-image11.jpg","contentUrl":"https:\/\/www.kariyer.net\/kariyer-rehberi-new\/wp-content\/uploads\/2023\/01\/og-image11.jpg","width":800,"height":800,"caption":"Kariyer.net"},"image":{"@id":"https:\/\/www.kariyer.net\/kariyer-rehberi\/#\/schema\/logo\/image\/"}},{"@type":"Person","@id":"https:\/\/www.kariyer.net\/kariyer-rehberi\/#\/schema\/person\/94fd6e49c7ff1b1b2565a2cc4fd685dd","name":"Edit\u00f6r","image":{"@type":"ImageObject","inLanguage":"tr","@id":"https:\/\/www.kariyer.net\/kariyer-rehberi\/#\/schema\/person\/image\/","url":"https:\/\/secure.gravatar.com\/avatar\/0c4fe6688343aed3693b15573beae12c08ace5565409d5ab7509bf9c115f458d?s=96&d=mm&r=g","contentUrl":"https:\/\/secure.gravatar.com\/avatar\/0c4fe6688343aed3693b15573beae12c08ace5565409d5ab7509bf9c115f458d?s=96&d=mm&r=g","caption":"Edit\u00f6r"},"url":"https:\/\/www.kariyer.net\/kariyer-rehberi\/author\/editor\/"}]}},"_links":{"self":[{"href":"https:\/\/www.kariyer.net\/kariyer-rehberi\/wp-json\/wp\/v2\/posts\/14982","targetHints":{"allow":["GET"]}}],"collection":[{"href":"https:\/\/www.kariyer.net\/kariyer-rehberi\/wp-json\/wp\/v2\/posts"}],"about":[{"href":"https:\/\/www.kariyer.net\/kariyer-rehberi\/wp-json\/wp\/v2\/types\/post"}],"author":[{"embeddable":true,"href":"https:\/\/www.kariyer.net\/kariyer-rehberi\/wp-json\/wp\/v2\/users\/12"}],"replies":[{"embeddable":true,"href":"https:\/\/www.kariyer.net\/kariyer-rehberi\/wp-json\/wp\/v2\/comments?post=14982"}],"version-history":[{"count":1,"href":"https:\/\/www.kariyer.net\/kariyer-rehberi\/wp-json\/wp\/v2\/posts\/14982\/revisions"}],"predecessor-version":[{"id":19460,"href":"https:\/\/www.kariyer.net\/kariyer-rehberi\/wp-json\/wp\/v2\/posts\/14982\/revisions\/19460"}],"wp:featuredmedia":[{"embeddable":true,"href":"https:\/\/www.kariyer.net\/kariyer-rehberi\/wp-json\/wp\/v2\/media\/14987"}],"wp:attachment":[{"href":"https:\/\/www.kariyer.net\/kariyer-rehberi\/wp-json\/wp\/v2\/media?parent=14982"}],"wp:term":[{"taxonomy":"category","embeddable":true,"href":"https:\/\/www.kariyer.net\/kariyer-rehberi\/wp-json\/wp\/v2\/categories?post=14982"},{"taxonomy":"post_tag","embeddable":true,"href":"https:\/\/www.kariyer.net\/kariyer-rehberi\/wp-json\/wp\/v2\/tags?post=14982"}],"curies":[{"name":"wp","href":"https:\/\/api.w.org\/{rel}","templated":true}]}}