{"id":15202,"date":"2021-08-06T13:08:49","date_gmt":"2021-08-06T10:08:49","guid":{"rendered":"https:\/\/www.kariyer.net\/kariyer-rehberi\/?p=15202"},"modified":"2024-08-08T21:09:06","modified_gmt":"2024-08-08T18:09:06","slug":"universite-mezunlari-icinde-kimler-daha-hizli-ise-giriyor","status":"publish","type":"post","link":"https:\/\/www.kariyer.net\/kariyer-rehberi\/universite-mezunlari-icinde-kimler-daha-hizli-ise-giriyor\/","title":{"rendered":"\u00dcniversite mezunlar\u0131 i\u00e7inde kimler daha h\u0131zl\u0131 i\u015fe giriyor?"},"content":{"rendered":"<p><strong>Ge\u00e7ti\u011fimiz y\u0131l ilkini\u00a0yay\u0131nlad\u0131\u011f\u0131m\u0131z \u0130\u015fveren \u0130lgi Endeksi\u2019mizin ikincisi ile kar\u015f\u0131n\u0131zday\u0131z. Kariyer.net\u2019te son 10 y\u0131lda i\u015fe al\u0131m faaliyeti ger\u00e7ekle\u015ftirmi\u015f 88 bin i\u015fverenin 493 bin i\u015fe al\u0131m sorumlusunun 220 milyon dijital ayak izinden yola \u00e7\u0131karak, akademisyenlerden olu\u015fan dan\u0131\u015fman kadromuzun da y\u00f6nlendirmeleriyle bir \u00e7al\u0131\u015fma geli\u015ftirdik. Bu \u00e7al\u0131\u015fmayla \u201c\u00dcniversite mezunlar\u0131 i\u00e7inde kimler daha h\u0131zl\u0131 i\u015fe giriyor?\u201d sorusunun cevab\u0131n\u0131 veriyoruz.<\/strong><\/p>\n<p>Elbette \u00fcniversite tercihi yaparken, sadece \u201cmezuniyet sonras\u0131 daha kolay i\u015f bulmak\u201d ama\u00e7l\u0131 konuya yakla\u015fmamak gerekiyor. \u0130lgili ara\u015ft\u0131rma sonu\u00e7lar\u0131na bakt\u0131\u011f\u0131m\u0131zda bu kriterin \u00f6nemli oldu\u011funu g\u00f6r\u00fcyoruz; ancak meslek se\u00e7iminin t\u00fcm hayat\u0131m\u0131z\u0131 etkiledi\u011fini d\u00fc\u015f\u00fcnd\u00fc\u011f\u00fcm\u00fczde farkl\u0131 kriterlerimizin de olmas\u0131 gerekiyor.<\/p>\n<p>Bu noktada <strong><a href=\"https:\/\/www.kariyer.net\/en-iyi-universiteler\/hakkinda\" target=\"_blank\" rel=\"noopener\">\u0130\u015fveren \u0130lgi Endeksi<\/a><\/strong>\u2019nin \u00fcniversite tercihi yapacak gen\u00e7lerimize yard\u0131mc\u0131 olan bir \u00e7al\u0131\u015fma olmas\u0131n\u0131 umuyoruz.<\/p>\n<p>Bu seneki \u00e7\u0131kt\u0131lar\u0131m\u0131z 2020 y\u0131l\u0131 i\u00e7erisinde i\u015fverenlerin;<\/p>\n<ul>\n<li>Hangi \u00fcniversiteler<\/li>\n<li>Hangi b\u00f6l\u00fcmler<\/li>\n<li>Hangi \u00dcniversite + B\u00f6l\u00fcm kombinasyonlar\u0131na daha fazla ilgi g\u00f6sterdi\u011fini yans\u0131tmakta.<\/li>\n<\/ul>\n<h3><strong>2020\u2019nin Top \u00dcniversiteleri<\/strong><\/h3>\n<p><a href=\"https:\/\/www.kariyer.net\/kariyer-rehberi\/wp-content\/uploads\/2021\/08\/tablo-1.png\"><img fetchpriority=\"high\" decoding=\"async\" class=\"aligncenter wp-image-15188\" src=\"https:\/\/www.kariyer.net\/kariyer-rehberi\/wp-content\/uploads\/2021\/08\/tablo-1.png\" alt=\"\" width=\"570\" height=\"299\" srcset=\"https:\/\/www.kariyer.net\/kariyer-rehberi\/wp-content\/uploads\/2021\/08\/tablo-1.png 715w, https:\/\/www.kariyer.net\/kariyer-rehberi\/wp-content\/uploads\/2021\/08\/tablo-1-300x157.png 300w, https:\/\/www.kariyer.net\/kariyer-rehberi\/wp-content\/uploads\/2021\/08\/tablo-1-696x365.png 696w\" sizes=\"(max-width: 570px) 100vw, 570px\" \/><\/a><\/p>\n<p>Listede ge\u00e7en seneki s\u0131ralamalar\u0131n \u00e7ok de\u011fi\u015fmedi\u011fini s\u00f6yleyebiliriz.<\/p>\n<p>Listede en dikkat \u00e7eken \u00fcniversite, 3 s\u0131ra birden y\u00fckselerek pandemi d\u00f6neminde i\u015fverenin ilgisini daha da fazla \u00e7ekmeye ba\u015flayan T\u00fcrk Alman \u00dcniversitesi oldu. Detayl\u0131 listeye ula\u015fmak i\u00e7in <strong><a href=\"https:\/\/www.kariyer.net\/en-iyi-universiteler\/hakkinda\" target=\"_blank\" rel=\"noopener\">\u0130\u015fveren \u0130lgi Endeksi<\/a><\/strong> sayfas\u0131n\u0131 ziyaret edebilirsiniz.<\/p>\n<h3><strong>2020\u2019nin Top B\u00f6l\u00fcmleri<\/strong><\/h3>\n<p><a href=\"https:\/\/www.kariyer.net\/kariyer-rehberi\/wp-content\/uploads\/2021\/08\/tablo2.png\"><img decoding=\"async\" class=\"aligncenter size-full wp-image-15190\" src=\"https:\/\/www.kariyer.net\/kariyer-rehberi\/wp-content\/uploads\/2021\/08\/tablo2.png\" alt=\"\" width=\"564\" height=\"341\" srcset=\"https:\/\/www.kariyer.net\/kariyer-rehberi\/wp-content\/uploads\/2021\/08\/tablo2.png 564w, https:\/\/www.kariyer.net\/kariyer-rehberi\/wp-content\/uploads\/2021\/08\/tablo2-300x181.png 300w\" sizes=\"(max-width: 564px) 100vw, 564px\" \/><\/a><\/p>\n<p>B\u00f6l\u00fcmlerde de ge\u00e7en seneki s\u0131ralamalar\u0131n \u00e7ok de\u011fi\u015fmedi\u011fini s\u00f6yleyebiliriz. Top 10\u2019da 6 adet m\u00fchendislik b\u00f6l\u00fcm\u00fc olmas\u0131 dikkat \u00e7ekiyor.<\/p>\n<p>En dikkat \u00e7eken de\u011fi\u015fiklik ise 10 s\u0131ra y\u00fckselerek listeye bu sene 7. s\u0131rada giren Kimya-Biyoloji M\u00fchendisli\u011fi b\u00f6l\u00fcm\u00fcnde oldu.<\/p>\n<h3><strong>Devlet ve Vak\u0131f \u00dcniversitelerinin En G\u00f6zdeleri<\/strong><\/h3>\n<p>\u0130\u015fverenlerin en \u00e7ok tercih etti\u011fi \u00fcniversitelere vak\u0131f ve devlet \u00fcniversitesi k\u0131r\u0131l\u0131m\u0131nda bakt\u0131\u011f\u0131m\u0131zda kar\u015f\u0131m\u0131za \u015f\u00f6yle bir tablo \u00e7\u0131k\u0131yor:<\/p>\n<p><img decoding=\"async\" class=\"alignnone size-full wp-image-15239\" src=\"https:\/\/www.kariyer.net\/kariyer-rehberi\/wp-content\/uploads\/2021\/08\/tablo-3-1.png\" alt=\"\" width=\"903\" height=\"329\" srcset=\"https:\/\/www.kariyer.net\/kariyer-rehberi\/wp-content\/uploads\/2021\/08\/tablo-3-1.png 903w, https:\/\/www.kariyer.net\/kariyer-rehberi\/wp-content\/uploads\/2021\/08\/tablo-3-1-300x109.png 300w, https:\/\/www.kariyer.net\/kariyer-rehberi\/wp-content\/uploads\/2021\/08\/tablo-3-1-768x280.png 768w, https:\/\/www.kariyer.net\/kariyer-rehberi\/wp-content\/uploads\/2021\/08\/tablo-3-1-696x254.png 696w\" sizes=\"(max-width: 903px) 100vw, 903px\" \/><\/p>\n<h3><strong>Hangi B\u00f6l\u00fcm Mezunlar\u0131 \u015eirketlerin Radar\u0131nda?<\/strong><\/h3>\n<p>2020 y\u0131l\u0131nda pandemi s\u00fcrecinde i\u015fverenler taraf\u0131ndan en fazla talep art\u0131\u015f\u0131 g\u00f6rd\u00fc\u011f\u00fcm\u00fcz b\u00f6l\u00fcmler;<\/p>\n<ul>\n<li>Yaz\u0131l\u0131m\/Bili\u015fim ve ilgili di\u011fer b\u00f6l\u00fcmler<\/li>\n<li>\u0130\u015fletme, Finans ve ilintili b\u00f6l\u00fcmler<\/li>\n<li>Otomotiv ve ilintili b\u00f6l\u00fcmler<\/li>\n<li>Kimya, Biyoloji, Kimya M\u00fchendisli\u011fi gibi kimya ve biyoloji ile ilintili b\u00f6l\u00fcmler<\/li>\n<li>Sa\u011fl\u0131k ile ilintili b\u00f6l\u00fcmler (Hem\u015firelik, Sa\u011fl\u0131k Bilimleri, Eczac\u0131l\u0131k)<\/li>\n<\/ul>\n<h4><strong>Yaz\u0131l\u0131m ile ilintili taleplerin art\u0131\u015f\u0131yla bir\u00e7ok m\u00fchendislik b\u00f6l\u00fcm\u00fc mezununa \u00f6nemli talep art\u0131\u015f\u0131 var<\/strong><\/h4>\n<p><a href=\"https:\/\/www.kariyer.net\/kariyer-rehberi\/wp-content\/uploads\/2021\/08\/blog-grafik-2-1.png\"><img loading=\"lazy\" decoding=\"async\" class=\"aligncenter wp-image-15197\" src=\"https:\/\/www.kariyer.net\/kariyer-rehberi\/wp-content\/uploads\/2021\/08\/blog-grafik-2-1.png\" alt=\"\" width=\"632\" height=\"382\" srcset=\"https:\/\/www.kariyer.net\/kariyer-rehberi\/wp-content\/uploads\/2021\/08\/blog-grafik-2-1.png 1000w, https:\/\/www.kariyer.net\/kariyer-rehberi\/wp-content\/uploads\/2021\/08\/blog-grafik-2-1-300x182.png 300w, https:\/\/www.kariyer.net\/kariyer-rehberi\/wp-content\/uploads\/2021\/08\/blog-grafik-2-1-768x465.png 768w, https:\/\/www.kariyer.net\/kariyer-rehberi\/wp-content\/uploads\/2021\/08\/blog-grafik-2-1-696x421.png 696w, https:\/\/www.kariyer.net\/kariyer-rehberi\/wp-content\/uploads\/2021\/08\/blog-grafik-2-1-694x420.png 694w\" sizes=\"(max-width: 632px) 100vw, 632px\" \/><\/a><\/p>\n<ul>\n<li data-leveltext=\"\uf0fc\" data-font=\"Wingdings\" data-listid=\"14\" aria-setsize=\"-1\" data-aria-posinset=\"1\" data-aria-level=\"1\"><i><span data-contrast=\"auto\">Matematik-Bilgisayar\u00a0b\u00f6l\u00fcm\u00fc\u00a038\u00a0s\u0131ra\u00a0kazanarak\u00a080\u2019inci;<\/span><\/i><span data-ccp-props=\"{&quot;134233279&quot;:true,&quot;201341983&quot;:0,&quot;335551550&quot;:6,&quot;335551620&quot;:6,&quot;335559739&quot;:160,&quot;335559740&quot;:259}\">\u00a0<\/span><\/li>\n<li data-leveltext=\"\uf0fc\" data-font=\"Wingdings\" data-listid=\"14\" aria-setsize=\"-1\" data-aria-posinset=\"2\" data-aria-level=\"1\"><i><span data-contrast=\"auto\">\u0130statistik\u00a0ve\u00a0Bilgisayar\u00a0Bilimleri\u00a021\u00a0s\u0131ra\u00a0kazarak\u00a0129\u2019uncu,<\/span><\/i><span data-ccp-props=\"{&quot;134233279&quot;:true,&quot;201341983&quot;:0,&quot;335551550&quot;:6,&quot;335551620&quot;:6,&quot;335559739&quot;:160,&quot;335559740&quot;:259}\">\u00a0<\/span><\/li>\n<li data-leveltext=\"\uf0fc\" data-font=\"Wingdings\" data-listid=\"14\" aria-setsize=\"-1\" data-aria-posinset=\"2\" data-aria-level=\"1\"><i><span data-contrast=\"auto\">Bili\u015fim\u00a0Sistemleri\u00a0M\u00fchendisli\u011fi\u00a011\u00a0s\u0131ra\u00a0kazanarak\u00a028\u2019inci\u00a0s\u0131raya\u00a0y\u00fckseldiler<\/span><\/i><\/li>\n<\/ul>\n<p>Donan\u0131m ve yaz\u0131l\u0131m alan\u0131nda artan talep ile Bili\u015fim Sistemleri M\u00fchendisli\u011fi b\u00f6l\u00fcm\u00fcnde okuyan adaylar\u0131n, mezuniyet \u00f6ncesi i\u015fe ba\u015flama oran\u0131n\u0131n artt\u0131\u011f\u0131n\u0131 g\u00f6r\u00fcyoruz. Bu b\u00f6l\u00fcm\u00fcn bulundu\u011fu <strong>\u0130T\u00dc, Kocaeli \u00dcniversitesi, At\u0131l\u0131m \u00dcniversitesi, Sakarya \u00dcniversitesi<\/strong> ve<strong> Mu\u011fla S\u0131tk\u0131 Ko\u00e7man<\/strong> <strong>\u00dcniversitesi\u2019nde<\/strong> bili\u015fim sistemleri b\u00f6l\u00fcm s\u0131ralamas\u0131 artm\u0131\u015f g\u00f6z\u00fck\u00fcyor.<\/p>\n<h4><strong>\u0130\u015fletme\/Finans alanlar\u0131nda spesifik b\u00f6l\u00fcmlere talep art\u0131yor<\/strong><\/h4>\n<ul>\n<li>Sermaye Piyasas\u0131 6 s\u0131ra kazanarak 17\u2019nci;<\/li>\n<li>Akt\u00fcerya 9 s\u0131ra kazanarak 22\u2019nci;<\/li>\n<li>AB \u0130li\u015fkileri 14 s\u0131ra kazanarak 33\u2019nc\u00fc;<\/li>\n<li>\u0130\u015fletme Y\u00f6netimi 37 s\u0131ra kazanarak 43\u2019nc\u00fc;<\/li>\n<li>Pazarlama 53 s\u0131ra kazanarak 70\u2019inci;<\/li>\n<li>\u00c7al\u0131\u015fma Ekonomisi 7 s\u0131ra kazanarak 84\u2019\u00fcnc\u00fc;<\/li>\n<li>Ekonometri 37 s\u0131ra kazanarak 108\u2019inci;<\/li>\n<li>Halkla \u0130li\u015fkiler ve Reklamc\u0131l\u0131k 29 s\u0131ra y\u00fckselerek 109\u2019uncu s\u0131raya y\u00fckseldi.<\/li>\n<\/ul>\n<p><strong>Anadolu \u00dcniversitesi, Manisa Celal Bayar \u00dcniversitesi <\/strong>ve<strong> K\u0131rklareli \u00dcniversitesi <\/strong>\u00c7al\u0131\u015fma Ekonomisi b\u00f6l\u00fcm\u00fcnde tercih edilme s\u0131ralamalar\u0131 en \u00e7ok artan \u00fcniversiteler oldular.<\/p>\n<p><strong>Trakya \u00dcniversitesi, Manisa Celal Bayar \u00dcniversitesi<\/strong> ve <strong>Akdeniz \u00dcniversitesi<\/strong> ise Ekonometri b\u00f6l\u00fcm\u00fcnde s\u0131ralamas\u0131n\u0131 artt\u0131ran \u00fcniversiteler oldu.<\/p>\n<p><strong>Beykent \u00dcniversitesi, Okan \u00dcniversitesi, Arel \u00dcniversitesi<\/strong> ve <strong>Yeni Y\u00fczy\u0131l \u00dcniversitesi<\/strong> Halkla \u0130li\u015fkiler ve Reklamc\u0131l\u0131k b\u00f6l\u00fcm\u00fcndeki art\u0131\u015flar\u0131yla dikkat \u00e7ekiyor.<\/p>\n<h4><strong>Otomotiv ekosisteminde spesifik b\u00f6l\u00fcmlere talep art\u0131yor<\/strong><\/h4>\n<p><a href=\"https:\/\/www.kariyer.net\/kariyer-rehberi\/wp-content\/uploads\/2021\/08\/blog-grafik-3-1.png\"><img loading=\"lazy\" decoding=\"async\" class=\"aligncenter wp-image-15198\" src=\"https:\/\/www.kariyer.net\/kariyer-rehberi\/wp-content\/uploads\/2021\/08\/blog-grafik-3-1.png\" alt=\"\" width=\"617\" height=\"373\" srcset=\"https:\/\/www.kariyer.net\/kariyer-rehberi\/wp-content\/uploads\/2021\/08\/blog-grafik-3-1.png 1000w, https:\/\/www.kariyer.net\/kariyer-rehberi\/wp-content\/uploads\/2021\/08\/blog-grafik-3-1-300x182.png 300w, https:\/\/www.kariyer.net\/kariyer-rehberi\/wp-content\/uploads\/2021\/08\/blog-grafik-3-1-768x465.png 768w, https:\/\/www.kariyer.net\/kariyer-rehberi\/wp-content\/uploads\/2021\/08\/blog-grafik-3-1-696x421.png 696w, https:\/\/www.kariyer.net\/kariyer-rehberi\/wp-content\/uploads\/2021\/08\/blog-grafik-3-1-694x420.png 694w\" sizes=\"(max-width: 617px) 100vw, 617px\" \/><\/a><\/p>\n<ul>\n<li>Fizik M\u00fchendisli\u011fi 24 s\u0131ra kazanarak 76\u2019nc\u0131;<\/li>\n<li>Lojistik Y\u00f6netimi 12 s\u0131ra kazanarak 79\u2019uncu;<\/li>\n<li>Otomotiv M\u00fchendisli\u011fi 61 s\u0131ra kazanarak 124\u2019\u00fcnc\u00fc s\u0131raya y\u00fckseldiler.<\/li>\n<\/ul>\n<p><strong>\u0130T\u00dc, Gaziantep \u00dcniversitesi, Ankara \u00dcniversitesi<\/strong> Fizik M\u00fchendisli\u011fi b\u00f6l\u00fcm\u00fcndeki art\u0131\u015flar\u0131yla dikkat \u00e7ekiyor.<\/p>\n<p>Lojistik Y\u00f6netimi b\u00f6l\u00fcm\u00fcnde s\u0131ralamaya giren 3 \u00fcniversite bulunuyor. <strong>\u0130zmir Ekonomi \u00dcniversitesi<\/strong>, <strong>Afyon Kocatepe \u00dcniversitesi<\/strong> ge\u00e7en seneki listemizde de yer al\u0131rken <strong>T\u00fcrk Hava Kurumu \u00dcniversitesi\u2019<\/strong>nin listeye bu sene girdi\u011fini g\u00f6r\u00fcyoruz.<\/p>\n<p><strong>Okan \u00dcniversitesi, \u00c7ukurova \u00dcniversitesi, Kocaeli \u00dcniversitesi<\/strong> ve <strong>Uluda\u011f \u00dcniversitesi<\/strong> Otomotiv M\u00fchendisli\u011fi b\u00f6l\u00fcm\u00fcnde s\u0131ralamas\u0131n\u0131 artt\u0131ran \u00fcniversiteler oldu.<\/p>\n<h4><strong>Kimya M\u00fchendisli\u011fi ve Kimya t\u00fcrevi b\u00f6l\u00fcmlere olan ilgide \u00f6nemli art\u0131\u015flar var<\/strong><\/h4>\n<ul>\n<li>Kimya-Biyoloji M\u00fchendisli\u011fi, 10 s\u0131ra kazanarak 7\u2019nci,<\/li>\n<li>Kimya S\u00fcre\u00e7 M\u00fchendisli\u011fi 275 s\u0131ra kazanarak 760\u2019\u0131nc\u0131,<\/li>\n<li>Polimer M\u00fchendisli\u011fi 459 s\u0131ra kazanarak 764\u2019\u00fcnc\u00fc,<\/li>\n<li>Kimya M\u00fchendisli\u011fi 9 s\u0131ra kazanarak 32\u2019nci,<\/li>\n<li>Kimya b\u00f6l\u00fcm\u00fc 53 s\u0131ra kazanarak 118&#8217;inci s\u0131raya y\u00fckselmi\u015f durumda.<\/li>\n<\/ul>\n<p><strong>Yalova \u00dcniversitesi <\/strong>Kimya S\u00fcre\u00e7 M\u00fchendisli\u011fi ve Polimer M\u00fchendisli\u011fi b\u00f6l\u00fcmlerinde tercih oran\u0131n\u0131 en \u00e7ok artt\u0131ran \u00fcniversite oldu.<\/p>\n<p><strong>\u0130T\u00dc, Bo\u011fazi\u00e7i, ODT\u00dc, Marmara ve YT\u00dc<\/strong> Kimya M\u00fchendisli\u011fi b\u00f6l\u00fcm\u00fcnde tercih oran\u0131n\u0131 en \u00e7ok artt\u0131ran \u00fcniversiteler oldu.<\/p>\n<p><strong>\u0130T\u00dc, \u0130\u00dc, YT\u00dc, Marmara<\/strong> ve <strong>ODT\u00dc<\/strong> Kimya B\u00f6l\u00fcm\u00fcnde tercih edilme oranlar\u0131n\u0131 artt\u0131ran \u00fcniversiteler oldu.<\/p>\n<h4><strong>Sa\u011fl\u0131k ile ilintili \u00fcniversitelere ilginin artt\u0131\u011f\u0131 net bir bi\u00e7imde g\u00f6r\u00fcl\u00fcyor<\/strong><\/h4>\n<p><em>(*T\u0131p ve Di\u015f Hekimli\u011fi listeye dahil edilmemi\u015ftir.)<\/em><\/p>\n<p><em>\u00dcniversitede Sa\u011fl\u0131k ile ilgili b\u00f6l\u00fcmlerde bir s\u0131ra art\u0131\u015f\u0131 ya\u015fand\u0131\u011f\u0131n\u0131 s\u00f6yleyebiliriz.<\/em><\/p>\n<ul>\n<li><em>\u201cHem\u015firelik\u201d 384 s\u0131ra kazanarak 1189\u2019uncu;<\/em><\/li>\n<li><em>\u201c\u0130\u015f sa\u011fl\u0131\u011f\u0131 ve g\u00fcvenli\u011fi\u201d 145 s\u0131ra kazanarak 1294\u2019\u00fcnc\u00fc;<\/em><\/li>\n<li><em>\u201cSa\u011fl\u0131k y\u00f6netimi\u201d 186 s\u0131ra kazanarak 1426\u2019\u0131nc\u0131 s\u0131raya y\u00fckseldiler.<\/em><\/li>\n<\/ul>\n<p><strong>Bezmi Alem Vak\u0131f \u00dcniversitesi<\/strong> &#8211; <em>Eczac\u0131l\u0131k ve hem\u015firelik b\u00f6l\u00fcmlerindeki art\u0131\u015fla dikkat \u00e7ekiyor.<\/em><\/p>\n<p><strong>\u00dcsk\u00fcdar \u00dcniversitesi <\/strong>\u2013<em>\u00dcniversitede Sa\u011fl\u0131k ile ilgili b\u00f6l\u00fcmlerde bir s\u0131ra art\u0131\u015f\u0131 ya\u015fad\u0131\u011f\u0131n\u0131 s\u00f6yleyebiliriz.<\/em><\/p>\n<p>Yak\u0131n gelecekte bu b\u00f6l\u00fcmlere yap\u0131lan taleplerin artt\u0131\u011f\u0131n\u0131 g\u00f6rmek s\u00fcrpriz olmayacak gibi g\u00f6z\u00fck\u00fcyor.<\/p>\n<h3><strong>Anadolu\u2019nun Parlayan Y\u0131ld\u0131zlar\u0131<\/strong><\/h3>\n<p>Pandemi d\u00f6neminde g\u00f6zlemlenen olumlu etkilerden biri de Anadolu\u2019daki \u00fcniversitelerden mezun olanlar\u0131n, b\u00fcy\u00fck \u015fehirlerdeki \u00fcniversite mezunlar\u0131na k\u0131yasla ya\u015fad\u0131klar\u0131 dezavantajlar\u0131n k\u0131smen giderilmesi oldu.\u00a0 Belli \u00fcniversiteler bu s\u00fcre\u00e7ten kazan\u00e7l\u0131 \u00e7\u0131kt\u0131lar.<\/p>\n<p>Bu kategoride \u00f6ne \u00e7\u0131kan \u00fcniversitelerimiz aras\u0131nda <strong>Sakarya \u00dcniversitesi, Trakya \u00dcniversitesi, Yalova \u00dcniversitesi, Karab\u00fck \u00dcniversitesi, Abdullah G\u00fcl \u00dcniversitesi <\/strong>g\u00f6ze \u00e7arpan art\u0131\u015flar yakalamay\u0131 ba\u015fard\u0131lar.<\/p>\n<p><a href=\"https:\/\/www.kariyer.net\/kariyer-rehberi\/wp-content\/uploads\/2021\/08\/blog-grafik-1-1.png\"><img loading=\"lazy\" decoding=\"async\" class=\"aligncenter size-full wp-image-15199\" src=\"https:\/\/www.kariyer.net\/kariyer-rehberi\/wp-content\/uploads\/2021\/08\/blog-grafik-1-1.png\" alt=\"\" width=\"1000\" height=\"376\" srcset=\"https:\/\/www.kariyer.net\/kariyer-rehberi\/wp-content\/uploads\/2021\/08\/blog-grafik-1-1.png 1000w, https:\/\/www.kariyer.net\/kariyer-rehberi\/wp-content\/uploads\/2021\/08\/blog-grafik-1-1-300x113.png 300w, https:\/\/www.kariyer.net\/kariyer-rehberi\/wp-content\/uploads\/2021\/08\/blog-grafik-1-1-768x289.png 768w, https:\/\/www.kariyer.net\/kariyer-rehberi\/wp-content\/uploads\/2021\/08\/blog-grafik-1-1-696x262.png 696w\" sizes=\"(max-width: 1000px) 100vw, 1000px\" \/><\/a><\/p>\n<h3><strong>Metodoloji<\/strong><\/h3>\n<p>Bu \u00e7al\u0131\u015fmay\u0131 sadece Kariyer.net kaynaklar\u0131, analistleri ile olu\u015fturmad\u0131k. <strong>Akademisyenlerden olu\u015fan<\/strong> <strong>dan\u0131\u015fman kadromuzun<\/strong> da y\u00f6nlendirmeleriyle parametreleri belirledik. \u00c7al\u0131\u015fmam\u0131z\u0131n metodolojisiyle ilgili birka\u00e7 \u00f6nemli noktay\u0131 payla\u015fmak faydal\u0131 olacakt\u0131r.<\/p>\n<p>\u00d6ncelikle burada \u201cy\u0131ll\u0131k\u201d verilerle ilerliyoruz. Yani \u015fu an a\u00e7\u0131klad\u0131\u011f\u0131m\u0131z veriler, 2020\u2019nin \u201ctam y\u0131l\u201d verilerini i\u00e7eriyor. Ge\u00e7en sene a\u00e7\u0131klad\u0131\u011f\u0131m\u0131z veriler ise 2019 y\u0131l\u0131n\u0131n \u201ctam y\u0131l\u201d verilerini i\u00e7eriyordu.<\/p>\n<ul>\n<li>Modelde T\u0131p ve Di\u015f Hekimli\u011fi mezunlar\u0131n\u0131 d\u0131\u015far\u0131da b\u0131rakt\u0131k. Bunun sebebi bu mezunlar\u0131n \u00f6nemli bir k\u0131sm\u0131n\u0131n kariyer yolculuklar\u0131nda \u201cmezuniyet +2 y\u0131l\u201d \u00f6nemli bir kriter de\u011fil.<\/li>\n<li>Mezun say\u0131s\u0131 fazla olan b\u00f6l\u00fcmlerin hacim ile sonu\u00e7lar\u0131 etkilemesinin \u00f6n\u00fcne ge\u00e7en tedbirleri ald\u0131k.<\/li>\n<li>Veri setimiz \u201ci\u015fe giri\u015f\u201d h\u0131z\u0131n\u0131 \u00f6l\u00e7\u00fcyor. Yava\u015f ba\u015flayan taraflar da kariyerlerinin ilerleyen safhalar\u0131nda fark\u0131 kapatabilir. Modeli, bu haliyle \u201c0\u2019dan 100 km\u2019ye \u00e7\u0131k\u0131\u015f h\u0131z\u0131n\u0131\u201d \u00f6l\u00e7\u00fcyor gibi d\u00fc\u015f\u00fcnebilirsiniz.<\/li>\n<li>Modelde \u201cKa\u00e7 TL maa\u015f ile i\u015fe ba\u015flad\u0131lar?\u201d detay\u0131 da bulunmuyor. Elimizde son 3 y\u0131lda toplad\u0131\u011f\u0131m\u0131z ciddi say\u0131da maa\u015f verisi var; ancak hen\u00fcz bu \u00e7al\u0131\u015fmaya dahil edilecek hacme ula\u015fmad\u0131\u011f\u0131n\u0131 d\u00fc\u015f\u00fcn\u00fcyoruz.<\/li>\n<li>Kapanan b\u00f6l\u00fcmler bizim listemizden de d\u00fc\u015f\u00fcyor.<\/li>\n<li>\u00c7al\u0131\u015fma sadece T\u00fcrkiye\u2019de yerle\u015fik 4 y\u0131ll\u0131k lisans e\u011fitimi veren b\u00f6l\u00fcmleri kaps\u0131yor.<\/li>\n<li>Kariyer.net\u2019in lisans\u0131ndan \u00f6t\u00fcr\u00fc kamu i\u015fe al\u0131mlar\u0131 \u00e7al\u0131\u015fma kapsam\u0131 d\u0131\u015f\u0131nda b\u0131rak\u0131l\u0131yor.<\/li>\n<li>Kariyer.net \u00fcye say\u0131s\u0131 olarak 60\u2019tan az mezunu olan b\u00f6l\u00fcmler \u00e7al\u0131\u015fmaya dahil edilmiyor; ancak \u00fcniversite s\u0131ralamas\u0131nda bu \u00fcniversiteleri dahil ediyoruz.<\/li>\n<li>Her endeks kendi i\u00e7inde de\u011ferlendirildi\u011fi i\u00e7in farkl\u0131 b\u00f6l\u00fcmler farkl\u0131 a\u011f\u0131rl\u0131klara sahip olabiliyor.<\/li>\n<\/ul>\n<!-- templates\/buttons-placeholder.php -->\n<div class=\"da-reactions-outer TpostID15202\">\n\t    <div class=\"da-reactions-data da-reactions-container-async center\"\n         data-type=\"post\"\n         data-id=\"15202\"\n         id=\"da-reactions-slot-post-15202\">\n        <div class=\"da-reactions-static\">\n\t\t\t<img src=\"https:\/\/www.kariyer.net\/kariyer-rehberi\/wp-content\/plugins\/da-reactions\/assets\/dist\/loading.svg\" alt=\"Loading spinner\" width=\"48\" height=\"48\" style=\"width:48px\" \/>\n        <\/div>\n    <\/div>\n<\/div>\n","protected":false},"excerpt":{"rendered":"<p>Ge\u00e7ti\u011fimiz y\u0131l ilkini\u00a0yay\u0131nlad\u0131\u011f\u0131m\u0131z \u0130\u015fveren \u0130lgi Endeksi\u2019mizin ikincisi ile kar\u015f\u0131n\u0131zday\u0131z. Kariyer.net\u2019te son 10 y\u0131lda i\u015fe al\u0131m faaliyeti ger\u00e7ekle\u015ftirmi\u015f 88 bin i\u015fverenin 493 bin i\u015fe al\u0131m sorumlusunun 220 milyon dijital ayak izinden yola \u00e7\u0131karak, akademisyenlerden olu\u015fan dan\u0131\u015fman kadromuzun da y\u00f6nlendirmeleriyle bir \u00e7al\u0131\u015fma geli\u015ftirdik. Bu \u00e7al\u0131\u015fmayla \u201c\u00dcniversite mezunlar\u0131 i\u00e7inde kimler daha h\u0131zl\u0131 i\u015fe giriyor?\u201d sorusunun cevab\u0131n\u0131 veriyoruz. Elbette [&hellip;]<\/p>\n<!-- templates\/buttons-placeholder.php -->\n<div class=\"da-reactions-outer TpostID15202\">\n\t    <div class=\"da-reactions-data da-reactions-container-async center\"\n         data-type=\"post\"\n         data-id=\"15202\"\n         id=\"da-reactions-slot-post-15202\">\n        <div class=\"da-reactions-static\">\n\t\t\t<img src=\"https:\/\/www.kariyer.net\/kariyer-rehberi\/wp-content\/plugins\/da-reactions\/assets\/dist\/loading.svg\" alt=\"Loading spinner\" width=\"48\" height=\"48\" style=\"width:48px\" \/>\n        <\/div>\n    <\/div>\n<\/div>\n","protected":false},"author":12,"featured_media":15185,"comment_status":"closed","ping_status":"open","sticky":false,"template":"","format":"standard","meta":{"footnotes":"","_elementor_edit_mode":"","_elementor_template_type":"","_elementor_data":"","_elementor_page_settings":null,"_elementor_conditions":[]},"categories":[2203,2211,2214],"tags":[],"class_list":{"0":"post-15202","1":"post","2":"type-post","3":"status-publish","4":"format-standard","5":"has-post-thumbnail","7":"category-haberler-duyurular","8":"category-kariyer-gelisimi","9":"category-yasam"},"yoast_head":"<!-- This site is optimized with the Yoast SEO Premium plugin v21.4 (Yoast SEO v27.0) - https:\/\/yoast.com\/product\/yoast-seo-premium-wordpress\/ -->\n<title>\u00dcniversite mezunlar\u0131 i\u00e7inde kimler daha h\u0131zl\u0131 i\u015fe giriyor? | Kariyer Rehberi<\/title>\n<meta name=\"description\" content=\"Ge\u00e7ti\u011fimiz y\u0131l ilkini\u00a0yay\u0131nlad\u0131\u011f\u0131m\u0131z \u0130\u015fveren \u0130lgi Endeksi\u2019mizin ikincisi ile kar\u015f\u0131n\u0131zday\u0131z. Kariyer.net\u2019te son 10 y\u0131lda i\u015fe al\u0131m faaliyeti ger\u00e7ekle\u015ftirmi\u015f\" \/>\n<meta name=\"robots\" content=\"index, follow, max-snippet:-1, max-image-preview:large, max-video-preview:-1\" \/>\n<link rel=\"canonical\" href=\"https:\/\/www.kariyer.net\/kariyer-rehberi\/universite-mezunlari-icinde-kimler-daha-hizli-ise-giriyor\/\" \/>\n<meta property=\"og:locale\" content=\"tr_TR\" \/>\n<meta property=\"og:type\" content=\"article\" \/>\n<meta property=\"og:title\" content=\"\u00dcniversite mezunlar\u0131 i\u00e7inde kimler daha h\u0131zl\u0131 i\u015fe giriyor?\" \/>\n<meta property=\"og:description\" content=\"Ge\u00e7ti\u011fimiz y\u0131l ilkini\u00a0yay\u0131nlad\u0131\u011f\u0131m\u0131z \u0130\u015fveren \u0130lgi Endeksi\u2019mizin ikincisi ile kar\u015f\u0131n\u0131zday\u0131z. Kariyer.net\u2019te son 10 y\u0131lda i\u015fe al\u0131m faaliyeti ger\u00e7ekle\u015ftirmi\u015f\" \/>\n<meta property=\"og:url\" content=\"https:\/\/www.kariyer.net\/kariyer-rehberi\/universite-mezunlari-icinde-kimler-daha-hizli-ise-giriyor\/\" \/>\n<meta property=\"og:site_name\" content=\"Kariyer Rehberi\" \/>\n<meta property=\"article:published_time\" content=\"2021-08-06T10:08:49+00:00\" \/>\n<meta property=\"article:modified_time\" content=\"2024-08-08T18:09:06+00:00\" \/>\n<meta property=\"og:image\" content=\"https:\/\/www.kariyer.net\/kariyer-rehberi\/wp-content\/uploads\/2021\/08\/yeni-mezun.jpg\" \/>\n\t<meta property=\"og:image:width\" content=\"900\" \/>\n\t<meta property=\"og:image:height\" content=\"600\" \/>\n\t<meta property=\"og:image:type\" content=\"image\/jpeg\" \/>\n<meta name=\"author\" content=\"Edit\u00f6r\" \/>\n<meta name=\"twitter:card\" content=\"summary_large_image\" \/>\n<meta name=\"twitter:label1\" content=\"Yazan:\" \/>\n\t<meta name=\"twitter:data1\" content=\"Edit\u00f6r\" \/>\n\t<meta name=\"twitter:label2\" content=\"Tahmini okuma s\u00fcresi\" \/>\n\t<meta name=\"twitter:data2\" content=\"7 dakika\" \/>\n<!-- \/ Yoast SEO Premium plugin. -->","yoast_head_json":{"title":"\u00dcniversite mezunlar\u0131 i\u00e7inde kimler daha h\u0131zl\u0131 i\u015fe giriyor? | Kariyer Rehberi","description":"Ge\u00e7ti\u011fimiz y\u0131l ilkini\u00a0yay\u0131nlad\u0131\u011f\u0131m\u0131z \u0130\u015fveren \u0130lgi Endeksi\u2019mizin ikincisi ile kar\u015f\u0131n\u0131zday\u0131z. Kariyer.net\u2019te son 10 y\u0131lda i\u015fe al\u0131m faaliyeti ger\u00e7ekle\u015ftirmi\u015f","robots":{"index":"index","follow":"follow","max-snippet":"max-snippet:-1","max-image-preview":"max-image-preview:large","max-video-preview":"max-video-preview:-1"},"canonical":"https:\/\/www.kariyer.net\/kariyer-rehberi\/universite-mezunlari-icinde-kimler-daha-hizli-ise-giriyor\/","og_locale":"tr_TR","og_type":"article","og_title":"\u00dcniversite mezunlar\u0131 i\u00e7inde kimler daha h\u0131zl\u0131 i\u015fe giriyor?","og_description":"Ge\u00e7ti\u011fimiz y\u0131l ilkini\u00a0yay\u0131nlad\u0131\u011f\u0131m\u0131z \u0130\u015fveren \u0130lgi Endeksi\u2019mizin ikincisi ile kar\u015f\u0131n\u0131zday\u0131z. Kariyer.net\u2019te son 10 y\u0131lda i\u015fe al\u0131m faaliyeti ger\u00e7ekle\u015ftirmi\u015f","og_url":"https:\/\/www.kariyer.net\/kariyer-rehberi\/universite-mezunlari-icinde-kimler-daha-hizli-ise-giriyor\/","og_site_name":"Kariyer Rehberi","article_published_time":"2021-08-06T10:08:49+00:00","article_modified_time":"2024-08-08T18:09:06+00:00","og_image":[{"width":900,"height":600,"url":"https:\/\/www.kariyer.net\/kariyer-rehberi\/wp-content\/uploads\/2021\/08\/yeni-mezun.jpg","type":"image\/jpeg"}],"author":"Edit\u00f6r","twitter_card":"summary_large_image","twitter_misc":{"Yazan:":"Edit\u00f6r","Tahmini okuma s\u00fcresi":"7 dakika"},"schema":{"@context":"https:\/\/schema.org","@graph":[{"@type":"Article","@id":"https:\/\/www.kariyer.net\/kariyer-rehberi\/universite-mezunlari-icinde-kimler-daha-hizli-ise-giriyor\/#article","isPartOf":{"@id":"https:\/\/www.kariyer.net\/kariyer-rehberi\/universite-mezunlari-icinde-kimler-daha-hizli-ise-giriyor\/"},"author":{"name":"Edit\u00f6r","@id":"https:\/\/www.kariyer.net\/kariyer-rehberi\/#\/schema\/person\/94fd6e49c7ff1b1b2565a2cc4fd685dd"},"headline":"\u00dcniversite mezunlar\u0131 i\u00e7inde kimler daha h\u0131zl\u0131 i\u015fe giriyor?","datePublished":"2021-08-06T10:08:49+00:00","dateModified":"2024-08-08T18:09:06+00:00","mainEntityOfPage":{"@id":"https:\/\/www.kariyer.net\/kariyer-rehberi\/universite-mezunlari-icinde-kimler-daha-hizli-ise-giriyor\/"},"wordCount":1482,"publisher":{"@id":"https:\/\/www.kariyer.net\/kariyer-rehberi\/#organization"},"image":{"@id":"https:\/\/www.kariyer.net\/kariyer-rehberi\/universite-mezunlari-icinde-kimler-daha-hizli-ise-giriyor\/#primaryimage"},"thumbnailUrl":"https:\/\/www.kariyer.net\/kariyer-rehberi\/wp-content\/uploads\/2021\/08\/yeni-mezun.jpg","articleSection":["Haberler ve Duyurular","Kariyer Geli\u015fimi","Ya\u015fam"],"inLanguage":"tr"},{"@type":"WebPage","@id":"https:\/\/www.kariyer.net\/kariyer-rehberi\/universite-mezunlari-icinde-kimler-daha-hizli-ise-giriyor\/","url":"https:\/\/www.kariyer.net\/kariyer-rehberi\/universite-mezunlari-icinde-kimler-daha-hizli-ise-giriyor\/","name":"\u00dcniversite mezunlar\u0131 i\u00e7inde kimler daha h\u0131zl\u0131 i\u015fe giriyor? | Kariyer Rehberi","isPartOf":{"@id":"https:\/\/www.kariyer.net\/kariyer-rehberi\/#website"},"primaryImageOfPage":{"@id":"https:\/\/www.kariyer.net\/kariyer-rehberi\/universite-mezunlari-icinde-kimler-daha-hizli-ise-giriyor\/#primaryimage"},"image":{"@id":"https:\/\/www.kariyer.net\/kariyer-rehberi\/universite-mezunlari-icinde-kimler-daha-hizli-ise-giriyor\/#primaryimage"},"thumbnailUrl":"https:\/\/www.kariyer.net\/kariyer-rehberi\/wp-content\/uploads\/2021\/08\/yeni-mezun.jpg","datePublished":"2021-08-06T10:08:49+00:00","dateModified":"2024-08-08T18:09:06+00:00","description":"Ge\u00e7ti\u011fimiz y\u0131l ilkini\u00a0yay\u0131nlad\u0131\u011f\u0131m\u0131z \u0130\u015fveren \u0130lgi Endeksi\u2019mizin ikincisi ile kar\u015f\u0131n\u0131zday\u0131z. Kariyer.net\u2019te son 10 y\u0131lda i\u015fe al\u0131m faaliyeti ger\u00e7ekle\u015ftirmi\u015f","breadcrumb":{"@id":"https:\/\/www.kariyer.net\/kariyer-rehberi\/universite-mezunlari-icinde-kimler-daha-hizli-ise-giriyor\/#breadcrumb"},"inLanguage":"tr","potentialAction":[{"@type":"ReadAction","target":["https:\/\/www.kariyer.net\/kariyer-rehberi\/universite-mezunlari-icinde-kimler-daha-hizli-ise-giriyor\/"]}]},{"@type":"ImageObject","inLanguage":"tr","@id":"https:\/\/www.kariyer.net\/kariyer-rehberi\/universite-mezunlari-icinde-kimler-daha-hizli-ise-giriyor\/#primaryimage","url":"https:\/\/www.kariyer.net\/kariyer-rehberi\/wp-content\/uploads\/2021\/08\/yeni-mezun.jpg","contentUrl":"https:\/\/www.kariyer.net\/kariyer-rehberi\/wp-content\/uploads\/2021\/08\/yeni-mezun.jpg","width":900,"height":600,"caption":"\u00dcniversite tercihlerinde"},{"@type":"BreadcrumbList","@id":"https:\/\/www.kariyer.net\/kariyer-rehberi\/universite-mezunlari-icinde-kimler-daha-hizli-ise-giriyor\/#breadcrumb","itemListElement":[{"@type":"ListItem","position":1,"name":"Anasayfa","item":"https:\/\/www.kariyer.net\/kariyer-rehberi\/"},{"@type":"ListItem","position":2,"name":"\u00dcniversite mezunlar\u0131 i\u00e7inde kimler daha h\u0131zl\u0131 i\u015fe giriyor?"}]},{"@type":"WebSite","@id":"https:\/\/www.kariyer.net\/kariyer-rehberi\/#website","url":"https:\/\/www.kariyer.net\/kariyer-rehberi\/","name":"Kariyer Rehberi","description":"\u0130\u015f D\u00fcnyas\u0131yla \u0130lgili Bilmek \u0130stedi\u011finiz Her \u015eey","publisher":{"@id":"https:\/\/www.kariyer.net\/kariyer-rehberi\/#organization"},"potentialAction":[{"@type":"SearchAction","target":{"@type":"EntryPoint","urlTemplate":"https:\/\/www.kariyer.net\/kariyer-rehberi\/?s={search_term_string}"},"query-input":{"@type":"PropertyValueSpecification","valueRequired":true,"valueName":"search_term_string"}}],"inLanguage":"tr"},{"@type":"Organization","@id":"https:\/\/www.kariyer.net\/kariyer-rehberi\/#organization","name":"Kariyer.net","url":"https:\/\/www.kariyer.net\/kariyer-rehberi\/","logo":{"@type":"ImageObject","inLanguage":"tr","@id":"https:\/\/www.kariyer.net\/kariyer-rehberi\/#\/schema\/logo\/image\/","url":"https:\/\/www.kariyer.net\/kariyer-rehberi-new\/wp-content\/uploads\/2023\/01\/og-image11.jpg","contentUrl":"https:\/\/www.kariyer.net\/kariyer-rehberi-new\/wp-content\/uploads\/2023\/01\/og-image11.jpg","width":800,"height":800,"caption":"Kariyer.net"},"image":{"@id":"https:\/\/www.kariyer.net\/kariyer-rehberi\/#\/schema\/logo\/image\/"}},{"@type":"Person","@id":"https:\/\/www.kariyer.net\/kariyer-rehberi\/#\/schema\/person\/94fd6e49c7ff1b1b2565a2cc4fd685dd","name":"Edit\u00f6r","image":{"@type":"ImageObject","inLanguage":"tr","@id":"https:\/\/www.kariyer.net\/kariyer-rehberi\/#\/schema\/person\/image\/","url":"https:\/\/secure.gravatar.com\/avatar\/0c4fe6688343aed3693b15573beae12c08ace5565409d5ab7509bf9c115f458d?s=96&d=mm&r=g","contentUrl":"https:\/\/secure.gravatar.com\/avatar\/0c4fe6688343aed3693b15573beae12c08ace5565409d5ab7509bf9c115f458d?s=96&d=mm&r=g","caption":"Edit\u00f6r"},"url":"https:\/\/www.kariyer.net\/kariyer-rehberi\/author\/editor\/"}]}},"_links":{"self":[{"href":"https:\/\/www.kariyer.net\/kariyer-rehberi\/wp-json\/wp\/v2\/posts\/15202","targetHints":{"allow":["GET"]}}],"collection":[{"href":"https:\/\/www.kariyer.net\/kariyer-rehberi\/wp-json\/wp\/v2\/posts"}],"about":[{"href":"https:\/\/www.kariyer.net\/kariyer-rehberi\/wp-json\/wp\/v2\/types\/post"}],"author":[{"embeddable":true,"href":"https:\/\/www.kariyer.net\/kariyer-rehberi\/wp-json\/wp\/v2\/users\/12"}],"replies":[{"embeddable":true,"href":"https:\/\/www.kariyer.net\/kariyer-rehberi\/wp-json\/wp\/v2\/comments?post=15202"}],"version-history":[{"count":1,"href":"https:\/\/www.kariyer.net\/kariyer-rehberi\/wp-json\/wp\/v2\/posts\/15202\/revisions"}],"predecessor-version":[{"id":18566,"href":"https:\/\/www.kariyer.net\/kariyer-rehberi\/wp-json\/wp\/v2\/posts\/15202\/revisions\/18566"}],"wp:featuredmedia":[{"embeddable":true,"href":"https:\/\/www.kariyer.net\/kariyer-rehberi\/wp-json\/wp\/v2\/media\/15185"}],"wp:attachment":[{"href":"https:\/\/www.kariyer.net\/kariyer-rehberi\/wp-json\/wp\/v2\/media?parent=15202"}],"wp:term":[{"taxonomy":"category","embeddable":true,"href":"https:\/\/www.kariyer.net\/kariyer-rehberi\/wp-json\/wp\/v2\/categories?post=15202"},{"taxonomy":"post_tag","embeddable":true,"href":"https:\/\/www.kariyer.net\/kariyer-rehberi\/wp-json\/wp\/v2\/tags?post=15202"}],"curies":[{"name":"wp","href":"https:\/\/api.w.org\/{rel}","templated":true}]}}