{"id":15535,"date":"2021-12-06T12:51:16","date_gmt":"2021-12-06T09:51:16","guid":{"rendered":"https:\/\/www.kariyer.net\/kariyer-rehberi\/?p=15535"},"modified":"2024-08-08T21:08:52","modified_gmt":"2024-08-08T18:08:52","slug":"asgari-ucret-2022-yilinda-ne-kadar-olacak","status":"publish","type":"post","link":"https:\/\/www.kariyer.net\/kariyer-rehberi\/asgari-ucret-2022-yilinda-ne-kadar-olacak\/","title":{"rendered":"Asgari \u00fccret 2022 y\u0131l\u0131nda ne kadar olacak?"},"content":{"rendered":"<p><strong>Asgari \u00fccret ne kadar olacak? sorusunun cevab\u0131 merakla bekleniyor. 2022 y\u0131l\u0131nda ge\u00e7erli olacak asgari \u00fccret tutar\u0131n\u0131 belirlemek i\u00e7in Asgari \u00dccret Tespit Komisyonu\u2019nun g\u00f6r\u00fc\u015fmeleri s\u00fcr\u00fcyor.<\/strong><\/p>\n<p>Asgari \u00fccreti belirleme toplant\u0131lar\u0131n\u0131n ilki tamamland\u0131. \u00c7al\u0131\u015fma ve Sosyal G\u00fcvenlik Bakanl\u0131\u011f\u0131 taraf\u0131ndan yap\u0131lan a\u00e7\u0131klamaya g\u00f6re 2&#8217;nci toplant\u0131n\u0131n 7 Aral\u0131k Sal\u0131 g\u00fcn\u00fc saat 14.00&#8217;te T\u00fcrk-\u0130\u015f&#8217;te; 3&#8217;\u00fcnc\u00fc toplant\u0131n\u0131n ise 9 Aral\u0131k Per\u015fembe g\u00fcn\u00fc saat 10.00&#8217;da T\u0130SK binas\u0131nda yap\u0131laca\u011f\u0131 ifade edildi.<\/p>\n<!-- templates\/buttons-placeholder.php -->\n<div class=\"da-reactions-outer TpostID15535\">\n\t    <div class=\"da-reactions-data da-reactions-container-async center\"\n         data-type=\"post\"\n         data-id=\"15535\"\n         id=\"da-reactions-slot-post-15535\">\n        <div class=\"da-reactions-static\">\n\t\t\t<img src=\"https:\/\/www.kariyer.net\/kariyer-rehberi\/wp-content\/plugins\/da-reactions\/assets\/dist\/loading.svg\" alt=\"Loading spinner\" width=\"48\" height=\"48\" style=\"width:48px\" \/>\n        <\/div>\n    <\/div>\n<\/div>\n","protected":false},"excerpt":{"rendered":"<p>Asgari \u00fccret ne kadar olacak? sorusunun cevab\u0131 merakla bekleniyor. 2022 y\u0131l\u0131nda ge\u00e7erli olacak asgari \u00fccret tutar\u0131n\u0131 belirlemek i\u00e7in Asgari \u00dccret Tespit Komisyonu\u2019nun g\u00f6r\u00fc\u015fmeleri s\u00fcr\u00fcyor. Asgari \u00fccreti belirleme toplant\u0131lar\u0131n\u0131n ilki tamamland\u0131. \u00c7al\u0131\u015fma ve Sosyal G\u00fcvenlik Bakanl\u0131\u011f\u0131 taraf\u0131ndan yap\u0131lan a\u00e7\u0131klamaya g\u00f6re 2&#8217;nci toplant\u0131n\u0131n 7 Aral\u0131k Sal\u0131 g\u00fcn\u00fc saat 14.00&#8217;te T\u00fcrk-\u0130\u015f&#8217;te; 3&#8217;\u00fcnc\u00fc toplant\u0131n\u0131n ise 9 Aral\u0131k Per\u015fembe g\u00fcn\u00fc [&hellip;]<\/p>\n<!-- templates\/buttons-placeholder.php -->\n<div class=\"da-reactions-outer TpostID15535\">\n\t    <div class=\"da-reactions-data da-reactions-container-async center\"\n         data-type=\"post\"\n         data-id=\"15535\"\n         id=\"da-reactions-slot-post-15535\">\n        <div class=\"da-reactions-static\">\n\t\t\t<img src=\"https:\/\/www.kariyer.net\/kariyer-rehberi\/wp-content\/plugins\/da-reactions\/assets\/dist\/loading.svg\" alt=\"Loading spinner\" width=\"48\" height=\"48\" style=\"width:48px\" \/>\n        <\/div>\n    <\/div>\n<\/div>\n","protected":false},"author":12,"featured_media":15536,"comment_status":"closed","ping_status":"open","sticky":false,"template":"","format":"standard","meta":{"footnotes":"","_elementor_edit_mode":"","_elementor_template_type":"","_elementor_data":"","_elementor_page_settings":null,"_elementor_conditions":[]},"categories":[2214],"tags":[1829,1831,1830],"class_list":{"0":"post-15535","1":"post","2":"type-post","3":"status-publish","4":"format-standard","5":"has-post-thumbnail","7":"category-yasam","8":"tag-2022-asgari-ucret","9":"tag-2022-asgari-ucret-zammi","10":"tag-asgari-ucret-belli-oldu-mu"},"yoast_head":"<!-- This site is optimized with the Yoast SEO Premium plugin v21.4 (Yoast SEO v27.0) - https:\/\/yoast.com\/product\/yoast-seo-premium-wordpress\/ -->\n<title>Asgari \u00fccret 2022 y\u0131l\u0131nda ne kadar olacak? | Kariyer Rehberi<\/title>\n<meta name=\"description\" content=\"Asgari \u00fccret ne kadar olacak? sorusunun cevab\u0131 merakla bekleniyor. 2022 y\u0131l\u0131nda ge\u00e7erli olacak asgari \u00fccret tutar\u0131n\u0131 belirlemek i\u00e7in Asgari \u00dccret Tespit\" \/>\n<meta name=\"robots\" content=\"index, follow, max-snippet:-1, max-image-preview:large, max-video-preview:-1\" \/>\n<link rel=\"canonical\" href=\"https:\/\/www.kariyer.net\/kariyer-rehberi\/asgari-ucret-2022-yilinda-ne-kadar-olacak\/\" \/>\n<meta property=\"og:locale\" content=\"tr_TR\" \/>\n<meta property=\"og:type\" content=\"article\" \/>\n<meta property=\"og:title\" content=\"Asgari \u00fccret 2022 y\u0131l\u0131nda ne kadar olacak?\" \/>\n<meta property=\"og:description\" content=\"Asgari \u00fccret ne kadar olacak? sorusunun cevab\u0131 merakla bekleniyor. 2022 y\u0131l\u0131nda ge\u00e7erli olacak asgari \u00fccret tutar\u0131n\u0131 belirlemek i\u00e7in Asgari \u00dccret Tespit\" \/>\n<meta property=\"og:url\" content=\"https:\/\/www.kariyer.net\/kariyer-rehberi\/asgari-ucret-2022-yilinda-ne-kadar-olacak\/\" \/>\n<meta property=\"og:site_name\" content=\"Kariyer Rehberi\" \/>\n<meta property=\"article:published_time\" content=\"2021-12-06T09:51:16+00:00\" \/>\n<meta property=\"article:modified_time\" content=\"2024-08-08T18:08:52+00:00\" \/>\n<meta property=\"og:image\" content=\"https:\/\/www.kariyer.net\/kariyer-rehberi\/wp-content\/uploads\/2021\/12\/asgari_ucret_2022.jpg\" \/>\n\t<meta property=\"og:image:width\" content=\"900\" \/>\n\t<meta property=\"og:image:height\" content=\"600\" \/>\n\t<meta property=\"og:image:type\" content=\"image\/jpeg\" \/>\n<meta name=\"author\" content=\"Edit\u00f6r\" \/>\n<meta name=\"twitter:card\" content=\"summary_large_image\" \/>\n<meta name=\"twitter:label1\" content=\"Yazan:\" \/>\n\t<meta name=\"twitter:data1\" content=\"Edit\u00f6r\" \/>\n<!-- \/ Yoast SEO Premium plugin. -->","yoast_head_json":{"title":"Asgari \u00fccret 2022 y\u0131l\u0131nda ne kadar olacak? | Kariyer Rehberi","description":"Asgari \u00fccret ne kadar olacak? sorusunun cevab\u0131 merakla bekleniyor. 2022 y\u0131l\u0131nda ge\u00e7erli olacak asgari \u00fccret tutar\u0131n\u0131 belirlemek i\u00e7in Asgari \u00dccret Tespit","robots":{"index":"index","follow":"follow","max-snippet":"max-snippet:-1","max-image-preview":"max-image-preview:large","max-video-preview":"max-video-preview:-1"},"canonical":"https:\/\/www.kariyer.net\/kariyer-rehberi\/asgari-ucret-2022-yilinda-ne-kadar-olacak\/","og_locale":"tr_TR","og_type":"article","og_title":"Asgari \u00fccret 2022 y\u0131l\u0131nda ne kadar olacak?","og_description":"Asgari \u00fccret ne kadar olacak? sorusunun cevab\u0131 merakla bekleniyor. 2022 y\u0131l\u0131nda ge\u00e7erli olacak asgari \u00fccret tutar\u0131n\u0131 belirlemek i\u00e7in Asgari \u00dccret Tespit","og_url":"https:\/\/www.kariyer.net\/kariyer-rehberi\/asgari-ucret-2022-yilinda-ne-kadar-olacak\/","og_site_name":"Kariyer Rehberi","article_published_time":"2021-12-06T09:51:16+00:00","article_modified_time":"2024-08-08T18:08:52+00:00","og_image":[{"width":900,"height":600,"url":"https:\/\/www.kariyer.net\/kariyer-rehberi\/wp-content\/uploads\/2021\/12\/asgari_ucret_2022.jpg","type":"image\/jpeg"}],"author":"Edit\u00f6r","twitter_card":"summary_large_image","twitter_misc":{"Yazan:":"Edit\u00f6r"},"schema":{"@context":"https:\/\/schema.org","@graph":[{"@type":"Article","@id":"https:\/\/www.kariyer.net\/kariyer-rehberi\/asgari-ucret-2022-yilinda-ne-kadar-olacak\/#article","isPartOf":{"@id":"https:\/\/www.kariyer.net\/kariyer-rehberi\/asgari-ucret-2022-yilinda-ne-kadar-olacak\/"},"author":{"name":"Edit\u00f6r","@id":"https:\/\/www.kariyer.net\/kariyer-rehberi\/#\/schema\/person\/94fd6e49c7ff1b1b2565a2cc4fd685dd"},"headline":"Asgari \u00fccret 2022 y\u0131l\u0131nda ne kadar olacak?","datePublished":"2021-12-06T09:51:16+00:00","dateModified":"2024-08-08T18:08:52+00:00","mainEntityOfPage":{"@id":"https:\/\/www.kariyer.net\/kariyer-rehberi\/asgari-ucret-2022-yilinda-ne-kadar-olacak\/"},"wordCount":100,"publisher":{"@id":"https:\/\/www.kariyer.net\/kariyer-rehberi\/#organization"},"image":{"@id":"https:\/\/www.kariyer.net\/kariyer-rehberi\/asgari-ucret-2022-yilinda-ne-kadar-olacak\/#primaryimage"},"thumbnailUrl":"https:\/\/www.kariyer.net\/kariyer-rehberi\/wp-content\/uploads\/2021\/12\/asgari_ucret_2022.jpg","keywords":["2022 asgari \u00fccret","2022 asgari \u00fccret zamm\u0131","asgari \u00fccret belli oldu mu"],"articleSection":["Ya\u015fam"],"inLanguage":"tr"},{"@type":"WebPage","@id":"https:\/\/www.kariyer.net\/kariyer-rehberi\/asgari-ucret-2022-yilinda-ne-kadar-olacak\/","url":"https:\/\/www.kariyer.net\/kariyer-rehberi\/asgari-ucret-2022-yilinda-ne-kadar-olacak\/","name":"Asgari \u00fccret 2022 y\u0131l\u0131nda ne kadar olacak? | Kariyer Rehberi","isPartOf":{"@id":"https:\/\/www.kariyer.net\/kariyer-rehberi\/#website"},"primaryImageOfPage":{"@id":"https:\/\/www.kariyer.net\/kariyer-rehberi\/asgari-ucret-2022-yilinda-ne-kadar-olacak\/#primaryimage"},"image":{"@id":"https:\/\/www.kariyer.net\/kariyer-rehberi\/asgari-ucret-2022-yilinda-ne-kadar-olacak\/#primaryimage"},"thumbnailUrl":"https:\/\/www.kariyer.net\/kariyer-rehberi\/wp-content\/uploads\/2021\/12\/asgari_ucret_2022.jpg","datePublished":"2021-12-06T09:51:16+00:00","dateModified":"2024-08-08T18:08:52+00:00","description":"Asgari \u00fccret ne kadar olacak? sorusunun cevab\u0131 merakla bekleniyor. 2022 y\u0131l\u0131nda ge\u00e7erli olacak asgari \u00fccret tutar\u0131n\u0131 belirlemek i\u00e7in Asgari \u00dccret Tespit","breadcrumb":{"@id":"https:\/\/www.kariyer.net\/kariyer-rehberi\/asgari-ucret-2022-yilinda-ne-kadar-olacak\/#breadcrumb"},"inLanguage":"tr","potentialAction":[{"@type":"ReadAction","target":["https:\/\/www.kariyer.net\/kariyer-rehberi\/asgari-ucret-2022-yilinda-ne-kadar-olacak\/"]}]},{"@type":"ImageObject","inLanguage":"tr","@id":"https:\/\/www.kariyer.net\/kariyer-rehberi\/asgari-ucret-2022-yilinda-ne-kadar-olacak\/#primaryimage","url":"https:\/\/www.kariyer.net\/kariyer-rehberi\/wp-content\/uploads\/2021\/12\/asgari_ucret_2022.jpg","contentUrl":"https:\/\/www.kariyer.net\/kariyer-rehberi\/wp-content\/uploads\/2021\/12\/asgari_ucret_2022.jpg","width":900,"height":600},{"@type":"BreadcrumbList","@id":"https:\/\/www.kariyer.net\/kariyer-rehberi\/asgari-ucret-2022-yilinda-ne-kadar-olacak\/#breadcrumb","itemListElement":[{"@type":"ListItem","position":1,"name":"Anasayfa","item":"https:\/\/www.kariyer.net\/kariyer-rehberi\/"},{"@type":"ListItem","position":2,"name":"Asgari \u00fccret 2022 y\u0131l\u0131nda ne kadar olacak?"}]},{"@type":"WebSite","@id":"https:\/\/www.kariyer.net\/kariyer-rehberi\/#website","url":"https:\/\/www.kariyer.net\/kariyer-rehberi\/","name":"Kariyer Rehberi","description":"\u0130\u015f D\u00fcnyas\u0131yla \u0130lgili Bilmek \u0130stedi\u011finiz Her \u015eey","publisher":{"@id":"https:\/\/www.kariyer.net\/kariyer-rehberi\/#organization"},"potentialAction":[{"@type":"SearchAction","target":{"@type":"EntryPoint","urlTemplate":"https:\/\/www.kariyer.net\/kariyer-rehberi\/?s={search_term_string}"},"query-input":{"@type":"PropertyValueSpecification","valueRequired":true,"valueName":"search_term_string"}}],"inLanguage":"tr"},{"@type":"Organization","@id":"https:\/\/www.kariyer.net\/kariyer-rehberi\/#organization","name":"Kariyer.net","url":"https:\/\/www.kariyer.net\/kariyer-rehberi\/","logo":{"@type":"ImageObject","inLanguage":"tr","@id":"https:\/\/www.kariyer.net\/kariyer-rehberi\/#\/schema\/logo\/image\/","url":"https:\/\/www.kariyer.net\/kariyer-rehberi-new\/wp-content\/uploads\/2023\/01\/og-image11.jpg","contentUrl":"https:\/\/www.kariyer.net\/kariyer-rehberi-new\/wp-content\/uploads\/2023\/01\/og-image11.jpg","width":800,"height":800,"caption":"Kariyer.net"},"image":{"@id":"https:\/\/www.kariyer.net\/kariyer-rehberi\/#\/schema\/logo\/image\/"}},{"@type":"Person","@id":"https:\/\/www.kariyer.net\/kariyer-rehberi\/#\/schema\/person\/94fd6e49c7ff1b1b2565a2cc4fd685dd","name":"Edit\u00f6r","image":{"@type":"ImageObject","inLanguage":"tr","@id":"https:\/\/www.kariyer.net\/kariyer-rehberi\/#\/schema\/person\/image\/","url":"https:\/\/secure.gravatar.com\/avatar\/0c4fe6688343aed3693b15573beae12c08ace5565409d5ab7509bf9c115f458d?s=96&d=mm&r=g","contentUrl":"https:\/\/secure.gravatar.com\/avatar\/0c4fe6688343aed3693b15573beae12c08ace5565409d5ab7509bf9c115f458d?s=96&d=mm&r=g","caption":"Edit\u00f6r"},"url":"https:\/\/www.kariyer.net\/kariyer-rehberi\/author\/editor\/"}]}},"_links":{"self":[{"href":"https:\/\/www.kariyer.net\/kariyer-rehberi\/wp-json\/wp\/v2\/posts\/15535","targetHints":{"allow":["GET"]}}],"collection":[{"href":"https:\/\/www.kariyer.net\/kariyer-rehberi\/wp-json\/wp\/v2\/posts"}],"about":[{"href":"https:\/\/www.kariyer.net\/kariyer-rehberi\/wp-json\/wp\/v2\/types\/post"}],"author":[{"embeddable":true,"href":"https:\/\/www.kariyer.net\/kariyer-rehberi\/wp-json\/wp\/v2\/users\/12"}],"replies":[{"embeddable":true,"href":"https:\/\/www.kariyer.net\/kariyer-rehberi\/wp-json\/wp\/v2\/comments?post=15535"}],"version-history":[{"count":1,"href":"https:\/\/www.kariyer.net\/kariyer-rehberi\/wp-json\/wp\/v2\/posts\/15535\/revisions"}],"predecessor-version":[{"id":20585,"href":"https:\/\/www.kariyer.net\/kariyer-rehberi\/wp-json\/wp\/v2\/posts\/15535\/revisions\/20585"}],"wp:featuredmedia":[{"embeddable":true,"href":"https:\/\/www.kariyer.net\/kariyer-rehberi\/wp-json\/wp\/v2\/media\/15536"}],"wp:attachment":[{"href":"https:\/\/www.kariyer.net\/kariyer-rehberi\/wp-json\/wp\/v2\/media?parent=15535"}],"wp:term":[{"taxonomy":"category","embeddable":true,"href":"https:\/\/www.kariyer.net\/kariyer-rehberi\/wp-json\/wp\/v2\/categories?post=15535"},{"taxonomy":"post_tag","embeddable":true,"href":"https:\/\/www.kariyer.net\/kariyer-rehberi\/wp-json\/wp\/v2\/tags?post=15535"}],"curies":[{"name":"wp","href":"https:\/\/api.w.org\/{rel}","templated":true}]}}