{"id":15538,"date":"2021-12-09T10:50:05","date_gmt":"2021-12-09T07:50:05","guid":{"rendered":"https:\/\/www.kariyer.net\/kariyer-rehberi\/?p=15538"},"modified":"2024-08-08T21:08:52","modified_gmt":"2024-08-08T18:08:52","slug":"gig-ekonomisini-surdurulebilir-kilacak-5-faktor","status":"publish","type":"post","link":"https:\/\/www.kariyer.net\/kariyer-rehberi\/gig-ekonomisini-surdurulebilir-kilacak-5-faktor\/","title":{"rendered":"Gig ekonomisini s\u00fcrd\u00fcr\u00fclebilir k\u0131lacak 5 fakt\u00f6r"},"content":{"rendered":"<p><strong>Teknolojik geli\u015fmeler, pandemi s\u00fcreci derken \u00e7al\u0131\u015fma hayat\u0131 h\u0131zl\u0131 bir d\u00f6n\u00fc\u015f\u00fcm s\u00fcrecine girdi. \u00c7al\u0131\u015fma \u015fekillerindeki de\u011fi\u015fim ise serbest \u00e7al\u0131\u015fanlar\u0131n olu\u015fturdu\u011fu yeni bir ekonomiyi do\u011furdu: Gig ekonomisi! \u0130nsan Kaynaklar\u0131 Proje Dan\u0131\u015fman\u0131 \u0130pek Aral, gig ekonomisini s\u00fcrd\u00fcr\u00fclebilir k\u0131lmak i\u00e7in neler yap\u0131lmas\u0131 gerekti\u011fini bu yaz\u0131m\u0131zda anlatt\u0131.<\/strong><\/p>\n<footer>\n<div class=\"td-post-source-tags\">\n<h6><em>&#8220;Pazartesi g\u00fcn\u00fc, olduk\u00e7a hareketli ge\u00e7ece\u011fini bildi\u011finiz bir ba\u015fka haftan\u0131n ba\u015flang\u0131c\u0131. \u00d6n\u00fcn\u00fczdeki yedi g\u00fcn boyunca i\u015f plan\u0131n\u0131zda neler var? Hangi g\u00fcn, kiminle, nerede, hangi i\u015fi \u00e7al\u0131\u015facaks\u0131n\u0131z? Termini yakla\u015fan i\u015f var m\u0131? Gelecek aya da g\u00f6z atmak gerek. Hatta \u00f6n\u00fcn\u00fczdeki \u00fc\u00e7 ay\u0131n da takvimini et\u00fct etmek \u00e7ok isabetli olur. Yeni i\u015fler bulmak, takvime konumland\u0131rmak her zaman beyninizin yar\u0131s\u0131n\u0131 kurcal\u0131yor. Bazen i\u015f \u00e7ok, zaman az, bazen de tam tersi. \u0130\u015f birli\u011fi yapt\u0131\u011f\u0131n\u0131z arkada\u015flar\u0131n\u0131zla arada haberle\u015fmelisiniz. Farkl\u0131 alanlardan kafa dengi uzmanlarla ortak i\u015flere girmek size iyi geliyor, \u00e7ok geli\u015fiyorsunuz.&#8221;<\/em><\/h6>\n<\/div>\n<\/footer>\n<p>Bu c\u00fcmleler g\u00fcn\u00fcm\u00fczde <strong><a href=\"https:\/\/www.kariyer.net\/ik-blog\/is-dunyasinda-yeni-bir-kavram-gig-ekonomisi\/\" target=\"_blank\" rel=\"noopener\">\u2018gig ekonomi\u2019<\/a> <\/strong>tan\u0131m\u0131 dahilinde \u00e7al\u0131\u015fmakta olan uzmanlar\u0131n akl\u0131ndan ge\u00e7enleri yans\u0131t\u0131yor. Tempolu, y\u00fcksek sorumluluk i\u00e7eren, \u00f6z performans, \u00f6z \u00f6\u011frenme ve sosyal ba\u011flant\u0131lar\u0131n (network) \u00e7ok ak\u0131ll\u0131 y\u00f6netilmesi ve geli\u015ftirilmesini gerektiren bir \u00e7al\u0131\u015fma \u015fekli gig. Bu nedenle herkesin kolayca ge\u00e7i\u015f yapabilece\u011fi bir model olmayabilir.<\/p>\n<p>Gig \u00e7al\u0131\u015fmay\u0131, herhangi bir kurumun bordrosuna girmeden, ayn\u0131 anda farkl\u0131 organizasyonlarla i\u015f yaparak, esnek zaman ve \u00e7al\u0131\u015fma ko\u015fullar\u0131yla ba\u011f\u0131ms\u0131z para kazanabilmek \u015feklinde \u00f6zetleyebiliriz. G\u00fcn\u00fcm\u00fczde \u00fclkemizde de proje bazl\u0131, par\u00e7a ba\u015f\u0131, belirli s\u00fcreli s\u00f6zle\u015fme\/kontratla tan\u0131mlanm\u0131\u015f \u015fartlar ve taahh\u00fctler \u00e7er\u00e7evesinde gig \u00e7al\u0131\u015fma s\u00fcre\u00e7leri y\u00fcr\u00fctebiliyoruz.<\/p>\n<p>Gig \u00e7al\u0131\u015fmada elde edilen gelirin kanuni olmas\u0131, bu disiplinin en hassas konular\u0131ndan biri. \u0130yi bir mali m\u00fc\u015favir mentorlu\u011funda ister \u015fah\u0131s, ister limited \u015firket a\u00e7arak, ister serbest meslek makbuzu ile ister e-fatura m\u00fckellefi olarak \u00e7al\u0131\u015fabilirsin. Sigorta, vergiler gibi \u00f6nemli detaylar i\u00e7in mali m\u00fc\u015favirin gerekli bilgilendirme ve y\u00f6nlendirmeleri sana yapacakt\u0131r.<\/p>\n<p>Son on \u00fc\u00e7 y\u0131ld\u0131r gig ekonomi \u00e7er\u00e7evesinde hizmet veren bir insan kaynaklar\u0131 uzman\u0131\/dan\u0131\u015fman\u0131 olarak bu \u00e7al\u0131\u015fma modelini s\u00fcrd\u00fcrebilir k\u0131lan fakt\u00f6rleri be\u015f ba\u015fl\u0131kla ele alabilirim;<\/p>\n<h2><strong>\u0130leri seviyede bilgi ve tecr\u00fcbe<\/strong><\/h2>\n<p>Bir kurumun senden hizmet almas\u0131 i\u00e7in s\u00f6z konusu i\u015f\/problem hakk\u0131nda i\u00e7 kaynaklar\u0131n\u0131n ya olmamas\u0131 ya da yetersiz kalmas\u0131 durumu vard\u0131r. Dolay\u0131s\u0131yla sen bilgi ve tecr\u00fcbenle ba\u015fta s\u0131k\u0131nt\u0131y\u0131 te\u015fhis edebilmeli, ard\u0131ndan \u00e7\u00f6z\u00fcm alternatiflerini masaya koyabilmelisin. Bunlar\u0131 yapabilmek i\u00e7in mesleki derinli\u011finin \u00e7ok olmas\u0131 gerekir. E\u011fer yapamayaca\u011f\u0131n\u0131 d\u00fc\u015f\u00fcnd\u00fc\u011f\u00fcn bir i\u015f veya \u00e7\u00f6zemeyece\u011fin bir problem ise bu durumu da \u015feffaf bir \u015fekilde anlatabilmelisin.<\/p>\n<h2><strong>Hizmet odakl\u0131l\u0131k<\/strong><\/h2>\n<p>\u00dcstlendi\u011fin i\u015fi nas\u0131l yapaca\u011f\u0131na dair detayl\u0131 i\u015f ve zaman plan\u0131n\u0131 sunman \u00e7ok \u00f6nemli. Bu plan sayesinde kurumun stratejilerini, \u00f6nceliklerini, ihtiya\u00e7lar\u0131n\u0131, kaynaklar\u0131n\u0131, k\u0131s\u0131tlar\u0131n\u0131 daha detayl\u0131 et\u00fct edebilir; kurumun yetkililerini i\u015fin i\u00e7ine daha aktif \u015fekilde katabilirsin.<\/p>\n<p>\u0130\u015f plan\u0131n\u0131n ger\u00e7ekle\u015ftirilmesi s\u00fcrecinde pek \u00e7ok s\u0131k\u0131nt\u0131n\u0131n ya\u015fanaca\u011f\u0131n\u0131 bilmelisin. Kadrolu bir \u00e7al\u0131\u015fan olarak asla senin sorumlulu\u011funda olmayan aksamalar, gig modelde b\u00fct\u00fcn\u00fcyle senin meselendir. Zaman taahh\u00fctlerine uymak i\u00e7in y\u00fcksek sorumluluk bilinci ile i\u015fe sahip \u00e7\u0131kman gerekir. Bahane \u00fcretmek, o kurumdan bir daha i\u015f alamaman anlam\u0131na gelecektir.<\/p>\n<h2><strong>\u00d6zenli ili\u015fki y\u00f6netimi<\/strong><\/h2>\n<p>Gig \u00e7al\u0131\u015fma modelinde itibar \u00e7ok \u00f6nemlidir. \u201cYapar\u0131m\u201d dedi\u011fin i\u015fi yapmal\u0131 veya o i\u015fe hi\u00e7 girmemelisin. G\u00fcvenilirlik birincil \u00f6nceli\u011fin olmal\u0131. Farkl\u0131 sekt\u00f6rlerde, bamba\u015fka kurumlarda, de\u011fi\u015fik \u00e7al\u0131\u015fma k\u00fclt\u00fcrleri ve insanlarla bulu\u015fmak hem \u00e7ok geli\u015ftirici hem de \u00e7ok streslidir.<\/p>\n<p>En \u00fcstten, en alt seviyeye kadar \u00e7ok katmanl\u0131 ve \u00e7ok y\u00f6nl\u00fc ileti\u015fime ge\u00e7ebiliyor olman\u0131n ise tek kural\u0131 vard\u0131r: Egonun ak\u0131ll\u0131 y\u00f6ntemi. \u0130yi dinleyici olmak, do\u011fru zamanda do\u011fru sorular\u0131 sormak, ne zaman susup, ne zaman, kiminle, ne konu\u015faca\u011f\u0131n\u0131 bilmek egosunu y\u00f6netebilen insanlar\u0131n bu s\u00fcre\u00e7te ustala\u015ft\u0131klar\u0131 alt davran\u0131\u015flard\u0131r.<\/p>\n<p>Gig modelde \u00e7al\u0131\u015f\u0131rken odan\u0131n en bilgili, tecr\u00fcbelisi sen olabilirsin, ama en ak\u0131ll\u0131s\u0131 asla olmamal\u0131, ortak akl\u0131 kullanma yetkinli\u011fini azami \u015fekilde sergileyebilmelisin.<\/p>\n<h2><strong>S\u00fcrekli \u00e7ok y\u00f6nl\u00fc \u00f6\u011frenme ve geli\u015fim<\/strong><\/h2>\n<p>D\u00fcnya ve b\u00fct\u00fcn i\u015f kollar\u0131 inan\u0131lmaz bir h\u0131zla de\u011fi\u015firken, hatta d\u00f6n\u00fc\u015f\u00fcrken, \u201cuzman\u0131m\u201d iddias\u0131ndaki bir ki\u015finin kendisini s\u00fcrekli ve \u00e7ok y\u00f6nl\u00fc geli\u015ftirmesi gerekir. Belki de di\u011fer d\u00f6rt madde ile k\u0131yasland\u0131\u011f\u0131nda gig modelde \u00e7al\u0131\u015fmay\u0131 tercih edenleri en zorlayacak olan budur. Uzmanl\u0131k alan\u0131n ve ba\u011flant\u0131l\u0131 b\u00fct\u00fcn konular\u0131n ne y\u00f6nde ilerledi\u011fini s\u00fcrekli ara\u015ft\u0131rmak, takip etmek, \u00f6\u011frenmek, \u00f6ng\u00f6rmek, uyarlamak ve denemek zorundas\u0131n ki sana soruldu\u011funda en yeniyi alternatif olarak masaya koyabilesin.<\/p>\n<h2><strong>\u00d6z \u00fcretim<\/strong><\/h2>\n<p>Gig modelde \u00e7al\u0131\u015fan bir insan\u0131n neler bilip yapabildi\u011fini anlatabilmesi, s\u00f6z\u00fcn \u00f6z\u00fc kendini pazarlayabilmesi \u00e7ok \u00f6nemlidir. Masaya oturdu\u011fun kurum yetkililerinin sana soraca\u011f\u0131 hakl\u0131 ilk soru \u201cNe bildi\u011finizi, neleri, nas\u0131l yapabildi\u011finizi nereden bilelim?\u201d olacakt\u0131r. Dolay\u0131s\u0131yla mesle\u011fine dair \u00e7al\u0131\u015fma, bilgi ve tecr\u00fcbeni yans\u0131taca\u011f\u0131n ara\u00e7lar yarat\u0131yor ve onlar\u0131 s\u00fcrekli besliyor olman gerekir. \u00d6z \u00fcretimlerini bir blogda, sosyal medya kanallar\u0131nda payla\u015farak etki ve ula\u015f\u0131m alan\u0131n\u0131 artt\u0131rmal\u0131s\u0131n. Bu \u00e7al\u0131\u015fmalar\u0131 yaparken sosyal fayda yaratabiliyor olman da sana ayr\u0131 bir \u00fcretme motivasyonu sa\u011flayacakt\u0131r.<\/p>\n<div class=\"td-post-content tagdiv-type\">\n<p class=\"entry-title\"><strong>Konuk yazar:<\/strong> \u0130pek Aral \/ \u0130nsan Kaynaklar\u0131 Proje Dan\u0131\u015fman\u0131<\/p>\n<p><strong>Yazara ait di\u011fer yaz\u0131lar\u0131 okumak i\u00e7in <a href=\"https:\/\/www.kariyer.net\/kariyer-rehberi\/tag\/ipek-aral\/\" target=\"_blank\" rel=\"noopener\">buraya<\/a> t\u0131klayabilirsiniz.<\/strong><\/p>\n<\/div>\n<!-- templates\/buttons-placeholder.php -->\n<div class=\"da-reactions-outer TpostID15538\">\n\t    <div class=\"da-reactions-data da-reactions-container-async center\"\n         data-type=\"post\"\n         data-id=\"15538\"\n         id=\"da-reactions-slot-post-15538\">\n        <div class=\"da-reactions-static\">\n\t\t\t<img src=\"https:\/\/www.kariyer.net\/kariyer-rehberi\/wp-content\/plugins\/da-reactions\/assets\/dist\/loading.svg\" alt=\"Loading spinner\" width=\"48\" height=\"48\" style=\"width:48px\" \/>\n        <\/div>\n    <\/div>\n<\/div>\n","protected":false},"excerpt":{"rendered":"<p>Teknolojik geli\u015fmeler, pandemi s\u00fcreci derken \u00e7al\u0131\u015fma hayat\u0131 h\u0131zl\u0131 bir d\u00f6n\u00fc\u015f\u00fcm s\u00fcrecine girdi. \u00c7al\u0131\u015fma \u015fekillerindeki de\u011fi\u015fim ise serbest \u00e7al\u0131\u015fanlar\u0131n olu\u015fturdu\u011fu yeni bir ekonomiyi do\u011furdu: Gig ekonomisi! \u0130nsan Kaynaklar\u0131 Proje Dan\u0131\u015fman\u0131 \u0130pek Aral, gig ekonomisini s\u00fcrd\u00fcr\u00fclebilir k\u0131lmak i\u00e7in neler yap\u0131lmas\u0131 gerekti\u011fini bu yaz\u0131m\u0131zda anlatt\u0131. &#8220;Pazartesi g\u00fcn\u00fc, olduk\u00e7a hareketli ge\u00e7ece\u011fini bildi\u011finiz bir ba\u015fka haftan\u0131n ba\u015flang\u0131c\u0131. \u00d6n\u00fcn\u00fczdeki yedi g\u00fcn [&hellip;]<\/p>\n<!-- templates\/buttons-placeholder.php -->\n<div class=\"da-reactions-outer TpostID15538\">\n\t    <div class=\"da-reactions-data da-reactions-container-async center\"\n         data-type=\"post\"\n         data-id=\"15538\"\n         id=\"da-reactions-slot-post-15538\">\n        <div class=\"da-reactions-static\">\n\t\t\t<img src=\"https:\/\/www.kariyer.net\/kariyer-rehberi\/wp-content\/plugins\/da-reactions\/assets\/dist\/loading.svg\" alt=\"Loading spinner\" width=\"48\" height=\"48\" style=\"width:48px\" \/>\n        <\/div>\n    <\/div>\n<\/div>\n","protected":false},"author":9,"featured_media":15540,"comment_status":"closed","ping_status":"open","sticky":false,"template":"","format":"standard","meta":{"footnotes":"","_elementor_edit_mode":"","_elementor_template_type":"","_elementor_data":"","_elementor_page_settings":null,"_elementor_conditions":[]},"categories":[2214],"tags":[864,1832,1467],"class_list":{"0":"post-15538","1":"post","2":"type-post","3":"status-publish","4":"format-standard","5":"has-post-thumbnail","7":"category-yasam","8":"tag-calisma-hayati","9":"tag-gig-ekonomi","10":"tag-ipek-aral"},"yoast_head":"<!-- This site is optimized with the Yoast SEO Premium plugin v21.4 (Yoast SEO v27.0) - https:\/\/yoast.com\/product\/yoast-seo-premium-wordpress\/ -->\n<title>Gig ekonomisini s\u00fcrd\u00fcr\u00fclebilir k\u0131lacak 5 fakt\u00f6r | Kariyer Rehberi<\/title>\n<meta name=\"description\" content=\"Teknolojik geli\u015fmeler, pandemi s\u00fcreci derken \u00e7al\u0131\u015fma hayat\u0131 h\u0131zl\u0131 bir d\u00f6n\u00fc\u015f\u00fcm s\u00fcrecine girdi. \u00c7al\u0131\u015fma \u015fekillerindeki de\u011fi\u015fim ise serbest \u00e7al\u0131\u015fanlar\u0131n\" \/>\n<meta name=\"robots\" content=\"index, follow, max-snippet:-1, max-image-preview:large, max-video-preview:-1\" \/>\n<link rel=\"canonical\" href=\"https:\/\/www.kariyer.net\/kariyer-rehberi\/gig-ekonomisini-surdurulebilir-kilacak-5-faktor\/\" \/>\n<meta property=\"og:locale\" content=\"tr_TR\" \/>\n<meta property=\"og:type\" content=\"article\" \/>\n<meta property=\"og:title\" content=\"Gig ekonomisini s\u00fcrd\u00fcr\u00fclebilir k\u0131lacak 5 fakt\u00f6r\" \/>\n<meta property=\"og:description\" content=\"Teknolojik geli\u015fmeler, pandemi s\u00fcreci derken \u00e7al\u0131\u015fma hayat\u0131 h\u0131zl\u0131 bir d\u00f6n\u00fc\u015f\u00fcm s\u00fcrecine girdi. \u00c7al\u0131\u015fma \u015fekillerindeki de\u011fi\u015fim ise serbest \u00e7al\u0131\u015fanlar\u0131n\" \/>\n<meta property=\"og:url\" content=\"https:\/\/www.kariyer.net\/kariyer-rehberi\/gig-ekonomisini-surdurulebilir-kilacak-5-faktor\/\" \/>\n<meta property=\"og:site_name\" content=\"Kariyer Rehberi\" \/>\n<meta property=\"article:published_time\" content=\"2021-12-09T07:50:05+00:00\" \/>\n<meta property=\"article:modified_time\" content=\"2024-08-08T18:08:52+00:00\" \/>\n<meta property=\"og:image\" content=\"https:\/\/www.kariyer.net\/kariyer-rehberi\/wp-content\/uploads\/2021\/12\/gig_economy.jpg\" \/>\n\t<meta property=\"og:image:width\" content=\"900\" \/>\n\t<meta property=\"og:image:height\" content=\"600\" \/>\n\t<meta property=\"og:image:type\" content=\"image\/jpeg\" \/>\n<meta name=\"author\" content=\"Konuk Yazar\" \/>\n<meta name=\"twitter:card\" content=\"summary_large_image\" \/>\n<meta name=\"twitter:label1\" content=\"Yazan:\" \/>\n\t<meta name=\"twitter:data1\" content=\"Konuk Yazar\" \/>\n\t<meta name=\"twitter:label2\" content=\"Tahmini okuma s\u00fcresi\" \/>\n\t<meta name=\"twitter:data2\" content=\"5 dakika\" \/>\n<!-- \/ Yoast SEO Premium plugin. -->","yoast_head_json":{"title":"Gig ekonomisini s\u00fcrd\u00fcr\u00fclebilir k\u0131lacak 5 fakt\u00f6r | Kariyer Rehberi","description":"Teknolojik geli\u015fmeler, pandemi s\u00fcreci derken \u00e7al\u0131\u015fma hayat\u0131 h\u0131zl\u0131 bir d\u00f6n\u00fc\u015f\u00fcm s\u00fcrecine girdi. \u00c7al\u0131\u015fma \u015fekillerindeki de\u011fi\u015fim ise serbest \u00e7al\u0131\u015fanlar\u0131n","robots":{"index":"index","follow":"follow","max-snippet":"max-snippet:-1","max-image-preview":"max-image-preview:large","max-video-preview":"max-video-preview:-1"},"canonical":"https:\/\/www.kariyer.net\/kariyer-rehberi\/gig-ekonomisini-surdurulebilir-kilacak-5-faktor\/","og_locale":"tr_TR","og_type":"article","og_title":"Gig ekonomisini s\u00fcrd\u00fcr\u00fclebilir k\u0131lacak 5 fakt\u00f6r","og_description":"Teknolojik geli\u015fmeler, pandemi s\u00fcreci derken \u00e7al\u0131\u015fma hayat\u0131 h\u0131zl\u0131 bir d\u00f6n\u00fc\u015f\u00fcm s\u00fcrecine girdi. \u00c7al\u0131\u015fma \u015fekillerindeki de\u011fi\u015fim ise serbest \u00e7al\u0131\u015fanlar\u0131n","og_url":"https:\/\/www.kariyer.net\/kariyer-rehberi\/gig-ekonomisini-surdurulebilir-kilacak-5-faktor\/","og_site_name":"Kariyer Rehberi","article_published_time":"2021-12-09T07:50:05+00:00","article_modified_time":"2024-08-08T18:08:52+00:00","og_image":[{"width":900,"height":600,"url":"https:\/\/www.kariyer.net\/kariyer-rehberi\/wp-content\/uploads\/2021\/12\/gig_economy.jpg","type":"image\/jpeg"}],"author":"Konuk Yazar","twitter_card":"summary_large_image","twitter_misc":{"Yazan:":"Konuk Yazar","Tahmini okuma s\u00fcresi":"5 dakika"},"schema":{"@context":"https:\/\/schema.org","@graph":[{"@type":"Article","@id":"https:\/\/www.kariyer.net\/kariyer-rehberi\/gig-ekonomisini-surdurulebilir-kilacak-5-faktor\/#article","isPartOf":{"@id":"https:\/\/www.kariyer.net\/kariyer-rehberi\/gig-ekonomisini-surdurulebilir-kilacak-5-faktor\/"},"author":{"name":"Konuk Yazar","@id":"https:\/\/www.kariyer.net\/kariyer-rehberi\/#\/schema\/person\/6154a58a8375a4df7f7fc847997c4657"},"headline":"Gig ekonomisini s\u00fcrd\u00fcr\u00fclebilir k\u0131lacak 5 fakt\u00f6r","datePublished":"2021-12-09T07:50:05+00:00","dateModified":"2024-08-08T18:08:52+00:00","mainEntityOfPage":{"@id":"https:\/\/www.kariyer.net\/kariyer-rehberi\/gig-ekonomisini-surdurulebilir-kilacak-5-faktor\/"},"wordCount":1017,"publisher":{"@id":"https:\/\/www.kariyer.net\/kariyer-rehberi\/#organization"},"image":{"@id":"https:\/\/www.kariyer.net\/kariyer-rehberi\/gig-ekonomisini-surdurulebilir-kilacak-5-faktor\/#primaryimage"},"thumbnailUrl":"https:\/\/www.kariyer.net\/kariyer-rehberi\/wp-content\/uploads\/2021\/12\/gig_economy.jpg","keywords":["\u00e7al\u0131\u015fma hayat\u0131","gig ekonomi","\u0130pek Aral"],"articleSection":["Ya\u015fam"],"inLanguage":"tr"},{"@type":"WebPage","@id":"https:\/\/www.kariyer.net\/kariyer-rehberi\/gig-ekonomisini-surdurulebilir-kilacak-5-faktor\/","url":"https:\/\/www.kariyer.net\/kariyer-rehberi\/gig-ekonomisini-surdurulebilir-kilacak-5-faktor\/","name":"Gig ekonomisini s\u00fcrd\u00fcr\u00fclebilir k\u0131lacak 5 fakt\u00f6r | Kariyer Rehberi","isPartOf":{"@id":"https:\/\/www.kariyer.net\/kariyer-rehberi\/#website"},"primaryImageOfPage":{"@id":"https:\/\/www.kariyer.net\/kariyer-rehberi\/gig-ekonomisini-surdurulebilir-kilacak-5-faktor\/#primaryimage"},"image":{"@id":"https:\/\/www.kariyer.net\/kariyer-rehberi\/gig-ekonomisini-surdurulebilir-kilacak-5-faktor\/#primaryimage"},"thumbnailUrl":"https:\/\/www.kariyer.net\/kariyer-rehberi\/wp-content\/uploads\/2021\/12\/gig_economy.jpg","datePublished":"2021-12-09T07:50:05+00:00","dateModified":"2024-08-08T18:08:52+00:00","description":"Teknolojik geli\u015fmeler, pandemi s\u00fcreci derken \u00e7al\u0131\u015fma hayat\u0131 h\u0131zl\u0131 bir d\u00f6n\u00fc\u015f\u00fcm s\u00fcrecine girdi. \u00c7al\u0131\u015fma \u015fekillerindeki de\u011fi\u015fim ise serbest \u00e7al\u0131\u015fanlar\u0131n","breadcrumb":{"@id":"https:\/\/www.kariyer.net\/kariyer-rehberi\/gig-ekonomisini-surdurulebilir-kilacak-5-faktor\/#breadcrumb"},"inLanguage":"tr","potentialAction":[{"@type":"ReadAction","target":["https:\/\/www.kariyer.net\/kariyer-rehberi\/gig-ekonomisini-surdurulebilir-kilacak-5-faktor\/"]}]},{"@type":"ImageObject","inLanguage":"tr","@id":"https:\/\/www.kariyer.net\/kariyer-rehberi\/gig-ekonomisini-surdurulebilir-kilacak-5-faktor\/#primaryimage","url":"https:\/\/www.kariyer.net\/kariyer-rehberi\/wp-content\/uploads\/2021\/12\/gig_economy.jpg","contentUrl":"https:\/\/www.kariyer.net\/kariyer-rehberi\/wp-content\/uploads\/2021\/12\/gig_economy.jpg","width":900,"height":600},{"@type":"BreadcrumbList","@id":"https:\/\/www.kariyer.net\/kariyer-rehberi\/gig-ekonomisini-surdurulebilir-kilacak-5-faktor\/#breadcrumb","itemListElement":[{"@type":"ListItem","position":1,"name":"Anasayfa","item":"https:\/\/www.kariyer.net\/kariyer-rehberi\/"},{"@type":"ListItem","position":2,"name":"Gig ekonomisini s\u00fcrd\u00fcr\u00fclebilir k\u0131lacak 5 fakt\u00f6r"}]},{"@type":"WebSite","@id":"https:\/\/www.kariyer.net\/kariyer-rehberi\/#website","url":"https:\/\/www.kariyer.net\/kariyer-rehberi\/","name":"Kariyer Rehberi","description":"\u0130\u015f D\u00fcnyas\u0131yla \u0130lgili Bilmek \u0130stedi\u011finiz Her \u015eey","publisher":{"@id":"https:\/\/www.kariyer.net\/kariyer-rehberi\/#organization"},"potentialAction":[{"@type":"SearchAction","target":{"@type":"EntryPoint","urlTemplate":"https:\/\/www.kariyer.net\/kariyer-rehberi\/?s={search_term_string}"},"query-input":{"@type":"PropertyValueSpecification","valueRequired":true,"valueName":"search_term_string"}}],"inLanguage":"tr"},{"@type":"Organization","@id":"https:\/\/www.kariyer.net\/kariyer-rehberi\/#organization","name":"Kariyer.net","url":"https:\/\/www.kariyer.net\/kariyer-rehberi\/","logo":{"@type":"ImageObject","inLanguage":"tr","@id":"https:\/\/www.kariyer.net\/kariyer-rehberi\/#\/schema\/logo\/image\/","url":"https:\/\/www.kariyer.net\/kariyer-rehberi-new\/wp-content\/uploads\/2023\/01\/og-image11.jpg","contentUrl":"https:\/\/www.kariyer.net\/kariyer-rehberi-new\/wp-content\/uploads\/2023\/01\/og-image11.jpg","width":800,"height":800,"caption":"Kariyer.net"},"image":{"@id":"https:\/\/www.kariyer.net\/kariyer-rehberi\/#\/schema\/logo\/image\/"}},{"@type":"Person","@id":"https:\/\/www.kariyer.net\/kariyer-rehberi\/#\/schema\/person\/6154a58a8375a4df7f7fc847997c4657","name":"Konuk Yazar","image":{"@type":"ImageObject","inLanguage":"tr","@id":"https:\/\/www.kariyer.net\/kariyer-rehberi\/#\/schema\/person\/image\/","url":"https:\/\/secure.gravatar.com\/avatar\/f03aa189ddb09160e6f0ad7e5e2c4b69c7102a041cc145a1e45a96f0100baa41?s=96&d=mm&r=g","contentUrl":"https:\/\/secure.gravatar.com\/avatar\/f03aa189ddb09160e6f0ad7e5e2c4b69c7102a041cc145a1e45a96f0100baa41?s=96&d=mm&r=g","caption":"Konuk Yazar"},"url":"https:\/\/www.kariyer.net\/kariyer-rehberi\/author\/konukyazar\/"}]}},"_links":{"self":[{"href":"https:\/\/www.kariyer.net\/kariyer-rehberi\/wp-json\/wp\/v2\/posts\/15538","targetHints":{"allow":["GET"]}}],"collection":[{"href":"https:\/\/www.kariyer.net\/kariyer-rehberi\/wp-json\/wp\/v2\/posts"}],"about":[{"href":"https:\/\/www.kariyer.net\/kariyer-rehberi\/wp-json\/wp\/v2\/types\/post"}],"author":[{"embeddable":true,"href":"https:\/\/www.kariyer.net\/kariyer-rehberi\/wp-json\/wp\/v2\/users\/9"}],"replies":[{"embeddable":true,"href":"https:\/\/www.kariyer.net\/kariyer-rehberi\/wp-json\/wp\/v2\/comments?post=15538"}],"version-history":[{"count":1,"href":"https:\/\/www.kariyer.net\/kariyer-rehberi\/wp-json\/wp\/v2\/posts\/15538\/revisions"}],"predecessor-version":[{"id":20584,"href":"https:\/\/www.kariyer.net\/kariyer-rehberi\/wp-json\/wp\/v2\/posts\/15538\/revisions\/20584"}],"wp:featuredmedia":[{"embeddable":true,"href":"https:\/\/www.kariyer.net\/kariyer-rehberi\/wp-json\/wp\/v2\/media\/15540"}],"wp:attachment":[{"href":"https:\/\/www.kariyer.net\/kariyer-rehberi\/wp-json\/wp\/v2\/media?parent=15538"}],"wp:term":[{"taxonomy":"category","embeddable":true,"href":"https:\/\/www.kariyer.net\/kariyer-rehberi\/wp-json\/wp\/v2\/categories?post=15538"},{"taxonomy":"post_tag","embeddable":true,"href":"https:\/\/www.kariyer.net\/kariyer-rehberi\/wp-json\/wp\/v2\/tags?post=15538"}],"curies":[{"name":"wp","href":"https:\/\/api.w.org\/{rel}","templated":true}]}}