{"id":1566,"date":"2013-07-31T13:13:14","date_gmt":"2013-07-31T10:13:14","guid":{"rendered":"http:\/\/www.kariyerkampuste.com\/?p=1566"},"modified":"2024-07-03T15:31:38","modified_gmt":"2024-07-03T12:31:38","slug":"deloitteta-gecen-yil-200-yeni-mezun-istihdam-edildi","status":"publish","type":"post","link":"https:\/\/www.kariyer.net\/kariyer-rehberi\/deloitteta-gecen-yil-200-yeni-mezun-istihdam-edildi\/","title":{"rendered":"Deloitte&#8217;ta Ge\u00e7en Y\u0131l 200 Yeni Mezun \u0130stihdam Edildi"},"content":{"rendered":"<p><strong><a href=\"http:\/\/www.kariyerkampuste.com\/wp-content\/uploads\/2013\/07\/deloitte1.jpg\"><img fetchpriority=\"high\" decoding=\"async\" class=\"alignleft size-medium wp-image-1567\" alt=\"deloitte1\" src=\"http:\/\/www.kariyerkampuste.com\/wp-content\/uploads\/2013\/07\/deloitte1-190x300.jpg\" width=\"190\" height=\"300\" \/><\/a>\u00c7al\u0131\u015fanlar\u0131n\u0131 uluslararas\u0131 e\u011fitim ve i\u015f f\u0131rsatlar\u0131yla destekleyen Deloitte, yeteneklerini elde tutmaya devam etmek i\u00e7in bu f\u0131rsatlara yat\u0131r\u0131m yap\u0131yor. Deloitte T\u00fcrkiye \u0130K Direkt\u00f6r\u00fc Ebru Pilav, uluslararas\u0131 anlamda kendini geli\u015ftirmek isteyen, farkl\u0131 k\u00fclt\u00fcrleri tan\u0131y\u0131p kendini bu alanda da yeti\u015ftirmek isteyen adaylara \u00f6zel f\u0131rsatlar sunduklar\u0131n\u0131 anlat\u0131yor.<\/strong><\/p>\n<p>Deloitte \u015fu anda \u0130stanbul, Ankara, \u0130zmir, Bursa\u2019da ofisleriyle Denetim, kurumsal finans, vergi dan\u0131\u015fmanl\u0131k ve kurumsal risk alanlar\u0131nda hizmet veriyor. \u015eirkette ya\u015f ortalamas\u0131 28 olan, binden fazla gen\u00e7 bir ekip g\u00f6rev al\u0131yor ve \u015firketin 9 ki\u015filik \u0130K ekibi, \u0130stanbul Ofisi\u2019nden b\u00f6lgelere destek oluyor. Yedi ay \u00f6nce Deloitte T\u00fcrkiye\u2019ye \u0130K Direkt\u00f6r\u00fc olarak atanan Ebru Pilav, organizasyon yap\u0131lar\u0131nda de\u011fi\u015fikli\u011fe gittiklerini, i\u015fe al\u0131m, ileti\u015fim, \u00e7al\u0131\u015fan markas\u0131 ve sosyal medya y\u00f6netimini ayn\u0131 potada toplad\u0131klar\u0131n\u0131 aktar\u0131yor. Ebru Pilav\u2019dan \u0130K ekibi olarak yapt\u0131klar\u0131 \u00e7al\u0131\u015fmalar ve yeni hedefleriyle ilgili bilgi ald\u0131k.<!--more--><\/p>\n<p><strong>200 yeni mezun istihdam edildi<\/strong><br \/>\nGe\u00e7ti\u011fimiz y\u0131l 200\u2019e yak\u0131n mezun arkada\u015f\u0131 Deloitte ailesine dahil ettik. Her y\u0131l oldu\u011fu gibi bu y\u0131l da teknik b\u00f6l\u00fcmlerimize 200 civar\u0131 yeni mezun arkada\u015f\u0131 b\u00fcnyemize katmay\u0131 hedefliyoruz.<br \/>\nTeknik b\u00f6l\u00fcmler olarak adland\u0131rd\u0131\u011f\u0131m\u0131z denetim, vergi, kurumsal finansman, ERS ve dan\u0131\u015fmanl\u0131k b\u00f6l\u00fcmlerimiz i\u00e7in yeni mezun al\u0131mlar\u0131 ger\u00e7ekle\u015ftiriyoruz. Proje baz\u0131nda deneyimli adaylar\u0131n i\u015fe al\u0131m s\u00fcreci de t\u00fcm y\u0131l devam ediyor. Ge\u00e7ti\u011fimiz y\u0131la bakt\u0131\u011f\u0131m\u0131zda 50\u2019den fazla deneyimli arkada\u015f\u0131 istihdam ettik.<\/p>\n<p><strong>\u0130\u015fe al\u0131mda vaka \u00e7al\u0131\u015fmas\u0131 ve i\u015f oyunlar\u0131<\/strong><\/p>\n<p>Bize ba\u015fvuran adaylar aras\u0131nda \u00f6zge\u00e7mi\u015f \u00fczerinden yapt\u0131\u011f\u0131m\u0131z \u00f6n elemeler sonras\u0131nda uygun olabilece\u011fini d\u00fc\u015f\u00fcnd\u00fc\u011f\u00fcm\u00fcz adaylar\u0131 g\u00f6r\u00fc\u015fmeye davet ediyoruz. \u0130lk g\u00f6r\u00fc\u015fmeleri ba\u015fvurulan b\u00f6l\u00fcmlerimizin y\u00f6neticileri veya \u0130nsan Kaynaklar\u0131 yetkilileri ger\u00e7ekle\u015ftirdikten sonra olumlu buldu\u011fumuz adaylar\u0131m\u0131z\u0131 ikinci g\u00f6r\u00fc\u015fme a\u015famas\u0131nda \u015firket ortaklar\u0131m\u0131zla tan\u0131\u015ft\u0131r\u0131yoruz. Bu a\u015famada g\u00f6r\u00fc\u015fme de\u011ferlendirmelerimizi destekleyici \u0130ngilizce ve genel yetenek testi uygulamalar\u0131m\u0131z var. Klasik i\u015fe al\u0131m s\u00fcre\u00e7lerinin d\u0131\u015f\u0131nda vaka \u00e7al\u0131\u015fmalar\u0131, i\u015f oyunlar\u0131 ve \u00f6zellikle \u00fcniversite \u00f6\u011frencilerine y\u00f6nelik yurt d\u0131\u015f\u0131 e\u011fitim olanaklar\u0131yla i\u015fe al\u0131m s\u00fcre\u00e7lerimizi ger\u00e7ekle\u015ftiriyoruz. Bu i\u015fe al\u0131m ara\u00e7lar\u0131m\u0131zdan en \u00f6nemlisi International Student Business Forum (ISBF) projemizdir.<\/p>\n<p>&nbsp;<\/p>\n<p><a title=\"Deloitte 200 Yeni Mezun \u0130stihdam Etti\" href=\"http:\/\/www.kariyer.net\/kariyer-rehberi\/deloitte-asil-yatirimini-yetenege-yapiyor\/974\" target=\"_blank\" rel=\"noopener\">Makalenin tamam\u0131n\u0131 okumak i\u00e7in t\u0131klay\u0131n&gt;&gt;<\/a><\/p>\n<p><a title=\"Deloitte \u0130\u015f \u0130lanlar\u0131\" href=\"http:\/\/www.kariyer.net\/is-ilanlari\/deloitteis-ilanlari\/2453\/15959\/?a=2\" target=\"_blank\" rel=\"noopener\">Deloitte i\u015f ilanlar\u0131 i\u00e7in t\u0131klay\u0131n&gt;&gt;<\/a><\/p>\n<!-- templates\/buttons-placeholder.php -->\n<div class=\"da-reactions-outer TpostID1566\">\n\t    <div class=\"da-reactions-data da-reactions-container-async center\"\n         data-type=\"post\"\n         data-id=\"1566\"\n         id=\"da-reactions-slot-post-1566\">\n        <div class=\"da-reactions-static\">\n\t\t\t<img src=\"https:\/\/www.kariyer.net\/kariyer-rehberi\/wp-content\/plugins\/da-reactions\/assets\/dist\/loading.svg\" alt=\"Loading spinner\" width=\"48\" height=\"48\" style=\"width:48px\" \/>\n        <\/div>\n    <\/div>\n<\/div>\n","protected":false},"excerpt":{"rendered":"<p>\u00c7al\u0131\u015fanlar\u0131n\u0131 uluslararas\u0131 e\u011fitim ve i\u015f f\u0131rsatlar\u0131yla destekleyen Deloitte, yeteneklerini elde tutmaya devam etmek i\u00e7in bu f\u0131rsatlara yat\u0131r\u0131m yap\u0131yor. Deloitte T\u00fcrkiye \u0130K Direkt\u00f6r\u00fc Ebru Pilav, uluslararas\u0131 anlamda kendini geli\u015ftirmek isteyen, farkl\u0131 k\u00fclt\u00fcrleri tan\u0131y\u0131p kendini bu alanda da yeti\u015ftirmek isteyen adaylara \u00f6zel f\u0131rsatlar sunduklar\u0131n\u0131 anlat\u0131yor. Deloitte \u015fu anda \u0130stanbul, Ankara, \u0130zmir, Bursa\u2019da ofisleriyle Denetim, kurumsal finans, vergi [&hellip;]<\/p>\n<!-- templates\/buttons-placeholder.php -->\n<div class=\"da-reactions-outer TpostID1566\">\n\t    <div class=\"da-reactions-data da-reactions-container-async center\"\n         data-type=\"post\"\n         data-id=\"1566\"\n         id=\"da-reactions-slot-post-1566\">\n        <div class=\"da-reactions-static\">\n\t\t\t<img src=\"https:\/\/www.kariyer.net\/kariyer-rehberi\/wp-content\/plugins\/da-reactions\/assets\/dist\/loading.svg\" alt=\"Loading spinner\" width=\"48\" height=\"48\" style=\"width:48px\" \/>\n        <\/div>\n    <\/div>\n<\/div>\n","protected":false},"author":12,"featured_media":0,"comment_status":"open","ping_status":"open","sticky":false,"template":"","format":"standard","meta":{"footnotes":"","_elementor_edit_mode":"","_elementor_template_type":"","_elementor_data":"","_elementor_page_settings":null,"_elementor_conditions":[]},"categories":[2211,56],"tags":[186,187,189,190,191,192],"class_list":{"0":"post-1566","1":"post","2":"type-post","3":"status-publish","4":"format-standard","6":"category-kariyer-gelisimi","7":"category-stajin-onemi","8":"tag-deloitte-ebru-pilav","9":"tag-deloitte-ik-direktoru","10":"tag-deloitte-roportaj","11":"tag-deloitte-yeni-mezun","12":"tag-ebru-pilav","13":"tag-international-student-business-forum"},"yoast_head":"<!-- This site is optimized with the Yoast SEO Premium plugin v21.4 (Yoast SEO v27.0) - https:\/\/yoast.com\/product\/yoast-seo-premium-wordpress\/ -->\n<title>Deloitte&#039;ta Ge\u00e7en Y\u0131l 200 Yeni Mezun \u0130stihdam Edildi | Kariyer Rehberi<\/title>\n<meta name=\"description\" content=\"Ge\u00e7ti\u011fimiz y\u0131l 200\u2019e yak\u0131n yeni mezun Deloitte ailesine kat\u0131ld\u0131. Her y\u0131l oldu\u011fu gibi bu y\u0131l da teknik b\u00f6l\u00fcmlere 200 civar\u0131 yeni mezunun Deloitte b\u00fcnyesine kat\u0131lmas\u0131 hedefleniyor.\" \/>\n<meta name=\"robots\" content=\"index, follow, max-snippet:-1, max-image-preview:large, max-video-preview:-1\" \/>\n<link rel=\"canonical\" href=\"https:\/\/www.kariyer.net\/kariyer-rehberi\/deloitteta-gecen-yil-200-yeni-mezun-istihdam-edildi\/\" \/>\n<meta property=\"og:locale\" content=\"tr_TR\" \/>\n<meta property=\"og:type\" content=\"article\" \/>\n<meta property=\"og:title\" content=\"Deloitte&#039;ta Ge\u00e7en Y\u0131l 200 Yeni Mezun \u0130stihdam Edildi\" \/>\n<meta property=\"og:description\" content=\"\u00c7al\u0131\u015fanlar\u0131n\u0131 uluslararas\u0131 e\u011fitim ve i\u015f f\u0131rsatlar\u0131yla destekleyen Deloitte, yeteneklerini elde tutmaya devam etmek i\u00e7in bu f\u0131rsatlara yat\u0131r\u0131m yap\u0131yor.\" \/>\n<meta property=\"og:url\" content=\"https:\/\/www.kariyer.net\/kariyer-rehberi\/deloitteta-gecen-yil-200-yeni-mezun-istihdam-edildi\/\" \/>\n<meta property=\"og:site_name\" content=\"Kariyer Rehberi\" \/>\n<meta property=\"article:published_time\" content=\"2013-07-31T10:13:14+00:00\" \/>\n<meta property=\"article:modified_time\" content=\"2024-07-03T12:31:38+00:00\" \/>\n<meta property=\"og:image\" content=\"http:\/\/www.kariyerkampuste.com\/wp-content\/uploads\/2013\/07\/deloitte1-190x300.jpg\" \/>\n<meta name=\"author\" content=\"Edit\u00f6r\" \/>\n<meta name=\"twitter:card\" content=\"summary_large_image\" \/>\n<meta name=\"twitter:label1\" content=\"Yazan:\" \/>\n\t<meta name=\"twitter:data1\" content=\"Edit\u00f6r\" \/>\n\t<meta name=\"twitter:label2\" content=\"Tahmini okuma s\u00fcresi\" \/>\n\t<meta name=\"twitter:data2\" content=\"2 dakika\" \/>\n<!-- \/ Yoast SEO Premium plugin. -->","yoast_head_json":{"title":"Deloitte'ta Ge\u00e7en Y\u0131l 200 Yeni Mezun \u0130stihdam Edildi | Kariyer Rehberi","description":"Ge\u00e7ti\u011fimiz y\u0131l 200\u2019e yak\u0131n yeni mezun Deloitte ailesine kat\u0131ld\u0131. Her y\u0131l oldu\u011fu gibi bu y\u0131l da teknik b\u00f6l\u00fcmlere 200 civar\u0131 yeni mezunun Deloitte b\u00fcnyesine kat\u0131lmas\u0131 hedefleniyor.","robots":{"index":"index","follow":"follow","max-snippet":"max-snippet:-1","max-image-preview":"max-image-preview:large","max-video-preview":"max-video-preview:-1"},"canonical":"https:\/\/www.kariyer.net\/kariyer-rehberi\/deloitteta-gecen-yil-200-yeni-mezun-istihdam-edildi\/","og_locale":"tr_TR","og_type":"article","og_title":"Deloitte'ta Ge\u00e7en Y\u0131l 200 Yeni Mezun \u0130stihdam Edildi","og_description":"\u00c7al\u0131\u015fanlar\u0131n\u0131 uluslararas\u0131 e\u011fitim ve i\u015f f\u0131rsatlar\u0131yla destekleyen Deloitte, yeteneklerini elde tutmaya devam etmek i\u00e7in bu f\u0131rsatlara yat\u0131r\u0131m yap\u0131yor.","og_url":"https:\/\/www.kariyer.net\/kariyer-rehberi\/deloitteta-gecen-yil-200-yeni-mezun-istihdam-edildi\/","og_site_name":"Kariyer Rehberi","article_published_time":"2013-07-31T10:13:14+00:00","article_modified_time":"2024-07-03T12:31:38+00:00","og_image":[{"url":"http:\/\/www.kariyerkampuste.com\/wp-content\/uploads\/2013\/07\/deloitte1-190x300.jpg","type":"","width":"","height":""}],"author":"Edit\u00f6r","twitter_card":"summary_large_image","twitter_misc":{"Yazan:":"Edit\u00f6r","Tahmini okuma s\u00fcresi":"2 dakika"},"schema":{"@context":"https:\/\/schema.org","@graph":[{"@type":"Article","@id":"https:\/\/www.kariyer.net\/kariyer-rehberi\/deloitteta-gecen-yil-200-yeni-mezun-istihdam-edildi\/#article","isPartOf":{"@id":"https:\/\/www.kariyer.net\/kariyer-rehberi\/deloitteta-gecen-yil-200-yeni-mezun-istihdam-edildi\/"},"author":{"name":"Edit\u00f6r","@id":"https:\/\/www.kariyer.net\/kariyer-rehberi\/#\/schema\/person\/94fd6e49c7ff1b1b2565a2cc4fd685dd"},"headline":"Deloitte&#8217;ta Ge\u00e7en Y\u0131l 200 Yeni Mezun \u0130stihdam Edildi","datePublished":"2013-07-31T10:13:14+00:00","dateModified":"2024-07-03T12:31:38+00:00","mainEntityOfPage":{"@id":"https:\/\/www.kariyer.net\/kariyer-rehberi\/deloitteta-gecen-yil-200-yeni-mezun-istihdam-edildi\/"},"wordCount":459,"commentCount":0,"publisher":{"@id":"https:\/\/www.kariyer.net\/kariyer-rehberi\/#organization"},"image":{"@id":"https:\/\/www.kariyer.net\/kariyer-rehberi\/deloitteta-gecen-yil-200-yeni-mezun-istihdam-edildi\/#primaryimage"},"thumbnailUrl":"http:\/\/www.kariyerkampuste.com\/wp-content\/uploads\/2013\/07\/deloitte1-190x300.jpg","keywords":["deloitte ebru pilav","deloitte ik direkt\u00f6r\u00fc","deloitte r\u00f6portaj","deloitte yeni mezun","ebru pilav","International Student Business Forum"],"articleSection":["Kariyer Geli\u015fimi","Staj\u0131n \u00d6nemi"],"inLanguage":"tr","potentialAction":[{"@type":"CommentAction","name":"Comment","target":["https:\/\/www.kariyer.net\/kariyer-rehberi\/deloitteta-gecen-yil-200-yeni-mezun-istihdam-edildi\/#respond"]}]},{"@type":"WebPage","@id":"https:\/\/www.kariyer.net\/kariyer-rehberi\/deloitteta-gecen-yil-200-yeni-mezun-istihdam-edildi\/","url":"https:\/\/www.kariyer.net\/kariyer-rehberi\/deloitteta-gecen-yil-200-yeni-mezun-istihdam-edildi\/","name":"Deloitte'ta Ge\u00e7en Y\u0131l 200 Yeni Mezun \u0130stihdam Edildi | Kariyer Rehberi","isPartOf":{"@id":"https:\/\/www.kariyer.net\/kariyer-rehberi\/#website"},"primaryImageOfPage":{"@id":"https:\/\/www.kariyer.net\/kariyer-rehberi\/deloitteta-gecen-yil-200-yeni-mezun-istihdam-edildi\/#primaryimage"},"image":{"@id":"https:\/\/www.kariyer.net\/kariyer-rehberi\/deloitteta-gecen-yil-200-yeni-mezun-istihdam-edildi\/#primaryimage"},"thumbnailUrl":"http:\/\/www.kariyerkampuste.com\/wp-content\/uploads\/2013\/07\/deloitte1-190x300.jpg","datePublished":"2013-07-31T10:13:14+00:00","dateModified":"2024-07-03T12:31:38+00:00","description":"Ge\u00e7ti\u011fimiz y\u0131l 200\u2019e yak\u0131n yeni mezun Deloitte ailesine kat\u0131ld\u0131. Her y\u0131l oldu\u011fu gibi bu y\u0131l da teknik b\u00f6l\u00fcmlere 200 civar\u0131 yeni mezunun Deloitte b\u00fcnyesine kat\u0131lmas\u0131 hedefleniyor.","breadcrumb":{"@id":"https:\/\/www.kariyer.net\/kariyer-rehberi\/deloitteta-gecen-yil-200-yeni-mezun-istihdam-edildi\/#breadcrumb"},"inLanguage":"tr","potentialAction":[{"@type":"ReadAction","target":["https:\/\/www.kariyer.net\/kariyer-rehberi\/deloitteta-gecen-yil-200-yeni-mezun-istihdam-edildi\/"]}]},{"@type":"ImageObject","inLanguage":"tr","@id":"https:\/\/www.kariyer.net\/kariyer-rehberi\/deloitteta-gecen-yil-200-yeni-mezun-istihdam-edildi\/#primaryimage","url":"http:\/\/www.kariyerkampuste.com\/wp-content\/uploads\/2013\/07\/deloitte1-190x300.jpg","contentUrl":"http:\/\/www.kariyerkampuste.com\/wp-content\/uploads\/2013\/07\/deloitte1-190x300.jpg"},{"@type":"BreadcrumbList","@id":"https:\/\/www.kariyer.net\/kariyer-rehberi\/deloitteta-gecen-yil-200-yeni-mezun-istihdam-edildi\/#breadcrumb","itemListElement":[{"@type":"ListItem","position":1,"name":"Anasayfa","item":"https:\/\/www.kariyer.net\/kariyer-rehberi\/"},{"@type":"ListItem","position":2,"name":"Deloitte&#8217;ta Ge\u00e7en Y\u0131l 200 Yeni Mezun \u0130stihdam Edildi"}]},{"@type":"WebSite","@id":"https:\/\/www.kariyer.net\/kariyer-rehberi\/#website","url":"https:\/\/www.kariyer.net\/kariyer-rehberi\/","name":"Kariyer Rehberi","description":"\u0130\u015f D\u00fcnyas\u0131yla \u0130lgili Bilmek \u0130stedi\u011finiz Her \u015eey","publisher":{"@id":"https:\/\/www.kariyer.net\/kariyer-rehberi\/#organization"},"potentialAction":[{"@type":"SearchAction","target":{"@type":"EntryPoint","urlTemplate":"https:\/\/www.kariyer.net\/kariyer-rehberi\/?s={search_term_string}"},"query-input":{"@type":"PropertyValueSpecification","valueRequired":true,"valueName":"search_term_string"}}],"inLanguage":"tr"},{"@type":"Organization","@id":"https:\/\/www.kariyer.net\/kariyer-rehberi\/#organization","name":"Kariyer.net","url":"https:\/\/www.kariyer.net\/kariyer-rehberi\/","logo":{"@type":"ImageObject","inLanguage":"tr","@id":"https:\/\/www.kariyer.net\/kariyer-rehberi\/#\/schema\/logo\/image\/","url":"https:\/\/www.kariyer.net\/kariyer-rehberi-new\/wp-content\/uploads\/2023\/01\/og-image11.jpg","contentUrl":"https:\/\/www.kariyer.net\/kariyer-rehberi-new\/wp-content\/uploads\/2023\/01\/og-image11.jpg","width":800,"height":800,"caption":"Kariyer.net"},"image":{"@id":"https:\/\/www.kariyer.net\/kariyer-rehberi\/#\/schema\/logo\/image\/"}},{"@type":"Person","@id":"https:\/\/www.kariyer.net\/kariyer-rehberi\/#\/schema\/person\/94fd6e49c7ff1b1b2565a2cc4fd685dd","name":"Edit\u00f6r","image":{"@type":"ImageObject","inLanguage":"tr","@id":"https:\/\/www.kariyer.net\/kariyer-rehberi\/#\/schema\/person\/image\/","url":"https:\/\/secure.gravatar.com\/avatar\/0c4fe6688343aed3693b15573beae12c08ace5565409d5ab7509bf9c115f458d?s=96&d=mm&r=g","contentUrl":"https:\/\/secure.gravatar.com\/avatar\/0c4fe6688343aed3693b15573beae12c08ace5565409d5ab7509bf9c115f458d?s=96&d=mm&r=g","caption":"Edit\u00f6r"},"url":"https:\/\/www.kariyer.net\/kariyer-rehberi\/author\/editor\/"}]}},"_links":{"self":[{"href":"https:\/\/www.kariyer.net\/kariyer-rehberi\/wp-json\/wp\/v2\/posts\/1566","targetHints":{"allow":["GET"]}}],"collection":[{"href":"https:\/\/www.kariyer.net\/kariyer-rehberi\/wp-json\/wp\/v2\/posts"}],"about":[{"href":"https:\/\/www.kariyer.net\/kariyer-rehberi\/wp-json\/wp\/v2\/types\/post"}],"author":[{"embeddable":true,"href":"https:\/\/www.kariyer.net\/kariyer-rehberi\/wp-json\/wp\/v2\/users\/12"}],"replies":[{"embeddable":true,"href":"https:\/\/www.kariyer.net\/kariyer-rehberi\/wp-json\/wp\/v2\/comments?post=1566"}],"version-history":[{"count":1,"href":"https:\/\/www.kariyer.net\/kariyer-rehberi\/wp-json\/wp\/v2\/posts\/1566\/revisions"}],"predecessor-version":[{"id":19662,"href":"https:\/\/www.kariyer.net\/kariyer-rehberi\/wp-json\/wp\/v2\/posts\/1566\/revisions\/19662"}],"wp:attachment":[{"href":"https:\/\/www.kariyer.net\/kariyer-rehberi\/wp-json\/wp\/v2\/media?parent=1566"}],"wp:term":[{"taxonomy":"category","embeddable":true,"href":"https:\/\/www.kariyer.net\/kariyer-rehberi\/wp-json\/wp\/v2\/categories?post=1566"},{"taxonomy":"post_tag","embeddable":true,"href":"https:\/\/www.kariyer.net\/kariyer-rehberi\/wp-json\/wp\/v2\/tags?post=1566"}],"curies":[{"name":"wp","href":"https:\/\/api.w.org\/{rel}","templated":true}]}}