{"id":15835,"date":"2022-03-07T10:03:30","date_gmt":"2022-03-07T07:03:30","guid":{"rendered":"https:\/\/www.kariyer.net\/kariyer-rehberi\/?p=15835"},"modified":"2024-08-08T21:08:51","modified_gmt":"2024-08-08T18:08:51","slug":"is-deneyimin-olmadan-cvni-nasil-duzenleyebilirsin","status":"publish","type":"post","link":"https:\/\/www.kariyer.net\/kariyer-rehberi\/is-deneyimin-olmadan-cvni-nasil-duzenleyebilirsin\/","title":{"rendered":"\u0130\u015f deneyimin olmadan CV\u2019ni nas\u0131l d\u00fczenleyebilirsin?"},"content":{"rendered":"<p><strong>\u0130\u015f ba\u015fvurular\u0131n \u00f6ncesinde CV\u2019ni d\u00fczenlemek istiyorsan, ancak hen\u00fcz bir i\u015f deneyimin yoksa bu durum seni karamsarl\u0131\u011fa s\u00fcr\u00fcklemesin. Belirli noktalara dikkat ederek, i\u015f deneyimin olmadan da etkili bir CV haz\u0131rlaman m\u00fcmk\u00fcn. \u0130\u015fte, \u00f6neriler!<\/strong><\/p>\n<p>Kariyer yolculu\u011fu ini\u015fli \u00e7\u0131k\u0131\u015fl\u0131 uzun bir s\u00fcre\u00e7. Bu yolculuk i\u00e7in ilk ad\u0131m\u0131 atmaya \u00e7al\u0131\u015f\u0131yor, ancak deneyimsizli\u011finin \u00f6n\u00fcne engeller \u00e7\u0131karaca\u011f\u0131n\u0131 d\u00fc\u015f\u00fcn\u00fcyorsan sak\u0131n endi\u015felenme! \u00c7\u00fcnk\u00fc \u00f6n plana \u00e7\u0131karaca\u011f\u0131n farkl\u0131 y\u00f6nlerinle ilk deneyimi ya\u015fama f\u0131rsat\u0131n\u0131 elde etmen m\u00fcmk\u00fcn. Tabii belirli bir s\u00fcre deneyime sahip olan adaylar aras\u0131ndan i\u015fverenin neden seni tercih etmesi gerekti\u011fini do\u011fru bir \u015fekilde ifade etmelisin. G\u00fc\u00e7l\u00fc bir CV ile i\u015f deneyimin olmadan da di\u011fer adaylar aras\u0131ndan \u00f6ne \u00e7\u0131kmak i\u00e7in \u015fu \u00f6nerilerimizi dikkate alabilirsin:<\/p>\n<h2><strong>CV format\u0131n\u0131 belirle<\/strong><\/h2>\n<p>Kariyerini en iyi anlatan CV format\u0131n\u0131 se\u00e7men bu s\u00fcre\u00e7te olduk\u00e7a \u00f6nemli. En son deneyimin ilk s\u0131rada yer alaca\u011f\u0131 \u015fekilde d\u00fczenlenen kronolojik \u00f6zge\u00e7mi\u015f, birden fazla i\u015f deneyimine sahip ki\u015filer taraf\u0131ndan tercih edilebilir. Do\u011frudan deneyimlere odaklanan bu format, i\u015f deneyimine sahip olmayan, ancak di\u011fer yetkinliklerini \u00f6n plana \u00e7\u0131karmak isteyen adaylar i\u00e7in do\u011fru bir tercih olmayabilir. Hen\u00fcz bir deneyimin yoksa veya yeni mezunsan, sahip oldu\u011fun yetkinlikleri i\u015fverene g\u00f6stermek i\u00e7in fonksiyonel bir \u00f6zge\u00e7mi\u015f olu\u015fturabilirsin. Fonksiyonel \u00f6zge\u00e7mi\u015f, yetenek ve niteliklere odaklan\u0131r. Bu format arac\u0131l\u0131\u011f\u0131yla g\u00fc\u00e7l\u00fc yanlar\u0131n\u0131 kategorilere ay\u0131rabilir, her bir kategori i\u00e7in sahip oldu\u011fun yetkinlikleri daha detayl\u0131 olarak a\u00e7\u0131klayabilirsin.<\/p>\n<h2><strong>Etkili bir \u00f6zet b\u00f6l\u00fcm\u00fc olu\u015ftur<\/strong><\/h2>\n<p>Hen\u00fcz tam zamanl\u0131 i\u015f deneyimin yoksa, ya\u015fam\u0131n ve akademik kariyerin boyunca edindiklerini i\u015fverene k\u0131saca aktarabilece\u011fin etkili bir \u00f6zet b\u00f6l\u00fcm\u00fc olu\u015fturabilirsin. E\u011fitimini, e\u011fitim s\u00fcrecinde hangi yetenekleri kazand\u0131\u011f\u0131n\u0131, ba\u015far\u0131lar\u0131n\u0131 ve sahip oldu\u011fun <a href=\"https:\/\/www.kariyer.net\/kariyer-rehberi\/yumusak-becerilerini-vurgula-hayalindeki-isi-kap\/\" target=\"_blank\" rel=\"noopener\">yumu\u015fak becerilerini<\/a> bu b\u00f6l\u00fcmde k\u0131sa ve net bir \u015fekilde ifade edebilirsin. \u00d6zet b\u00f6l\u00fcm\u00fc, yetkinliklerinle i\u015fverene nas\u0131l fayda sa\u011flayabilece\u011fin konusunda ipu\u00e7lar\u0131 verebilir.<\/p>\n<h2><strong>E\u011fitim b\u00f6l\u00fcm\u00fcne yer ay\u0131r<\/strong><\/h2>\n<p>Akademik kariyerin boyunca elde etti\u011fin ba\u015far\u0131lara bu b\u00f6l\u00fcmde yer vermelisin. Okul ad\u0131, b\u00f6l\u00fcm ve mezuniyet y\u0131l\u0131n\u0131n yan\u0131 s\u0131ra bu s\u00fcre\u00e7te elde etti\u011fin ba\u015far\u0131lar\u0131, kat\u0131ld\u0131\u011f\u0131n aktiviteleri, kul\u00fcpleri bu alanda belirtebilirsin. E\u011fer yeni mezun olduysan ve y\u00fcksek bir puana sahipsen genel not ortalaman\u0131 da e\u011fitim b\u00f6l\u00fcm\u00fcne ekleyebilirsin.<\/p>\n<h2><strong>G\u00f6n\u00fcll\u00fc deneyimlerini \u00f6n plana \u00e7\u0131kar<\/strong><\/h2>\n<p>G\u00f6n\u00fcll\u00fc deneyimler, maddi bir \u00e7\u0131kar olmaks\u0131z\u0131n sundu\u011fun de\u011feri ve geli\u015fime ne derece a\u00e7\u0131k oldu\u011funu ifade eder. Edindi\u011fin g\u00f6n\u00fcll\u00fc deneyimlere ilk i\u015f deneyimin i\u00e7in olu\u015fturdu\u011fun CV\u2019nde yer vermen, i\u015fverenin i\u015fe al\u0131m karar\u0131nda olduk\u00e7a etkili olabilir. G\u00f6n\u00fcll\u00fc deneyimler; karakterin, ilgi alanlar\u0131n ve sahip oldu\u011fun beceriler hakk\u0131nda bilgi verir. \u00d6rne\u011fin; ekip \u00e7al\u0131\u015fmas\u0131na yatk\u0131nl\u0131k, ho\u015fg\u00f6r\u00fc, empati, ileti\u015fim yetene\u011fi, \u00f6z g\u00fcven.<\/p>\n<h2><strong>Di\u011fer deneyimlerini ekle <\/strong><\/h2>\n<p>Yar\u0131 zamanl\u0131 ve serbest zamanl\u0131 deneyimlerin varsa, CV\u2019nde yer verebilirsin. Bunlara akademik kariyerin boyunca edindi\u011fin staj deneyimleri, kat\u0131ld\u0131\u011f\u0131n veya y\u00f6neticilik g\u00f6revini \u00fcstlendi\u011fin okul veya okul d\u0131\u015f\u0131 etkinlikler de dahil edilebilir.<\/p>\n<h2><strong>Yeteneklerinden bahset<\/strong><\/h2>\n<p>Sahip oldu\u011fun yetenekler, i\u015fveren i\u00e7in neler sunabilece\u011finin bir g\u00f6stergesidir. \u015eirketin hedefine katk\u0131da bulunabilecek yeteneklerin, seni i\u015fe al\u0131m s\u00fcrecinde ileriye ta\u015f\u0131yabilir. Teknik, yumu\u015fak ve sosyal becerilerini bu alanda net bir \u015fekilde ifade edebilirsin. \u015eirkete ne fayda sa\u011flayaca\u011f\u0131n\u0131 i\u015fverene hissettirmen olduk\u00e7a \u00f6nemli. Yeteneklerin \u015funlar\u0131 i\u00e7erebilir; etkili ileti\u015fim, liderlik, y\u00f6netim, yabanc\u0131 dil, bilgisayar programlar\u0131 vb. CV\u2019nde belirtece\u011fin yeteneklerin, ba\u015fvuruda bulundu\u011fun pozisyona g\u00f6re \u015fekillenebilir.<\/p>\n<p>\u0130lk i\u015f deneyimin i\u00e7in d\u00fczenleyece\u011fin CV genellikle \u015fu ba\u015fl\u0131klardan olu\u015fmal\u0131; ki\u015fisel bilgiler, e\u011fitim, yetenekler, ilgi alanlar\u0131, referanslar&#8230;Tabii insan kaynaklar\u0131 uzmanlar\u0131n\u0131n k\u0131s\u0131tl\u0131 bir s\u00fcre i\u00e7erisinde inceleyece\u011fi CV\u2019nin anla\u015f\u0131l\u0131r olmas\u0131 i\u00e7in \u00f6zenli bir g\u00f6r\u00fcn\u00fcmde olmas\u0131 da \u00f6nemli. Bunun i\u00e7in <strong><a href=\"https:\/\/www.kariyer.net\/aday\/uyeol\" target=\"_blank\" rel=\"noopener\">Kariyer.net<\/a><\/strong>&#8216;te kolayca profesyonel g\u00f6r\u00fcn\u00fcmde bir CV haz\u0131rlayabilir, diledi\u011fin i\u015fverenlerle CV&#8217;ni kolayca payla\u015fabilirsin.<\/p>\n<p><strong>\u0130\u00e7erik Yazar\u0131: <\/strong>Bet\u00fcl Dalg\u0131\u00e7<\/p>\n<p><strong>Kaynaklar:\u00a0<\/strong><a href=\"https:\/\/www.thebalancecareers.com\/first-resume-example-with-no-work-experience-2063278\" target=\"_blank\" rel=\"noopener\">1<\/a>&#8211;<a href=\"https:\/\/www.thebalancecareers.com\/tips-for-writing-your-first-resume-2058744\" target=\"_blank\" rel=\"noopener\">2<\/a>&#8211;<a href=\"https:\/\/www.monster.com\/career-advice\/article\/how-to-build-an-impressive-resume-without-much-experience\" target=\"_blank\" rel=\"noopener\">3<\/a>&#8211;<a href=\"https:\/\/resumegenius.com\/blog\/resume-help\/resume-with-no-experience\" target=\"_blank\" rel=\"noopener\">4<\/a><\/p>\n<p>Yazara ait di\u011fer yaz\u0131lar\u0131 okumak i\u00e7in <strong><a href=\"https:\/\/www.kariyer.net\/kariyer-rehberi\/tag\/betul-dalgic\/\" target=\"_blank\" rel=\"noopener\">buraya<\/a><\/strong> t\u0131klayabilirsin.<\/p>\n<!-- templates\/buttons-placeholder.php -->\n<div class=\"da-reactions-outer TpostID15835\">\n\t    <div class=\"da-reactions-data da-reactions-container-async center\"\n         data-type=\"post\"\n         data-id=\"15835\"\n         id=\"da-reactions-slot-post-15835\">\n        <div class=\"da-reactions-static\">\n\t\t\t<img src=\"https:\/\/www.kariyer.net\/kariyer-rehberi\/wp-content\/plugins\/da-reactions\/assets\/dist\/loading.svg\" alt=\"Loading spinner\" width=\"48\" height=\"48\" style=\"width:48px\" \/>\n        <\/div>\n    <\/div>\n<\/div>\n","protected":false},"excerpt":{"rendered":"<p>\u0130\u015f ba\u015fvurular\u0131n \u00f6ncesinde CV\u2019ni d\u00fczenlemek istiyorsan, ancak hen\u00fcz bir i\u015f deneyimin yoksa bu durum seni karamsarl\u0131\u011fa s\u00fcr\u00fcklemesin. Belirli noktalara dikkat ederek, i\u015f deneyimin olmadan da etkili bir CV haz\u0131rlaman m\u00fcmk\u00fcn. \u0130\u015fte, \u00f6neriler! Kariyer yolculu\u011fu ini\u015fli \u00e7\u0131k\u0131\u015fl\u0131 uzun bir s\u00fcre\u00e7. Bu yolculuk i\u00e7in ilk ad\u0131m\u0131 atmaya \u00e7al\u0131\u015f\u0131yor, ancak deneyimsizli\u011finin \u00f6n\u00fcne engeller \u00e7\u0131karaca\u011f\u0131n\u0131 d\u00fc\u015f\u00fcn\u00fcyorsan sak\u0131n endi\u015felenme! \u00c7\u00fcnk\u00fc [&hellip;]<\/p>\n<!-- templates\/buttons-placeholder.php -->\n<div class=\"da-reactions-outer TpostID15835\">\n\t    <div class=\"da-reactions-data da-reactions-container-async center\"\n         data-type=\"post\"\n         data-id=\"15835\"\n         id=\"da-reactions-slot-post-15835\">\n        <div class=\"da-reactions-static\">\n\t\t\t<img src=\"https:\/\/www.kariyer.net\/kariyer-rehberi\/wp-content\/plugins\/da-reactions\/assets\/dist\/loading.svg\" alt=\"Loading spinner\" width=\"48\" height=\"48\" style=\"width:48px\" \/>\n        <\/div>\n    <\/div>\n<\/div>\n","protected":false},"author":12,"featured_media":15868,"comment_status":"closed","ping_status":"open","sticky":false,"template":"","format":"standard","meta":{"footnotes":"","_elementor_edit_mode":"","_elementor_template_type":"","_elementor_data":"","_elementor_page_settings":null,"_elementor_conditions":[]},"categories":[34,35,2214],"tags":[1852,74,360,336,367,65,64],"class_list":{"0":"post-15835","1":"post","2":"type-post","3":"status-publish","4":"format-standard","5":"has-post-thumbnail","7":"category-oz-gecmis","8":"category-ozgecmis-hazirlama","9":"category-yasam","10":"tag-betul-dalgic","11":"tag-cv","12":"tag-cv-hazirlama","13":"tag-is-basvurusu","14":"tag-ozgecmis","15":"tag-ozgecmis-hazirlama","16":"tag-yeni-mezun"},"yoast_head":"<!-- This site is optimized with the Yoast SEO Premium plugin v21.4 (Yoast SEO v27.0) - https:\/\/yoast.com\/product\/yoast-seo-premium-wordpress\/ -->\n<title>\u0130\u015f deneyimin olmadan CV\u2019ni nas\u0131l d\u00fczenleyebilirsin? | Kariyer Rehberi<\/title>\n<meta name=\"description\" content=\"\u0130\u015f ba\u015fvurular\u0131n \u00f6ncesinde CV\u2019ni d\u00fczenlemek istiyorsan, ancak hen\u00fcz bir i\u015f deneyimin yoksa bu durum seni karamsarl\u0131\u011fa s\u00fcr\u00fcklemesin. Belirli noktalara\" \/>\n<meta name=\"robots\" content=\"index, follow, max-snippet:-1, max-image-preview:large, max-video-preview:-1\" \/>\n<link rel=\"canonical\" href=\"https:\/\/www.kariyer.net\/kariyer-rehberi\/is-deneyimin-olmadan-cvni-nasil-duzenleyebilirsin\/\" \/>\n<meta property=\"og:locale\" content=\"tr_TR\" \/>\n<meta property=\"og:type\" content=\"article\" \/>\n<meta property=\"og:title\" content=\"\u0130\u015f deneyimin olmadan CV\u2019ni nas\u0131l d\u00fczenleyebilirsin?\" \/>\n<meta property=\"og:description\" content=\"\u0130\u015f ba\u015fvurular\u0131n \u00f6ncesinde CV\u2019ni d\u00fczenlemek istiyorsan, ancak hen\u00fcz bir i\u015f deneyimin yoksa bu durum seni karamsarl\u0131\u011fa s\u00fcr\u00fcklemesin. Belirli noktalara\" \/>\n<meta property=\"og:url\" content=\"https:\/\/www.kariyer.net\/kariyer-rehberi\/is-deneyimin-olmadan-cvni-nasil-duzenleyebilirsin\/\" \/>\n<meta property=\"og:site_name\" content=\"Kariyer Rehberi\" \/>\n<meta property=\"article:published_time\" content=\"2022-03-07T07:03:30+00:00\" \/>\n<meta property=\"article:modified_time\" content=\"2024-08-08T18:08:51+00:00\" \/>\n<meta property=\"og:image\" content=\"https:\/\/www.kariyer.net\/kariyer-rehberi\/wp-content\/uploads\/2022\/03\/resume.jpg\" \/>\n\t<meta property=\"og:image:width\" content=\"900\" \/>\n\t<meta property=\"og:image:height\" content=\"600\" \/>\n\t<meta property=\"og:image:type\" content=\"image\/jpeg\" \/>\n<meta name=\"author\" content=\"Edit\u00f6r\" \/>\n<meta name=\"twitter:card\" content=\"summary_large_image\" \/>\n<meta name=\"twitter:label1\" content=\"Yazan:\" \/>\n\t<meta name=\"twitter:data1\" content=\"Edit\u00f6r\" \/>\n\t<meta name=\"twitter:label2\" content=\"Tahmini okuma s\u00fcresi\" \/>\n\t<meta name=\"twitter:data2\" content=\"4 dakika\" \/>\n<!-- \/ Yoast SEO Premium plugin. -->","yoast_head_json":{"title":"\u0130\u015f deneyimin olmadan CV\u2019ni nas\u0131l d\u00fczenleyebilirsin? | Kariyer Rehberi","description":"\u0130\u015f ba\u015fvurular\u0131n \u00f6ncesinde CV\u2019ni d\u00fczenlemek istiyorsan, ancak hen\u00fcz bir i\u015f deneyimin yoksa bu durum seni karamsarl\u0131\u011fa s\u00fcr\u00fcklemesin. Belirli noktalara","robots":{"index":"index","follow":"follow","max-snippet":"max-snippet:-1","max-image-preview":"max-image-preview:large","max-video-preview":"max-video-preview:-1"},"canonical":"https:\/\/www.kariyer.net\/kariyer-rehberi\/is-deneyimin-olmadan-cvni-nasil-duzenleyebilirsin\/","og_locale":"tr_TR","og_type":"article","og_title":"\u0130\u015f deneyimin olmadan CV\u2019ni nas\u0131l d\u00fczenleyebilirsin?","og_description":"\u0130\u015f ba\u015fvurular\u0131n \u00f6ncesinde CV\u2019ni d\u00fczenlemek istiyorsan, ancak hen\u00fcz bir i\u015f deneyimin yoksa bu durum seni karamsarl\u0131\u011fa s\u00fcr\u00fcklemesin. Belirli noktalara","og_url":"https:\/\/www.kariyer.net\/kariyer-rehberi\/is-deneyimin-olmadan-cvni-nasil-duzenleyebilirsin\/","og_site_name":"Kariyer Rehberi","article_published_time":"2022-03-07T07:03:30+00:00","article_modified_time":"2024-08-08T18:08:51+00:00","og_image":[{"width":900,"height":600,"url":"https:\/\/www.kariyer.net\/kariyer-rehberi\/wp-content\/uploads\/2022\/03\/resume.jpg","type":"image\/jpeg"}],"author":"Edit\u00f6r","twitter_card":"summary_large_image","twitter_misc":{"Yazan:":"Edit\u00f6r","Tahmini okuma s\u00fcresi":"4 dakika"},"schema":{"@context":"https:\/\/schema.org","@graph":[{"@type":"Article","@id":"https:\/\/www.kariyer.net\/kariyer-rehberi\/is-deneyimin-olmadan-cvni-nasil-duzenleyebilirsin\/#article","isPartOf":{"@id":"https:\/\/www.kariyer.net\/kariyer-rehberi\/is-deneyimin-olmadan-cvni-nasil-duzenleyebilirsin\/"},"author":{"name":"Edit\u00f6r","@id":"https:\/\/www.kariyer.net\/kariyer-rehberi\/#\/schema\/person\/94fd6e49c7ff1b1b2565a2cc4fd685dd"},"headline":"\u0130\u015f deneyimin olmadan CV\u2019ni nas\u0131l d\u00fczenleyebilirsin?","datePublished":"2022-03-07T07:03:30+00:00","dateModified":"2024-08-08T18:08:51+00:00","mainEntityOfPage":{"@id":"https:\/\/www.kariyer.net\/kariyer-rehberi\/is-deneyimin-olmadan-cvni-nasil-duzenleyebilirsin\/"},"wordCount":777,"publisher":{"@id":"https:\/\/www.kariyer.net\/kariyer-rehberi\/#organization"},"image":{"@id":"https:\/\/www.kariyer.net\/kariyer-rehberi\/is-deneyimin-olmadan-cvni-nasil-duzenleyebilirsin\/#primaryimage"},"thumbnailUrl":"https:\/\/www.kariyer.net\/kariyer-rehberi\/wp-content\/uploads\/2022\/03\/resume.jpg","keywords":["Bet\u00fcl Dalg\u0131\u00e7","CV","cv haz\u0131rlama","i\u015f ba\u015fvurusu","\u00d6zge\u00e7mi\u015f","\u00d6zge\u00e7mi\u015f haz\u0131rlama","yeni mezun"],"articleSection":["\u00d6zge\u00e7mi\u015f","\u00d6zge\u00e7mi\u015f Haz\u0131rlama","Ya\u015fam"],"inLanguage":"tr"},{"@type":"WebPage","@id":"https:\/\/www.kariyer.net\/kariyer-rehberi\/is-deneyimin-olmadan-cvni-nasil-duzenleyebilirsin\/","url":"https:\/\/www.kariyer.net\/kariyer-rehberi\/is-deneyimin-olmadan-cvni-nasil-duzenleyebilirsin\/","name":"\u0130\u015f deneyimin olmadan CV\u2019ni nas\u0131l d\u00fczenleyebilirsin? | Kariyer Rehberi","isPartOf":{"@id":"https:\/\/www.kariyer.net\/kariyer-rehberi\/#website"},"primaryImageOfPage":{"@id":"https:\/\/www.kariyer.net\/kariyer-rehberi\/is-deneyimin-olmadan-cvni-nasil-duzenleyebilirsin\/#primaryimage"},"image":{"@id":"https:\/\/www.kariyer.net\/kariyer-rehberi\/is-deneyimin-olmadan-cvni-nasil-duzenleyebilirsin\/#primaryimage"},"thumbnailUrl":"https:\/\/www.kariyer.net\/kariyer-rehberi\/wp-content\/uploads\/2022\/03\/resume.jpg","datePublished":"2022-03-07T07:03:30+00:00","dateModified":"2024-08-08T18:08:51+00:00","description":"\u0130\u015f ba\u015fvurular\u0131n \u00f6ncesinde CV\u2019ni d\u00fczenlemek istiyorsan, ancak hen\u00fcz bir i\u015f deneyimin yoksa bu durum seni karamsarl\u0131\u011fa s\u00fcr\u00fcklemesin. Belirli noktalara","breadcrumb":{"@id":"https:\/\/www.kariyer.net\/kariyer-rehberi\/is-deneyimin-olmadan-cvni-nasil-duzenleyebilirsin\/#breadcrumb"},"inLanguage":"tr","potentialAction":[{"@type":"ReadAction","target":["https:\/\/www.kariyer.net\/kariyer-rehberi\/is-deneyimin-olmadan-cvni-nasil-duzenleyebilirsin\/"]}]},{"@type":"ImageObject","inLanguage":"tr","@id":"https:\/\/www.kariyer.net\/kariyer-rehberi\/is-deneyimin-olmadan-cvni-nasil-duzenleyebilirsin\/#primaryimage","url":"https:\/\/www.kariyer.net\/kariyer-rehberi\/wp-content\/uploads\/2022\/03\/resume.jpg","contentUrl":"https:\/\/www.kariyer.net\/kariyer-rehberi\/wp-content\/uploads\/2022\/03\/resume.jpg","width":900,"height":600},{"@type":"BreadcrumbList","@id":"https:\/\/www.kariyer.net\/kariyer-rehberi\/is-deneyimin-olmadan-cvni-nasil-duzenleyebilirsin\/#breadcrumb","itemListElement":[{"@type":"ListItem","position":1,"name":"Anasayfa","item":"https:\/\/www.kariyer.net\/kariyer-rehberi\/"},{"@type":"ListItem","position":2,"name":"\u0130\u015f deneyimin olmadan CV\u2019ni nas\u0131l d\u00fczenleyebilirsin?"}]},{"@type":"WebSite","@id":"https:\/\/www.kariyer.net\/kariyer-rehberi\/#website","url":"https:\/\/www.kariyer.net\/kariyer-rehberi\/","name":"Kariyer Rehberi","description":"\u0130\u015f D\u00fcnyas\u0131yla \u0130lgili Bilmek \u0130stedi\u011finiz Her \u015eey","publisher":{"@id":"https:\/\/www.kariyer.net\/kariyer-rehberi\/#organization"},"potentialAction":[{"@type":"SearchAction","target":{"@type":"EntryPoint","urlTemplate":"https:\/\/www.kariyer.net\/kariyer-rehberi\/?s={search_term_string}"},"query-input":{"@type":"PropertyValueSpecification","valueRequired":true,"valueName":"search_term_string"}}],"inLanguage":"tr"},{"@type":"Organization","@id":"https:\/\/www.kariyer.net\/kariyer-rehberi\/#organization","name":"Kariyer.net","url":"https:\/\/www.kariyer.net\/kariyer-rehberi\/","logo":{"@type":"ImageObject","inLanguage":"tr","@id":"https:\/\/www.kariyer.net\/kariyer-rehberi\/#\/schema\/logo\/image\/","url":"https:\/\/www.kariyer.net\/kariyer-rehberi-new\/wp-content\/uploads\/2023\/01\/og-image11.jpg","contentUrl":"https:\/\/www.kariyer.net\/kariyer-rehberi-new\/wp-content\/uploads\/2023\/01\/og-image11.jpg","width":800,"height":800,"caption":"Kariyer.net"},"image":{"@id":"https:\/\/www.kariyer.net\/kariyer-rehberi\/#\/schema\/logo\/image\/"}},{"@type":"Person","@id":"https:\/\/www.kariyer.net\/kariyer-rehberi\/#\/schema\/person\/94fd6e49c7ff1b1b2565a2cc4fd685dd","name":"Edit\u00f6r","image":{"@type":"ImageObject","inLanguage":"tr","@id":"https:\/\/www.kariyer.net\/kariyer-rehberi\/#\/schema\/person\/image\/","url":"https:\/\/secure.gravatar.com\/avatar\/0c4fe6688343aed3693b15573beae12c08ace5565409d5ab7509bf9c115f458d?s=96&d=mm&r=g","contentUrl":"https:\/\/secure.gravatar.com\/avatar\/0c4fe6688343aed3693b15573beae12c08ace5565409d5ab7509bf9c115f458d?s=96&d=mm&r=g","caption":"Edit\u00f6r"},"url":"https:\/\/www.kariyer.net\/kariyer-rehberi\/author\/editor\/"}]}},"_links":{"self":[{"href":"https:\/\/www.kariyer.net\/kariyer-rehberi\/wp-json\/wp\/v2\/posts\/15835","targetHints":{"allow":["GET"]}}],"collection":[{"href":"https:\/\/www.kariyer.net\/kariyer-rehberi\/wp-json\/wp\/v2\/posts"}],"about":[{"href":"https:\/\/www.kariyer.net\/kariyer-rehberi\/wp-json\/wp\/v2\/types\/post"}],"author":[{"embeddable":true,"href":"https:\/\/www.kariyer.net\/kariyer-rehberi\/wp-json\/wp\/v2\/users\/12"}],"replies":[{"embeddable":true,"href":"https:\/\/www.kariyer.net\/kariyer-rehberi\/wp-json\/wp\/v2\/comments?post=15835"}],"version-history":[{"count":1,"href":"https:\/\/www.kariyer.net\/kariyer-rehberi\/wp-json\/wp\/v2\/posts\/15835\/revisions"}],"predecessor-version":[{"id":20579,"href":"https:\/\/www.kariyer.net\/kariyer-rehberi\/wp-json\/wp\/v2\/posts\/15835\/revisions\/20579"}],"wp:featuredmedia":[{"embeddable":true,"href":"https:\/\/www.kariyer.net\/kariyer-rehberi\/wp-json\/wp\/v2\/media\/15868"}],"wp:attachment":[{"href":"https:\/\/www.kariyer.net\/kariyer-rehberi\/wp-json\/wp\/v2\/media?parent=15835"}],"wp:term":[{"taxonomy":"category","embeddable":true,"href":"https:\/\/www.kariyer.net\/kariyer-rehberi\/wp-json\/wp\/v2\/categories?post=15835"},{"taxonomy":"post_tag","embeddable":true,"href":"https:\/\/www.kariyer.net\/kariyer-rehberi\/wp-json\/wp\/v2\/tags?post=15835"}],"curies":[{"name":"wp","href":"https:\/\/api.w.org\/{rel}","templated":true}]}}