{"id":16101,"date":"2022-04-19T17:02:54","date_gmt":"2022-04-19T14:02:54","guid":{"rendered":"https:\/\/www.kariyer.net\/kariyer-rehberi\/?p=16101"},"modified":"2024-08-08T21:08:41","modified_gmt":"2024-08-08T18:08:41","slug":"kodla-gelisiyoruz-front-end-bootcampe-seni-de-bekliyoruz","status":"publish","type":"post","link":"https:\/\/www.kariyer.net\/kariyer-rehberi\/kodla-gelisiyoruz-front-end-bootcampe-seni-de-bekliyoruz\/","title":{"rendered":"Kodla Geli\u015fiyoruz: Front-End Bootcamp&#8217;e seni de bekliyoruz!"},"content":{"rendered":"<p><strong>T\u00dcB\u0130SAD &amp; techcareer.net i\u015f birli\u011fiyle ger\u00e7ekle\u015ftirilen Front-End Bootcamp\u2019e kat\u0131larak Jr. Front-End Developer olma \u015fans\u0131 yakalamak ister misin?<\/strong><\/p>\n<p>HTML, CSS ve JavaScript gibi bir\u00e7ok teknolojiyi kullanarak \u00f6n y\u00fcz geli\u015ftirme konusunda uzmanla\u015fmak istersen, T\u00dcB\u0130SAD &amp; techcareer.net i\u015f birli\u011finde d\u00fczenlenen <strong>Kodla Geli\u015fiyoruz: Front-End Bootcamp<\/strong>\u2019e kat\u0131labilirsin. Front-End Bootcamp\u2019te \u00fccretsiz ve online olarak uygulamal\u0131, canl\u0131 dersler alarak alanda geli\u015febilirsin.<\/p>\n<h2><strong>Front-End Bootcamp\u2019te seni neler bekliyor?<\/strong><\/h2>\n<ul>\n<li>En temel seviyeden ba\u015flayarak Front-End \u00f6\u011frenme,<\/li>\n<li>Uzman e\u011fitmenlerden 5 hafta boyunca haftada 3 g\u00fcn ve toplamda 45 saat \u00fccretsiz e\u011fitim,<\/li>\n<li>E\u011fitimlerin en az %80\u2019ine kat\u0131larak projeni sunman durumunda \u00f6zge\u00e7mi\u015fine ekleyebilece\u011fin bir kat\u0131l\u0131m belgesi,<\/li>\n<li>Bootcamp\u2019i ba\u015far\u0131l\u0131 \u015fekilde tamamlaman sonucunda T\u00dcB\u0130SAD ve techcareer.net b\u00fcnyesindeki a\u00e7\u0131k pozisyonlar i\u00e7in de\u011ferlendirilme \u015fans\u0131,<\/li>\n<li>E\u011fitimi ba\u015far\u0131yla tamamlaman durumunda herhangi bir \u015firkette Jr. Front-End Developer olarak \u00e7al\u0131\u015fabilecek donan\u0131m\u0131 kazanma f\u0131rsat\u0131.<\/li>\n<\/ul>\n<p>Sen de Jr. Front-End Developer olarak \u00e7al\u0131\u015fma f\u0131rsat\u0131 yakalamak istiyorsan, <strong>9 May\u0131s\u2019a kadar<\/strong> ba\u015fvurunu tamamlamay\u0131 unutma!<\/p>\n<p><a href=\"https:\/\/bit.ly\/3JwtaRa\" target=\"_blank\" rel=\"noopener\"><strong>\u015eimdi Ba\u015fvur<\/strong><\/a><\/p>\n<!-- templates\/buttons-placeholder.php -->\n<div class=\"da-reactions-outer TpostID16101\">\n\t    <div class=\"da-reactions-data da-reactions-container-async center\"\n         data-type=\"post\"\n         data-id=\"16101\"\n         id=\"da-reactions-slot-post-16101\">\n        <div class=\"da-reactions-static\">\n\t\t\t<img src=\"https:\/\/www.kariyer.net\/kariyer-rehberi\/wp-content\/plugins\/da-reactions\/assets\/dist\/loading.svg\" alt=\"Loading spinner\" width=\"48\" height=\"48\" style=\"width:48px\" \/>\n        <\/div>\n    <\/div>\n<\/div>\n","protected":false},"excerpt":{"rendered":"<p>T\u00dcB\u0130SAD &amp; techcareer.net i\u015f birli\u011fiyle ger\u00e7ekle\u015ftirilen Front-End Bootcamp\u2019e kat\u0131larak Jr. Front-End Developer olma \u015fans\u0131 yakalamak ister misin? HTML, CSS ve JavaScript gibi bir\u00e7ok teknolojiyi kullanarak \u00f6n y\u00fcz geli\u015ftirme konusunda uzmanla\u015fmak istersen, T\u00dcB\u0130SAD &amp; techcareer.net i\u015f birli\u011finde d\u00fczenlenen Kodla Geli\u015fiyoruz: Front-End Bootcamp\u2019e kat\u0131labilirsin. Front-End Bootcamp\u2019te \u00fccretsiz ve online olarak uygulamal\u0131, canl\u0131 dersler alarak alanda geli\u015febilirsin. Front-End [&hellip;]<\/p>\n<!-- templates\/buttons-placeholder.php -->\n<div class=\"da-reactions-outer TpostID16101\">\n\t    <div class=\"da-reactions-data da-reactions-container-async center\"\n         data-type=\"post\"\n         data-id=\"16101\"\n         id=\"da-reactions-slot-post-16101\">\n        <div class=\"da-reactions-static\">\n\t\t\t<img src=\"https:\/\/www.kariyer.net\/kariyer-rehberi\/wp-content\/plugins\/da-reactions\/assets\/dist\/loading.svg\" alt=\"Loading spinner\" width=\"48\" height=\"48\" style=\"width:48px\" \/>\n        <\/div>\n    <\/div>\n<\/div>\n","protected":false},"author":12,"featured_media":16137,"comment_status":"closed","ping_status":"open","sticky":false,"template":"","format":"standard","meta":{"footnotes":"","_elementor_edit_mode":"","_elementor_template_type":"","_elementor_data":"","_elementor_page_settings":null,"_elementor_conditions":[]},"categories":[2211,2214],"tags":[1925,1827,1729,1776,1929],"class_list":{"0":"post-16101","1":"post","2":"type-post","3":"status-publish","4":"format-standard","5":"has-post-thumbnail","7":"category-kariyer-gelisimi","8":"category-yasam","9":"tag-front-end-bootcamp","10":"tag-front-end-developer","11":"tag-techcareer","12":"tag-techcareer-net","13":"tag-tubisad"},"yoast_head":"<!-- This site is optimized with the Yoast SEO Premium plugin v21.4 (Yoast SEO v27.0) - https:\/\/yoast.com\/product\/yoast-seo-premium-wordpress\/ -->\n<title>Kodla Geli\u015fiyoruz: Front-End Bootcamp&#039;e seni de bekliyoruz! | Kariyer Rehberi<\/title>\n<meta name=\"description\" content=\"T\u00dcB\u0130SAD &amp; techcareer.net i\u015f birli\u011fiyle ger\u00e7ekle\u015ftirilen Front-End Bootcamp\u2019e kat\u0131larak Jr. Front-End Developer olma \u015fans\u0131 yakalamak ister misin? HTML,\" \/>\n<meta name=\"robots\" content=\"index, follow, max-snippet:-1, max-image-preview:large, max-video-preview:-1\" \/>\n<link rel=\"canonical\" href=\"https:\/\/www.kariyer.net\/kariyer-rehberi\/kodla-gelisiyoruz-front-end-bootcampe-seni-de-bekliyoruz\/\" \/>\n<meta property=\"og:locale\" content=\"tr_TR\" \/>\n<meta property=\"og:type\" content=\"article\" \/>\n<meta property=\"og:title\" content=\"Kodla Geli\u015fiyoruz: Front-End Bootcamp&#039;e seni de bekliyoruz!\" \/>\n<meta property=\"og:description\" content=\"T\u00dcB\u0130SAD &amp; techcareer.net i\u015f birli\u011fiyle ger\u00e7ekle\u015ftirilen Front-End Bootcamp\u2019e kat\u0131larak Jr. Front-End Developer olma \u015fans\u0131 yakalamak ister misin? HTML,\" \/>\n<meta property=\"og:url\" content=\"https:\/\/www.kariyer.net\/kariyer-rehberi\/kodla-gelisiyoruz-front-end-bootcampe-seni-de-bekliyoruz\/\" \/>\n<meta property=\"og:site_name\" content=\"Kariyer Rehberi\" \/>\n<meta property=\"article:published_time\" content=\"2022-04-19T14:02:54+00:00\" \/>\n<meta property=\"article:modified_time\" content=\"2024-08-08T18:08:41+00:00\" \/>\n<meta property=\"og:image\" content=\"https:\/\/www.kariyer.net\/kariyer-rehberi\/wp-content\/uploads\/2022\/04\/frontendbootcamp.png\" \/>\n\t<meta property=\"og:image:width\" content=\"900\" \/>\n\t<meta property=\"og:image:height\" content=\"600\" \/>\n\t<meta property=\"og:image:type\" content=\"image\/png\" \/>\n<meta name=\"author\" content=\"Edit\u00f6r\" \/>\n<meta name=\"twitter:card\" content=\"summary_large_image\" \/>\n<meta name=\"twitter:label1\" content=\"Yazan:\" \/>\n\t<meta name=\"twitter:data1\" content=\"Edit\u00f6r\" \/>\n\t<meta name=\"twitter:label2\" content=\"Tahmini okuma s\u00fcresi\" \/>\n\t<meta name=\"twitter:data2\" content=\"1 dakika\" \/>\n<!-- \/ Yoast SEO Premium plugin. -->","yoast_head_json":{"title":"Kodla Geli\u015fiyoruz: Front-End Bootcamp'e seni de bekliyoruz! | Kariyer Rehberi","description":"T\u00dcB\u0130SAD &amp; techcareer.net i\u015f birli\u011fiyle ger\u00e7ekle\u015ftirilen Front-End Bootcamp\u2019e kat\u0131larak Jr. Front-End Developer olma \u015fans\u0131 yakalamak ister misin? HTML,","robots":{"index":"index","follow":"follow","max-snippet":"max-snippet:-1","max-image-preview":"max-image-preview:large","max-video-preview":"max-video-preview:-1"},"canonical":"https:\/\/www.kariyer.net\/kariyer-rehberi\/kodla-gelisiyoruz-front-end-bootcampe-seni-de-bekliyoruz\/","og_locale":"tr_TR","og_type":"article","og_title":"Kodla Geli\u015fiyoruz: Front-End Bootcamp'e seni de bekliyoruz!","og_description":"T\u00dcB\u0130SAD &amp; techcareer.net i\u015f birli\u011fiyle ger\u00e7ekle\u015ftirilen Front-End Bootcamp\u2019e kat\u0131larak Jr. Front-End Developer olma \u015fans\u0131 yakalamak ister misin? HTML,","og_url":"https:\/\/www.kariyer.net\/kariyer-rehberi\/kodla-gelisiyoruz-front-end-bootcampe-seni-de-bekliyoruz\/","og_site_name":"Kariyer Rehberi","article_published_time":"2022-04-19T14:02:54+00:00","article_modified_time":"2024-08-08T18:08:41+00:00","og_image":[{"width":900,"height":600,"url":"https:\/\/www.kariyer.net\/kariyer-rehberi\/wp-content\/uploads\/2022\/04\/frontendbootcamp.png","type":"image\/png"}],"author":"Edit\u00f6r","twitter_card":"summary_large_image","twitter_misc":{"Yazan:":"Edit\u00f6r","Tahmini okuma s\u00fcresi":"1 dakika"},"schema":{"@context":"https:\/\/schema.org","@graph":[{"@type":"Article","@id":"https:\/\/www.kariyer.net\/kariyer-rehberi\/kodla-gelisiyoruz-front-end-bootcampe-seni-de-bekliyoruz\/#article","isPartOf":{"@id":"https:\/\/www.kariyer.net\/kariyer-rehberi\/kodla-gelisiyoruz-front-end-bootcampe-seni-de-bekliyoruz\/"},"author":{"name":"Edit\u00f6r","@id":"https:\/\/www.kariyer.net\/kariyer-rehberi\/#\/schema\/person\/94fd6e49c7ff1b1b2565a2cc4fd685dd"},"headline":"Kodla Geli\u015fiyoruz: Front-End Bootcamp&#8217;e seni de bekliyoruz!","datePublished":"2022-04-19T14:02:54+00:00","dateModified":"2024-08-08T18:08:41+00:00","mainEntityOfPage":{"@id":"https:\/\/www.kariyer.net\/kariyer-rehberi\/kodla-gelisiyoruz-front-end-bootcampe-seni-de-bekliyoruz\/"},"wordCount":200,"publisher":{"@id":"https:\/\/www.kariyer.net\/kariyer-rehberi\/#organization"},"image":{"@id":"https:\/\/www.kariyer.net\/kariyer-rehberi\/kodla-gelisiyoruz-front-end-bootcampe-seni-de-bekliyoruz\/#primaryimage"},"thumbnailUrl":"https:\/\/www.kariyer.net\/kariyer-rehberi\/wp-content\/uploads\/2022\/04\/frontendbootcamp.png","keywords":["Front-End Bootcamp","Front-End Developer","Techcareer","Techcareer.net","T\u00dcB\u0130SAD"],"articleSection":["Kariyer Geli\u015fimi","Ya\u015fam"],"inLanguage":"tr"},{"@type":"WebPage","@id":"https:\/\/www.kariyer.net\/kariyer-rehberi\/kodla-gelisiyoruz-front-end-bootcampe-seni-de-bekliyoruz\/","url":"https:\/\/www.kariyer.net\/kariyer-rehberi\/kodla-gelisiyoruz-front-end-bootcampe-seni-de-bekliyoruz\/","name":"Kodla Geli\u015fiyoruz: Front-End Bootcamp'e seni de bekliyoruz! | Kariyer Rehberi","isPartOf":{"@id":"https:\/\/www.kariyer.net\/kariyer-rehberi\/#website"},"primaryImageOfPage":{"@id":"https:\/\/www.kariyer.net\/kariyer-rehberi\/kodla-gelisiyoruz-front-end-bootcampe-seni-de-bekliyoruz\/#primaryimage"},"image":{"@id":"https:\/\/www.kariyer.net\/kariyer-rehberi\/kodla-gelisiyoruz-front-end-bootcampe-seni-de-bekliyoruz\/#primaryimage"},"thumbnailUrl":"https:\/\/www.kariyer.net\/kariyer-rehberi\/wp-content\/uploads\/2022\/04\/frontendbootcamp.png","datePublished":"2022-04-19T14:02:54+00:00","dateModified":"2024-08-08T18:08:41+00:00","description":"T\u00dcB\u0130SAD &amp; techcareer.net i\u015f birli\u011fiyle ger\u00e7ekle\u015ftirilen Front-End Bootcamp\u2019e kat\u0131larak Jr. Front-End Developer olma \u015fans\u0131 yakalamak ister misin? HTML,","breadcrumb":{"@id":"https:\/\/www.kariyer.net\/kariyer-rehberi\/kodla-gelisiyoruz-front-end-bootcampe-seni-de-bekliyoruz\/#breadcrumb"},"inLanguage":"tr","potentialAction":[{"@type":"ReadAction","target":["https:\/\/www.kariyer.net\/kariyer-rehberi\/kodla-gelisiyoruz-front-end-bootcampe-seni-de-bekliyoruz\/"]}]},{"@type":"ImageObject","inLanguage":"tr","@id":"https:\/\/www.kariyer.net\/kariyer-rehberi\/kodla-gelisiyoruz-front-end-bootcampe-seni-de-bekliyoruz\/#primaryimage","url":"https:\/\/www.kariyer.net\/kariyer-rehberi\/wp-content\/uploads\/2022\/04\/frontendbootcamp.png","contentUrl":"https:\/\/www.kariyer.net\/kariyer-rehberi\/wp-content\/uploads\/2022\/04\/frontendbootcamp.png","width":900,"height":600},{"@type":"BreadcrumbList","@id":"https:\/\/www.kariyer.net\/kariyer-rehberi\/kodla-gelisiyoruz-front-end-bootcampe-seni-de-bekliyoruz\/#breadcrumb","itemListElement":[{"@type":"ListItem","position":1,"name":"Anasayfa","item":"https:\/\/www.kariyer.net\/kariyer-rehberi\/"},{"@type":"ListItem","position":2,"name":"Kodla Geli\u015fiyoruz: Front-End Bootcamp&#8217;e seni de bekliyoruz!"}]},{"@type":"WebSite","@id":"https:\/\/www.kariyer.net\/kariyer-rehberi\/#website","url":"https:\/\/www.kariyer.net\/kariyer-rehberi\/","name":"Kariyer Rehberi","description":"\u0130\u015f D\u00fcnyas\u0131yla \u0130lgili Bilmek \u0130stedi\u011finiz Her \u015eey","publisher":{"@id":"https:\/\/www.kariyer.net\/kariyer-rehberi\/#organization"},"potentialAction":[{"@type":"SearchAction","target":{"@type":"EntryPoint","urlTemplate":"https:\/\/www.kariyer.net\/kariyer-rehberi\/?s={search_term_string}"},"query-input":{"@type":"PropertyValueSpecification","valueRequired":true,"valueName":"search_term_string"}}],"inLanguage":"tr"},{"@type":"Organization","@id":"https:\/\/www.kariyer.net\/kariyer-rehberi\/#organization","name":"Kariyer.net","url":"https:\/\/www.kariyer.net\/kariyer-rehberi\/","logo":{"@type":"ImageObject","inLanguage":"tr","@id":"https:\/\/www.kariyer.net\/kariyer-rehberi\/#\/schema\/logo\/image\/","url":"https:\/\/www.kariyer.net\/kariyer-rehberi-new\/wp-content\/uploads\/2023\/01\/og-image11.jpg","contentUrl":"https:\/\/www.kariyer.net\/kariyer-rehberi-new\/wp-content\/uploads\/2023\/01\/og-image11.jpg","width":800,"height":800,"caption":"Kariyer.net"},"image":{"@id":"https:\/\/www.kariyer.net\/kariyer-rehberi\/#\/schema\/logo\/image\/"}},{"@type":"Person","@id":"https:\/\/www.kariyer.net\/kariyer-rehberi\/#\/schema\/person\/94fd6e49c7ff1b1b2565a2cc4fd685dd","name":"Edit\u00f6r","image":{"@type":"ImageObject","inLanguage":"tr","@id":"https:\/\/www.kariyer.net\/kariyer-rehberi\/#\/schema\/person\/image\/","url":"https:\/\/secure.gravatar.com\/avatar\/0c4fe6688343aed3693b15573beae12c08ace5565409d5ab7509bf9c115f458d?s=96&d=mm&r=g","contentUrl":"https:\/\/secure.gravatar.com\/avatar\/0c4fe6688343aed3693b15573beae12c08ace5565409d5ab7509bf9c115f458d?s=96&d=mm&r=g","caption":"Edit\u00f6r"},"url":"https:\/\/www.kariyer.net\/kariyer-rehberi\/author\/editor\/"}]}},"_links":{"self":[{"href":"https:\/\/www.kariyer.net\/kariyer-rehberi\/wp-json\/wp\/v2\/posts\/16101","targetHints":{"allow":["GET"]}}],"collection":[{"href":"https:\/\/www.kariyer.net\/kariyer-rehberi\/wp-json\/wp\/v2\/posts"}],"about":[{"href":"https:\/\/www.kariyer.net\/kariyer-rehberi\/wp-json\/wp\/v2\/types\/post"}],"author":[{"embeddable":true,"href":"https:\/\/www.kariyer.net\/kariyer-rehberi\/wp-json\/wp\/v2\/users\/12"}],"replies":[{"embeddable":true,"href":"https:\/\/www.kariyer.net\/kariyer-rehberi\/wp-json\/wp\/v2\/comments?post=16101"}],"version-history":[{"count":1,"href":"https:\/\/www.kariyer.net\/kariyer-rehberi\/wp-json\/wp\/v2\/posts\/16101\/revisions"}],"predecessor-version":[{"id":19422,"href":"https:\/\/www.kariyer.net\/kariyer-rehberi\/wp-json\/wp\/v2\/posts\/16101\/revisions\/19422"}],"wp:featuredmedia":[{"embeddable":true,"href":"https:\/\/www.kariyer.net\/kariyer-rehberi\/wp-json\/wp\/v2\/media\/16137"}],"wp:attachment":[{"href":"https:\/\/www.kariyer.net\/kariyer-rehberi\/wp-json\/wp\/v2\/media?parent=16101"}],"wp:term":[{"taxonomy":"category","embeddable":true,"href":"https:\/\/www.kariyer.net\/kariyer-rehberi\/wp-json\/wp\/v2\/categories?post=16101"},{"taxonomy":"post_tag","embeddable":true,"href":"https:\/\/www.kariyer.net\/kariyer-rehberi\/wp-json\/wp\/v2\/tags?post=16101"}],"curies":[{"name":"wp","href":"https:\/\/api.w.org\/{rel}","templated":true}]}}