{"id":1616,"date":"2007-11-09T02:00:00","date_gmt":"2007-11-09T00:00:00","guid":{"rendered":"http:\/\/92.45.35.169\/ressam-burhan-dogancay\/"},"modified":"2024-07-03T16:02:19","modified_gmt":"2024-07-03T13:02:19","slug":"ressam-burhan-dogancay","status":"publish","type":"post","link":"https:\/\/www.kariyer.net\/kariyer-rehberi\/ressam-burhan-dogancay\/","title":{"rendered":"Ressam &#8216;Burhan Do\u011fan\u00e7ay&#8217;"},"content":{"rendered":"<p><span style=\"font-size: 11px; font-family: Verdana,Arial,Helvetica,sans-serif;\"><span style=\"font-size: 11px; font-family: Verdana,Arial,Helvetica,sans-serif;\"><\/p>\n<p align=\"justify\"><img decoding=\"async\" width=\"160\" vspace=\"10\" hspace=\"10\" height=\"171\" align=\"left\" src=\"http:\/\/web4.kariyer.net\/UploadFiles\/tempPhoto\/kariyerRehberi\/image\/mak373b.jpg\" alt=\"\" \/>D\u00fcnya Duvarlar\u0131, Brooklyn K\u00f6pr\u00fcs\u00fc ve Duvar Hal\u0131lar\u0131 gibi projelere imza atan ressam Burhan Do\u011fan\u00e7ay, eserlerini kendi a\u00e7t\u0131\u011f\u0131 Do\u011fan\u00e7ay M\u00fczesi&#8217;nde sergiliyor. \u00c7ocuklara y\u00f6nelik resim yar\u0131\u015fmalar\u0131 d\u00fczenleyen sanat\u00e7\u0131 k\u00fclt\u00fcrl\u00fc bir nesil arzuluyor.<\/p>\n<p align=\"justify\">T\u00fcrkiye&#8217;nin en tan\u0131nm\u0131\u015f ressamlar\u0131ndan Burhan Do\u011fan\u00e7ay, y\u0131llarca Paris ve New York&#8217;ta ya\u015fad\u0131ktan sonra ge\u00e7ti\u011fimiz y\u0131llarda T\u00fcrkiye&#8217;ye d\u00f6nerek Do\u011fan\u00e7ay M\u00fczesi&#8217;ni a\u00e7t\u0131. T\u00fcrk resim sanat\u0131n\u0131n \u00e7ok k\u0131sa bir ge\u00e7mi\u015fi oldu\u011funu s\u00f6yleyen sanat\u00e7\u0131, T\u00fcrk toplumunun sanatla ilgilenmedi\u011fini s\u00f6yl\u00fcyor.. Sanat\u0131n toplumdan ba\u011f\u0131ms\u0131z olamayaca\u011f\u0131n\u0131 savunan ressam, &ldquo;Hangi sahada olursa olsun her sanat\u00e7\u0131n\u0131n tek gayesi sanat\u0131n\u0131n bilinmesi, isminin duyulmas\u0131d\u0131r&rdquo; diyor.&nbsp;&nbsp;<\/p>\n<p align=\"justify\"><strong>T\u00fcrk resim sanat\u0131n\u0131 yurt d\u0131\u015f\u0131yla kar\u015f\u0131la\u015ft\u0131rd\u0131\u011f\u0131n\u0131zda nas\u0131l bir tablo \u00e7\u0131k\u0131yor?<\/strong><br \/>T\u00fcrkiye&#8217;de plastik sanatlar\u0131n ge\u00e7mi\u015fi \u00e7ok eski de\u011fil. D\u00fcnyadaki b\u00fct\u00fcn m\u00fczelerin a\u00e7\u0131l\u0131\u015f gayeleri \u00fc\u00e7 unsura dayan\u0131yor; e\u011fitim, k\u00fclt\u00fcr ve sanat. Bir toplum k\u00fclt\u00fcrl\u00fc oldu\u011fu taktirde her \u015fey yolunda gidiyor. Biz hala e\u011fitim ve k\u00fclt\u00fcr\u00fcn fark\u0131n\u0131 anlam\u0131\u015f de\u011filiz. Ben gen\u00e7ken T\u00fcrkiye&#8217;de e\u011fitim seferberli\u011fi vard\u0131. Bug\u00fcn de konu\u015fulan gene e\u011fitim. K\u00fclt\u00fcrs\u00fcz bir toplumun sanatla ili\u015fkisi zaten \u00e7ok az olur. Benim g\u00f6rd\u00fc\u011f\u00fcm kadar\u0131yla T\u00fcrk toplumu sanatla \u00e7ok ilgilenmiyor ama bunun muhtelif sebepleri var. Zaten yurt d\u0131\u015f\u0131ndaki resim sanat\u0131yla T\u00fcrkiye&#8217;dekini mukayese etmek gereksiz. Yani ordaki futbolla burdakini kar\u015f\u0131la\u015ft\u0131r\u0131rs\u0131n\u0131z ama resim bir nosyondur. D\u00fcnyada \u00f6l\u00e7\u00fcs\u00fc olmayan tek bran\u015f resim. 12. as\u0131rdan beri resim i\u00e7in bir \u00f6l\u00e7\u00fc aranm\u0131\u015f. O bak\u0131mdan en \u00e7ok para eden resim en iyi resim haline geldi. \u00c7o\u011fu zaman do\u011fru ama her zaman de\u011fil.<\/p>\n<p align=\"justify\"><strong>Resimdeki bu ticari bak\u0131\u015f a\u00e7\u0131s\u0131, sanat\u00e7\u0131n\u0131n yarat\u0131c\u0131l\u0131\u011f\u0131n\u0131 etkiliyor mu?<\/strong><br \/>Hay\u0131r yarat\u0131c\u0131l\u0131\u011f\u0131 etkilemez. M\u00fczik i\u00e7in de edebiyat, resim i\u00e7in de ge\u00e7erli bir \u015fey var. Hani baz\u0131lar\u0131 diyor ya &ldquo;Sanat sanat i\u00e7indir. Resmimi kimse almasa da umurumda de\u011fil. Benim m\u00fczi\u011fimi kimse dinlemesin.&rdquo; O zaman bir \u015fey yapars\u0131n 3-5 ki\u015fi bilir. Ama her sanat\u00e7\u0131n\u0131n hangi sahada olursa olsun tek gayesi sanat\u0131n\u0131n bilinmesi, isminin duyulmas\u0131d\u0131r. Hatta koleksiyoncular bile bu y\u00fczden m\u00fcze yap\u0131yorlar. Bizim hayat\u0131m\u0131z bir toz bile de\u011fil ka\u00e7 milyon senelik evrende. Bunun i\u00e7inde bilim adamlar\u0131, ressamlar, doktorlar, mimarlar var, hepsinin gayesi isminin geri kalmas\u0131. Yapt\u0131\u011f\u0131 i\u015ften hepsi zevk al\u0131yor, yarat\u0131c\u0131l\u0131\u011f\u0131n\u0131 kullan\u0131yor fakat arka taraf\u0131nda isminin bilinmesi vard\u0131r. En nihayetinde \u00e7ocuk yapma bile ismin devam etmesinin tek yolu, bir de soyun devam\u0131. Resimde de g\u00fczel sanatlarda da ayn\u0131 \u015fey ge\u00e7erli. Bu benim \u015fahsi kanaatim. Bug\u00fcn bir Mozart, Bethooven, Rembrandt d\u00fcnya kald\u0131k\u00e7a ya\u015fayacak. Hi\u00e7bir zaman Van Gogh Hollandal\u0131 diye bilinmez, hepsi ismiyle bilinir. Madame Curie&#8217;nin kim oldu\u011funu merak eden ara\u015ft\u0131r\u0131p onun Frans\u0131z oldu\u011funu bulur. Bir ak\u0131m kurulmu\u015f olabilir ama bir Alman resmi, Frans\u0131z resmi diye bir \u015fey yoktur. T\u00fcm sanat\u00e7\u0131lar kendi adlar\u0131yla ya\u015far.&nbsp;<\/p>\n<p align=\"justify\"><strong>T\u00fcrkiye&#8217;de resim nas\u0131l bir tarihi geli\u015fim g\u00f6sterdi?<\/strong>T\u00fcrkiye&#8217;de resmin tarihi \u00e7ok k\u0131sa. R\u00f6nesans&#8217;\u0131n T\u00fcrkiye&#8217;ye u\u011framamas\u0131 bizim de ona ula\u015fmak i\u00e7in herhangi bir \u00e7aba g\u00f6stermememiz nedeniyle bu bat\u0131l\u0131 dedi\u011fimiz memleketlerle aradaki fark hala devam ediyor. Bug\u00fcn geli\u015fmi\u015f dedi\u011fimiz \u00fclkelerde, m\u00fczesi olmayan hatta her \u015fehrinde m\u00fczesi olmayan bir tane memleket g\u00f6steremezsiniz. Ama geli\u015fmemi\u015f memleketlerde, r\u00f6nesans\u0131 ya\u015famam\u0131\u015f memleketlerde birka\u00e7 tane istisna d\u0131\u015f\u0131nda modern sanat ve resim heykel m\u00fczesi olan \u00fclke yoktur.<\/p>\n<p align=\"justify\"><strong>Resim sanat\u0131n\u0131 ilk olarak baban\u0131zdan \u00f6\u011frendiniz. O d\u00f6nemleri anlatabilir misiniz, baban\u0131zla ili\u015fkiniz nas\u0131ld\u0131?<\/strong><br \/>O d\u00f6nemde T\u00fcrkiye&#8217;ye resmi ve bir\u00e7ok \u015feyi getirenler subaylard\u0131. Babam hem haritac\u0131yd\u0131 hem de resim yap\u0131yordu. Biz babam\u0131n mesle\u011fi y\u00fcz\u00fcnden b\u00fct\u00fcn Anadolu&#8217;yu dola\u015ft\u0131k. O zamanki Anadolu&#8217;yla bug\u00fcnk\u00fc Anadolu&#8217;yu kar\u015f\u0131la\u015ft\u0131ramazs\u0131n\u0131z bile. Yok yoktu, biz ka\u011fn\u0131 arabas\u0131yla giderdik. Benim i\u00e7in \u00e7ok b\u00fcy\u00fck zevkti tabii. Sabah 4-5 gibi g\u00fcn do\u011fmadan \u00e7\u0131kard\u0131k. Babam at\u0131yla giderdi ben de e\u015fe\u011fin s\u0131rt\u0131nda giderdim. Babam tepelerde i\u015fini yaparken bana da me\u015fgul olay\u0131m diye ka\u011f\u0131t verirdi, sen de \u015fu ka\u011f\u0131da \u015fu a\u011fac\u0131 yap, derdi. Molalarda da \u00e7izdiklerimi al\u0131p bana perspektif, \u0131\u015f\u0131k, g\u00f6lge \u00f6\u011fretirdi.. Ondan sonra ilk ve ortaokulda sanat dersleri yoktu. Ama ben babam\u0131n arkada\u015flar\u0131ndan Arif Kaptan, E\u015fref \u00d6ren, Sami Boyar&#8217;dan bir\u015feyler \u00f6\u011frendim. B\u00fct\u00fcn ders kitaplar\u0131na hocalar\u0131m\u0131n resmini yapard\u0131m, \u00e7ok dayak yedim bu y\u00fczden. Babam bakt\u0131 \u00e7ok kabiliyet var, beni ilk ba\u015flarda te\u015fvik etti. O aralar futbol oynamaya da ba\u015flam\u0131\u015ft\u0131m. Ama i\u015f ciddiye binince katiyen olmaz dedi. Hakl\u0131yd\u0131. Benim nazar\u0131mda gelmi\u015f ge\u00e7mi\u015f en b\u00fcy\u00fck insanlardan bir tanesidir babam. Paris&#8217;e giderken bana iki \u015fart koydu. Birincisi ressam olmayacakt\u0131m, ikincisiyse futbol oynamayacakt\u0131m. S\u00f6z verdim ama resme devam ettim, kurslara gittim. Ama esas gayem hukuk fak\u00fcltesinde doktora yapmakt\u0131. Bu benim g\u00f6r\u00fc\u015f\u00fcm\u00fc, zaviyemi a\u00e7t\u0131, d\u00fcnyay\u0131 tan\u0131d\u0131m. Biraz ekonomi ve diplomasiyi tan\u0131d\u0131m, yaln\u0131z resimle s\u0131n\u0131rl\u0131 kalmad\u0131m. Onun i\u00e7in bug\u00fcn 10 saat resim yap\u0131p st\u00fcdyomdan \u00e7\u0131kt\u0131ktan sonra hi\u00e7bir zaman resimden konu\u015fmam. Benim ba\u015fka hobilerim var, mesela spora \u00e7ok merakl\u0131y\u0131m. D\u00fcn ak\u015fam NBA&#8217;de kim kazand\u0131, Avrupa&#8217;da teniste kim kimi yenmi\u015f bilirim. Tiyatro ve edebiyat da benim i\u00e7in \u00e7ok \u00f6nemli. Seyahata \u00e7ok merakl\u0131y\u0131m, bug\u00fcne kadar 114 memleket dola\u015ft\u0131m.<\/p>\n<p align=\"justify\"><strong>D\u00fcnya Duvarlar\u0131 projesi i\u00e7in de\u011fil mi? Bu proje sonland\u0131 m\u0131?<\/strong><br \/>Bu proje 1970&#8217;lerde ba\u015flad\u0131 hala devam ediyor. World of Walls diye bir kitap \u00e7\u0131kt\u0131 ama projeye devam ediyorum. 114 memleket gezdim \u015fimdilik, \u00f6mr\u00fcm yetti\u011fi ve sa\u011fl\u0131\u011f\u0131m oldu\u011fu s\u00fcrece gezmeye devam edece\u011fim. Duvarlar ya\u015fad\u0131\u011f\u0131m\u0131z devrin bir ar\u015fivi. Bakt\u0131\u011f\u0131n\u0131z zaman o toplum hakk\u0131nda fikir sahibi olabilirsiniz. Sosyal, ekonomik, politik olarak her \u015feyini s\u00f6yleyebilirsiniz. Duvarlar adeta bir toplumun aynas\u0131d\u0131r. D\u00fcnyada b\u00f6yle bir proje yap\u0131lmam\u0131\u015f, yap\u0131lmas\u0131 imkans\u0131z. \u0130steseniz bile olaylar art\u0131k ayn\u0131 de\u011fil, ne Carter Amerikan ba\u015fkan\u0131 ne Mitherand Fransa&#8217;n\u0131n cumhurba\u015fkan\u0131. Ba\u011fdat Caddesi&#8217;nde bir \u015fey g\u00f6remezsiniz ama Dolapdere&#8217;ye indi\u011finizde duvarlarda bo\u015f yer yoktur. \u00d6zellikle politik alanda hareketlilik oldu\u011fu zaman daha fazla \u015fey bulabiliyorsunuz. 70&#8217;lerdeki T\u00fcrkiye&#8217;yi d\u00fc\u015f\u00fcn\u00fcn, 1 cm yer yoktu.&nbsp;<\/p>\n<p><\/span><\/span><\/p>\n<p align=\"center\"><strong><em><img decoding=\"async\" width=\"250\" height=\"188\" src=\"http:\/\/web9.kariyer.net\/Images\/mak373_3.jpg\" alt=\"\" \/><br \/>Her sanat\u00e7\u0131n\u0131n hangi sahada olursa olsun tek gayesi sanat\u0131n\u0131n bilinmesi, isminin duyulmas\u0131d\u0131r. Bizim hayat\u0131m\u0131z bir toz bile de\u011fil ka\u00e7 milyon senelik evrende. Bunun i\u00e7inde bilim adamlar\u0131, ressamlar, doktorlar, mimarlar var, hepsinin gayesi isminin geri kalmas\u0131. <br \/><\/em><\/strong><\/p>\n<p><span style=\"font-size: 11px; font-family: Verdana,Arial,Helvetica,sans-serif;\"><span style=\"font-size: 11px; font-family: Verdana,Arial,Helvetica,sans-serif;\"><\/p>\n<p align=\"justify\"><strong><br \/>Bu 114 \u00fclkede \u00e7ekimler yaparken ba\u015f\u0131n\u0131za \u00e7e\u015fitli olaylar gelmi\u015f&#8230;<\/strong><br \/>Dolapdere&#8217;de de ald\u0131lar benim malzemelerimi. Ama polis dahi gitme dedi. Arjantin&#8217;de kloroform koydular, 6 makineyi birden ald\u0131lar. G\u00fcney Afrika&#8217;da elime b\u0131\u00e7ak saplad\u0131lar, \u00e7antay\u0131 al\u0131p gittiler. Her seferinde polise gitti\u011fimizde, \u015fansl\u0131s\u0131n ya\u015f\u0131yorsun, dediler. Ama oralara gitmeden de \u00e7\u0131km\u0131yor bu kareler. Bu t\u00fcr konular\u0131 Ba\u011fdat Caddesi&#8217;nde, Osmanbey&#8217;de bulamazs\u0131n\u0131z, varo\u015flara, fakir mahallelere gitmeniz laz\u0131m. G\u00f6r\u00fcyorsunuz Fransa&#8217;daki olaylar \u015eanzelize&#8217;de ba\u015flamad\u0131, hepsi varo\u015flarda ba\u015flad\u0131. \u00c7\u00fcnk\u00fc onlar hayatlar\u0131ndan memnun de\u011fil, psikolojik ve sosyal sorunlar\u0131n\u0131 ifade etmeleri laz\u0131m. Bu yaz\u0131lar\u0131 kimlerin yazd\u0131\u011f\u0131n\u0131 35 senede 1 defa g\u00f6rebildim. 3 \u00e7ocuk yaz\u0131yordu, y\u00fczlerini g\u00f6stermeden arkadan foto\u011fraflar\u0131n\u0131 \u00e7ektim.<\/p>\n<p align=\"justify\"><strong>Kendinizi ayn\u0131 zamanda foto\u011fraf\u00e7\u0131 olarak g\u00f6r\u00fcyor musunuz?<\/strong><br \/>Foto\u011frafa ben Paris&#8217;te ba\u015flad\u0131m. Ben foto\u011fraf\u00e7\u0131 olmaktan ziyade proje \u00fcreten biriyim. Ressam olman\u0131n bir avantaj\u0131 kompoziyonu g\u00f6rebiliyorsunuz. New York&#8217;ta \u00fc\u00e7 sene g\u00f6kdelen i\u015f\u00e7ileriyle \u00e7al\u0131\u015ft\u0131m, izin almak \u00fc\u00e7 ay s\u00fcrd\u00fc. Brooklyn K\u00f6pr\u00fcs\u00fc&#8217;n\u00fcn restorasyonu s\u0131ras\u0131nda foto\u011fraflar\u0131n\u0131 \u00e7ektim. O foto\u011fraflar \u015fimdi bir tek bende var. Amerikal\u0131lar bu foto\u011fraflardan bir kitap yapt\u0131lar. Bug\u00fcn art\u0131k baya\u011f\u0131 ilgileniyorum. Siyah-beyaz ve dia \u00e7ekiyorum.<\/p>\n<p align=\"justify\"><strong>Do\u011fan\u00e7ay M\u00fczesi&#8217;ni hangi ama\u00e7la a\u00e7t\u0131n\u0131z?<\/strong><br \/>Bu herkesin sordu\u011fu bir \u015fey: Neden T\u00fcrkiye&#8217;ye gelip m\u00fcze a\u00e7\u0131yorsun? Buna yan\u0131t\u0131m \u00e7ok basit. E\u011fer T\u00fcrkiye&#8217;de de di\u011fer bat\u0131 \u00fclkelerinde oldu\u011fu gibi m\u00fczeler olsayd\u0131, benim b\u00f6yle bir \u015fey d\u00fc\u015f\u00fcnmem bile abes olurdu. \u00c7\u00fcnk\u00fc o zaman benim resimlerim buradaki m\u00fczede sergileniyor olurdu. Peki bu koleksiyon, benim Paris&#8217;te \u00f6\u011frencilik d\u00f6nemlerimden bug\u00fcne kadar olan resimlerim ne olacak? Rahmetli babam\u0131n ve benim eserlerimin ileriye kalabilmesi i\u00e7in bu m\u00fczeyi a\u00e7maya karar verdim. Ama ben bu \u015fekilde yol alaca\u011f\u0131n\u0131 tahmin etmedim. Buray\u0131 al\u0131p i\u00e7ine resimlerimi koyduktan sonra m\u00fczeyi sa\u011flam bir vakfa, hi\u00e7bir bedel almadan devredecektim. Bug\u00fcnk\u00fc fikrim de hala ayn\u0131. Bir vak\u0131f, \u00e7ok sa\u011flam olacak, buran\u0131n stat\u00fcs\u00fcn\u00fc de\u011fi\u015ftirmeyecek, eserler sat\u0131lmayacak. B\u00f6yle bir \u015fey oldu\u011fu zaman tapuyu da i\u00e7indeki 150 resmi de onlara hi\u00e7bir kar\u015f\u0131l\u0131k olmadan verece\u011fim. Ama maalesef T\u00fcrkiye daha buna haz\u0131r de\u011filmi\u015f. Ben bat\u0131daki zihniyetin bizde de oldu\u011funu saf bir \u015fekilde d\u00fc\u015f\u00fcnerek bu m\u00fczeyi a\u00e7maya karar verdim. Maalesef bug\u00fcn dahi kimse yok. Tek istedi\u011fim ad\u0131n\u0131n x Vakf\u0131 Do\u011fan\u00e7ay M\u00fczesi olmas\u0131. Ondan sonra gidip Bodrum&#8217;da resim yapmay\u0131 d\u00fc\u015f\u00fcn\u00fcyorum.<\/p>\n<p align=\"justify\"><strong>Sanatta sponsor bulmak zor de\u011fil mi?<\/strong><br \/>Evet, sanatta sponsorluk \u00e7ok zor. Bizim her \u015feyimiz futbol ve televole \u00fczeirne kurulmu\u015f. Gazetede her g\u00fcn 6 sayfa futbol var, TV&#8217;de her g\u00fcn futbol programlar\u0131 yay\u0131nlan\u0131yor. D\u00fcnyan\u0131n her yerinde var ama bizde her gazetede var. Bu k\u00fclt\u00fcrle bir nesil yeti\u015fiyor.<\/p>\n<p align=\"justify\">&nbsp;<\/p>\n<p><\/span><\/span><\/p>\n<table width=\"100%\" cellspacing=\"0\" cellpadding=\"5\" border=\"0\" bgcolor=\"#f0fed6\">\n<tbody>\n<tr align=\"center\">\n<td colspan=\"3\">\n<p align=\"center\"><img decoding=\"async\" width=\"250\" height=\"188\" src=\"http:\/\/web9.kariyer.net\/Images\/mak373_2.jpg\" alt=\"\" \/><\/p>\n<\/td>\n<\/tr>\n<tr align=\"center\">\n<td width=\"2%\">\n<p align=\"left\"><font size=\"1\"><br \/>            <\/font><\/p>\n<\/td>\n<td width=\"96%\">\n<p align=\"center\">\n<p>            <span style=\"font-family: Verdana,Arial,Helvetica,sans-serif; font-size: 11px;\">            <\/p>\n<p align=\"center\"><strong>Bu y\u0131lki tema \u0130stanbul <\/strong><\/p>\n<p align=\"justify\"><strong>Do\u011fan\u00e7ay M\u00fczesi iki y\u0131ld\u0131r ilkokullar aras\u0131 resim yar\u0131\u015fmas\u0131 d\u00fczenliyor. Sponsor aray\u0131\u015flar\u0131 devam eden yar\u0131\u015fmay\u0131 kazanan \u00e7ocuklar, Louvre ve Metropolitan m\u00fczelerine gidecek. <\/strong><\/p>\n<p align=\"justify\"><strong>Do\u011fan\u00e7ay M\u00fczesi&#8217;nde \u00e7ocuklara y\u00f6nelik projelerinizden bahseder misiniz?<br \/>            <\/strong>Benim bir d\u00fc\u015f\u00fcncem de biraz k\u00fclt\u00fcrl\u00fc bir gen\u00e7lik yeti\u015ftirmek. O y\u00fczden buray\u0131 a\u00e7ar a\u00e7maz 80 ilkokula faks \u00e7ektik. Okulunuzda sanata kabiliyetli \u00e7ocuklar\u0131 getirin dedik. M\u00fczeye 6-14 ya\u015f aras\u0131 \u00e7ocuklar geliyor. Bu \u00e7ocuklar\u0131n \u00e7o\u011fu hayat\u0131nda resim g\u00f6rmemi\u015f. \u0130nsan o 6 ya\u015f\u0131ndaki \u00e7ocu\u011fun nas\u0131l bir cevher oldu\u011funa inanam\u0131yor. \u015eimdilik resim g\u00f6r\u00fcyorlar. B\u00fct\u00fcn gayemiz onlar\u0131n sanattan uzakla\u015fmamas\u0131. \u00c7ocuklar zamanla anne babalar\u0131n\u0131 da getirmeye ba\u015flad\u0131lar. Bunun \u00fczerinde hepimiz daha \u00e7ok heyecanland\u0131k ve bu civardaki ilkokullar aras\u0131nda ge\u00e7en y\u0131l Beyo\u011flu konulu bir yar\u0131\u015fma a\u00e7t\u0131k. \u0130stanbul B\u00fcy\u00fck\u015fehir Belediyesi&#8217;nin k\u00fct\u00fcphanesinde merasim yap\u0131ld\u0131, kazanan 12 \u00e7ocu\u011fa foto\u011fraf makinesi verdik. Bir foto\u011fraf\u00e7\u0131 arkada\u015f\u0131m kendi foto\u011fraf merkezinde onlara 5 hafta foto\u011fraf dersi verecek. Oxford \u00dcniversitesi&#8217;nin \u0130ngilizce hikaye ve CD&#8217;lerini verdik.<\/p>\n<p align=\"justify\">\n<p align=\"justify\"><strong>Bu sene de yar\u0131\u015fma d\u00fczenlemeyi d\u00fc\u015f\u00fcn\u00fcyor musunuz? <br \/>            <\/strong>Evet, bu seneki konu ise \u0130stanbul. 1457 ilkokul kat\u0131lacak. \u0130stanbul B\u00fcy\u00fck\u015fehir Belediyesi biraz destekliyor. 15 May\u0131s&#8217;ta L\u00fctfi K\u0131rdar&#8217;da kazananlara \u00f6d\u00fclleri verilecek ve eserleri sergilenecek. \u015eimdi okullara fax \u00e7ekildi, Nisan&#8217;a kadar resimler gelecek. Afi\u015fleri bile kendi imkanlar\u0131m\u0131zla bast\u0131rd\u0131k. Bu sene birinciyi Paris Louvre&#8217;a, di\u011ferini New York Metropolitan M\u00fczesi&#8217;ne yollayaca\u011f\u0131z. Bundan sonraki yar\u0131\u015fmalara da t\u00fcm T\u00fcrkiye&#8217;deki ilkokullar\u0131 dahil edece\u011fiz. Bu sene sponsor bulaca\u011f\u0131m\u0131za inan\u0131yoruz. <\/p>\n<p>            <\/span><\/td>\n<\/tr>\n<\/tbody>\n<\/table>\n<!-- templates\/buttons-placeholder.php -->\n<div class=\"da-reactions-outer TpostID1616\">\n\t    <div class=\"da-reactions-data da-reactions-container-async center\"\n         data-type=\"post\"\n         data-id=\"1616\"\n         id=\"da-reactions-slot-post-1616\">\n        <div class=\"da-reactions-static\">\n\t\t\t<img src=\"https:\/\/www.kariyer.net\/kariyer-rehberi\/wp-content\/plugins\/da-reactions\/assets\/dist\/loading.svg\" alt=\"Loading spinner\" width=\"48\" height=\"48\" style=\"width:48px\" \/>\n        <\/div>\n    <\/div>\n<\/div>\n","protected":false},"excerpt":{"rendered":"<p>D\u00fcnya Duvarlar\u0131, Brooklyn K\u00f6pr\u00fcs\u00fc ve Duvar Hal\u0131lar\u0131 gibi projelere imza atan ressam Burhan Do\u011fan\u00e7ay, eserlerini kendi a\u00e7t\u0131\u011f\u0131 Do\u011fan\u00e7ay M\u00fczesi&#8217;nde sergiliyor. \u00c7ocuklara y\u00f6nelik resim yar\u0131\u015fmalar\u0131 d\u00fczenleyen sanat\u00e7\u0131 k\u00fclt\u00fcrl\u00fc bir nesil arzuluyor. T\u00fcrkiye&#8217;nin en tan\u0131nm\u0131\u015f ressamlar\u0131ndan Burhan Do\u011fan\u00e7ay, y\u0131llarca Paris ve New York&#8217;ta ya\u015fad\u0131ktan sonra ge\u00e7ti\u011fimiz y\u0131llarda T\u00fcrkiye&#8217;ye d\u00f6nerek Do\u011fan\u00e7ay M\u00fczesi&#8217;ni a\u00e7t\u0131. T\u00fcrk resim sanat\u0131n\u0131n \u00e7ok k\u0131sa [&hellip;]<\/p>\n<!-- templates\/buttons-placeholder.php -->\n<div class=\"da-reactions-outer TpostID1616\">\n\t    <div class=\"da-reactions-data da-reactions-container-async center\"\n         data-type=\"post\"\n         data-id=\"1616\"\n         id=\"da-reactions-slot-post-1616\">\n        <div class=\"da-reactions-static\">\n\t\t\t<img src=\"https:\/\/www.kariyer.net\/kariyer-rehberi\/wp-content\/plugins\/da-reactions\/assets\/dist\/loading.svg\" alt=\"Loading spinner\" width=\"48\" height=\"48\" style=\"width:48px\" \/>\n        <\/div>\n    <\/div>\n<\/div>\n","protected":false},"author":8,"featured_media":0,"comment_status":"open","ping_status":"open","sticky":false,"template":"","format":"standard","meta":{"footnotes":"","_elementor_edit_mode":"","_elementor_template_type":"","_elementor_data":"","_elementor_page_settings":null,"_elementor_conditions":[]},"categories":[2211],"tags":[],"class_list":{"0":"post-1616","1":"post","2":"type-post","3":"status-publish","4":"format-standard","6":"category-kariyer-gelisimi"},"yoast_head":"<!-- This site is optimized with the Yoast SEO Premium plugin v21.4 (Yoast SEO v27.0) - https:\/\/yoast.com\/product\/yoast-seo-premium-wordpress\/ -->\n<title>Ressam &#039;Burhan Do\u011fan\u00e7ay&#039; | Kariyer Rehberi<\/title>\n<meta name=\"description\" content=\"D\u00fcnya Duvarlar\u0131, Brooklyn K\u00f6pr\u00fcs\u00fc ve Duvar Hal\u0131lar\u0131 gibi projelere imza atan ressam Burhan Do\u011fan\u00e7ay, eserlerini kendi a\u00e7t\u0131\u011f\u0131 Do\u011fan\u00e7ay M\u00fczesi&#039;nde\" \/>\n<meta name=\"robots\" content=\"index, follow, max-snippet:-1, max-image-preview:large, max-video-preview:-1\" \/>\n<link rel=\"canonical\" href=\"https:\/\/www.kariyer.net\/kariyer-rehberi\/ressam-burhan-dogancay\/\" \/>\n<meta property=\"og:locale\" content=\"tr_TR\" \/>\n<meta property=\"og:type\" content=\"article\" \/>\n<meta property=\"og:title\" content=\"Ressam &#039;Burhan Do\u011fan\u00e7ay&#039;\" \/>\n<meta property=\"og:description\" content=\"D\u00fcnya Duvarlar\u0131, Brooklyn K\u00f6pr\u00fcs\u00fc ve Duvar Hal\u0131lar\u0131 gibi projelere imza atan ressam Burhan Do\u011fan\u00e7ay, eserlerini kendi a\u00e7t\u0131\u011f\u0131 Do\u011fan\u00e7ay M\u00fczesi&#039;nde\" \/>\n<meta property=\"og:url\" content=\"https:\/\/www.kariyer.net\/kariyer-rehberi\/ressam-burhan-dogancay\/\" \/>\n<meta property=\"og:site_name\" content=\"Kariyer Rehberi\" \/>\n<meta property=\"article:published_time\" content=\"2007-11-09T00:00:00+00:00\" \/>\n<meta property=\"article:modified_time\" content=\"2024-07-03T13:02:19+00:00\" \/>\n<meta property=\"og:image\" content=\"http:\/\/web4.kariyer.net\/UploadFiles\/tempPhoto\/kariyerRehberi\/image\/mak373b.jpg\" \/>\n<meta name=\"author\" content=\"Kariyer.net\" \/>\n<meta name=\"twitter:card\" content=\"summary_large_image\" \/>\n<meta name=\"twitter:label1\" content=\"Yazan:\" \/>\n\t<meta name=\"twitter:data1\" content=\"Kariyer.net\" \/>\n\t<meta name=\"twitter:label2\" content=\"Tahmini okuma s\u00fcresi\" \/>\n\t<meta name=\"twitter:data2\" content=\"10 dakika\" \/>\n<!-- \/ Yoast SEO Premium plugin. -->","yoast_head_json":{"title":"Ressam 'Burhan Do\u011fan\u00e7ay' | Kariyer Rehberi","description":"D\u00fcnya Duvarlar\u0131, Brooklyn K\u00f6pr\u00fcs\u00fc ve Duvar Hal\u0131lar\u0131 gibi projelere imza atan ressam Burhan Do\u011fan\u00e7ay, eserlerini kendi a\u00e7t\u0131\u011f\u0131 Do\u011fan\u00e7ay M\u00fczesi'nde","robots":{"index":"index","follow":"follow","max-snippet":"max-snippet:-1","max-image-preview":"max-image-preview:large","max-video-preview":"max-video-preview:-1"},"canonical":"https:\/\/www.kariyer.net\/kariyer-rehberi\/ressam-burhan-dogancay\/","og_locale":"tr_TR","og_type":"article","og_title":"Ressam 'Burhan Do\u011fan\u00e7ay'","og_description":"D\u00fcnya Duvarlar\u0131, Brooklyn K\u00f6pr\u00fcs\u00fc ve Duvar Hal\u0131lar\u0131 gibi projelere imza atan ressam Burhan Do\u011fan\u00e7ay, eserlerini kendi a\u00e7t\u0131\u011f\u0131 Do\u011fan\u00e7ay M\u00fczesi'nde","og_url":"https:\/\/www.kariyer.net\/kariyer-rehberi\/ressam-burhan-dogancay\/","og_site_name":"Kariyer Rehberi","article_published_time":"2007-11-09T00:00:00+00:00","article_modified_time":"2024-07-03T13:02:19+00:00","og_image":[{"url":"http:\/\/web4.kariyer.net\/UploadFiles\/tempPhoto\/kariyerRehberi\/image\/mak373b.jpg","type":"","width":"","height":""}],"author":"Kariyer.net","twitter_card":"summary_large_image","twitter_misc":{"Yazan:":"Kariyer.net","Tahmini okuma s\u00fcresi":"10 dakika"},"schema":{"@context":"https:\/\/schema.org","@graph":[{"@type":"Article","@id":"https:\/\/www.kariyer.net\/kariyer-rehberi\/ressam-burhan-dogancay\/#article","isPartOf":{"@id":"https:\/\/www.kariyer.net\/kariyer-rehberi\/ressam-burhan-dogancay\/"},"author":{"name":"Kariyer.net","@id":"https:\/\/www.kariyer.net\/kariyer-rehberi\/#\/schema\/person\/eb36201afd42c03bc83b82060447b2c9"},"headline":"Ressam &#8216;Burhan Do\u011fan\u00e7ay&#8217;","datePublished":"2007-11-09T00:00:00+00:00","dateModified":"2024-07-03T13:02:19+00:00","mainEntityOfPage":{"@id":"https:\/\/www.kariyer.net\/kariyer-rehberi\/ressam-burhan-dogancay\/"},"wordCount":2077,"commentCount":0,"publisher":{"@id":"https:\/\/www.kariyer.net\/kariyer-rehberi\/#organization"},"image":{"@id":"https:\/\/www.kariyer.net\/kariyer-rehberi\/ressam-burhan-dogancay\/#primaryimage"},"thumbnailUrl":"http:\/\/web4.kariyer.net\/UploadFiles\/tempPhoto\/kariyerRehberi\/image\/mak373b.jpg","articleSection":["Kariyer Geli\u015fimi"],"inLanguage":"tr","potentialAction":[{"@type":"CommentAction","name":"Comment","target":["https:\/\/www.kariyer.net\/kariyer-rehberi\/ressam-burhan-dogancay\/#respond"]}]},{"@type":"WebPage","@id":"https:\/\/www.kariyer.net\/kariyer-rehberi\/ressam-burhan-dogancay\/","url":"https:\/\/www.kariyer.net\/kariyer-rehberi\/ressam-burhan-dogancay\/","name":"Ressam 'Burhan Do\u011fan\u00e7ay' | Kariyer Rehberi","isPartOf":{"@id":"https:\/\/www.kariyer.net\/kariyer-rehberi\/#website"},"primaryImageOfPage":{"@id":"https:\/\/www.kariyer.net\/kariyer-rehberi\/ressam-burhan-dogancay\/#primaryimage"},"image":{"@id":"https:\/\/www.kariyer.net\/kariyer-rehberi\/ressam-burhan-dogancay\/#primaryimage"},"thumbnailUrl":"http:\/\/web4.kariyer.net\/UploadFiles\/tempPhoto\/kariyerRehberi\/image\/mak373b.jpg","datePublished":"2007-11-09T00:00:00+00:00","dateModified":"2024-07-03T13:02:19+00:00","description":"D\u00fcnya Duvarlar\u0131, Brooklyn K\u00f6pr\u00fcs\u00fc ve Duvar Hal\u0131lar\u0131 gibi projelere imza atan ressam Burhan Do\u011fan\u00e7ay, eserlerini kendi a\u00e7t\u0131\u011f\u0131 Do\u011fan\u00e7ay M\u00fczesi'nde","breadcrumb":{"@id":"https:\/\/www.kariyer.net\/kariyer-rehberi\/ressam-burhan-dogancay\/#breadcrumb"},"inLanguage":"tr","potentialAction":[{"@type":"ReadAction","target":["https:\/\/www.kariyer.net\/kariyer-rehberi\/ressam-burhan-dogancay\/"]}]},{"@type":"ImageObject","inLanguage":"tr","@id":"https:\/\/www.kariyer.net\/kariyer-rehberi\/ressam-burhan-dogancay\/#primaryimage","url":"http:\/\/web4.kariyer.net\/UploadFiles\/tempPhoto\/kariyerRehberi\/image\/mak373b.jpg","contentUrl":"http:\/\/web4.kariyer.net\/UploadFiles\/tempPhoto\/kariyerRehberi\/image\/mak373b.jpg"},{"@type":"BreadcrumbList","@id":"https:\/\/www.kariyer.net\/kariyer-rehberi\/ressam-burhan-dogancay\/#breadcrumb","itemListElement":[{"@type":"ListItem","position":1,"name":"Anasayfa","item":"https:\/\/www.kariyer.net\/kariyer-rehberi\/"},{"@type":"ListItem","position":2,"name":"Ressam &#8216;Burhan Do\u011fan\u00e7ay&#8217;"}]},{"@type":"WebSite","@id":"https:\/\/www.kariyer.net\/kariyer-rehberi\/#website","url":"https:\/\/www.kariyer.net\/kariyer-rehberi\/","name":"Kariyer Rehberi","description":"\u0130\u015f D\u00fcnyas\u0131yla \u0130lgili Bilmek \u0130stedi\u011finiz Her \u015eey","publisher":{"@id":"https:\/\/www.kariyer.net\/kariyer-rehberi\/#organization"},"potentialAction":[{"@type":"SearchAction","target":{"@type":"EntryPoint","urlTemplate":"https:\/\/www.kariyer.net\/kariyer-rehberi\/?s={search_term_string}"},"query-input":{"@type":"PropertyValueSpecification","valueRequired":true,"valueName":"search_term_string"}}],"inLanguage":"tr"},{"@type":"Organization","@id":"https:\/\/www.kariyer.net\/kariyer-rehberi\/#organization","name":"Kariyer.net","url":"https:\/\/www.kariyer.net\/kariyer-rehberi\/","logo":{"@type":"ImageObject","inLanguage":"tr","@id":"https:\/\/www.kariyer.net\/kariyer-rehberi\/#\/schema\/logo\/image\/","url":"https:\/\/www.kariyer.net\/kariyer-rehberi-new\/wp-content\/uploads\/2023\/01\/og-image11.jpg","contentUrl":"https:\/\/www.kariyer.net\/kariyer-rehberi-new\/wp-content\/uploads\/2023\/01\/og-image11.jpg","width":800,"height":800,"caption":"Kariyer.net"},"image":{"@id":"https:\/\/www.kariyer.net\/kariyer-rehberi\/#\/schema\/logo\/image\/"}},{"@type":"Person","@id":"https:\/\/www.kariyer.net\/kariyer-rehberi\/#\/schema\/person\/eb36201afd42c03bc83b82060447b2c9","name":"Kariyer.net","image":{"@type":"ImageObject","inLanguage":"tr","@id":"https:\/\/www.kariyer.net\/kariyer-rehberi\/#\/schema\/person\/image\/","url":"https:\/\/secure.gravatar.com\/avatar\/ddce3ac68cb52fb2ae004bcee334e49ccc6361fefd68c5f6f4d2a86630c28b2e?s=96&d=mm&r=g","contentUrl":"https:\/\/secure.gravatar.com\/avatar\/ddce3ac68cb52fb2ae004bcee334e49ccc6361fefd68c5f6f4d2a86630c28b2e?s=96&d=mm&r=g","caption":"Kariyer.net"},"url":"https:\/\/www.kariyer.net\/kariyer-rehberi\/author\/kariyer-net\/"}]}},"_links":{"self":[{"href":"https:\/\/www.kariyer.net\/kariyer-rehberi\/wp-json\/wp\/v2\/posts\/1616","targetHints":{"allow":["GET"]}}],"collection":[{"href":"https:\/\/www.kariyer.net\/kariyer-rehberi\/wp-json\/wp\/v2\/posts"}],"about":[{"href":"https:\/\/www.kariyer.net\/kariyer-rehberi\/wp-json\/wp\/v2\/types\/post"}],"author":[{"embeddable":true,"href":"https:\/\/www.kariyer.net\/kariyer-rehberi\/wp-json\/wp\/v2\/users\/8"}],"replies":[{"embeddable":true,"href":"https:\/\/www.kariyer.net\/kariyer-rehberi\/wp-json\/wp\/v2\/comments?post=1616"}],"version-history":[{"count":1,"href":"https:\/\/www.kariyer.net\/kariyer-rehberi\/wp-json\/wp\/v2\/posts\/1616\/revisions"}],"predecessor-version":[{"id":20376,"href":"https:\/\/www.kariyer.net\/kariyer-rehberi\/wp-json\/wp\/v2\/posts\/1616\/revisions\/20376"}],"wp:attachment":[{"href":"https:\/\/www.kariyer.net\/kariyer-rehberi\/wp-json\/wp\/v2\/media?parent=1616"}],"wp:term":[{"taxonomy":"category","embeddable":true,"href":"https:\/\/www.kariyer.net\/kariyer-rehberi\/wp-json\/wp\/v2\/categories?post=1616"},{"taxonomy":"post_tag","embeddable":true,"href":"https:\/\/www.kariyer.net\/kariyer-rehberi\/wp-json\/wp\/v2\/tags?post=1616"}],"curies":[{"name":"wp","href":"https:\/\/api.w.org\/{rel}","templated":true}]}}