{"id":16173,"date":"2023-06-05T10:08:14","date_gmt":"2023-06-05T07:08:14","guid":{"rendered":"https:\/\/www.kariyer.net\/kariyer-rehberi\/?p=16173"},"modified":"2025-06-19T17:52:23","modified_gmt":"2025-06-19T14:52:23","slug":"istifa-nasil-geri-alinir","status":"publish","type":"post","link":"https:\/\/www.kariyer.net\/kariyer-rehberi\/istifa-nasil-geri-alinir\/","title":{"rendered":"\u0130stifa nas\u0131l geri al\u0131n\u0131r?"},"content":{"rendered":"<p><strong>\u0130stifa etmeye karar vermek genel olarak kolay bir durum de\u011fil. Bu a\u015famaya gelene kadar bir\u00e7ok olumsuz olay ya\u015fanm\u0131\u015f olabilir. Peki, istifa mektubunu \u015firkete ilettikten sonra bu karardan vazge\u00e7ilirse&#8230; O zaman ne yapmal\u0131?<\/strong><\/p>\n<p>Bazen ko\u015fullar istedi\u011fimiz gibi gitmez ve farkl\u0131 bir i\u015f bularak ya da yeni bir i\u015f bulmay\u0131 beklemeden istifa etme a\u015famas\u0131na gelebiliriz. Kesin bir karar verdi\u011fimizi sand\u0131\u011f\u0131m\u0131z baz\u0131 zamanlarda beklenmedik geli\u015fmeler olabilir ve karar\u0131m\u0131zdan d\u00f6nebiliriz. Peki \u00e7ark edip istifa mektubunu geri \u00e7ekmek istersek nas\u0131l bir yol izlemeliyiz? \u015eu \u00f6neriler bu noktada i\u015fine yarayabilir.<\/p>\n<h2><strong>\u00d6ncelikle y\u00f6neticinle konu\u015f<\/strong><\/h2>\n<p>\u0130stifan\u0131 verirken de verdikten sonra geri \u00e7ekmek istedi\u011finde de ilk olarak y\u00f6neticinle konu\u015fman\u0131 \u00f6neririz. Sen konuyu nas\u0131l a\u00e7aca\u011f\u0131m diye d\u00fc\u015f\u00fcn\u00fcrken, y\u00f6neticin kalmak istedi\u011fini \u00f6\u011frenmekten memnun olabilir. Bu nedenle \u015feffaf ol ve ilk olarak y\u00f6neticinle g\u00f6r\u00fc\u015f. Bu, sonraki ad\u0131mlar\u0131 daha kolay hale getirecektir.<\/p>\n<h2><strong>Yaz\u0131l\u0131 olarak beyan et<\/strong><\/h2>\n<p>Karar\u0131ndan eminsen, bunu yaz\u0131l\u0131 olarak da dile getirmelisin. Bu yaz\u0131, resmi bir dille yaz\u0131lmal\u0131. Bu nedenle i\u015f mektubu format\u0131n\u0131 kullan ve mesaj\u0131n\u0131n kibar, profesyonel oldu\u011fundan emin ol. Y\u00f6neticine g\u00f6ndermeden \u00f6nce hatas\u0131z oldu\u011fundan emin olmak i\u00e7in mektubunu g\u00f6zden ge\u00e7ir, gerekirse d\u00fczenle.<\/p>\n<p><strong>\u00d6rnek:<\/strong><\/p>\n<p><em>Say\u0131n x,<\/em><\/p>\n<p><em>x tarihli istifa mektubumu geri \u00e7ekme talebimi iletmek isterim. \u0130stifa talebinde bulundu\u011fum s\u00fcre\u00e7te, ay\u0131rd\u0131\u011f\u0131n\u0131z zaman i\u00e7in \u00e7ok te\u015fekk\u00fcr ederim. Kar\u015f\u0131l\u0131kl\u0131 konu\u015fmalar\u0131m\u0131z ald\u0131\u011f\u0131m yeni kararda belirleyici oldu.<\/em><\/p>\n<p><em>\u015eirketimizde x olarak g\u00f6revime devam etmekten memnuniyet duyaca\u011f\u0131m.<\/em><\/p>\n<p><em>Deste\u011finiz ve anlay\u0131\u015f\u0131n\u0131z i\u00e7in \u015fimdiden te\u015fekk\u00fcr ederim.<\/em><\/p>\n<p><em>Sayg\u0131lar\u0131mla,<\/em><\/p>\n<p><em>Ad Soyad<\/em><\/p>\n<p><em>\u0130mza<\/em><\/p>\n<p>\u0130stifan\u0131 geri \u00e7ekme talebini \u00f6rnekte payla\u015ft\u0131\u011f\u0131m\u0131z ifadelere benzer \u015fekilde iletebilirsin. Bunun sadece talebini ifade eden bir ara\u00e7 oldu\u011funu unutma ve reddedilme ihtimalini de g\u00f6z \u00f6n\u00fcnde bulundur.<\/p>\n<h2><strong>Her ihtimale haz\u0131rl\u0131kl\u0131 ol<\/strong><\/h2>\n<p>Daha \u00f6nce de s\u00f6yledi\u011fimiz gibi y\u00f6neticin kalmak istedi\u011fini duymaktan mutlu olabilir; ancak hay\u0131r cevab\u0131n\u0131 alman da m\u00fcmk\u00fcn. Bu nedenle olas\u0131 bir k\u00f6t\u00fc haberi duymaya haz\u0131rl\u0131kl\u0131 olmak i\u00e7in \u00f6zge\u00e7mi\u015fini g\u00fcncel tut ve yeni bir i\u015f aramak i\u00e7in planlar\u0131n\u0131 yap.<\/p>\n<p><strong>Kaynak:<\/strong> <a href=\"https:\/\/www.thebalancecareers.com\/how-to-withdraw-a-resignation-with-examples-5205661\" target=\"_blank\" rel=\"noopener\">The Balance Careers<\/a><\/p>\n<p>Yazara ait di\u011fer yaz\u0131lar\u0131 okumak i\u00e7in <strong><a href=\"https:\/\/www.kariyer.net\/kariyer-rehberi\/tag\/ozden-yilmaz\/\" target=\"_blank\" rel=\"noopener\">buraya<\/a><\/strong> t\u0131klayabilirsin.<\/p>\n<!-- templates\/buttons-placeholder.php -->\n<div class=\"da-reactions-outer TpostID16173\">\n\t    <div class=\"da-reactions-data da-reactions-container-async center\"\n         data-type=\"post\"\n         data-id=\"16173\"\n         id=\"da-reactions-slot-post-16173\">\n        <div class=\"da-reactions-static\">\n\t\t\t<img src=\"https:\/\/www.kariyer.net\/kariyer-rehberi\/wp-content\/plugins\/da-reactions\/assets\/dist\/loading.svg\" alt=\"Loading spinner\" width=\"48\" height=\"48\" style=\"width:48px\" \/>\n        <\/div>\n    <\/div>\n<\/div>\n","protected":false},"excerpt":{"rendered":"<p>\u0130stifa etmeye karar vermek genel olarak kolay bir durum de\u011fil. Bu a\u015famaya gelene kadar bir\u00e7ok olumsuz olay ya\u015fanm\u0131\u015f olabilir. Peki, istifa mektubunu \u015firkete ilettikten sonra bu karardan vazge\u00e7ilirse&#8230; O zaman ne yapmal\u0131? Bazen ko\u015fullar istedi\u011fimiz gibi gitmez ve farkl\u0131 bir i\u015f bularak ya da yeni bir i\u015f bulmay\u0131 beklemeden istifa etme a\u015famas\u0131na gelebiliriz. Kesin bir [&hellip;]<\/p>\n<!-- templates\/buttons-placeholder.php -->\n<div class=\"da-reactions-outer TpostID16173\">\n\t    <div class=\"da-reactions-data da-reactions-container-async center\"\n         data-type=\"post\"\n         data-id=\"16173\"\n         id=\"da-reactions-slot-post-16173\">\n        <div class=\"da-reactions-static\">\n\t\t\t<img src=\"https:\/\/www.kariyer.net\/kariyer-rehberi\/wp-content\/plugins\/da-reactions\/assets\/dist\/loading.svg\" alt=\"Loading spinner\" width=\"48\" height=\"48\" style=\"width:48px\" \/>\n        <\/div>\n    <\/div>\n<\/div>\n","protected":false},"author":29,"featured_media":14616,"comment_status":"closed","ping_status":"open","sticky":false,"template":"","format":"standard","meta":{"footnotes":"","_elementor_edit_mode":"","_elementor_template_type":"","_elementor_data":"","_elementor_page_settings":null,"_elementor_conditions":[]},"categories":[2214],"tags":[1000,1001,1935,1207,2225],"class_list":{"0":"post-16173","1":"post","2":"type-post","3":"status-publish","4":"format-standard","5":"has-post-thumbnail","7":"category-yasam","8":"tag-istifa","9":"tag-istifa-mektubu","10":"tag-istifa-nasil-geri-alinir","11":"tag-ozden-yilmaz","12":"tag-tum-kitle"},"yoast_head":"<!-- This site is optimized with the Yoast SEO Premium plugin v21.4 (Yoast SEO v27.0) - https:\/\/yoast.com\/product\/yoast-seo-premium-wordpress\/ -->\n<title>\u0130stifa nas\u0131l geri al\u0131n\u0131r?<\/title>\n<meta name=\"description\" content=\"\u0130stifa a\u015famas\u0131na gelene kadar bir\u00e7ok olumsuz olay ya\u015fanm\u0131\u015f olabilir. Peki, istifa mektubu \u015firkete iletildikten sonra geri \u00e7ekilir mi?\" \/>\n<meta name=\"robots\" content=\"index, follow, max-snippet:-1, max-image-preview:large, max-video-preview:-1\" \/>\n<link rel=\"canonical\" href=\"https:\/\/www.kariyer.net\/kariyer-rehberi\/istifa-nasil-geri-alinir\/\" \/>\n<meta property=\"og:locale\" content=\"tr_TR\" \/>\n<meta property=\"og:type\" content=\"article\" \/>\n<meta property=\"og:title\" content=\"\u0130stifa nas\u0131l geri al\u0131n\u0131r?\" \/>\n<meta property=\"og:description\" content=\"\u0130stifa etmeye karar vermek genel olarak kolay bir durum de\u011fil. Bu a\u015famaya gelene kadar bir\u00e7ok olumsuz olay ya\u015fanm\u0131\u015f olabilir. Peki, istifa mektubunu\" \/>\n<meta property=\"og:url\" content=\"https:\/\/www.kariyer.net\/kariyer-rehberi\/istifa-nasil-geri-alinir\/\" \/>\n<meta property=\"og:site_name\" content=\"Kariyer Rehberi\" \/>\n<meta property=\"article:published_time\" content=\"2023-06-05T07:08:14+00:00\" \/>\n<meta property=\"article:modified_time\" content=\"2025-06-19T14:52:23+00:00\" \/>\n<meta property=\"og:image\" content=\"https:\/\/www.kariyer.net\/kariyer-rehberi\/wp-content\/uploads\/2021\/03\/BASARISIZLIK.jpg\" \/>\n\t<meta property=\"og:image:width\" content=\"900\" \/>\n\t<meta property=\"og:image:height\" content=\"600\" \/>\n\t<meta property=\"og:image:type\" content=\"image\/jpeg\" \/>\n<meta name=\"author\" content=\"\u00d6zden Y\u0131lmaz\" \/>\n<meta name=\"twitter:card\" content=\"summary_large_image\" \/>\n<meta name=\"twitter:label1\" content=\"Yazan:\" \/>\n\t<meta name=\"twitter:data1\" content=\"\u00d6zden Y\u0131lmaz\" \/>\n\t<meta name=\"twitter:label2\" content=\"Tahmini okuma s\u00fcresi\" \/>\n\t<meta name=\"twitter:data2\" content=\"2 dakika\" \/>\n<!-- \/ Yoast SEO Premium plugin. -->","yoast_head_json":{"title":"\u0130stifa nas\u0131l geri al\u0131n\u0131r?","description":"\u0130stifa a\u015famas\u0131na gelene kadar bir\u00e7ok olumsuz olay ya\u015fanm\u0131\u015f olabilir. Peki, istifa mektubu \u015firkete iletildikten sonra geri \u00e7ekilir mi?","robots":{"index":"index","follow":"follow","max-snippet":"max-snippet:-1","max-image-preview":"max-image-preview:large","max-video-preview":"max-video-preview:-1"},"canonical":"https:\/\/www.kariyer.net\/kariyer-rehberi\/istifa-nasil-geri-alinir\/","og_locale":"tr_TR","og_type":"article","og_title":"\u0130stifa nas\u0131l geri al\u0131n\u0131r?","og_description":"\u0130stifa etmeye karar vermek genel olarak kolay bir durum de\u011fil. Bu a\u015famaya gelene kadar bir\u00e7ok olumsuz olay ya\u015fanm\u0131\u015f olabilir. Peki, istifa mektubunu","og_url":"https:\/\/www.kariyer.net\/kariyer-rehberi\/istifa-nasil-geri-alinir\/","og_site_name":"Kariyer Rehberi","article_published_time":"2023-06-05T07:08:14+00:00","article_modified_time":"2025-06-19T14:52:23+00:00","og_image":[{"width":900,"height":600,"url":"https:\/\/www.kariyer.net\/kariyer-rehberi\/wp-content\/uploads\/2021\/03\/BASARISIZLIK.jpg","type":"image\/jpeg"}],"author":"\u00d6zden Y\u0131lmaz","twitter_card":"summary_large_image","twitter_misc":{"Yazan:":"\u00d6zden Y\u0131lmaz","Tahmini okuma s\u00fcresi":"2 dakika"},"schema":{"@context":"https:\/\/schema.org","@graph":[{"@type":"Article","@id":"https:\/\/www.kariyer.net\/kariyer-rehberi\/istifa-nasil-geri-alinir\/#article","isPartOf":{"@id":"https:\/\/www.kariyer.net\/kariyer-rehberi\/istifa-nasil-geri-alinir\/"},"author":{"name":"\u00d6zden Y\u0131lmaz","@id":"https:\/\/www.kariyer.net\/kariyer-rehberi\/#\/schema\/person\/71c4f71ffd069a4c47a69e85a0e09215"},"headline":"\u0130stifa nas\u0131l geri al\u0131n\u0131r?","datePublished":"2023-06-05T07:08:14+00:00","dateModified":"2025-06-19T14:52:23+00:00","mainEntityOfPage":{"@id":"https:\/\/www.kariyer.net\/kariyer-rehberi\/istifa-nasil-geri-alinir\/"},"wordCount":411,"publisher":{"@id":"https:\/\/www.kariyer.net\/kariyer-rehberi\/#organization"},"image":{"@id":"https:\/\/www.kariyer.net\/kariyer-rehberi\/istifa-nasil-geri-alinir\/#primaryimage"},"thumbnailUrl":"https:\/\/www.kariyer.net\/kariyer-rehberi\/wp-content\/uploads\/2021\/03\/BASARISIZLIK.jpg","keywords":["istifa","istifa mektubu","istifa nas\u0131l geri al\u0131n\u0131r","\u00d6zden Y\u0131lmaz","T\u00fcm kitle"],"articleSection":["Ya\u015fam"],"inLanguage":"tr"},{"@type":"WebPage","@id":"https:\/\/www.kariyer.net\/kariyer-rehberi\/istifa-nasil-geri-alinir\/","url":"https:\/\/www.kariyer.net\/kariyer-rehberi\/istifa-nasil-geri-alinir\/","name":"\u0130stifa nas\u0131l geri al\u0131n\u0131r?","isPartOf":{"@id":"https:\/\/www.kariyer.net\/kariyer-rehberi\/#website"},"primaryImageOfPage":{"@id":"https:\/\/www.kariyer.net\/kariyer-rehberi\/istifa-nasil-geri-alinir\/#primaryimage"},"image":{"@id":"https:\/\/www.kariyer.net\/kariyer-rehberi\/istifa-nasil-geri-alinir\/#primaryimage"},"thumbnailUrl":"https:\/\/www.kariyer.net\/kariyer-rehberi\/wp-content\/uploads\/2021\/03\/BASARISIZLIK.jpg","datePublished":"2023-06-05T07:08:14+00:00","dateModified":"2025-06-19T14:52:23+00:00","description":"\u0130stifa a\u015famas\u0131na gelene kadar bir\u00e7ok olumsuz olay ya\u015fanm\u0131\u015f olabilir. Peki, istifa mektubu \u015firkete iletildikten sonra geri \u00e7ekilir mi?","breadcrumb":{"@id":"https:\/\/www.kariyer.net\/kariyer-rehberi\/istifa-nasil-geri-alinir\/#breadcrumb"},"inLanguage":"tr","potentialAction":[{"@type":"ReadAction","target":["https:\/\/www.kariyer.net\/kariyer-rehberi\/istifa-nasil-geri-alinir\/"]}]},{"@type":"ImageObject","inLanguage":"tr","@id":"https:\/\/www.kariyer.net\/kariyer-rehberi\/istifa-nasil-geri-alinir\/#primaryimage","url":"https:\/\/www.kariyer.net\/kariyer-rehberi\/wp-content\/uploads\/2021\/03\/BASARISIZLIK.jpg","contentUrl":"https:\/\/www.kariyer.net\/kariyer-rehberi\/wp-content\/uploads\/2021\/03\/BASARISIZLIK.jpg","width":900,"height":600},{"@type":"BreadcrumbList","@id":"https:\/\/www.kariyer.net\/kariyer-rehberi\/istifa-nasil-geri-alinir\/#breadcrumb","itemListElement":[{"@type":"ListItem","position":1,"name":"Anasayfa","item":"https:\/\/www.kariyer.net\/kariyer-rehberi\/"},{"@type":"ListItem","position":2,"name":"\u0130stifa nas\u0131l geri al\u0131n\u0131r?"}]},{"@type":"WebSite","@id":"https:\/\/www.kariyer.net\/kariyer-rehberi\/#website","url":"https:\/\/www.kariyer.net\/kariyer-rehberi\/","name":"Kariyer Rehberi","description":"\u0130\u015f D\u00fcnyas\u0131yla \u0130lgili Bilmek \u0130stedi\u011finiz Her \u015eey","publisher":{"@id":"https:\/\/www.kariyer.net\/kariyer-rehberi\/#organization"},"potentialAction":[{"@type":"SearchAction","target":{"@type":"EntryPoint","urlTemplate":"https:\/\/www.kariyer.net\/kariyer-rehberi\/?s={search_term_string}"},"query-input":{"@type":"PropertyValueSpecification","valueRequired":true,"valueName":"search_term_string"}}],"inLanguage":"tr"},{"@type":"Organization","@id":"https:\/\/www.kariyer.net\/kariyer-rehberi\/#organization","name":"Kariyer.net","url":"https:\/\/www.kariyer.net\/kariyer-rehberi\/","logo":{"@type":"ImageObject","inLanguage":"tr","@id":"https:\/\/www.kariyer.net\/kariyer-rehberi\/#\/schema\/logo\/image\/","url":"https:\/\/www.kariyer.net\/kariyer-rehberi-new\/wp-content\/uploads\/2023\/01\/og-image11.jpg","contentUrl":"https:\/\/www.kariyer.net\/kariyer-rehberi-new\/wp-content\/uploads\/2023\/01\/og-image11.jpg","width":800,"height":800,"caption":"Kariyer.net"},"image":{"@id":"https:\/\/www.kariyer.net\/kariyer-rehberi\/#\/schema\/logo\/image\/"}},{"@type":"Person","@id":"https:\/\/www.kariyer.net\/kariyer-rehberi\/#\/schema\/person\/71c4f71ffd069a4c47a69e85a0e09215","name":"\u00d6zden Y\u0131lmaz","image":{"@type":"ImageObject","inLanguage":"tr","@id":"https:\/\/www.kariyer.net\/kariyer-rehberi\/#\/schema\/person\/image\/","url":"https:\/\/secure.gravatar.com\/avatar\/776750a3e7166486a1e43527c51a8f7088279a624700d0e81666f27a714cbbc2?s=96&d=mm&r=g","contentUrl":"https:\/\/secure.gravatar.com\/avatar\/776750a3e7166486a1e43527c51a8f7088279a624700d0e81666f27a714cbbc2?s=96&d=mm&r=g","caption":"\u00d6zden Y\u0131lmaz"},"description":"Kocaeli \u00dcniversitesi \u0130leti\u015fim Fak\u00fcltesi mezunu olan \u00d6zden, Bilgi \u00dcniversitesi\u2019nde \u0130nteraktif Pazarlama alan\u0131nda y\u00fcksek lisans yapm\u0131\u015ft\u0131r. Lisans \u00f6\u011freniminin ilk y\u0131llar\u0131nda TRT Haber\u2019de asistan muhabirlik yaparak meslek hayat\u0131na ba\u015flam\u0131\u015ft\u0131r. Mezun olduktan sonra farkl\u0131 d\u00f6nemlerde TV8 Haber ve Cem TV\u2019de; yap\u0131mc\u0131, y\u00f6netmen ve edit\u00f6r olarak g\u00f6rev alm\u0131\u015ft\u0131r. Dijital d\u00fcnyadaki geli\u015fmelerle birlikte editoryal deneyimini online platformlara ta\u015f\u0131m\u0131\u015f, Markafoni\u2019de ve Mudo\u2019da i\u00e7erik edit\u00f6rl\u00fc\u011f\u00fc yapm\u0131\u015ft\u0131r. Kurumsal markalar i\u00e7in freelance SEO edit\u00f6rl\u00fc\u011f\u00fc de yapan \u00d6zden, 2018 y\u0131l\u0131 itibar\u0131yla kariyerine, Kariyer.net i\u00e7erik edit\u00f6r\u00fc olarak devam etmekte ve online\/offline i\u00e7erik \u00fcretmektedir.","url":"https:\/\/www.kariyer.net\/kariyer-rehberi\/author\/ozdenyilmaz\/"}]}},"_links":{"self":[{"href":"https:\/\/www.kariyer.net\/kariyer-rehberi\/wp-json\/wp\/v2\/posts\/16173","targetHints":{"allow":["GET"]}}],"collection":[{"href":"https:\/\/www.kariyer.net\/kariyer-rehberi\/wp-json\/wp\/v2\/posts"}],"about":[{"href":"https:\/\/www.kariyer.net\/kariyer-rehberi\/wp-json\/wp\/v2\/types\/post"}],"author":[{"embeddable":true,"href":"https:\/\/www.kariyer.net\/kariyer-rehberi\/wp-json\/wp\/v2\/users\/29"}],"replies":[{"embeddable":true,"href":"https:\/\/www.kariyer.net\/kariyer-rehberi\/wp-json\/wp\/v2\/comments?post=16173"}],"version-history":[{"count":1,"href":"https:\/\/www.kariyer.net\/kariyer-rehberi\/wp-json\/wp\/v2\/posts\/16173\/revisions"}],"predecessor-version":[{"id":20537,"href":"https:\/\/www.kariyer.net\/kariyer-rehberi\/wp-json\/wp\/v2\/posts\/16173\/revisions\/20537"}],"wp:featuredmedia":[{"embeddable":true,"href":"https:\/\/www.kariyer.net\/kariyer-rehberi\/wp-json\/wp\/v2\/media\/14616"}],"wp:attachment":[{"href":"https:\/\/www.kariyer.net\/kariyer-rehberi\/wp-json\/wp\/v2\/media?parent=16173"}],"wp:term":[{"taxonomy":"category","embeddable":true,"href":"https:\/\/www.kariyer.net\/kariyer-rehberi\/wp-json\/wp\/v2\/categories?post=16173"},{"taxonomy":"post_tag","embeddable":true,"href":"https:\/\/www.kariyer.net\/kariyer-rehberi\/wp-json\/wp\/v2\/tags?post=16173"}],"curies":[{"name":"wp","href":"https:\/\/api.w.org\/{rel}","templated":true}]}}