{"id":1641,"date":"2007-12-01T02:00:00","date_gmt":"2007-12-01T00:00:00","guid":{"rendered":"http:\/\/92.45.35.169\/turk-sinemasinin-unutulmaz-ismi-filiz-akin\/"},"modified":"2024-07-03T15:05:49","modified_gmt":"2024-07-03T12:05:49","slug":"turk-sinemasinin-unutulmaz-ismi-filiz-akin","status":"publish","type":"post","link":"https:\/\/www.kariyer.net\/kariyer-rehberi\/turk-sinemasinin-unutulmaz-ismi-filiz-akin\/","title":{"rendered":"T\u00fcrk sinemas\u0131n\u0131n unutulmaz ismi &#8216;Filiz Ak\u0131n&#8217;"},"content":{"rendered":"<p><span style=\"font-size: 11px; font-family: Verdana, Arial, Helvetica, sans-serif\"><\/p>\n<p align=\"justify\"><img decoding=\"async\" height=\"208\" alt=\"\" hspace=\"10\" width=\"160\" align=\"left\" vspace=\"10\" src=\"http:\/\/web4.kariyer.net\/UploadFiles\/tempPhoto\/kariyerRehberi\/image\/mak442b.jpg\" \/>&ldquo;Hayat\u0131m\u0131 bir d\u00f6nem sinemas\u0131n\u0131n y\u0131ld\u0131z\u0131 olarak noktalamak ve \u00f6yle hat\u0131rlanmak isterim&rdquo; diyen Filiz Ak\u0131n, hayata bak\u0131\u015f\u0131n\u0131, destek verdi\u011fi projeleri ve oyunculukla ilgili d\u00fc\u015f\u00fcncelerini anlatt\u0131.<\/p>\n<p align=\"justify\">Liseyi Ankara Koleji&rsquo;nde okuyan Filiz Ak\u0131n, Orta Do\u011fu Teknik \u00dcniversitesi&rsquo;nde Mimarl\u0131k okumay\u0131 isterken, annesinin kaza ge\u00e7irmesiyle \u00e7al\u0131\u015fmak zorunda kalm\u0131\u015f. Bir havayolu \u015firketinde \u00e7al\u0131\u015fmaya ba\u015flayan Ak\u0131n, bir arkada\u015f\u0131n\u0131n annesinin iste\u011fiyle Artist Dergisi&rsquo;nin a\u00e7t\u0131\u011f\u0131 yar\u0131\u015fmaya girmi\u015f. Yar\u0131\u015fmay\u0131 kazanan Ak\u0131n, Memduh \u00dcn&rsquo;\u00fcn \u00e7abas\u0131yla ilk filmini \u00e7ekmeye ikna olmu\u015f ve sinema ser\u00fcveni b\u00f6yle ba\u015flam\u0131\u015f. Toplam 116 film \u00e7eken sanat\u00e7\u0131, daha sonralar\u0131 sinemaya olan ilginin azalmas\u0131 ve yeni bir ak\u0131m\u0131n ba\u015flamas\u0131yla sinemay\u0131 b\u0131rakm\u0131\u015f. &ldquo;O d\u00f6nemdeki gibi ak\u0131lda kalmay\u0131 tercih ediyorum ve teklifleri kabul etmiyorum&rdquo; diyen Filiz Ak\u0131n, yendi\u011fi kanser hastal\u0131\u011f\u0131ndan sonra hayattaki ayr\u0131nt\u0131lar\u0131 daha iyi g\u00f6rebildi\u011fini s\u00f6yl\u00fcyor &ldquo;Tedaviden dolay\u0131 s\u0131k\u0131nt\u0131lar\u0131m devam etmesine ra\u011fmen en \u00f6nemlisi, hayat\u0131n renklerini, \u00e7i\u00e7eklerini, g\u00fcl\u00fcmseyi\u015fleri, g\u00fczel bir bak\u0131\u015f\u0131, bir elin \u015fefkatle dokunu\u015funu hissetmek, g\u00f6rmek, payla\u015fmak.&rdquo; 2 kitap yazan ve k\u00f6\u015fe yazarl\u0131\u011f\u0131 yapan sanat\u00e7\u0131, kanserle m\u00fccadele ve \u015fimdilerde i\u015fitme engelli \u00e7ocuklar i\u00e7in destek verdi\u011fi sosyal sorumluluk projeleriyle u\u011fra\u015f\u0131yor.<\/p>\n<p align=\"justify\"><strong>Okulu b\u0131rak\u0131pArtistdergisinin a\u00e7t\u0131\u011f\u0131 yar\u0131\u015fmaya kat\u0131lmaya nas\u0131l karar verdiniz?<\/strong><br \/>Hukuk\u00e7u babamla annem ben yedi bu\u00e7uk ya\u015f\u0131ndayken ayr\u0131ld\u0131lar, ilkokul \u00fc\u00e7\u00fcnc\u00fc s\u0131n\u0131fa gidiyordum. Ankara Koleji&rsquo;nin lise b\u00f6l\u00fcm\u00fcn\u00fc bitirdikten sonra ise Ortado\u011fu \u00dcniversitesi&rsquo;nin mimarl\u0131k b\u00f6l\u00fcm\u00fcne girmek istiyordum. Ne yazik ki annem merdivenden d\u00fc\u015f\u00fcp belini incitince, diki\u015f dikmesi m\u00fcmk\u00fcn olmad\u0131\u011f\u0131 i\u00e7in bir havayolu \u015firketine girip \u00e7al\u0131\u015fmaya ba\u015flad\u0131m. Oradayken arkada\u015f\u0131m Oya San&rsquo;\u0131n annesi &ldquo;Artist&rdquo; dergisindeki yar\u0131\u015fmaya girmemizi istiyordu. Bense Dil Tarih ve Co\u011frafya Fak\u00fcltesi&rsquo;nin devam mecburiyeti olmayan arkeoloji b\u00f6l\u00fcm\u00fc \u00f6\u011frencisiydim. \u0130lk seneyi; (Sanat Tarihi&rsquo;ni) seminerle ge\u00e7mi\u015ftim. Yar\u0131\u015fmay\u0131 kazan\u0131rsam i\u015fi b\u0131rak\u0131p kazand\u0131\u011f\u0131m parayla Ortado\u011fu Mimarl\u0131k b\u00f6l\u00fcm\u00fcne devam ederim diye hayal ediyordum. Evet kazand\u0131m ama sinemaya yeni bir y\u00fcz kazand\u0131rmak amac\u0131yla yap\u0131lan bu \u00f6d\u00fcl\u00fc, ancak G\u00f6ksel Arsoy&rsquo;a partner olmak \u015fart\u0131yla &ldquo;Akasyalar A\u00e7arken&rdquo; filminde oynarsam vereceklerini s\u00f6ylediler. Ben de vazge\u00e7tim. \u0130stanbul&rsquo;dan Ankara&rsquo;ya dergi y\u00f6netiminden, filmcilerden gelenler oldu ikna olmad\u0131m. Fakat koskoca Memduh \u00dcn kalkt\u0131 geldi, ona hay\u0131r diyemedim. \u0130\u015fi ve \u00fcniversiteyi b\u0131rak\u0131p annemle birlikte \u0130stanbul&rsquo;a geldik. Birka\u00e7 film setine g\u00f6t\u00fcr\u00fcp \u00e7al\u0131\u015fma \u015fartlar\u0131n\u0131 g\u00f6sterdiler. Ye\u015fil\u00e7am denilen yerde yaln\u0131z film \u015firketleri vard\u0131. Herkesin&nbsp; Ye\u015fil\u00e7am&rsquo;da oturmad\u0131\u011f\u0131n\u0131 ve onlara belirli bir hayat tarz\u0131 dayat\u0131lmad\u0131\u011f\u0131n\u0131 g\u00f6rmek beni rahatlatm\u0131\u015ft\u0131. Derginin y\u00f6neticileri \u00e7ok babacan davran\u0131p her\u015feye yard\u0131mc\u0131 oldular. Onlara ve Memduh \u00dcn&rsquo;e g\u00fcven duymam bu i\u015fe ba\u015flamama sebep oldu.<\/p>\n<p align=\"justify\"><strong>Oyunculuk sizin i\u00e7in ne ifade ediyor? Mesle\u011finizle ilgili en \u00e7ok sevdi\u011finiz \u015fey nedir?<\/strong><br \/>Oyunculuk kamera d\u0131\u015f\u0131nda da devam eden bir ruh hali ve ya\u015fam bi\u00e7imi. Mesle\u011fin hele bizim d\u00f6nemimizde \u00e7ok zorluklar\u0131 vard\u0131. Kar, k\u0131\u015f, so\u011fuk demeden, uyku uyumadan haftasonu, bayram, y\u0131lba\u015f\u0131 olmadan \u00e7al\u0131\u015f\u0131rd\u0131k. Mesela bir \u015fubat ak\u015fam\u0131 zengin ve \u015f\u0131mar\u0131k k\u0131z olarak A\u011fustos ay\u0131nda verilen bir yaz partisinde ask\u0131l\u0131 bir elbiseyle havuza atma sahnesi vard\u0131. Havuzdaki buzlar her taraf\u0131ma b\u0131\u00e7ak gibi saplan\u0131p yaralad\u0131. Yaz s\u0131ca\u011f\u0131nda olmas\u0131 gereken sahnede, konu\u015furken a\u011fz\u0131m\u0131zdan dumanlar \u00e7\u0131kmas\u0131 \u00e7ok komikti. Ama mesle\u011fimizle ilgili olarak g\u00fczel olan, her g\u00fcn de\u011fi\u015fik bir yer, de\u011fi\u015fik ki\u015filik, zorlu\u011funa ra\u011fmen hi\u00e7 monoton olmayan bir ser\u00fcvendi.<\/p>\n<p align=\"justify\"><strong>Ba\u015fka bir meslek yapmay\u0131 hi\u00e7 d\u00fc\u015f\u00fcnmediniz mi?<\/strong><br \/>Ba\u015fka bir i\u015f de yapsam gene g\u00fczel sanatlarla ilgili olsun isterdim. Okulda resimlerim ve kompozisyonlar\u0131mla \u00e7e\u015fitli \u00f6d\u00fcller alm\u0131\u015ft\u0131m, bu beni fen derslerinden itfiharla ge\u00e7mekten daha mutlu etti her zaman.&nbsp;&nbsp;<\/p>\n<p align=\"justify\"><strong>Oynad\u0131\u011f\u0131n\u0131z filmler aras\u0131nda hangisi ya da hangileri sizde daha fazla iz b\u0131rakt\u0131?<\/strong><br \/>En fazla etkileyenleri Umutsuzlar, Ankara Ekspresi, Utan\u00e7, Reyhan ve \u00c7ingene K\u0131z\u0131 Yankesici Hacer serisi olarak sayabilirim.<\/p>\n<p align=\"justify\"><strong>Sinemay\u0131 neden b\u0131rakt\u0131n\u0131z?<\/strong> <br \/>\u00dclkemize televizyonun gelmesiyle Amerika&rsquo;da da oldu\u011fu gibi sinemaya ilgi azald\u0131. Hele T\u00fcrk Sinemas\u0131 tutkulu seyircisini kaybetti. Dallas ve Dynasty gibi dizilerdeki ihti\u015fam, \u00e7e\u015fitlilik, entrikan\u0131n, g\u00fczel insanlar, g\u00fczel evlerin b\u00fcy\u00fcs\u00fcne kap\u0131ld\u0131lar. \u0130kinci bir sebep de televizyon gibi pahal\u0131 bir oyunca\u011f\u0131 \u00f6demek i\u00e7in sinema masraflar\u0131n\u0131 kestiler ve evlerine kapand\u0131 aileler. Sokakta ise bekar erkekler kald\u0131. Sinema onlara y\u00f6nelik erotizm a\u011f\u0131rl\u0131kl\u0131 filmler yapmaya ba\u015flad\u0131 ya da konsere gitme \u00f6zlemini daha makul fiyatla kar\u015f\u0131layan ve \u00fcnl\u00fc \u015fark\u0131c\u0131larla filmler yap\u0131ld\u0131. Bu ak\u0131m ba\u015flar ba\u015flamaz galiba ilk b\u0131rakanlardan biri ben oldum. A\u015fk ili\u015fkisi gibi o beni b\u0131rakmadan ben onu b\u0131rakt\u0131\u011f\u0131m i\u00e7in \u00e7ok da rahat oldu.<\/p>\n<p align=\"justify\"><strong>Sinemaya tekrar d\u00f6nmek istemez misiniz?<\/strong>Bu bahsetti\u011fim d\u00f6nem atlat\u0131ld\u0131ktan sonra arkada\u015flar\u0131m tekrar ba\u015flad\u0131. Ben istemedim. Onlar\u0131 \u00e7ok takdir ediyorum ve hayranl\u0131kla izliyorum. Herkes gibi bana da teklif geliyor ama bir televizyon serisi hari\u00e7 on k\u00fcsur senedir film \u00e7evirmedi\u011fim halde toplam 116 film \u00e7evirmi\u015fim, bu b\u00fcy\u00fck bir tatmin. O d\u00f6nemdeki gibi ak\u0131lda kalmay\u0131 tercih ediyorum ve teklifleri kabul etmiyorum.<\/p>\n<p align=\"justify\"><em>&ldquo;HERKES G\u0130B\u0130 BANA DA TEKL\u0130F GEL\u0130YOR AMA B\u0130R TELEV\u0130ZYON SER\u0130S\u0130 HAR\u0130\u00c7 ON K\u00dcSUR SENED\u0130R F\u0130LM \u00c7EV\u0130RMED\u0130M. BUNA RA\u011eMEN TOPLAM 116 F\u0130LM \u00c7EV\u0130RM\u0130\u015e\u0130M, BU B\u00dcY\u00dcK B\u0130R TATM\u0130N.&rdquo;<\/em><\/p>\n<p align=\"justify\"><strong>T\u00fcrk sinemas\u0131n\u0131n \u015fimdiki durumu hakk\u0131nda ne d\u00fc\u015f\u00fcn\u00fcyorsunuz?<\/strong>T\u00fcrk Sinemas\u0131 \u00e7ok a\u015fama kaydetti. Hele &ldquo;Babam ve O\u011flum&rdquo; \u00e7ok ba\u015far\u0131l\u0131 uluslararas\u0131 bir film gibiydi. Fatih Ak\u0131n ve Ferzan \u00d6zpetek&rsquo;in ba\u015far\u0131lar\u0131 da bence T\u00fcrk Sinemas\u0131&rsquo;na yol g\u00f6sterdi ve ikili d\u00fcnya piyasas\u0131na do\u011fru iten bir g\u00fc\u00e7 oldu. Ne de olsa onlar da bizim k\u00fclt\u00fcr\u00fcm\u00fcz\u00fcn bir \u00fcr\u00fcn\u00fc. Bizimkilerin onu takip ederek daha ileriye gidece\u011finden eminim.<\/p>\n<p align=\"justify\"><strong>Sizce T\u00fcrk sinemas\u0131 ad\u0131n\u0131 d\u00fcnyada duyurmak i\u00e7in nas\u0131l bir geli\u015fim s\u00fcreci izlemeli?<\/strong><br \/>Yap\u0131mc\u0131lar, y\u00f6netmenler d\u00fcnya sinemas\u0131n\u0131 \u00e7ok iyi g\u00f6zlemliyorlar. Dil bilen, prod\u00fckt\u00f6r, oyuncu ve sinema adam\u0131m\u0131z oldu. \u0130leti\u015fim olmadan d\u00fcnya piyasas\u0131 a\u00e7\u0131lm\u0131yor. Mine Varg\u0131 \u00e7ok yak\u0131n arkada\u015f\u0131md\u0131r. Onlar\u0131n \u015eener \u015een ve Meltem Cumbul&rsquo;la Holywood&rsquo;da ya\u015fad\u0131klar\u0131n\u0131, ba\u015far\u0131l\u0131 temaslar\u0131n\u0131 \u00e7ok iyi biliyorum. K\u0131rm\u0131z\u0131 hal\u0131lar, kamera \u0131\u015f\u0131klar\u0131, \u015f\u0131k bir kalabal\u0131k&hellip; G\u00f6rkemli t\u00f6renlerde &ldquo;G\u00f6n\u00fcl Yaras\u0131&rdquo; gibi bir filmimiz \u00e7ok b\u00fcy\u00fck b\u00fct\u00e7eli, s\u00fcper prod\u00fcksiyonlarla birlikte yar\u0131\u015ft\u0131. Bu ne b\u00fcy\u00fck bir olayd\u0131r. Ben yeni T\u00fcrk Sinemas\u0131 ad\u0131na \u00e7ok heyecanlan\u0131yorum ve \u00e7ok gurur duyuyorum. Bu tecr\u00fcbeler kullan\u0131lmal\u0131. Sineman\u0131n ad\u0131n\u0131 duyurmak b\u00f6yle olur. Ke\u015fke ben de oynamasam da \u00fclkemizi hi\u00e7 farkettirmeden tan\u0131tan bir filmin yap\u0131lmas\u0131na arac\u0131l\u0131k eden bir \u00e7al\u0131\u015fmaya \u00f6nc\u00fcl\u00fck edebilsem bir g\u00fcn.<\/p>\n<p align=\"justify\"><strong>Sosyal sorumluluk projelerine verdi\u011finiz deste\u011fi biliyoruz. Starkey \u0130\u015fitme Vakf\u0131&rsquo;n\u0131n &#8216;D\u00fcnya \u0130\u015fitebilsin&#8217; projesinde de yer al\u0131yorsunuz. Bu projeyle nas\u0131l tan\u0131\u015ft\u0131n\u0131z?<\/strong><br \/>Antalya&rsquo;da kitap imzal\u0131yordum. M\u00fcge Karak\u0131l\u0131n\u00e7 (Starkey&rsquo;in m\u00fcd\u00fcr\u00fc) Sabah&rsquo;taki yaz\u0131lar\u0131mdan tedavi sonras\u0131 duyma sorunu ya\u015fad\u0131\u011f\u0131m\u0131 okuduklar\u0131n\u0131, bana en son teknolojiyle bir alet takmak istediklerini s\u00f6yledi. &ldquo;Annem 80&rsquo;i ge\u00e7ti ihtiyar derler diye takm\u0131yor. \u00c7\u0131nl\u0131yormu\u015f, rahats\u0131zm\u0131\u015f, istemem&rdquo; dedim. \u00c7al\u0131\u015fanlar melek gibi k\u0131zlar ama ellerinden kurtulmak imkans\u0131z. Ne yap\u0131p edip \u00e7al\u0131\u015f\u0131p takt\u0131lar. Hakikaten d\u00fcnya varm\u0131\u015f. Fakat boynumun kulaklar\u0131ma kadar olan k\u0131s\u0131m radyasyon ald\u0131\u011f\u0131 i\u00e7in herkesten daha kuru. Bir de duyma e\u015fi\u011fim bazen iyile\u015fip bazen k\u00f6t\u00fcle\u015febiliyor devaml\u0131 takam\u0131yorum. G\u00fcr\u00fclt\u00fcl\u00fc bir yerde hi\u00e7bir \u015fey anlamadan bak\u0131yordum. \u015eimdi takt\u0131\u011f\u0131mda hi\u00e7 sorunum olmuyor.<\/p>\n<p align=\"justify\"><strong>Bu projenin galas\u0131na gitmi\u015fsiniz&#8230;<\/strong><br \/>Birka\u00e7 ay evvel Starkey&rsquo;in Minneapolis \u015fehrindeki &ldquo;D\u00fcnya \u0130\u015fitebilsin&rdquo; sloganl\u0131 d\u00fcnya galas\u0131na davet ettiler. T\u00fcrkiye Starkey \u0130\u015fitme Vakf\u0131&rsquo;na bin \u00e7ocuk i\u00e7in bir kaynak yaratabilir diye benim i\u00e7in \u00e7ok zor ve uzun bir yolculuk oldu\u011fu halde e\u015fimle gittik. Gece ikibin ki\u015filik muhte\u015fem bir davetti. K\u0131rm\u0131z\u0131 hal\u0131lar, televizyon \u00e7ekimleri, \u015f\u0131k ve uzun tuvaletli, smokinli konuklar&hellip; \u00dcstelik geceyi her \u00fclkede tan\u0131nan, show d\u00fcnyas\u0131n\u0131n en \u00f6nemli isimlerinden Jay Leno y\u00f6netti. Masa kom\u015fular\u0131m\u0131zla g\u00fczel ve ne\u015feli sohbetler yap\u0131yorduk. Bize hi\u00e7bir\u015fey s\u00f6ylemediler ama yan\u0131mdaki han\u0131m (Ginette) 200 ve &ldquo;Best Buy&rdquo; \u0131n sahibi 200 toplam 400 bin dolarla T\u00fcrkiye&rsquo;deki \u0130\u015fitme Vakf\u0131&rsquo;na gecenin en b\u00fcy\u00fck ba\u011f\u0131\u015f\u0131 yap\u0131ld\u0131. Ben de bu kampanyaya destek vermekten mutluluk duyuyorum.<\/p>\n<p align=\"justify\"><strong>Umut Evi&rsquo;nin a\u00e7\u0131lmas\u0131n\u0131 sa\u011flayarak bir\u00e7ok hastaya tedavi olana\u011f\u0131 yaratt\u0131n\u0131z. Bu projenin ula\u015ft\u0131\u011f\u0131 nokta nedir?<\/strong><br \/>Biliyorsunuz kanser tedavisi \u00e7ok pahal\u0131 bir hastal\u0131k. Baz\u0131 imkan\u0131 olmayanlar\u0131n ila\u00e7 paras\u0131 olmad\u0131\u011f\u0131ndan veya bar\u0131nacak yer bulamad\u0131klar\u0131ndan tedavileri yap\u0131lam\u0131yor. Hep onlara d\u00f6n\u00fck bir kampanya yapmak istiyordum. Sevgili \u015e\u00fckran \u00c7elebi bu projeye dikkatimizi \u00e7ekti. Asl\u0131nda Prof. Say\u0131n Murat Din\u00e7el&rsquo;in haz\u0131rlad\u0131\u011f\u0131 bir \u00e7al\u0131\u015fmayd\u0131. Ben destek verip duyurmaya \u00e7al\u0131\u015ft\u0131m. Sat\u0131lan mavi bilezikler imkan\u0131 olmayan bir tak\u0131m hastalar\u0131 ortada b\u0131rakm\u0131yor, Ankara Hacettepe Hastanesi&rsquo;nin yan\u0131nda bakan\u0131m\u0131z\u0131n a\u00e7t\u0131\u011f\u0131 bir ufak evde bar\u0131nma ve tedavi edilme imkan\u0131n\u0131 veriyor. \u00c7oktan a\u00e7\u0131ld\u0131 bile. Umar\u0131m sizler de her Migros&rsquo;a gitti\u011finiz de onlar\u0131 hat\u0131rlay\u0131p 1 YTL ile bir hayat kurtaraca\u011f\u0131n\u0131z\u0131 unutmazs\u0131n\u0131z.<\/p>\n<p align=\"justify\">&nbsp;<em>&ldquo;TEDAV\u0130DEN DOLAYI SIKINTILARIM DEVAM ETMES\u0130NE RA\u011eMEN HAYATIN RENKLER\u0130N\u0130, \u00c7\u0130\u00c7EKLER\u0130N\u0130, G\u00dcL\u00dcMSEY\u0130\u015eLER\u0130, G\u00dcZEL B\u0130R BAKI\u015eI, B\u0130R EL\u0130N \u015eEFKATLE DOKUNU\u015eUNU H\u0130SSETMEK, G\u00d6RMEK, PAYLA\u015eMAK \u00c7OK \u00d6NEML\u0130.&rdquo;<\/em><\/p>\n<p align=\"justify\"><strong>Bir de kitaplar\u0131n\u0131z var. Kitaplar\u0131n\u0131z nas\u0131l tepkiler ald\u0131?<\/strong><br \/>Son y\u0131llarda &ldquo;Hayata Merhaba&rdquo; kitab\u0131nda kanser te\u015fhisinden ba\u015flayan hastal\u0131k ve tedavi s\u00fcrecinden ve nas\u0131l yendi\u011fimden bahsettim. \u0130kinci kitap ise zay\u0131flama, g\u00fczelle\u015fme ve gen\u00e7 kalma \u00fczerine idi. Bir ara &ldquo;Y\u00fcz\u00fcklerin Efendisi&rdquo; filmindeki yarat\u0131k gibi kel kafal\u0131, boynunda yan\u0131k yaralar\u0131, beslenme ve su i\u00e7mek i\u00e7in ameliyatla konmu\u015f bir t\u00fcp\u00fc olan \u015fi\u015f kar\u0131nl\u0131 bir tip olmu\u015ftum. Hatta inanmayanlara \u00e7\u0131kard\u0131\u011f\u0131m resimleri yay\u0131nlad\u0131lar. Amac\u0131m binlerce, y\u00fcz binlerce kanser hastas\u0131na tedavinin bir s\u00fcre\u00e7 oldu\u011funu, bu g\u00f6r\u00fcnt\u00fclerin de iyile\u015fmeyle birlikte d\u00fczelece\u011fini g\u00f6stererek umut olmakt\u0131. \u0130\u015fte ikinci kitapta da kozmeti\u011fin imkanlar\u0131ndan nas\u0131l faydaland\u0131\u011f\u0131m\u0131, zay\u0131flama ve gen\u00e7 kalma \u00fczerine kendim i\u00e7in not etti\u011fim s\u0131rlar\u0131 a\u00e7\u0131klad\u0131m.Bir yaz\u0131n\u0131zda &ldquo;\u0130nsanlar\u0131n dikkatlerini &#8216;do\u011fan\u0131n g\u00fcc\u00fcne, g\u00f6rmekte zorland\u0131\u011f\u0131m\u0131z ayr\u0131nt\u0131lara, kaybetti\u011fimiz de\u011ferlere, k\u00fc\u00e7\u00fck mutluluklara, sevginin ila\u00e7tan daha etkili olabilece\u011fine&#8217; \u00e7ekmeye ve elimden geldi\u011fi kadar g\u00fcl\u00fcmsetmeye \u00e7al\u0131\u015f\u0131yorum&rdquo; demi\u015fsiniz. Hayatla bar\u0131\u015f\u0131k olmay\u0131 nas\u0131l sa\u011flad\u0131n\u0131z?<br \/>Hayatla her zaman bar\u0131\u015f\u0131k bir insan oldum san\u0131yorum. Bunlar benim i\u00e7in her zaman \u00f6nemliydi. Ama hastal\u0131k ve tedaviden sonra birinci \u00f6nceli\u011fim oldu, keyfini \u00e7\u0131kar\u0131yorum.<\/p>\n<p align=\"justify\"><strong>Hastal\u0131\u011f\u0131n\u0131zdan sonra hayata bak\u0131\u015f\u0131n\u0131z de\u011fi\u015fti mi?<\/strong> <br \/>Eskiden de etraf\u0131ma bak\u0131yordum ama \u015fimdi g\u00f6r\u00fcyorum ayr\u0131nt\u0131lar\u0131. Tedaviden dolay\u0131 s\u0131k\u0131nt\u0131lar\u0131m devam etmesine ra\u011fmen hayat\u0131n renklerini, \u00e7i\u00e7eklerini, g\u00fcl\u00fcmseyi\u015fleri, g\u00fczel bir bak\u0131\u015f\u0131, bir elin \u015fefkatle dokunu\u015funu hissetmek, g\u00f6rmek, payla\u015fmak \u00e7ok \u00f6nemli.<\/p>\n<p align=\"justify\"><strong>\u0130lerleyen zamanlar i\u00e7in yeni \u00e7al\u0131\u015fmalar\u0131n\u0131z neler olacak?<\/strong> <br \/>Film ve dizi yapmak istemiyorum. Bu sahada senelerdir g\u00f6r\u00fcnmedi\u011fim i\u00e7in \u00e7ok g\u00fczel \u015fartlarla teklif geliyor bazen direkt bana, \u00e7o\u011funlukla da N 1 Yap\u0131m&rsquo;\u0131n kurucusu Bircan Usall\u0131 Silan&rsquo;a. Bu benim egomu \u00e7ok ok\u015fayan bir \u015fey ama gene de bir d\u00f6nem sinemas\u0131n\u0131n star\u0131 olarak noktalamak ve \u00f6yle hat\u0131rlanmak isterim. T\u00fcrk Sinemas\u0131 veya dizileri \u00e7ok geli\u015fti bensiz de \u00e7ok g\u00fczel, yeni oyuncular da bir harika. Demet Evgar, Sanem \u00c7elik, Nurg\u00fcl Ye\u015fil\u00e7ay hatta Cansu Dere gibi&#8230;<\/p>\n<p><\/span><\/p>\n<!-- templates\/buttons-placeholder.php -->\n<div class=\"da-reactions-outer TpostID1641\">\n\t    <div class=\"da-reactions-data da-reactions-container-async center\"\n         data-type=\"post\"\n         data-id=\"1641\"\n         id=\"da-reactions-slot-post-1641\">\n        <div class=\"da-reactions-static\">\n\t\t\t<img src=\"https:\/\/www.kariyer.net\/kariyer-rehberi\/wp-content\/plugins\/da-reactions\/assets\/dist\/loading.svg\" alt=\"Loading spinner\" width=\"48\" height=\"48\" style=\"width:48px\" \/>\n        <\/div>\n    <\/div>\n<\/div>\n","protected":false},"excerpt":{"rendered":"<p>&ldquo;Hayat\u0131m\u0131 bir d\u00f6nem sinemas\u0131n\u0131n y\u0131ld\u0131z\u0131 olarak noktalamak ve \u00f6yle hat\u0131rlanmak isterim&rdquo; diyen Filiz Ak\u0131n, hayata bak\u0131\u015f\u0131n\u0131, destek verdi\u011fi projeleri ve oyunculukla ilgili d\u00fc\u015f\u00fcncelerini anlatt\u0131. Liseyi Ankara Koleji&rsquo;nde okuyan Filiz Ak\u0131n, Orta Do\u011fu Teknik \u00dcniversitesi&rsquo;nde Mimarl\u0131k okumay\u0131 isterken, annesinin kaza ge\u00e7irmesiyle \u00e7al\u0131\u015fmak zorunda kalm\u0131\u015f. Bir havayolu \u015firketinde \u00e7al\u0131\u015fmaya ba\u015flayan Ak\u0131n, bir arkada\u015f\u0131n\u0131n annesinin iste\u011fiyle Artist Dergisi&rsquo;nin [&hellip;]<\/p>\n<!-- templates\/buttons-placeholder.php -->\n<div class=\"da-reactions-outer TpostID1641\">\n\t    <div class=\"da-reactions-data da-reactions-container-async center\"\n         data-type=\"post\"\n         data-id=\"1641\"\n         id=\"da-reactions-slot-post-1641\">\n        <div class=\"da-reactions-static\">\n\t\t\t<img src=\"https:\/\/www.kariyer.net\/kariyer-rehberi\/wp-content\/plugins\/da-reactions\/assets\/dist\/loading.svg\" alt=\"Loading spinner\" width=\"48\" height=\"48\" style=\"width:48px\" \/>\n        <\/div>\n    <\/div>\n<\/div>\n","protected":false},"author":8,"featured_media":0,"comment_status":"open","ping_status":"open","sticky":false,"template":"","format":"standard","meta":{"footnotes":"","_elementor_edit_mode":"","_elementor_template_type":"","_elementor_data":"","_elementor_page_settings":null,"_elementor_conditions":[]},"categories":[46,2211],"tags":[],"class_list":{"0":"post-1641","1":"post","2":"type-post","3":"status-publish","4":"format-standard","6":"category-is-hayati","7":"category-kariyer-gelisimi"},"yoast_head":"<!-- This site is optimized with the Yoast SEO Premium plugin v21.4 (Yoast SEO v27.0) - https:\/\/yoast.com\/product\/yoast-seo-premium-wordpress\/ -->\n<title>T\u00fcrk sinemas\u0131n\u0131n unutulmaz ismi &#039;Filiz Ak\u0131n&#039; | Kariyer Rehberi<\/title>\n<meta name=\"description\" content=\"&ldquo;Hayat\u0131m\u0131 bir d\u00f6nem sinemas\u0131n\u0131n y\u0131ld\u0131z\u0131 olarak noktalamak ve \u00f6yle hat\u0131rlanmak isterim&rdquo; diyen Filiz Ak\u0131n, hayata bak\u0131\u015f\u0131n\u0131, destek verdi\u011fi\" \/>\n<meta name=\"robots\" content=\"index, follow, max-snippet:-1, max-image-preview:large, max-video-preview:-1\" \/>\n<link rel=\"canonical\" href=\"https:\/\/www.kariyer.net\/kariyer-rehberi\/turk-sinemasinin-unutulmaz-ismi-filiz-akin\/\" \/>\n<meta property=\"og:locale\" content=\"tr_TR\" \/>\n<meta property=\"og:type\" content=\"article\" \/>\n<meta property=\"og:title\" content=\"T\u00fcrk sinemas\u0131n\u0131n unutulmaz ismi &#039;Filiz Ak\u0131n&#039;\" \/>\n<meta property=\"og:description\" content=\"&ldquo;Hayat\u0131m\u0131 bir d\u00f6nem sinemas\u0131n\u0131n y\u0131ld\u0131z\u0131 olarak noktalamak ve \u00f6yle hat\u0131rlanmak isterim&rdquo; diyen Filiz Ak\u0131n, hayata bak\u0131\u015f\u0131n\u0131, destek verdi\u011fi\" \/>\n<meta property=\"og:url\" content=\"https:\/\/www.kariyer.net\/kariyer-rehberi\/turk-sinemasinin-unutulmaz-ismi-filiz-akin\/\" \/>\n<meta property=\"og:site_name\" content=\"Kariyer Rehberi\" \/>\n<meta property=\"article:published_time\" content=\"2007-12-01T00:00:00+00:00\" \/>\n<meta property=\"article:modified_time\" content=\"2024-07-03T12:05:49+00:00\" \/>\n<meta property=\"og:image\" content=\"http:\/\/web4.kariyer.net\/UploadFiles\/tempPhoto\/kariyerRehberi\/image\/mak442b.jpg\" \/>\n<meta name=\"author\" content=\"Kariyer.net\" \/>\n<meta name=\"twitter:card\" content=\"summary_large_image\" \/>\n<meta name=\"twitter:label1\" content=\"Yazan:\" \/>\n\t<meta name=\"twitter:data1\" content=\"Kariyer.net\" \/>\n\t<meta name=\"twitter:label2\" content=\"Tahmini okuma s\u00fcresi\" \/>\n\t<meta name=\"twitter:data2\" content=\"11 dakika\" \/>\n<!-- \/ Yoast SEO Premium plugin. -->","yoast_head_json":{"title":"T\u00fcrk sinemas\u0131n\u0131n unutulmaz ismi 'Filiz Ak\u0131n' | Kariyer Rehberi","description":"&ldquo;Hayat\u0131m\u0131 bir d\u00f6nem sinemas\u0131n\u0131n y\u0131ld\u0131z\u0131 olarak noktalamak ve \u00f6yle hat\u0131rlanmak isterim&rdquo; diyen Filiz Ak\u0131n, hayata bak\u0131\u015f\u0131n\u0131, destek verdi\u011fi","robots":{"index":"index","follow":"follow","max-snippet":"max-snippet:-1","max-image-preview":"max-image-preview:large","max-video-preview":"max-video-preview:-1"},"canonical":"https:\/\/www.kariyer.net\/kariyer-rehberi\/turk-sinemasinin-unutulmaz-ismi-filiz-akin\/","og_locale":"tr_TR","og_type":"article","og_title":"T\u00fcrk sinemas\u0131n\u0131n unutulmaz ismi 'Filiz Ak\u0131n'","og_description":"&ldquo;Hayat\u0131m\u0131 bir d\u00f6nem sinemas\u0131n\u0131n y\u0131ld\u0131z\u0131 olarak noktalamak ve \u00f6yle hat\u0131rlanmak isterim&rdquo; diyen Filiz Ak\u0131n, hayata bak\u0131\u015f\u0131n\u0131, destek verdi\u011fi","og_url":"https:\/\/www.kariyer.net\/kariyer-rehberi\/turk-sinemasinin-unutulmaz-ismi-filiz-akin\/","og_site_name":"Kariyer Rehberi","article_published_time":"2007-12-01T00:00:00+00:00","article_modified_time":"2024-07-03T12:05:49+00:00","og_image":[{"url":"http:\/\/web4.kariyer.net\/UploadFiles\/tempPhoto\/kariyerRehberi\/image\/mak442b.jpg","type":"","width":"","height":""}],"author":"Kariyer.net","twitter_card":"summary_large_image","twitter_misc":{"Yazan:":"Kariyer.net","Tahmini okuma s\u00fcresi":"11 dakika"},"schema":{"@context":"https:\/\/schema.org","@graph":[{"@type":"Article","@id":"https:\/\/www.kariyer.net\/kariyer-rehberi\/turk-sinemasinin-unutulmaz-ismi-filiz-akin\/#article","isPartOf":{"@id":"https:\/\/www.kariyer.net\/kariyer-rehberi\/turk-sinemasinin-unutulmaz-ismi-filiz-akin\/"},"author":{"name":"Kariyer.net","@id":"https:\/\/www.kariyer.net\/kariyer-rehberi\/#\/schema\/person\/eb36201afd42c03bc83b82060447b2c9"},"headline":"T\u00fcrk sinemas\u0131n\u0131n unutulmaz ismi &#8216;Filiz Ak\u0131n&#8217;","datePublished":"2007-12-01T00:00:00+00:00","dateModified":"2024-07-03T12:05:49+00:00","mainEntityOfPage":{"@id":"https:\/\/www.kariyer.net\/kariyer-rehberi\/turk-sinemasinin-unutulmaz-ismi-filiz-akin\/"},"wordCount":2247,"commentCount":0,"publisher":{"@id":"https:\/\/www.kariyer.net\/kariyer-rehberi\/#organization"},"image":{"@id":"https:\/\/www.kariyer.net\/kariyer-rehberi\/turk-sinemasinin-unutulmaz-ismi-filiz-akin\/#primaryimage"},"thumbnailUrl":"http:\/\/web4.kariyer.net\/UploadFiles\/tempPhoto\/kariyerRehberi\/image\/mak442b.jpg","articleSection":["\u0130\u015f Hayat\u0131","Kariyer Geli\u015fimi"],"inLanguage":"tr","potentialAction":[{"@type":"CommentAction","name":"Comment","target":["https:\/\/www.kariyer.net\/kariyer-rehberi\/turk-sinemasinin-unutulmaz-ismi-filiz-akin\/#respond"]}]},{"@type":"WebPage","@id":"https:\/\/www.kariyer.net\/kariyer-rehberi\/turk-sinemasinin-unutulmaz-ismi-filiz-akin\/","url":"https:\/\/www.kariyer.net\/kariyer-rehberi\/turk-sinemasinin-unutulmaz-ismi-filiz-akin\/","name":"T\u00fcrk sinemas\u0131n\u0131n unutulmaz ismi 'Filiz Ak\u0131n' | Kariyer Rehberi","isPartOf":{"@id":"https:\/\/www.kariyer.net\/kariyer-rehberi\/#website"},"primaryImageOfPage":{"@id":"https:\/\/www.kariyer.net\/kariyer-rehberi\/turk-sinemasinin-unutulmaz-ismi-filiz-akin\/#primaryimage"},"image":{"@id":"https:\/\/www.kariyer.net\/kariyer-rehberi\/turk-sinemasinin-unutulmaz-ismi-filiz-akin\/#primaryimage"},"thumbnailUrl":"http:\/\/web4.kariyer.net\/UploadFiles\/tempPhoto\/kariyerRehberi\/image\/mak442b.jpg","datePublished":"2007-12-01T00:00:00+00:00","dateModified":"2024-07-03T12:05:49+00:00","description":"&ldquo;Hayat\u0131m\u0131 bir d\u00f6nem sinemas\u0131n\u0131n y\u0131ld\u0131z\u0131 olarak noktalamak ve \u00f6yle hat\u0131rlanmak isterim&rdquo; diyen Filiz Ak\u0131n, hayata bak\u0131\u015f\u0131n\u0131, destek verdi\u011fi","breadcrumb":{"@id":"https:\/\/www.kariyer.net\/kariyer-rehberi\/turk-sinemasinin-unutulmaz-ismi-filiz-akin\/#breadcrumb"},"inLanguage":"tr","potentialAction":[{"@type":"ReadAction","target":["https:\/\/www.kariyer.net\/kariyer-rehberi\/turk-sinemasinin-unutulmaz-ismi-filiz-akin\/"]}]},{"@type":"ImageObject","inLanguage":"tr","@id":"https:\/\/www.kariyer.net\/kariyer-rehberi\/turk-sinemasinin-unutulmaz-ismi-filiz-akin\/#primaryimage","url":"http:\/\/web4.kariyer.net\/UploadFiles\/tempPhoto\/kariyerRehberi\/image\/mak442b.jpg","contentUrl":"http:\/\/web4.kariyer.net\/UploadFiles\/tempPhoto\/kariyerRehberi\/image\/mak442b.jpg"},{"@type":"BreadcrumbList","@id":"https:\/\/www.kariyer.net\/kariyer-rehberi\/turk-sinemasinin-unutulmaz-ismi-filiz-akin\/#breadcrumb","itemListElement":[{"@type":"ListItem","position":1,"name":"Anasayfa","item":"https:\/\/www.kariyer.net\/kariyer-rehberi\/"},{"@type":"ListItem","position":2,"name":"T\u00fcrk sinemas\u0131n\u0131n unutulmaz ismi &#8216;Filiz Ak\u0131n&#8217;"}]},{"@type":"WebSite","@id":"https:\/\/www.kariyer.net\/kariyer-rehberi\/#website","url":"https:\/\/www.kariyer.net\/kariyer-rehberi\/","name":"Kariyer Rehberi","description":"\u0130\u015f D\u00fcnyas\u0131yla \u0130lgili Bilmek \u0130stedi\u011finiz Her \u015eey","publisher":{"@id":"https:\/\/www.kariyer.net\/kariyer-rehberi\/#organization"},"potentialAction":[{"@type":"SearchAction","target":{"@type":"EntryPoint","urlTemplate":"https:\/\/www.kariyer.net\/kariyer-rehberi\/?s={search_term_string}"},"query-input":{"@type":"PropertyValueSpecification","valueRequired":true,"valueName":"search_term_string"}}],"inLanguage":"tr"},{"@type":"Organization","@id":"https:\/\/www.kariyer.net\/kariyer-rehberi\/#organization","name":"Kariyer.net","url":"https:\/\/www.kariyer.net\/kariyer-rehberi\/","logo":{"@type":"ImageObject","inLanguage":"tr","@id":"https:\/\/www.kariyer.net\/kariyer-rehberi\/#\/schema\/logo\/image\/","url":"https:\/\/www.kariyer.net\/kariyer-rehberi-new\/wp-content\/uploads\/2023\/01\/og-image11.jpg","contentUrl":"https:\/\/www.kariyer.net\/kariyer-rehberi-new\/wp-content\/uploads\/2023\/01\/og-image11.jpg","width":800,"height":800,"caption":"Kariyer.net"},"image":{"@id":"https:\/\/www.kariyer.net\/kariyer-rehberi\/#\/schema\/logo\/image\/"}},{"@type":"Person","@id":"https:\/\/www.kariyer.net\/kariyer-rehberi\/#\/schema\/person\/eb36201afd42c03bc83b82060447b2c9","name":"Kariyer.net","image":{"@type":"ImageObject","inLanguage":"tr","@id":"https:\/\/www.kariyer.net\/kariyer-rehberi\/#\/schema\/person\/image\/","url":"https:\/\/secure.gravatar.com\/avatar\/ddce3ac68cb52fb2ae004bcee334e49ccc6361fefd68c5f6f4d2a86630c28b2e?s=96&d=mm&r=g","contentUrl":"https:\/\/secure.gravatar.com\/avatar\/ddce3ac68cb52fb2ae004bcee334e49ccc6361fefd68c5f6f4d2a86630c28b2e?s=96&d=mm&r=g","caption":"Kariyer.net"},"url":"https:\/\/www.kariyer.net\/kariyer-rehberi\/author\/kariyer-net\/"}]}},"_links":{"self":[{"href":"https:\/\/www.kariyer.net\/kariyer-rehberi\/wp-json\/wp\/v2\/posts\/1641","targetHints":{"allow":["GET"]}}],"collection":[{"href":"https:\/\/www.kariyer.net\/kariyer-rehberi\/wp-json\/wp\/v2\/posts"}],"about":[{"href":"https:\/\/www.kariyer.net\/kariyer-rehberi\/wp-json\/wp\/v2\/types\/post"}],"author":[{"embeddable":true,"href":"https:\/\/www.kariyer.net\/kariyer-rehberi\/wp-json\/wp\/v2\/users\/8"}],"replies":[{"embeddable":true,"href":"https:\/\/www.kariyer.net\/kariyer-rehberi\/wp-json\/wp\/v2\/comments?post=1641"}],"version-history":[{"count":1,"href":"https:\/\/www.kariyer.net\/kariyer-rehberi\/wp-json\/wp\/v2\/posts\/1641\/revisions"}],"predecessor-version":[{"id":19173,"href":"https:\/\/www.kariyer.net\/kariyer-rehberi\/wp-json\/wp\/v2\/posts\/1641\/revisions\/19173"}],"wp:attachment":[{"href":"https:\/\/www.kariyer.net\/kariyer-rehberi\/wp-json\/wp\/v2\/media?parent=1641"}],"wp:term":[{"taxonomy":"category","embeddable":true,"href":"https:\/\/www.kariyer.net\/kariyer-rehberi\/wp-json\/wp\/v2\/categories?post=1641"},{"taxonomy":"post_tag","embeddable":true,"href":"https:\/\/www.kariyer.net\/kariyer-rehberi\/wp-json\/wp\/v2\/tags?post=1641"}],"curies":[{"name":"wp","href":"https:\/\/api.w.org\/{rel}","templated":true}]}}