{"id":16483,"date":"2022-07-20T13:23:57","date_gmt":"2022-07-20T10:23:57","guid":{"rendered":"https:\/\/www.kariyer.net\/kariyer-rehberi\/?p=16483"},"modified":"2024-08-08T21:08:39","modified_gmt":"2024-08-08T18:08:39","slug":"okyanus-kolejleri-yeni-egitmenlerini-bu-fuarda-ariyor","status":"publish","type":"post","link":"https:\/\/www.kariyer.net\/kariyer-rehberi\/okyanus-kolejleri-yeni-egitmenlerini-bu-fuarda-ariyor\/","title":{"rendered":"Okyanus Kolejleri yeni e\u011fitmenlerini bu fuarda ar\u0131yor!"},"content":{"rendered":"<p><strong>T\u00fcrkiye&#8217;nin \u00f6nemli kolejlerinden biri olan Okyanus Kolejleri, kadrosunda yer alacak yeni e\u011fitmenlerini &#8220;Okyanus Kolejleri Kariyer Fuar\u0131&#8221;nda ar\u0131yor! E\u011fer &#8220;Bu kariyer f\u0131rsat\u0131 tam benlik&#8221; diyorsan, hemen ba\u015fvurunu tamamla.<\/strong><\/p>\n<div id=\"lp-pom-text-1215\" class=\"lp-element lp-pom-text nlh\">\n<h2><strong>Kimler kat\u0131labilir?<\/strong><\/h2>\n<\/div>\n<div id=\"lp-pom-text-1216\" class=\"lp-element lp-pom-text nlh\">\n<p>Okyanus Kolejleri Kariyer Fuar\u0131\u2019na kat\u0131labilmen i\u00e7in\u00a0<strong>\u00fcniversite \u00f6\u011frencisi<\/strong>,\u00a0<strong>yeni mezun<\/strong>\u00a0ya da\u00a0<strong>gen\u00e7 e\u011fitimci<\/strong> olman yeterli. E\u011fitim alan\u0131ndan farkl\u0131 bran\u015flar\u0131n bir arada bulunaca\u011f\u0131 fuara seni de bekliyoruz.<\/p>\n<h2><strong>Kat\u0131l\u0131mc\u0131lar\u0131 neler bekliyor?<\/strong><\/h2>\n<div id=\"lp-pom-text-1188\" class=\"lp-element lp-pom-text nlh\">\n<ul>\n<li>Farkl\u0131 bran\u015flar\u0131n yetkilileriyle tan\u0131\u015fma ayr\u0131cal\u0131\u011f\u0131,<\/li>\n<li>Okyanus Kolejleri&#8217;nde i\u015f ve staj imkan\u0131,<\/li>\n<li>E\u011fitim sekt\u00f6r\u00fcne dair merak edilen sorular\u0131n yan\u0131tlar\u0131,<\/li>\n<li>Seminerlere ve canl\u0131 yay\u0131nlara kat\u0131lma f\u0131rsat\u0131.<\/li>\n<\/ul>\n<p>27 Temmuz&#8217;da <strong>online<\/strong> ger\u00e7ekle\u015fecek fuara <strong>kat\u0131l\u0131m \u00fccretsiz!<\/strong><\/p>\n<p>Hadi, hemen sen de <strong><a href=\"https:\/\/tr.kariyer.net\/okyanus-kolejleri-kariyer-fuari\/\" target=\"_blank\" rel=\"noopener\">ba\u015fvurunu tamamla!<\/a><\/strong><\/p>\n<\/div>\n<\/div>\n<!-- templates\/buttons-placeholder.php -->\n<div class=\"da-reactions-outer TpostID16483\">\n\t    <div class=\"da-reactions-data da-reactions-container-async center\"\n         data-type=\"post\"\n         data-id=\"16483\"\n         id=\"da-reactions-slot-post-16483\">\n        <div class=\"da-reactions-static\">\n\t\t\t<img src=\"https:\/\/www.kariyer.net\/kariyer-rehberi\/wp-content\/plugins\/da-reactions\/assets\/dist\/loading.svg\" alt=\"Loading spinner\" width=\"48\" height=\"48\" style=\"width:48px\" \/>\n        <\/div>\n    <\/div>\n<\/div>\n","protected":false},"excerpt":{"rendered":"<p>T\u00fcrkiye&#8217;nin \u00f6nemli kolejlerinden biri olan Okyanus Kolejleri, kadrosunda yer alacak yeni e\u011fitmenlerini &#8220;Okyanus Kolejleri Kariyer Fuar\u0131&#8221;nda ar\u0131yor! E\u011fer &#8220;Bu kariyer f\u0131rsat\u0131 tam benlik&#8221; diyorsan, hemen ba\u015fvurunu tamamla. Kimler kat\u0131labilir? Okyanus Kolejleri Kariyer Fuar\u0131\u2019na kat\u0131labilmen i\u00e7in\u00a0\u00fcniversite \u00f6\u011frencisi,\u00a0yeni mezun\u00a0ya da\u00a0gen\u00e7 e\u011fitimci olman yeterli. E\u011fitim alan\u0131ndan farkl\u0131 bran\u015flar\u0131n bir arada bulunaca\u011f\u0131 fuara seni de bekliyoruz. Kat\u0131l\u0131mc\u0131lar\u0131 neler bekliyor? [&hellip;]<\/p>\n<!-- templates\/buttons-placeholder.php -->\n<div class=\"da-reactions-outer TpostID16483\">\n\t    <div class=\"da-reactions-data da-reactions-container-async center\"\n         data-type=\"post\"\n         data-id=\"16483\"\n         id=\"da-reactions-slot-post-16483\">\n        <div class=\"da-reactions-static\">\n\t\t\t<img src=\"https:\/\/www.kariyer.net\/kariyer-rehberi\/wp-content\/plugins\/da-reactions\/assets\/dist\/loading.svg\" alt=\"Loading spinner\" width=\"48\" height=\"48\" style=\"width:48px\" \/>\n        <\/div>\n    <\/div>\n<\/div>\n","protected":false},"author":12,"featured_media":16495,"comment_status":"closed","ping_status":"open","sticky":false,"template":"","format":"standard","meta":{"footnotes":"","_elementor_edit_mode":"","_elementor_template_type":"","_elementor_data":"","_elementor_page_settings":null,"_elementor_conditions":[]},"categories":[2211,2214],"tags":[122,2008],"class_list":{"0":"post-16483","1":"post","2":"type-post","3":"status-publish","4":"format-standard","5":"has-post-thumbnail","7":"category-kariyer-gelisimi","8":"category-yasam","9":"tag-kariyer-gunleri","10":"tag-okyanus-kolejleri"},"yoast_head":"<!-- This site is optimized with the Yoast SEO Premium plugin v21.4 (Yoast SEO v27.0) - https:\/\/yoast.com\/product\/yoast-seo-premium-wordpress\/ -->\n<title>Okyanus Kolejleri e\u011fitmenlerini bu fuarda ar\u0131yor! | Kariyer Rehberi<\/title>\n<meta name=\"description\" content=\"Okyanus Kolejleri yeni e\u011fitmenlerini bu fuarda ar\u0131yor! E\u011fer &quot;Bu kariyer f\u0131rsat\u0131 tam benlik&quot; diyorsan, hemen ba\u015fvurunu tamamla.\" \/>\n<meta name=\"robots\" content=\"index, follow, max-snippet:-1, max-image-preview:large, max-video-preview:-1\" \/>\n<link rel=\"canonical\" href=\"https:\/\/www.kariyer.net\/kariyer-rehberi\/okyanus-kolejleri-yeni-egitmenlerini-bu-fuarda-ariyor\/\" \/>\n<meta property=\"og:locale\" content=\"tr_TR\" \/>\n<meta property=\"og:type\" content=\"article\" \/>\n<meta property=\"og:title\" content=\"Okyanus Kolejleri yeni e\u011fitmenlerini bu fuarda ar\u0131yor!\" \/>\n<meta property=\"og:description\" content=\"T\u00fcrkiye&#039;nin \u00f6nemli kolejlerinden biri olan Okyanus Kolejleri, kadrosunda yer alacak yeni e\u011fitmenlerini &quot;Okyanus Kolejleri Kariyer Fuar\u0131&quot;nda ar\u0131yor! E\u011fer\" \/>\n<meta property=\"og:url\" content=\"https:\/\/www.kariyer.net\/kariyer-rehberi\/okyanus-kolejleri-yeni-egitmenlerini-bu-fuarda-ariyor\/\" \/>\n<meta property=\"og:site_name\" content=\"Kariyer Rehberi\" \/>\n<meta property=\"article:published_time\" content=\"2022-07-20T10:23:57+00:00\" \/>\n<meta property=\"article:modified_time\" content=\"2024-08-08T18:08:39+00:00\" \/>\n<meta property=\"og:image\" content=\"https:\/\/www.kariyer.net\/kariyer-rehberi\/wp-content\/uploads\/2022\/07\/Okyanus-koleji.png\" \/>\n\t<meta property=\"og:image:width\" content=\"900\" \/>\n\t<meta property=\"og:image:height\" content=\"600\" \/>\n\t<meta property=\"og:image:type\" content=\"image\/png\" \/>\n<meta name=\"author\" content=\"Edit\u00f6r\" \/>\n<meta name=\"twitter:card\" content=\"summary_large_image\" \/>\n<meta name=\"twitter:label1\" content=\"Yazan:\" \/>\n\t<meta name=\"twitter:data1\" content=\"Edit\u00f6r\" \/>\n\t<meta name=\"twitter:label2\" content=\"Tahmini okuma s\u00fcresi\" \/>\n\t<meta name=\"twitter:data2\" content=\"1 dakika\" \/>\n<!-- \/ Yoast SEO Premium plugin. -->","yoast_head_json":{"title":"Okyanus Kolejleri e\u011fitmenlerini bu fuarda ar\u0131yor! | Kariyer Rehberi","description":"Okyanus Kolejleri yeni e\u011fitmenlerini bu fuarda ar\u0131yor! E\u011fer \"Bu kariyer f\u0131rsat\u0131 tam benlik\" diyorsan, hemen ba\u015fvurunu tamamla.","robots":{"index":"index","follow":"follow","max-snippet":"max-snippet:-1","max-image-preview":"max-image-preview:large","max-video-preview":"max-video-preview:-1"},"canonical":"https:\/\/www.kariyer.net\/kariyer-rehberi\/okyanus-kolejleri-yeni-egitmenlerini-bu-fuarda-ariyor\/","og_locale":"tr_TR","og_type":"article","og_title":"Okyanus Kolejleri yeni e\u011fitmenlerini bu fuarda ar\u0131yor!","og_description":"T\u00fcrkiye'nin \u00f6nemli kolejlerinden biri olan Okyanus Kolejleri, kadrosunda yer alacak yeni e\u011fitmenlerini \"Okyanus Kolejleri Kariyer Fuar\u0131\"nda ar\u0131yor! E\u011fer","og_url":"https:\/\/www.kariyer.net\/kariyer-rehberi\/okyanus-kolejleri-yeni-egitmenlerini-bu-fuarda-ariyor\/","og_site_name":"Kariyer Rehberi","article_published_time":"2022-07-20T10:23:57+00:00","article_modified_time":"2024-08-08T18:08:39+00:00","og_image":[{"width":900,"height":600,"url":"https:\/\/www.kariyer.net\/kariyer-rehberi\/wp-content\/uploads\/2022\/07\/Okyanus-koleji.png","type":"image\/png"}],"author":"Edit\u00f6r","twitter_card":"summary_large_image","twitter_misc":{"Yazan:":"Edit\u00f6r","Tahmini okuma s\u00fcresi":"1 dakika"},"schema":{"@context":"https:\/\/schema.org","@graph":[{"@type":"Article","@id":"https:\/\/www.kariyer.net\/kariyer-rehberi\/okyanus-kolejleri-yeni-egitmenlerini-bu-fuarda-ariyor\/#article","isPartOf":{"@id":"https:\/\/www.kariyer.net\/kariyer-rehberi\/okyanus-kolejleri-yeni-egitmenlerini-bu-fuarda-ariyor\/"},"author":{"name":"Edit\u00f6r","@id":"https:\/\/www.kariyer.net\/kariyer-rehberi\/#\/schema\/person\/94fd6e49c7ff1b1b2565a2cc4fd685dd"},"headline":"Okyanus Kolejleri yeni e\u011fitmenlerini bu fuarda ar\u0131yor!","datePublished":"2022-07-20T10:23:57+00:00","dateModified":"2024-08-08T18:08:39+00:00","mainEntityOfPage":{"@id":"https:\/\/www.kariyer.net\/kariyer-rehberi\/okyanus-kolejleri-yeni-egitmenlerini-bu-fuarda-ariyor\/"},"wordCount":143,"publisher":{"@id":"https:\/\/www.kariyer.net\/kariyer-rehberi\/#organization"},"image":{"@id":"https:\/\/www.kariyer.net\/kariyer-rehberi\/okyanus-kolejleri-yeni-egitmenlerini-bu-fuarda-ariyor\/#primaryimage"},"thumbnailUrl":"https:\/\/www.kariyer.net\/kariyer-rehberi\/wp-content\/uploads\/2022\/07\/Okyanus-koleji.png","keywords":["kariyer g\u00fcnleri","Okyanus kolejleri"],"articleSection":["Kariyer Geli\u015fimi","Ya\u015fam"],"inLanguage":"tr"},{"@type":"WebPage","@id":"https:\/\/www.kariyer.net\/kariyer-rehberi\/okyanus-kolejleri-yeni-egitmenlerini-bu-fuarda-ariyor\/","url":"https:\/\/www.kariyer.net\/kariyer-rehberi\/okyanus-kolejleri-yeni-egitmenlerini-bu-fuarda-ariyor\/","name":"Okyanus Kolejleri e\u011fitmenlerini bu fuarda ar\u0131yor! | Kariyer Rehberi","isPartOf":{"@id":"https:\/\/www.kariyer.net\/kariyer-rehberi\/#website"},"primaryImageOfPage":{"@id":"https:\/\/www.kariyer.net\/kariyer-rehberi\/okyanus-kolejleri-yeni-egitmenlerini-bu-fuarda-ariyor\/#primaryimage"},"image":{"@id":"https:\/\/www.kariyer.net\/kariyer-rehberi\/okyanus-kolejleri-yeni-egitmenlerini-bu-fuarda-ariyor\/#primaryimage"},"thumbnailUrl":"https:\/\/www.kariyer.net\/kariyer-rehberi\/wp-content\/uploads\/2022\/07\/Okyanus-koleji.png","datePublished":"2022-07-20T10:23:57+00:00","dateModified":"2024-08-08T18:08:39+00:00","description":"Okyanus Kolejleri yeni e\u011fitmenlerini bu fuarda ar\u0131yor! E\u011fer \"Bu kariyer f\u0131rsat\u0131 tam benlik\" diyorsan, hemen ba\u015fvurunu tamamla.","breadcrumb":{"@id":"https:\/\/www.kariyer.net\/kariyer-rehberi\/okyanus-kolejleri-yeni-egitmenlerini-bu-fuarda-ariyor\/#breadcrumb"},"inLanguage":"tr","potentialAction":[{"@type":"ReadAction","target":["https:\/\/www.kariyer.net\/kariyer-rehberi\/okyanus-kolejleri-yeni-egitmenlerini-bu-fuarda-ariyor\/"]}]},{"@type":"ImageObject","inLanguage":"tr","@id":"https:\/\/www.kariyer.net\/kariyer-rehberi\/okyanus-kolejleri-yeni-egitmenlerini-bu-fuarda-ariyor\/#primaryimage","url":"https:\/\/www.kariyer.net\/kariyer-rehberi\/wp-content\/uploads\/2022\/07\/Okyanus-koleji.png","contentUrl":"https:\/\/www.kariyer.net\/kariyer-rehberi\/wp-content\/uploads\/2022\/07\/Okyanus-koleji.png","width":900,"height":600,"caption":"Okyanus Kolejleri yeni e\u011fitmenlerini bu fuarda ar\u0131yor!"},{"@type":"BreadcrumbList","@id":"https:\/\/www.kariyer.net\/kariyer-rehberi\/okyanus-kolejleri-yeni-egitmenlerini-bu-fuarda-ariyor\/#breadcrumb","itemListElement":[{"@type":"ListItem","position":1,"name":"Anasayfa","item":"https:\/\/www.kariyer.net\/kariyer-rehberi\/"},{"@type":"ListItem","position":2,"name":"Okyanus Kolejleri yeni e\u011fitmenlerini bu fuarda ar\u0131yor!"}]},{"@type":"WebSite","@id":"https:\/\/www.kariyer.net\/kariyer-rehberi\/#website","url":"https:\/\/www.kariyer.net\/kariyer-rehberi\/","name":"Kariyer Rehberi","description":"\u0130\u015f D\u00fcnyas\u0131yla \u0130lgili Bilmek \u0130stedi\u011finiz Her \u015eey","publisher":{"@id":"https:\/\/www.kariyer.net\/kariyer-rehberi\/#organization"},"potentialAction":[{"@type":"SearchAction","target":{"@type":"EntryPoint","urlTemplate":"https:\/\/www.kariyer.net\/kariyer-rehberi\/?s={search_term_string}"},"query-input":{"@type":"PropertyValueSpecification","valueRequired":true,"valueName":"search_term_string"}}],"inLanguage":"tr"},{"@type":"Organization","@id":"https:\/\/www.kariyer.net\/kariyer-rehberi\/#organization","name":"Kariyer.net","url":"https:\/\/www.kariyer.net\/kariyer-rehberi\/","logo":{"@type":"ImageObject","inLanguage":"tr","@id":"https:\/\/www.kariyer.net\/kariyer-rehberi\/#\/schema\/logo\/image\/","url":"https:\/\/www.kariyer.net\/kariyer-rehberi-new\/wp-content\/uploads\/2023\/01\/og-image11.jpg","contentUrl":"https:\/\/www.kariyer.net\/kariyer-rehberi-new\/wp-content\/uploads\/2023\/01\/og-image11.jpg","width":800,"height":800,"caption":"Kariyer.net"},"image":{"@id":"https:\/\/www.kariyer.net\/kariyer-rehberi\/#\/schema\/logo\/image\/"}},{"@type":"Person","@id":"https:\/\/www.kariyer.net\/kariyer-rehberi\/#\/schema\/person\/94fd6e49c7ff1b1b2565a2cc4fd685dd","name":"Edit\u00f6r","image":{"@type":"ImageObject","inLanguage":"tr","@id":"https:\/\/www.kariyer.net\/kariyer-rehberi\/#\/schema\/person\/image\/","url":"https:\/\/secure.gravatar.com\/avatar\/0c4fe6688343aed3693b15573beae12c08ace5565409d5ab7509bf9c115f458d?s=96&d=mm&r=g","contentUrl":"https:\/\/secure.gravatar.com\/avatar\/0c4fe6688343aed3693b15573beae12c08ace5565409d5ab7509bf9c115f458d?s=96&d=mm&r=g","caption":"Edit\u00f6r"},"url":"https:\/\/www.kariyer.net\/kariyer-rehberi\/author\/editor\/"}]}},"_links":{"self":[{"href":"https:\/\/www.kariyer.net\/kariyer-rehberi\/wp-json\/wp\/v2\/posts\/16483","targetHints":{"allow":["GET"]}}],"collection":[{"href":"https:\/\/www.kariyer.net\/kariyer-rehberi\/wp-json\/wp\/v2\/posts"}],"about":[{"href":"https:\/\/www.kariyer.net\/kariyer-rehberi\/wp-json\/wp\/v2\/types\/post"}],"author":[{"embeddable":true,"href":"https:\/\/www.kariyer.net\/kariyer-rehberi\/wp-json\/wp\/v2\/users\/12"}],"replies":[{"embeddable":true,"href":"https:\/\/www.kariyer.net\/kariyer-rehberi\/wp-json\/wp\/v2\/comments?post=16483"}],"version-history":[{"count":1,"href":"https:\/\/www.kariyer.net\/kariyer-rehberi\/wp-json\/wp\/v2\/posts\/16483\/revisions"}],"predecessor-version":[{"id":19408,"href":"https:\/\/www.kariyer.net\/kariyer-rehberi\/wp-json\/wp\/v2\/posts\/16483\/revisions\/19408"}],"wp:featuredmedia":[{"embeddable":true,"href":"https:\/\/www.kariyer.net\/kariyer-rehberi\/wp-json\/wp\/v2\/media\/16495"}],"wp:attachment":[{"href":"https:\/\/www.kariyer.net\/kariyer-rehberi\/wp-json\/wp\/v2\/media?parent=16483"}],"wp:term":[{"taxonomy":"category","embeddable":true,"href":"https:\/\/www.kariyer.net\/kariyer-rehberi\/wp-json\/wp\/v2\/categories?post=16483"},{"taxonomy":"post_tag","embeddable":true,"href":"https:\/\/www.kariyer.net\/kariyer-rehberi\/wp-json\/wp\/v2\/tags?post=16483"}],"curies":[{"name":"wp","href":"https:\/\/api.w.org\/{rel}","templated":true}]}}