{"id":16870,"date":"2023-10-18T09:00:19","date_gmt":"2023-10-18T06:00:19","guid":{"rendered":"https:\/\/www.kariyer.net\/kariyer-rehberi\/?p=16870"},"modified":"2024-07-03T14:49:49","modified_gmt":"2024-07-03T11:49:49","slug":"isverenlerin-z-kusagindan-bekledigi-5-sey","status":"publish","type":"post","link":"https:\/\/www.kariyer.net\/kariyer-rehberi\/isverenlerin-z-kusagindan-bekledigi-5-sey\/","title":{"rendered":"\u0130\u015fverenlerin Z ku\u015fa\u011f\u0131ndan bekledi\u011fi 5 \u015fey"},"content":{"rendered":"<p><strong>Z ku\u015fa\u011f\u0131n\u0131n i\u015f hayat\u0131nda yer almaya ba\u015flamas\u0131yla birlikte dengeler de de\u011fi\u015fti. \u0130\u015f yap\u0131\u015f \u015fekillerinden i\u015f-ya\u015fam dengesinin nas\u0131l olmas\u0131 gerekti\u011fine dair bir\u00e7ok konu i\u015f d\u00fcnyas\u0131nda art\u0131k daha \u00e7ok tart\u0131\u015f\u0131l\u0131yor. Peki, bu s\u00fcre\u00e7te i\u015fverenlerin Z ku\u015fa\u011f\u0131 \u00e7al\u0131\u015fanlardan bekledikleri neler?<\/strong><\/p>\n<p>\u00c7a\u011f de\u011fi\u015fiyor, jenerasyon de\u011fi\u015fiyor, i\u015f yapma modelleri, ofisler, \u00e7al\u0131\u015fma ko\u015fullar\u0131 hatta i\u015fler bile de\u011fi\u015fiyor. Bu de\u011fi\u015fim \u00e7a\u011f\u0131nda elbette farkl\u0131 jenerasyonlar\u0131n birlikte \u00e7al\u0131\u015fmas\u0131, birbirlerine adapte olabilmesi ve birbirlerinden \u00f6\u011frenerek kar\u015f\u0131l\u0131kl\u0131 geli\u015fim ortam\u0131n\u0131n yarat\u0131lmas\u0131 \u00e7ok \u00f6nemli. Peki i\u015fverenler yeni jenerasyondan, yani Z ku\u015fa\u011f\u0131ndan neler bekliyor?<\/p>\n<h2><strong>\u00d6zg\u00fcven<\/strong><\/h2>\n<p>\u0130\u015f hayat\u0131na ad\u0131m att\u0131ktan sonra kendine g\u00fcvenmen \u00e7ok \u00f6nemli bir yetkinlik. \u0130\u015fverenler kendinden emin, kendisine g\u00fcvenen, verilen i\u015fi en iyi \u015fekilde yapmaya \u00e7al\u0131\u015fan ki\u015fileri di\u011ferlerine g\u00f6re daha \u00e7ok tercih ediyor. Elbette burada kritik bir nokta var ki o da EGO. \u00d6zg\u00fcven ve &#8220;ego&#8221;yu birbirine kar\u0131\u015ft\u0131rmadan hareket etmek, keyifle \u00e7al\u0131\u015fabilmek i\u00e7in \u00f6nemli bir detay.<\/p>\n<h2><strong>Fark\u0131ndal\u0131k<\/strong><\/h2>\n<p>Parlak bir \u00f6\u011frenci olmak, iyi bir \u00e7al\u0131\u015fma arkada\u015f\u0131 olunabilece\u011fi anlam\u0131na gelmiyor. Fark\u0131ndal\u0131k, bir \u00f6\u011frencinin kendini di\u011fer adaylardan s\u0131y\u0131rabilmesi i\u00e7in kritik bir \u00f6zelliktir. \u00c7al\u0131\u015faca\u011f\u0131 sekt\u00f6r\u00fc, \u015firketi, pozisyonu, yapaca\u011f\u0131 i\u015fleri, kendisinde olan ve olmayan t\u00fcm yetkinlikleri fark\u0131nda olan ve kendisini daha nas\u0131l geli\u015ftirebilece\u011fini bilen adaylar, her zaman 1-0 \u00f6ndedir.<\/p>\n<h2><strong>Merak ve Heves<\/strong><\/h2>\n<p>Yap\u0131lan i\u015fe tutkuyla yakla\u015fan, \u00f6nemseyen, de\u011fer veren, merak eden, ara\u015ft\u0131ran ve geli\u015ftirmeye \u00e7abalayan, bu i\u015fi yapabilmek i\u00e7in hevesle bekleyen bir karaktersen i\u015fverenler seni \u00f6nemseyecek ve birlikte \u00e7al\u0131\u015fmaktan keyif duyacakt\u0131r. \u00c7\u00fcnk\u00fc bu \u00f6zelli\u011fin ekip i\u00e7erisinde kar\u015f\u0131l\u0131kl\u0131 geli\u015fimi destekleyecek g\u00fc\u00e7l\u00fc bir motivasyon arac\u0131d\u0131r.<\/p>\n<h2><strong>Enerji<\/strong><\/h2>\n<p>G\u00fcn\u00fcm\u00fczde \u00f6zellikle zaman\u0131n en de\u011ferli kavram oldu\u011fu bir noktada enerjik, dinamik ve atak gen\u00e7lere ve beyinlere sekt\u00f6rdeki i\u015fverenlerin bolca ihtiyac\u0131 var. \u0130\u015f hayat\u0131 yava\u015fl\u0131\u011f\u0131, a\u011f\u0131r kanl\u0131l\u0131\u011f\u0131, park edip beklemeyi pek sevmez. H\u0131zl\u0131 hareket etmen, enerjini i\u015fine yans\u0131tman ve atik bir \u015fekilde ekibe, i\u015fe ve \u015firkete uyum sa\u011flaman beklentiler aras\u0131ndad\u0131r.<\/p>\n<h2><strong>Aidiyet<\/strong><\/h2>\n<p>Ekibe, \u015firkete, i\u015fe t\u00fcm benli\u011finle aidiyet duydu\u011funda bu o \u015firkette \u00e7ok daha keyifle \u00e7al\u0131\u015fmana, problemleri daha h\u0131zl\u0131 \u00e7\u00f6zebilmene, i\u015fini severek yapmana ve daha proaktif i\u015fler \u00e7\u0131karmana yard\u0131mc\u0131 olacakt\u0131r. E\u011fer bir i\u015fe, ekibe veya \u015firkete aidiyet duyam\u0131yorsan o i\u015ften \u00e7ok daha h\u0131zl\u0131 s\u0131k\u0131l\u0131r ve \u00e7ok daha fazla problemle kar\u015f\u0131la\u015f\u0131rs\u0131n. \u00c7\u00fcnk\u00fc sevmeden bir i\u015fi olmas\u0131 gerekti\u011fi gibi yapmak ger\u00e7ekten zordur. Bu nedenle i\u015fverenler aidiyet duygusu g\u00fc\u00e7l\u00fc adaylar\u0131 yine \u00f6ncelikli olarak tercih etmektedir.<\/p>\n<p>Elbette bu \u00f6zellikler tek ba\u015f\u0131na yeterli de\u011fildir ve her \u015firketin beklentilerine g\u00f6re de\u011fi\u015febilir; ancak genel olarak bir i\u015fverenin gen\u00e7 yeteneklerde arad\u0131\u011f\u0131 kriterler bunlard\u0131r.<\/p>\n<p><strong>Konuk Yazar:<\/strong>\u00a0Gizem Topsakal Acet \/\u00a0 Talent Recruitment Partner<\/p>\n<div class=\"td-post-content tagdiv-type\">\n<p><strong>Yazara ait di\u011fer yaz\u0131lar\u0131 okumak i\u00e7in\u00a0<a href=\"https:\/\/www.kariyer.net\/ik-blog\/tag\/gizem-topsakal-acet\/\" target=\"_blank\" rel=\"noopener\">buraya<\/a>\u00a0t\u0131klayabilirsiniz.<\/strong><\/p>\n<\/div>\n<!-- templates\/buttons-placeholder.php -->\n<div class=\"da-reactions-outer TpostID16870\">\n\t    <div class=\"da-reactions-data da-reactions-container-async center\"\n         data-type=\"post\"\n         data-id=\"16870\"\n         id=\"da-reactions-slot-post-16870\">\n        <div class=\"da-reactions-static\">\n\t\t\t<img src=\"https:\/\/www.kariyer.net\/kariyer-rehberi\/wp-content\/plugins\/da-reactions\/assets\/dist\/loading.svg\" alt=\"Loading spinner\" width=\"48\" height=\"48\" style=\"width:48px\" \/>\n        <\/div>\n    <\/div>\n<\/div>\n","protected":false},"excerpt":{"rendered":"<p>Z ku\u015fa\u011f\u0131n\u0131n i\u015f hayat\u0131nda yer almaya ba\u015flamas\u0131yla birlikte dengeler de de\u011fi\u015fti. \u0130\u015f yap\u0131\u015f \u015fekillerinden i\u015f-ya\u015fam dengesinin nas\u0131l olmas\u0131 gerekti\u011fine dair bir\u00e7ok konu i\u015f d\u00fcnyas\u0131nda art\u0131k daha \u00e7ok tart\u0131\u015f\u0131l\u0131yor. Peki, bu s\u00fcre\u00e7te i\u015fverenlerin Z ku\u015fa\u011f\u0131 \u00e7al\u0131\u015fanlardan bekledikleri neler? \u00c7a\u011f de\u011fi\u015fiyor, jenerasyon de\u011fi\u015fiyor, i\u015f yapma modelleri, ofisler, \u00e7al\u0131\u015fma ko\u015fullar\u0131 hatta i\u015fler bile de\u011fi\u015fiyor. Bu de\u011fi\u015fim \u00e7a\u011f\u0131nda elbette [&hellip;]<\/p>\n<!-- templates\/buttons-placeholder.php -->\n<div class=\"da-reactions-outer TpostID16870\">\n\t    <div class=\"da-reactions-data da-reactions-container-async center\"\n         data-type=\"post\"\n         data-id=\"16870\"\n         id=\"da-reactions-slot-post-16870\">\n        <div class=\"da-reactions-static\">\n\t\t\t<img src=\"https:\/\/www.kariyer.net\/kariyer-rehberi\/wp-content\/plugins\/da-reactions\/assets\/dist\/loading.svg\" alt=\"Loading spinner\" width=\"48\" height=\"48\" style=\"width:48px\" \/>\n        <\/div>\n    <\/div>\n<\/div>\n","protected":false},"author":9,"featured_media":16871,"comment_status":"closed","ping_status":"open","sticky":false,"template":"","format":"standard","meta":{"footnotes":"","_elementor_edit_mode":"","_elementor_template_type":"","_elementor_data":"","_elementor_page_settings":null,"_elementor_conditions":[]},"categories":[2203,6,46],"tags":[1570,2062,2063],"class_list":{"0":"post-16870","1":"post","2":"type-post","3":"status-publish","4":"format-standard","5":"has-post-thumbnail","7":"category-haberler-duyurular","8":"category-is-bulma-stratejileri","9":"category-is-hayati","10":"tag-gizem-topsakal-acet","11":"tag-z-kusagi","12":"tag-z-kusagi-ve-is-hayati"},"yoast_head":"<!-- This site is optimized with the Yoast SEO Premium plugin v21.4 (Yoast SEO v27.0) - https:\/\/yoast.com\/product\/yoast-seo-premium-wordpress\/ -->\n<title>\u0130\u015fverenlerin Z ku\u015fa\u011f\u0131ndan bekledi\u011fi 5 \u015fey | Kariyer Rehberi<\/title>\n<meta name=\"description\" content=\"\u0130\u015fverenlerin Z ku\u015fa\u011f\u0131ndan bekledi\u011fi 5 \u015fey nedir? Z ku\u015fa\u011f\u0131n\u0131n i\u015f hayat\u0131ndan ve i\u015fverenlerden beklentileri var. Peki i\u015fverenler ne bekliyor?\" \/>\n<meta name=\"robots\" content=\"index, follow, max-snippet:-1, max-image-preview:large, max-video-preview:-1\" \/>\n<link rel=\"canonical\" href=\"https:\/\/www.kariyer.net\/kariyer-rehberi\/isverenlerin-z-kusagindan-bekledigi-5-sey\/\" \/>\n<meta property=\"og:locale\" content=\"tr_TR\" \/>\n<meta property=\"og:type\" content=\"article\" \/>\n<meta property=\"og:title\" content=\"\u0130\u015fverenlerin Z ku\u015fa\u011f\u0131ndan bekledi\u011fi 5 \u015fey\" \/>\n<meta property=\"og:description\" content=\"Z ku\u015fa\u011f\u0131n\u0131n i\u015f hayat\u0131nda yer almaya ba\u015flamas\u0131yla birlikte dengeler de de\u011fi\u015fti. \u0130\u015f yap\u0131\u015f \u015fekillerinden i\u015f-ya\u015fam dengesinin nas\u0131l olmas\u0131 gerekti\u011fine dair\" \/>\n<meta property=\"og:url\" content=\"https:\/\/www.kariyer.net\/kariyer-rehberi\/isverenlerin-z-kusagindan-bekledigi-5-sey\/\" \/>\n<meta property=\"og:site_name\" content=\"Kariyer Rehberi\" \/>\n<meta property=\"article:published_time\" content=\"2023-10-18T06:00:19+00:00\" \/>\n<meta property=\"article:modified_time\" content=\"2024-07-03T11:49:49+00:00\" \/>\n<meta property=\"og:image\" content=\"https:\/\/www.kariyer.net\/kariyer-rehberi\/wp-content\/uploads\/2022\/11\/generation_z.jpg\" \/>\n\t<meta property=\"og:image:width\" content=\"900\" \/>\n\t<meta property=\"og:image:height\" content=\"599\" \/>\n\t<meta property=\"og:image:type\" content=\"image\/jpeg\" \/>\n<meta name=\"author\" content=\"Konuk Yazar\" \/>\n<meta name=\"twitter:card\" content=\"summary_large_image\" \/>\n<meta name=\"twitter:label1\" content=\"Yazan:\" \/>\n\t<meta name=\"twitter:data1\" content=\"Konuk Yazar\" \/>\n\t<meta name=\"twitter:label2\" content=\"Tahmini okuma s\u00fcresi\" \/>\n\t<meta name=\"twitter:data2\" content=\"3 dakika\" \/>\n<!-- \/ Yoast SEO Premium plugin. -->","yoast_head_json":{"title":"\u0130\u015fverenlerin Z ku\u015fa\u011f\u0131ndan bekledi\u011fi 5 \u015fey | Kariyer Rehberi","description":"\u0130\u015fverenlerin Z ku\u015fa\u011f\u0131ndan bekledi\u011fi 5 \u015fey nedir? Z ku\u015fa\u011f\u0131n\u0131n i\u015f hayat\u0131ndan ve i\u015fverenlerden beklentileri var. Peki i\u015fverenler ne bekliyor?","robots":{"index":"index","follow":"follow","max-snippet":"max-snippet:-1","max-image-preview":"max-image-preview:large","max-video-preview":"max-video-preview:-1"},"canonical":"https:\/\/www.kariyer.net\/kariyer-rehberi\/isverenlerin-z-kusagindan-bekledigi-5-sey\/","og_locale":"tr_TR","og_type":"article","og_title":"\u0130\u015fverenlerin Z ku\u015fa\u011f\u0131ndan bekledi\u011fi 5 \u015fey","og_description":"Z ku\u015fa\u011f\u0131n\u0131n i\u015f hayat\u0131nda yer almaya ba\u015flamas\u0131yla birlikte dengeler de de\u011fi\u015fti. \u0130\u015f yap\u0131\u015f \u015fekillerinden i\u015f-ya\u015fam dengesinin nas\u0131l olmas\u0131 gerekti\u011fine dair","og_url":"https:\/\/www.kariyer.net\/kariyer-rehberi\/isverenlerin-z-kusagindan-bekledigi-5-sey\/","og_site_name":"Kariyer Rehberi","article_published_time":"2023-10-18T06:00:19+00:00","article_modified_time":"2024-07-03T11:49:49+00:00","og_image":[{"width":900,"height":599,"url":"https:\/\/www.kariyer.net\/kariyer-rehberi\/wp-content\/uploads\/2022\/11\/generation_z.jpg","type":"image\/jpeg"}],"author":"Konuk Yazar","twitter_card":"summary_large_image","twitter_misc":{"Yazan:":"Konuk Yazar","Tahmini okuma s\u00fcresi":"3 dakika"},"schema":{"@context":"https:\/\/schema.org","@graph":[{"@type":"Article","@id":"https:\/\/www.kariyer.net\/kariyer-rehberi\/isverenlerin-z-kusagindan-bekledigi-5-sey\/#article","isPartOf":{"@id":"https:\/\/www.kariyer.net\/kariyer-rehberi\/isverenlerin-z-kusagindan-bekledigi-5-sey\/"},"author":{"name":"Konuk Yazar","@id":"https:\/\/www.kariyer.net\/kariyer-rehberi\/#\/schema\/person\/6154a58a8375a4df7f7fc847997c4657"},"headline":"\u0130\u015fverenlerin Z ku\u015fa\u011f\u0131ndan bekledi\u011fi 5 \u015fey","datePublished":"2023-10-18T06:00:19+00:00","dateModified":"2024-07-03T11:49:49+00:00","mainEntityOfPage":{"@id":"https:\/\/www.kariyer.net\/kariyer-rehberi\/isverenlerin-z-kusagindan-bekledigi-5-sey\/"},"wordCount":549,"publisher":{"@id":"https:\/\/www.kariyer.net\/kariyer-rehberi\/#organization"},"image":{"@id":"https:\/\/www.kariyer.net\/kariyer-rehberi\/isverenlerin-z-kusagindan-bekledigi-5-sey\/#primaryimage"},"thumbnailUrl":"https:\/\/www.kariyer.net\/kariyer-rehberi\/wp-content\/uploads\/2022\/11\/generation_z.jpg","keywords":["Gizem Topsakal Acet","z ku\u015fa\u011f\u0131","z ku\u015fa\u011f\u0131 ve i\u015f hayat\u0131"],"articleSection":["Haberler ve Duyurular","\u0130\u015f Bulma Stratejileri","\u0130\u015f Hayat\u0131"],"inLanguage":"tr"},{"@type":"WebPage","@id":"https:\/\/www.kariyer.net\/kariyer-rehberi\/isverenlerin-z-kusagindan-bekledigi-5-sey\/","url":"https:\/\/www.kariyer.net\/kariyer-rehberi\/isverenlerin-z-kusagindan-bekledigi-5-sey\/","name":"\u0130\u015fverenlerin Z ku\u015fa\u011f\u0131ndan bekledi\u011fi 5 \u015fey | Kariyer Rehberi","isPartOf":{"@id":"https:\/\/www.kariyer.net\/kariyer-rehberi\/#website"},"primaryImageOfPage":{"@id":"https:\/\/www.kariyer.net\/kariyer-rehberi\/isverenlerin-z-kusagindan-bekledigi-5-sey\/#primaryimage"},"image":{"@id":"https:\/\/www.kariyer.net\/kariyer-rehberi\/isverenlerin-z-kusagindan-bekledigi-5-sey\/#primaryimage"},"thumbnailUrl":"https:\/\/www.kariyer.net\/kariyer-rehberi\/wp-content\/uploads\/2022\/11\/generation_z.jpg","datePublished":"2023-10-18T06:00:19+00:00","dateModified":"2024-07-03T11:49:49+00:00","description":"\u0130\u015fverenlerin Z ku\u015fa\u011f\u0131ndan bekledi\u011fi 5 \u015fey nedir? Z ku\u015fa\u011f\u0131n\u0131n i\u015f hayat\u0131ndan ve i\u015fverenlerden beklentileri var. Peki i\u015fverenler ne bekliyor?","breadcrumb":{"@id":"https:\/\/www.kariyer.net\/kariyer-rehberi\/isverenlerin-z-kusagindan-bekledigi-5-sey\/#breadcrumb"},"inLanguage":"tr","potentialAction":[{"@type":"ReadAction","target":["https:\/\/www.kariyer.net\/kariyer-rehberi\/isverenlerin-z-kusagindan-bekledigi-5-sey\/"]}]},{"@type":"ImageObject","inLanguage":"tr","@id":"https:\/\/www.kariyer.net\/kariyer-rehberi\/isverenlerin-z-kusagindan-bekledigi-5-sey\/#primaryimage","url":"https:\/\/www.kariyer.net\/kariyer-rehberi\/wp-content\/uploads\/2022\/11\/generation_z.jpg","contentUrl":"https:\/\/www.kariyer.net\/kariyer-rehberi\/wp-content\/uploads\/2022\/11\/generation_z.jpg","width":900,"height":599,"caption":"\u0130\u015fverenlerin Z ku\u015fa\u011f\u0131ndan bekledi\u011fi 5 \u015fey"},{"@type":"BreadcrumbList","@id":"https:\/\/www.kariyer.net\/kariyer-rehberi\/isverenlerin-z-kusagindan-bekledigi-5-sey\/#breadcrumb","itemListElement":[{"@type":"ListItem","position":1,"name":"Anasayfa","item":"https:\/\/www.kariyer.net\/kariyer-rehberi\/"},{"@type":"ListItem","position":2,"name":"\u0130\u015fverenlerin Z ku\u015fa\u011f\u0131ndan bekledi\u011fi 5 \u015fey"}]},{"@type":"WebSite","@id":"https:\/\/www.kariyer.net\/kariyer-rehberi\/#website","url":"https:\/\/www.kariyer.net\/kariyer-rehberi\/","name":"Kariyer Rehberi","description":"\u0130\u015f D\u00fcnyas\u0131yla \u0130lgili Bilmek \u0130stedi\u011finiz Her \u015eey","publisher":{"@id":"https:\/\/www.kariyer.net\/kariyer-rehberi\/#organization"},"potentialAction":[{"@type":"SearchAction","target":{"@type":"EntryPoint","urlTemplate":"https:\/\/www.kariyer.net\/kariyer-rehberi\/?s={search_term_string}"},"query-input":{"@type":"PropertyValueSpecification","valueRequired":true,"valueName":"search_term_string"}}],"inLanguage":"tr"},{"@type":"Organization","@id":"https:\/\/www.kariyer.net\/kariyer-rehberi\/#organization","name":"Kariyer.net","url":"https:\/\/www.kariyer.net\/kariyer-rehberi\/","logo":{"@type":"ImageObject","inLanguage":"tr","@id":"https:\/\/www.kariyer.net\/kariyer-rehberi\/#\/schema\/logo\/image\/","url":"https:\/\/www.kariyer.net\/kariyer-rehberi-new\/wp-content\/uploads\/2023\/01\/og-image11.jpg","contentUrl":"https:\/\/www.kariyer.net\/kariyer-rehberi-new\/wp-content\/uploads\/2023\/01\/og-image11.jpg","width":800,"height":800,"caption":"Kariyer.net"},"image":{"@id":"https:\/\/www.kariyer.net\/kariyer-rehberi\/#\/schema\/logo\/image\/"}},{"@type":"Person","@id":"https:\/\/www.kariyer.net\/kariyer-rehberi\/#\/schema\/person\/6154a58a8375a4df7f7fc847997c4657","name":"Konuk Yazar","image":{"@type":"ImageObject","inLanguage":"tr","@id":"https:\/\/www.kariyer.net\/kariyer-rehberi\/#\/schema\/person\/image\/","url":"https:\/\/secure.gravatar.com\/avatar\/f03aa189ddb09160e6f0ad7e5e2c4b69c7102a041cc145a1e45a96f0100baa41?s=96&d=mm&r=g","contentUrl":"https:\/\/secure.gravatar.com\/avatar\/f03aa189ddb09160e6f0ad7e5e2c4b69c7102a041cc145a1e45a96f0100baa41?s=96&d=mm&r=g","caption":"Konuk Yazar"},"url":"https:\/\/www.kariyer.net\/kariyer-rehberi\/author\/konukyazar\/"}]}},"_links":{"self":[{"href":"https:\/\/www.kariyer.net\/kariyer-rehberi\/wp-json\/wp\/v2\/posts\/16870","targetHints":{"allow":["GET"]}}],"collection":[{"href":"https:\/\/www.kariyer.net\/kariyer-rehberi\/wp-json\/wp\/v2\/posts"}],"about":[{"href":"https:\/\/www.kariyer.net\/kariyer-rehberi\/wp-json\/wp\/v2\/types\/post"}],"author":[{"embeddable":true,"href":"https:\/\/www.kariyer.net\/kariyer-rehberi\/wp-json\/wp\/v2\/users\/9"}],"replies":[{"embeddable":true,"href":"https:\/\/www.kariyer.net\/kariyer-rehberi\/wp-json\/wp\/v2\/comments?post=16870"}],"version-history":[{"count":1,"href":"https:\/\/www.kariyer.net\/kariyer-rehberi\/wp-json\/wp\/v2\/posts\/16870\/revisions"}],"predecessor-version":[{"id":18494,"href":"https:\/\/www.kariyer.net\/kariyer-rehberi\/wp-json\/wp\/v2\/posts\/16870\/revisions\/18494"}],"wp:featuredmedia":[{"embeddable":true,"href":"https:\/\/www.kariyer.net\/kariyer-rehberi\/wp-json\/wp\/v2\/media\/16871"}],"wp:attachment":[{"href":"https:\/\/www.kariyer.net\/kariyer-rehberi\/wp-json\/wp\/v2\/media?parent=16870"}],"wp:term":[{"taxonomy":"category","embeddable":true,"href":"https:\/\/www.kariyer.net\/kariyer-rehberi\/wp-json\/wp\/v2\/categories?post=16870"},{"taxonomy":"post_tag","embeddable":true,"href":"https:\/\/www.kariyer.net\/kariyer-rehberi\/wp-json\/wp\/v2\/tags?post=16870"}],"curies":[{"name":"wp","href":"https:\/\/api.w.org\/{rel}","templated":true}]}}