{"id":16964,"date":"2022-12-15T14:13:09","date_gmt":"2022-12-15T11:13:09","guid":{"rendered":"https:\/\/www.kariyer.net\/kariyer-rehberi\/?p=16964"},"modified":"2024-08-08T21:08:26","modified_gmt":"2024-08-08T18:08:26","slug":"2023-emekli-maas-zammi-ne-kadar-olacak","status":"publish","type":"post","link":"https:\/\/www.kariyer.net\/kariyer-rehberi\/2023-emekli-maas-zammi-ne-kadar-olacak\/","title":{"rendered":"2023 emekli maa\u015f zamm\u0131 ne kadar olacak?"},"content":{"rendered":"<div class=\"\" data-block=\"true\" data-editor=\"1463e\" data-offset-key=\"4ralg-0-0\">\n<div class=\"public-DraftStyleDefault-block public-DraftStyleDefault-ltr\" data-offset-key=\"4ralg-0-0\"><strong>\u015eimdilerde emekli olan, \u00e7al\u0131\u015fan, emeklilikte ya\u015fa tak\u0131lan, memur ya da i\u015f\u00e7i herkes yeni zam oranlar\u0131n\u0131 ve emekliler i\u00e7in nas\u0131l d\u00fczenlemeler olaca\u011f\u0131n\u0131 merak ediyor. Ocak ay\u0131nda belirlenecek olan enflasyon oran\u0131 tahminlerine g\u00f6re yeni emeklilik zam oranlar\u0131n\u0131n neler olabilece\u011fi gibi konular\u0131 bu yaz\u0131m\u0131zda derledik.<\/strong><\/div>\n<\/div>\n<h2 class=\"public-DraftStyleDefault-block public-DraftStyleDefault-ltr\" data-offset-key=\"ej2a8-0-0\"><strong>Emekli zamm\u0131\u00a0<\/strong><\/h2>\n<div class=\"\" data-block=\"true\" data-editor=\"1463e\" data-offset-key=\"30ocn-0-0\">\n<div class=\"public-DraftStyleDefault-block public-DraftStyleDefault-ltr\" data-offset-key=\"30ocn-0-0\"><span data-offset-key=\"30ocn-0-0\">\u00dclkemizde her y\u0131l sonu oldu\u011fu gibi bu y\u0131l sonunda da milyonlarca SGK, BA\u011e-KUR emeklisi ve memur, yeni y\u0131lda <\/span><span data-offset-key=\"30ocn-0-1\">emeklilik zamm\u0131 <\/span><span data-offset-key=\"30ocn-0-2\">oranlar\u0131n\u0131n ne olaca\u011f\u0131n\u0131 ve ne kadar maa\u015f alacaklar\u0131n\u0131 merak ediyor.<\/span><span data-offset-key=\"30ocn-0-3\"> Emeklilik zamm\u0131 ne kadar<\/span><span data-offset-key=\"30ocn-0-4\"> oldu\u011funu merak eden emekliler a\u00e7\u0131klanan kas\u0131m ay\u0131 verileriyle \u00e7e\u015fitli hesaplamalar\u0131 yapmaya ba\u015flar. Y\u0131l sonu yakla\u015ft\u0131k\u00e7a emekli maa\u015flar\u0131n\u0131n hangi zam oran\u0131 ile ili\u015fkili olarak artaca\u011f\u0131 y\u00f6n\u00fcnde \u00e7e\u015fitli yorumlar ve <\/span><span data-offset-key=\"30ocn-0-5\">emekli zamm\u0131 haberleri<\/span><span data-offset-key=\"30ocn-0-6\"> \u00f6ne \u00e7\u0131kar.<\/span> <span data-offset-key=\"30ocn-0-8\">Peki emeklilik zamm\u0131n\u0131 belirleyen fakt\u00f6rler nelerdir?\u00a0<\/span><\/div>\n<\/div>\n<div class=\"\" data-block=\"true\" data-editor=\"1463e\" data-offset-key=\"fngqm-0-0\">\n<div class=\"public-DraftStyleDefault-block public-DraftStyleDefault-ltr\" data-offset-key=\"fngqm-0-0\"><span data-offset-key=\"fngqm-0-0\">Emeklilere zam<\/span><span data-offset-key=\"fngqm-0-1\"> oran\u0131 a\u00e7\u0131klanacak olan enflasyon oran\u0131na g\u00f6re hesaplan\u0131r. A\u00e7\u0131klanan enflasyon oranlar\u0131na g\u00f6re SGK, BA\u011e-KUR emekli maa\u015flar\u0131 ve memur maa\u015flar\u0131 belirlenmeye ba\u015flad\u0131. Bu y\u00fczden BA\u011e-KUR, SGK emeklileri ve memurlar\u0131 i\u00e7in enflasyon oran\u0131, <\/span><span data-offset-key=\"fngqm-0-2\">emeklilik maa\u015f\u0131 zamm\u0131<\/span><span data-offset-key=\"fngqm-0-3\"> oran\u0131n\u0131n hesaplanmas\u0131nda ve belirlenmesinde kritik \u00f6nem ta\u015f\u0131r. Memurlar a\u00e7\u0131klanan enflasyon oran\u0131na g\u00f6re enflasyon fark\u0131 almaya hak kazan\u0131rken, BA\u011e-KUR emeklileri ve SGK emeklileri a\u00e7\u0131klanan 6 ayl\u0131k enflasyon oran\u0131 tutar\u0131nda zam almaya hak kazan\u0131rlar.\u00a0<\/span><\/div>\n<div data-offset-key=\"fngqm-0-0\"><\/div>\n<\/div>\n<div class=\"\" data-block=\"true\" data-editor=\"1463e\" data-offset-key=\"frc3m-0-0\">\n<div class=\"public-DraftStyleDefault-block public-DraftStyleDefault-ltr\" data-offset-key=\"frc3m-0-0\"><span data-offset-key=\"frc3m-0-0\">T\u00fcrkiye istatistik kurumu verileri \u00e7er\u00e7evesinde kas\u0131m ay\u0131nda a\u00e7\u0131klanan enflasyon 2.88 artm\u0131\u015ft\u0131r. Y\u0131ll\u0131k bazda de\u011ferlendirildi\u011finde bu art\u0131\u015f %84.39&#8217;dur. Dolay\u0131s\u0131yla temmuz, a\u011fustos, eyl\u00fcl, ekim ve kas\u0131m aylar\u0131ndaki enflasyon oranlar\u0131 belli oldu\u011fu i\u00e7in 5 ayl\u0131k d\u00f6nemdeki enflasyon fark\u0131 hesaplanabilir ve bu enflasyon fark\u0131 %14.04&#8217;t\u00fcr.\u00a0<\/span><\/div>\n<\/div>\n<div class=\"\" data-block=\"true\" data-editor=\"1463e\" data-offset-key=\"b1r6h-0-0\">\n<div class=\"public-DraftStyleDefault-block public-DraftStyleDefault-ltr\" data-offset-key=\"b1r6h-0-0\"><span data-offset-key=\"b1r6h-0-0\">2022 Temmuz ay\u0131nda %7 oran\u0131nda zam alan memur emeklileri, s\u00f6zle\u015fmeli personeller i\u00e7in bir hesaplama yap\u0131ld\u0131\u011f\u0131nda %7&#8217;nin \u00fcst\u00fcnde bir enflasyon fark\u0131 olu\u015ftu\u011fu g\u00f6r\u00fcl\u00fcr. BA\u011e-KUR ve SGK emeklileri i\u00e7in hesaplamaya dahil edilen geriye d\u00f6n\u00fck 6 ayl\u0131k T\u00dcFE art\u0131\u015f\u0131 kadar BA\u011e-KUR ve i\u015f\u00e7i <\/span><span data-offset-key=\"b1r6h-0-1\">emekli zam oran\u0131 <\/span><span data-offset-key=\"b1r6h-0-2\">hesapland\u0131\u011f\u0131nda kas\u0131m ay\u0131 sonu itibar\u0131yla %14.04&#8217;t\u00fcr. Fakat hen\u00fcz aral\u0131k ay\u0131 a\u00e7\u0131klanmad\u0131\u011f\u0131 i\u00e7in kesin rakamlar 3 Ocak&#8217;ta a\u00e7\u0131klanacakt\u0131r ve 3 Ocak&#8217;ta a\u00e7\u0131klanacak olan enflasyon rakam\u0131 ile BA\u011e-KUR ve SGK emeklilerinin ne kadar zam alaca\u011f\u0131 netle\u015fecektir.\u00a0<\/span><\/div>\n<\/div>\n<h2 class=\"public-DraftStyleDefault-block public-DraftStyleDefault-ltr\" data-offset-key=\"a0uqr-0-0\"><strong>Emekli zam tablosu<\/strong><\/h2>\n<div class=\"\" data-block=\"true\" data-editor=\"1463e\" data-offset-key=\"5vlhk-0-0\">\n<div class=\"public-DraftStyleDefault-block public-DraftStyleDefault-ltr\" data-offset-key=\"5vlhk-0-0\"><span data-offset-key=\"5vlhk-0-0\">Kas\u0131m ay\u0131nda a\u00e7\u0131klanan enflasyon oran\u0131yla ilk 5 ay\u0131n verilerine g\u00f6re zam oranlar\u0131n\u0131n ne olaca\u011f\u0131 hesaplanmakta ve 2023 <\/span><span data-offset-key=\"5vlhk-0-1\">emekli zamm\u0131 tablosu <\/span><span data-offset-key=\"5vlhk-0-2\">i\u00e7in \u00e7e\u015fitli tahminler yap\u0131lmaktad\u0131r. <\/span><span data-offset-key=\"5vlhk-0-3\">Emeklilik zamm\u0131 hesaplama <\/span><span data-offset-key=\"5vlhk-0-4\">i\u00e7in baz\u0131 enflasyon olas\u0131l\u0131klar\u0131 de\u011ferlendirilir. Bu olas\u0131l\u0131klara g\u00f6re<\/span> <span data-offset-key=\"5vlhk-0-5\">SSK emeklilik zamm\u0131 <\/span><span data-offset-key=\"5vlhk-0-6\">kapsam\u0131nda SGK ve BA\u011e-KUR emekli ayl\u0131k tutarlar\u0131na yap\u0131lacak zam oranlar\u0131:<\/span><\/div>\n<\/div>\n<div class=\"\" data-block=\"true\" data-editor=\"1463e\" data-offset-key=\"4mfgr-0-0\">\n<h3 class=\"public-DraftStyleDefault-block public-DraftStyleDefault-ltr\" data-offset-key=\"4mfgr-0-0\"><strong>Y\u0131ll\u0131k enflasyon &#8211; Maa\u015f art\u0131\u015f\u00a0oran\u0131\u00a0<\/strong><\/h3>\n<\/div>\n<div class=\"\" data-block=\"true\" data-editor=\"1463e\" data-offset-key=\"9d79v-0-0\">\n<ul>\n<li class=\"public-DraftStyleDefault-block public-DraftStyleDefault-ltr\" data-offset-key=\"9d79v-0-0\"><span data-offset-key=\"9d79v-0-0\">Y\u00fczde 65,2 Y\u00fczde 16,05<\/span><\/li>\n<li class=\"public-DraftStyleDefault-block public-DraftStyleDefault-ltr\" data-offset-key=\"9d79v-0-0\">Y\u00fczde 70,5 Y\u00fczde 19,75<\/li>\n<li class=\"public-DraftStyleDefault-block public-DraftStyleDefault-ltr\" data-offset-key=\"9d79v-0-0\">Y\u00fczde 73,7 Y\u00fczde 22,03<\/li>\n<li class=\"public-DraftStyleDefault-block public-DraftStyleDefault-ltr\" data-offset-key=\"9d79v-0-0\">Y\u00fczde 78,6 Y\u00fczde 25,45<\/li>\n<\/ul>\n<\/div>\n<h2 class=\"public-DraftStyleDefault-block public-DraftStyleDefault-ltr\" data-offset-key=\"96fab-0-0\"><strong>Kad\u0131nlarda emeklilik ya\u015f\u0131\u00a0<\/strong><\/h2>\n<div class=\"\" data-block=\"true\" data-editor=\"1463e\" data-offset-key=\"e14ua-0-0\">\n<div class=\"public-DraftStyleDefault-block public-DraftStyleDefault-ltr\" data-offset-key=\"e14ua-0-0\"><span data-offset-key=\"e14ua-0-0\">Kad\u0131nlarda emeklilik ya\u015f\u0131<\/span><span data-offset-key=\"e14ua-0-1\"> hesaplamas\u0131nda belirli d\u00f6nemler ya\u015f, prim g\u00fcn say\u0131s\u0131 gibi \u00f6nemli kriterleri belirler. \u00d6zellikle bu d\u00f6nemlerde \u00e7\u0131kart\u0131lan kanunda belirtilen \u015fartlar\u0131 sa\u011flayan ki\u015filer emekli olmaya hak kazan\u0131rlar. D\u00f6neme g\u00f6re kanunda aran\u0131lan ya\u015f \u015fart\u0131n\u0131 kad\u0131nlar doldurduklar\u0131 zaman emekli ayl\u0131klar\u0131n\u0131 almaya hak kazan\u0131rlar. Sigortal\u0131 olarak i\u015fe ba\u015flama tarihinde kanunda belirlenmi\u015f olan kriterlere g\u00f6re kad\u0131nlar, t\u00fcm \u015fartlar\u0131 tamamlad\u0131klar\u0131nda ve prim tutarlar\u0131n\u0131 tam olarak \u00f6dediklerinde ya\u015f \u015fart\u0131 tutuyorsa emekli olmaya hak kazan\u0131rlar. Kad\u0131nlarda emeklilik ya\u015f\u0131n\u0131n hesaplamas\u0131ndaki en \u00f6nemli kriterlerden birisi \u00f6denen SGK prim tutarlar\u0131d\u0131r. Kad\u0131nlar\u0131n ya\u015f \u015fartlar\u0131 ve emeklilik kriterleri hesaplamas\u0131nda kad\u0131nlar\u0131n \u00e7al\u0131\u015fmaya ba\u015flad\u0131klar\u0131 ilk sigortal\u0131 olduklar\u0131 tarih ve sigorta kolu dikkate al\u0131n\u0131r. Bununla birlikte, kad\u0131nlar erkeklere g\u00f6re daha farkl\u0131 zamanda emeklili\u011fi hak ederler.\u00a0<\/span><\/div>\n<\/div>\n<div class=\"\" data-block=\"true\" data-editor=\"1463e\" data-offset-key=\"epost-0-0\">\n<div class=\"public-DraftStyleDefault-block public-DraftStyleDefault-ltr\" data-offset-key=\"epost-0-0\"><span data-offset-key=\"epost-0-0\">Di\u011fer \u00fclkelerde oldu\u011fu gibi bizim \u00fclkemizde de kad\u0131nlar erkeklerden daha erken ya\u015fta emekli olurlar. Kad\u0131nlar\u0131n ya\u015f \u015fartlar\u0131n\u0131n belirlenmesinde hangi tarihte sigortaya ilk giri\u015f yap\u0131ld\u0131\u011f\u0131 ve kanuna g\u00f6re hangi kriter kapsam\u0131nda prim \u00f6demi\u015f olduklar\u0131 de\u011ferlendirilmektedir. Bununla birlikte, <\/span><span data-offset-key=\"epost-0-1\">kad\u0131n emeklilik ya\u015f\u0131 <\/span><span data-offset-key=\"epost-0-2\">hesaplamalar\u0131nda ve alacaklar\u0131 emeklilik maa\u015f tutar\u0131 hesaplamas\u0131nda g\u00fcn\u00fcm\u00fcze kadar kanunen bir\u00e7ok farkl\u0131 d\u00fczenleme yap\u0131lm\u0131\u015ft\u0131r.<\/span><\/div>\n<div data-offset-key=\"epost-0-0\"><strong><span style=\"color: #111111; font-family: Roboto, sans-serif; font-size: 27px;\">Kad\u0131nlarda emeklilik ya\u015f\u0131 hesaplamas\u0131<\/span><\/strong><\/div>\n<\/div>\n<div data-offset-key=\"13nqo-0-0\"><\/div>\n<div class=\"\" data-block=\"true\" data-editor=\"1463e\" data-offset-key=\"2rrcr-0-0\">\n<div class=\"public-DraftStyleDefault-block public-DraftStyleDefault-ltr\" data-offset-key=\"2rrcr-0-0\"><span data-offset-key=\"2rrcr-0-0\">Halen erken emeklilik, normal ya\u015fta emeklilik, emeklilikte ya\u015fa tak\u0131lanlar i\u00e7in farkl\u0131 d\u00fczenlemeler g\u00fcndeme gelmekte ve kanunen de\u011fi\u015fiklik yap\u0131lmaya devam edilmektedir. Bu y\u00fczden de\u011fi\u015fiklik yap\u0131lm\u0131\u015f olan kanun hangi y\u0131l ve hangi d\u00f6nemde yap\u0131ld\u0131ysa, o maddelerin ve \u015fartlar\u0131n tamamlan\u0131p tamamlanmad\u0131\u011f\u0131n\u0131 dikkate almak gerekir.<\/span><\/div>\n<div class=\"public-DraftStyleDefault-block public-DraftStyleDefault-ltr\" data-offset-key=\"2rrcr-0-0\"><span data-offset-key=\"2rrcr-0-0\">\u00a0<\/span><\/div>\n<\/div>\n<div class=\"\" data-block=\"true\" data-editor=\"1463e\" data-offset-key=\"82dh5-0-0\">\n<div class=\"public-DraftStyleDefault-block public-DraftStyleDefault-ltr\" data-offset-key=\"82dh5-0-0\"><span data-offset-key=\"82dh5-0-1\"><strong><a href=\"https:\/\/www.kariyer.net\/ik-blog\/kadinlarda-ve-erkeklerde-emeklilik-yasi-ve-sartlari-emeklilik-tablosu\/\" target=\"_blank\" rel=\"noopener\">Kad\u0131nlarda emeklilik ya\u015f\u0131<\/a><\/strong> hesaplama <\/span><span data-offset-key=\"82dh5-0-2\">y\u00f6ntemi i\u00e7in kad\u0131nlar\u0131n hangi y\u0131lda \u00e7al\u0131\u015fm\u0131\u015f olduklar\u0131, \u00e7al\u0131\u015ft\u0131\u011f\u0131 d\u00f6nemde hangi kanun kapsam\u0131na girdikleri detay\u0131 \u00f6nemlidir. Bununla birlikte, 8 Eyl\u00fcl 1999 y\u0131l\u0131 hem erkeklerin hem de kad\u0131nlar\u0131n <\/span><span data-offset-key=\"82dh5-0-3\">erken emeklilik ya\u015f\u0131 <\/span><span data-offset-key=\"82dh5-0-4\">hesaplamas\u0131nda \u00f6nemli bir d\u00f6nemdir. 8 Eyl\u00fcl 1999 y\u0131l\u0131ndan daha \u00f6nce sigortal\u0131 olarak \u00e7al\u0131\u015fmaya ba\u015flayan kad\u0131nlar\u0131n \u015fartlar\u0131 daha farkl\u0131 olacak \u015fekilde belirlenir. 8 Eyl\u00fcl 1999 y\u0131l\u0131 ile 30 Nisan 2008 y\u0131l\u0131 aras\u0131nda ilk kez \u00e7al\u0131\u015fmaya ba\u015flayan ve sigortal\u0131 olan kad\u0131nlar\u0131n ya\u015f ve prim kriterleri daha farkl\u0131 \u015fekilde belirlenmi\u015ftir. 30 Nisan 2008 y\u0131l\u0131ndan sonra \u00e7\u0131kan kanun maddelerine g\u00f6re bu tarihten sonra ilk defa \u00e7al\u0131\u015fan ve sigortal\u0131 olan kad\u0131nlar\u0131n da hesaplamas\u0131nda emeklilik ya\u015f \u015fartlar\u0131 daha farkl\u0131 kriterlere ba\u011fl\u0131d\u0131r. Bu y\u00fczden <\/span><span data-offset-key=\"82dh5-0-5\">kad\u0131nlarda emeklilik ya\u015f\u0131 hesaplama<\/span><span data-offset-key=\"82dh5-0-6\"> kriterlerinde 3 d\u00f6nem \u00f6nemlidir. \u00c7\u00fcnk\u00fc bahsedilen bu \u00fc\u00e7 d\u00f6nemde d\u00fczenlenen kanunlardaki madde \u015fartlar\u0131na g\u00f6re kad\u0131nlar\u0131n prim g\u00fcn say\u0131lar\u0131 ve <\/span><span data-offset-key=\"82dh5-0-7\">emeklilik ya\u015f\u0131<\/span><span data-offset-key=\"82dh5-0-8\"> hesaplamalar\u0131 de\u011fi\u015fir. Kad\u0131nlarda emeklilik i\u00e7in d\u00fczenlenen ve \u00f6nemli \u015fartlardan olan emeklilik prim g\u00fcn say\u0131s\u0131, 1999 y\u0131l\u0131ndan \u00f6nce ilk defa \u00e7al\u0131\u015fmaya ba\u015flayan ve sigortal\u0131 olarak giri\u015fi yap\u0131lan kad\u0131nlar i\u00e7in 3600 g\u00fcn prim g\u00fcn\u00fc olarak belirlenmi\u015ftir. Ayr\u0131ca 1999 y\u0131l\u0131 \u00f6ncesinde ilk defa sigortal\u0131 olarak \u00e7al\u0131\u015fmaya ba\u015flayan kad\u0131nlar\u0131n prim \u00f6deme \u015fartlar\u0131n\u0131 tam olarak yerine getirmelerinin yan\u0131 s\u0131ra 15 y\u0131l boyunca sigortal\u0131 hizmetinin bulunmas\u0131 \u015fart\u0131 vard\u0131r. T\u00fcm bu \u015fartlar\u0131 tamamlayan kad\u0131nlar, emekli ya\u015f\u0131n\u0131 tamamlad\u0131klar\u0131nda emeklili\u011fe hak kazanabilirler.\u00a0<\/span><\/div>\n<div data-offset-key=\"82dh5-0-0\"><\/div>\n<\/div>\n<div class=\"\" data-block=\"true\" data-editor=\"1463e\" data-offset-key=\"18qgh-0-0\">\n<div class=\"public-DraftStyleDefault-block public-DraftStyleDefault-ltr\" data-offset-key=\"18qgh-0-0\"><span data-offset-key=\"18qgh-0-0\">Kad\u0131nlar\u0131n emeklilik ya\u015f hesaplamas\u0131 \u00e7er\u00e7evesinde 1999 y\u0131l\u0131ndan \u00f6nce sigortal\u0131 olan, prim \u00f6deme \u015fart\u0131n\u0131 ve sigortal\u0131l\u0131k hizmet s\u00fcresini tamamlayan kad\u0131nlarda emeklilik ya\u015f\u0131 56 olarak belirlenmi\u015ftir. Ayr\u0131ca kad\u0131nlarda 3600 g\u00fcnle erken emeklilik \u015fartlar\u0131 s\u00f6z konusu olabilir. 1999 y\u0131l\u0131 erken emeklilik \u015fartlar\u0131 i\u00e7in \u00f6nemli bir tarihtir. 1999 y\u0131l\u0131ndan \u00f6nce ilk defa sigortal\u0131 olan ki\u015filer i\u00e7in 3600 g\u00fcn prim \u00f6deme \u015fart\u0131 bulunmaktad\u0131r. Bu ki\u015filer e\u011fer 15 y\u0131l SGK hizmet \u015fart\u0131n\u0131 tamamlarsa erken emeklili\u011fe hak kazan\u0131rlar. \u00d6nemli d\u00f6nemlerden bir di\u011feri de 9 Eyl\u00fcl 1999 ve Nisan 2008 y\u0131llar\u0131 aras\u0131d\u0131r. 9 Eyl\u00fcl 1999 ve Nisan 2008 y\u0131llar\u0131 aras\u0131nda ilk defa \u00e7al\u0131\u015fmaya ba\u015flayan ve sigortal\u0131 olan kad\u0131nlar\u0131n kriterleri daha farkl\u0131 \u015fartlarda belirlenmi\u015ftir. Bu \u015fartlara g\u00f6re hem bayanlar hem erkekler i\u00e7in 25 y\u0131ll\u0131k sigortal\u0131 hizmet s\u00fcresi \u00f6nemlidir. Ayr\u0131ca 7.000 g\u00fcn SGK primlerinin tam olarak \u00f6denmesi \u015fart\u0131 bulunur. 25 y\u0131ll\u0131k sigorta hizmet \u015fart\u0131 ve prim \u015fart\u0131n\u0131 yerine getiren kad\u0131nlar 58 ya\u015f\u0131n\u0131 doldurduklar\u0131 zaman emeklili\u011fe hak kazan\u0131rlar. Bununla birlikte, <\/span><span data-offset-key=\"18qgh-0-1\">erkeklerde emeklilik ya\u015f\u0131<\/span><span data-offset-key=\"18qgh-0-2\"> ise 60&#8217;t\u0131r.<\/span><\/div>\n<\/div>\n<h2 class=\"public-DraftStyleDefault-block public-DraftStyleDefault-ltr\" data-offset-key=\"52nsl-0-0\"><strong>Emeklilik ya\u015f tablosu<\/strong><\/h2>\n<div class=\"\" data-block=\"true\" data-editor=\"1463e\" data-offset-key=\"brhgr-0-0\">\n<div class=\"public-DraftStyleDefault-block public-DraftStyleDefault-ltr\" data-offset-key=\"brhgr-0-0\"><span data-offset-key=\"brhgr-0-0\">Emekliler i\u00e7in haz\u0131rlanan tablolar cinsiyet, il defa sigortal\u0131 olunan tarih, SGK prim g\u00fcn say\u0131s\u0131 ve ya\u015f kriterlerine g\u00f6re haz\u0131rlan\u0131r.<\/span><\/div>\n<\/div>\n<h3 class=\"public-DraftStyleDefault-block public-DraftStyleDefault-ltr\" data-offset-key=\"48chb-0-0\"><span data-offset-key=\"48chb-0-0\">8.09.1999 tarihinden \u00f6nce sigortal\u0131 olan kad\u0131nlar\u0131n emeklilik ya\u015f tablosu\u00a0<\/span><\/h3>\n<div class=\"\" data-block=\"true\" data-editor=\"1463e\" data-offset-key=\"7pv7l-0-0\">\n<div class=\"public-DraftStyleDefault-block public-DraftStyleDefault-ltr\" data-offset-key=\"7pv7l-0-0\"><span data-offset-key=\"7pv7l-0-0\">1999 \u00f6ncesi emeklilik ya\u015f\u0131 tablosu, <\/span><span data-offset-key=\"7pv7l-0-1\">erkek ve kad\u0131nlar i\u00e7in farkl\u0131 kriterlerde belirlenmi\u015ftir. Kad\u0131nlar\u0131n sigortal\u0131 olduklar\u0131 tarihlere g\u00f6re <\/span><span data-offset-key=\"7pv7l-0-2\">emeklilik \u015fartlar\u0131<\/span><span data-offset-key=\"7pv7l-0-3\"> a\u015fa\u011f\u0131daki tabloda g\u00f6sterilir.<\/span><\/div>\n<div data-offset-key=\"7pv7l-0-0\"><\/div>\n<\/div>\n<div class=\"\" data-block=\"true\" data-editor=\"1463e\" data-offset-key=\"1v93u-0-0\">\n<div class=\"public-DraftStyleDefault-block public-DraftStyleDefault-ltr\" data-offset-key=\"1v93u-0-0\"><strong>\u0130\u015fe Ba\u015flama Tarihi Tamamlamas\u0131 Gereken &#8211; Tamamlamas\u0131 Gereken\u00a0 &#8211; Ya\u015f &#8211; Prim<\/strong><\/div>\n<\/div>\n<div class=\"\" data-block=\"true\" data-editor=\"1463e\" data-offset-key=\"8g8mb-0-0\">\n<div class=\"public-DraftStyleDefault-block public-DraftStyleDefault-ltr\" data-offset-key=\"8g8mb-0-0\"><span data-offset-key=\"8g8mb-0-0\">01.04.1981 \u00f6ncesi ise 20\u00a0\u00a0\u00a0\u00a0\u00a0Yok\u00a0\u00a0\u00a0\u00a0 5000<\/span><\/div>\n<\/div>\n<div class=\"\" data-block=\"true\" data-editor=\"1463e\" data-offset-key=\"9d95k-0-0\">\n<div class=\"public-DraftStyleDefault-block public-DraftStyleDefault-ltr\" data-offset-key=\"9d95k-0-0\"><span data-offset-key=\"9d95k-0-0\">01.04.1981-08.09.1981 aras\u0131nda\u00a0\u00a0\u00a0\u00a0\u00a0\u00a0 20\u00a0\u00a0\u00a0\u00a0\u00a0\u00a0\u00a0 38\u00a0\u00a0\u00a0\u00a0\u00a0\u00a0\u00a0 5000<\/span><\/div>\n<\/div>\n<div class=\"\" data-block=\"true\" data-editor=\"1463e\" data-offset-key=\"e5mfh-0-0\">\n<div class=\"public-DraftStyleDefault-block public-DraftStyleDefault-ltr\" data-offset-key=\"e5mfh-0-0\"><span data-offset-key=\"e5mfh-0-0\">09.09.1981-23.05.1984 aras\u0131nda\u00a0\u00a0\u00a0\u00a0\u00a0\u00a0 20\u00a0\u00a0\u00a0\u00a0\u00a0\u00a0\u00a0 40\u00a0\u00a0\u00a0\u00a0\u00a0\u00a0\u00a0 5000<\/span><\/div>\n<\/div>\n<div class=\"\" data-block=\"true\" data-editor=\"1463e\" data-offset-key=\"962rl-0-0\">\n<div class=\"public-DraftStyleDefault-block public-DraftStyleDefault-ltr\" data-offset-key=\"962rl-0-0\"><span data-offset-key=\"962rl-0-0\">24.05.1984-23.05.1985 aras\u0131nda\u00a0\u00a0\u00a0\u00a0\u00a0\u00a0 20\u00a0\u00a0\u00a0\u00a0\u00a0\u00a0\u00a0 41\u00a0\u00a0\u00a0\u00a0\u00a0\u00a0\u00a0 5000<\/span><\/div>\n<\/div>\n<div class=\"\" data-block=\"true\" data-editor=\"1463e\" data-offset-key=\"9arb7-0-0\">\n<div class=\"public-DraftStyleDefault-block public-DraftStyleDefault-ltr\" data-offset-key=\"9arb7-0-0\"><span data-offset-key=\"9arb7-0-0\">24.05.1985-23.05.1986 aras\u0131nda\u00a0\u00a0\u00a0\u00a0\u00a0\u00a0 20\u00a0\u00a0\u00a0\u00a0\u00a0\u00a0\u00a0 42\u00a0\u00a0\u00a0\u00a0\u00a0\u00a0\u00a0 5075<\/span><\/div>\n<\/div>\n<div class=\"\" data-block=\"true\" data-editor=\"1463e\" data-offset-key=\"4ki58-0-0\">\n<div class=\"public-DraftStyleDefault-block public-DraftStyleDefault-ltr\" data-offset-key=\"4ki58-0-0\"><span data-offset-key=\"4ki58-0-0\">24.05.1986-23.05.1987 aras\u0131nda\u00a0\u00a0\u00a0\u00a0\u00a0\u00a0 20\u00a0\u00a0\u00a0\u00a0\u00a0\u00a0\u00a0 43\u00a0\u00a0\u00a0\u00a0\u00a0\u00a0\u00a0 5150<\/span><\/div>\n<\/div>\n<div class=\"\" data-block=\"true\" data-editor=\"1463e\" data-offset-key=\"4v5j3-0-0\">\n<div class=\"public-DraftStyleDefault-block public-DraftStyleDefault-ltr\" data-offset-key=\"4v5j3-0-0\"><span data-offset-key=\"4v5j3-0-0\">24.05.1987-23.05.1988 aras\u0131nda\u00a0\u00a0\u00a0\u00a0\u00a0\u00a0 20\u00a0\u00a0\u00a0\u00a0\u00a0\u00a0\u00a0 44\u00a0\u00a0\u00a0\u00a0\u00a0\u00a0\u00a0 5225<\/span><\/div>\n<\/div>\n<div class=\"\" data-block=\"true\" data-editor=\"1463e\" data-offset-key=\"1t8de-0-0\">\n<div class=\"public-DraftStyleDefault-block public-DraftStyleDefault-ltr\" data-offset-key=\"1t8de-0-0\"><span data-offset-key=\"1t8de-0-0\">24.05.1988-23.05.1989 aras\u0131nda\u00a0\u00a0\u00a0\u00a0\u00a0\u00a0 20\u00a0\u00a0\u00a0\u00a0\u00a0\u00a0\u00a0 45\u00a0\u00a0\u00a0\u00a0\u00a0\u00a0\u00a0 5300<\/span><\/div>\n<\/div>\n<div class=\"\" data-block=\"true\" data-editor=\"1463e\" data-offset-key=\"4sp0m-0-0\">\n<div class=\"public-DraftStyleDefault-block public-DraftStyleDefault-ltr\" data-offset-key=\"4sp0m-0-0\"><span data-offset-key=\"4sp0m-0-0\">24.05.1989-23.05.1991 aras\u0131nda\u00a0\u00a0\u00a0\u00a0\u00a0\u00a0 20\u00a0\u00a0\u00a0\u00a0\u00a0\u00a0\u00a0 46\u00a0\u00a0\u00a0\u00a0\u00a0\u00a0\u00a0 5375<\/span><\/div>\n<\/div>\n<div class=\"\" data-block=\"true\" data-editor=\"1463e\" data-offset-key=\"4reao-0-0\">\n<div class=\"public-DraftStyleDefault-block public-DraftStyleDefault-ltr\" data-offset-key=\"4reao-0-0\"><span data-offset-key=\"4reao-0-0\">24.05.1990-23.05.1991 aras\u0131nda\u00a0\u00a0\u00a0\u00a0\u00a0\u00a0 20\u00a0\u00a0\u00a0\u00a0\u00a0\u00a0\u00a0 47\u00a0\u00a0\u00a0\u00a0\u00a0\u00a0\u00a0 5450<\/span><\/div>\n<\/div>\n<div class=\"\" data-block=\"true\" data-editor=\"1463e\" data-offset-key=\"ba231-0-0\">\n<div class=\"public-DraftStyleDefault-block public-DraftStyleDefault-ltr\" data-offset-key=\"ba231-0-0\"><span data-offset-key=\"ba231-0-0\">24.05.1991-23.05.1992 aras\u0131nda\u00a0\u00a0\u00a0\u00a0\u00a0\u00a0 20\u00a0\u00a0\u00a0\u00a0\u00a0\u00a0\u00a0 48\u00a0\u00a0\u00a0\u00a0\u00a0\u00a0\u00a0 5525<\/span><\/div>\n<\/div>\n<div class=\"\" data-block=\"true\" data-editor=\"1463e\" data-offset-key=\"45f77-0-0\">\n<div class=\"public-DraftStyleDefault-block public-DraftStyleDefault-ltr\" data-offset-key=\"45f77-0-0\"><span data-offset-key=\"45f77-0-0\">24.05.1992-23.05.1993 aras\u0131nda\u00a0\u00a0\u00a0\u00a0\u00a0\u00a0 20\u00a0\u00a0\u00a0\u00a0\u00a0\u00a0\u00a0 49\u00a0\u00a0\u00a0\u00a0\u00a0\u00a0\u00a0 5600<\/span><\/div>\n<\/div>\n<div class=\"\" data-block=\"true\" data-editor=\"1463e\" data-offset-key=\"685mp-0-0\">\n<div class=\"public-DraftStyleDefault-block public-DraftStyleDefault-ltr\" data-offset-key=\"685mp-0-0\"><span data-offset-key=\"685mp-0-0\">24.05.1993-23.05.1994 aras\u0131nda\u00a0\u00a0\u00a0\u00a0\u00a0\u00a0 20\u00a0\u00a0\u00a0\u00a0\u00a0\u00a0\u00a0 50\u00a0\u00a0\u00a0\u00a0\u00a0\u00a0\u00a0 5675<\/span><\/div>\n<\/div>\n<div class=\"\" data-block=\"true\" data-editor=\"1463e\" data-offset-key=\"87e5n-0-0\">\n<div class=\"public-DraftStyleDefault-block public-DraftStyleDefault-ltr\" data-offset-key=\"87e5n-0-0\"><span data-offset-key=\"87e5n-0-0\">24.05.1994-23.05.1995 aras\u0131nda\u00a0\u00a0\u00a0\u00a0\u00a0\u00a0 20\u00a0\u00a0\u00a0\u00a0\u00a0\u00a0\u00a0 51\u00a0\u00a0\u00a0\u00a0\u00a0\u00a0\u00a0 5750<\/span><\/div>\n<\/div>\n<div class=\"\" data-block=\"true\" data-editor=\"1463e\" data-offset-key=\"svrm-0-0\">\n<div class=\"public-DraftStyleDefault-block public-DraftStyleDefault-ltr\" data-offset-key=\"svrm-0-0\"><span data-offset-key=\"svrm-0-0\">24.05.1995-23.05.1996 aras\u0131nda\u00a0\u00a0\u00a0\u00a0\u00a0\u00a0 20\u00a0\u00a0\u00a0\u00a0\u00a0\u00a0\u00a0 52\u00a0\u00a0\u00a0\u00a0\u00a0\u00a0\u00a0 5825<\/span><\/div>\n<\/div>\n<div class=\"\" data-block=\"true\" data-editor=\"1463e\" data-offset-key=\"2kcot-0-0\">\n<div class=\"public-DraftStyleDefault-block public-DraftStyleDefault-ltr\" data-offset-key=\"2kcot-0-0\"><span data-offset-key=\"2kcot-0-0\">24.05.1996-23.05.1997 aras\u0131nda\u00a0\u00a0\u00a0\u00a0\u00a0\u00a0 20\u00a0\u00a0\u00a0\u00a0\u00a0\u00a0\u00a0 53\u00a0\u00a0\u00a0\u00a0\u00a0\u00a0\u00a0 5900<\/span><\/div>\n<\/div>\n<div class=\"\" data-block=\"true\" data-editor=\"1463e\" data-offset-key=\"bsj19-0-0\">\n<div class=\"public-DraftStyleDefault-block public-DraftStyleDefault-ltr\" data-offset-key=\"bsj19-0-0\"><span data-offset-key=\"bsj19-0-0\">24.05.1997-23.05.1998 aras\u0131nda\u00a0\u00a0\u00a0\u00a0\u00a0\u00a0 20\u00a0\u00a0\u00a0\u00a0\u00a0\u00a0\u00a0 54\u00a0\u00a0\u00a0\u00a0\u00a0\u00a0\u00a0 5975<\/span><\/div>\n<\/div>\n<div class=\"\" data-block=\"true\" data-editor=\"1463e\" data-offset-key=\"oml3-0-0\">\n<div class=\"public-DraftStyleDefault-block public-DraftStyleDefault-ltr\" data-offset-key=\"oml3-0-0\"><span data-offset-key=\"oml3-0-0\">24.05.1998-23.05.1999 aras\u0131nda\u00a0\u00a0\u00a0\u00a0\u00a0\u00a0 20\u00a0\u00a0\u00a0\u00a0\u00a0\u00a0\u00a0 55\u00a0\u00a0\u00a0\u00a0\u00a0\u00a0\u00a0 5975<\/span><\/div>\n<\/div>\n<div class=\"\" data-block=\"true\" data-editor=\"1463e\" data-offset-key=\"491m9-0-0\">\n<div class=\"public-DraftStyleDefault-block public-DraftStyleDefault-ltr\" data-offset-key=\"491m9-0-0\"><span data-offset-key=\"491m9-0-0\">24.05.1999-08.09.1999 aras\u0131nda\u00a0\u00a0\u00a0\u00a0\u00a0\u00a0 20\u00a0\u00a0\u00a0\u00a0\u00a0\u00a0\u00a0 56\u00a0\u00a0\u00a0\u00a0\u00a0\u00a0\u00a0 5975<\/span><\/div>\n<\/div>\n<div data-offset-key=\"6b01o-0-0\"><\/div>\n<h3 class=\"public-DraftStyleDefault-block public-DraftStyleDefault-ltr\" data-offset-key=\"6b01o-0-0\">08.09.1999 ile 30.04.2008 tarihleri aras\u0131 sigortas\u0131 ba\u015flayan kad\u0131nlar\u0131n emeklilik ya\u015f tablosu<\/h3>\n<div class=\"\" data-block=\"true\" data-editor=\"1463e\" data-offset-key=\"8v0c1-0-0\">\n<div class=\"public-DraftStyleDefault-block public-DraftStyleDefault-ltr\" data-offset-key=\"8v0c1-0-0\">\n<p>Sigortaya ba\u015flad\u0131\u011f\u0131 tarih 08 Eyl\u00fcl 1999 ve 30.04.2008 tarih aral\u0131\u011f\u0131na denk gelen kad\u0131nlar\u0131n emeklilik \u015fartlar\u0131 kapsam\u0131nda iki olas\u0131l\u0131k vard\u0131r. Buna g\u00f6re belirlenen \u015fartlar \u015funlard\u0131r:<\/p>\n<ul>\n<li>Prim \u00f6deme g\u00fcn say\u0131s\u0131n\u0131n 7000 olmas\u0131 ve 58 ya\u015f\u0131n\u0131 doldurmu\u015f olmak,<\/li>\n<li>4500 prim g\u00fcn say\u0131s\u0131 + 20 y\u0131ll\u0131k sigortal\u0131l\u0131k s\u00fcresi + 58 ya\u015f\u0131n\u0131 doldurmu\u015f olmak.<\/li>\n<\/ul>\n<p>4500 prim g\u00fcn say\u0131s\u0131, 25 y\u0131ll\u0131k sigortal\u0131l\u0131k s\u00fcresi ve 58 ya\u015f\u0131n\u0131 doldurmu\u015f olmak kriterleri,\u00a0<strong>kad\u0131nlarda erken emeklilik \u015fartlar\u0131\u00a0<\/strong>kapsam\u0131nda de\u011ferlendirilir. Dolay\u0131s\u0131yla erken emeklilik \u015fartlar\u0131n\u0131 tamamlayan kad\u0131nlar emekli olmaya hak kazan\u0131rlar.<\/p>\n<\/div>\n<\/div>\n<div class=\"\" data-block=\"true\" data-editor=\"1463e\" data-offset-key=\"9tnh2-0-0\">\n<h3 class=\"public-DraftStyleDefault-block public-DraftStyleDefault-ltr\" data-offset-key=\"9tnh2-0-0\"><span data-offset-key=\"9tnh2-0-0\">01.05.2008 tarihinden sonra ilk defa sigortal\u0131 olarak i\u015fe ba\u015flayan kad\u0131nlar\u0131n<\/span><span data-offset-key=\"9tnh2-0-1\"> emeklilik ya\u015f\u0131 tablosu:<\/span><\/h3>\n<\/div>\n<ol class=\"public-DraftStyleDefault-ol\" data-offset-key=\"dss3o-0-0\">\n<li class=\"public-DraftStyleDefault-orderedListItem public-DraftStyleDefault-reset public-DraftStyleDefault-depth0 public-DraftStyleDefault-listLTR\" data-block=\"true\" data-editor=\"1463e\" data-offset-key=\"dss3o-0-0\">\n<div class=\"public-DraftStyleDefault-block public-DraftStyleDefault-ltr\" data-offset-key=\"dss3o-0-0\"><span data-offset-key=\"dss3o-0-0\">\u00a001.01.2036 ila 31.12.2037 tarihleri aras\u0131nda 7 bin 200 g\u00fcn\u00fc tamamlayan \u00e7al\u0131\u015fan kad\u0131n i\u00e7in 59 ya\u015f<\/span><\/div>\n<\/li>\n<li class=\"public-DraftStyleDefault-orderedListItem public-DraftStyleDefault-depth0 public-DraftStyleDefault-listLTR\" data-block=\"true\" data-editor=\"1463e\" data-offset-key=\"59ujk-0-0\">\n<div class=\"public-DraftStyleDefault-block public-DraftStyleDefault-ltr\" data-offset-key=\"59ujk-0-0\"><span data-offset-key=\"59ujk-0-0\">\u00a001.01.2038 ila 31.12.2039 tarihleri aras\u0131nda 7 bin 200 g\u00fcn\u00fc tamamlayan \u00e7al\u0131\u015fan kad\u0131n i\u00e7in 60 ya\u015f<\/span><\/div>\n<\/li>\n<li class=\"public-DraftStyleDefault-orderedListItem public-DraftStyleDefault-depth0 public-DraftStyleDefault-listLTR\" data-block=\"true\" data-editor=\"1463e\" data-offset-key=\"66vo1-0-0\">\n<div class=\"public-DraftStyleDefault-block public-DraftStyleDefault-ltr\" data-offset-key=\"66vo1-0-0\"><span data-offset-key=\"66vo1-0-0\">\u00a001.01.2040 ila 31.12.2041 tarihleri aras\u0131nda 7 bin 200 g\u00fcn\u00fc tamamlayan \u00e7al\u0131\u015fan kad\u0131n i\u00e7in 61 ya\u015f<\/span><\/div>\n<\/li>\n<li class=\"public-DraftStyleDefault-orderedListItem public-DraftStyleDefault-depth0 public-DraftStyleDefault-listLTR\" data-block=\"true\" data-editor=\"1463e\" data-offset-key=\"dasll-0-0\">\n<div class=\"public-DraftStyleDefault-block public-DraftStyleDefault-ltr\" data-offset-key=\"dasll-0-0\"><span data-offset-key=\"dasll-0-0\">\u00a001.01.2042 ila 31.12.2043 tarihleri aras\u0131nda 7 bin 200 g\u00fcn\u00fc tamamlayan \u00e7al\u0131\u015fan kad\u0131n i\u00e7in 62 ya\u015f<\/span><\/div>\n<\/li>\n<li class=\"public-DraftStyleDefault-orderedListItem public-DraftStyleDefault-depth0 public-DraftStyleDefault-listLTR\" data-block=\"true\" data-editor=\"1463e\" data-offset-key=\"a5nc6-0-0\">\n<div class=\"public-DraftStyleDefault-block public-DraftStyleDefault-ltr\" data-offset-key=\"a5nc6-0-0\"><span data-offset-key=\"a5nc6-0-0\">\u00a001.01.2044 ila 31.12.2045 tarihleri aras\u0131nda 7 bin 200 g\u00fcn\u00fc tamamlayan \u00e7al\u0131\u015fan kad\u0131n i\u00e7in 63 ya\u015f<\/span><\/div>\n<\/li>\n<li class=\"public-DraftStyleDefault-orderedListItem public-DraftStyleDefault-depth0 public-DraftStyleDefault-listLTR\" data-block=\"true\" data-editor=\"1463e\" data-offset-key=\"es2vr-0-0\">\n<div class=\"public-DraftStyleDefault-block public-DraftStyleDefault-ltr\" data-offset-key=\"es2vr-0-0\"><span data-offset-key=\"es2vr-0-0\">\u00a001.01.2046 ila 31.12.2047 tarihleri aras\u0131nda 7 bin 200 g\u00fcn\u00fc tamamlayan \u00e7al\u0131\u015fan kad\u0131n i\u00e7in 64 ya\u015f<\/span><\/div>\n<\/li>\n<li class=\"public-DraftStyleDefault-orderedListItem public-DraftStyleDefault-depth0 public-DraftStyleDefault-listLTR\" data-block=\"true\" data-editor=\"1463e\" data-offset-key=\"bi6nd-0-0\">\n<div class=\"public-DraftStyleDefault-block public-DraftStyleDefault-ltr\" data-offset-key=\"bi6nd-0-0\"><span data-offset-key=\"bi6nd-0-0\">\u00a001.01.2048 tarihinden itibaren ise 65 ya\u015f<\/span><\/div>\n<\/li>\n<\/ol>\n<div class=\"\" data-block=\"true\" data-editor=\"1463e\" data-offset-key=\"272pq-0-0\">\n<h3 class=\"public-DraftStyleDefault-block public-DraftStyleDefault-ltr\" data-offset-key=\"272pq-0-0\">2009 \u00f6ncesinde sigortal\u0131 olan erkeklerin emeklilik ya\u015f tablosu<\/h3>\n<\/div>\n<div class=\"\" data-block=\"true\" data-editor=\"1463e\" data-offset-key=\"f4cd0-0-0\">\n<div data-offset-key=\"f4cd0-0-0\"><\/div>\n<div class=\"public-DraftStyleDefault-block public-DraftStyleDefault-ltr\" data-offset-key=\"f4cd0-0-0\"><span data-offset-key=\"f4cd0-0-0\">08.09.1999 ve 30.04.2008 tarihleri aras\u0131nda sigortal\u0131 olarak ilk kez i\u015fe ba\u015flayan erkeklerin emekli olma \u015fartlar\u0131:<\/span><\/div>\n<\/div>\n<ul class=\"public-DraftStyleDefault-ul\" data-offset-key=\"4mkj8-0-0\">\n<li class=\"public-DraftStyleDefault-unorderedListItem public-DraftStyleDefault-reset public-DraftStyleDefault-depth0 public-DraftStyleDefault-listLTR\" data-block=\"true\" data-editor=\"1463e\" data-offset-key=\"4mkj8-0-0\">\n<div class=\"public-DraftStyleDefault-block public-DraftStyleDefault-ltr\" data-offset-key=\"4mkj8-0-0\"><span data-offset-key=\"4mkj8-0-0\">1999 tarihinden sonra ilk kez sigortal\u0131 olan erkeklerin emeklilik ya\u015f \u015fart\u0131 60 olarak belirlenmi\u015ftir. Ayr\u0131ca 7000 SGK prim g\u00fcn\u00fcn\u00fc tamamlamalar\u0131 gerekir. Dolay\u0131s\u0131yla bu tarihler aral\u0131\u011f\u0131nda i\u015fe ba\u015flayan erkeklerde sigortal\u0131k s\u00fcresi \u015fart\u0131 bulunmaz.<\/span><\/div>\n<\/li>\n<li class=\"public-DraftStyleDefault-unorderedListItem public-DraftStyleDefault-depth0 public-DraftStyleDefault-listLTR\" data-block=\"true\" data-editor=\"1463e\" data-offset-key=\"59fv-0-0\">\n<div class=\"public-DraftStyleDefault-block public-DraftStyleDefault-ltr\" data-offset-key=\"59fv-0-0\"><span data-offset-key=\"59fv-0-0\">4500 prim g\u00fcn\u00fc ile emeklilik \u015fartlar\u0131 kapsam\u0131nda erkeklerin 60 ya\u015f\u0131n\u0131 doldurmalar\u0131 ve 25 y\u0131ll\u0131k SGK hizmetini tamamlamalar\u0131 gerekir. Bu \u015fartlar\u0131 sa\u011flayan erkekler k\u0131smi emeklili\u011fe hak kazan\u0131rlar.<\/span><\/div>\n<\/li>\n<\/ul>\n<p>Kaynaklar: <a href=\"https:\/\/www.ssk.biz.tr\/ssk-emeklilik-tablosu\/\" target=\"_blank\" rel=\"noopener\">1<\/a>&#8211; <a href=\"https:\/\/www.muhasebedr.com\/sskli-kadin-ve-erkekler-ne-zaman-emekli-olabilir\" target=\"_blank\" rel=\"noopener\">2<\/a> &#8211; <a href=\"https:\/\/www.pwc.com.tr\/tr\/medya\/kose-yazilari\/celal-ozcan\/son-gelismelere-gore-10-soruda-eyt.html\" target=\"_blank\" rel=\"noopener\">3<\/a><\/p>\n<!-- templates\/buttons-placeholder.php -->\n<div class=\"da-reactions-outer TpostID16964\">\n\t    <div class=\"da-reactions-data da-reactions-container-async center\"\n         data-type=\"post\"\n         data-id=\"16964\"\n         id=\"da-reactions-slot-post-16964\">\n        <div class=\"da-reactions-static\">\n\t\t\t<img src=\"https:\/\/www.kariyer.net\/kariyer-rehberi\/wp-content\/plugins\/da-reactions\/assets\/dist\/loading.svg\" alt=\"Loading spinner\" width=\"48\" height=\"48\" style=\"width:48px\" \/>\n        <\/div>\n    <\/div>\n<\/div>\n","protected":false},"excerpt":{"rendered":"<p>\u015eimdilerde emekli olan, \u00e7al\u0131\u015fan, emeklilikte ya\u015fa tak\u0131lan, memur ya da i\u015f\u00e7i herkes yeni zam oranlar\u0131n\u0131 ve emekliler i\u00e7in nas\u0131l d\u00fczenlemeler olaca\u011f\u0131n\u0131 merak ediyor. Ocak ay\u0131nda belirlenecek olan enflasyon oran\u0131 tahminlerine g\u00f6re yeni emeklilik zam oranlar\u0131n\u0131n neler olabilece\u011fi gibi konular\u0131 bu yaz\u0131m\u0131zda derledik. Emekli zamm\u0131\u00a0 \u00dclkemizde her y\u0131l sonu oldu\u011fu gibi bu y\u0131l sonunda da milyonlarca [&hellip;]<\/p>\n<!-- templates\/buttons-placeholder.php -->\n<div class=\"da-reactions-outer TpostID16964\">\n\t    <div class=\"da-reactions-data da-reactions-container-async center\"\n         data-type=\"post\"\n         data-id=\"16964\"\n         id=\"da-reactions-slot-post-16964\">\n        <div class=\"da-reactions-static\">\n\t\t\t<img src=\"https:\/\/www.kariyer.net\/kariyer-rehberi\/wp-content\/plugins\/da-reactions\/assets\/dist\/loading.svg\" alt=\"Loading spinner\" width=\"48\" height=\"48\" style=\"width:48px\" \/>\n        <\/div>\n    <\/div>\n<\/div>\n","protected":false},"author":12,"featured_media":16965,"comment_status":"closed","ping_status":"open","sticky":false,"template":"","format":"standard","meta":{"footnotes":"","_elementor_edit_mode":"","_elementor_template_type":"","_elementor_data":"","_elementor_page_settings":null,"_elementor_conditions":[]},"categories":[2203,2214],"tags":[2089,2084,2087,2085,2088,2081,2086],"class_list":{"0":"post-16964","1":"post","2":"type-post","3":"status-publish","4":"format-standard","5":"has-post-thumbnail","7":"category-haberler-duyurular","8":"category-yasam","9":"tag-2023-emekli-maas-zammi","10":"tag-2023-emekli-zammi","11":"tag-emekli-yas-tablosu","12":"tag-emekli-zam-oranlari","13":"tag-emeklilik-2022","14":"tag-eyt-2022","15":"tag-memur-zammi"},"yoast_head":"<!-- This site is optimized with the Yoast SEO Premium plugin v21.4 (Yoast SEO v27.0) - https:\/\/yoast.com\/product\/yoast-seo-premium-wordpress\/ -->\n<title>2023 emekli maa\u015f zamm\u0131 ne kadar olacak? | Kariyer Rehberi<\/title>\n<meta name=\"description\" content=\"\u015eimdilerde emekli olan, \u00e7al\u0131\u015fan, emeklilikte ya\u015fa tak\u0131lan, memur ya da i\u015f\u00e7i herkes yeni zam oranlar\u0131n\u0131 ve emekliler i\u00e7in nas\u0131l d\u00fczenlemeler olaca\u011f\u0131n\u0131\" \/>\n<meta name=\"robots\" content=\"index, follow, max-snippet:-1, max-image-preview:large, max-video-preview:-1\" \/>\n<link rel=\"canonical\" href=\"https:\/\/www.kariyer.net\/kariyer-rehberi\/2023-emekli-maas-zammi-ne-kadar-olacak\/\" \/>\n<meta property=\"og:locale\" content=\"tr_TR\" \/>\n<meta property=\"og:type\" content=\"article\" \/>\n<meta property=\"og:title\" content=\"2023 emekli maa\u015f zamm\u0131 ne kadar olacak?\" \/>\n<meta property=\"og:description\" content=\"\u015eimdilerde emekli olan, \u00e7al\u0131\u015fan, emeklilikte ya\u015fa tak\u0131lan, memur ya da i\u015f\u00e7i herkes yeni zam oranlar\u0131n\u0131 ve emekliler i\u00e7in nas\u0131l d\u00fczenlemeler olaca\u011f\u0131n\u0131\" \/>\n<meta property=\"og:url\" content=\"https:\/\/www.kariyer.net\/kariyer-rehberi\/2023-emekli-maas-zammi-ne-kadar-olacak\/\" \/>\n<meta property=\"og:site_name\" content=\"Kariyer Rehberi\" \/>\n<meta property=\"article:published_time\" content=\"2022-12-15T11:13:09+00:00\" \/>\n<meta property=\"article:modified_time\" content=\"2024-08-08T18:08:26+00:00\" \/>\n<meta property=\"og:image\" content=\"https:\/\/www.kariyer.net\/kariyer-rehberi\/wp-content\/uploads\/2022\/12\/2023_emekli_zammi.jpg\" \/>\n\t<meta property=\"og:image:width\" content=\"900\" \/>\n\t<meta property=\"og:image:height\" content=\"600\" \/>\n\t<meta property=\"og:image:type\" content=\"image\/jpeg\" \/>\n<meta name=\"author\" content=\"Edit\u00f6r\" \/>\n<meta name=\"twitter:card\" content=\"summary_large_image\" \/>\n<meta name=\"twitter:label1\" content=\"Yazan:\" \/>\n\t<meta name=\"twitter:data1\" content=\"Edit\u00f6r\" \/>\n\t<meta name=\"twitter:label2\" content=\"Tahmini okuma s\u00fcresi\" \/>\n\t<meta name=\"twitter:data2\" content=\"9 dakika\" \/>\n<!-- \/ Yoast SEO Premium plugin. -->","yoast_head_json":{"title":"2023 emekli maa\u015f zamm\u0131 ne kadar olacak? | Kariyer Rehberi","description":"\u015eimdilerde emekli olan, \u00e7al\u0131\u015fan, emeklilikte ya\u015fa tak\u0131lan, memur ya da i\u015f\u00e7i herkes yeni zam oranlar\u0131n\u0131 ve emekliler i\u00e7in nas\u0131l d\u00fczenlemeler olaca\u011f\u0131n\u0131","robots":{"index":"index","follow":"follow","max-snippet":"max-snippet:-1","max-image-preview":"max-image-preview:large","max-video-preview":"max-video-preview:-1"},"canonical":"https:\/\/www.kariyer.net\/kariyer-rehberi\/2023-emekli-maas-zammi-ne-kadar-olacak\/","og_locale":"tr_TR","og_type":"article","og_title":"2023 emekli maa\u015f zamm\u0131 ne kadar olacak?","og_description":"\u015eimdilerde emekli olan, \u00e7al\u0131\u015fan, emeklilikte ya\u015fa tak\u0131lan, memur ya da i\u015f\u00e7i herkes yeni zam oranlar\u0131n\u0131 ve emekliler i\u00e7in nas\u0131l d\u00fczenlemeler olaca\u011f\u0131n\u0131","og_url":"https:\/\/www.kariyer.net\/kariyer-rehberi\/2023-emekli-maas-zammi-ne-kadar-olacak\/","og_site_name":"Kariyer Rehberi","article_published_time":"2022-12-15T11:13:09+00:00","article_modified_time":"2024-08-08T18:08:26+00:00","og_image":[{"width":900,"height":600,"url":"https:\/\/www.kariyer.net\/kariyer-rehberi\/wp-content\/uploads\/2022\/12\/2023_emekli_zammi.jpg","type":"image\/jpeg"}],"author":"Edit\u00f6r","twitter_card":"summary_large_image","twitter_misc":{"Yazan:":"Edit\u00f6r","Tahmini okuma s\u00fcresi":"9 dakika"},"schema":{"@context":"https:\/\/schema.org","@graph":[{"@type":"Article","@id":"https:\/\/www.kariyer.net\/kariyer-rehberi\/2023-emekli-maas-zammi-ne-kadar-olacak\/#article","isPartOf":{"@id":"https:\/\/www.kariyer.net\/kariyer-rehberi\/2023-emekli-maas-zammi-ne-kadar-olacak\/"},"author":{"name":"Edit\u00f6r","@id":"https:\/\/www.kariyer.net\/kariyer-rehberi\/#\/schema\/person\/94fd6e49c7ff1b1b2565a2cc4fd685dd"},"headline":"2023 emekli maa\u015f zamm\u0131 ne kadar olacak?","datePublished":"2022-12-15T11:13:09+00:00","dateModified":"2024-08-08T18:08:26+00:00","mainEntityOfPage":{"@id":"https:\/\/www.kariyer.net\/kariyer-rehberi\/2023-emekli-maas-zammi-ne-kadar-olacak\/"},"wordCount":1766,"publisher":{"@id":"https:\/\/www.kariyer.net\/kariyer-rehberi\/#organization"},"image":{"@id":"https:\/\/www.kariyer.net\/kariyer-rehberi\/2023-emekli-maas-zammi-ne-kadar-olacak\/#primaryimage"},"thumbnailUrl":"https:\/\/www.kariyer.net\/kariyer-rehberi\/wp-content\/uploads\/2022\/12\/2023_emekli_zammi.jpg","keywords":["2023 emekli maa\u015f zamm\u0131","2023 emekli zamm\u0131","emekli ya\u015f tablosu","emekli zam oranlar\u0131","emeklilik 2022","eyt 2022","memur zamm\u0131"],"articleSection":["Haberler ve Duyurular","Ya\u015fam"],"inLanguage":"tr"},{"@type":"WebPage","@id":"https:\/\/www.kariyer.net\/kariyer-rehberi\/2023-emekli-maas-zammi-ne-kadar-olacak\/","url":"https:\/\/www.kariyer.net\/kariyer-rehberi\/2023-emekli-maas-zammi-ne-kadar-olacak\/","name":"2023 emekli maa\u015f zamm\u0131 ne kadar olacak? | Kariyer Rehberi","isPartOf":{"@id":"https:\/\/www.kariyer.net\/kariyer-rehberi\/#website"},"primaryImageOfPage":{"@id":"https:\/\/www.kariyer.net\/kariyer-rehberi\/2023-emekli-maas-zammi-ne-kadar-olacak\/#primaryimage"},"image":{"@id":"https:\/\/www.kariyer.net\/kariyer-rehberi\/2023-emekli-maas-zammi-ne-kadar-olacak\/#primaryimage"},"thumbnailUrl":"https:\/\/www.kariyer.net\/kariyer-rehberi\/wp-content\/uploads\/2022\/12\/2023_emekli_zammi.jpg","datePublished":"2022-12-15T11:13:09+00:00","dateModified":"2024-08-08T18:08:26+00:00","description":"\u015eimdilerde emekli olan, \u00e7al\u0131\u015fan, emeklilikte ya\u015fa tak\u0131lan, memur ya da i\u015f\u00e7i herkes yeni zam oranlar\u0131n\u0131 ve emekliler i\u00e7in nas\u0131l d\u00fczenlemeler olaca\u011f\u0131n\u0131","breadcrumb":{"@id":"https:\/\/www.kariyer.net\/kariyer-rehberi\/2023-emekli-maas-zammi-ne-kadar-olacak\/#breadcrumb"},"inLanguage":"tr","potentialAction":[{"@type":"ReadAction","target":["https:\/\/www.kariyer.net\/kariyer-rehberi\/2023-emekli-maas-zammi-ne-kadar-olacak\/"]}]},{"@type":"ImageObject","inLanguage":"tr","@id":"https:\/\/www.kariyer.net\/kariyer-rehberi\/2023-emekli-maas-zammi-ne-kadar-olacak\/#primaryimage","url":"https:\/\/www.kariyer.net\/kariyer-rehberi\/wp-content\/uploads\/2022\/12\/2023_emekli_zammi.jpg","contentUrl":"https:\/\/www.kariyer.net\/kariyer-rehberi\/wp-content\/uploads\/2022\/12\/2023_emekli_zammi.jpg","width":900,"height":600},{"@type":"BreadcrumbList","@id":"https:\/\/www.kariyer.net\/kariyer-rehberi\/2023-emekli-maas-zammi-ne-kadar-olacak\/#breadcrumb","itemListElement":[{"@type":"ListItem","position":1,"name":"Anasayfa","item":"https:\/\/www.kariyer.net\/kariyer-rehberi\/"},{"@type":"ListItem","position":2,"name":"2023 emekli maa\u015f zamm\u0131 ne kadar olacak?"}]},{"@type":"WebSite","@id":"https:\/\/www.kariyer.net\/kariyer-rehberi\/#website","url":"https:\/\/www.kariyer.net\/kariyer-rehberi\/","name":"Kariyer Rehberi","description":"\u0130\u015f D\u00fcnyas\u0131yla \u0130lgili Bilmek \u0130stedi\u011finiz Her \u015eey","publisher":{"@id":"https:\/\/www.kariyer.net\/kariyer-rehberi\/#organization"},"potentialAction":[{"@type":"SearchAction","target":{"@type":"EntryPoint","urlTemplate":"https:\/\/www.kariyer.net\/kariyer-rehberi\/?s={search_term_string}"},"query-input":{"@type":"PropertyValueSpecification","valueRequired":true,"valueName":"search_term_string"}}],"inLanguage":"tr"},{"@type":"Organization","@id":"https:\/\/www.kariyer.net\/kariyer-rehberi\/#organization","name":"Kariyer.net","url":"https:\/\/www.kariyer.net\/kariyer-rehberi\/","logo":{"@type":"ImageObject","inLanguage":"tr","@id":"https:\/\/www.kariyer.net\/kariyer-rehberi\/#\/schema\/logo\/image\/","url":"https:\/\/www.kariyer.net\/kariyer-rehberi-new\/wp-content\/uploads\/2023\/01\/og-image11.jpg","contentUrl":"https:\/\/www.kariyer.net\/kariyer-rehberi-new\/wp-content\/uploads\/2023\/01\/og-image11.jpg","width":800,"height":800,"caption":"Kariyer.net"},"image":{"@id":"https:\/\/www.kariyer.net\/kariyer-rehberi\/#\/schema\/logo\/image\/"}},{"@type":"Person","@id":"https:\/\/www.kariyer.net\/kariyer-rehberi\/#\/schema\/person\/94fd6e49c7ff1b1b2565a2cc4fd685dd","name":"Edit\u00f6r","image":{"@type":"ImageObject","inLanguage":"tr","@id":"https:\/\/www.kariyer.net\/kariyer-rehberi\/#\/schema\/person\/image\/","url":"https:\/\/secure.gravatar.com\/avatar\/0c4fe6688343aed3693b15573beae12c08ace5565409d5ab7509bf9c115f458d?s=96&d=mm&r=g","contentUrl":"https:\/\/secure.gravatar.com\/avatar\/0c4fe6688343aed3693b15573beae12c08ace5565409d5ab7509bf9c115f458d?s=96&d=mm&r=g","caption":"Edit\u00f6r"},"url":"https:\/\/www.kariyer.net\/kariyer-rehberi\/author\/editor\/"}]}},"_links":{"self":[{"href":"https:\/\/www.kariyer.net\/kariyer-rehberi\/wp-json\/wp\/v2\/posts\/16964","targetHints":{"allow":["GET"]}}],"collection":[{"href":"https:\/\/www.kariyer.net\/kariyer-rehberi\/wp-json\/wp\/v2\/posts"}],"about":[{"href":"https:\/\/www.kariyer.net\/kariyer-rehberi\/wp-json\/wp\/v2\/types\/post"}],"author":[{"embeddable":true,"href":"https:\/\/www.kariyer.net\/kariyer-rehberi\/wp-json\/wp\/v2\/users\/12"}],"replies":[{"embeddable":true,"href":"https:\/\/www.kariyer.net\/kariyer-rehberi\/wp-json\/wp\/v2\/comments?post=16964"}],"version-history":[{"count":1,"href":"https:\/\/www.kariyer.net\/kariyer-rehberi\/wp-json\/wp\/v2\/posts\/16964\/revisions"}],"predecessor-version":[{"id":18522,"href":"https:\/\/www.kariyer.net\/kariyer-rehberi\/wp-json\/wp\/v2\/posts\/16964\/revisions\/18522"}],"wp:featuredmedia":[{"embeddable":true,"href":"https:\/\/www.kariyer.net\/kariyer-rehberi\/wp-json\/wp\/v2\/media\/16965"}],"wp:attachment":[{"href":"https:\/\/www.kariyer.net\/kariyer-rehberi\/wp-json\/wp\/v2\/media?parent=16964"}],"wp:term":[{"taxonomy":"category","embeddable":true,"href":"https:\/\/www.kariyer.net\/kariyer-rehberi\/wp-json\/wp\/v2\/categories?post=16964"},{"taxonomy":"post_tag","embeddable":true,"href":"https:\/\/www.kariyer.net\/kariyer-rehberi\/wp-json\/wp\/v2\/tags?post=16964"}],"curies":[{"name":"wp","href":"https:\/\/api.w.org\/{rel}","templated":true}]}}