{"id":17009,"date":"2022-12-28T21:03:15","date_gmt":"2022-12-28T18:03:15","guid":{"rendered":"https:\/\/www.kariyer.net\/kariyer-rehberi\/?p=17009"},"modified":"2024-08-08T21:08:26","modified_gmt":"2024-08-08T18:08:26","slug":"eytde-yas-siniri-kaldirildi","status":"publish","type":"post","link":"https:\/\/www.kariyer.net\/kariyer-rehberi\/eytde-yas-siniri-kaldirildi\/","title":{"rendered":"EYT&#8217;de ya\u015f s\u0131n\u0131r\u0131 kald\u0131r\u0131ld\u0131!"},"content":{"rendered":"<p><strong>Milyonlarca ki\u015fiyi yak\u0131ndan ilgilendiren EYT ile ilgili karar verildi. Cumhurba\u015fkan\u0131 Recep Tayyip Erdo\u011fan, bug\u00fcn yapt\u0131\u011f\u0131 a\u00e7\u0131klamada EYT&#8217;de ya\u015f s\u0131n\u0131r\u0131n\u0131n kald\u0131r\u0131ld\u0131\u011f\u0131n\u0131 duyurdu.<\/strong><\/p>\n<p>Cumhurba\u015fkan\u0131 Recep Tayyip Erdo\u011fan\u2019\u0131n ba\u015fkanl\u0131\u011f\u0131nda Emeklilikte Ya\u015fa Tak\u0131lanlar konusunda bug\u00fcn bir toplant\u0131 ger\u00e7ekle\u015ftirdi. Toplant\u0131n\u0131n ard\u0131ndan Cumhurba\u015fkan\u0131 Erdo\u011fan \u015fu a\u00e7\u0131klamalar\u0131 yapt\u0131:<\/p>\n<p>&#8220;Kamuoyunda emeklilikte ya\u015fa tak\u0131lanlar yani <strong><a href=\"https:\/\/www.kariyer.net\/kariyer-rehberi\/eyt-nedir-yeni-yasaya-gore-emeklilik-yasi-dusecek-mi\/\" target=\"_blank\" rel=\"noopener\">EYT<\/a> <\/strong>olarak bilinen d\u00fczenleme, kapsaml\u0131 \u00e7al\u0131\u015fman\u0131n ard\u0131ndan nihai halini alm\u0131\u015ft\u0131r. Ya\u015f \u015fart\u0131 olmadan emeklili\u011fe imkan sa\u011flayan d\u00fczenlemeyi <strong>SSK, Ba\u011f-Kur, Emekli Sand\u0131\u011f\u0131 ayr\u0131m\u0131 olmaks\u0131z\u0131n<\/strong> mevcut yap\u0131daki herkes i\u00e7in ge\u00e7erli k\u0131l\u0131yoruz. Bug\u00fcnk\u00fc d\u00fczenlemeyle <strong>2 milyon 250 bin ki\u015fi emekli olacak.<\/strong> <strong>Emeklilikte ya\u015f s\u0131n\u0131r olmayacak. <\/strong>Bir k\u0131sm\u0131 hizmet birle\u015ftirme, bor\u00e7land\u0131rma i\u015flemlerini zaten ba\u015flatm\u0131\u015ft\u0131r. Yeni d\u00fczenlemenin y\u00fcr\u00fcrl\u00fc\u011fe girmesiyle sistemin mali y\u00fck\u00fcn\u00fc dengeleyecek \u00e7al\u0131\u015fmalar\u0131 yapt\u0131k. Ta\u015ferondan kadroya al\u0131nanlardan hemen emekli olmayacaklar i\u00e7in ayr\u0131 bir ge\u00e7i\u015f d\u00fczenlemesi haz\u0131rl\u0131yoruz. Hazine ve Maliye Bakanl\u0131\u011f\u0131m\u0131z bir kredi paketini devreye al\u0131yor. Emekli olanlar\u0131n en az\u0131ndan bir k\u0131sm\u0131n\u0131n \u00e7al\u0131\u015fmaya devam edeceklerini biliyoruz. Bu anlay\u0131\u015fla emekli olduktan sonra sosyal g\u00fcvenlik destek primi \u00f6deyerek \u00e7al\u0131\u015fmaya devam edecek vatanda\u015flar\u0131m\u0131z i\u00e7in sosyal sigorta prim te\u015fviki getiriyoruz&#8221; dedi.<\/p>\n<h2><strong>Emeklilikte ya\u015fa tak\u0131lanlar kimleri kaps\u0131yor?<\/strong><\/h2>\n<p>Emeklilikte ya\u015fa tak\u0131lanlar; sigorta ba\u015flang\u0131\u00e7 tarihi 9 Eyl\u00fcl 1999&#8217;dan \u00f6nce olanlar\u0131 ve emekli olmak i\u00e7in gereken prim g\u00fcn\u00fc ve sigortal\u0131l\u0131k s\u00fcresi \u015fart\u0131n\u0131 sa\u011flam\u0131\u015f olsa dahi ya\u015f\u0131ndan dolay\u0131 emekli olamayanlar\u0131 kaps\u0131yor.\u00a0\u00d6zetle; <strong>emeklilik sigortas\u0131 giri\u015fi 8 Eyl\u00fcl 1999 tarihinden \u00f6nce olan ki\u015filer EYT kapsam\u0131nda yer al\u0131yor.<\/strong><\/p>\n<h2><strong>EYT ba\u015fvuru \u015fartlar\u0131 neler?<\/strong><\/h2>\n<p>EYT ba\u015fvuru \u015fartlar\u0131 \u015funlard\u0131r:<\/p>\n<ul>\n<li>8 Eyl\u00fcl 1999 tarihinden \u00f6nce sigorta kayd\u0131n\u0131n bulunmas\u0131,<\/li>\n<li>5000 g\u00fcnl\u00fck prim \u00f6demesinin tamamlanmas\u0131,<\/li>\n<li>Kad\u0131nlar i\u00e7in 20, erkekler i\u00e7in 25 y\u0131l sigortal\u0131l\u0131k s\u00fcresinin dolmas\u0131 gerekiyor.<\/li>\n<\/ul>\n<h2><strong>EYT emekli maa\u015f\u0131 hesaplamas\u0131 nas\u0131l yap\u0131l\u0131r?<\/strong><\/h2>\n<p>Emeklilikte ya\u015fa tak\u0131lanlar i\u00e7in maa\u015f hesaplamas\u0131nda \u015fu 3 d\u00f6nem \u00f6nemli;<\/p>\n<ul>\n<li>1999 y\u0131l\u0131 \u00f6ncesi<\/li>\n<li>1999 &#8211; 2008 y\u0131llar\u0131 aras\u0131<\/li>\n<li>2008 y\u0131l\u0131 sonras\u0131<\/li>\n<\/ul>\n<p>Bu \u00fc\u00e7 d\u00f6nemdeki hesaplamalar yap\u0131ld\u0131ktan sonra <strong>emeklilikte ya\u015fa tak\u0131lanlar i\u00e7in<\/strong> maa\u015f hesaplamas\u0131 yap\u0131l\u0131r. Yani emekli maa\u015f\u0131 hesaplamas\u0131, \u00e7al\u0131\u015fan\u0131n sigortal\u0131l\u0131k d\u00f6nemindeki t\u00fcm kazan\u00e7lar dikkate al\u0131narak hesaplan\u0131r.<\/p>\n<ul>\n<li class=\"entry-title\"><strong><a href=\"https:\/\/www.kariyer.net\/ik-blog\/emeklilik-basvuru-formu-nasil-doldurulur-emeklilik-dilekce-ornegi\/\" target=\"_blank\" rel=\"noopener\">Emeklilik ba\u015fvuru formu nas\u0131l doldurulur? &amp; Emeklilik dilek\u00e7e \u00f6rne\u011fi<\/a><\/strong><\/li>\n<li class=\"entry-title\"><strong><a href=\"https:\/\/www.kariyer.net\/ik-blog\/emeklilik-yasasinin-kapsami-nedir\/\" target=\"_blank\" rel=\"noopener\">Emeklilik yasas\u0131n\u0131n kapsam\u0131 nedir?<\/a><\/strong><\/li>\n<\/ul>\n<p>Kaynak: <a href=\"https:\/\/www.sozcu.com.tr\/2022\/gundem\/eyt-duzenlemesi-bugun-aciklanacak-7538649\/\" target=\"_blank\" rel=\"noopener\">Link<\/a><\/p>\n<!-- templates\/buttons-placeholder.php -->\n<div class=\"da-reactions-outer TpostID17009\">\n\t    <div class=\"da-reactions-data da-reactions-container-async center\"\n         data-type=\"post\"\n         data-id=\"17009\"\n         id=\"da-reactions-slot-post-17009\">\n        <div class=\"da-reactions-static\">\n\t\t\t<img src=\"https:\/\/www.kariyer.net\/kariyer-rehberi\/wp-content\/plugins\/da-reactions\/assets\/dist\/loading.svg\" alt=\"Loading spinner\" width=\"48\" height=\"48\" style=\"width:48px\" \/>\n        <\/div>\n    <\/div>\n<\/div>\n","protected":false},"excerpt":{"rendered":"<p>Milyonlarca ki\u015fiyi yak\u0131ndan ilgilendiren EYT ile ilgili karar verildi. Cumhurba\u015fkan\u0131 Recep Tayyip Erdo\u011fan, bug\u00fcn yapt\u0131\u011f\u0131 a\u00e7\u0131klamada EYT&#8217;de ya\u015f s\u0131n\u0131r\u0131n\u0131n kald\u0131r\u0131ld\u0131\u011f\u0131n\u0131 duyurdu. Cumhurba\u015fkan\u0131 Recep Tayyip Erdo\u011fan\u2019\u0131n ba\u015fkanl\u0131\u011f\u0131nda Emeklilikte Ya\u015fa Tak\u0131lanlar konusunda bug\u00fcn bir toplant\u0131 ger\u00e7ekle\u015ftirdi. Toplant\u0131n\u0131n ard\u0131ndan Cumhurba\u015fkan\u0131 Erdo\u011fan \u015fu a\u00e7\u0131klamalar\u0131 yapt\u0131: &#8220;Kamuoyunda emeklilikte ya\u015fa tak\u0131lanlar yani EYT olarak bilinen d\u00fczenleme, kapsaml\u0131 \u00e7al\u0131\u015fman\u0131n ard\u0131ndan nihai halini [&hellip;]<\/p>\n<!-- templates\/buttons-placeholder.php -->\n<div class=\"da-reactions-outer TpostID17009\">\n\t    <div class=\"da-reactions-data da-reactions-container-async center\"\n         data-type=\"post\"\n         data-id=\"17009\"\n         id=\"da-reactions-slot-post-17009\">\n        <div class=\"da-reactions-static\">\n\t\t\t<img src=\"https:\/\/www.kariyer.net\/kariyer-rehberi\/wp-content\/plugins\/da-reactions\/assets\/dist\/loading.svg\" alt=\"Loading spinner\" width=\"48\" height=\"48\" style=\"width:48px\" \/>\n        <\/div>\n    <\/div>\n<\/div>\n","protected":false},"author":12,"featured_media":17011,"comment_status":"closed","ping_status":"open","sticky":false,"template":"","format":"standard","meta":{"footnotes":"","_elementor_edit_mode":"","_elementor_template_type":"","_elementor_data":"","_elementor_page_settings":null,"_elementor_conditions":[]},"categories":[2214],"tags":[2088,2076,2081,2097],"class_list":{"0":"post-17009","1":"post","2":"type-post","3":"status-publish","4":"format-standard","5":"has-post-thumbnail","7":"category-yasam","8":"tag-emeklilik-2022","9":"tag-eyt","10":"tag-eyt-2022","11":"tag-eytde-yas-siniri-kaldirildi"},"yoast_head":"<!-- This site is optimized with the Yoast SEO Premium plugin v21.4 (Yoast SEO v27.0) - https:\/\/yoast.com\/product\/yoast-seo-premium-wordpress\/ -->\n<title>EYT&#039;de ya\u015f s\u0131n\u0131r\u0131 kald\u0131r\u0131ld\u0131!<\/title>\n<meta name=\"description\" content=\"Cumhurba\u015fkan\u0131 Recep Tayyip Erdo\u011fan bug\u00fcn yapt\u0131\u011f\u0131 a\u00e7\u0131klamada EYT&#039;de ya\u015f s\u0131n\u0131r\u0131n\u0131n kald\u0131r\u0131ld\u0131\u011f\u0131n\u0131 duyurdu.\" \/>\n<meta name=\"robots\" content=\"index, follow, max-snippet:-1, max-image-preview:large, max-video-preview:-1\" \/>\n<link rel=\"canonical\" href=\"https:\/\/www.kariyer.net\/kariyer-rehberi\/eytde-yas-siniri-kaldirildi\/\" \/>\n<meta property=\"og:locale\" content=\"tr_TR\" \/>\n<meta property=\"og:type\" content=\"article\" \/>\n<meta property=\"og:title\" content=\"EYT&#039;de ya\u015f s\u0131n\u0131r\u0131 kald\u0131r\u0131ld\u0131!\" \/>\n<meta property=\"og:description\" content=\"Milyonlarca ki\u015fiyi yak\u0131ndan ilgilendiren EYT ile ilgili karar verildi. Cumhurba\u015fkan\u0131 Recep Tayyip Erdo\u011fan, bug\u00fcn yapt\u0131\u011f\u0131 a\u00e7\u0131klamada EYT&#039;de ya\u015f s\u0131n\u0131r\u0131n\u0131n\" \/>\n<meta property=\"og:url\" content=\"https:\/\/www.kariyer.net\/kariyer-rehberi\/eytde-yas-siniri-kaldirildi\/\" \/>\n<meta property=\"og:site_name\" content=\"Kariyer Rehberi\" \/>\n<meta property=\"article:published_time\" content=\"2022-12-28T18:03:15+00:00\" \/>\n<meta property=\"article:modified_time\" content=\"2024-08-08T18:08:26+00:00\" \/>\n<meta property=\"og:image\" content=\"https:\/\/www.kariyer.net\/kariyer-rehberi\/wp-content\/uploads\/2022\/12\/eyt_yas_siniri_kalkti.jpg\" \/>\n\t<meta property=\"og:image:width\" content=\"900\" \/>\n\t<meta property=\"og:image:height\" content=\"600\" \/>\n\t<meta property=\"og:image:type\" content=\"image\/jpeg\" \/>\n<meta name=\"author\" content=\"Edit\u00f6r\" \/>\n<meta name=\"twitter:card\" content=\"summary_large_image\" \/>\n<meta name=\"twitter:label1\" content=\"Yazan:\" \/>\n\t<meta name=\"twitter:data1\" content=\"Edit\u00f6r\" \/>\n\t<meta name=\"twitter:label2\" content=\"Tahmini okuma s\u00fcresi\" \/>\n\t<meta name=\"twitter:data2\" content=\"2 dakika\" \/>\n<!-- \/ Yoast SEO Premium plugin. -->","yoast_head_json":{"title":"EYT'de ya\u015f s\u0131n\u0131r\u0131 kald\u0131r\u0131ld\u0131!","description":"Cumhurba\u015fkan\u0131 Recep Tayyip Erdo\u011fan bug\u00fcn yapt\u0131\u011f\u0131 a\u00e7\u0131klamada EYT'de ya\u015f s\u0131n\u0131r\u0131n\u0131n kald\u0131r\u0131ld\u0131\u011f\u0131n\u0131 duyurdu.","robots":{"index":"index","follow":"follow","max-snippet":"max-snippet:-1","max-image-preview":"max-image-preview:large","max-video-preview":"max-video-preview:-1"},"canonical":"https:\/\/www.kariyer.net\/kariyer-rehberi\/eytde-yas-siniri-kaldirildi\/","og_locale":"tr_TR","og_type":"article","og_title":"EYT'de ya\u015f s\u0131n\u0131r\u0131 kald\u0131r\u0131ld\u0131!","og_description":"Milyonlarca ki\u015fiyi yak\u0131ndan ilgilendiren EYT ile ilgili karar verildi. Cumhurba\u015fkan\u0131 Recep Tayyip Erdo\u011fan, bug\u00fcn yapt\u0131\u011f\u0131 a\u00e7\u0131klamada EYT'de ya\u015f s\u0131n\u0131r\u0131n\u0131n","og_url":"https:\/\/www.kariyer.net\/kariyer-rehberi\/eytde-yas-siniri-kaldirildi\/","og_site_name":"Kariyer Rehberi","article_published_time":"2022-12-28T18:03:15+00:00","article_modified_time":"2024-08-08T18:08:26+00:00","og_image":[{"width":900,"height":600,"url":"https:\/\/www.kariyer.net\/kariyer-rehberi\/wp-content\/uploads\/2022\/12\/eyt_yas_siniri_kalkti.jpg","type":"image\/jpeg"}],"author":"Edit\u00f6r","twitter_card":"summary_large_image","twitter_misc":{"Yazan:":"Edit\u00f6r","Tahmini okuma s\u00fcresi":"2 dakika"},"schema":{"@context":"https:\/\/schema.org","@graph":[{"@type":"Article","@id":"https:\/\/www.kariyer.net\/kariyer-rehberi\/eytde-yas-siniri-kaldirildi\/#article","isPartOf":{"@id":"https:\/\/www.kariyer.net\/kariyer-rehberi\/eytde-yas-siniri-kaldirildi\/"},"author":{"name":"Edit\u00f6r","@id":"https:\/\/www.kariyer.net\/kariyer-rehberi\/#\/schema\/person\/94fd6e49c7ff1b1b2565a2cc4fd685dd"},"headline":"EYT&#8217;de ya\u015f s\u0131n\u0131r\u0131 kald\u0131r\u0131ld\u0131!","datePublished":"2022-12-28T18:03:15+00:00","dateModified":"2024-08-08T18:08:26+00:00","mainEntityOfPage":{"@id":"https:\/\/www.kariyer.net\/kariyer-rehberi\/eytde-yas-siniri-kaldirildi\/"},"wordCount":465,"publisher":{"@id":"https:\/\/www.kariyer.net\/kariyer-rehberi\/#organization"},"image":{"@id":"https:\/\/www.kariyer.net\/kariyer-rehberi\/eytde-yas-siniri-kaldirildi\/#primaryimage"},"thumbnailUrl":"https:\/\/www.kariyer.net\/kariyer-rehberi\/wp-content\/uploads\/2022\/12\/eyt_yas_siniri_kalkti.jpg","keywords":["emeklilik 2022","EYT","eyt 2022","EYT'de ya\u015f s\u0131n\u0131r\u0131 kald\u0131r\u0131ld\u0131"],"articleSection":["Ya\u015fam"],"inLanguage":"tr"},{"@type":"WebPage","@id":"https:\/\/www.kariyer.net\/kariyer-rehberi\/eytde-yas-siniri-kaldirildi\/","url":"https:\/\/www.kariyer.net\/kariyer-rehberi\/eytde-yas-siniri-kaldirildi\/","name":"EYT'de ya\u015f s\u0131n\u0131r\u0131 kald\u0131r\u0131ld\u0131!","isPartOf":{"@id":"https:\/\/www.kariyer.net\/kariyer-rehberi\/#website"},"primaryImageOfPage":{"@id":"https:\/\/www.kariyer.net\/kariyer-rehberi\/eytde-yas-siniri-kaldirildi\/#primaryimage"},"image":{"@id":"https:\/\/www.kariyer.net\/kariyer-rehberi\/eytde-yas-siniri-kaldirildi\/#primaryimage"},"thumbnailUrl":"https:\/\/www.kariyer.net\/kariyer-rehberi\/wp-content\/uploads\/2022\/12\/eyt_yas_siniri_kalkti.jpg","datePublished":"2022-12-28T18:03:15+00:00","dateModified":"2024-08-08T18:08:26+00:00","description":"Cumhurba\u015fkan\u0131 Recep Tayyip Erdo\u011fan bug\u00fcn yapt\u0131\u011f\u0131 a\u00e7\u0131klamada EYT'de ya\u015f s\u0131n\u0131r\u0131n\u0131n kald\u0131r\u0131ld\u0131\u011f\u0131n\u0131 duyurdu.","breadcrumb":{"@id":"https:\/\/www.kariyer.net\/kariyer-rehberi\/eytde-yas-siniri-kaldirildi\/#breadcrumb"},"inLanguage":"tr","potentialAction":[{"@type":"ReadAction","target":["https:\/\/www.kariyer.net\/kariyer-rehberi\/eytde-yas-siniri-kaldirildi\/"]}]},{"@type":"ImageObject","inLanguage":"tr","@id":"https:\/\/www.kariyer.net\/kariyer-rehberi\/eytde-yas-siniri-kaldirildi\/#primaryimage","url":"https:\/\/www.kariyer.net\/kariyer-rehberi\/wp-content\/uploads\/2022\/12\/eyt_yas_siniri_kalkti.jpg","contentUrl":"https:\/\/www.kariyer.net\/kariyer-rehberi\/wp-content\/uploads\/2022\/12\/eyt_yas_siniri_kalkti.jpg","width":900,"height":600},{"@type":"BreadcrumbList","@id":"https:\/\/www.kariyer.net\/kariyer-rehberi\/eytde-yas-siniri-kaldirildi\/#breadcrumb","itemListElement":[{"@type":"ListItem","position":1,"name":"Anasayfa","item":"https:\/\/www.kariyer.net\/kariyer-rehberi\/"},{"@type":"ListItem","position":2,"name":"EYT&#8217;de ya\u015f s\u0131n\u0131r\u0131 kald\u0131r\u0131ld\u0131!"}]},{"@type":"WebSite","@id":"https:\/\/www.kariyer.net\/kariyer-rehberi\/#website","url":"https:\/\/www.kariyer.net\/kariyer-rehberi\/","name":"Kariyer Rehberi","description":"\u0130\u015f D\u00fcnyas\u0131yla \u0130lgili Bilmek \u0130stedi\u011finiz Her \u015eey","publisher":{"@id":"https:\/\/www.kariyer.net\/kariyer-rehberi\/#organization"},"potentialAction":[{"@type":"SearchAction","target":{"@type":"EntryPoint","urlTemplate":"https:\/\/www.kariyer.net\/kariyer-rehberi\/?s={search_term_string}"},"query-input":{"@type":"PropertyValueSpecification","valueRequired":true,"valueName":"search_term_string"}}],"inLanguage":"tr"},{"@type":"Organization","@id":"https:\/\/www.kariyer.net\/kariyer-rehberi\/#organization","name":"Kariyer.net","url":"https:\/\/www.kariyer.net\/kariyer-rehberi\/","logo":{"@type":"ImageObject","inLanguage":"tr","@id":"https:\/\/www.kariyer.net\/kariyer-rehberi\/#\/schema\/logo\/image\/","url":"https:\/\/www.kariyer.net\/kariyer-rehberi-new\/wp-content\/uploads\/2023\/01\/og-image11.jpg","contentUrl":"https:\/\/www.kariyer.net\/kariyer-rehberi-new\/wp-content\/uploads\/2023\/01\/og-image11.jpg","width":800,"height":800,"caption":"Kariyer.net"},"image":{"@id":"https:\/\/www.kariyer.net\/kariyer-rehberi\/#\/schema\/logo\/image\/"}},{"@type":"Person","@id":"https:\/\/www.kariyer.net\/kariyer-rehberi\/#\/schema\/person\/94fd6e49c7ff1b1b2565a2cc4fd685dd","name":"Edit\u00f6r","image":{"@type":"ImageObject","inLanguage":"tr","@id":"https:\/\/www.kariyer.net\/kariyer-rehberi\/#\/schema\/person\/image\/","url":"https:\/\/secure.gravatar.com\/avatar\/0c4fe6688343aed3693b15573beae12c08ace5565409d5ab7509bf9c115f458d?s=96&d=mm&r=g","contentUrl":"https:\/\/secure.gravatar.com\/avatar\/0c4fe6688343aed3693b15573beae12c08ace5565409d5ab7509bf9c115f458d?s=96&d=mm&r=g","caption":"Edit\u00f6r"},"url":"https:\/\/www.kariyer.net\/kariyer-rehberi\/author\/editor\/"}]}},"_links":{"self":[{"href":"https:\/\/www.kariyer.net\/kariyer-rehberi\/wp-json\/wp\/v2\/posts\/17009","targetHints":{"allow":["GET"]}}],"collection":[{"href":"https:\/\/www.kariyer.net\/kariyer-rehberi\/wp-json\/wp\/v2\/posts"}],"about":[{"href":"https:\/\/www.kariyer.net\/kariyer-rehberi\/wp-json\/wp\/v2\/types\/post"}],"author":[{"embeddable":true,"href":"https:\/\/www.kariyer.net\/kariyer-rehberi\/wp-json\/wp\/v2\/users\/12"}],"replies":[{"embeddable":true,"href":"https:\/\/www.kariyer.net\/kariyer-rehberi\/wp-json\/wp\/v2\/comments?post=17009"}],"version-history":[{"count":1,"href":"https:\/\/www.kariyer.net\/kariyer-rehberi\/wp-json\/wp\/v2\/posts\/17009\/revisions"}],"predecessor-version":[{"id":20548,"href":"https:\/\/www.kariyer.net\/kariyer-rehberi\/wp-json\/wp\/v2\/posts\/17009\/revisions\/20548"}],"wp:featuredmedia":[{"embeddable":true,"href":"https:\/\/www.kariyer.net\/kariyer-rehberi\/wp-json\/wp\/v2\/media\/17011"}],"wp:attachment":[{"href":"https:\/\/www.kariyer.net\/kariyer-rehberi\/wp-json\/wp\/v2\/media?parent=17009"}],"wp:term":[{"taxonomy":"category","embeddable":true,"href":"https:\/\/www.kariyer.net\/kariyer-rehberi\/wp-json\/wp\/v2\/categories?post=17009"},{"taxonomy":"post_tag","embeddable":true,"href":"https:\/\/www.kariyer.net\/kariyer-rehberi\/wp-json\/wp\/v2\/tags?post=17009"}],"curies":[{"name":"wp","href":"https:\/\/api.w.org\/{rel}","templated":true}]}}