{"id":17176,"date":"2024-09-10T09:00:17","date_gmt":"2024-09-10T06:00:17","guid":{"rendered":"https:\/\/www.kariyer.net\/kariyer-rehberi\/?p=17176"},"modified":"2024-09-10T09:47:43","modified_gmt":"2024-09-10T06:47:43","slug":"kariyer-degisikligi-yaparken-on-yazi-yazmanin-5-adimi","status":"publish","type":"post","link":"https:\/\/www.kariyer.net\/kariyer-rehberi\/kariyer-degisikligi-yaparken-on-yazi-yazmanin-5-adimi\/","title":{"rendered":"Kariyer de\u011fi\u015fikli\u011fi yaparken \u00f6n yaz\u0131 yazman\u0131n 5 ad\u0131m\u0131"},"content":{"rendered":"<p><strong>Kariyer de\u011fi\u015fikli\u011fine haz\u0131rlanmak heyecan verici, ama ayn\u0131 zamanda belirsizlik nedeniyle biraz da \u00fcrk\u00fct\u00fcc\u00fcd\u00fcr. Peki, farkl\u0131 bir alanda ilerlemeye karar verip, i\u015f ba\u015fvurular\u0131na ba\u015flad\u0131\u011f\u0131nda m\u00fclakat daveti almay\u0131 nas\u0131l sa\u011flayabilirsin? \u0130yi bir \u00f6n yaz\u0131 bu noktada sana yard\u0131mc\u0131 olacak. Peki, nas\u0131l?<\/strong><\/p>\n<p>\u0130\u015fe al\u0131mla ilgili belli trendler, yakla\u015f\u0131mlar olsa da bazen \u015firket k\u00fclt\u00fcr\u00fc ya da i\u015fe al\u0131m uzman\u0131n\u0131n yakla\u015f\u0131m\u0131 nedeniyle de\u011fi\u015fime diren\u00e7 g\u00f6sterilebilir. G\u00fcn\u00fcm\u00fczde i\u015f hayat\u0131nda ya\u015fanan d\u00f6n\u00fc\u015f\u00fcmle \u00e7al\u0131\u015fan merkezli uygulamalar yayg\u0131nla\u015fsa da h\u00e2l\u00e2 geleneksel bak\u0131\u015f a\u00e7\u0131s\u0131ndan s\u00f6z edilebilir.<\/p>\n<p>\u00d6rne\u011fin; kariyerini <strong><a href=\"https:\/\/www.kariyer.net\/is-ilanlari\/yazilim+muhendisi\" target=\"_blank\" rel=\"noopener\">yaz\u0131l\u0131m m\u00fchendisli\u011finde<\/a><\/strong> ge\u00e7irmi\u015f birinin neden <strong><a href=\"https:\/\/www.kariyer.net\/is-ilanlari\/finans\" target=\"_blank\" rel=\"noopener\">finansal<\/a><\/strong> bir programa ba\u015fvurdu\u011funu irdeleyip irdelememek tercihe g\u00f6re de\u011fi\u015fir. Bu noktada \u00f6zge\u00e7mi\u015finin incelenmesini sa\u011flaman i\u00e7in etkili bir \u00f6n yaz\u0131yla kendini fark ettirmen \u00f6nemli. Burada zor olan az kelimeyle \u00e7ok \u015fey anlatabilmek, detaylara bo\u011fmadan \u00f6nemli noktalar\u0131 vurgulayabilmek\u2026 B\u00f6yle bir yaz\u0131y\u0131 haz\u0131rlamak stresli ve zaman al\u0131c\u0131 g\u00f6r\u00fcnebilir, ancak \u015fu ipu\u00e7lar\u0131n\u0131 uygulayarak i\u015fini kolayla\u015ft\u0131rabilirsin&#8230;<\/p>\n<p>\u00d6zge\u00e7mi\u015fler, i\u015f deneyimini sergilemen i\u00e7in harika bir ara\u00e7ken; <strong><a href=\"https:\/\/www.kariyer.net\/kariyer-rehberi\/category\/oz-gecmis\/onyazi\/\" target=\"_blank\" rel=\"noopener\">\u00f6n yaz\u0131<\/a><\/strong>, deneyimlerinin bir sonraki g\u00f6revinde ba\u015far\u0131l\u0131 olmana nas\u0131l yard\u0131mc\u0131 olaca\u011f\u0131n\u0131 a\u00e7\u0131klama f\u0131rsat\u0131 verir. Ayn\u0131 zamanda olas\u0131 bir i\u015fverene i\u015f i\u00e7in do\u011fru ki\u015fi oldu\u011funu anlatman i\u00e7in de iyi bir yoldur.<\/p>\n<h2><strong>Etkili bir ilk c\u00fcmleyle ba\u015fla<\/strong><\/h2>\n<p>Etkili bir c\u00fcmle kurmak i\u00e7in baz\u0131 kli\u015fe ifadelerden ka\u00e7\u0131nmal\u0131s\u0131n. Bir soru sorabilirsin, deneyimin hakk\u0131nda ilgin\u00e7 bir bilgiyle ba\u015flayabilirsin ya da neden kariyer rotan\u0131 de\u011fi\u015ftirmeye karar verdi\u011fine dair k\u0131sa bir anekdot anlatabilirsin.<\/p>\n<h2><strong>Kendini k\u0131saca tan\u0131t<\/strong><\/h2>\n<p>Bir i\u015fe al\u0131m m\u00fcd\u00fcr\u00fcne kendin hakk\u0131nda sadece \u00fc\u00e7 \u015fey s\u00f6yleyebilecek olsayd\u0131n, bunlar neler olurdu? Deneyimini nas\u0131l pazarlamak isterdin?<\/p>\n<p>\u00d6rne\u011fin; bir sat\u0131\u015f rol\u00fcnde yeteneklerini geli\u015ftirmeye hevesli, teknolojiden anlayan bir m\u00fc\u015fteri ili\u015fkileri uzman\u0131 m\u0131s\u0131n ya da <strong><a href=\"https:\/\/www.kariyer.net\/is-ilanlari\/insan+kaynaklari\" target=\"_blank\" rel=\"noopener\">insan kaynaklar\u0131na<\/a><\/strong> ge\u00e7i\u015f yapmak isteyen iyi bir pazarlamac\u0131 m\u0131s\u0131n? \u00d6n yaz\u0131n\u0131n bu b\u00f6l\u00fcm\u00fcn\u00fc, seni benzersiz bir birey ve \u00e7al\u0131\u015fan yapan nitelikleri vurgulamak i\u00e7in kullan. T\u00fcm hayat hikayeni buraya dahil etmene gerek yok. \u00d6rne\u011fin; \u201c2015 y\u0131l\u0131nda \u00fcniversiteden mezun olduktan sonra y\u00f6netici asistanl\u0131\u011f\u0131 i\u015fine ba\u015fvurmaya karar verdim\u2026\u201d gibi bir c\u00fcmle yerine &#8220;\u0130leti\u015fim dili g\u00fc\u00e7l\u00fc, organize, yetenekli ve \u00e7\u00f6z\u00fcm odakl\u0131 bir y\u00f6netici asistan\u0131y\u0131m&#8221; diyerek giri\u015fi k\u0131sa ve i\u015finle ilgili tutabilirsin.<\/p>\n<h2><strong>Kariyer de\u011fi\u015fikli\u011fi hikayeni payla\u015f<\/strong><\/h2>\n<p>Kariyer de\u011fi\u015fikli\u011finin ard\u0131ndaki nedeni burada a\u00e7\u0131klayabilirsin. Ba\u015fvurdu\u011fun sekt\u00f6re her zaman gizli bir ilgin mi vard\u0131? Bir proje \u00fczerinde \u00e7al\u0131\u015f\u0131rken, tesad\u00fcfen bu alan\u0131 ke\u015ffettin ve bu i\u015fe mi yo\u011funla\u015fmak istiyorsun? Bu nedenlere benzer olarak senin hikayen neyse, bunu anlatmal\u0131s\u0131n. B\u00f6ylece farkl\u0131 deneyimlerine ra\u011fmen, seni bu yeni alan i\u00e7in heyecanland\u0131ran \u015feyin ne oldu\u011funu anlatarak i\u015fe al\u0131m uzman\u0131n\u0131 da ikna edebilirsin.<\/p>\n<h2><strong>Aktar\u0131labilir becerilerini vurgula<\/strong><\/h2>\n<p>Ayn\u0131 i\u015fe ba\u015fvuru yapan binlerce aday olabilir ve i\u015fe al\u0131m uzmanlar\u0131n\u0131n da vaktinin k\u0131s\u0131tl\u0131 oldu\u011funu d\u00fc\u015f\u00fcnd\u00fc\u011f\u00fcm\u00fczde rekabette nas\u0131l \u00f6ne \u00e7\u0131kacaks\u0131n? Elbette ki en ba\u015ftan beri s\u00f6yledi\u011fimiz gibi \u00f6nemli noktalar\u0131n alt\u0131n\u0131 \u00e7izerek&#8230; Bu nedenle yapman gerekenlerden biri de bir \u00f6nceki deneyimlerinden ba\u015fvurdu\u011fun pozisyonda da yararlanabilece\u011fin yetkinliklerini vurgulaman. Bu y\u00f6nde \u00f6rnekler vermen de yine i\u015fe al\u0131m uzman\u0131n\u0131 ikna etmede i\u015fine yarayacakt\u0131r.<\/p>\n<h2><strong>Hepsini bir araya getir<\/strong><\/h2>\n<p>Son sat\u0131rlar\u0131n\u0131 kapan\u0131\u015f c\u00fcmleleriyle tamamla. \u00d6nceki paragraflarda m\u00fclakata neden davet edilmen gerekti\u011fine dair a\u00e7\u0131klamalar yapt\u0131n. Son olarak bunlar\u0131 toparlarken, \u015firket i\u00e7in de yapabileceklerin oldu\u011funa sat\u0131rlar\u0131nda yer vermelisin. \u00d6rne\u011fin;<\/p>\n<p>&#8220;Pazarlama ve halkla ili\u015fkiler uzmanl\u0131\u011f\u0131m\u0131n dijital reklamc\u0131l\u0131k ekibinize nas\u0131l fayda sa\u011flayabilece\u011fini tart\u0131\u015fmay\u0131 d\u00f6rt g\u00f6zle bekliyorum!&#8221; diyebilirsin.<\/p>\n<h3><strong>Buraya dikkat!<\/strong><\/h3>\n<p>1 &#8211; Ne yaparsan yap, sahip olmad\u0131\u011f\u0131n deneyim i\u00e7in \u00f6z\u00fcr dileme. &#8220;\u00c7al\u0131\u015fan e\u011fitimi konusunda do\u011frudan bir deneyimim olmad\u0131\u011f\u0131n\u0131 biliyorum ve bunun i\u00e7in \u00fczg\u00fcn\u00fcm&#8230;&#8221; gibi bir \u015fey yazmak yerine, &#8220;Son d\u00f6rt y\u0131ld\u0131r dinamik bir i\u015f geli\u015ftirme ortam\u0131nda \u00e7al\u0131\u015fm\u0131\u015f biri olarak, ki\u015fisel becerilerimi geli\u015ftirme f\u0131rsat\u0131 beni heyecanland\u0131r\u0131yor.&#8221; diyebilirsin.<\/p>\n<p>2 \u2013 \u00d6n yaz\u0131n\u0131 do\u011fru ki\u015fi veya ki\u015filere y\u00f6nelt.<\/p>\n<p>3 \u2013 Ba\u015fvurdu\u011fun pozisyona \u00f6zel \u00f6n yaz\u0131 yazmay\u0131 ihmal etme.<\/p>\n<p>4 \u2013 Uzun bir metin yazma. \u00d6nemli noktalar\u0131 vurgula, ama detaylar\u0131 g\u00f6r\u00fc\u015fmeye sakla.<\/p>\n<p>5- Metni yazd\u0131ktan sonra k\u0131sa bir ara ver ve sonra tekrardan oku. Yanl\u0131\u015f bir ifade ya da yaz\u0131m hatas\u0131 varsa fark etmen daha kolay olur.<\/p>\n<p>6 &#8211; Yeteneklerini, aktar\u0131labilir becerilerini ve bu yeni alana olan tutkunu vurgulad\u0131\u011f\u0131ndan emin ol.<\/p>\n<p>T\u00fcm bunlar i\u015fe al\u0131m s\u00fcrecinin olumlu ilerlemesine \u00a0yard\u0131mc\u0131 olacakt\u0131r.<\/p>\n<p><strong>Kaynak: <a href=\"https:\/\/www.themuse.com\/advice\/career-change-cover-letter-sample\" target=\"_blank\" rel=\"noopener\">The Muse<\/a><\/strong><\/p>\n<pre><strong>\u00d6n yaz\u0131 haz\u0131rlamakla ilgili di\u011fer yaz\u0131lar\u0131 okumak i\u00e7in <a href=\"https:\/\/www.kariyer.net\/kariyer-rehberi\/category\/oz-gecmis\/onyazi\/\" target=\"_blank\" rel=\"noopener\">buraya<\/a> t\u0131klayabilirsin.\r\n<\/strong><\/pre>\n<!-- templates\/buttons-placeholder.php -->\n<div class=\"da-reactions-outer TpostID17176\">\n\t    <div class=\"da-reactions-data da-reactions-container-async center\"\n         data-type=\"post\"\n         data-id=\"17176\"\n         id=\"da-reactions-slot-post-17176\">\n        <div class=\"da-reactions-static\">\n\t\t\t<img src=\"https:\/\/www.kariyer.net\/kariyer-rehberi\/wp-content\/plugins\/da-reactions\/assets\/dist\/loading.svg\" alt=\"Loading spinner\" width=\"48\" height=\"48\" style=\"width:48px\" \/>\n        <\/div>\n    <\/div>\n<\/div>\n","protected":false},"excerpt":{"rendered":"<p>Kariyer de\u011fi\u015fikli\u011fine haz\u0131rlanmak heyecan verici, ama ayn\u0131 zamanda belirsizlik nedeniyle biraz da \u00fcrk\u00fct\u00fcc\u00fcd\u00fcr. Peki, farkl\u0131 bir alanda ilerlemeye karar verip, i\u015f ba\u015fvurular\u0131na ba\u015flad\u0131\u011f\u0131nda m\u00fclakat daveti almay\u0131 nas\u0131l sa\u011flayabilirsin? \u0130yi bir \u00f6n yaz\u0131 bu noktada sana yard\u0131mc\u0131 olacak. Peki, nas\u0131l? \u0130\u015fe al\u0131mla ilgili belli trendler, yakla\u015f\u0131mlar olsa da bazen \u015firket k\u00fclt\u00fcr\u00fc ya da i\u015fe al\u0131m uzman\u0131n\u0131n [&hellip;]<\/p>\n<!-- templates\/buttons-placeholder.php -->\n<div class=\"da-reactions-outer TpostID17176\">\n\t    <div class=\"da-reactions-data da-reactions-container-async center\"\n         data-type=\"post\"\n         data-id=\"17176\"\n         id=\"da-reactions-slot-post-17176\">\n        <div class=\"da-reactions-static\">\n\t\t\t<img src=\"https:\/\/www.kariyer.net\/kariyer-rehberi\/wp-content\/plugins\/da-reactions\/assets\/dist\/loading.svg\" alt=\"Loading spinner\" width=\"48\" height=\"48\" style=\"width:48px\" \/>\n        <\/div>\n    <\/div>\n<\/div>\n","protected":false},"author":29,"featured_media":17177,"comment_status":"closed","ping_status":"open","sticky":false,"template":"","format":"standard","meta":{"footnotes":"","_elementor_edit_mode":"","_elementor_template_type":"","_elementor_data":"","_elementor_page_settings":null,"_elementor_conditions":[]},"categories":[36],"tags":[1207],"class_list":{"0":"post-17176","1":"post","2":"type-post","3":"status-publish","4":"format-standard","5":"has-post-thumbnail","7":"category-onyazi","8":"tag-ozden-yilmaz"},"yoast_head":"<!-- This site is optimized with the Yoast SEO Premium plugin v21.4 (Yoast SEO v27.0) - https:\/\/yoast.com\/product\/yoast-seo-premium-wordpress\/ -->\n<title>Kariyer de\u011fi\u015fikli\u011fi yaparken \u00f6n yaz\u0131 yazman\u0131n 5 ad\u0131m\u0131<\/title>\n<meta name=\"description\" content=\"Kariyer de\u011fi\u015fikli\u011fi s\u00fcreci heyecan verici, ama belirsizlik nedeniyle biraz da \u00fcrk\u00fct\u00fcc\u00fcd\u00fcr. \u0130yi bir \u00f6n yaz\u0131 bu noktada sana yard\u0131mc\u0131 olacak.\" \/>\n<meta name=\"robots\" content=\"index, follow, max-snippet:-1, max-image-preview:large, max-video-preview:-1\" \/>\n<link rel=\"canonical\" href=\"https:\/\/www.kariyer.net\/kariyer-rehberi\/kariyer-degisikligi-yaparken-on-yazi-yazmanin-5-adimi\/\" \/>\n<meta property=\"og:locale\" content=\"tr_TR\" \/>\n<meta property=\"og:type\" content=\"article\" \/>\n<meta property=\"og:title\" content=\"Kariyer de\u011fi\u015fikli\u011fi yaparken \u00f6n yaz\u0131 yazman\u0131n 5 ad\u0131m\u0131\" \/>\n<meta property=\"og:description\" content=\"Kariyer de\u011fi\u015fikli\u011fine haz\u0131rlanmak heyecan verici, ama ayn\u0131 zamanda belirsizlik nedeniyle biraz da \u00fcrk\u00fct\u00fcc\u00fcd\u00fcr. Peki, farkl\u0131 bir alanda ilerlemeye karar\" \/>\n<meta property=\"og:url\" content=\"https:\/\/www.kariyer.net\/kariyer-rehberi\/kariyer-degisikligi-yaparken-on-yazi-yazmanin-5-adimi\/\" \/>\n<meta property=\"og:site_name\" content=\"Kariyer Rehberi\" \/>\n<meta property=\"article:published_time\" content=\"2024-09-10T06:00:17+00:00\" \/>\n<meta property=\"article:modified_time\" content=\"2024-09-10T06:47:43+00:00\" \/>\n<meta property=\"og:image\" content=\"https:\/\/www.kariyer.net\/kariyer-rehberi\/wp-content\/uploads\/2023\/02\/kariyerdegisimi_onyazi_yazmak.jpg\" \/>\n\t<meta property=\"og:image:width\" content=\"900\" \/>\n\t<meta property=\"og:image:height\" content=\"600\" \/>\n\t<meta property=\"og:image:type\" content=\"image\/jpeg\" \/>\n<meta name=\"author\" content=\"\u00d6zden Y\u0131lmaz\" \/>\n<meta name=\"twitter:card\" content=\"summary_large_image\" \/>\n<meta name=\"twitter:label1\" content=\"Yazan:\" \/>\n\t<meta name=\"twitter:data1\" content=\"\u00d6zden Y\u0131lmaz\" \/>\n\t<meta name=\"twitter:label2\" content=\"Tahmini okuma s\u00fcresi\" \/>\n\t<meta name=\"twitter:data2\" content=\"4 dakika\" \/>\n<!-- \/ Yoast SEO Premium plugin. -->","yoast_head_json":{"title":"Kariyer de\u011fi\u015fikli\u011fi yaparken \u00f6n yaz\u0131 yazman\u0131n 5 ad\u0131m\u0131","description":"Kariyer de\u011fi\u015fikli\u011fi s\u00fcreci heyecan verici, ama belirsizlik nedeniyle biraz da \u00fcrk\u00fct\u00fcc\u00fcd\u00fcr. \u0130yi bir \u00f6n yaz\u0131 bu noktada sana yard\u0131mc\u0131 olacak.","robots":{"index":"index","follow":"follow","max-snippet":"max-snippet:-1","max-image-preview":"max-image-preview:large","max-video-preview":"max-video-preview:-1"},"canonical":"https:\/\/www.kariyer.net\/kariyer-rehberi\/kariyer-degisikligi-yaparken-on-yazi-yazmanin-5-adimi\/","og_locale":"tr_TR","og_type":"article","og_title":"Kariyer de\u011fi\u015fikli\u011fi yaparken \u00f6n yaz\u0131 yazman\u0131n 5 ad\u0131m\u0131","og_description":"Kariyer de\u011fi\u015fikli\u011fine haz\u0131rlanmak heyecan verici, ama ayn\u0131 zamanda belirsizlik nedeniyle biraz da \u00fcrk\u00fct\u00fcc\u00fcd\u00fcr. Peki, farkl\u0131 bir alanda ilerlemeye karar","og_url":"https:\/\/www.kariyer.net\/kariyer-rehberi\/kariyer-degisikligi-yaparken-on-yazi-yazmanin-5-adimi\/","og_site_name":"Kariyer Rehberi","article_published_time":"2024-09-10T06:00:17+00:00","article_modified_time":"2024-09-10T06:47:43+00:00","og_image":[{"width":900,"height":600,"url":"https:\/\/www.kariyer.net\/kariyer-rehberi\/wp-content\/uploads\/2023\/02\/kariyerdegisimi_onyazi_yazmak.jpg","type":"image\/jpeg"}],"author":"\u00d6zden Y\u0131lmaz","twitter_card":"summary_large_image","twitter_misc":{"Yazan:":"\u00d6zden Y\u0131lmaz","Tahmini okuma s\u00fcresi":"4 dakika"},"schema":{"@context":"https:\/\/schema.org","@graph":[{"@type":"Article","@id":"https:\/\/www.kariyer.net\/kariyer-rehberi\/kariyer-degisikligi-yaparken-on-yazi-yazmanin-5-adimi\/#article","isPartOf":{"@id":"https:\/\/www.kariyer.net\/kariyer-rehberi\/kariyer-degisikligi-yaparken-on-yazi-yazmanin-5-adimi\/"},"author":{"name":"\u00d6zden Y\u0131lmaz","@id":"https:\/\/www.kariyer.net\/kariyer-rehberi\/#\/schema\/person\/71c4f71ffd069a4c47a69e85a0e09215"},"headline":"Kariyer de\u011fi\u015fikli\u011fi yaparken \u00f6n yaz\u0131 yazman\u0131n 5 ad\u0131m\u0131","datePublished":"2024-09-10T06:00:17+00:00","dateModified":"2024-09-10T06:47:43+00:00","mainEntityOfPage":{"@id":"https:\/\/www.kariyer.net\/kariyer-rehberi\/kariyer-degisikligi-yaparken-on-yazi-yazmanin-5-adimi\/"},"wordCount":886,"publisher":{"@id":"https:\/\/www.kariyer.net\/kariyer-rehberi\/#organization"},"image":{"@id":"https:\/\/www.kariyer.net\/kariyer-rehberi\/kariyer-degisikligi-yaparken-on-yazi-yazmanin-5-adimi\/#primaryimage"},"thumbnailUrl":"https:\/\/www.kariyer.net\/kariyer-rehberi\/wp-content\/uploads\/2023\/02\/kariyerdegisimi_onyazi_yazmak.jpg","keywords":["\u00d6zden Y\u0131lmaz"],"articleSection":["\u00d6nyaz\u0131"],"inLanguage":"tr"},{"@type":"WebPage","@id":"https:\/\/www.kariyer.net\/kariyer-rehberi\/kariyer-degisikligi-yaparken-on-yazi-yazmanin-5-adimi\/","url":"https:\/\/www.kariyer.net\/kariyer-rehberi\/kariyer-degisikligi-yaparken-on-yazi-yazmanin-5-adimi\/","name":"Kariyer de\u011fi\u015fikli\u011fi yaparken \u00f6n yaz\u0131 yazman\u0131n 5 ad\u0131m\u0131","isPartOf":{"@id":"https:\/\/www.kariyer.net\/kariyer-rehberi\/#website"},"primaryImageOfPage":{"@id":"https:\/\/www.kariyer.net\/kariyer-rehberi\/kariyer-degisikligi-yaparken-on-yazi-yazmanin-5-adimi\/#primaryimage"},"image":{"@id":"https:\/\/www.kariyer.net\/kariyer-rehberi\/kariyer-degisikligi-yaparken-on-yazi-yazmanin-5-adimi\/#primaryimage"},"thumbnailUrl":"https:\/\/www.kariyer.net\/kariyer-rehberi\/wp-content\/uploads\/2023\/02\/kariyerdegisimi_onyazi_yazmak.jpg","datePublished":"2024-09-10T06:00:17+00:00","dateModified":"2024-09-10T06:47:43+00:00","description":"Kariyer de\u011fi\u015fikli\u011fi s\u00fcreci heyecan verici, ama belirsizlik nedeniyle biraz da \u00fcrk\u00fct\u00fcc\u00fcd\u00fcr. \u0130yi bir \u00f6n yaz\u0131 bu noktada sana yard\u0131mc\u0131 olacak.","breadcrumb":{"@id":"https:\/\/www.kariyer.net\/kariyer-rehberi\/kariyer-degisikligi-yaparken-on-yazi-yazmanin-5-adimi\/#breadcrumb"},"inLanguage":"tr","potentialAction":[{"@type":"ReadAction","target":["https:\/\/www.kariyer.net\/kariyer-rehberi\/kariyer-degisikligi-yaparken-on-yazi-yazmanin-5-adimi\/"]}]},{"@type":"ImageObject","inLanguage":"tr","@id":"https:\/\/www.kariyer.net\/kariyer-rehberi\/kariyer-degisikligi-yaparken-on-yazi-yazmanin-5-adimi\/#primaryimage","url":"https:\/\/www.kariyer.net\/kariyer-rehberi\/wp-content\/uploads\/2023\/02\/kariyerdegisimi_onyazi_yazmak.jpg","contentUrl":"https:\/\/www.kariyer.net\/kariyer-rehberi\/wp-content\/uploads\/2023\/02\/kariyerdegisimi_onyazi_yazmak.jpg","width":900,"height":600},{"@type":"BreadcrumbList","@id":"https:\/\/www.kariyer.net\/kariyer-rehberi\/kariyer-degisikligi-yaparken-on-yazi-yazmanin-5-adimi\/#breadcrumb","itemListElement":[{"@type":"ListItem","position":1,"name":"Anasayfa","item":"https:\/\/www.kariyer.net\/kariyer-rehberi\/"},{"@type":"ListItem","position":2,"name":"Kariyer de\u011fi\u015fikli\u011fi yaparken \u00f6n yaz\u0131 yazman\u0131n 5 ad\u0131m\u0131"}]},{"@type":"WebSite","@id":"https:\/\/www.kariyer.net\/kariyer-rehberi\/#website","url":"https:\/\/www.kariyer.net\/kariyer-rehberi\/","name":"Kariyer Rehberi","description":"\u0130\u015f D\u00fcnyas\u0131yla \u0130lgili Bilmek \u0130stedi\u011finiz Her \u015eey","publisher":{"@id":"https:\/\/www.kariyer.net\/kariyer-rehberi\/#organization"},"potentialAction":[{"@type":"SearchAction","target":{"@type":"EntryPoint","urlTemplate":"https:\/\/www.kariyer.net\/kariyer-rehberi\/?s={search_term_string}"},"query-input":{"@type":"PropertyValueSpecification","valueRequired":true,"valueName":"search_term_string"}}],"inLanguage":"tr"},{"@type":"Organization","@id":"https:\/\/www.kariyer.net\/kariyer-rehberi\/#organization","name":"Kariyer.net","url":"https:\/\/www.kariyer.net\/kariyer-rehberi\/","logo":{"@type":"ImageObject","inLanguage":"tr","@id":"https:\/\/www.kariyer.net\/kariyer-rehberi\/#\/schema\/logo\/image\/","url":"https:\/\/www.kariyer.net\/kariyer-rehberi-new\/wp-content\/uploads\/2023\/01\/og-image11.jpg","contentUrl":"https:\/\/www.kariyer.net\/kariyer-rehberi-new\/wp-content\/uploads\/2023\/01\/og-image11.jpg","width":800,"height":800,"caption":"Kariyer.net"},"image":{"@id":"https:\/\/www.kariyer.net\/kariyer-rehberi\/#\/schema\/logo\/image\/"}},{"@type":"Person","@id":"https:\/\/www.kariyer.net\/kariyer-rehberi\/#\/schema\/person\/71c4f71ffd069a4c47a69e85a0e09215","name":"\u00d6zden Y\u0131lmaz","image":{"@type":"ImageObject","inLanguage":"tr","@id":"https:\/\/www.kariyer.net\/kariyer-rehberi\/#\/schema\/person\/image\/","url":"https:\/\/secure.gravatar.com\/avatar\/776750a3e7166486a1e43527c51a8f7088279a624700d0e81666f27a714cbbc2?s=96&d=mm&r=g","contentUrl":"https:\/\/secure.gravatar.com\/avatar\/776750a3e7166486a1e43527c51a8f7088279a624700d0e81666f27a714cbbc2?s=96&d=mm&r=g","caption":"\u00d6zden Y\u0131lmaz"},"description":"Kocaeli \u00dcniversitesi \u0130leti\u015fim Fak\u00fcltesi mezunu olan \u00d6zden, Bilgi \u00dcniversitesi\u2019nde \u0130nteraktif Pazarlama alan\u0131nda y\u00fcksek lisans yapm\u0131\u015ft\u0131r. Lisans \u00f6\u011freniminin ilk y\u0131llar\u0131nda TRT Haber\u2019de asistan muhabirlik yaparak meslek hayat\u0131na ba\u015flam\u0131\u015ft\u0131r. Mezun olduktan sonra farkl\u0131 d\u00f6nemlerde TV8 Haber ve Cem TV\u2019de; yap\u0131mc\u0131, y\u00f6netmen ve edit\u00f6r olarak g\u00f6rev alm\u0131\u015ft\u0131r. Dijital d\u00fcnyadaki geli\u015fmelerle birlikte editoryal deneyimini online platformlara ta\u015f\u0131m\u0131\u015f, Markafoni\u2019de ve Mudo\u2019da i\u00e7erik edit\u00f6rl\u00fc\u011f\u00fc yapm\u0131\u015ft\u0131r. Kurumsal markalar i\u00e7in freelance SEO edit\u00f6rl\u00fc\u011f\u00fc de yapan \u00d6zden, 2018 y\u0131l\u0131 itibar\u0131yla kariyerine, Kariyer.net i\u00e7erik edit\u00f6r\u00fc olarak devam etmekte ve online\/offline i\u00e7erik \u00fcretmektedir.","url":"https:\/\/www.kariyer.net\/kariyer-rehberi\/author\/ozdenyilmaz\/"}]}},"_links":{"self":[{"href":"https:\/\/www.kariyer.net\/kariyer-rehberi\/wp-json\/wp\/v2\/posts\/17176","targetHints":{"allow":["GET"]}}],"collection":[{"href":"https:\/\/www.kariyer.net\/kariyer-rehberi\/wp-json\/wp\/v2\/posts"}],"about":[{"href":"https:\/\/www.kariyer.net\/kariyer-rehberi\/wp-json\/wp\/v2\/types\/post"}],"author":[{"embeddable":true,"href":"https:\/\/www.kariyer.net\/kariyer-rehberi\/wp-json\/wp\/v2\/users\/29"}],"replies":[{"embeddable":true,"href":"https:\/\/www.kariyer.net\/kariyer-rehberi\/wp-json\/wp\/v2\/comments?post=17176"}],"version-history":[{"count":3,"href":"https:\/\/www.kariyer.net\/kariyer-rehberi\/wp-json\/wp\/v2\/posts\/17176\/revisions"}],"predecessor-version":[{"id":21105,"href":"https:\/\/www.kariyer.net\/kariyer-rehberi\/wp-json\/wp\/v2\/posts\/17176\/revisions\/21105"}],"wp:featuredmedia":[{"embeddable":true,"href":"https:\/\/www.kariyer.net\/kariyer-rehberi\/wp-json\/wp\/v2\/media\/17177"}],"wp:attachment":[{"href":"https:\/\/www.kariyer.net\/kariyer-rehberi\/wp-json\/wp\/v2\/media?parent=17176"}],"wp:term":[{"taxonomy":"category","embeddable":true,"href":"https:\/\/www.kariyer.net\/kariyer-rehberi\/wp-json\/wp\/v2\/categories?post=17176"},{"taxonomy":"post_tag","embeddable":true,"href":"https:\/\/www.kariyer.net\/kariyer-rehberi\/wp-json\/wp\/v2\/tags?post=17176"}],"curies":[{"name":"wp","href":"https:\/\/api.w.org\/{rel}","templated":true}]}}