{"id":17301,"date":"2023-02-16T17:48:57","date_gmt":"2023-02-16T14:48:57","guid":{"rendered":"https:\/\/www.kariyer.net\/kariyer-rehberi\/?p=17301"},"modified":"2024-08-08T21:08:26","modified_gmt":"2024-08-08T18:08:26","slug":"techcareer-net-teknolojide-istihdam-seferberligini-baslatiyor","status":"publish","type":"post","link":"https:\/\/www.kariyer.net\/kariyer-rehberi\/techcareer-net-teknolojide-istihdam-seferberligini-baslatiyor\/","title":{"rendered":"Techcareer.net &#8220;Teknolojide \u0130stihdam Seferberli\u011fi&#8221;ni ba\u015flat\u0131yor!"},"content":{"rendered":"<p><strong><span lang=\"TR-TR\" data-contrast=\"auto\">Teknoloji alan\u0131nda \u00e7al\u0131\u015fan ve afetten etkilenen vatanda\u015flar\u0131m\u0131z i\u00e7in teknoloji yetene\u011fi platformumuz Techcareer.net liderli\u011finde harekete ge\u00e7iyoruz. Hem yaz\u0131l\u0131m kariyerinin ba\u015f\u0131nda olan hem de bu alanda kariyer yapm\u0131\u015f olan yetenekleri yeni olanaklarla bulu\u015fturmak i\u00e7in bir ad\u0131m at\u0131yoruz.\u00a0<\/span><\/strong><\/p>\n<p>Teknolojide \u0130stihdam Seferberli\u011fi kapsam\u0131nda;<\/p>\n<p>-Afet b\u00f6lgelerinde ya\u015fayan, kariyerinin ba\u015f\u0131nda olan ya da \u00fcniversite son s\u0131n\u0131fta okuyan, teknoloji alan\u0131nda kariyer hedefleyen gen\u00e7leri desteklemek i\u00e7in <a href=\"https:\/\/www.techcareer.net\/bootcamp\/deprem-istihdam-seferberligi-sql-bootcamp\" target=\"_blank\" rel=\"noopener\">SQL Bootcamp <\/a>ve <a href=\"https:\/\/www.techcareer.net\/bootcamp\/deprem-istihdam-seferberligi-introduction-to-programming-bootcamp\" target=\"_blank\" rel=\"noopener\">Introduction to Programming Bootcamp&#8217;i <\/a>d\u00fczenliyoruz.<\/p>\n<p>-Depremden etkilenen ve i\u015f arayan gen\u00e7 yetenekleri \u015firketlerle bulu\u015fturmak istiyoruz. Bu ama\u00e7la Teknoloji\/Bili\u015fim alan\u0131nda i\u015f arayanlar <a href=\"https:\/\/kariyer.typeform.com\/yeni-baslangic?typeform-source=tr.techcareer.net\" target=\"_blank\" rel=\"noopener\">linkteki<\/a> ba\u015fvuru formunu doldurarak taleplerini iletebilecek.<\/p>\n<p>Teknolojide \u0130stihdam Seferberli\u011fi hareketine g\u00f6n\u00fcll\u00fc destek vermek isteyen e\u011fitmenlerimiz ise taleplerini <a href=\"https:\/\/kariyer.typeform.com\/gonullu-egitmen?typeform-source=tr.techcareer.net\" target=\"_blank\" rel=\"noopener\">ba\u015fvuru formunu<\/a> doldurarak iletebilir.<\/p>\n<!-- templates\/buttons-placeholder.php -->\n<div class=\"da-reactions-outer TpostID17301\">\n\t    <div class=\"da-reactions-data da-reactions-container-async center\"\n         data-type=\"post\"\n         data-id=\"17301\"\n         id=\"da-reactions-slot-post-17301\">\n        <div class=\"da-reactions-static\">\n\t\t\t<img src=\"https:\/\/www.kariyer.net\/kariyer-rehberi\/wp-content\/plugins\/da-reactions\/assets\/dist\/loading.svg\" alt=\"Loading spinner\" width=\"48\" height=\"48\" style=\"width:48px\" \/>\n        <\/div>\n    <\/div>\n<\/div>\n","protected":false},"excerpt":{"rendered":"<p>Teknoloji alan\u0131nda \u00e7al\u0131\u015fan ve afetten etkilenen vatanda\u015flar\u0131m\u0131z i\u00e7in teknoloji yetene\u011fi platformumuz Techcareer.net liderli\u011finde harekete ge\u00e7iyoruz. Hem yaz\u0131l\u0131m kariyerinin ba\u015f\u0131nda olan hem de bu alanda kariyer yapm\u0131\u015f olan yetenekleri yeni olanaklarla bulu\u015fturmak i\u00e7in bir ad\u0131m at\u0131yoruz.\u00a0 Teknolojide \u0130stihdam Seferberli\u011fi kapsam\u0131nda; -Afet b\u00f6lgelerinde ya\u015fayan, kariyerinin ba\u015f\u0131nda olan ya da \u00fcniversite son s\u0131n\u0131fta okuyan, teknoloji alan\u0131nda kariyer hedefleyen [&hellip;]<\/p>\n<!-- templates\/buttons-placeholder.php -->\n<div class=\"da-reactions-outer TpostID17301\">\n\t    <div class=\"da-reactions-data da-reactions-container-async center\"\n         data-type=\"post\"\n         data-id=\"17301\"\n         id=\"da-reactions-slot-post-17301\">\n        <div class=\"da-reactions-static\">\n\t\t\t<img src=\"https:\/\/www.kariyer.net\/kariyer-rehberi\/wp-content\/plugins\/da-reactions\/assets\/dist\/loading.svg\" alt=\"Loading spinner\" width=\"48\" height=\"48\" style=\"width:48px\" \/>\n        <\/div>\n    <\/div>\n<\/div>\n","protected":false},"author":12,"featured_media":17302,"comment_status":"closed","ping_status":"open","sticky":false,"template":"","format":"standard","meta":{"footnotes":"","_elementor_edit_mode":"","_elementor_template_type":"","_elementor_data":"","_elementor_page_settings":null,"_elementor_conditions":[]},"categories":[2211,2214],"tags":[2122,1776],"class_list":{"0":"post-17301","1":"post","2":"type-post","3":"status-publish","4":"format-standard","5":"has-post-thumbnail","7":"category-kariyer-gelisimi","8":"category-yasam","9":"tag-istihdam-seferberligi","10":"tag-techcareer-net"},"yoast_head":"<!-- This site is optimized with the Yoast SEO Premium plugin v21.4 (Yoast SEO v27.0) - https:\/\/yoast.com\/product\/yoast-seo-premium-wordpress\/ -->\n<title>Techcareer.net &quot;Teknolojide \u0130stihdam Seferberli\u011fi&quot;ni ba\u015flat\u0131yor!<\/title>\n<meta name=\"description\" content=\"Teknoloji alan\u0131nda \u00e7al\u0131\u015fan ve afetten etkilenen vatanda\u015flar\u0131m\u0131z i\u00e7in Teknolojide \u0130stihdam Seferberli\u011fi&#039;ni ba\u015flat\u0131yoruz.\" \/>\n<meta name=\"robots\" content=\"index, follow, max-snippet:-1, max-image-preview:large, max-video-preview:-1\" \/>\n<link rel=\"canonical\" href=\"https:\/\/www.kariyer.net\/kariyer-rehberi\/techcareer-net-teknolojide-istihdam-seferberligini-baslatiyor\/\" \/>\n<meta property=\"og:locale\" content=\"tr_TR\" \/>\n<meta property=\"og:type\" content=\"article\" \/>\n<meta property=\"og:title\" content=\"Techcareer.net &quot;Teknolojide \u0130stihdam Seferberli\u011fi&quot;ni ba\u015flat\u0131yor!\" \/>\n<meta property=\"og:description\" content=\"Teknoloji alan\u0131nda \u00e7al\u0131\u015fan ve afetten etkilenen vatanda\u015flar\u0131m\u0131z i\u00e7in teknoloji yetene\u011fi platformumuz Techcareer.net liderli\u011finde harekete ge\u00e7iyoruz. Hem\" \/>\n<meta property=\"og:url\" content=\"https:\/\/www.kariyer.net\/kariyer-rehberi\/techcareer-net-teknolojide-istihdam-seferberligini-baslatiyor\/\" \/>\n<meta property=\"og:site_name\" content=\"Kariyer Rehberi\" \/>\n<meta property=\"article:published_time\" content=\"2023-02-16T14:48:57+00:00\" \/>\n<meta property=\"article:modified_time\" content=\"2024-08-08T18:08:26+00:00\" \/>\n<meta property=\"og:image\" content=\"https:\/\/www.kariyer.net\/kariyer-rehberi\/wp-content\/uploads\/2023\/02\/techcareer.net_.jpg\" \/>\n\t<meta property=\"og:image:width\" content=\"900\" \/>\n\t<meta property=\"og:image:height\" content=\"600\" \/>\n\t<meta property=\"og:image:type\" content=\"image\/jpeg\" \/>\n<meta name=\"author\" content=\"Edit\u00f6r\" \/>\n<meta name=\"twitter:card\" content=\"summary_large_image\" \/>\n<meta name=\"twitter:label1\" content=\"Yazan:\" \/>\n\t<meta name=\"twitter:data1\" content=\"Edit\u00f6r\" \/>\n\t<meta name=\"twitter:label2\" content=\"Tahmini okuma s\u00fcresi\" \/>\n\t<meta name=\"twitter:data2\" content=\"1 dakika\" \/>\n<!-- \/ Yoast SEO Premium plugin. -->","yoast_head_json":{"title":"Techcareer.net \"Teknolojide \u0130stihdam Seferberli\u011fi\"ni ba\u015flat\u0131yor!","description":"Teknoloji alan\u0131nda \u00e7al\u0131\u015fan ve afetten etkilenen vatanda\u015flar\u0131m\u0131z i\u00e7in Teknolojide \u0130stihdam Seferberli\u011fi'ni ba\u015flat\u0131yoruz.","robots":{"index":"index","follow":"follow","max-snippet":"max-snippet:-1","max-image-preview":"max-image-preview:large","max-video-preview":"max-video-preview:-1"},"canonical":"https:\/\/www.kariyer.net\/kariyer-rehberi\/techcareer-net-teknolojide-istihdam-seferberligini-baslatiyor\/","og_locale":"tr_TR","og_type":"article","og_title":"Techcareer.net \"Teknolojide \u0130stihdam Seferberli\u011fi\"ni ba\u015flat\u0131yor!","og_description":"Teknoloji alan\u0131nda \u00e7al\u0131\u015fan ve afetten etkilenen vatanda\u015flar\u0131m\u0131z i\u00e7in teknoloji yetene\u011fi platformumuz Techcareer.net liderli\u011finde harekete ge\u00e7iyoruz. Hem","og_url":"https:\/\/www.kariyer.net\/kariyer-rehberi\/techcareer-net-teknolojide-istihdam-seferberligini-baslatiyor\/","og_site_name":"Kariyer Rehberi","article_published_time":"2023-02-16T14:48:57+00:00","article_modified_time":"2024-08-08T18:08:26+00:00","og_image":[{"width":900,"height":600,"url":"https:\/\/www.kariyer.net\/kariyer-rehberi\/wp-content\/uploads\/2023\/02\/techcareer.net_.jpg","type":"image\/jpeg"}],"author":"Edit\u00f6r","twitter_card":"summary_large_image","twitter_misc":{"Yazan:":"Edit\u00f6r","Tahmini okuma s\u00fcresi":"1 dakika"},"schema":{"@context":"https:\/\/schema.org","@graph":[{"@type":"Article","@id":"https:\/\/www.kariyer.net\/kariyer-rehberi\/techcareer-net-teknolojide-istihdam-seferberligini-baslatiyor\/#article","isPartOf":{"@id":"https:\/\/www.kariyer.net\/kariyer-rehberi\/techcareer-net-teknolojide-istihdam-seferberligini-baslatiyor\/"},"author":{"name":"Edit\u00f6r","@id":"https:\/\/www.kariyer.net\/kariyer-rehberi\/#\/schema\/person\/94fd6e49c7ff1b1b2565a2cc4fd685dd"},"headline":"Techcareer.net &#8220;Teknolojide \u0130stihdam Seferberli\u011fi&#8221;ni ba\u015flat\u0131yor!","datePublished":"2023-02-16T14:48:57+00:00","dateModified":"2024-08-08T18:08:26+00:00","mainEntityOfPage":{"@id":"https:\/\/www.kariyer.net\/kariyer-rehberi\/techcareer-net-teknolojide-istihdam-seferberligini-baslatiyor\/"},"wordCount":153,"publisher":{"@id":"https:\/\/www.kariyer.net\/kariyer-rehberi\/#organization"},"image":{"@id":"https:\/\/www.kariyer.net\/kariyer-rehberi\/techcareer-net-teknolojide-istihdam-seferberligini-baslatiyor\/#primaryimage"},"thumbnailUrl":"https:\/\/www.kariyer.net\/kariyer-rehberi\/wp-content\/uploads\/2023\/02\/techcareer.net_.jpg","keywords":["istihdam seferberli\u011fi","Techcareer.net"],"articleSection":["Kariyer Geli\u015fimi","Ya\u015fam"],"inLanguage":"tr"},{"@type":"WebPage","@id":"https:\/\/www.kariyer.net\/kariyer-rehberi\/techcareer-net-teknolojide-istihdam-seferberligini-baslatiyor\/","url":"https:\/\/www.kariyer.net\/kariyer-rehberi\/techcareer-net-teknolojide-istihdam-seferberligini-baslatiyor\/","name":"Techcareer.net \"Teknolojide \u0130stihdam Seferberli\u011fi\"ni ba\u015flat\u0131yor!","isPartOf":{"@id":"https:\/\/www.kariyer.net\/kariyer-rehberi\/#website"},"primaryImageOfPage":{"@id":"https:\/\/www.kariyer.net\/kariyer-rehberi\/techcareer-net-teknolojide-istihdam-seferberligini-baslatiyor\/#primaryimage"},"image":{"@id":"https:\/\/www.kariyer.net\/kariyer-rehberi\/techcareer-net-teknolojide-istihdam-seferberligini-baslatiyor\/#primaryimage"},"thumbnailUrl":"https:\/\/www.kariyer.net\/kariyer-rehberi\/wp-content\/uploads\/2023\/02\/techcareer.net_.jpg","datePublished":"2023-02-16T14:48:57+00:00","dateModified":"2024-08-08T18:08:26+00:00","description":"Teknoloji alan\u0131nda \u00e7al\u0131\u015fan ve afetten etkilenen vatanda\u015flar\u0131m\u0131z i\u00e7in Teknolojide \u0130stihdam Seferberli\u011fi'ni ba\u015flat\u0131yoruz.","breadcrumb":{"@id":"https:\/\/www.kariyer.net\/kariyer-rehberi\/techcareer-net-teknolojide-istihdam-seferberligini-baslatiyor\/#breadcrumb"},"inLanguage":"tr","potentialAction":[{"@type":"ReadAction","target":["https:\/\/www.kariyer.net\/kariyer-rehberi\/techcareer-net-teknolojide-istihdam-seferberligini-baslatiyor\/"]}]},{"@type":"ImageObject","inLanguage":"tr","@id":"https:\/\/www.kariyer.net\/kariyer-rehberi\/techcareer-net-teknolojide-istihdam-seferberligini-baslatiyor\/#primaryimage","url":"https:\/\/www.kariyer.net\/kariyer-rehberi\/wp-content\/uploads\/2023\/02\/techcareer.net_.jpg","contentUrl":"https:\/\/www.kariyer.net\/kariyer-rehberi\/wp-content\/uploads\/2023\/02\/techcareer.net_.jpg","width":900,"height":600},{"@type":"BreadcrumbList","@id":"https:\/\/www.kariyer.net\/kariyer-rehberi\/techcareer-net-teknolojide-istihdam-seferberligini-baslatiyor\/#breadcrumb","itemListElement":[{"@type":"ListItem","position":1,"name":"Anasayfa","item":"https:\/\/www.kariyer.net\/kariyer-rehberi\/"},{"@type":"ListItem","position":2,"name":"Techcareer.net &#8220;Teknolojide \u0130stihdam Seferberli\u011fi&#8221;ni ba\u015flat\u0131yor!"}]},{"@type":"WebSite","@id":"https:\/\/www.kariyer.net\/kariyer-rehberi\/#website","url":"https:\/\/www.kariyer.net\/kariyer-rehberi\/","name":"Kariyer Rehberi","description":"\u0130\u015f D\u00fcnyas\u0131yla \u0130lgili Bilmek \u0130stedi\u011finiz Her \u015eey","publisher":{"@id":"https:\/\/www.kariyer.net\/kariyer-rehberi\/#organization"},"potentialAction":[{"@type":"SearchAction","target":{"@type":"EntryPoint","urlTemplate":"https:\/\/www.kariyer.net\/kariyer-rehberi\/?s={search_term_string}"},"query-input":{"@type":"PropertyValueSpecification","valueRequired":true,"valueName":"search_term_string"}}],"inLanguage":"tr"},{"@type":"Organization","@id":"https:\/\/www.kariyer.net\/kariyer-rehberi\/#organization","name":"Kariyer.net","url":"https:\/\/www.kariyer.net\/kariyer-rehberi\/","logo":{"@type":"ImageObject","inLanguage":"tr","@id":"https:\/\/www.kariyer.net\/kariyer-rehberi\/#\/schema\/logo\/image\/","url":"https:\/\/www.kariyer.net\/kariyer-rehberi-new\/wp-content\/uploads\/2023\/01\/og-image11.jpg","contentUrl":"https:\/\/www.kariyer.net\/kariyer-rehberi-new\/wp-content\/uploads\/2023\/01\/og-image11.jpg","width":800,"height":800,"caption":"Kariyer.net"},"image":{"@id":"https:\/\/www.kariyer.net\/kariyer-rehberi\/#\/schema\/logo\/image\/"}},{"@type":"Person","@id":"https:\/\/www.kariyer.net\/kariyer-rehberi\/#\/schema\/person\/94fd6e49c7ff1b1b2565a2cc4fd685dd","name":"Edit\u00f6r","image":{"@type":"ImageObject","inLanguage":"tr","@id":"https:\/\/www.kariyer.net\/kariyer-rehberi\/#\/schema\/person\/image\/","url":"https:\/\/secure.gravatar.com\/avatar\/0c4fe6688343aed3693b15573beae12c08ace5565409d5ab7509bf9c115f458d?s=96&d=mm&r=g","contentUrl":"https:\/\/secure.gravatar.com\/avatar\/0c4fe6688343aed3693b15573beae12c08ace5565409d5ab7509bf9c115f458d?s=96&d=mm&r=g","caption":"Edit\u00f6r"},"url":"https:\/\/www.kariyer.net\/kariyer-rehberi\/author\/editor\/"}]}},"_links":{"self":[{"href":"https:\/\/www.kariyer.net\/kariyer-rehberi\/wp-json\/wp\/v2\/posts\/17301","targetHints":{"allow":["GET"]}}],"collection":[{"href":"https:\/\/www.kariyer.net\/kariyer-rehberi\/wp-json\/wp\/v2\/posts"}],"about":[{"href":"https:\/\/www.kariyer.net\/kariyer-rehberi\/wp-json\/wp\/v2\/types\/post"}],"author":[{"embeddable":true,"href":"https:\/\/www.kariyer.net\/kariyer-rehberi\/wp-json\/wp\/v2\/users\/12"}],"replies":[{"embeddable":true,"href":"https:\/\/www.kariyer.net\/kariyer-rehberi\/wp-json\/wp\/v2\/comments?post=17301"}],"version-history":[{"count":1,"href":"https:\/\/www.kariyer.net\/kariyer-rehberi\/wp-json\/wp\/v2\/posts\/17301\/revisions"}],"predecessor-version":[{"id":19390,"href":"https:\/\/www.kariyer.net\/kariyer-rehberi\/wp-json\/wp\/v2\/posts\/17301\/revisions\/19390"}],"wp:featuredmedia":[{"embeddable":true,"href":"https:\/\/www.kariyer.net\/kariyer-rehberi\/wp-json\/wp\/v2\/media\/17302"}],"wp:attachment":[{"href":"https:\/\/www.kariyer.net\/kariyer-rehberi\/wp-json\/wp\/v2\/media?parent=17301"}],"wp:term":[{"taxonomy":"category","embeddable":true,"href":"https:\/\/www.kariyer.net\/kariyer-rehberi\/wp-json\/wp\/v2\/categories?post=17301"},{"taxonomy":"post_tag","embeddable":true,"href":"https:\/\/www.kariyer.net\/kariyer-rehberi\/wp-json\/wp\/v2\/tags?post=17301"}],"curies":[{"name":"wp","href":"https:\/\/api.w.org\/{rel}","templated":true}]}}