{"id":17466,"date":"2023-04-13T16:56:26","date_gmt":"2023-04-13T13:56:26","guid":{"rendered":"https:\/\/www.kariyer.net\/kariyer-rehberi\/?p=17466"},"modified":"2024-07-03T14:49:49","modified_gmt":"2024-07-03T11:49:49","slug":"pazarlamada-yeni-perspektifler-panelindeyiz","status":"publish","type":"post","link":"https:\/\/www.kariyer.net\/kariyer-rehberi\/pazarlamada-yeni-perspektifler-panelindeyiz\/","title":{"rendered":"\u201cPazarlamada Yeni Perspektifler\u201d panelindeyiz!"},"content":{"rendered":"<p><strong>Sabanc\u0131 \u00dcniversitesi Pazarlama Profesyonel Y\u00fcksek Lisans Program\u0131 y\u00f6netimi taraf\u0131ndan d\u00fczenlenen \u201cPazarlamada Yeni Perspektifler\u201d paneli 2 May\u0131s&#8217;ta ger\u00e7ekle\u015fecek. CMO\u2019muz Ezgi Kargan, panelde konu\u015fmac\u0131 olarak yer alacak.<\/strong><\/p>\n<p>Pazarlaman\u0131n d\u00f6n\u00fc\u015f\u00fcm\u00fcn\u00fcn ve gelece\u011finin ele al\u0131naca\u011f\u0131 panel 2 May\u0131s Sal\u0131 g\u00fcn\u00fc saat 19.00&#8217;da ger\u00e7ekle\u015fecek. Sabanc\u0131 \u00dcniversitesi, \u0130novasyon, Giri\u015fimcilik ve End\u00fcstri \u0130li\u015fkileri Koordinat\u00f6r\u00fc Ay\u015feg\u00fcl Toker&#8217;in moderat\u00f6rl\u00fc\u011f\u00fcn\u00fc yapaca\u011f\u0131 panelde;<\/p>\n<ul>\n<li>Kariyer.net CMO&#8217;su Ezgi Kargan,<\/li>\n<li>Sabanc\u0131 \u00dcniversitesi Pazarlama Y\u00fcksek Lisans Akademik Direkt\u00f6r\u00fc Zeynep Ayd\u0131n,<\/li>\n<li>Sabanc\u0131 \u00dcniversitesi Profesyonel Y\u00fcksek Lisans Programlar\u0131 Direkt\u00f6r\u00fc Ezgi Akp\u0131nar,<\/li>\n<li>StartersHub Genel M\u00fcd\u00fcr\u00fc Bo\u011fa\u00e7 G\u00f6nc\u00fc konu\u015fmac\u0131 olarak yer alacak.<\/li>\n<\/ul>\n<p>Panele kay\u0131t olmak i\u00e7in <a href=\"https:\/\/sbs.sabanciuniv.edu\/tr\/pazarlama-yuksek-lisans-tanitim-toplantisi-kayit-formu\" target=\"_blank\" rel=\"noopener\"><strong>buraya<\/strong><\/a> t\u0131klayabilirsiniz.<\/p>\n<!-- templates\/buttons-placeholder.php -->\n<div class=\"da-reactions-outer TpostID17466\">\n\t    <div class=\"da-reactions-data da-reactions-container-async center\"\n         data-type=\"post\"\n         data-id=\"17466\"\n         id=\"da-reactions-slot-post-17466\">\n        <div class=\"da-reactions-static\">\n\t\t\t<img src=\"https:\/\/www.kariyer.net\/kariyer-rehberi\/wp-content\/plugins\/da-reactions\/assets\/dist\/loading.svg\" alt=\"Loading spinner\" width=\"48\" height=\"48\" style=\"width:48px\" \/>\n        <\/div>\n    <\/div>\n<\/div>\n","protected":false},"excerpt":{"rendered":"<p>Sabanc\u0131 \u00dcniversitesi Pazarlama Profesyonel Y\u00fcksek Lisans Program\u0131 y\u00f6netimi taraf\u0131ndan d\u00fczenlenen \u201cPazarlamada Yeni Perspektifler\u201d paneli 2 May\u0131s&#8217;ta ger\u00e7ekle\u015fecek. CMO\u2019muz Ezgi Kargan, panelde konu\u015fmac\u0131 olarak yer alacak. Pazarlaman\u0131n d\u00f6n\u00fc\u015f\u00fcm\u00fcn\u00fcn ve gelece\u011finin ele al\u0131naca\u011f\u0131 panel 2 May\u0131s Sal\u0131 g\u00fcn\u00fc saat 19.00&#8217;da ger\u00e7ekle\u015fecek. Sabanc\u0131 \u00dcniversitesi, \u0130novasyon, Giri\u015fimcilik ve End\u00fcstri \u0130li\u015fkileri Koordinat\u00f6r\u00fc Ay\u015feg\u00fcl Toker&#8217;in moderat\u00f6rl\u00fc\u011f\u00fcn\u00fc yapaca\u011f\u0131 panelde; Kariyer.net CMO&#8217;su Ezgi [&hellip;]<\/p>\n<!-- templates\/buttons-placeholder.php -->\n<div class=\"da-reactions-outer TpostID17466\">\n\t    <div class=\"da-reactions-data da-reactions-container-async center\"\n         data-type=\"post\"\n         data-id=\"17466\"\n         id=\"da-reactions-slot-post-17466\">\n        <div class=\"da-reactions-static\">\n\t\t\t<img src=\"https:\/\/www.kariyer.net\/kariyer-rehberi\/wp-content\/plugins\/da-reactions\/assets\/dist\/loading.svg\" alt=\"Loading spinner\" width=\"48\" height=\"48\" style=\"width:48px\" \/>\n        <\/div>\n    <\/div>\n<\/div>\n","protected":false},"author":8,"featured_media":17467,"comment_status":"closed","ping_status":"open","sticky":false,"template":"","format":"standard","meta":{"footnotes":"","_elementor_edit_mode":"","_elementor_template_type":"","_elementor_data":"","_elementor_page_settings":null,"_elementor_conditions":[]},"categories":[2203],"tags":[],"class_list":{"0":"post-17466","1":"post","2":"type-post","3":"status-publish","4":"format-standard","5":"has-post-thumbnail","7":"category-haberler-duyurular"},"yoast_head":"<!-- This site is optimized with the Yoast SEO Premium plugin v21.4 (Yoast SEO v27.0) - https:\/\/yoast.com\/product\/yoast-seo-premium-wordpress\/ -->\n<title>\u201cPazarlamada Yeni Perspektifler\u201d panelindeyiz!<\/title>\n<meta name=\"description\" content=\"Pazarlaman\u0131n d\u00f6n\u00fc\u015f\u00fcm\u00fcn\u00fcn ve gelece\u011finin ele al\u0131naca\u011f\u0131 \u201cPazarlamada Yeni Perspektifler\u201d paneli 2 May\u0131s&#039;ta ba\u015fl\u0131yor!\" \/>\n<meta name=\"robots\" content=\"index, follow, max-snippet:-1, max-image-preview:large, max-video-preview:-1\" \/>\n<link rel=\"canonical\" href=\"https:\/\/www.kariyer.net\/kariyer-rehberi\/pazarlamada-yeni-perspektifler-panelindeyiz\/\" \/>\n<meta property=\"og:locale\" content=\"tr_TR\" \/>\n<meta property=\"og:type\" content=\"article\" \/>\n<meta property=\"og:title\" content=\"\u201cPazarlamada Yeni Perspektifler\u201d panelindeyiz!\" \/>\n<meta property=\"og:description\" content=\"Sabanc\u0131 \u00dcniversitesi Pazarlama Profesyonel Y\u00fcksek Lisans Program\u0131 y\u00f6netimi taraf\u0131ndan d\u00fczenlenen \u201cPazarlamada Yeni Perspektifler\u201d paneli 2 May\u0131s&#039;ta\" \/>\n<meta property=\"og:url\" content=\"https:\/\/www.kariyer.net\/kariyer-rehberi\/pazarlamada-yeni-perspektifler-panelindeyiz\/\" \/>\n<meta property=\"og:site_name\" content=\"Kariyer Rehberi\" \/>\n<meta property=\"article:published_time\" content=\"2023-04-13T13:56:26+00:00\" \/>\n<meta property=\"article:modified_time\" content=\"2024-07-03T11:49:49+00:00\" \/>\n<meta property=\"og:image\" content=\"https:\/\/www.kariyer.net\/kariyer-rehberi\/wp-content\/uploads\/2023\/04\/pazarlama.png\" \/>\n\t<meta property=\"og:image:width\" content=\"900\" \/>\n\t<meta property=\"og:image:height\" content=\"600\" \/>\n\t<meta property=\"og:image:type\" content=\"image\/png\" \/>\n<meta name=\"author\" content=\"Kariyer.net\" \/>\n<meta name=\"twitter:card\" content=\"summary_large_image\" \/>\n<meta name=\"twitter:label1\" content=\"Yazan:\" \/>\n\t<meta name=\"twitter:data1\" content=\"Kariyer.net\" \/>\n\t<meta name=\"twitter:label2\" content=\"Tahmini okuma s\u00fcresi\" \/>\n\t<meta name=\"twitter:data2\" content=\"1 dakika\" \/>\n<!-- \/ Yoast SEO Premium plugin. -->","yoast_head_json":{"title":"\u201cPazarlamada Yeni Perspektifler\u201d panelindeyiz!","description":"Pazarlaman\u0131n d\u00f6n\u00fc\u015f\u00fcm\u00fcn\u00fcn ve gelece\u011finin ele al\u0131naca\u011f\u0131 \u201cPazarlamada Yeni Perspektifler\u201d paneli 2 May\u0131s'ta ba\u015fl\u0131yor!","robots":{"index":"index","follow":"follow","max-snippet":"max-snippet:-1","max-image-preview":"max-image-preview:large","max-video-preview":"max-video-preview:-1"},"canonical":"https:\/\/www.kariyer.net\/kariyer-rehberi\/pazarlamada-yeni-perspektifler-panelindeyiz\/","og_locale":"tr_TR","og_type":"article","og_title":"\u201cPazarlamada Yeni Perspektifler\u201d panelindeyiz!","og_description":"Sabanc\u0131 \u00dcniversitesi Pazarlama Profesyonel Y\u00fcksek Lisans Program\u0131 y\u00f6netimi taraf\u0131ndan d\u00fczenlenen \u201cPazarlamada Yeni Perspektifler\u201d paneli 2 May\u0131s'ta","og_url":"https:\/\/www.kariyer.net\/kariyer-rehberi\/pazarlamada-yeni-perspektifler-panelindeyiz\/","og_site_name":"Kariyer Rehberi","article_published_time":"2023-04-13T13:56:26+00:00","article_modified_time":"2024-07-03T11:49:49+00:00","og_image":[{"width":900,"height":600,"url":"https:\/\/www.kariyer.net\/kariyer-rehberi\/wp-content\/uploads\/2023\/04\/pazarlama.png","type":"image\/png"}],"author":"Kariyer.net","twitter_card":"summary_large_image","twitter_misc":{"Yazan:":"Kariyer.net","Tahmini okuma s\u00fcresi":"1 dakika"},"schema":{"@context":"https:\/\/schema.org","@graph":[{"@type":"Article","@id":"https:\/\/www.kariyer.net\/kariyer-rehberi\/pazarlamada-yeni-perspektifler-panelindeyiz\/#article","isPartOf":{"@id":"https:\/\/www.kariyer.net\/kariyer-rehberi\/pazarlamada-yeni-perspektifler-panelindeyiz\/"},"author":{"name":"Kariyer.net","@id":"https:\/\/www.kariyer.net\/kariyer-rehberi\/#\/schema\/person\/eb36201afd42c03bc83b82060447b2c9"},"headline":"\u201cPazarlamada Yeni Perspektifler\u201d panelindeyiz!","datePublished":"2023-04-13T13:56:26+00:00","dateModified":"2024-07-03T11:49:49+00:00","mainEntityOfPage":{"@id":"https:\/\/www.kariyer.net\/kariyer-rehberi\/pazarlamada-yeni-perspektifler-panelindeyiz\/"},"wordCount":137,"publisher":{"@id":"https:\/\/www.kariyer.net\/kariyer-rehberi\/#organization"},"image":{"@id":"https:\/\/www.kariyer.net\/kariyer-rehberi\/pazarlamada-yeni-perspektifler-panelindeyiz\/#primaryimage"},"thumbnailUrl":"https:\/\/www.kariyer.net\/kariyer-rehberi\/wp-content\/uploads\/2023\/04\/pazarlama.png","articleSection":["Haberler ve Duyurular"],"inLanguage":"tr"},{"@type":"WebPage","@id":"https:\/\/www.kariyer.net\/kariyer-rehberi\/pazarlamada-yeni-perspektifler-panelindeyiz\/","url":"https:\/\/www.kariyer.net\/kariyer-rehberi\/pazarlamada-yeni-perspektifler-panelindeyiz\/","name":"\u201cPazarlamada Yeni Perspektifler\u201d panelindeyiz!","isPartOf":{"@id":"https:\/\/www.kariyer.net\/kariyer-rehberi\/#website"},"primaryImageOfPage":{"@id":"https:\/\/www.kariyer.net\/kariyer-rehberi\/pazarlamada-yeni-perspektifler-panelindeyiz\/#primaryimage"},"image":{"@id":"https:\/\/www.kariyer.net\/kariyer-rehberi\/pazarlamada-yeni-perspektifler-panelindeyiz\/#primaryimage"},"thumbnailUrl":"https:\/\/www.kariyer.net\/kariyer-rehberi\/wp-content\/uploads\/2023\/04\/pazarlama.png","datePublished":"2023-04-13T13:56:26+00:00","dateModified":"2024-07-03T11:49:49+00:00","description":"Pazarlaman\u0131n d\u00f6n\u00fc\u015f\u00fcm\u00fcn\u00fcn ve gelece\u011finin ele al\u0131naca\u011f\u0131 \u201cPazarlamada Yeni Perspektifler\u201d paneli 2 May\u0131s'ta ba\u015fl\u0131yor!","breadcrumb":{"@id":"https:\/\/www.kariyer.net\/kariyer-rehberi\/pazarlamada-yeni-perspektifler-panelindeyiz\/#breadcrumb"},"inLanguage":"tr","potentialAction":[{"@type":"ReadAction","target":["https:\/\/www.kariyer.net\/kariyer-rehberi\/pazarlamada-yeni-perspektifler-panelindeyiz\/"]}]},{"@type":"ImageObject","inLanguage":"tr","@id":"https:\/\/www.kariyer.net\/kariyer-rehberi\/pazarlamada-yeni-perspektifler-panelindeyiz\/#primaryimage","url":"https:\/\/www.kariyer.net\/kariyer-rehberi\/wp-content\/uploads\/2023\/04\/pazarlama.png","contentUrl":"https:\/\/www.kariyer.net\/kariyer-rehberi\/wp-content\/uploads\/2023\/04\/pazarlama.png","width":900,"height":600},{"@type":"BreadcrumbList","@id":"https:\/\/www.kariyer.net\/kariyer-rehberi\/pazarlamada-yeni-perspektifler-panelindeyiz\/#breadcrumb","itemListElement":[{"@type":"ListItem","position":1,"name":"Anasayfa","item":"https:\/\/www.kariyer.net\/kariyer-rehberi\/"},{"@type":"ListItem","position":2,"name":"\u201cPazarlamada Yeni Perspektifler\u201d panelindeyiz!"}]},{"@type":"WebSite","@id":"https:\/\/www.kariyer.net\/kariyer-rehberi\/#website","url":"https:\/\/www.kariyer.net\/kariyer-rehberi\/","name":"Kariyer Rehberi","description":"\u0130\u015f D\u00fcnyas\u0131yla \u0130lgili Bilmek \u0130stedi\u011finiz Her \u015eey","publisher":{"@id":"https:\/\/www.kariyer.net\/kariyer-rehberi\/#organization"},"potentialAction":[{"@type":"SearchAction","target":{"@type":"EntryPoint","urlTemplate":"https:\/\/www.kariyer.net\/kariyer-rehberi\/?s={search_term_string}"},"query-input":{"@type":"PropertyValueSpecification","valueRequired":true,"valueName":"search_term_string"}}],"inLanguage":"tr"},{"@type":"Organization","@id":"https:\/\/www.kariyer.net\/kariyer-rehberi\/#organization","name":"Kariyer.net","url":"https:\/\/www.kariyer.net\/kariyer-rehberi\/","logo":{"@type":"ImageObject","inLanguage":"tr","@id":"https:\/\/www.kariyer.net\/kariyer-rehberi\/#\/schema\/logo\/image\/","url":"https:\/\/www.kariyer.net\/kariyer-rehberi-new\/wp-content\/uploads\/2023\/01\/og-image11.jpg","contentUrl":"https:\/\/www.kariyer.net\/kariyer-rehberi-new\/wp-content\/uploads\/2023\/01\/og-image11.jpg","width":800,"height":800,"caption":"Kariyer.net"},"image":{"@id":"https:\/\/www.kariyer.net\/kariyer-rehberi\/#\/schema\/logo\/image\/"}},{"@type":"Person","@id":"https:\/\/www.kariyer.net\/kariyer-rehberi\/#\/schema\/person\/eb36201afd42c03bc83b82060447b2c9","name":"Kariyer.net","image":{"@type":"ImageObject","inLanguage":"tr","@id":"https:\/\/www.kariyer.net\/kariyer-rehberi\/#\/schema\/person\/image\/","url":"https:\/\/secure.gravatar.com\/avatar\/ddce3ac68cb52fb2ae004bcee334e49ccc6361fefd68c5f6f4d2a86630c28b2e?s=96&d=mm&r=g","contentUrl":"https:\/\/secure.gravatar.com\/avatar\/ddce3ac68cb52fb2ae004bcee334e49ccc6361fefd68c5f6f4d2a86630c28b2e?s=96&d=mm&r=g","caption":"Kariyer.net"},"url":"https:\/\/www.kariyer.net\/kariyer-rehberi\/author\/kariyer-net\/"}]}},"_links":{"self":[{"href":"https:\/\/www.kariyer.net\/kariyer-rehberi\/wp-json\/wp\/v2\/posts\/17466","targetHints":{"allow":["GET"]}}],"collection":[{"href":"https:\/\/www.kariyer.net\/kariyer-rehberi\/wp-json\/wp\/v2\/posts"}],"about":[{"href":"https:\/\/www.kariyer.net\/kariyer-rehberi\/wp-json\/wp\/v2\/types\/post"}],"author":[{"embeddable":true,"href":"https:\/\/www.kariyer.net\/kariyer-rehberi\/wp-json\/wp\/v2\/users\/8"}],"replies":[{"embeddable":true,"href":"https:\/\/www.kariyer.net\/kariyer-rehberi\/wp-json\/wp\/v2\/comments?post=17466"}],"version-history":[{"count":1,"href":"https:\/\/www.kariyer.net\/kariyer-rehberi\/wp-json\/wp\/v2\/posts\/17466\/revisions"}],"predecessor-version":[{"id":18506,"href":"https:\/\/www.kariyer.net\/kariyer-rehberi\/wp-json\/wp\/v2\/posts\/17466\/revisions\/18506"}],"wp:featuredmedia":[{"embeddable":true,"href":"https:\/\/www.kariyer.net\/kariyer-rehberi\/wp-json\/wp\/v2\/media\/17467"}],"wp:attachment":[{"href":"https:\/\/www.kariyer.net\/kariyer-rehberi\/wp-json\/wp\/v2\/media?parent=17466"}],"wp:term":[{"taxonomy":"category","embeddable":true,"href":"https:\/\/www.kariyer.net\/kariyer-rehberi\/wp-json\/wp\/v2\/categories?post=17466"},{"taxonomy":"post_tag","embeddable":true,"href":"https:\/\/www.kariyer.net\/kariyer-rehberi\/wp-json\/wp\/v2\/tags?post=17466"}],"curies":[{"name":"wp","href":"https:\/\/api.w.org\/{rel}","templated":true}]}}