{"id":17558,"date":"2023-05-23T10:18:53","date_gmt":"2023-05-23T07:18:53","guid":{"rendered":"https:\/\/www.kariyer.net\/kariyer-rehberi\/?p=17558"},"modified":"2024-08-08T21:08:14","modified_gmt":"2024-08-08T18:08:14","slug":"is-hayatinda-tukenmislik-sendromundan-kurtulmak-mumkun-mu","status":"publish","type":"post","link":"https:\/\/www.kariyer.net\/kariyer-rehberi\/is-hayatinda-tukenmislik-sendromundan-kurtulmak-mumkun-mu\/","title":{"rendered":"\u0130\u015f hayat\u0131nda t\u00fckenmi\u015flik sendromundan kurtulmak m\u00fcmk\u00fcn m\u00fc?"},"content":{"rendered":"<p><strong>\u0130\u015f yo\u011funlu\u011fu ve art arda gelen son teslim tarihleri kariyer ya\u015fam\u0131n\u0131n ka\u00e7\u0131n\u0131lmaz bir ger\u00e7e\u011fi. B\u00f6ylesi bir ortamda bir\u00e7ok ki\u015finin kendini zorlanm\u0131\u015f, bunalm\u0131\u015f hissetmesi m\u00fcmk\u00fcn. Peki, i\u015f stresi ki\u015fiyi zamanla t\u00fckenmi\u015flik hissine y\u00f6neltirse ne yapmal\u0131?<\/strong><\/p>\n<p>T\u00fckenmi\u015flik sadece i\u015f ya da i\u015f d\u0131\u015f\u0131ndaki performans\u0131n\u0131 ve psikolojik esenli\u011fini de\u011fil ayn\u0131 zamanda \u00e7al\u0131\u015ft\u0131\u011f\u0131n kurulu\u015fun ve i\u00e7inde yer ald\u0131\u011f\u0131n ekibin de performans\u0131n\u0131 olumsuz etkileyebilir. T\u00fckenmi\u015flik ba\u015flad\u0131\u011f\u0131nda, t\u00fcnelin sonundaki \u0131\u015f\u0131\u011f\u0131 g\u00f6rmek zor olabilir. Duygusal olarak bitkin ve korku dolu olabilir, devam etmek i\u00e7in hi\u00e7bir motivasyonun veya enerjin olmad\u0131\u011f\u0131 i\u00e7in umutsuz hissedebilirsin. Ancak bu durumun da bir \u00e7\u00f6z\u00fcm\u00fc oldu\u011funu unutmamal\u0131s\u0131n.<\/p>\n<h2><strong>T\u00fckenmi\u015flik sendromunun belirtileri nelerdir?<\/strong><\/h2>\n<p><a href=\"https:\/\/www.kariyer.net\/kariyer-rehberi\/tukenmislik-sendromunu-yenmek-icin-3-oneri\/\" target=\"_blank\" rel=\"noopener\"><strong>T\u00fckenmi\u015flik sendromu<\/strong><\/a> i\u015fteki kronik stres fakt\u00f6rlerine tepki olarak ortaya \u00e7\u0131kan \u00fc\u00e7 bile\u015fenli bir sendromdur. S\u0131rayla her bir semptomu inceleyelim:<\/p>\n<p><strong>Bitkinlik<\/strong>, t\u00fckenmi\u015fli\u011fin merkezi belirtisidir. Bireylerin etkili bir \u015fekilde \u00e7al\u0131\u015fma ve yapt\u0131klar\u0131 \u015fey hakk\u0131nda olumlu hissetme yeteneklerini baltalayan derin fiziksel, bili\u015fsel ve duygusal yorgunlu\u011fu i\u00e7erir. Yorgunluk halinde konsantre olamad\u0131\u011f\u0131n\u0131 veya b\u00fcy\u00fck resmi g\u00f6remedi\u011fini fark edersin; rutin ve \u00f6nceden e\u011flenceli olan i\u015fler bile zahmetli g\u00f6r\u00fcnebilir.<\/p>\n<p>Duyars\u0131zla\u015fma olarak da adland\u0131r\u0131lan <strong>sinizm<\/strong>, ba\u011fl\u0131l\u0131\u011f\u0131n erozyonunu temsil eder. Esasen kendini i\u015ften psikolojik olarak uzakla\u015ft\u0131rman\u0131n bir yoludur. G\u00f6revlerine, projelerine, i\u015f arkada\u015flar\u0131na, m\u00fc\u015fterilerine ve di\u011fer ortak \u00e7al\u0131\u015fanlar\u0131na ba\u011fl\u0131 hissetmek yerine kendini mesafeli, olumsuz ve hatta duyars\u0131z hissedebilirsin. Sinizm a\u015f\u0131r\u0131 i\u015f y\u00fck\u00fcn\u00fcn bir sonucu olabilir; ancak ayn\u0131 zamanda y\u00fcksek \u00e7at\u0131\u015fma, adaletsizlik ve karar verme s\u00fcrecine kat\u0131l\u0131m\u0131n olmamas\u0131 durumunda da ortaya \u00e7\u0131kmas\u0131 muhtemeldir.<\/p>\n<p><strong>Yetersizlik<\/strong> ise ba\u015far\u0131 ve \u00fcretkenlik eksikli\u011fini ifade eder. Bu t\u00fckenmi\u015flik belirtisine sahip ki\u015filer, becerilerinin kayd\u0131\u011f\u0131n\u0131 hissederler ve belirli durumlarda ba\u015far\u0131l\u0131 olamayacaklar\u0131ndan veya belirli g\u00f6revleri yerine getiremeyeceklerinden endi\u015fe duyarlar. Genellikle yorgunluk ve sinizm ile birlikte geli\u015fir; \u00e7\u00fcnk\u00fc insanlar yak\u0131tlar\u0131 bitti\u011finde ve i\u015fle ba\u011flant\u0131lar\u0131n\u0131 kaybettiklerinde zirvede performans g\u00f6steremezler. Ancak yeterli zaman, bilgi, net beklentiler, \u00f6zerklik ve ki\u015filerle iyi ili\u015fkiler dahil olmak \u00fczere i\u015fini iyi yapmak i\u00e7in gereken kaynaklara ve deste\u011fe sahip de\u011filsen yetersizlik duygusu geli\u015febilir.<\/p>\n<h2><strong>T\u00fckenmi\u015flik hissi ile ba\u015fa \u00e7\u0131kmak, ama nas\u0131l?<\/strong><\/h2>\n<p>T\u00fckenmi\u015flik hissi ile ba\u015fa \u00e7\u0131kmak, tipik olarak \u00f6nce ne hissetti\u011fini fark etmeyi ve ard\u0131ndan stres fakt\u00f6rlerini azaltmaya \u00e7al\u0131\u015fmay\u0131 i\u00e7erir. Fakat t\u00fckenmi\u015fli\u011fe yol a\u00e7an \u015feyler genellikle tamamen bizim kontrol\u00fcm\u00fczde de\u011fildir. T\u00fckenmi\u015fli\u011fe neden olan ve de\u011fi\u015ftiremeyece\u011fimiz k\u00fclt\u00fcrel ve sistemik sorunlar vard\u0131r. Ancak t\u00fckenmi\u015flik ile ba\u015fa \u00e7\u0131kabilmek m\u00fcmk\u00fcnd\u00fcr. \u0130\u015fte sana yard\u0131mc\u0131 olabilecek ad\u0131mlar:<\/p>\n<h3>Masandan uzakla\u015f<\/h3>\n<p>\u0130nsanlar genellikle i\u015flerinin i\u00e7ine \u00e7ekildiklerinde kendilerine bask\u0131 uygularlar. H\u0131za ayak uyduramamak, geride kalmak gibi g\u00f6r\u00fcnebilir. Bu oldu\u011funda, masandan uzakla\u015f. On dakikal\u0131k bir ara, her \u015feyin ba\u015far\u0131s\u0131z olmas\u0131na neden olmaz. Uzakla\u015fmak sana nefes al\u0131p kendini toplaman i\u00e7in bir an verir, ard\u0131ndan yenilenmi\u015f bir bak\u0131\u015f a\u00e7\u0131s\u0131yla i\u015fine geri d\u00f6nersin.<\/p>\n<h3>Hedeflerini par\u00e7ala<\/h3>\n<p>Herkes b\u00fcy\u00fck hedeflerin pe\u015finden ko\u015far; ancak bu seni g\u00f6r\u00fcn\u00fcrde herhangi bir ilerleme kaydetmeyen g\u00fcnler, haftalar veya aylar ile ba\u015f ba\u015fa b\u0131rakabilir. S\u0131k\u0131\u015fm\u0131\u015f hissetmek, t\u00fckenmi\u015flik semptomlar\u0131n\u0131 b\u00fcy\u00fct\u00fcr. Bu nedenle kayg\u0131n\u0131 y\u00f6netmek i\u00e7in \u00e7al\u0131\u015fman\u0131 mikro hedeflere b\u00f6lebilirsin. Yap\u0131lacaklar listendeki \u015feyleri kontrol etmek, kariyerine ve i\u015f yerindeki rol\u00fcne daha fazla g\u00fcven a\u015f\u0131layacakt\u0131r.<\/p>\n<h3>Hay\u0131r demeyi \u00f6\u011fren<\/h3>\n<p>Sorumluluklar\u0131 geri \u00e7evirmek veya i\u015fleri devretmek, nank\u00f6r bir \u00e7al\u0131\u015fan gibi g\u00f6r\u00fcnmene neden olabilir. Yeni beceriler \u00f6\u011frenmek ve ekibine katk\u0131da bulunmak \u00f6nemli olsa da \u00e7ok fazla \u015fey \u00fcstlenmek t\u00fckenmi\u015fli\u011fe yol a\u00e7acakt\u0131r.<\/p>\n<p>Hay\u0131r demenin neden en iyisi oldu\u011funu mant\u0131kl\u0131 bir \u015fekilde a\u00e7\u0131klayarak hay\u0131r demeyi \u00f6\u011fren ve yeni f\u0131rsatlardan geri durman gerekti\u011finde kendini ikna et.<\/p>\n<h3>Bir destek a\u011f\u0131 olu\u015ftur<\/h3>\n<p>T\u00fckenmi\u015flikle m\u00fccadeleni g\u00fcvenli bir ortamda tart\u0131\u015fabilmen stresi azaltmana yard\u0131mc\u0131 olacakt\u0131r. Ayr\u0131ca \u00e7evrendekilerle dayan\u0131\u015fmay\u0131 g\u00fc\u00e7lendirmeye de olanak sa\u011flar. Bu ili\u015fkiler ister ki\u015fisel ister profesyonel olsun, destek i\u00e7in ba\u015fkalar\u0131na yaslanmaktan korkma.<\/p>\n<h3>Zevk ald\u0131\u011f\u0131n \u015feyleri yap<\/h3>\n<p>T\u00fckenmi\u015flik ile m\u00fccadelede e\u011flenmek iyi bir ba\u015flang\u0131\u00e7 noktas\u0131d\u0131r. Seni mutlu eden \u015feyleri yapmak, stres seviyeni ayarlayacak ve duygusal d\u00fczeyde kendinle yeniden ba\u011flant\u0131 kurmana yard\u0131mc\u0131 olacakt\u0131r.<\/p>\n<h3>Bir uzmana dan\u0131\u015f<\/h3>\n<p>Alan\u0131nda uzman ve deneyimli bir psikologdan yard\u0131m almak, t\u00fckenmi\u015flik hissine kap\u0131ld\u0131\u011f\u0131nda kendine yapabilece\u011fin en b\u00fcy\u00fck iyiliklerden olabilir. Psikolojik dan\u0131\u015fmanl\u0131k hizmeti almak stres seviyelerini \u00f6nemli \u00f6l\u00e7\u00fcde azalt\u0131r ve zihinsel zindelik, duygusal esenlik a\u00e7\u0131s\u0131ndan iyile\u015fmeyi kolayla\u015ft\u0131rabilir. \u0130\u015f ya\u015fam\u0131n\u0131n oda\u011f\u0131nda geli\u015fen t\u00fckenmi\u015flik hissi zamanla \u00f6zel ya\u015fam\u0131na da s\u0131\u00e7rayabilir. Profesyonel bir yard\u0131m almak, t\u00fckenmi\u015flik hissinin hayat\u0131n\u0131n farkl\u0131 alanlar\u0131nda yarataca\u011f\u0131 tahribat\u0131n \u00f6n\u00fcne h\u0131zl\u0131ca ge\u00e7ebilmek ad\u0131na olduk\u00e7a \u00f6nemlidir.<\/p>\n<h2><strong>Yo\u011fun i\u015f hayat\u0131nda mental sa\u011fl\u0131\u011f\u0131na yat\u0131r\u0131m yaparak rahatla!<\/strong><\/h2>\n<p><strong>T\u00fckenmi\u015flik hissi<\/strong> ile m\u00fccadele etmek isteyen profesyoneller, \u00f6zel ve i\u015f hayatlar\u0131n\u0131n bu histen zarar g\u00f6rmemesi i\u00e7in online psikolog deste\u011fi almay\u0131 tercih edebiliyor. Bu noktada <a href=\"https:\/\/hidoctor.health\/\">HiDoctor<\/a>, deneyimli ve uzman psikologlarla sa\u011flad\u0131\u011f\u0131 <a href=\"https:\/\/bit.ly\/3pPZQkw\">online psikolojik dan\u0131\u015fmanl\u0131k<\/a> hizmetiyle t\u00fckenmi\u015flikle m\u00fccadele edilmesine yard\u0131mc\u0131 olmay\u0131 hedefliyor.<\/p>\n<p><a href=\"https:\/\/www.kariyer.net\/kariyer-rehberi\/wp-content\/uploads\/2023\/05\/hidoctor.jpg\"><img decoding=\"async\" class=\"wp-image-17565 alignleft\" src=\"https:\/\/www.kariyer.net\/kariyer-rehberi\/wp-content\/uploads\/2023\/05\/hidoctor.jpg\" alt=\"\" width=\"378\" height=\"101\" srcset=\"https:\/\/www.kariyer.net\/kariyer-rehberi\/wp-content\/uploads\/2023\/05\/hidoctor.jpg 750w, https:\/\/www.kariyer.net\/kariyer-rehberi\/wp-content\/uploads\/2023\/05\/hidoctor-300x80.jpg 300w, https:\/\/www.kariyer.net\/kariyer-rehberi\/wp-content\/uploads\/2023\/05\/hidoctor-696x186.jpg 696w, https:\/\/www.kariyer.net\/kariyer-rehberi\/wp-content\/uploads\/2023\/05\/hidoctor-741x200.jpg 741w\" sizes=\"(max-width: 378px) 100vw, 378px\" \/><\/a><\/p>\n<p>\u0130\u015f hayat\u0131n\u0131n yo\u011funlu\u011funda fiziksel bir ortamda y\u00fcz y\u00fcze psikolog seans\u0131 almaya zaman ay\u0131rmakta ki\u015filer zorlanabilir. Bu nedenle internet ba\u011flant\u0131s\u0131n\u0131n bulundu\u011fu her ortamda bireylerin ihtiya\u00e7lar\u0131na ve zamanlar\u0131na uygun olarak, kendi \u00f6zel alanlar\u0131nda rahat\u00e7a destek alabilmeleri art\u0131k m\u00fcmk\u00fcn. T\u00fckenmi\u015flikle ba\u015fa \u00e7\u0131kmak ve sa\u011fl\u0131kl\u0131 bir \u00e7al\u0131\u015fma hayat\u0131 s\u00fcrd\u00fcrmek i\u00e7in <a href=\"https:\/\/bit.ly\/3WfIKJ0\">online dan\u0131\u015fmanl\u0131k<\/a> servisinden faydalanabilirsiniz.<\/p>\n<!-- templates\/buttons-placeholder.php -->\n<div class=\"da-reactions-outer TpostID17558\">\n\t    <div class=\"da-reactions-data da-reactions-container-async center\"\n         data-type=\"post\"\n         data-id=\"17558\"\n         id=\"da-reactions-slot-post-17558\">\n        <div class=\"da-reactions-static\">\n\t\t\t<img src=\"https:\/\/www.kariyer.net\/kariyer-rehberi\/wp-content\/plugins\/da-reactions\/assets\/dist\/loading.svg\" alt=\"Loading spinner\" width=\"48\" height=\"48\" style=\"width:48px\" \/>\n        <\/div>\n    <\/div>\n<\/div>\n","protected":false},"excerpt":{"rendered":"<p>\u0130\u015f yo\u011funlu\u011fu ve art arda gelen son teslim tarihleri kariyer ya\u015fam\u0131n\u0131n ka\u00e7\u0131n\u0131lmaz bir ger\u00e7e\u011fi. B\u00f6ylesi bir ortamda bir\u00e7ok ki\u015finin kendini zorlanm\u0131\u015f, bunalm\u0131\u015f hissetmesi m\u00fcmk\u00fcn. Peki, i\u015f stresi ki\u015fiyi zamanla t\u00fckenmi\u015flik hissine y\u00f6neltirse ne yapmal\u0131? T\u00fckenmi\u015flik sadece i\u015f ya da i\u015f d\u0131\u015f\u0131ndaki performans\u0131n\u0131 ve psikolojik esenli\u011fini de\u011fil ayn\u0131 zamanda \u00e7al\u0131\u015ft\u0131\u011f\u0131n kurulu\u015fun ve i\u00e7inde yer ald\u0131\u011f\u0131n ekibin [&hellip;]<\/p>\n<!-- templates\/buttons-placeholder.php -->\n<div class=\"da-reactions-outer TpostID17558\">\n\t    <div class=\"da-reactions-data da-reactions-container-async center\"\n         data-type=\"post\"\n         data-id=\"17558\"\n         id=\"da-reactions-slot-post-17558\">\n        <div class=\"da-reactions-static\">\n\t\t\t<img src=\"https:\/\/www.kariyer.net\/kariyer-rehberi\/wp-content\/plugins\/da-reactions\/assets\/dist\/loading.svg\" alt=\"Loading spinner\" width=\"48\" height=\"48\" style=\"width:48px\" \/>\n        <\/div>\n    <\/div>\n<\/div>\n","protected":false},"author":12,"featured_media":17562,"comment_status":"closed","ping_status":"open","sticky":false,"template":"","format":"standard","meta":{"footnotes":"","_elementor_edit_mode":"","_elementor_template_type":"","_elementor_data":"","_elementor_page_settings":null,"_elementor_conditions":[]},"categories":[46,2211,2214],"tags":[2182,1409],"class_list":{"0":"post-17558","1":"post","2":"type-post","3":"status-publish","4":"format-standard","5":"has-post-thumbnail","7":"category-is-hayati","8":"category-kariyer-gelisimi","9":"category-yasam","10":"tag-is-hayati-ve-tukenmislik","11":"tag-tukenmislik-sendromu"},"yoast_head":"<!-- This site is optimized with the Yoast SEO Premium plugin v21.4 (Yoast SEO v27.0) - https:\/\/yoast.com\/product\/yoast-seo-premium-wordpress\/ -->\n<title>\u0130\u015f hayat\u0131nda t\u00fckenmi\u015flik sendromundan kurtulmak m\u00fcmk\u00fcn m\u00fc?<\/title>\n<meta name=\"description\" content=\"Ki\u015finin kendini zorlanm\u0131\u015f, bunalm\u0131\u015f hissetmesi m\u00fcmk\u00fcn. Peki, i\u015f stresi ki\u015fiyi zamanla t\u00fckenmi\u015flik hissine y\u00f6neltirse ne yapmal\u0131?\" \/>\n<meta name=\"robots\" content=\"index, follow, max-snippet:-1, max-image-preview:large, max-video-preview:-1\" \/>\n<link rel=\"canonical\" href=\"https:\/\/www.kariyer.net\/kariyer-rehberi\/is-hayatinda-tukenmislik-sendromundan-kurtulmak-mumkun-mu\/\" \/>\n<meta property=\"og:locale\" content=\"tr_TR\" \/>\n<meta property=\"og:type\" content=\"article\" \/>\n<meta property=\"og:title\" content=\"\u0130\u015f hayat\u0131nda t\u00fckenmi\u015flik sendromundan kurtulmak m\u00fcmk\u00fcn m\u00fc?\" \/>\n<meta property=\"og:description\" content=\"\u0130\u015f yo\u011funlu\u011fu ve art arda gelen son teslim tarihleri kariyer ya\u015fam\u0131n\u0131n ka\u00e7\u0131n\u0131lmaz bir ger\u00e7e\u011fi. B\u00f6ylesi bir ortamda bir\u00e7ok ki\u015finin kendini zorlanm\u0131\u015f,\" \/>\n<meta property=\"og:url\" content=\"https:\/\/www.kariyer.net\/kariyer-rehberi\/is-hayatinda-tukenmislik-sendromundan-kurtulmak-mumkun-mu\/\" \/>\n<meta property=\"og:site_name\" content=\"Kariyer Rehberi\" \/>\n<meta property=\"article:published_time\" content=\"2023-05-23T07:18:53+00:00\" \/>\n<meta property=\"article:modified_time\" content=\"2024-08-08T18:08:14+00:00\" \/>\n<meta property=\"og:image\" content=\"https:\/\/www.kariyer.net\/kariyer-rehberi\/wp-content\/uploads\/2023\/05\/tukenmislik_sendromu.jpg\" \/>\n\t<meta property=\"og:image:width\" content=\"900\" \/>\n\t<meta property=\"og:image:height\" content=\"600\" \/>\n\t<meta property=\"og:image:type\" content=\"image\/jpeg\" \/>\n<meta name=\"author\" content=\"Edit\u00f6r\" \/>\n<meta name=\"twitter:card\" content=\"summary_large_image\" \/>\n<meta name=\"twitter:label1\" content=\"Yazan:\" \/>\n\t<meta name=\"twitter:data1\" content=\"Edit\u00f6r\" \/>\n\t<meta name=\"twitter:label2\" content=\"Tahmini okuma s\u00fcresi\" \/>\n\t<meta name=\"twitter:data2\" content=\"5 dakika\" \/>\n<!-- \/ Yoast SEO Premium plugin. -->","yoast_head_json":{"title":"\u0130\u015f hayat\u0131nda t\u00fckenmi\u015flik sendromundan kurtulmak m\u00fcmk\u00fcn m\u00fc?","description":"Ki\u015finin kendini zorlanm\u0131\u015f, bunalm\u0131\u015f hissetmesi m\u00fcmk\u00fcn. Peki, i\u015f stresi ki\u015fiyi zamanla t\u00fckenmi\u015flik hissine y\u00f6neltirse ne yapmal\u0131?","robots":{"index":"index","follow":"follow","max-snippet":"max-snippet:-1","max-image-preview":"max-image-preview:large","max-video-preview":"max-video-preview:-1"},"canonical":"https:\/\/www.kariyer.net\/kariyer-rehberi\/is-hayatinda-tukenmislik-sendromundan-kurtulmak-mumkun-mu\/","og_locale":"tr_TR","og_type":"article","og_title":"\u0130\u015f hayat\u0131nda t\u00fckenmi\u015flik sendromundan kurtulmak m\u00fcmk\u00fcn m\u00fc?","og_description":"\u0130\u015f yo\u011funlu\u011fu ve art arda gelen son teslim tarihleri kariyer ya\u015fam\u0131n\u0131n ka\u00e7\u0131n\u0131lmaz bir ger\u00e7e\u011fi. B\u00f6ylesi bir ortamda bir\u00e7ok ki\u015finin kendini zorlanm\u0131\u015f,","og_url":"https:\/\/www.kariyer.net\/kariyer-rehberi\/is-hayatinda-tukenmislik-sendromundan-kurtulmak-mumkun-mu\/","og_site_name":"Kariyer Rehberi","article_published_time":"2023-05-23T07:18:53+00:00","article_modified_time":"2024-08-08T18:08:14+00:00","og_image":[{"width":900,"height":600,"url":"https:\/\/www.kariyer.net\/kariyer-rehberi\/wp-content\/uploads\/2023\/05\/tukenmislik_sendromu.jpg","type":"image\/jpeg"}],"author":"Edit\u00f6r","twitter_card":"summary_large_image","twitter_misc":{"Yazan:":"Edit\u00f6r","Tahmini okuma s\u00fcresi":"5 dakika"},"schema":{"@context":"https:\/\/schema.org","@graph":[{"@type":"Article","@id":"https:\/\/www.kariyer.net\/kariyer-rehberi\/is-hayatinda-tukenmislik-sendromundan-kurtulmak-mumkun-mu\/#article","isPartOf":{"@id":"https:\/\/www.kariyer.net\/kariyer-rehberi\/is-hayatinda-tukenmislik-sendromundan-kurtulmak-mumkun-mu\/"},"author":{"name":"Edit\u00f6r","@id":"https:\/\/www.kariyer.net\/kariyer-rehberi\/#\/schema\/person\/94fd6e49c7ff1b1b2565a2cc4fd685dd"},"headline":"\u0130\u015f hayat\u0131nda t\u00fckenmi\u015flik sendromundan kurtulmak m\u00fcmk\u00fcn m\u00fc?","datePublished":"2023-05-23T07:18:53+00:00","dateModified":"2024-08-08T18:08:14+00:00","mainEntityOfPage":{"@id":"https:\/\/www.kariyer.net\/kariyer-rehberi\/is-hayatinda-tukenmislik-sendromundan-kurtulmak-mumkun-mu\/"},"wordCount":1086,"publisher":{"@id":"https:\/\/www.kariyer.net\/kariyer-rehberi\/#organization"},"image":{"@id":"https:\/\/www.kariyer.net\/kariyer-rehberi\/is-hayatinda-tukenmislik-sendromundan-kurtulmak-mumkun-mu\/#primaryimage"},"thumbnailUrl":"https:\/\/www.kariyer.net\/kariyer-rehberi\/wp-content\/uploads\/2023\/05\/tukenmislik_sendromu.jpg","keywords":["i\u015f hayat\u0131 ve t\u00fckenmi\u015flik","t\u00fckenmi\u015flik sendromu"],"articleSection":["\u0130\u015f Hayat\u0131","Kariyer Geli\u015fimi","Ya\u015fam"],"inLanguage":"tr"},{"@type":"WebPage","@id":"https:\/\/www.kariyer.net\/kariyer-rehberi\/is-hayatinda-tukenmislik-sendromundan-kurtulmak-mumkun-mu\/","url":"https:\/\/www.kariyer.net\/kariyer-rehberi\/is-hayatinda-tukenmislik-sendromundan-kurtulmak-mumkun-mu\/","name":"\u0130\u015f hayat\u0131nda t\u00fckenmi\u015flik sendromundan kurtulmak m\u00fcmk\u00fcn m\u00fc?","isPartOf":{"@id":"https:\/\/www.kariyer.net\/kariyer-rehberi\/#website"},"primaryImageOfPage":{"@id":"https:\/\/www.kariyer.net\/kariyer-rehberi\/is-hayatinda-tukenmislik-sendromundan-kurtulmak-mumkun-mu\/#primaryimage"},"image":{"@id":"https:\/\/www.kariyer.net\/kariyer-rehberi\/is-hayatinda-tukenmislik-sendromundan-kurtulmak-mumkun-mu\/#primaryimage"},"thumbnailUrl":"https:\/\/www.kariyer.net\/kariyer-rehberi\/wp-content\/uploads\/2023\/05\/tukenmislik_sendromu.jpg","datePublished":"2023-05-23T07:18:53+00:00","dateModified":"2024-08-08T18:08:14+00:00","description":"Ki\u015finin kendini zorlanm\u0131\u015f, bunalm\u0131\u015f hissetmesi m\u00fcmk\u00fcn. Peki, i\u015f stresi ki\u015fiyi zamanla t\u00fckenmi\u015flik hissine y\u00f6neltirse ne yapmal\u0131?","breadcrumb":{"@id":"https:\/\/www.kariyer.net\/kariyer-rehberi\/is-hayatinda-tukenmislik-sendromundan-kurtulmak-mumkun-mu\/#breadcrumb"},"inLanguage":"tr","potentialAction":[{"@type":"ReadAction","target":["https:\/\/www.kariyer.net\/kariyer-rehberi\/is-hayatinda-tukenmislik-sendromundan-kurtulmak-mumkun-mu\/"]}]},{"@type":"ImageObject","inLanguage":"tr","@id":"https:\/\/www.kariyer.net\/kariyer-rehberi\/is-hayatinda-tukenmislik-sendromundan-kurtulmak-mumkun-mu\/#primaryimage","url":"https:\/\/www.kariyer.net\/kariyer-rehberi\/wp-content\/uploads\/2023\/05\/tukenmislik_sendromu.jpg","contentUrl":"https:\/\/www.kariyer.net\/kariyer-rehberi\/wp-content\/uploads\/2023\/05\/tukenmislik_sendromu.jpg","width":900,"height":600},{"@type":"BreadcrumbList","@id":"https:\/\/www.kariyer.net\/kariyer-rehberi\/is-hayatinda-tukenmislik-sendromundan-kurtulmak-mumkun-mu\/#breadcrumb","itemListElement":[{"@type":"ListItem","position":1,"name":"Anasayfa","item":"https:\/\/www.kariyer.net\/kariyer-rehberi\/"},{"@type":"ListItem","position":2,"name":"\u0130\u015f hayat\u0131nda t\u00fckenmi\u015flik sendromundan kurtulmak m\u00fcmk\u00fcn m\u00fc?"}]},{"@type":"WebSite","@id":"https:\/\/www.kariyer.net\/kariyer-rehberi\/#website","url":"https:\/\/www.kariyer.net\/kariyer-rehberi\/","name":"Kariyer Rehberi","description":"\u0130\u015f D\u00fcnyas\u0131yla \u0130lgili Bilmek \u0130stedi\u011finiz Her \u015eey","publisher":{"@id":"https:\/\/www.kariyer.net\/kariyer-rehberi\/#organization"},"potentialAction":[{"@type":"SearchAction","target":{"@type":"EntryPoint","urlTemplate":"https:\/\/www.kariyer.net\/kariyer-rehberi\/?s={search_term_string}"},"query-input":{"@type":"PropertyValueSpecification","valueRequired":true,"valueName":"search_term_string"}}],"inLanguage":"tr"},{"@type":"Organization","@id":"https:\/\/www.kariyer.net\/kariyer-rehberi\/#organization","name":"Kariyer.net","url":"https:\/\/www.kariyer.net\/kariyer-rehberi\/","logo":{"@type":"ImageObject","inLanguage":"tr","@id":"https:\/\/www.kariyer.net\/kariyer-rehberi\/#\/schema\/logo\/image\/","url":"https:\/\/www.kariyer.net\/kariyer-rehberi-new\/wp-content\/uploads\/2023\/01\/og-image11.jpg","contentUrl":"https:\/\/www.kariyer.net\/kariyer-rehberi-new\/wp-content\/uploads\/2023\/01\/og-image11.jpg","width":800,"height":800,"caption":"Kariyer.net"},"image":{"@id":"https:\/\/www.kariyer.net\/kariyer-rehberi\/#\/schema\/logo\/image\/"}},{"@type":"Person","@id":"https:\/\/www.kariyer.net\/kariyer-rehberi\/#\/schema\/person\/94fd6e49c7ff1b1b2565a2cc4fd685dd","name":"Edit\u00f6r","image":{"@type":"ImageObject","inLanguage":"tr","@id":"https:\/\/www.kariyer.net\/kariyer-rehberi\/#\/schema\/person\/image\/","url":"https:\/\/secure.gravatar.com\/avatar\/0c4fe6688343aed3693b15573beae12c08ace5565409d5ab7509bf9c115f458d?s=96&d=mm&r=g","contentUrl":"https:\/\/secure.gravatar.com\/avatar\/0c4fe6688343aed3693b15573beae12c08ace5565409d5ab7509bf9c115f458d?s=96&d=mm&r=g","caption":"Edit\u00f6r"},"url":"https:\/\/www.kariyer.net\/kariyer-rehberi\/author\/editor\/"}]}},"_links":{"self":[{"href":"https:\/\/www.kariyer.net\/kariyer-rehberi\/wp-json\/wp\/v2\/posts\/17558","targetHints":{"allow":["GET"]}}],"collection":[{"href":"https:\/\/www.kariyer.net\/kariyer-rehberi\/wp-json\/wp\/v2\/posts"}],"about":[{"href":"https:\/\/www.kariyer.net\/kariyer-rehberi\/wp-json\/wp\/v2\/types\/post"}],"author":[{"embeddable":true,"href":"https:\/\/www.kariyer.net\/kariyer-rehberi\/wp-json\/wp\/v2\/users\/12"}],"replies":[{"embeddable":true,"href":"https:\/\/www.kariyer.net\/kariyer-rehberi\/wp-json\/wp\/v2\/comments?post=17558"}],"version-history":[{"count":1,"href":"https:\/\/www.kariyer.net\/kariyer-rehberi\/wp-json\/wp\/v2\/posts\/17558\/revisions"}],"predecessor-version":[{"id":19252,"href":"https:\/\/www.kariyer.net\/kariyer-rehberi\/wp-json\/wp\/v2\/posts\/17558\/revisions\/19252"}],"wp:featuredmedia":[{"embeddable":true,"href":"https:\/\/www.kariyer.net\/kariyer-rehberi\/wp-json\/wp\/v2\/media\/17562"}],"wp:attachment":[{"href":"https:\/\/www.kariyer.net\/kariyer-rehberi\/wp-json\/wp\/v2\/media?parent=17558"}],"wp:term":[{"taxonomy":"category","embeddable":true,"href":"https:\/\/www.kariyer.net\/kariyer-rehberi\/wp-json\/wp\/v2\/categories?post=17558"},{"taxonomy":"post_tag","embeddable":true,"href":"https:\/\/www.kariyer.net\/kariyer-rehberi\/wp-json\/wp\/v2\/tags?post=17558"}],"curies":[{"name":"wp","href":"https:\/\/api.w.org\/{rel}","templated":true}]}}