{"id":17626,"date":"2024-11-21T09:30:25","date_gmt":"2024-11-21T06:30:25","guid":{"rendered":"https:\/\/www.kariyer.net\/kariyer-rehberi\/?p=17626"},"modified":"2024-11-21T14:31:25","modified_gmt":"2024-11-21T11:31:25","slug":"ekip-liderine-yapici-dille-itiraz-etmenin-4-yolu","status":"publish","type":"post","link":"https:\/\/www.kariyer.net\/kariyer-rehberi\/ekip-liderine-yapici-dille-itiraz-etmenin-4-yolu\/","title":{"rendered":"Ekip liderine yap\u0131c\u0131 dille itiraz etmenin 4 yolu"},"content":{"rendered":"<p><strong>Y\u00f6neticine itiraz etmek istedi\u011finde, farkl\u0131 bir g\u00f6r\u00fc\u015f iletmek istedi\u011finde veya tamamen yarat\u0131c\u0131 bir \u015fekilde kendi bak\u0131\u015f a\u00e7\u0131n\u0131 payla\u015fmak istedi\u011finde neler oluyor? Yap\u0131c\u0131 bir dille itiraz etmenin p\u00fcf noktalar\u0131n\u0131 \u00c7al\u0131\u015fan Ba\u011fl\u0131l\u0131\u011f\u0131 Dan\u0131\u015fman\u0131 Bertay Fi\u015fek\u00e7i senin i\u00e7in payla\u015ft\u0131.<\/strong><\/p>\n<p>Giri\u015fte sordu\u011fumuz sorunun cevab\u0131 y\u00f6neticinin genel tavr\u0131, becerileri ve seninle olan ili\u015fkisine g\u00f6re de\u011fi\u015febilir. Peki herhangi bir konuda itiraz etmek isteyip de sonunda tepki g\u00f6rd\u00fc\u011f\u00fcn durumlar oluyor mu, b\u00f6yle anlarda nas\u0131l hissediyorsun? Acaba kar\u015f\u0131ndaki ki\u015fiyi k\u0131zd\u0131rmayacak, objektif, nazik, eyleme ve hedefe odaklanm\u0131\u015f bir bi\u00e7imde fikrini iletebilseydin nas\u0131l olurdu, daha iyiye gider miydi ili\u015fkiniz?<\/p>\n<p>Ekip liderleri i\u00e7in de \u015fu notu iletmek isterim; bir ekip arkada\u015f\u0131n\u0131z size kendi bak\u0131\u015f a\u00e7\u0131s\u0131n\u0131, kendi fikrini iletmek istedi\u011finde l\u00fctfen onun sesini \u00e7e\u015fitli mazeretler ile bo\u011fmay\u0131n. Bunu tekrarlarsan\u0131z, \u00e7ok fayda g\u00f6rebilece\u011finiz bir zamanda bile ekip arkada\u015f\u0131n\u0131z\u0131n ses \u00e7\u0131karmad\u0131\u011f\u0131n\u0131 g\u00f6rebilirsiniz.<\/p>\n<p>Peki, y\u00f6neticinle farkl\u0131 d\u00fc\u015f\u00fcnd\u00fc\u011f\u00fcn anlarda fikrini iletmek i\u00e7in nas\u0131l bir yakla\u015f\u0131m benimsemelisin?<\/p>\n<p>\u0130\u015fte, \u00f6rnek ifadeler!<\/p>\n<h2><strong>Bu konuda san\u0131r\u0131m farkl\u0131 bir yerden bak\u0131yorum, kendi bak\u0131\u015f a\u00e7\u0131m\u0131 payla\u015fabilir miyim?<\/strong><\/h2>\n<p>Bu soruyla asl\u0131nda ortada gidip gelen konuyla ilgili daha \u00f6nce iletilmemi\u015f, b\u00fcy\u00fck ihtimalle m\u00fcd\u00fcr\u00fcn\u00fcn d\u00fc\u015f\u00fcnmedi\u011fi bir bak\u0131\u015f a\u00e7\u0131s\u0131na sahip oldu\u011funu belirtiyor ve dikkat edersen izin istiyorsun&#8230; \u0130zin istedi\u011finde asl\u0131nda diyalo\u011fu nazik\u00e7e a\u00e7m\u0131\u015f oluyorsun. B\u00f6yle bir izin kar\u015f\u0131s\u0131nda olumsuz yakla\u015facak m\u00fcd\u00fcr say\u0131s\u0131n\u0131n \u00e7ok az oldu\u011funu d\u00fc\u015f\u00fcn\u00fcyorum.<\/p>\n<h2><strong>Bu dedi\u011finizi uygulad\u0131\u011f\u0131m\u0131z senaryo ile ilgili benim \u015f\u00f6yle endi\u015felerim var&#8230;<\/strong><\/h2>\n<p>Burada da m\u00fcd\u00fcr\u00fcn\u00fcn istedi\u011fi veya dikte etti\u011fi yoldan gidildi\u011finde &#8220;kendi&#8221; endi\u015felerini seslendirmek istiyorsun. Burada subjektif yakla\u015f\u0131m ve sorumluluk alan bir c\u00fcmle var. Baz\u0131 m\u00fcd\u00fcrler bu c\u00fcmleden sonra seni dinleyip, &#8220;Tamam bunu not ald\u0131m&#8221; deyip kendi bildi\u011fini okuyabilir; baz\u0131lar\u0131 da senin verece\u011fin yeni fikir ve masaya getirdi\u011fin endi\u015feleri de dikkate alarak y\u00f6n\u00fcn\u00fc de\u011fi\u015ftirebilir. Her iki durumda da sen \u00f6znel g\u00f6r\u00fc\u015f\u00fcn\u00fc ve endi\u015felerini, tehdit etmeden bu c\u00fcmleyle ifade etmi\u015f oluyorsun.<\/p>\n<h2><strong>Bu konuda benim alg\u0131lad\u0131\u011f\u0131m biraz farkl\u0131, bence&#8230;.<\/strong><\/h2>\n<p>Bu senaryoda da yine &#8220;ben&#8221; dilini kullanarak, kendi alg\u0131n\u0131n farkl\u0131 oldu\u011funu belirtiyorsun. Kendi g\u00f6r\u00fc\u015f\u00fcn\u00fc m\u00fcd\u00fcr\u00fcn\u00fcn g\u00f6r\u00fc\u015f\u00fcn\u00fc \u00e7\u00f6pe atmadan ve k\u00fc\u00e7\u00fcmsemeden ifade ediyorsun. Kendi alg\u0131n\u0131n farkl\u0131 oldu\u011funu belirtti\u011finde asl\u0131nda do\u011fru\/yanl\u0131\u015f tart\u0131\u015fmas\u0131 da olmuyor, farkl\u0131 alg\u0131lar ifade edilmi\u015f oluyor. Bu \u015fekilde yakla\u015ft\u0131\u011f\u0131nda m\u00fcd\u00fcr\u00fcn\u00fcn seni dinleme olas\u0131l\u0131\u011f\u0131n\u0131 da art\u0131rm\u0131\u015f oluyorsun.<\/p>\n<h2><strong>Ben bu resmi \u015f\u00f6yle g\u00f6r\u00fcyorum&#8230; Sizce ortada bulu\u015fman\u0131n m\u00fcmk\u00fcn olabilece\u011fi bir durum olabilir mi?<\/strong><\/h2>\n<p>Burada asl\u0131nda bir m\u00fczakere becerisi sergiliyorsun. M\u00fcd\u00fcr\u00fcn\u00fcn istedi\u011fi senaryoya kar\u015f\u0131l\u0131k kendi g\u00f6r\u00fc\u015f\u00fcn\u00fc ve yolunu payla\u015f\u0131p, &#8220;Ortada bulu\u015fabilir miyiz?&#8221; diyorsun&#8230; Burada m\u00fcd\u00fcr\u00fcn bunu b\u00fcy\u00fck ihtimalle bir i\u011fneleme veya tehdit olarak alg\u0131lamayacak, belki u\u00e7ta olan bir g\u00f6r\u00fc\u015f\u00fcn\u00fcn yumu\u015famas\u0131, daha ger\u00e7ek\u00e7i olmas\u0131 ve ortalanmas\u0131 gibi de\u011ferlendirecektir.<\/p>\n<p>Bu yakla\u015f\u0131mlar ile hem m\u00fcd\u00fcr\u00fcnle ili\u015fkini daha iyi hale getirecek hem seni dinlemesini sa\u011flayacak hem de fikrinin uygulanma ihtimalini art\u0131racaks\u0131n.<\/p>\n<!-- templates\/buttons-placeholder.php -->\n<div class=\"da-reactions-outer TpostID17626\">\n\t    <div class=\"da-reactions-data da-reactions-container-async center\"\n         data-type=\"post\"\n         data-id=\"17626\"\n         id=\"da-reactions-slot-post-17626\">\n        <div class=\"da-reactions-static\">\n\t\t\t<img src=\"https:\/\/www.kariyer.net\/kariyer-rehberi\/wp-content\/plugins\/da-reactions\/assets\/dist\/loading.svg\" alt=\"Loading spinner\" width=\"48\" height=\"48\" style=\"width:48px\" \/>\n        <\/div>\n    <\/div>\n<\/div>\n","protected":false},"excerpt":{"rendered":"<p>Y\u00f6neticine itiraz etmek istedi\u011finde, farkl\u0131 bir g\u00f6r\u00fc\u015f iletmek istedi\u011finde veya tamamen yarat\u0131c\u0131 bir \u015fekilde kendi bak\u0131\u015f a\u00e7\u0131n\u0131 payla\u015fmak istedi\u011finde neler oluyor? Yap\u0131c\u0131 bir dille itiraz etmenin p\u00fcf noktalar\u0131n\u0131 \u00c7al\u0131\u015fan Ba\u011fl\u0131l\u0131\u011f\u0131 Dan\u0131\u015fman\u0131 Bertay Fi\u015fek\u00e7i senin i\u00e7in payla\u015ft\u0131. Giri\u015fte sordu\u011fumuz sorunun cevab\u0131 y\u00f6neticinin genel tavr\u0131, becerileri ve seninle olan ili\u015fkisine g\u00f6re de\u011fi\u015febilir. Peki herhangi bir konuda itiraz [&hellip;]<\/p>\n<!-- templates\/buttons-placeholder.php -->\n<div class=\"da-reactions-outer TpostID17626\">\n\t    <div class=\"da-reactions-data da-reactions-container-async center\"\n         data-type=\"post\"\n         data-id=\"17626\"\n         id=\"da-reactions-slot-post-17626\">\n        <div class=\"da-reactions-static\">\n\t\t\t<img src=\"https:\/\/www.kariyer.net\/kariyer-rehberi\/wp-content\/plugins\/da-reactions\/assets\/dist\/loading.svg\" alt=\"Loading spinner\" width=\"48\" height=\"48\" style=\"width:48px\" \/>\n        <\/div>\n    <\/div>\n<\/div>\n","protected":false},"author":38,"featured_media":17629,"comment_status":"closed","ping_status":"open","sticky":false,"template":"","format":"standard","meta":{"footnotes":"","_elementor_edit_mode":"","_elementor_template_type":"","_elementor_data":"","_elementor_page_settings":null,"_elementor_conditions":[]},"categories":[46,2214],"tags":[1580],"class_list":{"0":"post-17626","1":"post","2":"type-post","3":"status-publish","4":"format-standard","5":"has-post-thumbnail","7":"category-is-hayati","8":"category-yasam","9":"tag-bertay-fisekci"},"yoast_head":"<!-- This site is optimized with the Yoast SEO Premium plugin v21.4 (Yoast SEO v27.0) - https:\/\/yoast.com\/product\/yoast-seo-premium-wordpress\/ -->\n<title>M\u00fcd\u00fcr\u00fcne yap\u0131c\u0131 dille itiraz etmenin 4 yolu<\/title>\n<meta name=\"description\" content=\"Yap\u0131c\u0131 bir dille itiraz etmenin p\u00fcf noktalar\u0131n\u0131 \u00c7al\u0131\u015fan Ba\u011fl\u0131l\u0131\u011f\u0131 Dan\u0131\u015fman\u0131 Bertay Fi\u015fek\u00e7i senin i\u00e7in payla\u015ft\u0131.\" \/>\n<meta name=\"robots\" content=\"index, follow, max-snippet:-1, max-image-preview:large, max-video-preview:-1\" \/>\n<link rel=\"canonical\" href=\"https:\/\/www.kariyer.net\/kariyer-rehberi\/ekip-liderine-yapici-dille-itiraz-etmenin-4-yolu\/\" \/>\n<meta property=\"og:locale\" content=\"tr_TR\" \/>\n<meta property=\"og:type\" content=\"article\" \/>\n<meta property=\"og:title\" content=\"Ekip liderine yap\u0131c\u0131 dille itiraz etmenin 4 yolu\" \/>\n<meta property=\"og:description\" content=\"Y\u00f6neticine itiraz etmek istedi\u011finde, farkl\u0131 bir g\u00f6r\u00fc\u015f iletmek istedi\u011finde veya tamamen yarat\u0131c\u0131 bir \u015fekilde kendi bak\u0131\u015f a\u00e7\u0131n\u0131 payla\u015fmak istedi\u011finde neler\" \/>\n<meta property=\"og:url\" content=\"https:\/\/www.kariyer.net\/kariyer-rehberi\/ekip-liderine-yapici-dille-itiraz-etmenin-4-yolu\/\" \/>\n<meta property=\"og:site_name\" content=\"Kariyer Rehberi\" \/>\n<meta property=\"article:published_time\" content=\"2024-11-21T06:30:25+00:00\" \/>\n<meta property=\"article:modified_time\" content=\"2024-11-21T11:31:25+00:00\" \/>\n<meta property=\"og:image\" content=\"https:\/\/www.kariyer.net\/kariyer-rehberi\/wp-content\/uploads\/2023\/07\/olumlu_geribildirim.jpg\" \/>\n\t<meta property=\"og:image:width\" content=\"900\" \/>\n\t<meta property=\"og:image:height\" content=\"650\" \/>\n\t<meta property=\"og:image:type\" content=\"image\/jpeg\" \/>\n<meta name=\"author\" content=\"Bertay Fi\u015fek\u00e7i\" \/>\n<meta name=\"twitter:card\" content=\"summary_large_image\" \/>\n<meta name=\"twitter:label1\" content=\"Yazan:\" \/>\n\t<meta name=\"twitter:data1\" content=\"Bertay Fi\u015fek\u00e7i\" \/>\n\t<meta name=\"twitter:label2\" content=\"Tahmini okuma s\u00fcresi\" \/>\n\t<meta name=\"twitter:data2\" content=\"3 dakika\" \/>\n<!-- \/ Yoast SEO Premium plugin. -->","yoast_head_json":{"title":"M\u00fcd\u00fcr\u00fcne yap\u0131c\u0131 dille itiraz etmenin 4 yolu","description":"Yap\u0131c\u0131 bir dille itiraz etmenin p\u00fcf noktalar\u0131n\u0131 \u00c7al\u0131\u015fan Ba\u011fl\u0131l\u0131\u011f\u0131 Dan\u0131\u015fman\u0131 Bertay Fi\u015fek\u00e7i senin i\u00e7in payla\u015ft\u0131.","robots":{"index":"index","follow":"follow","max-snippet":"max-snippet:-1","max-image-preview":"max-image-preview:large","max-video-preview":"max-video-preview:-1"},"canonical":"https:\/\/www.kariyer.net\/kariyer-rehberi\/ekip-liderine-yapici-dille-itiraz-etmenin-4-yolu\/","og_locale":"tr_TR","og_type":"article","og_title":"Ekip liderine yap\u0131c\u0131 dille itiraz etmenin 4 yolu","og_description":"Y\u00f6neticine itiraz etmek istedi\u011finde, farkl\u0131 bir g\u00f6r\u00fc\u015f iletmek istedi\u011finde veya tamamen yarat\u0131c\u0131 bir \u015fekilde kendi bak\u0131\u015f a\u00e7\u0131n\u0131 payla\u015fmak istedi\u011finde neler","og_url":"https:\/\/www.kariyer.net\/kariyer-rehberi\/ekip-liderine-yapici-dille-itiraz-etmenin-4-yolu\/","og_site_name":"Kariyer Rehberi","article_published_time":"2024-11-21T06:30:25+00:00","article_modified_time":"2024-11-21T11:31:25+00:00","og_image":[{"width":900,"height":650,"url":"https:\/\/www.kariyer.net\/kariyer-rehberi\/wp-content\/uploads\/2023\/07\/olumlu_geribildirim.jpg","type":"image\/jpeg"}],"author":"Bertay Fi\u015fek\u00e7i","twitter_card":"summary_large_image","twitter_misc":{"Yazan:":"Bertay Fi\u015fek\u00e7i","Tahmini okuma s\u00fcresi":"3 dakika"},"schema":{"@context":"https:\/\/schema.org","@graph":[{"@type":"Article","@id":"https:\/\/www.kariyer.net\/kariyer-rehberi\/ekip-liderine-yapici-dille-itiraz-etmenin-4-yolu\/#article","isPartOf":{"@id":"https:\/\/www.kariyer.net\/kariyer-rehberi\/ekip-liderine-yapici-dille-itiraz-etmenin-4-yolu\/"},"author":{"name":"Bertay Fi\u015fek\u00e7i","@id":"https:\/\/www.kariyer.net\/kariyer-rehberi\/#\/schema\/person\/0bbab5628be4b64729a9bb1f38c56151"},"headline":"Ekip liderine yap\u0131c\u0131 dille itiraz etmenin 4 yolu","datePublished":"2024-11-21T06:30:25+00:00","dateModified":"2024-11-21T11:31:25+00:00","mainEntityOfPage":{"@id":"https:\/\/www.kariyer.net\/kariyer-rehberi\/ekip-liderine-yapici-dille-itiraz-etmenin-4-yolu\/"},"wordCount":618,"publisher":{"@id":"https:\/\/www.kariyer.net\/kariyer-rehberi\/#organization"},"image":{"@id":"https:\/\/www.kariyer.net\/kariyer-rehberi\/ekip-liderine-yapici-dille-itiraz-etmenin-4-yolu\/#primaryimage"},"thumbnailUrl":"https:\/\/www.kariyer.net\/kariyer-rehberi\/wp-content\/uploads\/2023\/07\/olumlu_geribildirim.jpg","keywords":["Bertay Fi\u015fek\u00e7i"],"articleSection":["\u0130\u015f Hayat\u0131","Ya\u015fam"],"inLanguage":"tr"},{"@type":"WebPage","@id":"https:\/\/www.kariyer.net\/kariyer-rehberi\/ekip-liderine-yapici-dille-itiraz-etmenin-4-yolu\/","url":"https:\/\/www.kariyer.net\/kariyer-rehberi\/ekip-liderine-yapici-dille-itiraz-etmenin-4-yolu\/","name":"M\u00fcd\u00fcr\u00fcne yap\u0131c\u0131 dille itiraz etmenin 4 yolu","isPartOf":{"@id":"https:\/\/www.kariyer.net\/kariyer-rehberi\/#website"},"primaryImageOfPage":{"@id":"https:\/\/www.kariyer.net\/kariyer-rehberi\/ekip-liderine-yapici-dille-itiraz-etmenin-4-yolu\/#primaryimage"},"image":{"@id":"https:\/\/www.kariyer.net\/kariyer-rehberi\/ekip-liderine-yapici-dille-itiraz-etmenin-4-yolu\/#primaryimage"},"thumbnailUrl":"https:\/\/www.kariyer.net\/kariyer-rehberi\/wp-content\/uploads\/2023\/07\/olumlu_geribildirim.jpg","datePublished":"2024-11-21T06:30:25+00:00","dateModified":"2024-11-21T11:31:25+00:00","description":"Yap\u0131c\u0131 bir dille itiraz etmenin p\u00fcf noktalar\u0131n\u0131 \u00c7al\u0131\u015fan Ba\u011fl\u0131l\u0131\u011f\u0131 Dan\u0131\u015fman\u0131 Bertay Fi\u015fek\u00e7i senin i\u00e7in payla\u015ft\u0131.","breadcrumb":{"@id":"https:\/\/www.kariyer.net\/kariyer-rehberi\/ekip-liderine-yapici-dille-itiraz-etmenin-4-yolu\/#breadcrumb"},"inLanguage":"tr","potentialAction":[{"@type":"ReadAction","target":["https:\/\/www.kariyer.net\/kariyer-rehberi\/ekip-liderine-yapici-dille-itiraz-etmenin-4-yolu\/"]}]},{"@type":"ImageObject","inLanguage":"tr","@id":"https:\/\/www.kariyer.net\/kariyer-rehberi\/ekip-liderine-yapici-dille-itiraz-etmenin-4-yolu\/#primaryimage","url":"https:\/\/www.kariyer.net\/kariyer-rehberi\/wp-content\/uploads\/2023\/07\/olumlu_geribildirim.jpg","contentUrl":"https:\/\/www.kariyer.net\/kariyer-rehberi\/wp-content\/uploads\/2023\/07\/olumlu_geribildirim.jpg","width":900,"height":650},{"@type":"BreadcrumbList","@id":"https:\/\/www.kariyer.net\/kariyer-rehberi\/ekip-liderine-yapici-dille-itiraz-etmenin-4-yolu\/#breadcrumb","itemListElement":[{"@type":"ListItem","position":1,"name":"Anasayfa","item":"https:\/\/www.kariyer.net\/kariyer-rehberi\/"},{"@type":"ListItem","position":2,"name":"Ekip liderine yap\u0131c\u0131 dille itiraz etmenin 4 yolu"}]},{"@type":"WebSite","@id":"https:\/\/www.kariyer.net\/kariyer-rehberi\/#website","url":"https:\/\/www.kariyer.net\/kariyer-rehberi\/","name":"Kariyer Rehberi","description":"\u0130\u015f D\u00fcnyas\u0131yla \u0130lgili Bilmek \u0130stedi\u011finiz Her \u015eey","publisher":{"@id":"https:\/\/www.kariyer.net\/kariyer-rehberi\/#organization"},"potentialAction":[{"@type":"SearchAction","target":{"@type":"EntryPoint","urlTemplate":"https:\/\/www.kariyer.net\/kariyer-rehberi\/?s={search_term_string}"},"query-input":{"@type":"PropertyValueSpecification","valueRequired":true,"valueName":"search_term_string"}}],"inLanguage":"tr"},{"@type":"Organization","@id":"https:\/\/www.kariyer.net\/kariyer-rehberi\/#organization","name":"Kariyer.net","url":"https:\/\/www.kariyer.net\/kariyer-rehberi\/","logo":{"@type":"ImageObject","inLanguage":"tr","@id":"https:\/\/www.kariyer.net\/kariyer-rehberi\/#\/schema\/logo\/image\/","url":"https:\/\/www.kariyer.net\/kariyer-rehberi-new\/wp-content\/uploads\/2023\/01\/og-image11.jpg","contentUrl":"https:\/\/www.kariyer.net\/kariyer-rehberi-new\/wp-content\/uploads\/2023\/01\/og-image11.jpg","width":800,"height":800,"caption":"Kariyer.net"},"image":{"@id":"https:\/\/www.kariyer.net\/kariyer-rehberi\/#\/schema\/logo\/image\/"}},{"@type":"Person","@id":"https:\/\/www.kariyer.net\/kariyer-rehberi\/#\/schema\/person\/0bbab5628be4b64729a9bb1f38c56151","name":"Bertay Fi\u015fek\u00e7i","image":{"@type":"ImageObject","inLanguage":"tr","@id":"https:\/\/www.kariyer.net\/kariyer-rehberi\/#\/schema\/person\/image\/","url":"https:\/\/www.kariyer.net\/kariyer-rehberi\/wp-content\/uploads\/2024\/09\/Bertay-Fisekci-150x150.jpg","contentUrl":"https:\/\/www.kariyer.net\/kariyer-rehberi\/wp-content\/uploads\/2024\/09\/Bertay-Fisekci-150x150.jpg","caption":"Bertay Fi\u015fek\u00e7i"},"description":"Bertay Fi\u015fek\u00e7i, 23 y\u0131ll\u0131k kurumsal hayat\u0131n\u0131n ard\u0131ndan \u00e7al\u0131\u015fan ba\u011fl\u0131l\u0131\u011f\u0131, k\u00fclt\u00fcr d\u00f6n\u00fc\u015f\u00fcm\u00fc, orta kademe y\u00f6neticilerin beceri geli\u015fimi alanlar\u0131na odaklanm\u0131\u015ft\u0131r ve bu konularda \u015firketlere profesyonel destek vermektedir. \u0130nsan odakl\u0131 organizasyonlar\u0131n daha da geli\u015ftirici, k\u00e2rl\u0131 ve \u00e7ekici oldu\u011fu inanc\u0131yla \u00e7al\u0131\u015fmalar\u0131n\u0131 s\u00fcrd\u00fcrmektedir. Fi\u015fek\u00e7i; y\u00fcz y\u00fcze seminerler, online etkinler, podcast yay\u0131nlar\u0131yla bilgilerini aktarman\u0131n yan\u0131nda; ki\u015fisel blogunda ve Kariyer.net bloglar\u0131nda yay\u0131nlanan i\u00e7erikleriyle de okuyucularla bulu\u015fmaktad\u0131r.","url":"https:\/\/www.kariyer.net\/kariyer-rehberi\/author\/bertay-fisekci\/"}]}},"_links":{"self":[{"href":"https:\/\/www.kariyer.net\/kariyer-rehberi\/wp-json\/wp\/v2\/posts\/17626","targetHints":{"allow":["GET"]}}],"collection":[{"href":"https:\/\/www.kariyer.net\/kariyer-rehberi\/wp-json\/wp\/v2\/posts"}],"about":[{"href":"https:\/\/www.kariyer.net\/kariyer-rehberi\/wp-json\/wp\/v2\/types\/post"}],"author":[{"embeddable":true,"href":"https:\/\/www.kariyer.net\/kariyer-rehberi\/wp-json\/wp\/v2\/users\/38"}],"replies":[{"embeddable":true,"href":"https:\/\/www.kariyer.net\/kariyer-rehberi\/wp-json\/wp\/v2\/comments?post=17626"}],"version-history":[{"count":6,"href":"https:\/\/www.kariyer.net\/kariyer-rehberi\/wp-json\/wp\/v2\/posts\/17626\/revisions"}],"predecessor-version":[{"id":21479,"href":"https:\/\/www.kariyer.net\/kariyer-rehberi\/wp-json\/wp\/v2\/posts\/17626\/revisions\/21479"}],"wp:featuredmedia":[{"embeddable":true,"href":"https:\/\/www.kariyer.net\/kariyer-rehberi\/wp-json\/wp\/v2\/media\/17629"}],"wp:attachment":[{"href":"https:\/\/www.kariyer.net\/kariyer-rehberi\/wp-json\/wp\/v2\/media?parent=17626"}],"wp:term":[{"taxonomy":"category","embeddable":true,"href":"https:\/\/www.kariyer.net\/kariyer-rehberi\/wp-json\/wp\/v2\/categories?post=17626"},{"taxonomy":"post_tag","embeddable":true,"href":"https:\/\/www.kariyer.net\/kariyer-rehberi\/wp-json\/wp\/v2\/tags?post=17626"}],"curies":[{"name":"wp","href":"https:\/\/api.w.org\/{rel}","templated":true}]}}