{"id":1767,"date":"2007-12-06T02:00:00","date_gmt":"2007-12-06T00:00:00","guid":{"rendered":"http:\/\/92.45.35.169\/nestle-turkiye-gida-san-as-karacabey-fabrika-muduru-veyis-ozturk\/"},"modified":"2024-07-03T15:04:56","modified_gmt":"2024-07-03T12:04:56","slug":"nestle-turkiye-gida-san-as-karacabey-fabrika-muduru-veyis-ozturk","status":"publish","type":"post","link":"https:\/\/www.kariyer.net\/kariyer-rehberi\/nestle-turkiye-gida-san-as-karacabey-fabrika-muduru-veyis-ozturk\/","title":{"rendered":"Nestle T\u00fcrkiye G\u0131da San. A\u015e Karacabey Fabrika M\u00fcd\u00fcr\u00fc &#8216;Veyis \u00d6zt\u00fcrk&#8217;"},"content":{"rendered":"<div><strong><span style=\"font-weight: normal; font-size: 8.5pt; color: black\"><span style=\"font-size: 11px; font-family: Verdana, Arial, Helvetica, sans-serif\"><\/p>\n<div><strong><span style=\"font-weight: normal; font-size: 8.5pt; color: black\"><img decoding=\"async\" height=\"203\" hspace=\"10\" width=\"160\" align=\"left\" vspace=\"10\" alt=\"\" src=\"\/UploadFiles\/tempPhoto\/kariyerRehberi\/mak435b.jpg\" \/>Nestl&eacute; kahveden \u00e7orba ve bulyonlara, \u00e7ikolatadan suya, kahvalt\u0131l\u0131k gevreklerden bebek beslenmesine kadar g\u0131dan\u0131n pek \u00e7ok kategorisinde NESCAF&Eacute;&reg;, MAGGI, NESQUIK gibi d\u00fcnyaca \u00fcnl\u00fc markalar\u0131yla faaliyet g\u00f6steriyor. Nestle T\u00fcrkiye G\u0131da San. A\u015e Karacabey Fabrika M\u00fcd\u00fcr\u00fc Veyis \u00d6zt\u00fcrk sorular\u0131m\u0131z\u0131 yan\u0131tlad\u0131.<\/span><\/strong><\/div>\n<div><strong><span style=\"font-size: 8.5pt; color: black\"><br \/>K\u0131saca kendinizi tan\u0131tabilir misiniz?<\/span><\/strong><span style=\"font-size: 8.5pt; color: black\"><br \/>Uluda\u011f \u00dcniversitesi G\u0131da M\u00fchendisli\u011fi mezunuyum. Lisans e\u011fitiminin ard\u0131ndan \u0130ngiltere ve Amerika&rsquo;da e\u011fitim ald\u0131m. Farkl\u0131 sekt\u00f6r deneyimlerinin ard\u0131ndan 1996 y\u0131l\u0131nda Nestl&eacute; T\u00fcrkiye ailesine kat\u0131ld\u0131m. Ge\u00e7irdi\u011fim y\u0131llar i\u00e7erisinde s\u0131ras\u0131yla \u00dcretim M\u00fchendisi ard\u0131ndan \u00dcretim M\u00fcd\u00fcr\u00fc ve son 5.5 y\u0131ld\u0131r Karacabey Fabrika M\u00fcd\u00fcr\u00fc olarak \u00e7al\u0131\u015f\u0131yorum. Son iki y\u0131ld\u0131r ise y\u00f6netim kurulunday\u0131m. Kendimi i\u015f ve sonu\u00e7 odakl\u0131, h\u0131zl\u0131, enerji seviyesi y\u00fcksek ve \u00fcretken, zaman zaman ise sab\u0131rs\u0131z ve y\u00fcksek beklentili olarak tan\u0131mlayabilirim. \u0130\u015f ya\u015fam\u0131 d\u0131\u015f\u0131nda kayak, tenis, Formula 1 ve etnik m\u00fczik i\u00e7in zaman yaratmaya \u00e7al\u0131\u015f\u0131yorum. <\/span><\/div>\n<div><strong><span style=\"font-size: 8.5pt; color: black\"><br \/>Firman\u0131z\u0131n tarih\u00e7esini anlatabilir misiniz? Ne zaman kuruldu?<\/span><\/strong><span style=\"font-size: 8.5pt; color: black\"><br \/>Nestl&eacute; d\u00fcnyada 140 y\u0131ll\u0131k, T\u00fcrkiye&rsquo;de ise bir asr\u0131 a\u015fan bir ge\u00e7mi\u015fe sahip \u00e7ok k\u00f6kl\u00fc, \u00e7ok deneyimli bir \u015firket. Bu bir as\u0131r i\u00e7erisinde hem d\u00fcnyada hem T\u00fcrkiye&rsquo;de istikrarl\u0131 bir \u015fekilde b\u00fcy\u00fcyerek bug\u00fcn d\u00fcnyan\u0131n en b\u00fcy\u00fck ve en be\u011fenilen g\u0131da \u015firketi haline geliyor. Nestl&eacute;&rsquo;nin d\u00fcnyadaki ilk ihracat pazarlar\u0131 aras\u0131nda yer alan T\u00fcrkiye&rsquo;de Nestl&eacute; \u00fcr\u00fcnleri daha Osmanl\u0131 \u0130mparatorlu\u011fu zaman\u0131nda 1875&rsquo;te sat\u0131lmaya ba\u015fl\u0131yor. Nestl&eacute; 1909 y\u0131l\u0131nda \u0130stanbul Karak\u00f6y&rsquo;de ilk sat\u0131\u015f ofisini a\u00e7mas\u0131yla \u015firket olarak faaliyete ge\u00e7iyor. 1927&rsquo;de T\u00fcrkiye&rsquo;nin ilk \u00e7ikolata fabrikas\u0131 Nestl&eacute; taraf\u0131ndan \u0130stanbul Ferik\u00f6y&rsquo;de a\u00e7\u0131l\u0131yor. 1990 y\u0131l\u0131nda ise \u00fcretim Bursa Karacabey&rsquo;de kurulan fabrikaya ta\u015f\u0131n\u0131yor. Nestl&eacute; bug\u00fcn kahveden \u00e7orba ve bulyonlara, \u00e7ikolatadan suya, kahvalt\u0131l\u0131k gevreklerden bebek beslenmesine kadar g\u0131dan\u0131n pek \u00e7ok kategorisinde NESCAF&Eacute;&reg;, MAGGI, NESQUIK gibi d\u00fcnyaca \u00fcnl\u00fc markalar\u0131yla faaliyet g\u00f6steriyor. Karacabey fabrika T\u00fcrkiye pazar\u0131n\u0131n yan\u0131 s\u0131ra pek \u00e7ok Ortado\u011fu hatta baz\u0131 Uzakdo\u011fu ve Avrupa \u00fclkelerine ihra\u00e7 etti\u011fimiz \u00fcr\u00fcnlerin \u00fcretildi\u011fi bir \u00fcs olarak g\u00f6rev yap\u0131yor. <\/span><\/div>\n<div><strong><span style=\"font-size: 8.5pt; color: black\"><br \/>\u0130\u00e7inde bulundu\u011funuz sekt\u00f6r\u00fc nas\u0131l de\u011ferlendiriyorsunuz?<\/span><\/strong><span style=\"font-size: 8.5pt; color: black\"><br \/>G\u0131da kategorisi T\u00fcrkiye&rsquo;de Avrupa ve Amerika&rsquo;yla k\u0131yasland\u0131\u011f\u0131nda olduk\u00e7a h\u0131zl\u0131 bir geli\u015fme g\u00f6stermekte. Burada ekonomideki olumlu atmosferin, yeniliklere a\u00e7\u0131k gen\u00e7 n\u00fcfusun ve kad\u0131nlar\u0131n gittik\u00e7e daha fazla \u00e7al\u0131\u015fma hayat\u0131nda yer almas\u0131yla de\u011fi\u015fen ya\u015fam tarz\u0131n\u0131n etkisi b\u00fcy\u00fck. \u00d6rne\u011fin Nestl&eacute; olarak biz lideri oldu\u011fumuz kahve, kahvalt\u0131l\u0131k gevrekler, su gibi kategorilerde g\u0131da end\u00fcstrisinin \u00fczerinde \u00e7ift haneli b\u00fcy\u00fcmeler ya\u015f\u0131yoruz. Say\u0131larla bir \u00f6rnek vermek gerekirse NESCAF&Eacute;&reg; 3\u00fc1 Arada \u00fcr\u00fcn\u00fcm\u00fczle her y\u0131l y\u00fczde 100&rsquo;\u00fc a\u015fan b\u00fcy\u00fcmelerle 4 y\u0131lda 100 milyon dolarl\u0131k bir kategori yaratt\u0131k. Bunun d\u0131\u015f\u0131nda son y\u0131llarda \u00f6zellikle katma de\u011ferli beslenme \u00fcr\u00fcnlerinde \u00f6nemli b\u00fcy\u00fcme oranlar\u0131 g\u00f6zlemleniyor. Bu h\u0131zl\u0131 b\u00fcy\u00fcmenin yeni oyuncular ve yeni \u00fcr\u00fcnlerle \u00f6n\u00fcm\u00fczdeki y\u0131llarda da devam edece\u011fini d\u00fc\u015f\u00fcn\u00fcyorum. <\/span><\/div>\n<div><strong><span style=\"font-size: 8.5pt; color: black\"><br \/>Fabrika organizasyonunuz i\u00e7inde hangi departmanlar\u0131n\u0131z var?<\/span><\/strong><span style=\"font-size: 8.5pt; color: black\"><br \/>Fabrikam\u0131zda; M\u00fchendislik, \u00dcretim, Mali \u0130\u015fler, Sat\u0131n Alma, \u00dcr\u00fcn Geli\u015ftirme, End\u00fcstriyel Performans, Kalite G\u00fcvence, \u0130nsan Kaynaklar\u0131, Lojistik ve Depo departmanlar\u0131 vard\u0131r. <\/span><\/div>\n<div><strong><span style=\"font-size: 8.5pt; color: black\"><br \/>\u015eu an ka\u00e7 \u00e7al\u0131\u015fan\u0131n\u0131z var?<\/span><\/strong><span style=\"font-size: 8.5pt; color: black\"> <br \/>Karacabey fabrikam\u0131zda 550 \u00e7al\u0131\u015fan\u0131m\u0131z bulunuyor.<\/span><\/div>\n<div><strong><span style=\"font-size: 8.5pt; color: black\"><br \/>Bursa&rsquo;daki ekonomik ya\u015fam\u0131 nas\u0131l de\u011ferlendiriyorsunuz? Sizce ne gibi yat\u0131r\u0131mlar yap\u0131lmal\u0131?<\/span><\/strong><span style=\"font-size: 8.5pt; color: black\"><br \/>Bursa di\u011fer \u015fehirlerle kar\u015f\u0131la\u015ft\u0131r\u0131ld\u0131\u011f\u0131nda sanayi anlam\u0131nda olduk\u00e7a geli\u015fmi\u015f bir \u015fehir. Fakat ticaret ve hizmet sekt\u00f6rlerindeki geli\u015fim hen\u00fcz ayn\u0131 d\u00fczeyde de\u011fil. Sanayinin en b\u00fcy\u00fck gereksinimi olan enerji yat\u0131r\u0131mlar\u0131 artt\u0131r\u0131lmal\u0131 ve \u00e7al\u0131\u015fanlara ve aday \u00e7al\u0131\u015fanlara uygun e\u011fitim yat\u0131r\u0131m\u0131 yap\u0131lmal\u0131d\u0131r. Bunlar\u0131n yan\u0131 s\u0131ra, Bursa&rsquo;da konumu itibariyle demiryolu ve denizyolu gibi daha ekonomik nakliye ve ula\u015f\u0131m alternatiflerinin kullan\u0131lmas\u0131 ticari potansiyeli artt\u0131racakt\u0131r.<\/span><\/div>\n<div><strong><span style=\"font-size: 8.5pt; color: black\"><br \/>\u0130nsan Kaynaklar\u0131 uygulamalar\u0131n\u0131z nas\u0131l?<\/span><\/strong><span style=\"font-size: 8.5pt; color: black\"><br \/>Nestl&eacute; her \u015feyden \u00f6nce insan odakl\u0131 bir \u015firket. Sadece t\u00fcketicilerimize de\u011fil, m\u00fc\u015fterilerimize tedarik\u00e7ilerimize ve elbette \u00e7al\u0131\u015fanlar\u0131m\u0131za g\u00f6sterdi\u011fimiz \u00f6zen ve sa\u011flad\u0131\u011f\u0131m\u0131z katma de\u011fer ba\u015far\u0131m\u0131z\u0131n arkas\u0131ndaki en \u00f6nemli s\u0131rlardan biri. Bunun bir teyidi olarak Nestl&eacute;&rsquo;nin Fortune Dergisi taraf\u0131ndan Avrupa&rsquo;da \u00c7al\u0131\u015fanlar\u0131 En Mutlu 10 \u015eirket&rsquo;ten biri se\u00e7ildi.&nbsp; <br \/>Merkezle koordineli olarak fabrikam\u0131zda y\u00fcr\u00fctt\u00fc\u011f\u00fcm\u00fcz, \u00e7al\u0131\u015fanlar\u0131m\u0131z\u0131 hem profesyonel hem ki\u015fisel olarak geli\u015ftirmeyi, motivasyonlar\u0131n\u0131 ve verimliliklerini art\u0131rmay\u0131 ayn\u0131 zamanda daha g\u00fcvenli ve \u00e7al\u0131\u015fanlar\u0131m\u0131z\u0131n mutlu oldu\u011fu bir i\u015f ortam\u0131 yaratmay\u0131 ama\u00e7layan pek \u00e7ok giri\u015fim var. \u00d6rne\u011fin iki ayda bir t\u00fcm fabrika \u00e7al\u0131\u015fanlar\u0131 ile merkezden \u00fcst d\u00fczey y\u00f6neticilerimizin kat\u0131ld\u0131\u011f\u0131 Fabrika \u0130leti\u015fim Toplant\u0131lar\u0131 yap\u0131yoruz. Bu toplant\u0131larda \u00e7al\u0131\u015fanlar\u0131m\u0131z\u0131n \u015firketin hedefleri konusunda s\u00fcrekli bilgilendirerek bu hedeflere ba\u011fl\u0131l\u0131\u011f\u0131 ve motivasyonu art\u0131rmay\u0131 ama\u00e7l\u0131yoruz. Global bir firma olan Nestl&eacute;&rsquo;nin d\u00fcnya \u00e7ap\u0131ndaki deneyimlerinden de s\u0131k s\u0131k faydalan\u0131yoruz. Ge\u00e7ti\u011fimiz aylarda d\u00fcnyadaki di\u011fer Nestl&eacute;&rsquo;lerde ba\u015far\u0131yla uygulanm\u0131\u015f Davran\u0131\u015f Odakl\u0131 \u0130\u015f G\u00fcvenli\u011fi Sistemi fabrikam\u0131zda faaliyete ge\u00e7irilerek t\u00fcm fabrika \u00e7al\u0131\u015fanlar\u0131m\u0131za uygulamal\u0131 e\u011fitimler verildi. Benzer \u015fekilde \u00fcretimle ilgili konularda \u015firketimizin d\u00fczenledi\u011fi uluslararas\u0131 kat\u0131l\u0131ml\u0131 \u00e7al\u0131\u015ftaylar da \u00e7al\u0131\u015fanlar\u0131m\u0131z\u0131n bilgi ve deneyimlerinin artmas\u0131nda \u00f6nemli rol oynuyor. Bunun yan\u0131nda fabrikadaki i\u015fe al\u0131m, kariyer planlama, personel \/ idari i\u015fler fonksiyonlar\u0131 da merkezle koordineli olarak y\u00fcr\u00fct\u00fcl\u00fcyor.<\/span><\/div>\n<div><strong><span style=\"font-size: 8.5pt; color: black\"><br \/>Kariyer.net&rsquo;ten nas\u0131l faydalan\u0131yorsunuz? G\u00f6r\u00fc\u015flerinizi alabilir miyiz?<\/span><\/strong><span style=\"font-size: 8.5pt; color: black\"><br \/>Kariyer.net&rsquo;in \u015firketimize sundu\u011fu servis \u00e7er\u00e7evesinde eleman ihtiyac\u0131m\u0131z oldu\u011funda ilan yay\u0131nl\u0131yor, online ba\u015fvurular\u0131 veri taban\u0131nda sakl\u0131yor, uygun \u00f6zge\u00e7mi\u015fleri belirlemek \u00fczere veri taban\u0131nda arama yapabiliyor, t\u00fcm cevaplama i\u015flemlerini otomatik olarak ger\u00e7ekle\u015ftiriyoruz. Bu entegre sistem sayesinde se\u00e7me ve yerle\u015ftirme s\u00fcrecimizin \u00f6nemli \u00f6l\u00e7\u00fcde h\u0131zland\u0131\u011f\u0131n\u0131 ve etkinli\u011finin art\u0131\u011f\u0131n\u0131 s\u00f6yleyebilirim. Bana kal\u0131rsa Kariyer.net \u015fu an T\u00fcrkiye&rsquo;de aday portf\u00f6y\u00fc hizmeti sunan en g\u00fc\u00e7l\u00fc ara\u00e7.<\/span><\/div>\n<div style=\"margin-bottom: 12pt\"><strong><span style=\"font-size: 8.5pt; color: black\"><br \/>Gen\u00e7lere kariyer planlamalar\u0131nda \u00f6nerileriniz neler?<\/span><\/strong><span style=\"font-size: 8.5pt; color: black\"><br \/>Gen\u00e7 arkada\u015flar\u0131m\u0131za e\u011fitimleri s\u0131ras\u0131nda sadece akademik bilgiye odaklanmay\u0131p, ki\u015fisel yetkinliklerini geli\u015ftirmek konusunda da zaman harcamalar\u0131n\u0131 tavsiye ediyorum. Bu \u00e7abalar\u0131n\u0131n ileride i\u015f ya\u015fam\u0131nda, g\u00fc\u00e7l\u00fc ileti\u015fim potansiyeli olarak kendilerini destekleyece\u011fine inan\u0131yorum.<\/span><\/div>\n<div style=\"margin: 0cm 0cm 10pt\">&nbsp;<\/div>\n<p><\/span><\/span><\/strong><\/div>\n<!-- templates\/buttons-placeholder.php -->\n<div class=\"da-reactions-outer TpostID1767\">\n\t    <div class=\"da-reactions-data da-reactions-container-async center\"\n         data-type=\"post\"\n         data-id=\"1767\"\n         id=\"da-reactions-slot-post-1767\">\n        <div class=\"da-reactions-static\">\n\t\t\t<img src=\"https:\/\/www.kariyer.net\/kariyer-rehberi\/wp-content\/plugins\/da-reactions\/assets\/dist\/loading.svg\" alt=\"Loading spinner\" width=\"48\" height=\"48\" style=\"width:48px\" \/>\n        <\/div>\n    <\/div>\n<\/div>\n","protected":false},"excerpt":{"rendered":"<p>Nestl&eacute; kahveden \u00e7orba ve bulyonlara, \u00e7ikolatadan suya, kahvalt\u0131l\u0131k gevreklerden bebek beslenmesine kadar g\u0131dan\u0131n pek \u00e7ok kategorisinde NESCAF&Eacute;&reg;, MAGGI, NESQUIK gibi d\u00fcnyaca \u00fcnl\u00fc markalar\u0131yla faaliyet g\u00f6steriyor. Nestle T\u00fcrkiye G\u0131da San. A\u015e Karacabey Fabrika M\u00fcd\u00fcr\u00fc Veyis \u00d6zt\u00fcrk sorular\u0131m\u0131z\u0131 yan\u0131tlad\u0131. K\u0131saca kendinizi tan\u0131tabilir misiniz?Uluda\u011f \u00dcniversitesi G\u0131da M\u00fchendisli\u011fi mezunuyum. Lisans e\u011fitiminin ard\u0131ndan \u0130ngiltere ve Amerika&rsquo;da e\u011fitim ald\u0131m. Farkl\u0131 sekt\u00f6r [&hellip;]<\/p>\n<!-- templates\/buttons-placeholder.php -->\n<div class=\"da-reactions-outer TpostID1767\">\n\t    <div class=\"da-reactions-data da-reactions-container-async center\"\n         data-type=\"post\"\n         data-id=\"1767\"\n         id=\"da-reactions-slot-post-1767\">\n        <div class=\"da-reactions-static\">\n\t\t\t<img src=\"https:\/\/www.kariyer.net\/kariyer-rehberi\/wp-content\/plugins\/da-reactions\/assets\/dist\/loading.svg\" alt=\"Loading spinner\" width=\"48\" height=\"48\" style=\"width:48px\" \/>\n        <\/div>\n    <\/div>\n<\/div>\n","protected":false},"author":8,"featured_media":0,"comment_status":"open","ping_status":"open","sticky":false,"template":"","format":"standard","meta":{"footnotes":"","_elementor_edit_mode":"","_elementor_template_type":"","_elementor_data":"","_elementor_page_settings":null,"_elementor_conditions":[]},"categories":[46,2211],"tags":[],"class_list":{"0":"post-1767","1":"post","2":"type-post","3":"status-publish","4":"format-standard","6":"category-is-hayati","7":"category-kariyer-gelisimi"},"yoast_head":"<!-- This site is optimized with the Yoast SEO Premium plugin v21.4 (Yoast SEO v27.0) - https:\/\/yoast.com\/product\/yoast-seo-premium-wordpress\/ -->\n<title>Nestle T\u00fcrkiye G\u0131da San. A\u015e Karacabey Fabrika M\u00fcd\u00fcr\u00fc &#039;Veyis \u00d6zt\u00fcrk&#039; | Kariyer Rehberi<\/title>\n<meta name=\"description\" content=\"Nestl&eacute; kahveden \u00e7orba ve bulyonlara, \u00e7ikolatadan suya, kahvalt\u0131l\u0131k gevreklerden bebek beslenmesine kadar g\u0131dan\u0131n pek \u00e7ok kategorisinde\" \/>\n<meta name=\"robots\" content=\"index, follow, max-snippet:-1, max-image-preview:large, max-video-preview:-1\" \/>\n<link rel=\"canonical\" href=\"https:\/\/www.kariyer.net\/kariyer-rehberi\/nestle-turkiye-gida-san-as-karacabey-fabrika-muduru-veyis-ozturk\/\" \/>\n<meta property=\"og:locale\" content=\"tr_TR\" \/>\n<meta property=\"og:type\" content=\"article\" \/>\n<meta property=\"og:title\" content=\"Nestle T\u00fcrkiye G\u0131da San. A\u015e Karacabey Fabrika M\u00fcd\u00fcr\u00fc &#039;Veyis \u00d6zt\u00fcrk&#039;\" \/>\n<meta property=\"og:description\" content=\"Nestl&eacute; kahveden \u00e7orba ve bulyonlara, \u00e7ikolatadan suya, kahvalt\u0131l\u0131k gevreklerden bebek beslenmesine kadar g\u0131dan\u0131n pek \u00e7ok kategorisinde\" \/>\n<meta property=\"og:url\" content=\"https:\/\/www.kariyer.net\/kariyer-rehberi\/nestle-turkiye-gida-san-as-karacabey-fabrika-muduru-veyis-ozturk\/\" \/>\n<meta property=\"og:site_name\" content=\"Kariyer Rehberi\" \/>\n<meta property=\"article:published_time\" content=\"2007-12-06T00:00:00+00:00\" \/>\n<meta property=\"article:modified_time\" content=\"2024-07-03T12:04:56+00:00\" \/>\n<meta name=\"author\" content=\"Kariyer.net\" \/>\n<meta name=\"twitter:card\" content=\"summary_large_image\" \/>\n<meta name=\"twitter:label1\" content=\"Yazan:\" \/>\n\t<meta name=\"twitter:data1\" content=\"Kariyer.net\" \/>\n\t<meta name=\"twitter:label2\" content=\"Tahmini okuma s\u00fcresi\" \/>\n\t<meta name=\"twitter:data2\" content=\"6 dakika\" \/>\n<!-- \/ Yoast SEO Premium plugin. -->","yoast_head_json":{"title":"Nestle T\u00fcrkiye G\u0131da San. A\u015e Karacabey Fabrika M\u00fcd\u00fcr\u00fc 'Veyis \u00d6zt\u00fcrk' | Kariyer Rehberi","description":"Nestl&eacute; kahveden \u00e7orba ve bulyonlara, \u00e7ikolatadan suya, kahvalt\u0131l\u0131k gevreklerden bebek beslenmesine kadar g\u0131dan\u0131n pek \u00e7ok kategorisinde","robots":{"index":"index","follow":"follow","max-snippet":"max-snippet:-1","max-image-preview":"max-image-preview:large","max-video-preview":"max-video-preview:-1"},"canonical":"https:\/\/www.kariyer.net\/kariyer-rehberi\/nestle-turkiye-gida-san-as-karacabey-fabrika-muduru-veyis-ozturk\/","og_locale":"tr_TR","og_type":"article","og_title":"Nestle T\u00fcrkiye G\u0131da San. A\u015e Karacabey Fabrika M\u00fcd\u00fcr\u00fc 'Veyis \u00d6zt\u00fcrk'","og_description":"Nestl&eacute; kahveden \u00e7orba ve bulyonlara, \u00e7ikolatadan suya, kahvalt\u0131l\u0131k gevreklerden bebek beslenmesine kadar g\u0131dan\u0131n pek \u00e7ok kategorisinde","og_url":"https:\/\/www.kariyer.net\/kariyer-rehberi\/nestle-turkiye-gida-san-as-karacabey-fabrika-muduru-veyis-ozturk\/","og_site_name":"Kariyer Rehberi","article_published_time":"2007-12-06T00:00:00+00:00","article_modified_time":"2024-07-03T12:04:56+00:00","author":"Kariyer.net","twitter_card":"summary_large_image","twitter_misc":{"Yazan:":"Kariyer.net","Tahmini okuma s\u00fcresi":"6 dakika"},"schema":{"@context":"https:\/\/schema.org","@graph":[{"@type":"Article","@id":"https:\/\/www.kariyer.net\/kariyer-rehberi\/nestle-turkiye-gida-san-as-karacabey-fabrika-muduru-veyis-ozturk\/#article","isPartOf":{"@id":"https:\/\/www.kariyer.net\/kariyer-rehberi\/nestle-turkiye-gida-san-as-karacabey-fabrika-muduru-veyis-ozturk\/"},"author":{"name":"Kariyer.net","@id":"https:\/\/www.kariyer.net\/kariyer-rehberi\/#\/schema\/person\/eb36201afd42c03bc83b82060447b2c9"},"headline":"Nestle T\u00fcrkiye G\u0131da San. A\u015e Karacabey Fabrika M\u00fcd\u00fcr\u00fc &#8216;Veyis \u00d6zt\u00fcrk&#8217;","datePublished":"2007-12-06T00:00:00+00:00","dateModified":"2024-07-03T12:04:56+00:00","mainEntityOfPage":{"@id":"https:\/\/www.kariyer.net\/kariyer-rehberi\/nestle-turkiye-gida-san-as-karacabey-fabrika-muduru-veyis-ozturk\/"},"wordCount":1237,"commentCount":0,"publisher":{"@id":"https:\/\/www.kariyer.net\/kariyer-rehberi\/#organization"},"articleSection":["\u0130\u015f Hayat\u0131","Kariyer Geli\u015fimi"],"inLanguage":"tr","potentialAction":[{"@type":"CommentAction","name":"Comment","target":["https:\/\/www.kariyer.net\/kariyer-rehberi\/nestle-turkiye-gida-san-as-karacabey-fabrika-muduru-veyis-ozturk\/#respond"]}]},{"@type":"WebPage","@id":"https:\/\/www.kariyer.net\/kariyer-rehberi\/nestle-turkiye-gida-san-as-karacabey-fabrika-muduru-veyis-ozturk\/","url":"https:\/\/www.kariyer.net\/kariyer-rehberi\/nestle-turkiye-gida-san-as-karacabey-fabrika-muduru-veyis-ozturk\/","name":"Nestle T\u00fcrkiye G\u0131da San. A\u015e Karacabey Fabrika M\u00fcd\u00fcr\u00fc 'Veyis \u00d6zt\u00fcrk' | Kariyer Rehberi","isPartOf":{"@id":"https:\/\/www.kariyer.net\/kariyer-rehberi\/#website"},"datePublished":"2007-12-06T00:00:00+00:00","dateModified":"2024-07-03T12:04:56+00:00","description":"Nestl&eacute; kahveden \u00e7orba ve bulyonlara, \u00e7ikolatadan suya, kahvalt\u0131l\u0131k gevreklerden bebek beslenmesine kadar g\u0131dan\u0131n pek \u00e7ok kategorisinde","breadcrumb":{"@id":"https:\/\/www.kariyer.net\/kariyer-rehberi\/nestle-turkiye-gida-san-as-karacabey-fabrika-muduru-veyis-ozturk\/#breadcrumb"},"inLanguage":"tr","potentialAction":[{"@type":"ReadAction","target":["https:\/\/www.kariyer.net\/kariyer-rehberi\/nestle-turkiye-gida-san-as-karacabey-fabrika-muduru-veyis-ozturk\/"]}]},{"@type":"BreadcrumbList","@id":"https:\/\/www.kariyer.net\/kariyer-rehberi\/nestle-turkiye-gida-san-as-karacabey-fabrika-muduru-veyis-ozturk\/#breadcrumb","itemListElement":[{"@type":"ListItem","position":1,"name":"Anasayfa","item":"https:\/\/www.kariyer.net\/kariyer-rehberi\/"},{"@type":"ListItem","position":2,"name":"Nestle T\u00fcrkiye G\u0131da San. A\u015e Karacabey Fabrika M\u00fcd\u00fcr\u00fc &#8216;Veyis \u00d6zt\u00fcrk&#8217;"}]},{"@type":"WebSite","@id":"https:\/\/www.kariyer.net\/kariyer-rehberi\/#website","url":"https:\/\/www.kariyer.net\/kariyer-rehberi\/","name":"Kariyer Rehberi","description":"\u0130\u015f D\u00fcnyas\u0131yla \u0130lgili Bilmek \u0130stedi\u011finiz Her \u015eey","publisher":{"@id":"https:\/\/www.kariyer.net\/kariyer-rehberi\/#organization"},"potentialAction":[{"@type":"SearchAction","target":{"@type":"EntryPoint","urlTemplate":"https:\/\/www.kariyer.net\/kariyer-rehberi\/?s={search_term_string}"},"query-input":{"@type":"PropertyValueSpecification","valueRequired":true,"valueName":"search_term_string"}}],"inLanguage":"tr"},{"@type":"Organization","@id":"https:\/\/www.kariyer.net\/kariyer-rehberi\/#organization","name":"Kariyer.net","url":"https:\/\/www.kariyer.net\/kariyer-rehberi\/","logo":{"@type":"ImageObject","inLanguage":"tr","@id":"https:\/\/www.kariyer.net\/kariyer-rehberi\/#\/schema\/logo\/image\/","url":"https:\/\/www.kariyer.net\/kariyer-rehberi-new\/wp-content\/uploads\/2023\/01\/og-image11.jpg","contentUrl":"https:\/\/www.kariyer.net\/kariyer-rehberi-new\/wp-content\/uploads\/2023\/01\/og-image11.jpg","width":800,"height":800,"caption":"Kariyer.net"},"image":{"@id":"https:\/\/www.kariyer.net\/kariyer-rehberi\/#\/schema\/logo\/image\/"}},{"@type":"Person","@id":"https:\/\/www.kariyer.net\/kariyer-rehberi\/#\/schema\/person\/eb36201afd42c03bc83b82060447b2c9","name":"Kariyer.net","image":{"@type":"ImageObject","inLanguage":"tr","@id":"https:\/\/www.kariyer.net\/kariyer-rehberi\/#\/schema\/person\/image\/","url":"https:\/\/secure.gravatar.com\/avatar\/ddce3ac68cb52fb2ae004bcee334e49ccc6361fefd68c5f6f4d2a86630c28b2e?s=96&d=mm&r=g","contentUrl":"https:\/\/secure.gravatar.com\/avatar\/ddce3ac68cb52fb2ae004bcee334e49ccc6361fefd68c5f6f4d2a86630c28b2e?s=96&d=mm&r=g","caption":"Kariyer.net"},"url":"https:\/\/www.kariyer.net\/kariyer-rehberi\/author\/kariyer-net\/"}]}},"_links":{"self":[{"href":"https:\/\/www.kariyer.net\/kariyer-rehberi\/wp-json\/wp\/v2\/posts\/1767","targetHints":{"allow":["GET"]}}],"collection":[{"href":"https:\/\/www.kariyer.net\/kariyer-rehberi\/wp-json\/wp\/v2\/posts"}],"about":[{"href":"https:\/\/www.kariyer.net\/kariyer-rehberi\/wp-json\/wp\/v2\/types\/post"}],"author":[{"embeddable":true,"href":"https:\/\/www.kariyer.net\/kariyer-rehberi\/wp-json\/wp\/v2\/users\/8"}],"replies":[{"embeddable":true,"href":"https:\/\/www.kariyer.net\/kariyer-rehberi\/wp-json\/wp\/v2\/comments?post=1767"}],"version-history":[{"count":1,"href":"https:\/\/www.kariyer.net\/kariyer-rehberi\/wp-json\/wp\/v2\/posts\/1767\/revisions"}],"predecessor-version":[{"id":19093,"href":"https:\/\/www.kariyer.net\/kariyer-rehberi\/wp-json\/wp\/v2\/posts\/1767\/revisions\/19093"}],"wp:attachment":[{"href":"https:\/\/www.kariyer.net\/kariyer-rehberi\/wp-json\/wp\/v2\/media?parent=1767"}],"wp:term":[{"taxonomy":"category","embeddable":true,"href":"https:\/\/www.kariyer.net\/kariyer-rehberi\/wp-json\/wp\/v2\/categories?post=1767"},{"taxonomy":"post_tag","embeddable":true,"href":"https:\/\/www.kariyer.net\/kariyer-rehberi\/wp-json\/wp\/v2\/tags?post=1767"}],"curies":[{"name":"wp","href":"https:\/\/api.w.org\/{rel}","templated":true}]}}