{"id":17739,"date":"2023-10-25T10:22:34","date_gmt":"2023-10-25T07:22:34","guid":{"rendered":"https:\/\/www.kariyer.net\/kariyer-rehberi\/?p=17739"},"modified":"2024-07-03T14:49:49","modified_gmt":"2024-07-03T11:49:49","slug":"cumhuriyetimizin-100-yilina-ozel-istihdam-seferberligini-baslatiyoruz","status":"publish","type":"post","link":"https:\/\/www.kariyer.net\/kariyer-rehberi\/cumhuriyetimizin-100-yilina-ozel-istihdam-seferberligini-baslatiyoruz\/","title":{"rendered":"Cumhuriyetimizin 100. y\u0131l\u0131na \u00f6zel istihdam seferberli\u011fini ba\u015flat\u0131yoruz!"},"content":{"rendered":"<p><b><span data-contrast=\"auto\">Kariyer.net olarak T\u00fcrkiye Cumhuriyeti&#8217;nin 100. y\u0131l\u0131n\u0131 b\u00fcy\u00fck bir gurur ve co\u015fkuyla kutluyoruz. 100 y\u0131l \u00f6nce oldu\u011fu gibi bug\u00fcn de gen\u00e7 nesillerin T\u00fcrkiye&#8217;nin gelece\u011fini \u015fekillendirece\u011fine inan\u0131yoruz. \u202fBu inan\u00e7la, gelece\u011fin liderleri olacak gen\u00e7leri desteklemek i\u00e7in yeni bir istihdam seferberli\u011fi ba\u015flat\u0131yoruz.<\/span><\/b><span data-ccp-props=\"{&quot;134233117&quot;:true,&quot;134233118&quot;:true,&quot;201341983&quot;:0,&quot;335559739&quot;:160,&quot;335559740&quot;:240}\">\u00a0<\/span><\/p>\n<h2><b><span data-contrast=\"auto\">100. Y\u0131l \u0130stihdam Seferberli\u011fi<\/span><\/b><\/h2>\n<p><span data-contrast=\"auto\">T\u00fcrkiye Cumhuriyeti&#8217;nin 100. y\u0131l\u0131n\u0131 gururla kutlarken, gelece\u011fimiz olan gen\u00e7leri desteklemek i\u00e7in bir ad\u0131m da biz atmak istedik. Bu ama\u00e7la hayata ge\u00e7irdi\u011fimiz <\/span><b><span data-contrast=\"auto\">&#8220;100. Y\u0131l \u0130stihdam Seferberli\u011fi&#8221;<\/span><\/b><span data-contrast=\"auto\"> projesiyle; gen\u00e7lerimizin gelece\u011fin i\u015f d\u00fcnyas\u0131nda ihtiya\u00e7 duyacaklar\u0131 yetkinlikleri kazanmalar\u0131na, kariyerlerini sa\u011flam ad\u0131mlarla \u015fekillendirmelerine yard\u0131mc\u0131 olmay\u0131 hedefliyoruz.<\/span><span data-ccp-props=\"{&quot;134233117&quot;:true,&quot;134233118&quot;:true,&quot;201341983&quot;:0,&quot;335559739&quot;:160,&quot;335559740&quot;:240}\">\u00a0<\/span><\/p>\n<h2><b><span data-contrast=\"auto\">Neler yap\u0131yoruz?<\/span><\/b><span data-ccp-props=\"{&quot;134233117&quot;:true,&quot;134233118&quot;:true,&quot;201341983&quot;:0,&quot;335559739&quot;:160,&quot;335559740&quot;:240}\">\u00a0<\/span><\/h2>\n<h3><b><span data-contrast=\"auto\">Gelece\u011fin yetkinlikleri e\u011fitimleri<\/span><\/b><span data-ccp-props=\"{&quot;134233117&quot;:true,&quot;134233118&quot;:true,&quot;201341983&quot;:0,&quot;335559739&quot;:160,&quot;335559740&quot;:240}\">\u00a0<\/span><\/h3>\n<p><span data-contrast=\"auto\">G\u00fcn\u00fcm\u00fcz i\u015f d\u00fcnyas\u0131nda, ba\u015far\u0131l\u0131 olabilmek i\u00e7in art\u0131k farkl\u0131 bir\u00e7ok \u00f6zelli\u011fe ve yetkinli\u011fe sahip olmak gerekiyor. H\u0131zla geli\u015fen teknoloji i\u015f s\u00fcre\u00e7lerini ve i\u015f yap\u0131\u015f \u015fekillerini de\u011fi\u015ftiriyor. Gelecekte ihtiya\u00e7 duyulacak yetkinleri bilmek\/edinmek art\u0131k \u00e7ok \u00f6nemli. Biz de bu ama\u00e7la gelece\u011fin yetkinliklerini gen\u00e7lere kazand\u0131rmak i\u00e7in bir <strong><a href=\"https:\/\/tr.kariyer.net\/100yil-istihdam-yetkinlik-egitim\/\" target=\"_blank\" rel=\"noopener\">e\u011fitim program\u0131<\/a><\/strong> planlad\u0131k. Bu kapsamda; e\u011fitimlerimize, sosyal medya yay\u0131nlar\u0131m\u0131za kat\u0131lanlar, kendilerini geli\u015ftirme f\u0131rsat\u0131 bulurken, hayallerindeki kariyer f\u0131rsat\u0131n\u0131 yakalama \u015fans\u0131n\u0131 da artt\u0131rabilecek.<\/span><span data-ccp-props=\"{&quot;134233117&quot;:true,&quot;134233118&quot;:true,&quot;201341983&quot;:0,&quot;335559739&quot;:160,&quot;335559740&quot;:240}\">\u00a0<\/span><\/p>\n<h3><b><span data-contrast=\"auto\">Dijital yeteneklere \u00f6zel e\u011fitim<\/span><\/b><span data-ccp-props=\"{&quot;134233117&quot;:true,&quot;134233118&quot;:true,&quot;201341983&quot;:0,&quot;335559739&quot;:160,&quot;335559740&quot;:240}\">\u00a0<\/span><\/h3>\n<p><span data-contrast=\"auto\">Teknoloji kariyeri platformumuz <\/span><a href=\"https:\/\/www.techcareer.net\/\"><span data-contrast=\"none\">Techcareer.net<\/span><\/a><span data-contrast=\"auto\"> liderli\u011finde; farkl\u0131 yaz\u0131l\u0131m dillerinde 4 bootcamp d\u00fczenleyerek, 100 dijital yetene\u011fe \u00fccretsiz yaz\u0131l\u0131m e\u011fitimi verece\u011fiz. Ayr\u0131ca 100 ki\u015fi 2 farkl\u0131 workshop&#8217;a kat\u0131l\u0131m hakk\u0131 kazanacak ve dereceye girenler \u00f6d\u00fcllendirilecek. A\u00e7\u0131lacak 2 bootcamp ise yaln\u0131zca kad\u0131nlara \u00f6zel olacak.<\/span><\/p>\n<p><a href=\"https:\/\/tr.kariyer.net\/100yil-istihdam-seferberligi-ana-sayfa\/?utm_source=rehber&amp;utm_medium=icerik&amp;utm_campaign=100.yilistihdamseferberligi\"><img fetchpriority=\"high\" decoding=\"async\" class=\"alignnone size-full wp-image-17751\" src=\"https:\/\/www.kariyer.net\/kariyer-rehberi\/wp-content\/uploads\/2023\/10\/100.yil_istihdam_seferberlik.png\" alt=\"\" width=\"1024\" height=\"512\" srcset=\"https:\/\/www.kariyer.net\/kariyer-rehberi\/wp-content\/uploads\/2023\/10\/100.yil_istihdam_seferberlik.png 1024w, https:\/\/www.kariyer.net\/kariyer-rehberi\/wp-content\/uploads\/2023\/10\/100.yil_istihdam_seferberlik-300x150.png 300w, https:\/\/www.kariyer.net\/kariyer-rehberi\/wp-content\/uploads\/2023\/10\/100.yil_istihdam_seferberlik-768x384.png 768w, https:\/\/www.kariyer.net\/kariyer-rehberi\/wp-content\/uploads\/2023\/10\/100.yil_istihdam_seferberlik-696x348.png 696w, https:\/\/www.kariyer.net\/kariyer-rehberi\/wp-content\/uploads\/2023\/10\/100.yil_istihdam_seferberlik-840x420.png 840w\" sizes=\"(max-width: 1024px) 100vw, 1024px\" \/><\/a><\/p>\n<h3><b><span data-contrast=\"auto\">100. Y\u0131l \u0130stihdam Seferberli\u011fi Fuar\u0131<\/span><\/b><\/h3>\n<p><span data-contrast=\"auto\">Gelece\u011fin yeteneklerini i\u015fverenlerle bulu\u015fturmak i\u00e7in <\/span><b><span data-contrast=\"auto\">9 Kas\u0131m&#8217;da<\/span><\/b><span data-contrast=\"auto\"> ilk <strong><a href=\"https:\/\/tr.kariyer.net\/100yil-istihdam-fuari\/\" target=\"_blank\" rel=\"noopener\">online fuar\u0131m\u0131z\u0131<\/a><\/strong> ger\u00e7ekle\u015ftirece\u011fiz. Fuarda her i\u015fveren kendi stand\u0131nda gen\u00e7 yeteneklerle bulu\u015fmak i\u00e7in haz\u0131r olacak. Kat\u0131l\u0131mc\u0131lar, i\u015fverenlerle bire bir g\u00f6r\u00fc\u015fme imkan\u0131 bularak, hem sorular\u0131na yan\u0131t bulacak hem de kariyer f\u0131rsatlar\u0131 hakk\u0131nda bilgi sahibi olacak.<\/span><span data-ccp-props=\"{&quot;134233117&quot;:true,&quot;134233118&quot;:true,&quot;201341983&quot;:0,&quot;335559739&quot;:160,&quot;335559740&quot;:240}\">\u00a0<\/span><\/p>\n<p><span data-contrast=\"auto\">Kariyer.net olarak her zaman zorlu kariyer yolculu\u011funun her an\u0131nda gen\u00e7lere rehberlik etmek i\u00e7in buraday\u0131z!<\/span><span data-ccp-props=\"{&quot;201341983&quot;:0,&quot;335559739&quot;:0,&quot;335559740&quot;:240}\">\u00a0<\/span><\/p>\n<p><span data-ccp-props=\"{&quot;201341983&quot;:0,&quot;335559739&quot;:0,&quot;335559740&quot;:240}\">100. <\/span><span data-contrast=\"auto\">Y\u0131l \u0130stihdam Seferberli\u011fi projemizin detaylar\u0131n\u0131 incelemek i\u00e7in <\/span><a href=\"https:\/\/tr.kariyer.net\/100yil-istihdam-seferberligi-ana-sayfa\/?utm_source=rehber&amp;utm_medium=icerik&amp;utm_campaign=100.yilistihdamseferberligi\"><b><span data-contrast=\"none\">buraya<\/span><\/b><\/a><span data-contrast=\"auto\"> t\u0131klayabilirsin.<\/span><\/p>\n<!-- templates\/buttons-placeholder.php -->\n<div class=\"da-reactions-outer TpostID17739\">\n\t    <div class=\"da-reactions-data da-reactions-container-async center\"\n         data-type=\"post\"\n         data-id=\"17739\"\n         id=\"da-reactions-slot-post-17739\">\n        <div class=\"da-reactions-static\">\n\t\t\t<img src=\"https:\/\/www.kariyer.net\/kariyer-rehberi\/wp-content\/plugins\/da-reactions\/assets\/dist\/loading.svg\" alt=\"Loading spinner\" width=\"48\" height=\"48\" style=\"width:48px\" \/>\n        <\/div>\n    <\/div>\n<\/div>\n","protected":false},"excerpt":{"rendered":"<p>Kariyer.net olarak T\u00fcrkiye Cumhuriyeti&#8217;nin 100. y\u0131l\u0131n\u0131 b\u00fcy\u00fck bir gurur ve co\u015fkuyla kutluyoruz. 100 y\u0131l \u00f6nce oldu\u011fu gibi bug\u00fcn de gen\u00e7 nesillerin T\u00fcrkiye&#8217;nin gelece\u011fini \u015fekillendirece\u011fine inan\u0131yoruz. \u202fBu inan\u00e7la, gelece\u011fin liderleri olacak gen\u00e7leri desteklemek i\u00e7in yeni bir istihdam seferberli\u011fi ba\u015flat\u0131yoruz.\u00a0 100. Y\u0131l \u0130stihdam Seferberli\u011fi T\u00fcrkiye Cumhuriyeti&#8217;nin 100. y\u0131l\u0131n\u0131 gururla kutlarken, gelece\u011fimiz olan gen\u00e7leri desteklemek i\u00e7in bir ad\u0131m [&hellip;]<\/p>\n<!-- templates\/buttons-placeholder.php -->\n<div class=\"da-reactions-outer TpostID17739\">\n\t    <div class=\"da-reactions-data da-reactions-container-async center\"\n         data-type=\"post\"\n         data-id=\"17739\"\n         id=\"da-reactions-slot-post-17739\">\n        <div class=\"da-reactions-static\">\n\t\t\t<img src=\"https:\/\/www.kariyer.net\/kariyer-rehberi\/wp-content\/plugins\/da-reactions\/assets\/dist\/loading.svg\" alt=\"Loading spinner\" width=\"48\" height=\"48\" style=\"width:48px\" \/>\n        <\/div>\n    <\/div>\n<\/div>\n","protected":false},"author":12,"featured_media":17760,"comment_status":"closed","ping_status":"open","sticky":false,"template":"","format":"standard","meta":{"footnotes":"","_elementor_edit_mode":"","_elementor_template_type":"","_elementor_data":"","_elementor_page_settings":null,"_elementor_conditions":[]},"categories":[2203],"tags":[2192],"class_list":{"0":"post-17739","1":"post","2":"type-post","3":"status-publish","4":"format-standard","5":"has-post-thumbnail","7":"category-haberler-duyurular","8":"tag-100-yil-istihdam-seferberligi"},"yoast_head":"<!-- This site is optimized with the Yoast SEO Premium plugin v21.4 (Yoast SEO v27.0) - https:\/\/yoast.com\/product\/yoast-seo-premium-wordpress\/ -->\n<title>100. Y\u0131l \u0130stihdam Seferberli\u011fi<\/title>\n<meta name=\"description\" content=\"T\u00fcrkiye Cumhuriyeti&#039;nin 100. y\u0131l\u0131n\u0131 b\u00fcy\u00fck bir gurur ve co\u015fkuyla kutluyor, 100. Y\u0131l \u0130stihdam Seferberli\u011fi&#039;ni ba\u015flat\u0131yoruz!\" \/>\n<meta name=\"robots\" content=\"index, follow, max-snippet:-1, max-image-preview:large, max-video-preview:-1\" \/>\n<link rel=\"canonical\" href=\"https:\/\/www.kariyer.net\/kariyer-rehberi\/cumhuriyetimizin-100-yilina-ozel-istihdam-seferberligini-baslatiyoruz\/\" \/>\n<meta property=\"og:locale\" content=\"tr_TR\" \/>\n<meta property=\"og:type\" content=\"article\" \/>\n<meta property=\"og:title\" content=\"Cumhuriyetimizin 100. y\u0131l\u0131na \u00f6zel istihdam seferberli\u011fini ba\u015flat\u0131yoruz!\" \/>\n<meta property=\"og:description\" content=\"Kariyer.net olarak T\u00fcrkiye Cumhuriyeti&#039;nin 100. y\u0131l\u0131n\u0131 b\u00fcy\u00fck bir gurur ve co\u015fkuyla kutluyoruz. 100 y\u0131l \u00f6nce oldu\u011fu gibi bug\u00fcn de gen\u00e7 nesillerin\" \/>\n<meta property=\"og:url\" content=\"https:\/\/www.kariyer.net\/kariyer-rehberi\/cumhuriyetimizin-100-yilina-ozel-istihdam-seferberligini-baslatiyoruz\/\" \/>\n<meta property=\"og:site_name\" content=\"Kariyer Rehberi\" \/>\n<meta property=\"article:published_time\" content=\"2023-10-25T07:22:34+00:00\" \/>\n<meta property=\"article:modified_time\" content=\"2024-07-03T11:49:49+00:00\" \/>\n<meta property=\"og:image\" content=\"https:\/\/www.kariyer.net\/kariyer-rehberi\/wp-content\/uploads\/2023\/10\/istihdam_seferberligi-1.png\" \/>\n\t<meta property=\"og:image:width\" content=\"900\" \/>\n\t<meta property=\"og:image:height\" content=\"600\" \/>\n\t<meta property=\"og:image:type\" content=\"image\/png\" \/>\n<meta name=\"author\" content=\"Edit\u00f6r\" \/>\n<meta name=\"twitter:card\" content=\"summary_large_image\" \/>\n<meta name=\"twitter:label1\" content=\"Yazan:\" \/>\n\t<meta name=\"twitter:data1\" content=\"Edit\u00f6r\" \/>\n\t<meta name=\"twitter:label2\" content=\"Tahmini okuma s\u00fcresi\" \/>\n\t<meta name=\"twitter:data2\" content=\"2 dakika\" \/>\n<!-- \/ Yoast SEO Premium plugin. -->","yoast_head_json":{"title":"100. Y\u0131l \u0130stihdam Seferberli\u011fi","description":"T\u00fcrkiye Cumhuriyeti'nin 100. y\u0131l\u0131n\u0131 b\u00fcy\u00fck bir gurur ve co\u015fkuyla kutluyor, 100. Y\u0131l \u0130stihdam Seferberli\u011fi'ni ba\u015flat\u0131yoruz!","robots":{"index":"index","follow":"follow","max-snippet":"max-snippet:-1","max-image-preview":"max-image-preview:large","max-video-preview":"max-video-preview:-1"},"canonical":"https:\/\/www.kariyer.net\/kariyer-rehberi\/cumhuriyetimizin-100-yilina-ozel-istihdam-seferberligini-baslatiyoruz\/","og_locale":"tr_TR","og_type":"article","og_title":"Cumhuriyetimizin 100. y\u0131l\u0131na \u00f6zel istihdam seferberli\u011fini ba\u015flat\u0131yoruz!","og_description":"Kariyer.net olarak T\u00fcrkiye Cumhuriyeti'nin 100. y\u0131l\u0131n\u0131 b\u00fcy\u00fck bir gurur ve co\u015fkuyla kutluyoruz. 100 y\u0131l \u00f6nce oldu\u011fu gibi bug\u00fcn de gen\u00e7 nesillerin","og_url":"https:\/\/www.kariyer.net\/kariyer-rehberi\/cumhuriyetimizin-100-yilina-ozel-istihdam-seferberligini-baslatiyoruz\/","og_site_name":"Kariyer Rehberi","article_published_time":"2023-10-25T07:22:34+00:00","article_modified_time":"2024-07-03T11:49:49+00:00","og_image":[{"width":900,"height":600,"url":"https:\/\/www.kariyer.net\/kariyer-rehberi\/wp-content\/uploads\/2023\/10\/istihdam_seferberligi-1.png","type":"image\/png"}],"author":"Edit\u00f6r","twitter_card":"summary_large_image","twitter_misc":{"Yazan:":"Edit\u00f6r","Tahmini okuma s\u00fcresi":"2 dakika"},"schema":{"@context":"https:\/\/schema.org","@graph":[{"@type":"Article","@id":"https:\/\/www.kariyer.net\/kariyer-rehberi\/cumhuriyetimizin-100-yilina-ozel-istihdam-seferberligini-baslatiyoruz\/#article","isPartOf":{"@id":"https:\/\/www.kariyer.net\/kariyer-rehberi\/cumhuriyetimizin-100-yilina-ozel-istihdam-seferberligini-baslatiyoruz\/"},"author":{"name":"Edit\u00f6r","@id":"https:\/\/www.kariyer.net\/kariyer-rehberi\/#\/schema\/person\/94fd6e49c7ff1b1b2565a2cc4fd685dd"},"headline":"Cumhuriyetimizin 100. y\u0131l\u0131na \u00f6zel istihdam seferberli\u011fini ba\u015flat\u0131yoruz!","datePublished":"2023-10-25T07:22:34+00:00","dateModified":"2024-07-03T11:49:49+00:00","mainEntityOfPage":{"@id":"https:\/\/www.kariyer.net\/kariyer-rehberi\/cumhuriyetimizin-100-yilina-ozel-istihdam-seferberligini-baslatiyoruz\/"},"wordCount":409,"publisher":{"@id":"https:\/\/www.kariyer.net\/kariyer-rehberi\/#organization"},"image":{"@id":"https:\/\/www.kariyer.net\/kariyer-rehberi\/cumhuriyetimizin-100-yilina-ozel-istihdam-seferberligini-baslatiyoruz\/#primaryimage"},"thumbnailUrl":"https:\/\/www.kariyer.net\/kariyer-rehberi\/wp-content\/uploads\/2023\/10\/istihdam_seferberligi-1.png","keywords":["100. Y\u0131l \u0130stihdam Seferberli\u011fi"],"articleSection":["Haberler ve Duyurular"],"inLanguage":"tr"},{"@type":"WebPage","@id":"https:\/\/www.kariyer.net\/kariyer-rehberi\/cumhuriyetimizin-100-yilina-ozel-istihdam-seferberligini-baslatiyoruz\/","url":"https:\/\/www.kariyer.net\/kariyer-rehberi\/cumhuriyetimizin-100-yilina-ozel-istihdam-seferberligini-baslatiyoruz\/","name":"100. Y\u0131l \u0130stihdam Seferberli\u011fi","isPartOf":{"@id":"https:\/\/www.kariyer.net\/kariyer-rehberi\/#website"},"primaryImageOfPage":{"@id":"https:\/\/www.kariyer.net\/kariyer-rehberi\/cumhuriyetimizin-100-yilina-ozel-istihdam-seferberligini-baslatiyoruz\/#primaryimage"},"image":{"@id":"https:\/\/www.kariyer.net\/kariyer-rehberi\/cumhuriyetimizin-100-yilina-ozel-istihdam-seferberligini-baslatiyoruz\/#primaryimage"},"thumbnailUrl":"https:\/\/www.kariyer.net\/kariyer-rehberi\/wp-content\/uploads\/2023\/10\/istihdam_seferberligi-1.png","datePublished":"2023-10-25T07:22:34+00:00","dateModified":"2024-07-03T11:49:49+00:00","description":"T\u00fcrkiye Cumhuriyeti'nin 100. y\u0131l\u0131n\u0131 b\u00fcy\u00fck bir gurur ve co\u015fkuyla kutluyor, 100. Y\u0131l \u0130stihdam Seferberli\u011fi'ni ba\u015flat\u0131yoruz!","breadcrumb":{"@id":"https:\/\/www.kariyer.net\/kariyer-rehberi\/cumhuriyetimizin-100-yilina-ozel-istihdam-seferberligini-baslatiyoruz\/#breadcrumb"},"inLanguage":"tr","potentialAction":[{"@type":"ReadAction","target":["https:\/\/www.kariyer.net\/kariyer-rehberi\/cumhuriyetimizin-100-yilina-ozel-istihdam-seferberligini-baslatiyoruz\/"]}]},{"@type":"ImageObject","inLanguage":"tr","@id":"https:\/\/www.kariyer.net\/kariyer-rehberi\/cumhuriyetimizin-100-yilina-ozel-istihdam-seferberligini-baslatiyoruz\/#primaryimage","url":"https:\/\/www.kariyer.net\/kariyer-rehberi\/wp-content\/uploads\/2023\/10\/istihdam_seferberligi-1.png","contentUrl":"https:\/\/www.kariyer.net\/kariyer-rehberi\/wp-content\/uploads\/2023\/10\/istihdam_seferberligi-1.png","width":900,"height":600},{"@type":"BreadcrumbList","@id":"https:\/\/www.kariyer.net\/kariyer-rehberi\/cumhuriyetimizin-100-yilina-ozel-istihdam-seferberligini-baslatiyoruz\/#breadcrumb","itemListElement":[{"@type":"ListItem","position":1,"name":"Anasayfa","item":"https:\/\/www.kariyer.net\/kariyer-rehberi\/"},{"@type":"ListItem","position":2,"name":"Cumhuriyetimizin 100. y\u0131l\u0131na \u00f6zel istihdam seferberli\u011fini ba\u015flat\u0131yoruz!"}]},{"@type":"WebSite","@id":"https:\/\/www.kariyer.net\/kariyer-rehberi\/#website","url":"https:\/\/www.kariyer.net\/kariyer-rehberi\/","name":"Kariyer Rehberi","description":"\u0130\u015f D\u00fcnyas\u0131yla \u0130lgili Bilmek \u0130stedi\u011finiz Her \u015eey","publisher":{"@id":"https:\/\/www.kariyer.net\/kariyer-rehberi\/#organization"},"potentialAction":[{"@type":"SearchAction","target":{"@type":"EntryPoint","urlTemplate":"https:\/\/www.kariyer.net\/kariyer-rehberi\/?s={search_term_string}"},"query-input":{"@type":"PropertyValueSpecification","valueRequired":true,"valueName":"search_term_string"}}],"inLanguage":"tr"},{"@type":"Organization","@id":"https:\/\/www.kariyer.net\/kariyer-rehberi\/#organization","name":"Kariyer.net","url":"https:\/\/www.kariyer.net\/kariyer-rehberi\/","logo":{"@type":"ImageObject","inLanguage":"tr","@id":"https:\/\/www.kariyer.net\/kariyer-rehberi\/#\/schema\/logo\/image\/","url":"https:\/\/www.kariyer.net\/kariyer-rehberi-new\/wp-content\/uploads\/2023\/01\/og-image11.jpg","contentUrl":"https:\/\/www.kariyer.net\/kariyer-rehberi-new\/wp-content\/uploads\/2023\/01\/og-image11.jpg","width":800,"height":800,"caption":"Kariyer.net"},"image":{"@id":"https:\/\/www.kariyer.net\/kariyer-rehberi\/#\/schema\/logo\/image\/"}},{"@type":"Person","@id":"https:\/\/www.kariyer.net\/kariyer-rehberi\/#\/schema\/person\/94fd6e49c7ff1b1b2565a2cc4fd685dd","name":"Edit\u00f6r","image":{"@type":"ImageObject","inLanguage":"tr","@id":"https:\/\/www.kariyer.net\/kariyer-rehberi\/#\/schema\/person\/image\/","url":"https:\/\/secure.gravatar.com\/avatar\/0c4fe6688343aed3693b15573beae12c08ace5565409d5ab7509bf9c115f458d?s=96&d=mm&r=g","contentUrl":"https:\/\/secure.gravatar.com\/avatar\/0c4fe6688343aed3693b15573beae12c08ace5565409d5ab7509bf9c115f458d?s=96&d=mm&r=g","caption":"Edit\u00f6r"},"url":"https:\/\/www.kariyer.net\/kariyer-rehberi\/author\/editor\/"}]}},"_links":{"self":[{"href":"https:\/\/www.kariyer.net\/kariyer-rehberi\/wp-json\/wp\/v2\/posts\/17739","targetHints":{"allow":["GET"]}}],"collection":[{"href":"https:\/\/www.kariyer.net\/kariyer-rehberi\/wp-json\/wp\/v2\/posts"}],"about":[{"href":"https:\/\/www.kariyer.net\/kariyer-rehberi\/wp-json\/wp\/v2\/types\/post"}],"author":[{"embeddable":true,"href":"https:\/\/www.kariyer.net\/kariyer-rehberi\/wp-json\/wp\/v2\/users\/12"}],"replies":[{"embeddable":true,"href":"https:\/\/www.kariyer.net\/kariyer-rehberi\/wp-json\/wp\/v2\/comments?post=17739"}],"version-history":[{"count":1,"href":"https:\/\/www.kariyer.net\/kariyer-rehberi\/wp-json\/wp\/v2\/posts\/17739\/revisions"}],"predecessor-version":[{"id":18493,"href":"https:\/\/www.kariyer.net\/kariyer-rehberi\/wp-json\/wp\/v2\/posts\/17739\/revisions\/18493"}],"wp:featuredmedia":[{"embeddable":true,"href":"https:\/\/www.kariyer.net\/kariyer-rehberi\/wp-json\/wp\/v2\/media\/17760"}],"wp:attachment":[{"href":"https:\/\/www.kariyer.net\/kariyer-rehberi\/wp-json\/wp\/v2\/media?parent=17739"}],"wp:term":[{"taxonomy":"category","embeddable":true,"href":"https:\/\/www.kariyer.net\/kariyer-rehberi\/wp-json\/wp\/v2\/categories?post=17739"},{"taxonomy":"post_tag","embeddable":true,"href":"https:\/\/www.kariyer.net\/kariyer-rehberi\/wp-json\/wp\/v2\/tags?post=17739"}],"curies":[{"name":"wp","href":"https:\/\/api.w.org\/{rel}","templated":true}]}}