{"id":17753,"date":"2025-09-01T09:51:25","date_gmt":"2025-09-01T06:51:25","guid":{"rendered":"https:\/\/www.kariyer.net\/kariyer-rehberi\/?p=17753"},"modified":"2025-09-01T10:44:49","modified_gmt":"2025-09-01T07:44:49","slug":"kaos-kuramina-dayali-kariyer-koclugu-nedir","status":"publish","type":"post","link":"https:\/\/www.kariyer.net\/kariyer-rehberi\/kaos-kuramina-dayali-kariyer-koclugu-nedir\/","title":{"rendered":"Kaos kuram\u0131na dayal\u0131 kariyer ko\u00e7lu\u011fu nedir?"},"content":{"rendered":"<p><strong>G\u00fcn\u00fcm\u00fczde halen kullan\u0131lmakta olan kariyer ko\u00e7lu\u011fu yakla\u015f\u0131m\u0131nda; i\u015f ya\u015fam\u0131nda varmak istedi\u011fin hedefe ula\u015fmak i\u00e7in gerekli stratejiyi kurmana yard\u0131m eden, bir bak\u0131\u015f a\u00e7\u0131s\u0131 sunulur. Y\u00f6netici Ko\u00e7u &amp; E\u011fitmen I\u015f\u0131l \u00c7etinkaya, kariyer hayat\u0131n\u0131 planlarken do\u011fru bir bak\u0131\u015f a\u00e7\u0131s\u0131 kazanman\u0131n \u00f6nemini bu yaz\u0131m\u0131zda ele al\u0131yor.<\/strong><\/p>\n<p>Baz\u0131 kuramlar Parsons\u2019tan bu yana s\u00fcre gelen anlay\u0131\u015f\u0131 s\u00fcrd\u00fcrmekte, birey ve uygun mesle\u011fi bir araya getirmeye \u00e7al\u0131\u015fmaktad\u0131r. Ancak b\u00fct\u00fcn bu yakla\u015f\u0131mlar tamamen ki\u015fiye uygun mesle\u011fi tahmin etmek gibi \u00f6ng\u00f6r\u00fclere dayanmakta, sebep ve sonu\u00e7 ili\u015fkisi i\u00e7inde her zaman ayn\u0131 sebeplerin ayn\u0131 sonu\u00e7lar\u0131 do\u011furaca\u011f\u0131 varsay\u0131m\u0131ndan hareket etmektedir.<\/p>\n<p>Oysa birey ve davran\u0131\u015flar\u0131 bir\u00e7ok \u00f6zelli\u011fiyle bu sebep sonu\u00e7 ili\u015fkisine ters d\u00fc\u015fmektedir. Meslek se\u00e7imi sebep sonu\u00e7 ili\u015fkisinden ziyade karma\u015f\u0131k bir ili\u015fki a\u011f\u0131 ortaya koymaktad\u0131r. Kaos kuram\u0131 temelli kariyer ko\u00e7lu\u011fu yakla\u015f\u0131m\u0131n\u0131n kendine \u00f6zg\u00fc felsefesi, kavramlar\u0131 ve m\u00fcdahale teknikleri olan bir anlay\u0131\u015fa sahip olmas\u0131, bu karma\u015f\u0131k durumun incelenmesini kolayla\u015ft\u0131r\u0131r.<\/p>\n<p>De\u011fi\u015fim zordur. <a href=\"https:\/\/www.kariyer.net\/kariyer-rehberi\/30-yasindan-sonra-kariyer-degisimi-mumkun-mu\/\" target=\"_blank\" rel=\"noopener\"><strong>Kariyer de\u011fi\u015ftirmeye<\/strong><\/a>, yeni bir beceri geli\u015ftirmeye, ili\u015fkilerini g\u00fc\u00e7lendirmeye ya da k\u00f6t\u00fc bir al\u0131\u015fkanl\u0131\u011f\u0131ndan vazge\u00e7meye \u00e7al\u0131\u015fm\u0131\u015f herhangi birine sorabilirsin&#8230; Buna ra\u011fmen de\u011fi\u015fim bir\u00e7ok insan i\u00e7in bir noktada gereklidir. Hem evde hem i\u015f yerinde potansiyellerini hayata ge\u00e7irmek ve ama\u00e7lar\u0131na ula\u015fmak i\u00e7in at\u0131lan kritik bir ad\u0131md\u0131r. Herkes bu s\u00fcre\u00e7te deste\u011fe ihtiya\u00e7 duyar ve bir ko\u00e7a gereksinim do\u011far.<\/p>\n<p>Standart bir kariyer ko\u00e7lu\u011fu s\u00fcrecinde yap\u0131lacak \u00e7al\u0131\u015fmalar ile:<\/p>\n<ul>\n<li>Ben neler yapabilirim?<\/li>\n<li>Ben neleri yapmaktan ho\u015flan\u0131r\u0131m?<\/li>\n<li>Ben ne istiyorum?<\/li>\n<li>Ben ne yapmak istiyorum?<\/li>\n<li>Ben nerede olmak istiyorum?<\/li>\n<li>Karar ve eylemlerime y\u00f6n veren nedir?<\/li>\n<li>Sevdi\u011fim i\u015f hangisi? Sevdi\u011fim i\u015fi yap\u0131nca neler de\u011fi\u015fecek?<\/li>\n<li>\u0130\u015fimde kullanaca\u011f\u0131m yeteneklerim neler? Bunu nas\u0131l yapabilirim?<\/li>\n<\/ul>\n<p>Sorular\u0131n\u0131n cevaplar\u0131 ortaya \u00e7\u0131kar\u0131l\u0131r.<\/p>\n<p>Bu yaz\u0131n\u0131n amac\u0131, kaos kuram\u0131n\u0131 kariyer dan\u0131\u015fmanl\u0131\u011f\u0131 \u00e7er\u00e7evesinde ele alarak, sizlere ne gibi faydalar sa\u011flayabilece\u011fini anlatmak\u2026<\/p>\n<h2><strong>Kaos kuram\u0131<\/strong><\/h2>\n<p>1990\u2019larda kaos kuram\u0131, bilimsel karma\u015f\u0131kl\u0131k olarak nitelenmektedir. Karma\u015f\u0131kl\u0131k kuram\u0131, ilk bak\u0131\u015fta tesad\u00fcfi olarak i\u015fler g\u00f6r\u00fclen bir sistemdeki tepki ve kar\u015f\u0131t tepkileri a\u00e7\u0131klamaktad\u0131r. Kaos kuram\u0131 herhangi bir sistemdeki (kariyer se\u00e7me s\u00fcreci gibi) de\u011fi\u015fimin kestirilemez ve d\u00fczensiz olarak meydana geldi\u011fi bir ge\u00e7i\u015f evresini tan\u0131mlamaktad\u0131r. Kaos sabit ya da de\u011fi\u015fmeyen bir durum de\u011fildir. Bir s\u00fcre\u00e7tir ve dinamiktir. Nesnelerin de\u011fi\u015fiminden \u00e7ok, nesneler ve durumlar aras\u0131ndaki ili\u015fkinin de\u011fi\u015fimidir.<\/p>\n<p>Kaosla ilgili \u00fc\u00e7 prensip belirlemi\u015ftir:<\/p>\n<ol>\n<li>Y\u00fck\u00fcml\u00fcl\u00fck ve zaman\u0131n anlam\u0131n\u0131n tekrar de\u011ferlendirilmesi,<\/li>\n<li>Mevcut kariyer sisteminin dayand\u0131\u011f\u0131 varsay\u0131mlar\u0131n test edilmesi ve yeniden d\u00fc\u015f\u00fcn\u00fclmesi,<\/li>\n<li>Kurum, \u00e7al\u0131\u015fan, toplum ve \u00f6zel hayat s\u0131n\u0131rlar\u0131n\u0131n de\u011fi\u015ftirilmesi.<\/li>\n<\/ol>\n<p><strong>Kaos; tesad\u00fcfi ve ama\u00e7s\u0131z bir d\u00fczensizlik de\u011fildir. Var olan durumdan daha y\u00fcksek bir seviyede de\u011fi\u015fimi ve yenilenmeyi ba\u015flat\u0131r.<\/strong> De\u011fi\u015fim yeni g\u00fc\u00e7lerin eski yap\u0131lar\u0131 bozmas\u0131n\u0131n bir sonucudur. Bu de\u011fi\u015fimin ard\u0131ndan yeni yap\u0131lar olu\u015fur.<\/p>\n<p>Bu d\u00fczensizli\u011fin, karma\u015f\u0131kl\u0131\u011f\u0131n ve d\u00fczenin d\u00f6n\u00fc\u015f\u00fcm\u00fcd\u00fcr.<\/p>\n<p>Kaosun d\u00f6rt temel elementi bulunmaktad\u0131r:<\/p>\n<ul>\n<li>Karma\u015f\u0131kl\u0131k,<\/li>\n<li>Bireyin de\u011fi\u015fimi,<\/li>\n<li>Yap\u0131c\u0131l\u0131k,<\/li>\n<li>Planlanmam\u0131\u015f ve kestirilemeyen olaylar.<\/li>\n<\/ul>\n<p>T\u00fcm bunlar\u0131n neden oldu\u011fu kariyerinde dura\u011fanl\u0131k ya\u015fayan bir ki\u015fiyle yapt\u0131\u011f\u0131 kaos kuram\u0131na dayal\u0131 kariyer ko\u00e7lu\u011funda kaosun evrelerinden yararlanm\u0131\u015ft\u0131r.<\/p>\n<h2><strong>Kaos kuram\u0131na dayal\u0131 ko\u00e7lukta kullan\u0131lan teknikler<\/strong><\/h2>\n<p>Kaos kuram\u0131na dayal\u0131 kariyer ko\u00e7lu\u011funda \u00e7e\u015fitli teknikler kullan\u0131lmaktad\u0131r. Bu tekniklerden baz\u0131lar\u0131 ger\u00e7eklik kontrol\u00fc al\u0131\u015ft\u0131rmas\u0131, do\u011frusal olmamak ve \u015fans\u0131\u2013medyay\u0131 kullanmak, <strong>kaos kariyer ko\u00e7lu\u011funda sorgulay\u0131c\u0131 g\u00f6r\u00fc\u015fme, i\u00e7eri\u011fi geri getirme, her \u015feyi rapor etme, de\u011fi\u015fim perspektifidir.<\/strong><\/p>\n<p>Bu al\u0131\u015ft\u0131rmalara ek olarak a\u015fa\u011f\u0131daki al\u0131\u015ft\u0131rma da de\u011fi\u015fimin ama\u00e7lar bak\u0131m\u0131ndan \u00f6nemini vurgulamaya \u00f6rnek olabilecek al\u0131\u015ft\u0131rmalardan birisidir.<\/p>\n<ol>\n<li>Basamak: Dan\u0131\u015fandan bir kariyer amac\u0131 belirlemesi istenir (\u00d6rne\u011fin; mevcut i\u015fime devam ederken bilgisayar kursuna gitmek).<\/li>\n<li>Basamak: Dan\u0131\u015fana \u201cE\u011fer\u2026\u2026\u2026.. olsayd\u0131 ne yapard\u0131n?\u201d sorusu, daha \u00f6nceden belirlenen durumlar bo\u015flu\u011fa yerle\u015ftirilerek sorulur (\u201cE\u011fer bu kursu al\u0131rsan ne yapars\u0131n?\u201d Cevap: \u201cBilgisayar malzemesi ma\u011fazas\u0131 a\u00e7abilirim\u201d).<\/li>\n<li>Basamak: Al\u0131nan cevaba g\u00f6re \u015fu sorular sorulur:<\/li>\n<\/ol>\n<p>a) Bu olay\u0131n sonucuna g\u00f6re neler de\u011fi\u015fir? (\u201cMevcut i\u015fime daha fazla katlanmak zorunda kalmam\u201d)<\/p>\n<p>b) Bu de\u011fi\u015fim ger\u00e7ekle\u015firse ba\u015fka hangi kariyer ama\u00e7lar\u0131 ba\u015far\u0131lm\u0131\u015f olur. (\u201cDaha mutlu olaca\u011f\u0131m ve kendi sorumlulu\u011fumu ta\u015f\u0131yaca\u011f\u0131m bir i\u015fim olur\u201d)<\/p>\n<h2><strong>Sonu\u00e7<\/strong><\/h2>\n<p>Kaos teorisi i\u00e7inde her \u015fey rastlant\u0131sal geli\u015fmez. Fakt\u00f6rler aras\u0131ndaki ili\u015fki zaman i\u00e7erisinde belli bir s\u0131kl\u0131kla tekrarlanan bir pattern haline gelebilir. Her zaman \u00f6nceden tahmin edilebilir olmasa da \u00e7o\u011fu zaman patternleri tan\u0131man\u0131z m\u00fcmk\u00fcnd\u00fcr.<\/p>\n<p>\u00d6rne\u011fin; ki\u015fi \u00e7al\u0131\u015fma ya\u015fam\u0131n\u0131n belli d\u00f6nemlerinde yapt\u0131\u011f\u0131 i\u015ften keyif almaz, tatmin olmaz hale gelebilir. Bu ki\u015fi s\u0131kl\u0131kla i\u015f de\u011fi\u015ftiren ve her i\u015ften ilk zorluklar\u0131 a\u015f\u0131nca b\u0131kan ve yeni zorluklar arayan biri olabilir. \u0130lle de her i\u015fte ilk 6 ay\u0131n veya bir senenin i\u00e7inde ayn\u0131 hissi duyacak diye bir zaman koymak m\u00fcmk\u00fcn de\u011fildir. \u0130\u015fle ilgili di\u011fer fakt\u00f6rleri de incelemek gerekir.<\/p>\n<p>Kaos teorisinin \u00f6z\u00fcnde kesir teorisi yatar. \u015e\u00f6yle ki bir a\u011fac\u0131n \u015fekli her bir dal\u0131n\u0131n \u015fekline benzer. Dallar\u0131n \u015fekli u\u00e7lara do\u011fru k\u00fc\u00e7\u00fclen ince dallara benzer. Bu benzerliklerden yola \u00e7\u0131karak bir durum kar\u015f\u0131s\u0131nda ki\u015finin davran\u0131\u015f\u0131n\u0131 analiz edebilir, ayn\u0131 ki\u015finin ba\u015fka olaylar kar\u015f\u0131s\u0131ndaki davran\u0131\u015flar\u0131n\u0131 g\u00f6zlemleyerek davran\u0131\u015f patternlerini ortaya \u00e7\u0131karabiliriz. Patternleri analiz etti\u011fimizde ise ki\u015finin hayata bak\u0131\u015f\u0131yla ilgili b\u00fcy\u00fck resmi g\u00f6rmemiz m\u00fcmk\u00fcn ve de\u011fi\u015fimi tetikleyici etki yarat\u0131r.<\/p>\n<p><strong>Kaynaklar:<\/strong><\/p>\n<p>-Kaos Kuram\u0131na Dayal\u0131 Kariyer Psikolojik Dan\u0131\u015fmanl\u0131\u011f\u0131 Program\u0131 ve Vaka Analizi Chaos Career Counseling Program and Case Analyze\u00a0 Mustafa T\u00dcRKME<\/p>\n<p>-T\u00fcrk Psikolojik Dan\u0131\u015fma ve Rehberlik Dergisi2014, 5 (42), 256-268<\/p>\n<p><a href=\"https:\/\/www.kariyer.net\/ik-blog\/wp-content\/uploads\/2023\/10\/isil_cetinkaya.jpg\"><img decoding=\"async\" class=\"wp-image-15547 alignleft\" src=\"https:\/\/www.kariyer.net\/ik-blog\/wp-content\/uploads\/2023\/10\/isil_cetinkaya.jpg\" alt=\"\" width=\"117\" height=\"117\" \/><\/a><\/p>\n<p><strong>Konuk Yazar: <\/strong>I\u015f\u0131l \u00c7etinkaya \/ Y\u00f6netici Ko\u00e7u &amp; E\u011fitmen<\/p>\n<div class=\"td-post-content tagdiv-type\">\n<p><strong>Yazara ait di\u011fer yaz\u0131lar\u0131 okumak i\u00e7in\u00a0<a href=\"https:\/\/www.kariyer.net\/ik-blog\/tag\/isil-cetinkaya\/\" target=\"_blank\" rel=\"noopener\">buraya<\/a> t\u0131klayabilirsin!<\/strong><\/p>\n<\/div>\n<!-- templates\/buttons-placeholder.php -->\n<div class=\"da-reactions-outer TpostID17753\">\n\t    <div class=\"da-reactions-data da-reactions-container-async center\"\n         data-type=\"post\"\n         data-id=\"17753\"\n         id=\"da-reactions-slot-post-17753\">\n        <div class=\"da-reactions-static\">\n\t\t\t<img src=\"https:\/\/www.kariyer.net\/kariyer-rehberi\/wp-content\/plugins\/da-reactions\/assets\/dist\/loading.svg\" alt=\"Loading spinner\" width=\"48\" height=\"48\" style=\"width:48px\" \/>\n        <\/div>\n    <\/div>\n<\/div>\n","protected":false},"excerpt":{"rendered":"<p>G\u00fcn\u00fcm\u00fczde halen kullan\u0131lmakta olan kariyer ko\u00e7lu\u011fu yakla\u015f\u0131m\u0131nda; i\u015f ya\u015fam\u0131nda varmak istedi\u011fin hedefe ula\u015fmak i\u00e7in gerekli stratejiyi kurmana yard\u0131m eden, bir bak\u0131\u015f a\u00e7\u0131s\u0131 sunulur. Y\u00f6netici Ko\u00e7u &amp; E\u011fitmen I\u015f\u0131l \u00c7etinkaya, kariyer hayat\u0131n\u0131 planlarken do\u011fru bir bak\u0131\u015f a\u00e7\u0131s\u0131 kazanman\u0131n \u00f6nemini bu yaz\u0131m\u0131zda ele al\u0131yor. Baz\u0131 kuramlar Parsons\u2019tan bu yana s\u00fcre gelen anlay\u0131\u015f\u0131 s\u00fcrd\u00fcrmekte, birey ve uygun mesle\u011fi [&hellip;]<\/p>\n<!-- templates\/buttons-placeholder.php -->\n<div class=\"da-reactions-outer TpostID17753\">\n\t    <div class=\"da-reactions-data da-reactions-container-async center\"\n         data-type=\"post\"\n         data-id=\"17753\"\n         id=\"da-reactions-slot-post-17753\">\n        <div class=\"da-reactions-static\">\n\t\t\t<img src=\"https:\/\/www.kariyer.net\/kariyer-rehberi\/wp-content\/plugins\/da-reactions\/assets\/dist\/loading.svg\" alt=\"Loading spinner\" width=\"48\" height=\"48\" style=\"width:48px\" \/>\n        <\/div>\n    <\/div>\n<\/div>\n","protected":false},"author":9,"featured_media":17765,"comment_status":"closed","ping_status":"open","sticky":false,"template":"","format":"standard","meta":{"footnotes":"","_elementor_edit_mode":"","_elementor_template_type":"","_elementor_data":"","_elementor_page_settings":null,"_elementor_conditions":[]},"categories":[2211],"tags":[2057,2193,2231,2225],"class_list":{"0":"post-17753","1":"post","2":"type-post","3":"status-publish","4":"format-standard","5":"has-post-thumbnail","7":"category-kariyer-gelisimi","8":"tag-isil-cetinkaya","9":"tag-kariyer-hayati-ve-kocluk","10":"tag-kisisel-gelisim-ve-egitim","11":"tag-tum-kitle"},"yoast_head":"<!-- This site is optimized with the Yoast SEO Premium plugin v21.4 (Yoast SEO v27.0) - https:\/\/yoast.com\/product\/yoast-seo-premium-wordpress\/ -->\n<title>Kaos kuram\u0131na dayal\u0131 kariyer ko\u00e7lu\u011fu nedir?<\/title>\n<meta name=\"description\" content=\"Y\u00f6netici Ko\u00e7u &amp; E\u011fitmen I\u015f\u0131l \u00c7etinkaya, kariyer hayat\u0131n\u0131 planlarken do\u011fru bir bak\u0131\u015f a\u00e7\u0131s\u0131 kazanman\u0131n \u00f6nemini bu yaz\u0131m\u0131zda ele al\u0131yor.\" \/>\n<meta name=\"robots\" content=\"index, follow, max-snippet:-1, max-image-preview:large, max-video-preview:-1\" \/>\n<link rel=\"canonical\" href=\"https:\/\/www.kariyer.net\/kariyer-rehberi\/kaos-kuramina-dayali-kariyer-koclugu-nedir\/\" \/>\n<meta property=\"og:locale\" content=\"tr_TR\" \/>\n<meta property=\"og:type\" content=\"article\" \/>\n<meta property=\"og:title\" content=\"Kaos kuram\u0131na dayal\u0131 kariyer ko\u00e7lu\u011fu nedir?\" \/>\n<meta property=\"og:description\" content=\"G\u00fcn\u00fcm\u00fczde halen kullan\u0131lmakta olan kariyer ko\u00e7lu\u011fu yakla\u015f\u0131m\u0131nda; i\u015f ya\u015fam\u0131nda varmak istedi\u011fin hedefe ula\u015fmak i\u00e7in gerekli stratejiyi kurmana yard\u0131m eden,\" \/>\n<meta property=\"og:url\" content=\"https:\/\/www.kariyer.net\/kariyer-rehberi\/kaos-kuramina-dayali-kariyer-koclugu-nedir\/\" \/>\n<meta property=\"og:site_name\" content=\"Kariyer Rehberi\" \/>\n<meta property=\"article:published_time\" content=\"2025-09-01T06:51:25+00:00\" \/>\n<meta property=\"article:modified_time\" content=\"2025-09-01T07:44:49+00:00\" \/>\n<meta property=\"og:image\" content=\"https:\/\/www.kariyer.net\/kariyer-rehberi\/wp-content\/uploads\/2023\/10\/kariyer_koclugu-1.jpg\" \/>\n\t<meta property=\"og:image:width\" content=\"900\" \/>\n\t<meta property=\"og:image:height\" content=\"600\" \/>\n\t<meta property=\"og:image:type\" content=\"image\/jpeg\" \/>\n<meta name=\"author\" content=\"Konuk Yazar\" \/>\n<meta name=\"twitter:card\" content=\"summary_large_image\" \/>\n<meta name=\"twitter:label1\" content=\"Yazan:\" \/>\n\t<meta name=\"twitter:data1\" content=\"Konuk Yazar\" \/>\n\t<meta name=\"twitter:label2\" content=\"Tahmini okuma s\u00fcresi\" \/>\n\t<meta name=\"twitter:data2\" content=\"5 dakika\" \/>\n<!-- \/ Yoast SEO Premium plugin. -->","yoast_head_json":{"title":"Kaos kuram\u0131na dayal\u0131 kariyer ko\u00e7lu\u011fu nedir?","description":"Y\u00f6netici Ko\u00e7u & E\u011fitmen I\u015f\u0131l \u00c7etinkaya, kariyer hayat\u0131n\u0131 planlarken do\u011fru bir bak\u0131\u015f a\u00e7\u0131s\u0131 kazanman\u0131n \u00f6nemini bu yaz\u0131m\u0131zda ele al\u0131yor.","robots":{"index":"index","follow":"follow","max-snippet":"max-snippet:-1","max-image-preview":"max-image-preview:large","max-video-preview":"max-video-preview:-1"},"canonical":"https:\/\/www.kariyer.net\/kariyer-rehberi\/kaos-kuramina-dayali-kariyer-koclugu-nedir\/","og_locale":"tr_TR","og_type":"article","og_title":"Kaos kuram\u0131na dayal\u0131 kariyer ko\u00e7lu\u011fu nedir?","og_description":"G\u00fcn\u00fcm\u00fczde halen kullan\u0131lmakta olan kariyer ko\u00e7lu\u011fu yakla\u015f\u0131m\u0131nda; i\u015f ya\u015fam\u0131nda varmak istedi\u011fin hedefe ula\u015fmak i\u00e7in gerekli stratejiyi kurmana yard\u0131m eden,","og_url":"https:\/\/www.kariyer.net\/kariyer-rehberi\/kaos-kuramina-dayali-kariyer-koclugu-nedir\/","og_site_name":"Kariyer Rehberi","article_published_time":"2025-09-01T06:51:25+00:00","article_modified_time":"2025-09-01T07:44:49+00:00","og_image":[{"width":900,"height":600,"url":"https:\/\/www.kariyer.net\/kariyer-rehberi\/wp-content\/uploads\/2023\/10\/kariyer_koclugu-1.jpg","type":"image\/jpeg"}],"author":"Konuk Yazar","twitter_card":"summary_large_image","twitter_misc":{"Yazan:":"Konuk Yazar","Tahmini okuma s\u00fcresi":"5 dakika"},"schema":{"@context":"https:\/\/schema.org","@graph":[{"@type":"Article","@id":"https:\/\/www.kariyer.net\/kariyer-rehberi\/kaos-kuramina-dayali-kariyer-koclugu-nedir\/#article","isPartOf":{"@id":"https:\/\/www.kariyer.net\/kariyer-rehberi\/kaos-kuramina-dayali-kariyer-koclugu-nedir\/"},"author":{"name":"Konuk Yazar","@id":"https:\/\/www.kariyer.net\/kariyer-rehberi\/#\/schema\/person\/6154a58a8375a4df7f7fc847997c4657"},"headline":"Kaos kuram\u0131na dayal\u0131 kariyer ko\u00e7lu\u011fu nedir?","datePublished":"2025-09-01T06:51:25+00:00","dateModified":"2025-09-01T07:44:49+00:00","mainEntityOfPage":{"@id":"https:\/\/www.kariyer.net\/kariyer-rehberi\/kaos-kuramina-dayali-kariyer-koclugu-nedir\/"},"wordCount":1143,"publisher":{"@id":"https:\/\/www.kariyer.net\/kariyer-rehberi\/#organization"},"image":{"@id":"https:\/\/www.kariyer.net\/kariyer-rehberi\/kaos-kuramina-dayali-kariyer-koclugu-nedir\/#primaryimage"},"thumbnailUrl":"https:\/\/www.kariyer.net\/kariyer-rehberi\/wp-content\/uploads\/2023\/10\/kariyer_koclugu-1.jpg","keywords":["I\u015f\u0131l \u00c7etinkaya","kariyer hayat\u0131 ve ko\u00e7luk","Ki\u015fisel Geli\u015fim ve E\u011fitim","T\u00fcm kitle"],"articleSection":["Kariyer Geli\u015fimi"],"inLanguage":"tr"},{"@type":"WebPage","@id":"https:\/\/www.kariyer.net\/kariyer-rehberi\/kaos-kuramina-dayali-kariyer-koclugu-nedir\/","url":"https:\/\/www.kariyer.net\/kariyer-rehberi\/kaos-kuramina-dayali-kariyer-koclugu-nedir\/","name":"Kaos kuram\u0131na dayal\u0131 kariyer ko\u00e7lu\u011fu nedir?","isPartOf":{"@id":"https:\/\/www.kariyer.net\/kariyer-rehberi\/#website"},"primaryImageOfPage":{"@id":"https:\/\/www.kariyer.net\/kariyer-rehberi\/kaos-kuramina-dayali-kariyer-koclugu-nedir\/#primaryimage"},"image":{"@id":"https:\/\/www.kariyer.net\/kariyer-rehberi\/kaos-kuramina-dayali-kariyer-koclugu-nedir\/#primaryimage"},"thumbnailUrl":"https:\/\/www.kariyer.net\/kariyer-rehberi\/wp-content\/uploads\/2023\/10\/kariyer_koclugu-1.jpg","datePublished":"2025-09-01T06:51:25+00:00","dateModified":"2025-09-01T07:44:49+00:00","description":"Y\u00f6netici Ko\u00e7u & E\u011fitmen I\u015f\u0131l \u00c7etinkaya, kariyer hayat\u0131n\u0131 planlarken do\u011fru bir bak\u0131\u015f a\u00e7\u0131s\u0131 kazanman\u0131n \u00f6nemini bu yaz\u0131m\u0131zda ele al\u0131yor.","breadcrumb":{"@id":"https:\/\/www.kariyer.net\/kariyer-rehberi\/kaos-kuramina-dayali-kariyer-koclugu-nedir\/#breadcrumb"},"inLanguage":"tr","potentialAction":[{"@type":"ReadAction","target":["https:\/\/www.kariyer.net\/kariyer-rehberi\/kaos-kuramina-dayali-kariyer-koclugu-nedir\/"]}]},{"@type":"ImageObject","inLanguage":"tr","@id":"https:\/\/www.kariyer.net\/kariyer-rehberi\/kaos-kuramina-dayali-kariyer-koclugu-nedir\/#primaryimage","url":"https:\/\/www.kariyer.net\/kariyer-rehberi\/wp-content\/uploads\/2023\/10\/kariyer_koclugu-1.jpg","contentUrl":"https:\/\/www.kariyer.net\/kariyer-rehberi\/wp-content\/uploads\/2023\/10\/kariyer_koclugu-1.jpg","width":900,"height":600},{"@type":"BreadcrumbList","@id":"https:\/\/www.kariyer.net\/kariyer-rehberi\/kaos-kuramina-dayali-kariyer-koclugu-nedir\/#breadcrumb","itemListElement":[{"@type":"ListItem","position":1,"name":"Anasayfa","item":"https:\/\/www.kariyer.net\/kariyer-rehberi\/"},{"@type":"ListItem","position":2,"name":"Kaos kuram\u0131na dayal\u0131 kariyer ko\u00e7lu\u011fu nedir?"}]},{"@type":"WebSite","@id":"https:\/\/www.kariyer.net\/kariyer-rehberi\/#website","url":"https:\/\/www.kariyer.net\/kariyer-rehberi\/","name":"Kariyer Rehberi","description":"\u0130\u015f D\u00fcnyas\u0131yla \u0130lgili Bilmek \u0130stedi\u011finiz Her \u015eey","publisher":{"@id":"https:\/\/www.kariyer.net\/kariyer-rehberi\/#organization"},"potentialAction":[{"@type":"SearchAction","target":{"@type":"EntryPoint","urlTemplate":"https:\/\/www.kariyer.net\/kariyer-rehberi\/?s={search_term_string}"},"query-input":{"@type":"PropertyValueSpecification","valueRequired":true,"valueName":"search_term_string"}}],"inLanguage":"tr"},{"@type":"Organization","@id":"https:\/\/www.kariyer.net\/kariyer-rehberi\/#organization","name":"Kariyer.net","url":"https:\/\/www.kariyer.net\/kariyer-rehberi\/","logo":{"@type":"ImageObject","inLanguage":"tr","@id":"https:\/\/www.kariyer.net\/kariyer-rehberi\/#\/schema\/logo\/image\/","url":"https:\/\/www.kariyer.net\/kariyer-rehberi-new\/wp-content\/uploads\/2023\/01\/og-image11.jpg","contentUrl":"https:\/\/www.kariyer.net\/kariyer-rehberi-new\/wp-content\/uploads\/2023\/01\/og-image11.jpg","width":800,"height":800,"caption":"Kariyer.net"},"image":{"@id":"https:\/\/www.kariyer.net\/kariyer-rehberi\/#\/schema\/logo\/image\/"}},{"@type":"Person","@id":"https:\/\/www.kariyer.net\/kariyer-rehberi\/#\/schema\/person\/6154a58a8375a4df7f7fc847997c4657","name":"Konuk Yazar","image":{"@type":"ImageObject","inLanguage":"tr","@id":"https:\/\/www.kariyer.net\/kariyer-rehberi\/#\/schema\/person\/image\/","url":"https:\/\/secure.gravatar.com\/avatar\/f03aa189ddb09160e6f0ad7e5e2c4b69c7102a041cc145a1e45a96f0100baa41?s=96&d=mm&r=g","contentUrl":"https:\/\/secure.gravatar.com\/avatar\/f03aa189ddb09160e6f0ad7e5e2c4b69c7102a041cc145a1e45a96f0100baa41?s=96&d=mm&r=g","caption":"Konuk Yazar"},"url":"https:\/\/www.kariyer.net\/kariyer-rehberi\/author\/konukyazar\/"}]}},"_links":{"self":[{"href":"https:\/\/www.kariyer.net\/kariyer-rehberi\/wp-json\/wp\/v2\/posts\/17753","targetHints":{"allow":["GET"]}}],"collection":[{"href":"https:\/\/www.kariyer.net\/kariyer-rehberi\/wp-json\/wp\/v2\/posts"}],"about":[{"href":"https:\/\/www.kariyer.net\/kariyer-rehberi\/wp-json\/wp\/v2\/types\/post"}],"author":[{"embeddable":true,"href":"https:\/\/www.kariyer.net\/kariyer-rehberi\/wp-json\/wp\/v2\/users\/9"}],"replies":[{"embeddable":true,"href":"https:\/\/www.kariyer.net\/kariyer-rehberi\/wp-json\/wp\/v2\/comments?post=17753"}],"version-history":[{"count":4,"href":"https:\/\/www.kariyer.net\/kariyer-rehberi\/wp-json\/wp\/v2\/posts\/17753\/revisions"}],"predecessor-version":[{"id":22498,"href":"https:\/\/www.kariyer.net\/kariyer-rehberi\/wp-json\/wp\/v2\/posts\/17753\/revisions\/22498"}],"wp:featuredmedia":[{"embeddable":true,"href":"https:\/\/www.kariyer.net\/kariyer-rehberi\/wp-json\/wp\/v2\/media\/17765"}],"wp:attachment":[{"href":"https:\/\/www.kariyer.net\/kariyer-rehberi\/wp-json\/wp\/v2\/media?parent=17753"}],"wp:term":[{"taxonomy":"category","embeddable":true,"href":"https:\/\/www.kariyer.net\/kariyer-rehberi\/wp-json\/wp\/v2\/categories?post=17753"},{"taxonomy":"post_tag","embeddable":true,"href":"https:\/\/www.kariyer.net\/kariyer-rehberi\/wp-json\/wp\/v2\/tags?post=17753"}],"curies":[{"name":"wp","href":"https:\/\/api.w.org\/{rel}","templated":true}]}}