{"id":17816,"date":"2023-11-19T16:54:55","date_gmt":"2023-11-19T13:54:55","guid":{"rendered":"https:\/\/www.kariyer.net\/kariyer-rehberi\/?p=17816"},"modified":"2024-08-08T21:07:58","modified_gmt":"2024-08-08T18:07:58","slug":"techcareer-netten-istihdam-odakli-yazilim-hareketine-destek","status":"publish","type":"post","link":"https:\/\/www.kariyer.net\/kariyer-rehberi\/techcareer-netten-istihdam-odakli-yazilim-hareketine-destek\/","title":{"rendered":"Techcareer.net&#8217;ten istihdam odakl\u0131 yaz\u0131l\u0131m hareketine destek!"},"content":{"rendered":"<p><strong>Teknoloji ve bili\u015fim alan\u0131nda kariyer hedefleyenleri destekleyen platformumuz Techcareer.net, Do\u011fu Anadolu Kalk\u0131nma Ajans\u0131 (DAKA) ile yepyeni bir i\u015f birli\u011fine imza att\u0131. Bu kapsamda istihdam odakl\u0131 ger\u00e7ekle\u015ftirilecek bootcamp i\u00e7in ba\u015fvurular al\u0131nmaya ba\u015fland\u0131.<\/strong><\/p>\n<p>DAKA, 2021 y\u0131l\u0131nda ba\u015flatm\u0131\u015f oldu\u011fu <strong>&#8220;Yaz\u0131l\u0131m Hareketi&#8221;<\/strong> faaliyeti kapsam\u0131nda istihdam odakl\u0131 yeni e\u011fitimini Techcareer.net i\u015f birli\u011finde ger\u00e7ekle\u015ftirecek. Ba\u015fta Van olmak \u00fczere Bitlis, Mu\u015f, Hakkari illerinde ya\u015fayan gelece\u011fin yaz\u0131l\u0131mc\u0131lar\u0131n\u0131n yeti\u015ftirilece\u011fi e\u011fitim program\u0131nda; teorik ve uygulamal\u0131 e\u011fitimlerle birlikte gen\u00e7lerin istihdam \u015fans\u0131n\u0131 art\u0131racak \u201cGitHub e\u011fitimi, CV haz\u0131rlama e\u011fitimi, m\u00fclakat sim\u00fclasyonu ve firma bulu\u015fmalar\u0131 vb.\u201d etkinlikler de yap\u0131lacak.<\/p>\n<p>Do\u011fu Anadolu Kalk\u0131nma Ajans\u0131 Genel Sekreteri Halil \u0130brahim G\u00fcray:<\/p>\n<p>&#8220;2021 y\u0131l\u0131ndan bu yana Bilgi Teknolojileri ve \u0130leti\u015fim Kurumumuz ve Kalk\u0131nma Ajanslar\u0131 Genel M\u00fcd\u00fcrl\u00fc\u011f\u00fcm\u00fcz\u00fcn \u00f6nc\u00fcl\u00fc\u011f\u00fcnde, b\u00f6lge \u00fcniversitelerimiz ve il milli e\u011fitim m\u00fcd\u00fcrl\u00fcklerimizin \u00f6zverili \u00e7al\u0131\u015fmalar\u0131yla TRB2 B\u00f6lgemizde yaz\u0131l\u0131m alan\u0131nda bilin\u00e7lendirme ve e\u011fitim faaliyetleri y\u00fcr\u00fct\u00fcyoruz. Techcareer.net i\u015f birli\u011fiyle ger\u00e7ekle\u015ftirece\u011fimiz bu faaliyette gayemiz sahada ihtiya\u00e7 duyulan alanlarda ve ihtiya\u00e7 duyulan yetkinlikte yaz\u0131l\u0131mc\u0131lar yeti\u015ftirmek.&#8221; dedi.<\/p>\n<p><a href=\"https:\/\/www.kariyer.net\/kariyer-rehberi\/wp-content\/uploads\/2023\/11\/yazilim-hareketi-3.webp\"><img fetchpriority=\"high\" decoding=\"async\" class=\"wp-image-17817 aligncenter\" src=\"https:\/\/www.kariyer.net\/kariyer-rehberi\/wp-content\/uploads\/2023\/11\/yazilim-hareketi-3.webp\" alt=\"\" width=\"554\" height=\"344\" srcset=\"https:\/\/www.kariyer.net\/kariyer-rehberi\/wp-content\/uploads\/2023\/11\/yazilim-hareketi-3.webp 1200w, https:\/\/www.kariyer.net\/kariyer-rehberi\/wp-content\/uploads\/2023\/11\/yazilim-hareketi-3-300x186.webp 300w, https:\/\/www.kariyer.net\/kariyer-rehberi\/wp-content\/uploads\/2023\/11\/yazilim-hareketi-3-1024x636.webp 1024w, https:\/\/www.kariyer.net\/kariyer-rehberi\/wp-content\/uploads\/2023\/11\/yazilim-hareketi-3-768x477.webp 768w, https:\/\/www.kariyer.net\/kariyer-rehberi\/wp-content\/uploads\/2023\/11\/yazilim-hareketi-3-696x432.webp 696w, https:\/\/www.kariyer.net\/kariyer-rehberi\/wp-content\/uploads\/2023\/11\/yazilim-hareketi-3-1068x663.webp 1068w, https:\/\/www.kariyer.net\/kariyer-rehberi\/wp-content\/uploads\/2023\/11\/yazilim-hareketi-3-677x420.webp 677w, https:\/\/www.kariyer.net\/kariyer-rehberi\/wp-content\/uploads\/2023\/11\/yazilim-hareketi-3-356x220.webp 356w\" sizes=\"(max-width: 554px) 100vw, 554px\" \/><\/a><\/p>\n<p>\u0130\u015f birli\u011fiyle ilgili de\u011ferlendirmede bulunan Techcareer.net Pazarlama M\u00fcd\u00fcr\u00fc Beg\u00fcm Uslusoy ise;<\/p>\n<p>&#8220;Do\u011fu Anadolu Kalk\u0131nma Ajans\u0131\u2019n\u0131n Yaz\u0131l\u0131m Hareketi kapsam\u0131ndaki istihdam odakl\u0131 e\u011fitimi \u00e7er\u00e7evesinde bir Back-End with C# Bootcamp&#8217;i a\u00e7aca\u011f\u0131z. 5 hafta s\u00fcrecek 50 saatlik e\u011fitim boyunca kat\u0131l\u0131mc\u0131lara Back-End with C# teknolojilerinin sundu\u011fu olanaklarla Back-End d\u00fcnyas\u0131n\u0131 ke\u015ffetme f\u0131rsat\u0131 sa\u011flayaca\u011f\u0131z. Bitlis, Mu\u015f, Hakk\u00e2ri ve Van illerinde ikamet edenlerin kat\u0131labilece\u011fi, alan\u0131nda uzman e\u011fitmenler g\u00f6zetiminde verilecek 40 saati teorik, 10 saati uygulamal\u0131 e\u011fitim kapsam\u0131nda; m\u00fcl\u00e2kat sim\u00fclasyonu, \u00f6zge\u00e7mi\u015f ve Git-Hub e\u011fitimi ger\u00e7ekle\u015ftirece\u011fiz. E\u011fitimi bitirenler Jr. Back-End Developer olarak i\u015f d\u00fcnyas\u0131na at\u0131lmaya haz\u0131r olacaklar&#8221; dedi.<\/p>\n<p>23 Aral\u0131k 2023 tarihinde yap\u0131lacak etkinlik i\u00e7in son ba\u015fvuru tarihi: <strong>14 Aral\u0131k 2023<\/strong><\/p>\n<h5>Etkinli\u011fe dair t\u00fcm detaylar\u0131 \u00f6\u011frenmek ve ba\u015fvuru yapmak i\u00e7in <strong><a href=\"https:\/\/www.techcareer.net\/bootcamp\/DAKA_Bootcamp\" target=\"_blank\" rel=\"noopener\">buraya<\/a><\/strong> t\u0131klayabilirsin.<\/h5>\n<!-- templates\/buttons-placeholder.php -->\n<div class=\"da-reactions-outer TpostID17816\">\n\t    <div class=\"da-reactions-data da-reactions-container-async center\"\n         data-type=\"post\"\n         data-id=\"17816\"\n         id=\"da-reactions-slot-post-17816\">\n        <div class=\"da-reactions-static\">\n\t\t\t<img src=\"https:\/\/www.kariyer.net\/kariyer-rehberi\/wp-content\/plugins\/da-reactions\/assets\/dist\/loading.svg\" alt=\"Loading spinner\" width=\"48\" height=\"48\" style=\"width:48px\" \/>\n        <\/div>\n    <\/div>\n<\/div>\n","protected":false},"excerpt":{"rendered":"<p>Teknoloji ve bili\u015fim alan\u0131nda kariyer hedefleyenleri destekleyen platformumuz Techcareer.net, Do\u011fu Anadolu Kalk\u0131nma Ajans\u0131 (DAKA) ile yepyeni bir i\u015f birli\u011fine imza att\u0131. Bu kapsamda istihdam odakl\u0131 ger\u00e7ekle\u015ftirilecek bootcamp i\u00e7in ba\u015fvurular al\u0131nmaya ba\u015fland\u0131. DAKA, 2021 y\u0131l\u0131nda ba\u015flatm\u0131\u015f oldu\u011fu &#8220;Yaz\u0131l\u0131m Hareketi&#8221; faaliyeti kapsam\u0131nda istihdam odakl\u0131 yeni e\u011fitimini Techcareer.net i\u015f birli\u011finde ger\u00e7ekle\u015ftirecek. Ba\u015fta Van olmak \u00fczere Bitlis, Mu\u015f, Hakkari [&hellip;]<\/p>\n<!-- templates\/buttons-placeholder.php -->\n<div class=\"da-reactions-outer TpostID17816\">\n\t    <div class=\"da-reactions-data da-reactions-container-async center\"\n         data-type=\"post\"\n         data-id=\"17816\"\n         id=\"da-reactions-slot-post-17816\">\n        <div class=\"da-reactions-static\">\n\t\t\t<img src=\"https:\/\/www.kariyer.net\/kariyer-rehberi\/wp-content\/plugins\/da-reactions\/assets\/dist\/loading.svg\" alt=\"Loading spinner\" width=\"48\" height=\"48\" style=\"width:48px\" \/>\n        <\/div>\n    <\/div>\n<\/div>\n","protected":false},"author":12,"featured_media":17818,"comment_status":"closed","ping_status":"open","sticky":false,"template":"","format":"standard","meta":{"footnotes":"","_elementor_edit_mode":"","_elementor_template_type":"","_elementor_data":"","_elementor_page_settings":null,"_elementor_conditions":[]},"categories":[2214],"tags":[2195,1776],"class_list":{"0":"post-17816","1":"post","2":"type-post","3":"status-publish","4":"format-standard","5":"has-post-thumbnail","7":"category-yasam","8":"tag-daka","9":"tag-techcareer-net"},"yoast_head":"<!-- This site is optimized with the Yoast SEO Premium plugin v21.4 (Yoast SEO v27.0) - https:\/\/yoast.com\/product\/yoast-seo-premium-wordpress\/ -->\n<title>Techcareer.net&#039;ten istihdam odakl\u0131 yaz\u0131l\u0131m hareketine destek!<\/title>\n<meta name=\"description\" content=\"Techcareer.net&#039;ten yepyeni bir i\u015f birli\u011fi! Techcareer.net, Do\u011fu Anadolu Kalk\u0131nma Ajans\u0131 (DAKA) ile yepyeni bir i\u015f birli\u011fine imza att\u0131.\" \/>\n<meta name=\"robots\" content=\"index, follow, max-snippet:-1, max-image-preview:large, max-video-preview:-1\" \/>\n<link rel=\"canonical\" href=\"https:\/\/www.kariyer.net\/kariyer-rehberi\/techcareer-netten-istihdam-odakli-yazilim-hareketine-destek\/\" \/>\n<meta property=\"og:locale\" content=\"tr_TR\" \/>\n<meta property=\"og:type\" content=\"article\" \/>\n<meta property=\"og:title\" content=\"Techcareer.net&#039;ten istihdam odakl\u0131 yaz\u0131l\u0131m hareketine destek!\" \/>\n<meta property=\"og:description\" content=\"Teknoloji ve bili\u015fim alan\u0131nda kariyer hedefleyenleri destekleyen platformumuz Techcareer.net, Do\u011fu Anadolu Kalk\u0131nma Ajans\u0131 (DAKA) ile yepyeni bir i\u015f\" \/>\n<meta property=\"og:url\" content=\"https:\/\/www.kariyer.net\/kariyer-rehberi\/techcareer-netten-istihdam-odakli-yazilim-hareketine-destek\/\" \/>\n<meta property=\"og:site_name\" content=\"Kariyer Rehberi\" \/>\n<meta property=\"article:published_time\" content=\"2023-11-19T13:54:55+00:00\" \/>\n<meta property=\"article:modified_time\" content=\"2024-08-08T18:07:58+00:00\" \/>\n<meta property=\"og:image\" content=\"https:\/\/www.kariyer.net\/kariyer-rehberi\/wp-content\/uploads\/2023\/11\/yazilim_hareketi.jpg\" \/>\n\t<meta property=\"og:image:width\" content=\"900\" \/>\n\t<meta property=\"og:image:height\" content=\"600\" \/>\n\t<meta property=\"og:image:type\" content=\"image\/jpeg\" \/>\n<meta name=\"author\" content=\"Edit\u00f6r\" \/>\n<meta name=\"twitter:card\" content=\"summary_large_image\" \/>\n<meta name=\"twitter:label1\" content=\"Yazan:\" \/>\n\t<meta name=\"twitter:data1\" content=\"Edit\u00f6r\" \/>\n\t<meta name=\"twitter:label2\" content=\"Tahmini okuma s\u00fcresi\" \/>\n\t<meta name=\"twitter:data2\" content=\"2 dakika\" \/>\n<!-- \/ Yoast SEO Premium plugin. -->","yoast_head_json":{"title":"Techcareer.net'ten istihdam odakl\u0131 yaz\u0131l\u0131m hareketine destek!","description":"Techcareer.net'ten yepyeni bir i\u015f birli\u011fi! Techcareer.net, Do\u011fu Anadolu Kalk\u0131nma Ajans\u0131 (DAKA) ile yepyeni bir i\u015f birli\u011fine imza att\u0131.","robots":{"index":"index","follow":"follow","max-snippet":"max-snippet:-1","max-image-preview":"max-image-preview:large","max-video-preview":"max-video-preview:-1"},"canonical":"https:\/\/www.kariyer.net\/kariyer-rehberi\/techcareer-netten-istihdam-odakli-yazilim-hareketine-destek\/","og_locale":"tr_TR","og_type":"article","og_title":"Techcareer.net'ten istihdam odakl\u0131 yaz\u0131l\u0131m hareketine destek!","og_description":"Teknoloji ve bili\u015fim alan\u0131nda kariyer hedefleyenleri destekleyen platformumuz Techcareer.net, Do\u011fu Anadolu Kalk\u0131nma Ajans\u0131 (DAKA) ile yepyeni bir i\u015f","og_url":"https:\/\/www.kariyer.net\/kariyer-rehberi\/techcareer-netten-istihdam-odakli-yazilim-hareketine-destek\/","og_site_name":"Kariyer Rehberi","article_published_time":"2023-11-19T13:54:55+00:00","article_modified_time":"2024-08-08T18:07:58+00:00","og_image":[{"width":900,"height":600,"url":"https:\/\/www.kariyer.net\/kariyer-rehberi\/wp-content\/uploads\/2023\/11\/yazilim_hareketi.jpg","type":"image\/jpeg"}],"author":"Edit\u00f6r","twitter_card":"summary_large_image","twitter_misc":{"Yazan:":"Edit\u00f6r","Tahmini okuma s\u00fcresi":"2 dakika"},"schema":{"@context":"https:\/\/schema.org","@graph":[{"@type":"Article","@id":"https:\/\/www.kariyer.net\/kariyer-rehberi\/techcareer-netten-istihdam-odakli-yazilim-hareketine-destek\/#article","isPartOf":{"@id":"https:\/\/www.kariyer.net\/kariyer-rehberi\/techcareer-netten-istihdam-odakli-yazilim-hareketine-destek\/"},"author":{"name":"Edit\u00f6r","@id":"https:\/\/www.kariyer.net\/kariyer-rehberi\/#\/schema\/person\/94fd6e49c7ff1b1b2565a2cc4fd685dd"},"headline":"Techcareer.net&#8217;ten istihdam odakl\u0131 yaz\u0131l\u0131m hareketine destek!","datePublished":"2023-11-19T13:54:55+00:00","dateModified":"2024-08-08T18:07:58+00:00","mainEntityOfPage":{"@id":"https:\/\/www.kariyer.net\/kariyer-rehberi\/techcareer-netten-istihdam-odakli-yazilim-hareketine-destek\/"},"wordCount":403,"publisher":{"@id":"https:\/\/www.kariyer.net\/kariyer-rehberi\/#organization"},"image":{"@id":"https:\/\/www.kariyer.net\/kariyer-rehberi\/techcareer-netten-istihdam-odakli-yazilim-hareketine-destek\/#primaryimage"},"thumbnailUrl":"https:\/\/www.kariyer.net\/kariyer-rehberi\/wp-content\/uploads\/2023\/11\/yazilim_hareketi.jpg","keywords":["daka","Techcareer.net"],"articleSection":["Ya\u015fam"],"inLanguage":"tr"},{"@type":"WebPage","@id":"https:\/\/www.kariyer.net\/kariyer-rehberi\/techcareer-netten-istihdam-odakli-yazilim-hareketine-destek\/","url":"https:\/\/www.kariyer.net\/kariyer-rehberi\/techcareer-netten-istihdam-odakli-yazilim-hareketine-destek\/","name":"Techcareer.net'ten istihdam odakl\u0131 yaz\u0131l\u0131m hareketine destek!","isPartOf":{"@id":"https:\/\/www.kariyer.net\/kariyer-rehberi\/#website"},"primaryImageOfPage":{"@id":"https:\/\/www.kariyer.net\/kariyer-rehberi\/techcareer-netten-istihdam-odakli-yazilim-hareketine-destek\/#primaryimage"},"image":{"@id":"https:\/\/www.kariyer.net\/kariyer-rehberi\/techcareer-netten-istihdam-odakli-yazilim-hareketine-destek\/#primaryimage"},"thumbnailUrl":"https:\/\/www.kariyer.net\/kariyer-rehberi\/wp-content\/uploads\/2023\/11\/yazilim_hareketi.jpg","datePublished":"2023-11-19T13:54:55+00:00","dateModified":"2024-08-08T18:07:58+00:00","description":"Techcareer.net'ten yepyeni bir i\u015f birli\u011fi! Techcareer.net, Do\u011fu Anadolu Kalk\u0131nma Ajans\u0131 (DAKA) ile yepyeni bir i\u015f birli\u011fine imza att\u0131.","breadcrumb":{"@id":"https:\/\/www.kariyer.net\/kariyer-rehberi\/techcareer-netten-istihdam-odakli-yazilim-hareketine-destek\/#breadcrumb"},"inLanguage":"tr","potentialAction":[{"@type":"ReadAction","target":["https:\/\/www.kariyer.net\/kariyer-rehberi\/techcareer-netten-istihdam-odakli-yazilim-hareketine-destek\/"]}]},{"@type":"ImageObject","inLanguage":"tr","@id":"https:\/\/www.kariyer.net\/kariyer-rehberi\/techcareer-netten-istihdam-odakli-yazilim-hareketine-destek\/#primaryimage","url":"https:\/\/www.kariyer.net\/kariyer-rehberi\/wp-content\/uploads\/2023\/11\/yazilim_hareketi.jpg","contentUrl":"https:\/\/www.kariyer.net\/kariyer-rehberi\/wp-content\/uploads\/2023\/11\/yazilim_hareketi.jpg","width":900,"height":600},{"@type":"BreadcrumbList","@id":"https:\/\/www.kariyer.net\/kariyer-rehberi\/techcareer-netten-istihdam-odakli-yazilim-hareketine-destek\/#breadcrumb","itemListElement":[{"@type":"ListItem","position":1,"name":"Anasayfa","item":"https:\/\/www.kariyer.net\/kariyer-rehberi\/"},{"@type":"ListItem","position":2,"name":"Techcareer.net&#8217;ten istihdam odakl\u0131 yaz\u0131l\u0131m hareketine destek!"}]},{"@type":"WebSite","@id":"https:\/\/www.kariyer.net\/kariyer-rehberi\/#website","url":"https:\/\/www.kariyer.net\/kariyer-rehberi\/","name":"Kariyer Rehberi","description":"\u0130\u015f D\u00fcnyas\u0131yla \u0130lgili Bilmek \u0130stedi\u011finiz Her \u015eey","publisher":{"@id":"https:\/\/www.kariyer.net\/kariyer-rehberi\/#organization"},"potentialAction":[{"@type":"SearchAction","target":{"@type":"EntryPoint","urlTemplate":"https:\/\/www.kariyer.net\/kariyer-rehberi\/?s={search_term_string}"},"query-input":{"@type":"PropertyValueSpecification","valueRequired":true,"valueName":"search_term_string"}}],"inLanguage":"tr"},{"@type":"Organization","@id":"https:\/\/www.kariyer.net\/kariyer-rehberi\/#organization","name":"Kariyer.net","url":"https:\/\/www.kariyer.net\/kariyer-rehberi\/","logo":{"@type":"ImageObject","inLanguage":"tr","@id":"https:\/\/www.kariyer.net\/kariyer-rehberi\/#\/schema\/logo\/image\/","url":"https:\/\/www.kariyer.net\/kariyer-rehberi-new\/wp-content\/uploads\/2023\/01\/og-image11.jpg","contentUrl":"https:\/\/www.kariyer.net\/kariyer-rehberi-new\/wp-content\/uploads\/2023\/01\/og-image11.jpg","width":800,"height":800,"caption":"Kariyer.net"},"image":{"@id":"https:\/\/www.kariyer.net\/kariyer-rehberi\/#\/schema\/logo\/image\/"}},{"@type":"Person","@id":"https:\/\/www.kariyer.net\/kariyer-rehberi\/#\/schema\/person\/94fd6e49c7ff1b1b2565a2cc4fd685dd","name":"Edit\u00f6r","image":{"@type":"ImageObject","inLanguage":"tr","@id":"https:\/\/www.kariyer.net\/kariyer-rehberi\/#\/schema\/person\/image\/","url":"https:\/\/secure.gravatar.com\/avatar\/0c4fe6688343aed3693b15573beae12c08ace5565409d5ab7509bf9c115f458d?s=96&d=mm&r=g","contentUrl":"https:\/\/secure.gravatar.com\/avatar\/0c4fe6688343aed3693b15573beae12c08ace5565409d5ab7509bf9c115f458d?s=96&d=mm&r=g","caption":"Edit\u00f6r"},"url":"https:\/\/www.kariyer.net\/kariyer-rehberi\/author\/editor\/"}]}},"_links":{"self":[{"href":"https:\/\/www.kariyer.net\/kariyer-rehberi\/wp-json\/wp\/v2\/posts\/17816","targetHints":{"allow":["GET"]}}],"collection":[{"href":"https:\/\/www.kariyer.net\/kariyer-rehberi\/wp-json\/wp\/v2\/posts"}],"about":[{"href":"https:\/\/www.kariyer.net\/kariyer-rehberi\/wp-json\/wp\/v2\/types\/post"}],"author":[{"embeddable":true,"href":"https:\/\/www.kariyer.net\/kariyer-rehberi\/wp-json\/wp\/v2\/users\/12"}],"replies":[{"embeddable":true,"href":"https:\/\/www.kariyer.net\/kariyer-rehberi\/wp-json\/wp\/v2\/comments?post=17816"}],"version-history":[{"count":1,"href":"https:\/\/www.kariyer.net\/kariyer-rehberi\/wp-json\/wp\/v2\/posts\/17816\/revisions"}],"predecessor-version":[{"id":20521,"href":"https:\/\/www.kariyer.net\/kariyer-rehberi\/wp-json\/wp\/v2\/posts\/17816\/revisions\/20521"}],"wp:featuredmedia":[{"embeddable":true,"href":"https:\/\/www.kariyer.net\/kariyer-rehberi\/wp-json\/wp\/v2\/media\/17818"}],"wp:attachment":[{"href":"https:\/\/www.kariyer.net\/kariyer-rehberi\/wp-json\/wp\/v2\/media?parent=17816"}],"wp:term":[{"taxonomy":"category","embeddable":true,"href":"https:\/\/www.kariyer.net\/kariyer-rehberi\/wp-json\/wp\/v2\/categories?post=17816"},{"taxonomy":"post_tag","embeddable":true,"href":"https:\/\/www.kariyer.net\/kariyer-rehberi\/wp-json\/wp\/v2\/tags?post=17816"}],"curies":[{"name":"wp","href":"https:\/\/api.w.org\/{rel}","templated":true}]}}