{"id":17821,"date":"2023-11-23T09:30:08","date_gmt":"2023-11-23T06:30:08","guid":{"rendered":"https:\/\/www.kariyer.net\/kariyer-rehberi\/?p=17821"},"modified":"2025-12-18T01:07:03","modified_gmt":"2025-12-17T22:07:03","slug":"is-gorusmelerinde-fark-yaratmak-icin-ipuclari","status":"publish","type":"post","link":"https:\/\/www.kariyer.net\/kariyer-rehberi\/is-gorusmelerinde-fark-yaratmak-icin-ipuclari\/","title":{"rendered":"\u0130\u015f g\u00f6r\u00fc\u015fmelerinde fark yaratmak i\u00e7in ipu\u00e7lar\u0131"},"content":{"rendered":"<p><strong>Uzun y\u0131llar alan e\u011fitim hayat\u0131, deneyim kazanmak i\u00e7in yap\u0131lan stajlar, \u00f6ne \u00e7\u0131kmak i\u00e7in al\u0131nan \u00e7e\u015fitli e\u011fitimler derken, tam beklentine uygun bir i\u015f f\u0131rsat\u0131 buldun, ba\u015fvurdun ve g\u00f6r\u00fc\u015fmeye davet edildin. \u015eimdi ne yapmal\u0131?<\/strong><\/p>\n<p>\u0130lk i\u015f g\u00f6r\u00fc\u015fmesini baz alarak konuya girmi\u015f olsak da asl\u0131nda farkl\u0131 a\u00e7\u0131dan da bakabiliriz. \u015e\u00f6yle ki uzun y\u0131llard\u0131r farkl\u0131 deneyimler elde etti\u011fin bir i\u015f hayat\u0131n olmu\u015f olabilir. \u00c7al\u0131\u015f\u0131rken \u00f6\u011frenen olmaya devam etmi\u015f ve daha iyi pozisyona ge\u00e7mek i\u00e7in iyi bir f\u0131rsat yakalam\u0131\u015f olabilirsin. Bu f\u0131rsat\u0131 en iyi \u015fekilde de\u011ferlendirmek i\u00e7in i\u015f g\u00f6r\u00fc\u015fmesinde nas\u0131l davranmal\u0131s\u0131n?<\/p>\n<p>Ge\u00e7mi\u015fin ya da altyap\u0131n ne kadar farkl\u0131 olursa olsun, i\u015f g\u00f6r\u00fc\u015fmesi anlar\u0131 her zaman heyecan verici hatta daha da \u00f6tesi stresli zamanlard\u0131r.<\/p>\n<p>B\u00f6yle anlar\u0131 iyi y\u00f6netmek i\u00e7in yap\u0131labilecekleri 3 ad\u0131mda \u00f6zetlersek;<\/p>\n<ol>\n<li>Stres y\u00f6netimi yapmak<\/li>\n<li>Heyecan y\u00f6netimini yapmak<\/li>\n<li>\u0130lk ya da farkl\u0131 olmak<\/li>\n<\/ol>\n<h2><strong>\u0130\u015f g\u00f6r\u00fc\u015fmesinde stres y\u00f6netimi yapmak i\u00e7in<\/strong><\/h2>\n<p>G\u00f6r\u00fc\u015fmeye gitmeden \u00f6nce kendini iyi haz\u0131rlamal\u0131s\u0131n. \u0130lgili belgeleri ve \u00f6zellikle vurgulamak istediklerini not alarak yan\u0131nda bulundur. G\u00f6r\u00fc\u015fme konusuyla ilgili ara\u015ft\u0131rma yap. <a href=\"https:\/\/www.kariyer.net\/kariyer-rehberi\/is-gorusmesi-sorulari-ve-bu-sorulara-ideal-cevaplar\/\" target=\"_blank\" rel=\"noopener\"><strong>Olas\u0131 sorular\u0131<\/strong><\/a> \u00f6nceden d\u00fc\u015f\u00fcn\u00fcp cevaplar\u0131n\u0131 haz\u0131rla. Kendini ve yeteneklerini etkili bir \u015fekilde ifade edebilmen i\u00e7in bunlar \u00f6nemli.<\/p>\n<p>G\u00f6r\u00fc\u015fme \u00f6ncesinde derin nefes egzersizleri yaparak kendini sakinle\u015ftir ve ana odaklanmaya \u00e7al\u0131\u015f. Derin ve kontroll\u00fc nefes almak, stresi azaltan y\u00f6ntemlerden en etkilisidir.<\/p>\n<p>\u0130lk 5 dakika stresini y\u00f6net. \u0130lk 5 dakika g\u00f6r\u00fc\u015fmelerde en stresli oldu\u011fumuz zaman dilimidir. Bu s\u00fcreyi haz\u0131r bir konu\u015fmayla ge\u00e7irmek rahatlatacakt\u0131r.<\/p>\n<p>G\u00f6r\u00fc\u015fme esnas\u0131nda kendini g\u00fc\u00e7l\u00fc ve rahat hissetmek i\u00e7in dik dur, g\u00fcler y\u00fczl\u00fc ol ve g\u00f6z temas\u0131 kurmaya \u00f6zen g\u00f6ster. Bu, hem kendini daha iyi hissetmene hem de kar\u015f\u0131ndaki ki\u015fiye olumlu bir izlenim b\u0131rakmana yard\u0131mc\u0131 olacakt\u0131r.<\/p>\n<h2><strong>\u0130\u015f g\u00f6r\u00fc\u015fmesinde heyecan y\u00f6netimi yapmak i\u00e7in<\/strong><\/h2>\n<p>G\u00f6r\u00fc\u015fme \u00f6ncesinde ve g\u00f6r\u00fc\u015fme an\u0131nda olumlu ve yap\u0131c\u0131 d\u00fc\u015f\u00fcnceler geli\u015ftirmeye \u00e7al\u0131\u015f. Kendine g\u00fcven ve ba\u015far\u0131l\u0131 olaca\u011f\u0131na inan. Kelimelerini de ayn\u0131 \u015fekilde olumlu ifadelerde se\u00e7meye gayret et, bu alg\u0131y\u0131 olduk\u00e7a etkileyecektir.<\/p>\n<p>\u00d6rne\u011fin; sana sorulan bir soruya, &#8220;Hay\u0131r, bir fikrim yok&#8221; ya da &#8220;Emin de\u011filim&#8221; gibi ifadeler yerine daha yap\u0131c\u0131 olan ifadelerle yan\u0131t vermeye gayret g\u00f6ster. Bildi\u011fini vurgulamay\u0131, bilmedi\u011fini \u00f6\u011frenmeye istekli oldu\u011funu ya da emin oldu\u011fun konular\u0131 vurgulamak \u00e7\u00f6z\u00fcm odakl\u0131 oldu\u011funu g\u00f6sterir.<\/p>\n<p>G\u00f6r\u00fc\u015fmeye zaman\u0131nda gitmeye \u00f6zen g\u00f6ster. Hatta m\u00fcmk\u00fcnse zaman\u0131ndan biraz daha \u00f6nce gidip ortama al\u0131\u015fmaya \u00e7al\u0131\u015fmak kendini daha rahat hissetmeni sa\u011flayacakt\u0131r. G\u00f6r\u00fc\u015fme \u00f6ncesi ya da g\u00f6r\u00fc\u015fme an\u0131nda beklenmedik durumlarla kar\u015f\u0131la\u015f\u0131labilir. Bu gibi durumlarda esnek olmaya \u00e7al\u0131\u015f ve sakin kalmaya \u00f6zen g\u00f6ster. Kriz anlar\u0131 ne kadar \u00e7evik oldu\u011funu g\u00f6stermek i\u00e7in bir f\u0131rsat olabilir.<\/p>\n<h2><strong>\u0130\u015f g\u00f6r\u00fc\u015fmesinde ya ilk ya da farkl\u0131 olmak i\u00e7in <\/strong><\/h2>\n<p>Bir ortamda ya da bir kitleye kar\u015f\u0131 etki b\u0131rakabilmek, tercih edilen olmak i\u00e7in ya ilk olmak ya da farkl\u0131 olmak gerekir. \u0130\u015f g\u00f6r\u00fc\u015fmelerinde de aran\u0131lan ki\u015fi oldu\u011funu g\u00f6stermek i\u00e7in seni di\u011ferlerinden ay\u0131ran \u00f6zelliklerini, ba\u015far\u0131lar\u0131n\u0131 ya da yetkinliklerini ortaya koyman \u00f6nemlidir.<\/p>\n<p>\u00d6ncelikle kendini tan\u0131 ve seni ilk yapacak olan e\u011fitimlerini, ba\u015far\u0131lar\u0131n\u0131, deneyimlerini, hobilerini mutlaka \u00f6zge\u00e7mi\u015finde ya da \u00f6n yaz\u0131nda belirt. \u00d6rne\u011fin; h\u0131zl\u0131 okuma becerisine sahip olmak, \u00f6d\u00fcl alan bir projenden bahsetmek ya da birden fazla yabanc\u0131 dil bilmek gibi.<\/p>\n<p>Mutlaka g\u00fc\u00e7l\u00fc y\u00f6nlerini vurgula. Bununla birlikte geli\u015fime a\u00e7\u0131k olan y\u00f6nlerini bilmen de neyi \u00f6n plana \u00e7\u0131karman gerekti\u011fini g\u00f6rmeni sa\u011flar. Kendin i\u00e7in bir <strong><a href=\"https:\/\/www.kariyer.net\/kariyer-rehberi\/kisisel-swot-analizini-kullanarak-kariyerinde-nasil-fark-yaratirsin\/\" target=\"_blank\" rel=\"noopener\">SWOT analizi<\/a><\/strong> yapman bireysel geli\u015fim plan\u0131n\u0131 yapmak i\u00e7in harika bir f\u0131rsatt\u0131r.<\/p>\n<p>Benzer bir SWOT \u00e7al\u0131\u015fmas\u0131n\u0131, g\u00f6r\u00fc\u015fmeye gitti\u011fin kurum i\u00e7in de yapman, kuruma katk\u0131 sa\u011flayabilece\u011fin alanlar\u0131 g\u00f6stermeni sa\u011flar. Ayr\u0131ca b\u00f6yle \u00f6zel bir haz\u0131rl\u0131k <strong>&#8220;ilk olman\u0131, fark yaratman\u0131, ak\u0131lda kalan olman\u0131&#8221;<\/strong> da sa\u011flar.<\/p>\n<h2><strong>3 saat \u2013 3 g\u00fcn \u2013 3 hafta kural\u0131na uy<\/strong><\/h2>\n<p>Bu s\u00fcreler, bizim g\u00f6r\u00fc\u015fme yapt\u0131\u011f\u0131m\u0131z ki\u015fi &amp; kurumda fark yaratmak i\u00e7in yapt\u0131\u011f\u0131m\u0131z dokunma s\u00fcrelerimizdir. \u00d6rne\u011fin;<\/p>\n<ul>\n<li>G\u00f6r\u00fc\u015fmeden sonraki 3 saat i\u00e7erisinde te\u015fekk\u00fcr e-postas\u0131 g\u00f6ndermek,<\/li>\n<li>3. g\u00fcn kendimizle ilgili bir bilgi e-postalamak (Bir yaz\u0131, bir sertifika, bir bilgi payla\u015fmak.)<\/li>\n<li>3. haftada g\u00f6r\u00fc\u015fmenin neticesini takip etmek.<\/li>\n<\/ul>\n<p>T\u00fcm bunlara ek olarak \u00f6zellikle son y\u0131llarda daha da \u00f6nem kazanan; dijital becerilere sahip olmak, duygusal zekay\u0131 kullanmak, \u00e7eviklik ve tak\u0131m \u00e7al\u0131\u015fmas\u0131na yatk\u0131nl\u0131k gibi konularda yapt\u0131klar\u0131m\u0131z ve yapabileceklerimiz bizimle ilgili harika ipu\u00e7lar\u0131 verecektir.<\/p>\n<!-- templates\/buttons-placeholder.php -->\n<div class=\"da-reactions-outer TpostID17821\">\n\t    <div class=\"da-reactions-data da-reactions-container-async center\"\n         data-type=\"post\"\n         data-id=\"17821\"\n         id=\"da-reactions-slot-post-17821\">\n        <div class=\"da-reactions-static\">\n\t\t\t<img src=\"https:\/\/www.kariyer.net\/kariyer-rehberi\/wp-content\/plugins\/da-reactions\/assets\/dist\/loading.svg\" alt=\"Loading spinner\" width=\"48\" height=\"48\" style=\"width:48px\" \/>\n        <\/div>\n    <\/div>\n<\/div>\n","protected":false},"excerpt":{"rendered":"<p>Uzun y\u0131llar alan e\u011fitim hayat\u0131, deneyim kazanmak i\u00e7in yap\u0131lan stajlar, \u00f6ne \u00e7\u0131kmak i\u00e7in al\u0131nan \u00e7e\u015fitli e\u011fitimler derken, tam beklentine uygun bir i\u015f f\u0131rsat\u0131 buldun, ba\u015fvurdun ve g\u00f6r\u00fc\u015fmeye davet edildin. \u015eimdi ne yapmal\u0131? \u0130lk i\u015f g\u00f6r\u00fc\u015fmesini baz alarak konuya girmi\u015f olsak da asl\u0131nda farkl\u0131 a\u00e7\u0131dan da bakabiliriz. \u015e\u00f6yle ki uzun y\u0131llard\u0131r farkl\u0131 deneyimler elde etti\u011fin bir [&hellip;]<\/p>\n<!-- templates\/buttons-placeholder.php -->\n<div class=\"da-reactions-outer TpostID17821\">\n\t    <div class=\"da-reactions-data da-reactions-container-async center\"\n         data-type=\"post\"\n         data-id=\"17821\"\n         id=\"da-reactions-slot-post-17821\">\n        <div class=\"da-reactions-static\">\n\t\t\t<img src=\"https:\/\/www.kariyer.net\/kariyer-rehberi\/wp-content\/plugins\/da-reactions\/assets\/dist\/loading.svg\" alt=\"Loading spinner\" width=\"48\" height=\"48\" style=\"width:48px\" \/>\n        <\/div>\n    <\/div>\n<\/div>\n","protected":false},"author":37,"featured_media":17824,"comment_status":"closed","ping_status":"open","sticky":false,"template":"","format":"standard","meta":{"footnotes":"","_elementor_edit_mode":"","_elementor_template_type":"","_elementor_data":"","_elementor_page_settings":null,"_elementor_conditions":[]},"categories":[43,2211,42,45],"tags":[2196],"class_list":{"0":"post-17821","1":"post","2":"type-post","3":"status-publish","4":"format-standard","5":"has-post-thumbnail","7":"category-is-gorusmesine-hazirlik","8":"category-kariyer-gelisimi","9":"category-mulakat","10":"category-mulakat-taktikleri","11":"tag-gokce-dogan"},"yoast_head":"<!-- This site is optimized with the Yoast SEO Premium plugin v21.4 (Yoast SEO v27.0) - https:\/\/yoast.com\/product\/yoast-seo-premium-wordpress\/ -->\n<title>\u0130\u015f g\u00f6r\u00fc\u015fmelerinde fark yaratmak i\u00e7in ipu\u00e7lar\u0131<\/title>\n<meta name=\"description\" content=\"Ge\u00e7mi\u015fin ya da altyap\u0131n ne kadar farkl\u0131 olursa olsun, i\u015f g\u00f6r\u00fc\u015fmesi anlar\u0131 her zaman heyecan verici hatta daha da \u00f6tesi stresli zamanlard\u0131r.\" \/>\n<meta name=\"robots\" content=\"index, follow, max-snippet:-1, max-image-preview:large, max-video-preview:-1\" \/>\n<link rel=\"canonical\" href=\"https:\/\/www.kariyer.net\/kariyer-rehberi\/is-gorusmelerinde-fark-yaratmak-icin-ipuclari\/\" \/>\n<meta property=\"og:locale\" content=\"tr_TR\" \/>\n<meta property=\"og:type\" content=\"article\" \/>\n<meta property=\"og:title\" content=\"\u0130\u015f g\u00f6r\u00fc\u015fmelerinde fark yaratmak i\u00e7in ipu\u00e7lar\u0131\" \/>\n<meta property=\"og:description\" content=\"Uzun y\u0131llar alan e\u011fitim hayat\u0131, deneyim kazanmak i\u00e7in yap\u0131lan stajlar, \u00f6ne \u00e7\u0131kmak i\u00e7in al\u0131nan \u00e7e\u015fitli e\u011fitimler derken, tam beklentine uygun bir i\u015f\" \/>\n<meta property=\"og:url\" content=\"https:\/\/www.kariyer.net\/kariyer-rehberi\/is-gorusmelerinde-fark-yaratmak-icin-ipuclari\/\" \/>\n<meta property=\"og:site_name\" content=\"Kariyer Rehberi\" \/>\n<meta property=\"article:published_time\" content=\"2023-11-23T06:30:08+00:00\" \/>\n<meta property=\"article:modified_time\" content=\"2025-12-17T22:07:03+00:00\" \/>\n<meta property=\"og:image\" content=\"https:\/\/www.kariyer.net\/kariyer-rehberi\/wp-content\/uploads\/2023\/11\/is_gorusmesi.jpg\" \/>\n\t<meta property=\"og:image:width\" content=\"900\" \/>\n\t<meta property=\"og:image:height\" content=\"600\" \/>\n\t<meta property=\"og:image:type\" content=\"image\/jpeg\" \/>\n<meta name=\"author\" content=\"G\u00f6k\u00e7e Do\u011fan\" \/>\n<meta name=\"twitter:card\" content=\"summary_large_image\" \/>\n<meta name=\"twitter:label1\" content=\"Yazan:\" \/>\n\t<meta name=\"twitter:data1\" content=\"G\u00f6k\u00e7e Do\u011fan\" \/>\n\t<meta name=\"twitter:label2\" content=\"Tahmini okuma s\u00fcresi\" \/>\n\t<meta name=\"twitter:data2\" content=\"4 dakika\" \/>\n<!-- \/ Yoast SEO Premium plugin. -->","yoast_head_json":{"title":"\u0130\u015f g\u00f6r\u00fc\u015fmelerinde fark yaratmak i\u00e7in ipu\u00e7lar\u0131","description":"Ge\u00e7mi\u015fin ya da altyap\u0131n ne kadar farkl\u0131 olursa olsun, i\u015f g\u00f6r\u00fc\u015fmesi anlar\u0131 her zaman heyecan verici hatta daha da \u00f6tesi stresli zamanlard\u0131r.","robots":{"index":"index","follow":"follow","max-snippet":"max-snippet:-1","max-image-preview":"max-image-preview:large","max-video-preview":"max-video-preview:-1"},"canonical":"https:\/\/www.kariyer.net\/kariyer-rehberi\/is-gorusmelerinde-fark-yaratmak-icin-ipuclari\/","og_locale":"tr_TR","og_type":"article","og_title":"\u0130\u015f g\u00f6r\u00fc\u015fmelerinde fark yaratmak i\u00e7in ipu\u00e7lar\u0131","og_description":"Uzun y\u0131llar alan e\u011fitim hayat\u0131, deneyim kazanmak i\u00e7in yap\u0131lan stajlar, \u00f6ne \u00e7\u0131kmak i\u00e7in al\u0131nan \u00e7e\u015fitli e\u011fitimler derken, tam beklentine uygun bir i\u015f","og_url":"https:\/\/www.kariyer.net\/kariyer-rehberi\/is-gorusmelerinde-fark-yaratmak-icin-ipuclari\/","og_site_name":"Kariyer Rehberi","article_published_time":"2023-11-23T06:30:08+00:00","article_modified_time":"2025-12-17T22:07:03+00:00","og_image":[{"width":900,"height":600,"url":"https:\/\/www.kariyer.net\/kariyer-rehberi\/wp-content\/uploads\/2023\/11\/is_gorusmesi.jpg","type":"image\/jpeg"}],"author":"G\u00f6k\u00e7e Do\u011fan","twitter_card":"summary_large_image","twitter_misc":{"Yazan:":"G\u00f6k\u00e7e Do\u011fan","Tahmini okuma s\u00fcresi":"4 dakika"},"schema":{"@context":"https:\/\/schema.org","@graph":[{"@type":"Article","@id":"https:\/\/www.kariyer.net\/kariyer-rehberi\/is-gorusmelerinde-fark-yaratmak-icin-ipuclari\/#article","isPartOf":{"@id":"https:\/\/www.kariyer.net\/kariyer-rehberi\/is-gorusmelerinde-fark-yaratmak-icin-ipuclari\/"},"author":{"name":"G\u00f6k\u00e7e Do\u011fan","@id":"https:\/\/www.kariyer.net\/kariyer-rehberi\/#\/schema\/person\/914a45252eeb4ef9b402a5f68a0f0449"},"headline":"\u0130\u015f g\u00f6r\u00fc\u015fmelerinde fark yaratmak i\u00e7in ipu\u00e7lar\u0131","datePublished":"2023-11-23T06:30:08+00:00","dateModified":"2025-12-17T22:07:03+00:00","mainEntityOfPage":{"@id":"https:\/\/www.kariyer.net\/kariyer-rehberi\/is-gorusmelerinde-fark-yaratmak-icin-ipuclari\/"},"wordCount":844,"publisher":{"@id":"https:\/\/www.kariyer.net\/kariyer-rehberi\/#organization"},"image":{"@id":"https:\/\/www.kariyer.net\/kariyer-rehberi\/is-gorusmelerinde-fark-yaratmak-icin-ipuclari\/#primaryimage"},"thumbnailUrl":"https:\/\/www.kariyer.net\/kariyer-rehberi\/wp-content\/uploads\/2023\/11\/is_gorusmesi.jpg","keywords":["G\u00f6k\u00e7e Do\u011fan"],"articleSection":["\u0130\u015f G\u00f6r\u00fc\u015fmesine Haz\u0131rl\u0131k","Kariyer Geli\u015fimi","M\u00fclakat","M\u00fclakat Taktikleri"],"inLanguage":"tr"},{"@type":"WebPage","@id":"https:\/\/www.kariyer.net\/kariyer-rehberi\/is-gorusmelerinde-fark-yaratmak-icin-ipuclari\/","url":"https:\/\/www.kariyer.net\/kariyer-rehberi\/is-gorusmelerinde-fark-yaratmak-icin-ipuclari\/","name":"\u0130\u015f g\u00f6r\u00fc\u015fmelerinde fark yaratmak i\u00e7in ipu\u00e7lar\u0131","isPartOf":{"@id":"https:\/\/www.kariyer.net\/kariyer-rehberi\/#website"},"primaryImageOfPage":{"@id":"https:\/\/www.kariyer.net\/kariyer-rehberi\/is-gorusmelerinde-fark-yaratmak-icin-ipuclari\/#primaryimage"},"image":{"@id":"https:\/\/www.kariyer.net\/kariyer-rehberi\/is-gorusmelerinde-fark-yaratmak-icin-ipuclari\/#primaryimage"},"thumbnailUrl":"https:\/\/www.kariyer.net\/kariyer-rehberi\/wp-content\/uploads\/2023\/11\/is_gorusmesi.jpg","datePublished":"2023-11-23T06:30:08+00:00","dateModified":"2025-12-17T22:07:03+00:00","description":"Ge\u00e7mi\u015fin ya da altyap\u0131n ne kadar farkl\u0131 olursa olsun, i\u015f g\u00f6r\u00fc\u015fmesi anlar\u0131 her zaman heyecan verici hatta daha da \u00f6tesi stresli zamanlard\u0131r.","breadcrumb":{"@id":"https:\/\/www.kariyer.net\/kariyer-rehberi\/is-gorusmelerinde-fark-yaratmak-icin-ipuclari\/#breadcrumb"},"inLanguage":"tr","potentialAction":[{"@type":"ReadAction","target":["https:\/\/www.kariyer.net\/kariyer-rehberi\/is-gorusmelerinde-fark-yaratmak-icin-ipuclari\/"]}]},{"@type":"ImageObject","inLanguage":"tr","@id":"https:\/\/www.kariyer.net\/kariyer-rehberi\/is-gorusmelerinde-fark-yaratmak-icin-ipuclari\/#primaryimage","url":"https:\/\/www.kariyer.net\/kariyer-rehberi\/wp-content\/uploads\/2023\/11\/is_gorusmesi.jpg","contentUrl":"https:\/\/www.kariyer.net\/kariyer-rehberi\/wp-content\/uploads\/2023\/11\/is_gorusmesi.jpg","width":900,"height":600},{"@type":"BreadcrumbList","@id":"https:\/\/www.kariyer.net\/kariyer-rehberi\/is-gorusmelerinde-fark-yaratmak-icin-ipuclari\/#breadcrumb","itemListElement":[{"@type":"ListItem","position":1,"name":"Anasayfa","item":"https:\/\/www.kariyer.net\/kariyer-rehberi\/"},{"@type":"ListItem","position":2,"name":"\u0130\u015f g\u00f6r\u00fc\u015fmelerinde fark yaratmak i\u00e7in ipu\u00e7lar\u0131"}]},{"@type":"WebSite","@id":"https:\/\/www.kariyer.net\/kariyer-rehberi\/#website","url":"https:\/\/www.kariyer.net\/kariyer-rehberi\/","name":"Kariyer Rehberi","description":"\u0130\u015f D\u00fcnyas\u0131yla \u0130lgili Bilmek \u0130stedi\u011finiz Her \u015eey","publisher":{"@id":"https:\/\/www.kariyer.net\/kariyer-rehberi\/#organization"},"potentialAction":[{"@type":"SearchAction","target":{"@type":"EntryPoint","urlTemplate":"https:\/\/www.kariyer.net\/kariyer-rehberi\/?s={search_term_string}"},"query-input":{"@type":"PropertyValueSpecification","valueRequired":true,"valueName":"search_term_string"}}],"inLanguage":"tr"},{"@type":"Organization","@id":"https:\/\/www.kariyer.net\/kariyer-rehberi\/#organization","name":"Kariyer.net","url":"https:\/\/www.kariyer.net\/kariyer-rehberi\/","logo":{"@type":"ImageObject","inLanguage":"tr","@id":"https:\/\/www.kariyer.net\/kariyer-rehberi\/#\/schema\/logo\/image\/","url":"https:\/\/www.kariyer.net\/kariyer-rehberi-new\/wp-content\/uploads\/2023\/01\/og-image11.jpg","contentUrl":"https:\/\/www.kariyer.net\/kariyer-rehberi-new\/wp-content\/uploads\/2023\/01\/og-image11.jpg","width":800,"height":800,"caption":"Kariyer.net"},"image":{"@id":"https:\/\/www.kariyer.net\/kariyer-rehberi\/#\/schema\/logo\/image\/"}},{"@type":"Person","@id":"https:\/\/www.kariyer.net\/kariyer-rehberi\/#\/schema\/person\/914a45252eeb4ef9b402a5f68a0f0449","name":"G\u00f6k\u00e7e Do\u011fan","image":{"@type":"ImageObject","inLanguage":"tr","@id":"https:\/\/www.kariyer.net\/kariyer-rehberi\/#\/schema\/person\/image\/","url":"https:\/\/www.kariyer.net\/kariyer-rehberi\/wp-content\/uploads\/2025\/12\/gokce_dogan-150x150.jpg","contentUrl":"https:\/\/www.kariyer.net\/kariyer-rehberi\/wp-content\/uploads\/2025\/12\/gokce_dogan-150x150.jpg","caption":"G\u00f6k\u00e7e Do\u011fan"},"description":"1996 y\u0131l\u0131ndan bu yana \u00e7al\u0131\u015fma hayat\u0131nda olan G\u00f6k\u00e7e Do\u011fan, meslek hayat\u0131n\u0131n 19 y\u0131l\u0131n\u0131 sa\u011fl\u0131k sekt\u00f6r\u00fcnde \u00e7al\u0131\u015farak ge\u00e7irmi\u015ftir. Bu s\u00fcre\u00e7te Halkla \u0130li\u015fkiler Y\u00f6netimi, \u015eikayet Y\u00f6netim Sistemi, Kalite S\u00fcre\u00e7leri, \u0130\u015f Geli\u015ftirme faaliyetleri ve i\u00e7 e\u011fitim projelerinde yer alm\u0131\u015ft\u0131r. 2008 y\u0131l\u0131ndan itibaren Indus Dan\u0131\u015fmanl\u0131k b\u00fcnyesinde E\u011fitmen ve Dan\u0131\u015fman olarak \u00e7al\u0131\u015fmakta, blog sitesinde de i\u00e7erikleriyle yer almaktad\u0131r. Ayn\u0131 zamanda ki\u015fisel blo\u011funda ve \u0130K Blog'da da deneyimlerini ve bilgilerini okuyucularla payla\u015fmaktad\u0131r.","url":"https:\/\/www.kariyer.net\/kariyer-rehberi\/author\/gokce-dogan\/"}]}},"_links":{"self":[{"href":"https:\/\/www.kariyer.net\/kariyer-rehberi\/wp-json\/wp\/v2\/posts\/17821","targetHints":{"allow":["GET"]}}],"collection":[{"href":"https:\/\/www.kariyer.net\/kariyer-rehberi\/wp-json\/wp\/v2\/posts"}],"about":[{"href":"https:\/\/www.kariyer.net\/kariyer-rehberi\/wp-json\/wp\/v2\/types\/post"}],"author":[{"embeddable":true,"href":"https:\/\/www.kariyer.net\/kariyer-rehberi\/wp-json\/wp\/v2\/users\/37"}],"replies":[{"embeddable":true,"href":"https:\/\/www.kariyer.net\/kariyer-rehberi\/wp-json\/wp\/v2\/comments?post=17821"}],"version-history":[{"count":2,"href":"https:\/\/www.kariyer.net\/kariyer-rehberi\/wp-json\/wp\/v2\/posts\/17821\/revisions"}],"predecessor-version":[{"id":22693,"href":"https:\/\/www.kariyer.net\/kariyer-rehberi\/wp-json\/wp\/v2\/posts\/17821\/revisions\/22693"}],"wp:featuredmedia":[{"embeddable":true,"href":"https:\/\/www.kariyer.net\/kariyer-rehberi\/wp-json\/wp\/v2\/media\/17824"}],"wp:attachment":[{"href":"https:\/\/www.kariyer.net\/kariyer-rehberi\/wp-json\/wp\/v2\/media?parent=17821"}],"wp:term":[{"taxonomy":"category","embeddable":true,"href":"https:\/\/www.kariyer.net\/kariyer-rehberi\/wp-json\/wp\/v2\/categories?post=17821"},{"taxonomy":"post_tag","embeddable":true,"href":"https:\/\/www.kariyer.net\/kariyer-rehberi\/wp-json\/wp\/v2\/tags?post=17821"}],"curies":[{"name":"wp","href":"https:\/\/api.w.org\/{rel}","templated":true}]}}