{"id":1784,"date":"2007-12-03T02:00:00","date_gmt":"2007-12-03T00:00:00","guid":{"rendered":"http:\/\/92.45.35.169\/yeditepe-universitesi-hastanesi-dunya-markasi-olacak\/"},"modified":"2024-07-03T15:05:36","modified_gmt":"2024-07-03T12:05:36","slug":"yeditepe-universitesi-hastanesi-dunya-markasi-olacak","status":"publish","type":"post","link":"https:\/\/www.kariyer.net\/kariyer-rehberi\/yeditepe-universitesi-hastanesi-dunya-markasi-olacak\/","title":{"rendered":"&#8220;Yeditepe \u00dcniversitesi Hastanesi, d\u00fcnya markas\u0131 olacak&#8221;"},"content":{"rendered":"<div><strong><span style=\"font-weight: normal; font-size: 8.5pt; color: black\"><span style=\"font-size: 11px; font-family: Verdana, Arial, Helvetica, sans-serif\"><\/p>\n<div><strong><span style=\"font-weight: normal; font-size: 8.5pt; color: black\"><img decoding=\"async\" height=\"186\" hspace=\"10\" width=\"160\" align=\"left\" vspace=\"10\" alt=\"\" src=\"http:\/\/web4.kariyer.net\/UploadFiles\/tempPhoto\/kariyerRehberi\/mak384b.jpg\" \/>Do\u011fru i\u015fe do\u011fru insan politikas\u0131 ile yola \u00e7\u0131kan Yeditepe \u00dcniversitesi Hastanesi, sa\u011fl\u0131kl\u0131 nesiller yeti\u015ftirmeyi ama\u00e7l\u0131yor. <\/span><\/strong><\/div>\n<div><span style=\"font-size: 8.5pt; color: black\">Sa\u011fl\u0131k sekt\u00f6r\u00fc hem teknolojinin hem de bu teknolojiyi kullanabilecek kalifiye i\u015f g\u00fcc\u00fcn\u00fcn \u00f6nemli oldu\u011fu bir sekt\u00f6r. B\u00f6yle bir alanda insan kaynaklar\u0131 uygulamalar\u0131 da sa\u011fl\u0131k sekt\u00f6r\u00fcndeki \u015firketlerin ba\u015far\u0131s\u0131nda b\u00fcy\u00fck yer tutuyor. Bu dinamizmin fark\u0131nda olan Yeditepe \u00dcniversitesi Hastanesi, sekt\u00f6rdeki geli\u015fmelere ve \u00e7al\u0131\u015fan memnuniyetine kar\u015f\u0131 son derece duyarl\u0131. Yeditepe \u00dcniversitesi Hastanesi Personel ve Geli\u015fim M\u00fcd\u00fcr\u00fc A. Yunus Sar\u0131y\u0131ld\u0131z, &ldquo;\u00d6zellikle pozisyonun gereklilikleri ve yetkinlikleri fazla oldu\u011funda ilk m\u00fcracaat etti\u011fimiz yer mutlaka Kariyer.net&rdquo; diyor. <\/p>\n<p><strong>Sa\u011fl\u0131k sekt\u00f6r\u00fcn\u00fc nas\u0131l de\u011ferlendiriyorsunuz?<\/strong>Sa\u011fl\u0131k sekt\u00f6r\u00fc hem teknoloji yo\u011fun, hem de emek yo\u011fun bir sekt\u00f6rd\u00fcr. Belki de d\u00fcnyada teknoloji ve insan\u0131n bu denli i\u00e7 i\u00e7e oldu\u011fu ender sekt\u00f6rlerden birisidir. Dolay\u0131s\u0131yla insan kaynaklar\u0131 planlaman\u0131z\u0131 yaparken bu uyuma azami dikkat etmemiz gerekiyor. \u00d6te yandan personel devinim h\u0131z\u0131 ger\u00e7ekten \u00e7ok y\u00fcksek seviyelerde.<\/span><\/div>\n<div><span style=\"font-size: 8.5pt; color: black\">Bu da bizi, s\u00fcrekli bir insan kaynaklar\u0131 planlamas\u0131na sevk ediyor. Bir tarafta son teknolojideki cihaz ve donan\u0131mlar\u0131 kullanabilecek, di\u011fer tarafta da hasta ve hasta yak\u0131nlar\u0131na g\u00fcven duygusunu sa\u011flayabilecek yeterlilikte personeli istihdam etmek gerekiyor.<\/span><\/div>\n<div><span style=\"font-size: 8.5pt; color: black\">Genel olarak bu kriterler alt\u0131nda aktif bir insan kaynaklar\u0131 politikas\u0131 t\u00fcm birimlerin katk\u0131s\u0131yla olu\u015fuyor. Bunlar bizi dinamik olmaya, sekt\u00f6rdeki her t\u00fcrl\u00fc geli\u015fmeyi yak\u0131ndan takip etmeye ve yeti\u015ftirdi\u011fimiz kalifiye personeli kurumda tutmaya zorluyor.<\/span><\/div>\n<div><strong><span style=\"font-size: 8.5pt; color: black\">Yeditepe \u00dcniversitesi Hastanesi&#8217;nin geli\u015fim s\u00fcrecinden bahseder misiniz?<\/span><\/strong><strong><span style=\"font-size: 8.5pt; color: black\"><\/span><\/strong><span style=\"font-size: 8.5pt; color: black\">Hastanemiz, Yeditepe \u00dcniversitesi&#8217;nin ara\u015ft\u0131rma ve e\u011fitim hastanesi olarak faaliyetlerine ba\u015flad\u0131. Hastanemizde 26 A\u011fustos 2005 g\u00fcn\u00fc hasta kabul\u00fcne ba\u015fland\u0131. Hastanemiz, \u015fu anda t\u00fcm bran\u015flarda uzman kadrosu ve profesyonel hizmet anlay\u0131\u015f\u0131yla T\u00fcrkiye&#8217;ye ve d\u00fcnyaya sa\u011fl\u0131k hizmeti sunuyor.<\/span><\/div>\n<div>&nbsp;<\/div>\n<div><em><strong><span style=\"font-size: 8.5pt; color: black\">&#8220;Sa\u011fl\u0131k sekt\u00f6r\u00fcnde hi\u00e7bir hizmet ertelenemez, geciktirilemez ve de vazge\u00e7ilemez niteliktedir. \u00c7\u00fcnk\u00fc bu sekt\u00f6rde insan hayat\u0131 belirleyici unsurdur. Biz ne kadar teknoloji yo\u011fun bir hizmet sunarsak, istihdam edece\u011fimiz personelin de en \u00f6nce bu nitelikleri ta\u015f\u0131mas\u0131 gerekiyor.&#8221; <\/span><\/strong><\/em><\/div>\n<div>&nbsp;<\/div>\n<div><strong><span style=\"font-size: 8.5pt; color: black\">Kalifiye eleman ihtiyac\u0131n\u0131z\u0131 nas\u0131l kar\u015f\u0131l\u0131yorsunuz?<\/span><\/strong><strong><span style=\"font-size: 8.5pt; color: black\"><\/span><\/strong><span style=\"font-size: 8.5pt; color: black\">Son d\u00f6nemlerde, sekt\u00f6rde yeni hastanelerin a\u00e7\u0131lm\u0131\u015f olmas\u0131 ve devletin \u00f6zel sekt\u00f6r hastanecili\u011fini te\u015fvik etmesi, genel bir kalifiye eleman bulma sorununa yol a\u00e7\u0131yor.<\/span><\/div>\n<div><span style=\"font-size: 8.5pt; color: black\">\u00d6zellikle yeni a\u00e7\u0131lan bir kurum yeti\u015fmi\u015f personelle faaliyetlerine ba\u015flamak istiyor. \u0130\u015fte bu noktada her zaman kalifiye eleman ihtiyac\u0131 do\u011fuyor. Biz Yeditepe \u00dcniversitesi Hastanesi olarak, medikal ve paramedikal kadrolardaki eleman ihtiyac\u0131m\u0131z\u0131 \u00e7e\u015fitli yollardan sa\u011fl\u0131yoruz. Kurumumuzun g\u00fcvenirli\u011fi ve ge\u00e7mi\u015fi ba\u015fl\u0131 ba\u015f\u0131na bir cazibe merkezi olarak i\u015f m\u00fcracaatlar\u0131n\u0131n yo\u011fun bir \u015fekilde yap\u0131lmas\u0131na olanak veriyor. Ayr\u0131ca Kariyer.net \u00fczerinden ilan verip, aday veri taban\u0131na ula\u015fabiliyoruz. Bu noktada, Kariyer.net&#8217;in \u00e7ok faydal\u0131 bir hizmet sundu\u011funu s\u00f6ylemek do\u011fru olur. \u00d6zellikle pozisyonun gereklilikleri ve yetkinlikleri fazla oldu\u011funda ilk m\u00fcracaat etti\u011fimiz yer mutlaka Kariyer.net.<\/span><\/div>\n<div><strong><span style=\"font-size: 8.5pt; color: black\">Sa\u011fl\u0131k sekt\u00f6r\u00fcnde faaliyet g\u00f6steren bir kurum olarak birlikte \u00e7al\u0131\u015faca\u011f\u0131n\u0131z ki\u015filerde ne t\u00fcr \u00f6zellikler ar\u0131yorsunuz?<\/span><\/strong><strong><span style=\"font-size: 8.5pt; color: black\"><\/span><\/strong><span style=\"font-size: 8.5pt; color: black\">Sa\u011fl\u0131k sekt\u00f6r\u00fcnde hi\u00e7bir hizmet ertelenemez, geciktirilemez ve de vazge\u00e7ilemez niteliktedir. \u00c7\u00fcnk\u00fc bu sekt\u00f6rde insan hayat\u0131 belirleyici unsurdur. Biz ne kadar teknoloji yo\u011fun bir hizmet sunarsak, istihdam edece\u011fimiz personelin de en \u00f6nce bu nitelikleri ta\u015f\u0131mas\u0131 gerekiyor.<\/span><\/div>\n<div><span style=\"font-size: 8.5pt; color: black\">Bizim \u00e7al\u0131\u015fanlar\u0131m\u0131z, \u00e7a\u011f\u0131n ve sekt\u00f6r\u00fcn getirdi\u011fi t\u00fcm modern cihazlar\u0131 kullanabilmeli ve kendini bu y\u00f6nde geli\u015ftirmeli. Tabii insan hayat\u0131na y\u00f6nelik hizmet sundu\u011fumuz i\u00e7in g\u00fcven duygusunu hastalar\u0131m\u0131za hissettirilebilecek, \u015fefkatli ve \u00f6zenli hizmet sunabilmelidir. <\/span><\/div>\n<div><span style=\"font-size: 8.5pt; color: black\">Art\u0131k hasta ve yak\u0131nlar\u0131 her yerde ayn\u0131 teknolojide sa\u011fl\u0131k hizmeti alabiliyorlar. Burada belirleyici unsur, insan fakt\u00f6r\u00fcd\u00fcr. Hizmet sunan\u0131n g\u00fcvenilirli\u011fini, yakla\u015f\u0131m g\u00fczelli\u011fi, huzur hissettirmesi ve g\u00fcler y\u00fczl\u00fc olmas\u0131 kalitenin en \u00f6nemli g\u00f6stergesidir.<\/span><\/div>\n<div><span style=\"font-size: 8.5pt; color: black\">Biz, Yeditepe \u00dcniversitesi Hastanesi olarak di\u011fer t\u00fcm m\u00fckemmel hizmet sunu\u015f kriterlerinin yan\u0131nda, insana insan oldu\u011fu i\u00e7in gerekli \u00f6zeni ve titizli\u011fi g\u00f6sterecek tak\u0131m arkada\u015flar\u0131yla yolumuza devam etmeyi kendimize ama\u00e7 edindik.<\/span><\/div>\n<div>&nbsp;<\/div>\n<div><em><strong><span style=\"font-size: 8.5pt; color: black\">&#8220;Yeditepe \u00dcniversitesi Hastanesi olarak di\u011fer t\u00fcm m\u00fckemmel hizmet sunu\u015f kriterlerinin yan\u0131nda, insana insan oldu\u011fu i\u00e7in gerekli \u00f6zeni ve titizli\u011fi g\u00f6sterecek tak\u0131m arkada\u015flar\u0131yla yolumuza devam etmeyi kendimize ama\u00e7 edindik.&#8221; <\/span><\/strong><\/em><\/div>\n<div>&nbsp;<\/div>\n<div><strong><span style=\"font-size: 8.5pt; color: black\">\u0130nsan Kaynaklar\u0131 uygulamalar\u0131n\u0131zdan bahseder misiniz?<\/span><\/strong><strong><span style=\"font-size: 8.5pt; color: black\"><\/span><\/strong><span style=\"font-size: 8.5pt; color: black\">Yeni kurulmu\u015f bir hastane olmam\u0131za ra\u011fmen, yeterli nitelik ve nicelikte insan <\/span><\/div>\n<div><span style=\"font-size: 8.5pt; color: black\">kayna\u011f\u0131n\u0131 istihdam etmi\u015f bulunuyoruz. \u0130nsan kaynaklar\u0131 uygulamalar\u0131m\u0131z da kurum k\u00fclt\u00fcr\u00fcyle do\u011fru orant\u0131l\u0131 geli\u015fiyor.<\/span><\/div>\n<div><span style=\"font-size: 8.5pt; color: black\">\u00c7al\u0131\u015fan memnuniyeti ile hasta memnuniyetini ayn\u0131 kategoride de\u011ferlendiren bir anlay\u0131\u015f\u0131m\u0131z var. \u00c7\u00fcnk\u00fc memnun olmu\u015f, g\u00fcler y\u00fczl\u00fc bir \u00e7al\u0131\u015fandan hastalara g\u00fcler y\u00fczl\u00fc hizmet sunmas\u0131n\u0131 beklemek daha do\u011fru.<\/span><\/div>\n<div><span style=\"font-size: 8.5pt; color: black\">Performansa dayal\u0131 \u00f6d\u00fcllendirme sistemlerimizi en etkin \u015fekilde uygulamaya \u00e7al\u0131\u015f\u0131yoruz. \u00c7al\u0131\u015fanlar\u0131m\u0131za performanslar\u0131na g\u00f6re her ay belirli oranlarda performans katk\u0131 pay\u0131 vererek, onlar\u0131n motive olmas\u0131n\u0131 sa\u011fl\u0131yoruz.<\/span><\/div>\n<div><span style=\"font-size: 8.5pt; color: black\">Sa\u011fl\u0131k sekt\u00f6r\u00fcndeki yat\u0131r\u0131mlar\u0131m\u0131z h\u0131zla devam ediyor. Dolay\u0131s\u0131yla, t\u00fcm \u00e7al\u0131\u015fanlar\u0131m\u0131z i\u00e7in terfi yolu her zaman a\u00e7\u0131k. Ancak terfi i\u00e7in iki temel \u015fart\u0131m\u0131z var. Birincisi terfi edilecek ilgili bir pozisyonun a\u00e7\u0131k olmas\u0131, ikincisi \u00e7al\u0131\u015fan\u0131n o pozisyona yetkinli\u011fi.<\/span><\/div>\n<div><strong><span style=\"font-size: 8.5pt; color: black\">Yeni yat\u0131r\u0131mlar\u0131n\u0131z, hedefleriniz neler?<\/span><\/strong><strong><span style=\"font-size: 8.5pt; color: black\"><\/span><\/strong><span style=\"font-size: 8.5pt; color: black\">Hedefimiz tek c\u00fcmle ile bir d\u00fcnya markas\u0131 olmakt\u0131r. Tabii ki hedeflere \u00e7ok \u00e7al\u0131\u015f\u0131larak ve fedakarl\u0131k yaparak ula\u015f\u0131l\u0131yor. Ba\u011fdat Caddesi&#8217;nde poliklinik hizmetlerini sunaca\u011f\u0131m\u0131z bir merkezimiz hizmete girdi. Bunun yan\u0131 s\u0131ra Be\u015fikta\u015f Balmumcu&#8217;da \u00e7ok yak\u0131n bir zamanda tam te\u015fekk\u00fcll\u00fc bir g\u00f6z hastanemiz a\u00e7\u0131lacak. Ayr\u0131ca Ko\u015fuyolu&#8217;nda a\u011f\u0131rl\u0131kl\u0131 olarak N\u00f6rolojik Bilimler ve Onkoloji alanlar\u0131nda faaliyetlerini s\u00fcrd\u00fcrecek olan genel ama\u00e7l\u0131 bir hastanemiz de yak\u0131n zamanda halk\u0131m\u0131z\u0131n hizmetinde olacak. M\u00fctevelli Heyeti Ba\u015fkan\u0131m\u0131z Bedrettin Dalan&#8217;\u0131n \u015fu s\u00f6z\u00fcn\u00fc hat\u0131rlatmak isterim: &ldquo;\u015eimdi d\u00fcnyan\u0131n g\u0131pta edece\u011fi bir T\u00fcrk \u00fcniversite hastanesi var.&rdquo; Do\u011fru i\u015fe do\u011fru insan politikas\u0131 ile yola \u00e7\u0131kan Yeditepe \u00dcniversitesi Hastanesi, her zaman sa\u011fl\u0131kl\u0131 nesiller yeti\u015ftirmek amac\u0131nda olacakt\u0131r.<\/span><\/div>\n<p><\/span><\/span><\/strong><\/div>\n<!-- templates\/buttons-placeholder.php -->\n<div class=\"da-reactions-outer TpostID1784\">\n\t    <div class=\"da-reactions-data da-reactions-container-async center\"\n         data-type=\"post\"\n         data-id=\"1784\"\n         id=\"da-reactions-slot-post-1784\">\n        <div class=\"da-reactions-static\">\n\t\t\t<img src=\"https:\/\/www.kariyer.net\/kariyer-rehberi\/wp-content\/plugins\/da-reactions\/assets\/dist\/loading.svg\" alt=\"Loading spinner\" width=\"48\" height=\"48\" style=\"width:48px\" \/>\n        <\/div>\n    <\/div>\n<\/div>\n","protected":false},"excerpt":{"rendered":"<p>Do\u011fru i\u015fe do\u011fru insan politikas\u0131 ile yola \u00e7\u0131kan Yeditepe \u00dcniversitesi Hastanesi, sa\u011fl\u0131kl\u0131 nesiller yeti\u015ftirmeyi ama\u00e7l\u0131yor. Sa\u011fl\u0131k sekt\u00f6r\u00fc hem teknolojinin hem de bu teknolojiyi kullanabilecek kalifiye i\u015f g\u00fcc\u00fcn\u00fcn \u00f6nemli oldu\u011fu bir sekt\u00f6r. B\u00f6yle bir alanda insan kaynaklar\u0131 uygulamalar\u0131 da sa\u011fl\u0131k sekt\u00f6r\u00fcndeki \u015firketlerin ba\u015far\u0131s\u0131nda b\u00fcy\u00fck yer tutuyor. Bu dinamizmin fark\u0131nda olan Yeditepe \u00dcniversitesi Hastanesi, sekt\u00f6rdeki geli\u015fmelere ve [&hellip;]<\/p>\n<!-- templates\/buttons-placeholder.php -->\n<div class=\"da-reactions-outer TpostID1784\">\n\t    <div class=\"da-reactions-data da-reactions-container-async center\"\n         data-type=\"post\"\n         data-id=\"1784\"\n         id=\"da-reactions-slot-post-1784\">\n        <div class=\"da-reactions-static\">\n\t\t\t<img src=\"https:\/\/www.kariyer.net\/kariyer-rehberi\/wp-content\/plugins\/da-reactions\/assets\/dist\/loading.svg\" alt=\"Loading spinner\" width=\"48\" height=\"48\" style=\"width:48px\" \/>\n        <\/div>\n    <\/div>\n<\/div>\n","protected":false},"author":8,"featured_media":0,"comment_status":"open","ping_status":"open","sticky":false,"template":"","format":"standard","meta":{"footnotes":"","_elementor_edit_mode":"","_elementor_template_type":"","_elementor_data":"","_elementor_page_settings":null,"_elementor_conditions":[]},"categories":[46,2211],"tags":[],"class_list":{"0":"post-1784","1":"post","2":"type-post","3":"status-publish","4":"format-standard","6":"category-is-hayati","7":"category-kariyer-gelisimi"},"yoast_head":"<!-- This site is optimized with the Yoast SEO Premium plugin v21.4 (Yoast SEO v27.0) - https:\/\/yoast.com\/product\/yoast-seo-premium-wordpress\/ -->\n<title>&quot;Yeditepe \u00dcniversitesi Hastanesi, d\u00fcnya markas\u0131 olacak&quot; | Kariyer Rehberi<\/title>\n<meta name=\"description\" content=\"Do\u011fru i\u015fe do\u011fru insan politikas\u0131 ile yola \u00e7\u0131kan Yeditepe \u00dcniversitesi Hastanesi, sa\u011fl\u0131kl\u0131 nesiller yeti\u015ftirmeyi ama\u00e7l\u0131yor. Sa\u011fl\u0131k sekt\u00f6r\u00fc hem teknolojinin\" \/>\n<meta name=\"robots\" content=\"index, follow, max-snippet:-1, max-image-preview:large, max-video-preview:-1\" \/>\n<link rel=\"canonical\" href=\"https:\/\/www.kariyer.net\/kariyer-rehberi\/yeditepe-universitesi-hastanesi-dunya-markasi-olacak\/\" \/>\n<meta property=\"og:locale\" content=\"tr_TR\" \/>\n<meta property=\"og:type\" content=\"article\" \/>\n<meta property=\"og:title\" content=\"&quot;Yeditepe \u00dcniversitesi Hastanesi, d\u00fcnya markas\u0131 olacak&quot;\" \/>\n<meta property=\"og:description\" content=\"Do\u011fru i\u015fe do\u011fru insan politikas\u0131 ile yola \u00e7\u0131kan Yeditepe \u00dcniversitesi Hastanesi, sa\u011fl\u0131kl\u0131 nesiller yeti\u015ftirmeyi ama\u00e7l\u0131yor. Sa\u011fl\u0131k sekt\u00f6r\u00fc hem teknolojinin\" \/>\n<meta property=\"og:url\" content=\"https:\/\/www.kariyer.net\/kariyer-rehberi\/yeditepe-universitesi-hastanesi-dunya-markasi-olacak\/\" \/>\n<meta property=\"og:site_name\" content=\"Kariyer Rehberi\" \/>\n<meta property=\"article:published_time\" content=\"2007-12-03T00:00:00+00:00\" \/>\n<meta property=\"article:modified_time\" content=\"2024-07-03T12:05:36+00:00\" \/>\n<meta property=\"og:image\" content=\"http:\/\/web4.kariyer.net\/UploadFiles\/tempPhoto\/kariyerRehberi\/mak384b.jpg\" \/>\n<meta name=\"author\" content=\"Kariyer.net\" \/>\n<meta name=\"twitter:card\" content=\"summary_large_image\" \/>\n<meta name=\"twitter:label1\" content=\"Yazan:\" \/>\n\t<meta name=\"twitter:data1\" content=\"Kariyer.net\" \/>\n\t<meta name=\"twitter:label2\" content=\"Tahmini okuma s\u00fcresi\" \/>\n\t<meta name=\"twitter:data2\" content=\"6 dakika\" \/>\n<!-- \/ Yoast SEO Premium plugin. -->","yoast_head_json":{"title":"\"Yeditepe \u00dcniversitesi Hastanesi, d\u00fcnya markas\u0131 olacak\" | Kariyer Rehberi","description":"Do\u011fru i\u015fe do\u011fru insan politikas\u0131 ile yola \u00e7\u0131kan Yeditepe \u00dcniversitesi Hastanesi, sa\u011fl\u0131kl\u0131 nesiller yeti\u015ftirmeyi ama\u00e7l\u0131yor. Sa\u011fl\u0131k sekt\u00f6r\u00fc hem teknolojinin","robots":{"index":"index","follow":"follow","max-snippet":"max-snippet:-1","max-image-preview":"max-image-preview:large","max-video-preview":"max-video-preview:-1"},"canonical":"https:\/\/www.kariyer.net\/kariyer-rehberi\/yeditepe-universitesi-hastanesi-dunya-markasi-olacak\/","og_locale":"tr_TR","og_type":"article","og_title":"\"Yeditepe \u00dcniversitesi Hastanesi, d\u00fcnya markas\u0131 olacak\"","og_description":"Do\u011fru i\u015fe do\u011fru insan politikas\u0131 ile yola \u00e7\u0131kan Yeditepe \u00dcniversitesi Hastanesi, sa\u011fl\u0131kl\u0131 nesiller yeti\u015ftirmeyi ama\u00e7l\u0131yor. Sa\u011fl\u0131k sekt\u00f6r\u00fc hem teknolojinin","og_url":"https:\/\/www.kariyer.net\/kariyer-rehberi\/yeditepe-universitesi-hastanesi-dunya-markasi-olacak\/","og_site_name":"Kariyer Rehberi","article_published_time":"2007-12-03T00:00:00+00:00","article_modified_time":"2024-07-03T12:05:36+00:00","og_image":[{"url":"http:\/\/web4.kariyer.net\/UploadFiles\/tempPhoto\/kariyerRehberi\/mak384b.jpg","type":"","width":"","height":""}],"author":"Kariyer.net","twitter_card":"summary_large_image","twitter_misc":{"Yazan:":"Kariyer.net","Tahmini okuma s\u00fcresi":"6 dakika"},"schema":{"@context":"https:\/\/schema.org","@graph":[{"@type":"Article","@id":"https:\/\/www.kariyer.net\/kariyer-rehberi\/yeditepe-universitesi-hastanesi-dunya-markasi-olacak\/#article","isPartOf":{"@id":"https:\/\/www.kariyer.net\/kariyer-rehberi\/yeditepe-universitesi-hastanesi-dunya-markasi-olacak\/"},"author":{"name":"Kariyer.net","@id":"https:\/\/www.kariyer.net\/kariyer-rehberi\/#\/schema\/person\/eb36201afd42c03bc83b82060447b2c9"},"headline":"&#8220;Yeditepe \u00dcniversitesi Hastanesi, d\u00fcnya markas\u0131 olacak&#8221;","datePublished":"2007-12-03T00:00:00+00:00","dateModified":"2024-07-03T12:05:36+00:00","mainEntityOfPage":{"@id":"https:\/\/www.kariyer.net\/kariyer-rehberi\/yeditepe-universitesi-hastanesi-dunya-markasi-olacak\/"},"wordCount":1137,"commentCount":0,"publisher":{"@id":"https:\/\/www.kariyer.net\/kariyer-rehberi\/#organization"},"image":{"@id":"https:\/\/www.kariyer.net\/kariyer-rehberi\/yeditepe-universitesi-hastanesi-dunya-markasi-olacak\/#primaryimage"},"thumbnailUrl":"http:\/\/web4.kariyer.net\/UploadFiles\/tempPhoto\/kariyerRehberi\/mak384b.jpg","articleSection":["\u0130\u015f Hayat\u0131","Kariyer Geli\u015fimi"],"inLanguage":"tr","potentialAction":[{"@type":"CommentAction","name":"Comment","target":["https:\/\/www.kariyer.net\/kariyer-rehberi\/yeditepe-universitesi-hastanesi-dunya-markasi-olacak\/#respond"]}]},{"@type":"WebPage","@id":"https:\/\/www.kariyer.net\/kariyer-rehberi\/yeditepe-universitesi-hastanesi-dunya-markasi-olacak\/","url":"https:\/\/www.kariyer.net\/kariyer-rehberi\/yeditepe-universitesi-hastanesi-dunya-markasi-olacak\/","name":"\"Yeditepe \u00dcniversitesi Hastanesi, d\u00fcnya markas\u0131 olacak\" | Kariyer Rehberi","isPartOf":{"@id":"https:\/\/www.kariyer.net\/kariyer-rehberi\/#website"},"primaryImageOfPage":{"@id":"https:\/\/www.kariyer.net\/kariyer-rehberi\/yeditepe-universitesi-hastanesi-dunya-markasi-olacak\/#primaryimage"},"image":{"@id":"https:\/\/www.kariyer.net\/kariyer-rehberi\/yeditepe-universitesi-hastanesi-dunya-markasi-olacak\/#primaryimage"},"thumbnailUrl":"http:\/\/web4.kariyer.net\/UploadFiles\/tempPhoto\/kariyerRehberi\/mak384b.jpg","datePublished":"2007-12-03T00:00:00+00:00","dateModified":"2024-07-03T12:05:36+00:00","description":"Do\u011fru i\u015fe do\u011fru insan politikas\u0131 ile yola \u00e7\u0131kan Yeditepe \u00dcniversitesi Hastanesi, sa\u011fl\u0131kl\u0131 nesiller yeti\u015ftirmeyi ama\u00e7l\u0131yor. Sa\u011fl\u0131k sekt\u00f6r\u00fc hem teknolojinin","breadcrumb":{"@id":"https:\/\/www.kariyer.net\/kariyer-rehberi\/yeditepe-universitesi-hastanesi-dunya-markasi-olacak\/#breadcrumb"},"inLanguage":"tr","potentialAction":[{"@type":"ReadAction","target":["https:\/\/www.kariyer.net\/kariyer-rehberi\/yeditepe-universitesi-hastanesi-dunya-markasi-olacak\/"]}]},{"@type":"ImageObject","inLanguage":"tr","@id":"https:\/\/www.kariyer.net\/kariyer-rehberi\/yeditepe-universitesi-hastanesi-dunya-markasi-olacak\/#primaryimage","url":"http:\/\/web4.kariyer.net\/UploadFiles\/tempPhoto\/kariyerRehberi\/mak384b.jpg","contentUrl":"http:\/\/web4.kariyer.net\/UploadFiles\/tempPhoto\/kariyerRehberi\/mak384b.jpg"},{"@type":"BreadcrumbList","@id":"https:\/\/www.kariyer.net\/kariyer-rehberi\/yeditepe-universitesi-hastanesi-dunya-markasi-olacak\/#breadcrumb","itemListElement":[{"@type":"ListItem","position":1,"name":"Anasayfa","item":"https:\/\/www.kariyer.net\/kariyer-rehberi\/"},{"@type":"ListItem","position":2,"name":"&#8220;Yeditepe \u00dcniversitesi Hastanesi, d\u00fcnya markas\u0131 olacak&#8221;"}]},{"@type":"WebSite","@id":"https:\/\/www.kariyer.net\/kariyer-rehberi\/#website","url":"https:\/\/www.kariyer.net\/kariyer-rehberi\/","name":"Kariyer Rehberi","description":"\u0130\u015f D\u00fcnyas\u0131yla \u0130lgili Bilmek \u0130stedi\u011finiz Her \u015eey","publisher":{"@id":"https:\/\/www.kariyer.net\/kariyer-rehberi\/#organization"},"potentialAction":[{"@type":"SearchAction","target":{"@type":"EntryPoint","urlTemplate":"https:\/\/www.kariyer.net\/kariyer-rehberi\/?s={search_term_string}"},"query-input":{"@type":"PropertyValueSpecification","valueRequired":true,"valueName":"search_term_string"}}],"inLanguage":"tr"},{"@type":"Organization","@id":"https:\/\/www.kariyer.net\/kariyer-rehberi\/#organization","name":"Kariyer.net","url":"https:\/\/www.kariyer.net\/kariyer-rehberi\/","logo":{"@type":"ImageObject","inLanguage":"tr","@id":"https:\/\/www.kariyer.net\/kariyer-rehberi\/#\/schema\/logo\/image\/","url":"https:\/\/www.kariyer.net\/kariyer-rehberi-new\/wp-content\/uploads\/2023\/01\/og-image11.jpg","contentUrl":"https:\/\/www.kariyer.net\/kariyer-rehberi-new\/wp-content\/uploads\/2023\/01\/og-image11.jpg","width":800,"height":800,"caption":"Kariyer.net"},"image":{"@id":"https:\/\/www.kariyer.net\/kariyer-rehberi\/#\/schema\/logo\/image\/"}},{"@type":"Person","@id":"https:\/\/www.kariyer.net\/kariyer-rehberi\/#\/schema\/person\/eb36201afd42c03bc83b82060447b2c9","name":"Kariyer.net","image":{"@type":"ImageObject","inLanguage":"tr","@id":"https:\/\/www.kariyer.net\/kariyer-rehberi\/#\/schema\/person\/image\/","url":"https:\/\/secure.gravatar.com\/avatar\/ddce3ac68cb52fb2ae004bcee334e49ccc6361fefd68c5f6f4d2a86630c28b2e?s=96&d=mm&r=g","contentUrl":"https:\/\/secure.gravatar.com\/avatar\/ddce3ac68cb52fb2ae004bcee334e49ccc6361fefd68c5f6f4d2a86630c28b2e?s=96&d=mm&r=g","caption":"Kariyer.net"},"url":"https:\/\/www.kariyer.net\/kariyer-rehberi\/author\/kariyer-net\/"}]}},"_links":{"self":[{"href":"https:\/\/www.kariyer.net\/kariyer-rehberi\/wp-json\/wp\/v2\/posts\/1784","targetHints":{"allow":["GET"]}}],"collection":[{"href":"https:\/\/www.kariyer.net\/kariyer-rehberi\/wp-json\/wp\/v2\/posts"}],"about":[{"href":"https:\/\/www.kariyer.net\/kariyer-rehberi\/wp-json\/wp\/v2\/types\/post"}],"author":[{"embeddable":true,"href":"https:\/\/www.kariyer.net\/kariyer-rehberi\/wp-json\/wp\/v2\/users\/8"}],"replies":[{"embeddable":true,"href":"https:\/\/www.kariyer.net\/kariyer-rehberi\/wp-json\/wp\/v2\/comments?post=1784"}],"version-history":[{"count":1,"href":"https:\/\/www.kariyer.net\/kariyer-rehberi\/wp-json\/wp\/v2\/posts\/1784\/revisions"}],"predecessor-version":[{"id":19154,"href":"https:\/\/www.kariyer.net\/kariyer-rehberi\/wp-json\/wp\/v2\/posts\/1784\/revisions\/19154"}],"wp:attachment":[{"href":"https:\/\/www.kariyer.net\/kariyer-rehberi\/wp-json\/wp\/v2\/media?parent=1784"}],"wp:term":[{"taxonomy":"category","embeddable":true,"href":"https:\/\/www.kariyer.net\/kariyer-rehberi\/wp-json\/wp\/v2\/categories?post=1784"},{"taxonomy":"post_tag","embeddable":true,"href":"https:\/\/www.kariyer.net\/kariyer-rehberi\/wp-json\/wp\/v2\/tags?post=1784"}],"curies":[{"name":"wp","href":"https:\/\/api.w.org\/{rel}","templated":true}]}}