{"id":17846,"date":"2023-11-29T17:39:35","date_gmt":"2023-11-29T14:39:35","guid":{"rendered":"https:\/\/www.kariyer.net\/kariyer-rehberi\/?p=17846"},"modified":"2024-08-08T21:07:58","modified_gmt":"2024-08-08T18:07:58","slug":"cumhuriyetin-100-yilinda-teknolojide-yuz-lider-kadin-projesi","status":"publish","type":"post","link":"https:\/\/www.kariyer.net\/kariyer-rehberi\/cumhuriyetin-100-yilinda-teknolojide-yuz-lider-kadin-projesi\/","title":{"rendered":"Cumhuriyetin 100. y\u0131l\u0131nda &#8220;Teknolojide Y\u00fcz Lider Kad\u0131n Projesi&#8221;"},"content":{"rendered":"<p><strong>Teknolojide Kad\u0131n Derne\u011fi, kurumsal \u00fcyeleriyle el ele vererek ger\u00e7ekle\u015ftirdi\u011fi ilk proje olan &#8220;Cumhuriyetin Y\u00fcz\u00fcnc\u00fc Y\u0131l\u0131nda Teknolojide Lider Y\u00fcz Kad\u0131n&#8221; projesi kapsam\u0131nda yeni bir e\u011fitim program\u0131na ba\u015fl\u0131yor!<\/strong><\/p>\n<p>2019\u2019dan bu yana teknoloji ve bilim sekt\u00f6r\u00fcnde \u00e7al\u0131\u015fan uzman, yetkin ve yarat\u0131c\u0131 kad\u0131n say\u0131s\u0131n\u0131 art\u0131rarak istihdama ve \u00fcretim s\u00fcre\u00e7lerine dahil etmek i\u00e7in faaliyetlerini s\u00fcrd\u00fcren <strong>Teknolojide Kad\u0131n Derne\u011fi;<\/strong> Cumhuriyet\u2019in 100. y\u0131l\u0131nda T\u00fcrkiye&#8217;nin 49 lider \u015firketiyle birlikte 100 kad\u0131n ve 25 erkek \u00f6\u011frencinin teknolojide uzmanla\u015fmas\u0131na ve destek\u00e7i \u015firketlerin \u00fcst seviye y\u00f6neticilerinden mentorluk almalar\u0131na imkan sa\u011fl\u0131yor. E\u011fitimi ba\u015far\u0131 ile tamamlayan mezunlar kendilerini destekleyen \u015firketlerle m\u00fclakat f\u0131rsat\u0131 kazan\u0131yor.<\/p>\n<p>Bu kapsamda; STEM b\u00f6l\u00fcmlerinde okuyan 4. s\u0131n\u0131f \u00fcniversite \u00f6\u011frencileri, y\u00fcksek lisans, doktora \u00f6\u011frencileri ve mezunlar\u0131na Veri Analiti\u011fi, Python ile Veri Bilimi, Python ile Yapay Zeka, Robotik S\u00fcre\u00e7 Otomasyonu, S\u00fcre\u00e7 Analisti ve Siber G\u00fcvenlik gibi konularda teknik e\u011fitimler sunulacak.<\/p>\n<p>E\u011fitim program\u0131 i\u00e7in son ba\u015fvuru tarihi: <strong>25 Aral\u0131k 2023 <\/strong><\/p>\n<p>Detayl\u0131 bilgi almak ve ba\u015fvuru yapmak i\u00e7in <strong><a href=\"https:\/\/bit.ly\/3Ra1EzX\" target=\"_blank\" rel=\"noopener\">buraya<\/a><\/strong> t\u0131klayabilirsin.<\/p>\n<!-- templates\/buttons-placeholder.php -->\n<div class=\"da-reactions-outer TpostID17846\">\n\t    <div class=\"da-reactions-data da-reactions-container-async center\"\n         data-type=\"post\"\n         data-id=\"17846\"\n         id=\"da-reactions-slot-post-17846\">\n        <div class=\"da-reactions-static\">\n\t\t\t<img src=\"https:\/\/www.kariyer.net\/kariyer-rehberi\/wp-content\/plugins\/da-reactions\/assets\/dist\/loading.svg\" alt=\"Loading spinner\" width=\"48\" height=\"48\" style=\"width:48px\" \/>\n        <\/div>\n    <\/div>\n<\/div>\n","protected":false},"excerpt":{"rendered":"<p>Teknolojide Kad\u0131n Derne\u011fi, kurumsal \u00fcyeleriyle el ele vererek ger\u00e7ekle\u015ftirdi\u011fi ilk proje olan &#8220;Cumhuriyetin Y\u00fcz\u00fcnc\u00fc Y\u0131l\u0131nda Teknolojide Lider Y\u00fcz Kad\u0131n&#8221; projesi kapsam\u0131nda yeni bir e\u011fitim program\u0131na ba\u015fl\u0131yor! 2019\u2019dan bu yana teknoloji ve bilim sekt\u00f6r\u00fcnde \u00e7al\u0131\u015fan uzman, yetkin ve yarat\u0131c\u0131 kad\u0131n say\u0131s\u0131n\u0131 art\u0131rarak istihdama ve \u00fcretim s\u00fcre\u00e7lerine dahil etmek i\u00e7in faaliyetlerini s\u00fcrd\u00fcren Teknolojide Kad\u0131n Derne\u011fi; Cumhuriyet\u2019in 100. [&hellip;]<\/p>\n<!-- templates\/buttons-placeholder.php -->\n<div class=\"da-reactions-outer TpostID17846\">\n\t    <div class=\"da-reactions-data da-reactions-container-async center\"\n         data-type=\"post\"\n         data-id=\"17846\"\n         id=\"da-reactions-slot-post-17846\">\n        <div class=\"da-reactions-static\">\n\t\t\t<img src=\"https:\/\/www.kariyer.net\/kariyer-rehberi\/wp-content\/plugins\/da-reactions\/assets\/dist\/loading.svg\" alt=\"Loading spinner\" width=\"48\" height=\"48\" style=\"width:48px\" \/>\n        <\/div>\n    <\/div>\n<\/div>\n","protected":false},"author":12,"featured_media":17847,"comment_status":"closed","ping_status":"open","sticky":false,"template":"","format":"standard","meta":{"footnotes":"","_elementor_edit_mode":"","_elementor_template_type":"","_elementor_data":"","_elementor_page_settings":null,"_elementor_conditions":[]},"categories":[2214],"tags":[874],"class_list":{"0":"post-17846","1":"post","2":"type-post","3":"status-publish","4":"format-standard","5":"has-post-thumbnail","7":"category-yasam","8":"tag-peryon"},"yoast_head":"<!-- This site is optimized with the Yoast SEO Premium plugin v21.4 (Yoast SEO v27.0) - https:\/\/yoast.com\/product\/yoast-seo-premium-wordpress\/ -->\n<title>Cumhuriyetin 100. y\u0131l\u0131nda &quot;Teknolojide Y\u00fcz Lider Kad\u0131n Projesi&quot;<\/title>\n<meta name=\"description\" content=\"&quot;Cumhuriyetin Y\u00fcz\u00fcnc\u00fc Y\u0131l\u0131nda Teknolojide Lider Y\u00fcz Kad\u0131n&quot; projesi kapsam\u0131nda yeni bir e\u011fitim program\u0131 ba\u015fl\u0131yor!\" \/>\n<meta name=\"robots\" content=\"index, follow, max-snippet:-1, max-image-preview:large, max-video-preview:-1\" \/>\n<link rel=\"canonical\" href=\"https:\/\/www.kariyer.net\/kariyer-rehberi\/cumhuriyetin-100-yilinda-teknolojide-yuz-lider-kadin-projesi\/\" \/>\n<meta property=\"og:locale\" content=\"tr_TR\" \/>\n<meta property=\"og:type\" content=\"article\" \/>\n<meta property=\"og:title\" content=\"Cumhuriyetin 100. y\u0131l\u0131nda &quot;Teknolojide Y\u00fcz Lider Kad\u0131n Projesi&quot;\" \/>\n<meta property=\"og:description\" content=\"Teknolojide Kad\u0131n Derne\u011fi, kurumsal \u00fcyeleriyle el ele vererek ger\u00e7ekle\u015ftirdi\u011fi ilk proje olan &quot;Cumhuriyetin Y\u00fcz\u00fcnc\u00fc Y\u0131l\u0131nda Teknolojide Lider Y\u00fcz Kad\u0131n&quot;\" \/>\n<meta property=\"og:url\" content=\"https:\/\/www.kariyer.net\/kariyer-rehberi\/cumhuriyetin-100-yilinda-teknolojide-yuz-lider-kadin-projesi\/\" \/>\n<meta property=\"og:site_name\" content=\"Kariyer Rehberi\" \/>\n<meta property=\"article:published_time\" content=\"2023-11-29T14:39:35+00:00\" \/>\n<meta property=\"article:modified_time\" content=\"2024-08-08T18:07:58+00:00\" \/>\n<meta property=\"og:image\" content=\"https:\/\/www.kariyer.net\/kariyer-rehberi\/wp-content\/uploads\/2023\/11\/kadin_yazilimci.jpg\" \/>\n\t<meta property=\"og:image:width\" content=\"900\" \/>\n\t<meta property=\"og:image:height\" content=\"600\" \/>\n\t<meta property=\"og:image:type\" content=\"image\/jpeg\" \/>\n<meta name=\"author\" content=\"Edit\u00f6r\" \/>\n<meta name=\"twitter:card\" content=\"summary_large_image\" \/>\n<meta name=\"twitter:label1\" content=\"Yazan:\" \/>\n\t<meta name=\"twitter:data1\" content=\"Edit\u00f6r\" \/>\n\t<meta name=\"twitter:label2\" content=\"Tahmini okuma s\u00fcresi\" \/>\n\t<meta name=\"twitter:data2\" content=\"1 dakika\" \/>\n<!-- \/ Yoast SEO Premium plugin. -->","yoast_head_json":{"title":"Cumhuriyetin 100. y\u0131l\u0131nda \"Teknolojide Y\u00fcz Lider Kad\u0131n Projesi\"","description":"\"Cumhuriyetin Y\u00fcz\u00fcnc\u00fc Y\u0131l\u0131nda Teknolojide Lider Y\u00fcz Kad\u0131n\" projesi kapsam\u0131nda yeni bir e\u011fitim program\u0131 ba\u015fl\u0131yor!","robots":{"index":"index","follow":"follow","max-snippet":"max-snippet:-1","max-image-preview":"max-image-preview:large","max-video-preview":"max-video-preview:-1"},"canonical":"https:\/\/www.kariyer.net\/kariyer-rehberi\/cumhuriyetin-100-yilinda-teknolojide-yuz-lider-kadin-projesi\/","og_locale":"tr_TR","og_type":"article","og_title":"Cumhuriyetin 100. y\u0131l\u0131nda \"Teknolojide Y\u00fcz Lider Kad\u0131n Projesi\"","og_description":"Teknolojide Kad\u0131n Derne\u011fi, kurumsal \u00fcyeleriyle el ele vererek ger\u00e7ekle\u015ftirdi\u011fi ilk proje olan \"Cumhuriyetin Y\u00fcz\u00fcnc\u00fc Y\u0131l\u0131nda Teknolojide Lider Y\u00fcz Kad\u0131n\"","og_url":"https:\/\/www.kariyer.net\/kariyer-rehberi\/cumhuriyetin-100-yilinda-teknolojide-yuz-lider-kadin-projesi\/","og_site_name":"Kariyer Rehberi","article_published_time":"2023-11-29T14:39:35+00:00","article_modified_time":"2024-08-08T18:07:58+00:00","og_image":[{"width":900,"height":600,"url":"https:\/\/www.kariyer.net\/kariyer-rehberi\/wp-content\/uploads\/2023\/11\/kadin_yazilimci.jpg","type":"image\/jpeg"}],"author":"Edit\u00f6r","twitter_card":"summary_large_image","twitter_misc":{"Yazan:":"Edit\u00f6r","Tahmini okuma s\u00fcresi":"1 dakika"},"schema":{"@context":"https:\/\/schema.org","@graph":[{"@type":"Article","@id":"https:\/\/www.kariyer.net\/kariyer-rehberi\/cumhuriyetin-100-yilinda-teknolojide-yuz-lider-kadin-projesi\/#article","isPartOf":{"@id":"https:\/\/www.kariyer.net\/kariyer-rehberi\/cumhuriyetin-100-yilinda-teknolojide-yuz-lider-kadin-projesi\/"},"author":{"name":"Edit\u00f6r","@id":"https:\/\/www.kariyer.net\/kariyer-rehberi\/#\/schema\/person\/94fd6e49c7ff1b1b2565a2cc4fd685dd"},"headline":"Cumhuriyetin 100. y\u0131l\u0131nda &#8220;Teknolojide Y\u00fcz Lider Kad\u0131n Projesi&#8221;","datePublished":"2023-11-29T14:39:35+00:00","dateModified":"2024-08-08T18:07:58+00:00","mainEntityOfPage":{"@id":"https:\/\/www.kariyer.net\/kariyer-rehberi\/cumhuriyetin-100-yilinda-teknolojide-yuz-lider-kadin-projesi\/"},"wordCount":217,"publisher":{"@id":"https:\/\/www.kariyer.net\/kariyer-rehberi\/#organization"},"image":{"@id":"https:\/\/www.kariyer.net\/kariyer-rehberi\/cumhuriyetin-100-yilinda-teknolojide-yuz-lider-kadin-projesi\/#primaryimage"},"thumbnailUrl":"https:\/\/www.kariyer.net\/kariyer-rehberi\/wp-content\/uploads\/2023\/11\/kadin_yazilimci.jpg","keywords":["pery\u00f6n"],"articleSection":["Ya\u015fam"],"inLanguage":"tr"},{"@type":"WebPage","@id":"https:\/\/www.kariyer.net\/kariyer-rehberi\/cumhuriyetin-100-yilinda-teknolojide-yuz-lider-kadin-projesi\/","url":"https:\/\/www.kariyer.net\/kariyer-rehberi\/cumhuriyetin-100-yilinda-teknolojide-yuz-lider-kadin-projesi\/","name":"Cumhuriyetin 100. y\u0131l\u0131nda \"Teknolojide Y\u00fcz Lider Kad\u0131n Projesi\"","isPartOf":{"@id":"https:\/\/www.kariyer.net\/kariyer-rehberi\/#website"},"primaryImageOfPage":{"@id":"https:\/\/www.kariyer.net\/kariyer-rehberi\/cumhuriyetin-100-yilinda-teknolojide-yuz-lider-kadin-projesi\/#primaryimage"},"image":{"@id":"https:\/\/www.kariyer.net\/kariyer-rehberi\/cumhuriyetin-100-yilinda-teknolojide-yuz-lider-kadin-projesi\/#primaryimage"},"thumbnailUrl":"https:\/\/www.kariyer.net\/kariyer-rehberi\/wp-content\/uploads\/2023\/11\/kadin_yazilimci.jpg","datePublished":"2023-11-29T14:39:35+00:00","dateModified":"2024-08-08T18:07:58+00:00","description":"\"Cumhuriyetin Y\u00fcz\u00fcnc\u00fc Y\u0131l\u0131nda Teknolojide Lider Y\u00fcz Kad\u0131n\" projesi kapsam\u0131nda yeni bir e\u011fitim program\u0131 ba\u015fl\u0131yor!","breadcrumb":{"@id":"https:\/\/www.kariyer.net\/kariyer-rehberi\/cumhuriyetin-100-yilinda-teknolojide-yuz-lider-kadin-projesi\/#breadcrumb"},"inLanguage":"tr","potentialAction":[{"@type":"ReadAction","target":["https:\/\/www.kariyer.net\/kariyer-rehberi\/cumhuriyetin-100-yilinda-teknolojide-yuz-lider-kadin-projesi\/"]}]},{"@type":"ImageObject","inLanguage":"tr","@id":"https:\/\/www.kariyer.net\/kariyer-rehberi\/cumhuriyetin-100-yilinda-teknolojide-yuz-lider-kadin-projesi\/#primaryimage","url":"https:\/\/www.kariyer.net\/kariyer-rehberi\/wp-content\/uploads\/2023\/11\/kadin_yazilimci.jpg","contentUrl":"https:\/\/www.kariyer.net\/kariyer-rehberi\/wp-content\/uploads\/2023\/11\/kadin_yazilimci.jpg","width":900,"height":600},{"@type":"BreadcrumbList","@id":"https:\/\/www.kariyer.net\/kariyer-rehberi\/cumhuriyetin-100-yilinda-teknolojide-yuz-lider-kadin-projesi\/#breadcrumb","itemListElement":[{"@type":"ListItem","position":1,"name":"Anasayfa","item":"https:\/\/www.kariyer.net\/kariyer-rehberi\/"},{"@type":"ListItem","position":2,"name":"Cumhuriyetin 100. y\u0131l\u0131nda &#8220;Teknolojide Y\u00fcz Lider Kad\u0131n Projesi&#8221;"}]},{"@type":"WebSite","@id":"https:\/\/www.kariyer.net\/kariyer-rehberi\/#website","url":"https:\/\/www.kariyer.net\/kariyer-rehberi\/","name":"Kariyer Rehberi","description":"\u0130\u015f D\u00fcnyas\u0131yla \u0130lgili Bilmek \u0130stedi\u011finiz Her \u015eey","publisher":{"@id":"https:\/\/www.kariyer.net\/kariyer-rehberi\/#organization"},"potentialAction":[{"@type":"SearchAction","target":{"@type":"EntryPoint","urlTemplate":"https:\/\/www.kariyer.net\/kariyer-rehberi\/?s={search_term_string}"},"query-input":{"@type":"PropertyValueSpecification","valueRequired":true,"valueName":"search_term_string"}}],"inLanguage":"tr"},{"@type":"Organization","@id":"https:\/\/www.kariyer.net\/kariyer-rehberi\/#organization","name":"Kariyer.net","url":"https:\/\/www.kariyer.net\/kariyer-rehberi\/","logo":{"@type":"ImageObject","inLanguage":"tr","@id":"https:\/\/www.kariyer.net\/kariyer-rehberi\/#\/schema\/logo\/image\/","url":"https:\/\/www.kariyer.net\/kariyer-rehberi-new\/wp-content\/uploads\/2023\/01\/og-image11.jpg","contentUrl":"https:\/\/www.kariyer.net\/kariyer-rehberi-new\/wp-content\/uploads\/2023\/01\/og-image11.jpg","width":800,"height":800,"caption":"Kariyer.net"},"image":{"@id":"https:\/\/www.kariyer.net\/kariyer-rehberi\/#\/schema\/logo\/image\/"}},{"@type":"Person","@id":"https:\/\/www.kariyer.net\/kariyer-rehberi\/#\/schema\/person\/94fd6e49c7ff1b1b2565a2cc4fd685dd","name":"Edit\u00f6r","image":{"@type":"ImageObject","inLanguage":"tr","@id":"https:\/\/www.kariyer.net\/kariyer-rehberi\/#\/schema\/person\/image\/","url":"https:\/\/secure.gravatar.com\/avatar\/0c4fe6688343aed3693b15573beae12c08ace5565409d5ab7509bf9c115f458d?s=96&d=mm&r=g","contentUrl":"https:\/\/secure.gravatar.com\/avatar\/0c4fe6688343aed3693b15573beae12c08ace5565409d5ab7509bf9c115f458d?s=96&d=mm&r=g","caption":"Edit\u00f6r"},"url":"https:\/\/www.kariyer.net\/kariyer-rehberi\/author\/editor\/"}]}},"_links":{"self":[{"href":"https:\/\/www.kariyer.net\/kariyer-rehberi\/wp-json\/wp\/v2\/posts\/17846","targetHints":{"allow":["GET"]}}],"collection":[{"href":"https:\/\/www.kariyer.net\/kariyer-rehberi\/wp-json\/wp\/v2\/posts"}],"about":[{"href":"https:\/\/www.kariyer.net\/kariyer-rehberi\/wp-json\/wp\/v2\/types\/post"}],"author":[{"embeddable":true,"href":"https:\/\/www.kariyer.net\/kariyer-rehberi\/wp-json\/wp\/v2\/users\/12"}],"replies":[{"embeddable":true,"href":"https:\/\/www.kariyer.net\/kariyer-rehberi\/wp-json\/wp\/v2\/comments?post=17846"}],"version-history":[{"count":1,"href":"https:\/\/www.kariyer.net\/kariyer-rehberi\/wp-json\/wp\/v2\/posts\/17846\/revisions"}],"predecessor-version":[{"id":20638,"href":"https:\/\/www.kariyer.net\/kariyer-rehberi\/wp-json\/wp\/v2\/posts\/17846\/revisions\/20638"}],"wp:featuredmedia":[{"embeddable":true,"href":"https:\/\/www.kariyer.net\/kariyer-rehberi\/wp-json\/wp\/v2\/media\/17847"}],"wp:attachment":[{"href":"https:\/\/www.kariyer.net\/kariyer-rehberi\/wp-json\/wp\/v2\/media?parent=17846"}],"wp:term":[{"taxonomy":"category","embeddable":true,"href":"https:\/\/www.kariyer.net\/kariyer-rehberi\/wp-json\/wp\/v2\/categories?post=17846"},{"taxonomy":"post_tag","embeddable":true,"href":"https:\/\/www.kariyer.net\/kariyer-rehberi\/wp-json\/wp\/v2\/tags?post=17846"}],"curies":[{"name":"wp","href":"https:\/\/api.w.org\/{rel}","templated":true}]}}