{"id":17863,"date":"2025-12-18T09:30:59","date_gmt":"2025-12-18T06:30:59","guid":{"rendered":"https:\/\/www.kariyer.net\/kariyer-rehberi\/?p=17863"},"modified":"2025-12-18T10:42:57","modified_gmt":"2025-12-18T07:42:57","slug":"profesyonel-hayatta-ataletle-nasil-basa-cikilir","status":"publish","type":"post","link":"https:\/\/www.kariyer.net\/kariyer-rehberi\/profesyonel-hayatta-ataletle-nasil-basa-cikilir\/","title":{"rendered":"Profesyonel hayatta ataletle nas\u0131l ba\u015fa \u00e7\u0131k\u0131l\u0131r?"},"content":{"rendered":"<p><strong>\u0130\u015f ya da \u00f6zel hayat\u0131nda d\u00f6nem d\u00f6nem enerjinin d\u00fc\u015ft\u00fc\u011f\u00fcn\u00fc ve hi\u00e7bir \u015fey yapmak istemedi\u011fini hissedebilirsin. \u00d6ncelikle bunun insani bir duygu oldu\u011funu ve yaln\u0131z olmad\u0131\u011f\u0131n\u0131 s\u00f6yleyelim. E\u011fitmen ve Ya\u015fam Ko\u00e7u G\u00f6k\u00e7e Do\u011fan, b\u00f6ylesi bir durumla kar\u015f\u0131la\u015ft\u0131\u011f\u0131nda neler yapman gerekti\u011fini yaz\u0131m\u0131zda payla\u015f\u0131yor. <\/strong><\/p>\n<p>\u201cProfesyonel olmak\u201d kavram\u0131, fakl\u0131 ki\u015filerde farkl\u0131 tan\u0131mlara sahip ve detay\u0131na indik\u00e7e bamba\u015fka a\u00e7\u0131l\u0131mlar ta\u015f\u0131yan \u00f6zel bir ifadedir. Akla ilk gelen tan\u0131mlardan biri, bir meslekte ya da sahip olunan pozisyonda gereken en iyi becerilere sahip olmakt\u0131r. Ba\u015fka bir bak\u0131\u015f a\u00e7\u0131s\u0131 ise duygular\u0131n etkisinde kalmadan karar verebilmek, daha ba\u015fka bir g\u00f6r\u00fc\u015fe g\u00f6re de i\u015f ahlak\u0131na ve etik kurallara ba\u011fl\u0131 olarak hareket edebilmektir.<\/p>\n<p>Bu tan\u0131mlar\u0131n hepsi hem \u00e7ok do\u011fru hem de olmazsa olmazd\u0131r. Dolay\u0131s\u0131yla tamam\u0131n\u0131 kapsayan k\u0131sa bir ifade ile \u00f6zetlersek; \u201cProfesyonel olmak\u201d \u201cBilen ve yapan\u201d olmakt\u0131r. Yani ne yapmas\u0131 gerekti\u011fi bilen ve onu yapan olmakt\u0131r.<\/p>\n<p><strong>Buradan yola \u00e7\u0131karak profesyonel ki\u015filerin \u00f6zelliklerini \u015fu \u015fekilde maddeleyebiliriz.\u00a0 <\/strong><\/p>\n<ol>\n<li>Kendini tan\u0131r ve y\u00f6netir<\/li>\n<li>Ki\u015fisel kalite fark\u0131ndal\u0131\u011f\u0131na sahiptir<\/li>\n<li>Hedef sahibidir<\/li>\n<li>Hedefe ula\u015ft\u0131racak i\u00e7 motivasyona sahiptir<\/li>\n<li>Planl\u0131 ve stratejiktir<\/li>\n<li>Sonu\u00e7 odakl\u0131d\u0131r<\/li>\n<li>Rol\u00fcn\u00fcn ve beklentilerin fark\u0131ndad\u0131r<\/li>\n<li>Gereken \u00e7abay\u0131 g\u00f6stermeye isteklidir<\/li>\n<li>Geli\u015fime ve \u00f6\u011frenmeye a\u00e7\u0131kt\u0131r<\/li>\n<li>Zaman\u0131n\u0131 ve enerjisini de\u011fi\u015ftirebilece\u011fi konulara harcar<\/li>\n<li>\u015eartlar de\u011fi\u015fti\u011finde hedefi baki kal\u0131r, ancak yol haritas\u0131n\u0131 yeniler<\/li>\n<li>Zor zamanlar ve zor insanlarla kar\u015f\u0131la\u015ft\u0131\u011f\u0131nda \u00e7eviklik g\u00f6sterir<\/li>\n<li>Kapsay\u0131c\u0131d\u0131r, farkl\u0131 g\u00f6r\u00fc\u015flere ve farkl\u0131 tarzlara sayg\u0131l\u0131d\u0131r<\/li>\n<\/ol>\n<p>Profesyonellik kavram\u0131n\u0131, sadece i\u015f hayat\u0131m\u0131z ya da i\u015f ili\u015fkilerimizle s\u0131n\u0131rland\u0131rmak yerine daha geni\u015f bir \u00e7er\u00e7evede ele almak gerekir. Hayat\u0131m\u0131z\u0131n her alan\u0131nda, sosyal hayat\u0131m\u0131zda ve \u00f6zel hayat\u0131m\u0131zda ertelemek ya da atalet (harekete ge\u00e7ememek) gibi konularla ba\u015f edebilmek i\u00e7in profesyonel davran\u0131\u015f al\u0131\u015fkanl\u0131\u011f\u0131 kazanmak \u00f6nemlidir.<\/p>\n<p>\u0130lgilenmek istedi\u011fimiz hobiler, \u00f6\u011frenmek istedi\u011fimiz yeni bir dil, g\u00f6rmek istedi\u011fimiz mekanlar, okumak istedi\u011fimiz kitaplar ya da vakit ge\u00e7irmek istedi\u011fimiz dostlar i\u00e7in do\u011fru zaman\u0131 beklemek mi yoksa bunlar\u0131 hedef haline getirip, planlay\u0131p ger\u00e7ekle\u015ftirmek mi bizi mutlu eder? Yan\u0131t belli olsa da bunu her zaman koruyabilmek de ciddi bir \u00e7aba ve al\u0131\u015fkanl\u0131k kazanmay\u0131 gerektirir.<\/p>\n<h2><strong>Her zaman ve her durumda profesyonel kal\u0131nabilir mi?<\/strong><\/h2>\n<p>T\u00fcm tan\u0131mlar\u0131 ve gereken \u00f6zellikleri fark\u0131nda olmak bir yana dursun, zorland\u0131\u011f\u0131m\u0131z\u0131 ya da yoruldu\u011fumuzu hissetti\u011fimiz dahas\u0131 hi\u00e7bir \u015fey yapmak istedi\u011fimiz anlar da olur, olacakt\u0131r. \u0130\u015fimiz, sorumlulu\u011fumuz ve pozisyonumuz ne olursa olsun duygular\u0131m\u0131z ya da sa\u011fl\u0131k halimiz harekete ge\u00e7memize engel olabilir. Bazen i\u00e7sel nedenlerle bazen de i\u015fsel nedenlerle bildiklerimizi yapmad\u0131\u011f\u0131m\u0131z, yapamad\u0131\u011f\u0131m\u0131z oldu\u011fu gibi, ertelemek davran\u0131\u015f\u0131n\u0131 da g\u00f6sterebiliriz.<\/p>\n<h2><strong>\u0130\u00e7sel nedenler &amp; i\u015fsel nedenler<\/strong><\/h2>\n<p>V\u00fccudumuzdaki bir a\u011fr\u0131, \u00e7\u0131kmas\u0131n\u0131 bekledi\u011fimiz bir tahlil sonucu, sevdi\u011fimiz biriyle ya\u015fad\u0131\u011f\u0131m\u0131z bir anla\u015fmazl\u0131k, ak\u015fam i\u00e7in planlad\u0131\u011f\u0131m\u0131z s\u00fcrpriz parti haz\u0131rl\u0131klar\u0131 gibi i\u00e7sel nedenlerimiz ile ekip arkada\u015f\u0131m\u0131zla ya\u015fanan bir ileti\u015fim kazas\u0131, y\u00f6neticiden ald\u0131\u011f\u0131m\u0131z olumsuz geri bildirim ya da beklenilen <a href=\"https:\/\/www.kariyer.net\/kariyer-rehberi\/terfi-istemenin-6-onemli-adimi\/\" target=\"_blank\" rel=\"noopener\"><strong>terfinin<\/strong><\/a> gelmemesi gibi i\u015fsel nedenlerimiz odak noktam\u0131z\u0131 da\u011f\u0131tabilir.<\/p>\n<p>B\u00f6yle zamanlarda ya\u015fad\u0131\u011f\u0131m\u0131z harekete ge\u00e7ememek, di\u011fer ad\u0131yla atalet durumu insan olarak ya\u015fayabilece\u011fimiz en do\u011fal sonu\u00e7lardan biridir. \u00d6nemli olan b\u00f6yle zamanlar\u0131n etkisinde ne kadar s\u00fcre kald\u0131\u011f\u0131m\u0131z ve ne kadar zamanda tekrar aya\u011fa kalkabildi\u011fimizdir.<\/p>\n<p>Atalet, harekete ge\u00e7mek i\u00e7in gereken motivasyon eksikli\u011fi veya enerji d\u00fc\u015f\u00fckl\u00fc\u011f\u00fc gibi nedenlerden kaynaklanabilir. Nedenleri ister i\u00e7sel olsun ister i\u015fsel olsun bununla ba\u015fa \u00e7\u0131kabilmek, profesyonel tarafta kalabilmek m\u00fcmk\u00fcnd\u00fcr.<\/p>\n<h3><strong>Ataletle ba\u015fa \u00e7\u0131kmak ve profesyonel tarafta kalabilmek i\u00e7in a\u015fa\u011f\u0131daki \u00f6nerileri uygulayabilirsin:<\/strong><\/h3>\n<ol>\n<li><strong>Hedefler belirle:<\/strong> Kendine SMART hedefler belirle ve bu hedeflere ula\u015fmak i\u00e7in planlar yap. Hedeflerinin ger\u00e7ek\u00e7i, \u00f6l\u00e7\u00fclebilir, ula\u015f\u0131labilir ve zamanl\u0131 olmas\u0131na \u00f6zen g\u00f6ster.<\/li>\n<li><strong>K\u00fc\u00e7\u00fck ad\u0131mlarla ba\u015fla<\/strong>: B\u00fcy\u00fck hedeflere ula\u015fmak i\u00e7in k\u00fc\u00e7\u00fck ad\u0131mlar at. Bu, hedefine ula\u015fmak i\u00e7in gereken i\u015fleri daha y\u00f6netilebilir hale getirecektir. Al\u0131\u015fkanl\u0131k kazand\u0131ran k\u00fc\u00e7\u00fck ad\u0131mlar i\u00e7in sosyal hayat\u0131m\u0131zdan ba\u015flamak en g\u00fczel y\u00f6ntemdir.<\/li>\n<li><strong>Kendine meydan oku:<\/strong> Kendine zorluklar olu\u015ftur ve kendini geli\u015ftirmeye \u00e7al\u0131\u015f. \u00d6rne\u011fin; g\u00fcn bana yetmiyor diyorsan, g\u00fcne daha erken saatte ba\u015flamak gibi kendine meydan okuman\u0131 sa\u011flayacak yeni al\u0131\u015fkanl\u0131klara yer a\u00e7.<\/li>\n<li><strong>Kendini \u00f6d\u00fcllendir ve molalar ver:<\/strong> Kendine k\u00fc\u00e7\u00fck \u00f6d\u00fcller ver. D\u0131\u015far\u0131dan gelecek takdirler harikad\u0131r, ancak kendimize sundu\u011fumuz \u00f6d\u00fcller daha s\u00fcrd\u00fcr\u00fclebilir bir motivasyonu destekler. Ayr\u0131ca k\u0131sa molalar vererek daha fazla \u00e7aba g\u00f6stermek i\u00e7in g\u00fc\u00e7 toplayabilirsin.<\/li>\n<li><strong>D\u00fczenli olarak egzersiz yap:<\/strong> Bu aksiyon hem enerjini art\u0131racak hem de motivasyonunu y\u00fckseltecektir.<\/li>\n<li><strong>Yeni deneyimler &amp; rit\u00fceller dene:<\/strong> Senin i\u00e7in yeni olacak baz\u0131 eylemleri denemek, rutinle\u015fmi\u015f hayat\u0131n\u0131 renklendirecek ve motivasyonunu art\u0131racakt\u0131r.<\/li>\n<li><strong>Destek al:<\/strong> Ailenden, arkada\u015flar\u0131ndan veya bir ko\u00e7tan yard\u0131m al. Bu seni harekete ge\u00e7irecek nedenleri ke\u015ffetmene destek olacakt\u0131r.<\/li>\n<\/ol>\n<p>Bu \u00f6nerileri uygulayarak, ataletle ba\u015fa \u00e7\u0131kabilir ve hedeflerine ula\u015fmak i\u00e7in gerekli motivasyonu ve enerjiyi bulabilirsin. Bu sayede profesyonel tarafta kalabilir, mesle\u011findeki, \u00f6zel hayat\u0131ndaki rollerinde ba\u015far\u0131l\u0131 olabilirsin.<\/p>\n<!-- templates\/buttons-placeholder.php -->\n<div class=\"da-reactions-outer TpostID17863\">\n\t    <div class=\"da-reactions-data da-reactions-container-async center\"\n         data-type=\"post\"\n         data-id=\"17863\"\n         id=\"da-reactions-slot-post-17863\">\n        <div class=\"da-reactions-static\">\n\t\t\t<img src=\"https:\/\/www.kariyer.net\/kariyer-rehberi\/wp-content\/plugins\/da-reactions\/assets\/dist\/loading.svg\" alt=\"Loading spinner\" width=\"48\" height=\"48\" style=\"width:48px\" \/>\n        <\/div>\n    <\/div>\n<\/div>\n","protected":false},"excerpt":{"rendered":"<p>\u0130\u015f ya da \u00f6zel hayat\u0131nda d\u00f6nem d\u00f6nem enerjinin d\u00fc\u015ft\u00fc\u011f\u00fcn\u00fc ve hi\u00e7bir \u015fey yapmak istemedi\u011fini hissedebilirsin. \u00d6ncelikle bunun insani bir duygu oldu\u011funu ve yaln\u0131z olmad\u0131\u011f\u0131n\u0131 s\u00f6yleyelim. E\u011fitmen ve Ya\u015fam Ko\u00e7u G\u00f6k\u00e7e Do\u011fan, b\u00f6ylesi bir durumla kar\u015f\u0131la\u015ft\u0131\u011f\u0131nda neler yapman gerekti\u011fini yaz\u0131m\u0131zda payla\u015f\u0131yor. \u201cProfesyonel olmak\u201d kavram\u0131, fakl\u0131 ki\u015filerde farkl\u0131 tan\u0131mlara sahip ve detay\u0131na indik\u00e7e bamba\u015fka a\u00e7\u0131l\u0131mlar ta\u015f\u0131yan \u00f6zel [&hellip;]<\/p>\n<!-- templates\/buttons-placeholder.php -->\n<div class=\"da-reactions-outer TpostID17863\">\n\t    <div class=\"da-reactions-data da-reactions-container-async center\"\n         data-type=\"post\"\n         data-id=\"17863\"\n         id=\"da-reactions-slot-post-17863\">\n        <div class=\"da-reactions-static\">\n\t\t\t<img src=\"https:\/\/www.kariyer.net\/kariyer-rehberi\/wp-content\/plugins\/da-reactions\/assets\/dist\/loading.svg\" alt=\"Loading spinner\" width=\"48\" height=\"48\" style=\"width:48px\" \/>\n        <\/div>\n    <\/div>\n<\/div>\n","protected":false},"author":37,"featured_media":17864,"comment_status":"closed","ping_status":"open","sticky":false,"template":"","format":"standard","meta":{"footnotes":"","_elementor_edit_mode":"","_elementor_template_type":"","_elementor_data":"","_elementor_page_settings":null,"_elementor_conditions":[]},"categories":[2211],"tags":[],"class_list":{"0":"post-17863","1":"post","2":"type-post","3":"status-publish","4":"format-standard","5":"has-post-thumbnail","7":"category-kariyer-gelisimi"},"yoast_head":"<!-- This site is optimized with the Yoast SEO Premium plugin v21.4 (Yoast SEO v27.0) - https:\/\/yoast.com\/product\/yoast-seo-premium-wordpress\/ -->\n<title>Profesyonel hayatta ataletle nas\u0131l ba\u015fa \u00e7\u0131k\u0131l\u0131r?<\/title>\n<meta name=\"description\" content=\"\u0130\u015f ya da \u00f6zel hayat\u0131n\u0131zda d\u00f6nem d\u00f6nem enerjinizin d\u00fc\u015ft\u00fc\u011f\u00fcn\u00fc ve hi\u00e7bir \u015fey yapmak istemedi\u011finizi hissedebilirsiniz.\" \/>\n<meta name=\"robots\" content=\"index, follow, max-snippet:-1, max-image-preview:large, max-video-preview:-1\" \/>\n<link rel=\"canonical\" href=\"https:\/\/www.kariyer.net\/kariyer-rehberi\/profesyonel-hayatta-ataletle-nasil-basa-cikilir\/\" \/>\n<meta property=\"og:locale\" content=\"tr_TR\" \/>\n<meta property=\"og:type\" content=\"article\" \/>\n<meta property=\"og:title\" content=\"Profesyonel hayatta ataletle nas\u0131l ba\u015fa \u00e7\u0131k\u0131l\u0131r?\" \/>\n<meta property=\"og:description\" content=\"\u0130\u015f ya da \u00f6zel hayat\u0131nda d\u00f6nem d\u00f6nem enerjinin d\u00fc\u015ft\u00fc\u011f\u00fcn\u00fc ve hi\u00e7bir \u015fey yapmak istemedi\u011fini hissedebilirsin. \u00d6ncelikle bunun insani bir duygu oldu\u011funu ve\" \/>\n<meta property=\"og:url\" content=\"https:\/\/www.kariyer.net\/kariyer-rehberi\/profesyonel-hayatta-ataletle-nasil-basa-cikilir\/\" \/>\n<meta property=\"og:site_name\" content=\"Kariyer Rehberi\" \/>\n<meta property=\"article:published_time\" content=\"2025-12-18T06:30:59+00:00\" \/>\n<meta property=\"article:modified_time\" content=\"2025-12-18T07:42:57+00:00\" \/>\n<meta property=\"og:image\" content=\"https:\/\/www.kariyer.net\/kariyer-rehberi\/wp-content\/uploads\/2023\/12\/atalet.jpg\" \/>\n\t<meta property=\"og:image:width\" content=\"900\" \/>\n\t<meta property=\"og:image:height\" content=\"600\" \/>\n\t<meta property=\"og:image:type\" content=\"image\/jpeg\" \/>\n<meta name=\"author\" content=\"G\u00f6k\u00e7e Do\u011fan\" \/>\n<meta name=\"twitter:card\" content=\"summary_large_image\" \/>\n<meta name=\"twitter:label1\" content=\"Yazan:\" \/>\n\t<meta name=\"twitter:data1\" content=\"G\u00f6k\u00e7e Do\u011fan\" \/>\n\t<meta name=\"twitter:label2\" content=\"Tahmini okuma s\u00fcresi\" \/>\n\t<meta name=\"twitter:data2\" content=\"5 dakika\" \/>\n<!-- \/ Yoast SEO Premium plugin. -->","yoast_head_json":{"title":"Profesyonel hayatta ataletle nas\u0131l ba\u015fa \u00e7\u0131k\u0131l\u0131r?","description":"\u0130\u015f ya da \u00f6zel hayat\u0131n\u0131zda d\u00f6nem d\u00f6nem enerjinizin d\u00fc\u015ft\u00fc\u011f\u00fcn\u00fc ve hi\u00e7bir \u015fey yapmak istemedi\u011finizi hissedebilirsiniz.","robots":{"index":"index","follow":"follow","max-snippet":"max-snippet:-1","max-image-preview":"max-image-preview:large","max-video-preview":"max-video-preview:-1"},"canonical":"https:\/\/www.kariyer.net\/kariyer-rehberi\/profesyonel-hayatta-ataletle-nasil-basa-cikilir\/","og_locale":"tr_TR","og_type":"article","og_title":"Profesyonel hayatta ataletle nas\u0131l ba\u015fa \u00e7\u0131k\u0131l\u0131r?","og_description":"\u0130\u015f ya da \u00f6zel hayat\u0131nda d\u00f6nem d\u00f6nem enerjinin d\u00fc\u015ft\u00fc\u011f\u00fcn\u00fc ve hi\u00e7bir \u015fey yapmak istemedi\u011fini hissedebilirsin. \u00d6ncelikle bunun insani bir duygu oldu\u011funu ve","og_url":"https:\/\/www.kariyer.net\/kariyer-rehberi\/profesyonel-hayatta-ataletle-nasil-basa-cikilir\/","og_site_name":"Kariyer Rehberi","article_published_time":"2025-12-18T06:30:59+00:00","article_modified_time":"2025-12-18T07:42:57+00:00","og_image":[{"width":900,"height":600,"url":"https:\/\/www.kariyer.net\/kariyer-rehberi\/wp-content\/uploads\/2023\/12\/atalet.jpg","type":"image\/jpeg"}],"author":"G\u00f6k\u00e7e Do\u011fan","twitter_card":"summary_large_image","twitter_misc":{"Yazan:":"G\u00f6k\u00e7e Do\u011fan","Tahmini okuma s\u00fcresi":"5 dakika"},"schema":{"@context":"https:\/\/schema.org","@graph":[{"@type":"Article","@id":"https:\/\/www.kariyer.net\/kariyer-rehberi\/profesyonel-hayatta-ataletle-nasil-basa-cikilir\/#article","isPartOf":{"@id":"https:\/\/www.kariyer.net\/kariyer-rehberi\/profesyonel-hayatta-ataletle-nasil-basa-cikilir\/"},"author":{"name":"G\u00f6k\u00e7e Do\u011fan","@id":"https:\/\/www.kariyer.net\/kariyer-rehberi\/#\/schema\/person\/914a45252eeb4ef9b402a5f68a0f0449"},"headline":"Profesyonel hayatta ataletle nas\u0131l ba\u015fa \u00e7\u0131k\u0131l\u0131r?","datePublished":"2025-12-18T06:30:59+00:00","dateModified":"2025-12-18T07:42:57+00:00","mainEntityOfPage":{"@id":"https:\/\/www.kariyer.net\/kariyer-rehberi\/profesyonel-hayatta-ataletle-nasil-basa-cikilir\/"},"wordCount":974,"publisher":{"@id":"https:\/\/www.kariyer.net\/kariyer-rehberi\/#organization"},"image":{"@id":"https:\/\/www.kariyer.net\/kariyer-rehberi\/profesyonel-hayatta-ataletle-nasil-basa-cikilir\/#primaryimage"},"thumbnailUrl":"https:\/\/www.kariyer.net\/kariyer-rehberi\/wp-content\/uploads\/2023\/12\/atalet.jpg","articleSection":["Kariyer Geli\u015fimi"],"inLanguage":"tr"},{"@type":"WebPage","@id":"https:\/\/www.kariyer.net\/kariyer-rehberi\/profesyonel-hayatta-ataletle-nasil-basa-cikilir\/","url":"https:\/\/www.kariyer.net\/kariyer-rehberi\/profesyonel-hayatta-ataletle-nasil-basa-cikilir\/","name":"Profesyonel hayatta ataletle nas\u0131l ba\u015fa \u00e7\u0131k\u0131l\u0131r?","isPartOf":{"@id":"https:\/\/www.kariyer.net\/kariyer-rehberi\/#website"},"primaryImageOfPage":{"@id":"https:\/\/www.kariyer.net\/kariyer-rehberi\/profesyonel-hayatta-ataletle-nasil-basa-cikilir\/#primaryimage"},"image":{"@id":"https:\/\/www.kariyer.net\/kariyer-rehberi\/profesyonel-hayatta-ataletle-nasil-basa-cikilir\/#primaryimage"},"thumbnailUrl":"https:\/\/www.kariyer.net\/kariyer-rehberi\/wp-content\/uploads\/2023\/12\/atalet.jpg","datePublished":"2025-12-18T06:30:59+00:00","dateModified":"2025-12-18T07:42:57+00:00","description":"\u0130\u015f ya da \u00f6zel hayat\u0131n\u0131zda d\u00f6nem d\u00f6nem enerjinizin d\u00fc\u015ft\u00fc\u011f\u00fcn\u00fc ve hi\u00e7bir \u015fey yapmak istemedi\u011finizi hissedebilirsiniz.","breadcrumb":{"@id":"https:\/\/www.kariyer.net\/kariyer-rehberi\/profesyonel-hayatta-ataletle-nasil-basa-cikilir\/#breadcrumb"},"inLanguage":"tr","potentialAction":[{"@type":"ReadAction","target":["https:\/\/www.kariyer.net\/kariyer-rehberi\/profesyonel-hayatta-ataletle-nasil-basa-cikilir\/"]}]},{"@type":"ImageObject","inLanguage":"tr","@id":"https:\/\/www.kariyer.net\/kariyer-rehberi\/profesyonel-hayatta-ataletle-nasil-basa-cikilir\/#primaryimage","url":"https:\/\/www.kariyer.net\/kariyer-rehberi\/wp-content\/uploads\/2023\/12\/atalet.jpg","contentUrl":"https:\/\/www.kariyer.net\/kariyer-rehberi\/wp-content\/uploads\/2023\/12\/atalet.jpg","width":900,"height":600},{"@type":"BreadcrumbList","@id":"https:\/\/www.kariyer.net\/kariyer-rehberi\/profesyonel-hayatta-ataletle-nasil-basa-cikilir\/#breadcrumb","itemListElement":[{"@type":"ListItem","position":1,"name":"Anasayfa","item":"https:\/\/www.kariyer.net\/kariyer-rehberi\/"},{"@type":"ListItem","position":2,"name":"Profesyonel hayatta ataletle nas\u0131l ba\u015fa \u00e7\u0131k\u0131l\u0131r?"}]},{"@type":"WebSite","@id":"https:\/\/www.kariyer.net\/kariyer-rehberi\/#website","url":"https:\/\/www.kariyer.net\/kariyer-rehberi\/","name":"Kariyer Rehberi","description":"\u0130\u015f D\u00fcnyas\u0131yla \u0130lgili Bilmek \u0130stedi\u011finiz Her \u015eey","publisher":{"@id":"https:\/\/www.kariyer.net\/kariyer-rehberi\/#organization"},"potentialAction":[{"@type":"SearchAction","target":{"@type":"EntryPoint","urlTemplate":"https:\/\/www.kariyer.net\/kariyer-rehberi\/?s={search_term_string}"},"query-input":{"@type":"PropertyValueSpecification","valueRequired":true,"valueName":"search_term_string"}}],"inLanguage":"tr"},{"@type":"Organization","@id":"https:\/\/www.kariyer.net\/kariyer-rehberi\/#organization","name":"Kariyer.net","url":"https:\/\/www.kariyer.net\/kariyer-rehberi\/","logo":{"@type":"ImageObject","inLanguage":"tr","@id":"https:\/\/www.kariyer.net\/kariyer-rehberi\/#\/schema\/logo\/image\/","url":"https:\/\/www.kariyer.net\/kariyer-rehberi-new\/wp-content\/uploads\/2023\/01\/og-image11.jpg","contentUrl":"https:\/\/www.kariyer.net\/kariyer-rehberi-new\/wp-content\/uploads\/2023\/01\/og-image11.jpg","width":800,"height":800,"caption":"Kariyer.net"},"image":{"@id":"https:\/\/www.kariyer.net\/kariyer-rehberi\/#\/schema\/logo\/image\/"}},{"@type":"Person","@id":"https:\/\/www.kariyer.net\/kariyer-rehberi\/#\/schema\/person\/914a45252eeb4ef9b402a5f68a0f0449","name":"G\u00f6k\u00e7e Do\u011fan","image":{"@type":"ImageObject","inLanguage":"tr","@id":"https:\/\/www.kariyer.net\/kariyer-rehberi\/#\/schema\/person\/image\/","url":"https:\/\/www.kariyer.net\/kariyer-rehberi\/wp-content\/uploads\/2025\/12\/gokce_dogan-150x150.jpg","contentUrl":"https:\/\/www.kariyer.net\/kariyer-rehberi\/wp-content\/uploads\/2025\/12\/gokce_dogan-150x150.jpg","caption":"G\u00f6k\u00e7e Do\u011fan"},"description":"1996 y\u0131l\u0131ndan bu yana \u00e7al\u0131\u015fma hayat\u0131nda olan G\u00f6k\u00e7e Do\u011fan, meslek hayat\u0131n\u0131n 19 y\u0131l\u0131n\u0131 sa\u011fl\u0131k sekt\u00f6r\u00fcnde \u00e7al\u0131\u015farak ge\u00e7irmi\u015ftir. Bu s\u00fcre\u00e7te Halkla \u0130li\u015fkiler Y\u00f6netimi, \u015eikayet Y\u00f6netim Sistemi, Kalite S\u00fcre\u00e7leri, \u0130\u015f Geli\u015ftirme faaliyetleri ve i\u00e7 e\u011fitim projelerinde yer alm\u0131\u015ft\u0131r. 2008 y\u0131l\u0131ndan itibaren Indus Dan\u0131\u015fmanl\u0131k b\u00fcnyesinde E\u011fitmen ve Dan\u0131\u015fman olarak \u00e7al\u0131\u015fmakta, blog sitesinde de i\u00e7erikleriyle yer almaktad\u0131r. Ayn\u0131 zamanda ki\u015fisel blo\u011funda ve \u0130K Blog'da da deneyimlerini ve bilgilerini okuyucularla payla\u015fmaktad\u0131r.","url":"https:\/\/www.kariyer.net\/kariyer-rehberi\/author\/gokce-dogan\/"}]}},"_links":{"self":[{"href":"https:\/\/www.kariyer.net\/kariyer-rehberi\/wp-json\/wp\/v2\/posts\/17863","targetHints":{"allow":["GET"]}}],"collection":[{"href":"https:\/\/www.kariyer.net\/kariyer-rehberi\/wp-json\/wp\/v2\/posts"}],"about":[{"href":"https:\/\/www.kariyer.net\/kariyer-rehberi\/wp-json\/wp\/v2\/types\/post"}],"author":[{"embeddable":true,"href":"https:\/\/www.kariyer.net\/kariyer-rehberi\/wp-json\/wp\/v2\/users\/37"}],"replies":[{"embeddable":true,"href":"https:\/\/www.kariyer.net\/kariyer-rehberi\/wp-json\/wp\/v2\/comments?post=17863"}],"version-history":[{"count":2,"href":"https:\/\/www.kariyer.net\/kariyer-rehberi\/wp-json\/wp\/v2\/posts\/17863\/revisions"}],"predecessor-version":[{"id":22691,"href":"https:\/\/www.kariyer.net\/kariyer-rehberi\/wp-json\/wp\/v2\/posts\/17863\/revisions\/22691"}],"wp:featuredmedia":[{"embeddable":true,"href":"https:\/\/www.kariyer.net\/kariyer-rehberi\/wp-json\/wp\/v2\/media\/17864"}],"wp:attachment":[{"href":"https:\/\/www.kariyer.net\/kariyer-rehberi\/wp-json\/wp\/v2\/media?parent=17863"}],"wp:term":[{"taxonomy":"category","embeddable":true,"href":"https:\/\/www.kariyer.net\/kariyer-rehberi\/wp-json\/wp\/v2\/categories?post=17863"},{"taxonomy":"post_tag","embeddable":true,"href":"https:\/\/www.kariyer.net\/kariyer-rehberi\/wp-json\/wp\/v2\/tags?post=17863"}],"curies":[{"name":"wp","href":"https:\/\/api.w.org\/{rel}","templated":true}]}}