{"id":1792,"date":"2007-12-05T02:00:00","date_gmt":"2007-12-05T00:00:00","guid":{"rendered":"http:\/\/92.45.35.169\/izocam-insan-kaynaklari-ve-endustri-iliskileri-muduru-vuslat-gokce-ve-insan-kaynaklari-uzmani-ayca-demirhan\/"},"modified":"2024-07-03T15:05:05","modified_gmt":"2024-07-03T12:05:05","slug":"izocam-insan-kaynaklari-ve-endustri-iliskileri-muduru-vuslat-gokce-ve-insan-kaynaklari-uzmani-ayca-demirhan","status":"publish","type":"post","link":"https:\/\/www.kariyer.net\/kariyer-rehberi\/izocam-insan-kaynaklari-ve-endustri-iliskileri-muduru-vuslat-gokce-ve-insan-kaynaklari-uzmani-ayca-demirhan\/","title":{"rendered":"\u0130zocam \u0130nsan Kaynaklar\u0131 ve End\u00fcstri \u0130li\u015fkileri M\u00fcd\u00fcr\u00fc &#8216;Vuslat G\u00f6k\u00e7e&#8217; ve \u0130nsan Kaynaklar\u0131 Uzman\u0131 &#8216;Ay\u00e7a Demirhan&#8217;"},"content":{"rendered":"<div><span style=\"font-size: 8pt; color: black\"><span style=\"font-size: 11px; font-family: Verdana, Arial, Helvetica, sans-serif\"><\/p>\n<div><span style=\"font-size: 8pt; color: black\"><img decoding=\"async\" height=\"141\" alt=\"\" hspace=\"10\" width=\"160\" align=\"left\" vspace=\"10\" src=\"http:\/\/web4.kariyer.net\/UploadFiles\/tempPhoto\/kariyerRehberi\/image\/mak417b.jpg\" \/>Sekt\u00f6rdeki lider konumunu s\u00fcrd\u00fcren \u0130zocam&#8217;\u0131n \u0130nsan Kaynaklar\u0131 ve End\u00fcstri \u0130li\u015fkileri M\u00fcd\u00fcr\u00fc Vuslat G\u00f6k\u00e7e ve \u0130nsan Kaynaklar\u0131 Uzman\u0131 Ay\u00e7a Demirhan sorular\u0131m\u0131z\u0131 yan\u0131tlad\u0131. <\/span><\/div>\n<div><span style=\"font-size: 8pt; color: black\"><br \/><strong>\u0130zocam&#8217;\u0131n kurulu\u015f hikayesini anlatabilir misiniz, ka\u00e7 y\u0131l\u0131nda, kim taraf\u0131ndan kuruldu? O g\u00fcnden bug\u00fcne neler de\u011fi\u015fti? <\/strong><\/span><\/div>\n<div><span>Vuslat G\u00f6k\u00e7e: \u0130zocam 1965 y\u0131l\u0131nda Merhum Vehbi Ko\u00e7 taraf\u0131ndan Ar\u00e7elik A.\u015e.&#8217;ye camy\u00fcn\u00fc \u00fcretmek amac\u0131yla Karak\u00f6y&#8217;de kuruldu. Bug\u00fcn \u0130zocam toplam 15 farkl\u0131 lokasyonda istihdam sa\u011fl\u0131yor. <\/span><span style=\"font-size: 8pt; color: black\">\u00dcr\u00fcn yelpazesine bakt\u0131\u011f\u0131m\u0131zda camy\u00fcn\u00fc ile yola \u00e7\u0131kan \u0130zocam; ta\u015fy\u00fcn\u00fc, ekstr\u00fcde polistiren, ekspande polistiren, elastomerik kau\u00e7uk, polietilen ve sandvi\u00e7 panel gibi \u00fcr\u00fcnlerin \u00fcreticisi haline geldi. \u0130zocam 41 y\u0131l\u0131n\u0131 geride b\u0131rak\u0131rken, sekt\u00f6rde lider konumunu s\u00fcrd\u00fcr\u00fcyor ve hala b\u0131kmadan tasarruf ve enerji verimlili\u011fi i\u00e7in yal\u0131t\u0131m bilincini yaymaya devam ediyor. <\/p>\n<p><strong>Hangi \u00fclkelere ihracat yap\u0131yorsunuz? 2005 y\u0131l\u0131nda ihracattan ne kadar gelir elde ettiniz?<\/strong> <br \/>Vuslat G\u00f6k\u00e7e: Balkanlar, Orta Do\u011fu, BDT ve Afrika&#8217;da toplam 50 civar\u0131nda \u00fclkeye \u00fcr\u00fcnlerimizi ihra\u00e7 ediyoruz. Bu \u00fclkelerin ba\u015fl\u0131calar\u0131; Yunanistan, Bulgaristan, Romanya, Rusya, \u0130srail, M\u0131s\u0131r, \u0130ran, Suriye, \u00dcrd\u00fcn, Kazakistan. 2005 y\u0131l\u0131 itibariyle toplam 33 milyon dolar ihracat geliri elde ettik. <\/span><\/div>\n<div><span><strong><br \/>\u00dcretim i\u00e7in hammaddelerinizi nereden tedarik ediyorsunuz?<\/strong><br \/>Vuslat G\u00f6k\u00e7e: <\/span><span style=\"font-size: 8pt; color: black\">Ta\u015fy\u00fcn\u00fc ve camy\u00fcn\u00fc \u00fcretimimizde kulland\u0131\u011f\u0131m\u0131z hammadde ve malzemenin hemen hemen hepsini yerli tedarik\u00e7ilerden; plastik \u00fcretimimizde kulland\u0131\u011f\u0131m\u0131z malzemelerden ise sadece hammaddeyi d\u00fcnyan\u0131n farkl\u0131 yerlerindeki tedarik\u00e7ilerden temin ediyoruz. <\/span><\/div>\n<div><span><strong><br \/>T\u00fcm \u00fcretim T\u00fcrkiye&#8217;de mi yap\u0131l\u0131yor?<\/strong>Vuslat G\u00f6k\u00e7e: <\/span><span style=\"font-size: 8pt; color: black\">Kocaeli, \u0130stanbul, Mersin, Eski\u015fehir ve Bolu&#8217;da kurulu olan 9 ayr\u0131 tesiste \u00fcretim yap\u0131l\u0131yor. Ayr\u0131ca May\u0131s 2006 itibariyle Rusya&#8217;daki tesisimizde \u00fcretime ba\u015flanacak. <\/span><\/div>\n<div><span><strong><br \/>\u00dcniversiteleraras\u0131 yal\u0131t\u0131m yar\u0131\u015fmas\u0131yla hedefledi\u011finiz nedir? Ba\u015fka sosyal sorumluluk \u00e7al\u0131\u015fmalar\u0131n\u0131z bulunuyor mu?<\/strong>Ay\u00e7a Demirhan: <\/span><span style=\"font-size: 8pt; color: black\">Yar\u0131\u015fman\u0131n amac\u0131, gelece\u011fin m\u00fchendis ve mimarlar\u0131na yal\u0131t\u0131m sekt\u00f6r\u00fcn\u00fc tan\u0131tmak ve onlar\u0131n yal\u0131t\u0131m bilincini geli\u015ftirmede \u00f6nc\u00fc olmalar\u0131n\u0131 sa\u011flamak. Yal\u0131t\u0131m bilincini yayarak, enerji tasarrufuna da bu yolla katk\u0131 yaratmaya \u00e7al\u0131\u015f\u0131yoruz. Di\u011fer bir sosyal sorumluluk \u00e7al\u0131\u015fmam\u0131z ise \u0130zocam Yal\u0131t\u0131m E\u011fitim Merkezi &ndash; \u0130YEM&#8217;dir. <\/span><\/div>\n<div><span><br \/><strong>\u0130YEM&#8217;in amac\u0131, yap\u0131s\u0131 ve faaliyetlerinden bahseder misiniz?<\/strong>Ay\u00e7a Demirhan: <\/span><span style=\"font-size: 8pt; color: black\">1998 y\u0131l\u0131ndan bu yana \u0130YEM, 41 \u00f6\u011fretim g\u00f6revlisi ve uzman y\u00f6netiminde, 19 farkl\u0131 e\u011fitim semineri ile \u00fccretsiz olarak hizmet veriyor. Kurulu\u015f amac\u0131, in\u015faat ve yal\u0131t\u0131m sekt\u00f6r\u00fcndeki e\u011fitim ihtiyac\u0131n\u0131n kar\u015f\u0131lanmas\u0131na katk\u0131 sa\u011flamakt\u0131 ve bunu ba\u015fard\u0131\u011f\u0131n\u0131 da s\u00f6yleyebiliriz. Bug\u00fcne kadar \u0130YEM&#8217;in e\u011fitimlerine 8 bin 500 ki\u015fi kat\u0131ld\u0131 ve 22 bin ki\u015fi\/saat e\u011fitim ald\u0131.<\/span><\/div>\n<div><span><br \/><strong>\u00c7al\u0131\u015fanlar\u0131n\u0131za y\u00f6nelik ne t\u00fcr e\u011fitimler d\u00fczenliyorsunuz? <\/strong>Ay\u00e7a Demirhan: <\/span><span style=\"font-size: 8pt; color: black\">Al\u0131nan e\u011fitimler d\u00f6nemsel gereksinimlere g\u00f6re de \u015fekillenmekle birlikte; i\u015fe ba\u015flayan t\u00fcm \u00e7al\u0131\u015fanlar\u0131m\u0131za bir Oryantasyon E\u011fitimi uyguluyoruz. A\u00c7EV i\u015fbirli\u011fi ile d\u00fczenledi\u011fimiz \u00e7ocuk ile ileti\u015fim, anne &#8211; \u00e7ocuk ileti\u015fimi, baba destek program\u0131 gibi e\u011fitimlerimiz oluyor. \u0130\u015f hayat\u0131nda zihnin etkin kullan\u0131m\u0131 ile ilgili interaktif olarak ger\u00e7ekle\u015fen e\u011fitimler, i\u015f\u00e7i sa\u011fl\u0131\u011f\u0131 ve i\u015f g\u00fcvenli\u011fi, y\u00f6netim sistemleri e\u011fitimleri, \u00fcretimde \u00e7al\u0131\u015fanlar\u0131m\u0131za y\u00f6nelik i\u015fba\u015f\u0131 e\u011fitimleri ve mesleki e\u011fitimler ile \u00e7al\u0131\u015fanlar\u0131m\u0131z\u0131n farkl\u0131 konularda geli\u015fimine destek sa\u011flamay\u0131 ama\u00e7l\u0131yoruz. Potansiyel y\u00f6neticilerimizi ise, y\u00f6netici geli\u015ftirme programlar\u0131na g\u00f6ndererek y\u00f6netim becerileri kazanmalar\u0131na katk\u0131da bulunuyoruz. Ayr\u0131ca, yine \u0130YEM&#8217;de kendi \u00e7al\u0131\u015fanlar\u0131m\u0131z da yal\u0131t\u0131m \u00fczerine teknik konulu teorik ve uygulamal\u0131 e\u011fitimlere kat\u0131labiliyor.<\/span><\/div>\n<div><span><br \/><strong>\u0130K sistemlerinizden ve i\u015fe al\u0131m s\u00fcrecinizden bahseder misiniz?<\/strong>Ay\u00e7a Demirhan: <\/span><span style=\"font-size: 8pt; color: black\">Ko\u00e7 Grubu olarak s\u00fcrekli daha iyi olmas\u0131 i\u00e7in geli\u015ftirilen, g\u00fcn\u00fcm\u00fcz standartlar\u0131nda yap\u0131land\u0131r\u0131lm\u0131\u015f ve adil \u0130K s\u00fcre\u00e7leri uyguluyoruz. Hedeflere dayal\u0131 performans y\u00f6netim sistemi ile ki\u015finin performans\u0131n\u0131 \u00f6l\u00e7\u00fcyoruz. Performans\u0131 s\u00f6zel ya da soyut g\u00f6stergeler ile de\u011fil, somut i\u015f sonu\u00e7lar\u0131 ile de\u011ferlendiriyoruz. Ayr\u0131ca gelece\u011fin y\u00f6neticilerini tespit edebilmek i\u00e7in 360 derece de\u011ferlendirme y\u00f6ntemini kullanarak yetkinlik de\u011ferlendirme yap\u0131yoruz. Y\u00f6netti\u011fimiz t\u00fcm \u0130K s\u00fcre\u00e7lerinin \u00e7\u0131kt\u0131s\u0131n\u0131 ise \u00e7al\u0131\u015fan\u0131n geli\u015fim plan\u0131na girdi olarak kullanmay\u0131 hedefliyoruz.<\/span><\/div>\n<div><span style=\"font-size: 8pt; color: black\">\u0130\u015fe al\u0131mlarda ise pozisyon i\u00e7in gerekli \u00f6n filtrelemelerden sonra yetkinlik bazl\u0131 m\u00fclakat, \u0130ngilizce s\u0131nav\u0131 ile ki\u015filik testi gibi standardizasyonu sa\u011flanm\u0131\u015f y\u00f6ntemler uyguluyoruz. <\/span><\/div>\n<div><span><br \/><strong>\u0130nsan kayna\u011f\u0131 \u0130zocam markas\u0131 i\u00e7in nas\u0131l bir \u00f6nem ta\u015f\u0131yor?<\/strong>Vuslat G\u00f6k\u00e7e: <\/span><span style=\"font-size: 8pt; color: black\">Say\u0131n Vehbi Ko\u00e7&#8217;un dedi\u011fi gibi &ldquo;En \u00f6nemli kayna\u011f\u0131m\u0131z, insan kayna\u011f\u0131m\u0131zd\u0131r.&rdquo; Asl\u0131nda bu c\u00fcmle her \u015feyi a\u00e7\u0131kl\u0131yor diye d\u00fc\u015f\u00fcn\u00fcyorum. Bug\u00fcn \u0130zocam 41. y\u0131l\u0131ndaysa ve kurulu\u015fundan bu yana sekt\u00f6r\u00fcn\u00fcn lideriyse bunu \u00e7al\u0131\u015fanlar\u0131na bor\u00e7ludur. T\u00fcm \u00e7al\u0131\u015fanlar\u0131m\u0131za 41. y\u0131l\u0131m\u0131zda 41 kere ma\u015fallah diyoruz. <\/span><\/div>\n<div style=\"margin: 0cm 0cm 10pt\">&nbsp;<\/div>\n<p><\/span><\/span><\/div>\n<!-- templates\/buttons-placeholder.php -->\n<div class=\"da-reactions-outer TpostID1792\">\n\t    <div class=\"da-reactions-data da-reactions-container-async center\"\n         data-type=\"post\"\n         data-id=\"1792\"\n         id=\"da-reactions-slot-post-1792\">\n        <div class=\"da-reactions-static\">\n\t\t\t<img src=\"https:\/\/www.kariyer.net\/kariyer-rehberi\/wp-content\/plugins\/da-reactions\/assets\/dist\/loading.svg\" alt=\"Loading spinner\" width=\"48\" height=\"48\" style=\"width:48px\" \/>\n        <\/div>\n    <\/div>\n<\/div>\n","protected":false},"excerpt":{"rendered":"<p>Sekt\u00f6rdeki lider konumunu s\u00fcrd\u00fcren \u0130zocam&#8217;\u0131n \u0130nsan Kaynaklar\u0131 ve End\u00fcstri \u0130li\u015fkileri M\u00fcd\u00fcr\u00fc Vuslat G\u00f6k\u00e7e ve \u0130nsan Kaynaklar\u0131 Uzman\u0131 Ay\u00e7a Demirhan sorular\u0131m\u0131z\u0131 yan\u0131tlad\u0131. \u0130zocam&#8217;\u0131n kurulu\u015f hikayesini anlatabilir misiniz, ka\u00e7 y\u0131l\u0131nda, kim taraf\u0131ndan kuruldu? O g\u00fcnden bug\u00fcne neler de\u011fi\u015fti? Vuslat G\u00f6k\u00e7e: \u0130zocam 1965 y\u0131l\u0131nda Merhum Vehbi Ko\u00e7 taraf\u0131ndan Ar\u00e7elik A.\u015e.&#8217;ye camy\u00fcn\u00fc \u00fcretmek amac\u0131yla Karak\u00f6y&#8217;de kuruldu. Bug\u00fcn \u0130zocam toplam [&hellip;]<\/p>\n<!-- templates\/buttons-placeholder.php -->\n<div class=\"da-reactions-outer TpostID1792\">\n\t    <div class=\"da-reactions-data da-reactions-container-async center\"\n         data-type=\"post\"\n         data-id=\"1792\"\n         id=\"da-reactions-slot-post-1792\">\n        <div class=\"da-reactions-static\">\n\t\t\t<img src=\"https:\/\/www.kariyer.net\/kariyer-rehberi\/wp-content\/plugins\/da-reactions\/assets\/dist\/loading.svg\" alt=\"Loading spinner\" width=\"48\" height=\"48\" style=\"width:48px\" \/>\n        <\/div>\n    <\/div>\n<\/div>\n","protected":false},"author":8,"featured_media":0,"comment_status":"open","ping_status":"open","sticky":false,"template":"","format":"standard","meta":{"footnotes":"","_elementor_edit_mode":"","_elementor_template_type":"","_elementor_data":"","_elementor_page_settings":null,"_elementor_conditions":[]},"categories":[46,2211],"tags":[],"class_list":{"0":"post-1792","1":"post","2":"type-post","3":"status-publish","4":"format-standard","6":"category-is-hayati","7":"category-kariyer-gelisimi"},"yoast_head":"<!-- This site is optimized with the Yoast SEO Premium plugin v21.4 (Yoast SEO v27.0) - https:\/\/yoast.com\/product\/yoast-seo-premium-wordpress\/ -->\n<title>\u0130zocam \u0130nsan Kaynaklar\u0131 ve End\u00fcstri \u0130li\u015fkileri M\u00fcd\u00fcr\u00fc &#039;Vuslat G\u00f6k\u00e7e&#039; ve \u0130nsan Kaynaklar\u0131 Uzman\u0131 &#039;Ay\u00e7a Demirhan&#039; | Kariyer Rehberi<\/title>\n<meta name=\"description\" content=\"Sekt\u00f6rdeki lider konumunu s\u00fcrd\u00fcren \u0130zocam&#039;\u0131n \u0130nsan Kaynaklar\u0131 ve End\u00fcstri \u0130li\u015fkileri M\u00fcd\u00fcr\u00fc Vuslat G\u00f6k\u00e7e ve \u0130nsan Kaynaklar\u0131 Uzman\u0131 Ay\u00e7a Demirhan\" \/>\n<meta name=\"robots\" content=\"index, follow, max-snippet:-1, max-image-preview:large, max-video-preview:-1\" \/>\n<link rel=\"canonical\" href=\"https:\/\/www.kariyer.net\/kariyer-rehberi\/izocam-insan-kaynaklari-ve-endustri-iliskileri-muduru-vuslat-gokce-ve-insan-kaynaklari-uzmani-ayca-demirhan\/\" \/>\n<meta property=\"og:locale\" content=\"tr_TR\" \/>\n<meta property=\"og:type\" content=\"article\" \/>\n<meta property=\"og:title\" content=\"\u0130zocam \u0130nsan Kaynaklar\u0131 ve End\u00fcstri \u0130li\u015fkileri M\u00fcd\u00fcr\u00fc &#039;Vuslat G\u00f6k\u00e7e&#039; ve \u0130nsan Kaynaklar\u0131 Uzman\u0131 &#039;Ay\u00e7a Demirhan&#039;\" \/>\n<meta property=\"og:description\" content=\"Sekt\u00f6rdeki lider konumunu s\u00fcrd\u00fcren \u0130zocam&#039;\u0131n \u0130nsan Kaynaklar\u0131 ve End\u00fcstri \u0130li\u015fkileri M\u00fcd\u00fcr\u00fc Vuslat G\u00f6k\u00e7e ve \u0130nsan Kaynaklar\u0131 Uzman\u0131 Ay\u00e7a Demirhan\" \/>\n<meta property=\"og:url\" content=\"https:\/\/www.kariyer.net\/kariyer-rehberi\/izocam-insan-kaynaklari-ve-endustri-iliskileri-muduru-vuslat-gokce-ve-insan-kaynaklari-uzmani-ayca-demirhan\/\" \/>\n<meta property=\"og:site_name\" content=\"Kariyer Rehberi\" \/>\n<meta property=\"article:published_time\" content=\"2007-12-05T00:00:00+00:00\" \/>\n<meta property=\"article:modified_time\" content=\"2024-07-03T12:05:05+00:00\" \/>\n<meta property=\"og:image\" content=\"http:\/\/web4.kariyer.net\/UploadFiles\/tempPhoto\/kariyerRehberi\/image\/mak417b.jpg\" \/>\n<meta name=\"author\" content=\"Kariyer.net\" \/>\n<meta name=\"twitter:card\" content=\"summary_large_image\" \/>\n<meta name=\"twitter:label1\" content=\"Yazan:\" \/>\n\t<meta name=\"twitter:data1\" content=\"Kariyer.net\" \/>\n\t<meta name=\"twitter:label2\" content=\"Tahmini okuma s\u00fcresi\" \/>\n\t<meta name=\"twitter:data2\" content=\"4 dakika\" \/>\n<!-- \/ Yoast SEO Premium plugin. -->","yoast_head_json":{"title":"\u0130zocam \u0130nsan Kaynaklar\u0131 ve End\u00fcstri \u0130li\u015fkileri M\u00fcd\u00fcr\u00fc 'Vuslat G\u00f6k\u00e7e' ve \u0130nsan Kaynaklar\u0131 Uzman\u0131 'Ay\u00e7a Demirhan' | Kariyer Rehberi","description":"Sekt\u00f6rdeki lider konumunu s\u00fcrd\u00fcren \u0130zocam'\u0131n \u0130nsan Kaynaklar\u0131 ve End\u00fcstri \u0130li\u015fkileri M\u00fcd\u00fcr\u00fc Vuslat G\u00f6k\u00e7e ve \u0130nsan Kaynaklar\u0131 Uzman\u0131 Ay\u00e7a Demirhan","robots":{"index":"index","follow":"follow","max-snippet":"max-snippet:-1","max-image-preview":"max-image-preview:large","max-video-preview":"max-video-preview:-1"},"canonical":"https:\/\/www.kariyer.net\/kariyer-rehberi\/izocam-insan-kaynaklari-ve-endustri-iliskileri-muduru-vuslat-gokce-ve-insan-kaynaklari-uzmani-ayca-demirhan\/","og_locale":"tr_TR","og_type":"article","og_title":"\u0130zocam \u0130nsan Kaynaklar\u0131 ve End\u00fcstri \u0130li\u015fkileri M\u00fcd\u00fcr\u00fc 'Vuslat G\u00f6k\u00e7e' ve \u0130nsan Kaynaklar\u0131 Uzman\u0131 'Ay\u00e7a Demirhan'","og_description":"Sekt\u00f6rdeki lider konumunu s\u00fcrd\u00fcren \u0130zocam'\u0131n \u0130nsan Kaynaklar\u0131 ve End\u00fcstri \u0130li\u015fkileri M\u00fcd\u00fcr\u00fc Vuslat G\u00f6k\u00e7e ve \u0130nsan Kaynaklar\u0131 Uzman\u0131 Ay\u00e7a Demirhan","og_url":"https:\/\/www.kariyer.net\/kariyer-rehberi\/izocam-insan-kaynaklari-ve-endustri-iliskileri-muduru-vuslat-gokce-ve-insan-kaynaklari-uzmani-ayca-demirhan\/","og_site_name":"Kariyer Rehberi","article_published_time":"2007-12-05T00:00:00+00:00","article_modified_time":"2024-07-03T12:05:05+00:00","og_image":[{"url":"http:\/\/web4.kariyer.net\/UploadFiles\/tempPhoto\/kariyerRehberi\/image\/mak417b.jpg","type":"","width":"","height":""}],"author":"Kariyer.net","twitter_card":"summary_large_image","twitter_misc":{"Yazan:":"Kariyer.net","Tahmini okuma s\u00fcresi":"4 dakika"},"schema":{"@context":"https:\/\/schema.org","@graph":[{"@type":"Article","@id":"https:\/\/www.kariyer.net\/kariyer-rehberi\/izocam-insan-kaynaklari-ve-endustri-iliskileri-muduru-vuslat-gokce-ve-insan-kaynaklari-uzmani-ayca-demirhan\/#article","isPartOf":{"@id":"https:\/\/www.kariyer.net\/kariyer-rehberi\/izocam-insan-kaynaklari-ve-endustri-iliskileri-muduru-vuslat-gokce-ve-insan-kaynaklari-uzmani-ayca-demirhan\/"},"author":{"name":"Kariyer.net","@id":"https:\/\/www.kariyer.net\/kariyer-rehberi\/#\/schema\/person\/eb36201afd42c03bc83b82060447b2c9"},"headline":"\u0130zocam \u0130nsan Kaynaklar\u0131 ve End\u00fcstri \u0130li\u015fkileri M\u00fcd\u00fcr\u00fc &#8216;Vuslat G\u00f6k\u00e7e&#8217; ve \u0130nsan Kaynaklar\u0131 Uzman\u0131 &#8216;Ay\u00e7a Demirhan&#8217;","datePublished":"2007-12-05T00:00:00+00:00","dateModified":"2024-07-03T12:05:05+00:00","mainEntityOfPage":{"@id":"https:\/\/www.kariyer.net\/kariyer-rehberi\/izocam-insan-kaynaklari-ve-endustri-iliskileri-muduru-vuslat-gokce-ve-insan-kaynaklari-uzmani-ayca-demirhan\/"},"wordCount":914,"commentCount":0,"publisher":{"@id":"https:\/\/www.kariyer.net\/kariyer-rehberi\/#organization"},"image":{"@id":"https:\/\/www.kariyer.net\/kariyer-rehberi\/izocam-insan-kaynaklari-ve-endustri-iliskileri-muduru-vuslat-gokce-ve-insan-kaynaklari-uzmani-ayca-demirhan\/#primaryimage"},"thumbnailUrl":"http:\/\/web4.kariyer.net\/UploadFiles\/tempPhoto\/kariyerRehberi\/image\/mak417b.jpg","articleSection":["\u0130\u015f Hayat\u0131","Kariyer Geli\u015fimi"],"inLanguage":"tr","potentialAction":[{"@type":"CommentAction","name":"Comment","target":["https:\/\/www.kariyer.net\/kariyer-rehberi\/izocam-insan-kaynaklari-ve-endustri-iliskileri-muduru-vuslat-gokce-ve-insan-kaynaklari-uzmani-ayca-demirhan\/#respond"]}]},{"@type":"WebPage","@id":"https:\/\/www.kariyer.net\/kariyer-rehberi\/izocam-insan-kaynaklari-ve-endustri-iliskileri-muduru-vuslat-gokce-ve-insan-kaynaklari-uzmani-ayca-demirhan\/","url":"https:\/\/www.kariyer.net\/kariyer-rehberi\/izocam-insan-kaynaklari-ve-endustri-iliskileri-muduru-vuslat-gokce-ve-insan-kaynaklari-uzmani-ayca-demirhan\/","name":"\u0130zocam \u0130nsan Kaynaklar\u0131 ve End\u00fcstri \u0130li\u015fkileri M\u00fcd\u00fcr\u00fc 'Vuslat G\u00f6k\u00e7e' ve \u0130nsan Kaynaklar\u0131 Uzman\u0131 'Ay\u00e7a Demirhan' | Kariyer Rehberi","isPartOf":{"@id":"https:\/\/www.kariyer.net\/kariyer-rehberi\/#website"},"primaryImageOfPage":{"@id":"https:\/\/www.kariyer.net\/kariyer-rehberi\/izocam-insan-kaynaklari-ve-endustri-iliskileri-muduru-vuslat-gokce-ve-insan-kaynaklari-uzmani-ayca-demirhan\/#primaryimage"},"image":{"@id":"https:\/\/www.kariyer.net\/kariyer-rehberi\/izocam-insan-kaynaklari-ve-endustri-iliskileri-muduru-vuslat-gokce-ve-insan-kaynaklari-uzmani-ayca-demirhan\/#primaryimage"},"thumbnailUrl":"http:\/\/web4.kariyer.net\/UploadFiles\/tempPhoto\/kariyerRehberi\/image\/mak417b.jpg","datePublished":"2007-12-05T00:00:00+00:00","dateModified":"2024-07-03T12:05:05+00:00","description":"Sekt\u00f6rdeki lider konumunu s\u00fcrd\u00fcren \u0130zocam'\u0131n \u0130nsan Kaynaklar\u0131 ve End\u00fcstri \u0130li\u015fkileri M\u00fcd\u00fcr\u00fc Vuslat G\u00f6k\u00e7e ve \u0130nsan Kaynaklar\u0131 Uzman\u0131 Ay\u00e7a Demirhan","breadcrumb":{"@id":"https:\/\/www.kariyer.net\/kariyer-rehberi\/izocam-insan-kaynaklari-ve-endustri-iliskileri-muduru-vuslat-gokce-ve-insan-kaynaklari-uzmani-ayca-demirhan\/#breadcrumb"},"inLanguage":"tr","potentialAction":[{"@type":"ReadAction","target":["https:\/\/www.kariyer.net\/kariyer-rehberi\/izocam-insan-kaynaklari-ve-endustri-iliskileri-muduru-vuslat-gokce-ve-insan-kaynaklari-uzmani-ayca-demirhan\/"]}]},{"@type":"ImageObject","inLanguage":"tr","@id":"https:\/\/www.kariyer.net\/kariyer-rehberi\/izocam-insan-kaynaklari-ve-endustri-iliskileri-muduru-vuslat-gokce-ve-insan-kaynaklari-uzmani-ayca-demirhan\/#primaryimage","url":"http:\/\/web4.kariyer.net\/UploadFiles\/tempPhoto\/kariyerRehberi\/image\/mak417b.jpg","contentUrl":"http:\/\/web4.kariyer.net\/UploadFiles\/tempPhoto\/kariyerRehberi\/image\/mak417b.jpg"},{"@type":"BreadcrumbList","@id":"https:\/\/www.kariyer.net\/kariyer-rehberi\/izocam-insan-kaynaklari-ve-endustri-iliskileri-muduru-vuslat-gokce-ve-insan-kaynaklari-uzmani-ayca-demirhan\/#breadcrumb","itemListElement":[{"@type":"ListItem","position":1,"name":"Anasayfa","item":"https:\/\/www.kariyer.net\/kariyer-rehberi\/"},{"@type":"ListItem","position":2,"name":"\u0130zocam \u0130nsan Kaynaklar\u0131 ve End\u00fcstri \u0130li\u015fkileri M\u00fcd\u00fcr\u00fc &#8216;Vuslat G\u00f6k\u00e7e&#8217; ve \u0130nsan Kaynaklar\u0131 Uzman\u0131 &#8216;Ay\u00e7a Demirhan&#8217;"}]},{"@type":"WebSite","@id":"https:\/\/www.kariyer.net\/kariyer-rehberi\/#website","url":"https:\/\/www.kariyer.net\/kariyer-rehberi\/","name":"Kariyer Rehberi","description":"\u0130\u015f D\u00fcnyas\u0131yla \u0130lgili Bilmek \u0130stedi\u011finiz Her \u015eey","publisher":{"@id":"https:\/\/www.kariyer.net\/kariyer-rehberi\/#organization"},"potentialAction":[{"@type":"SearchAction","target":{"@type":"EntryPoint","urlTemplate":"https:\/\/www.kariyer.net\/kariyer-rehberi\/?s={search_term_string}"},"query-input":{"@type":"PropertyValueSpecification","valueRequired":true,"valueName":"search_term_string"}}],"inLanguage":"tr"},{"@type":"Organization","@id":"https:\/\/www.kariyer.net\/kariyer-rehberi\/#organization","name":"Kariyer.net","url":"https:\/\/www.kariyer.net\/kariyer-rehberi\/","logo":{"@type":"ImageObject","inLanguage":"tr","@id":"https:\/\/www.kariyer.net\/kariyer-rehberi\/#\/schema\/logo\/image\/","url":"https:\/\/www.kariyer.net\/kariyer-rehberi-new\/wp-content\/uploads\/2023\/01\/og-image11.jpg","contentUrl":"https:\/\/www.kariyer.net\/kariyer-rehberi-new\/wp-content\/uploads\/2023\/01\/og-image11.jpg","width":800,"height":800,"caption":"Kariyer.net"},"image":{"@id":"https:\/\/www.kariyer.net\/kariyer-rehberi\/#\/schema\/logo\/image\/"}},{"@type":"Person","@id":"https:\/\/www.kariyer.net\/kariyer-rehberi\/#\/schema\/person\/eb36201afd42c03bc83b82060447b2c9","name":"Kariyer.net","image":{"@type":"ImageObject","inLanguage":"tr","@id":"https:\/\/www.kariyer.net\/kariyer-rehberi\/#\/schema\/person\/image\/","url":"https:\/\/secure.gravatar.com\/avatar\/ddce3ac68cb52fb2ae004bcee334e49ccc6361fefd68c5f6f4d2a86630c28b2e?s=96&d=mm&r=g","contentUrl":"https:\/\/secure.gravatar.com\/avatar\/ddce3ac68cb52fb2ae004bcee334e49ccc6361fefd68c5f6f4d2a86630c28b2e?s=96&d=mm&r=g","caption":"Kariyer.net"},"url":"https:\/\/www.kariyer.net\/kariyer-rehberi\/author\/kariyer-net\/"}]}},"_links":{"self":[{"href":"https:\/\/www.kariyer.net\/kariyer-rehberi\/wp-json\/wp\/v2\/posts\/1792","targetHints":{"allow":["GET"]}}],"collection":[{"href":"https:\/\/www.kariyer.net\/kariyer-rehberi\/wp-json\/wp\/v2\/posts"}],"about":[{"href":"https:\/\/www.kariyer.net\/kariyer-rehberi\/wp-json\/wp\/v2\/types\/post"}],"author":[{"embeddable":true,"href":"https:\/\/www.kariyer.net\/kariyer-rehberi\/wp-json\/wp\/v2\/users\/8"}],"replies":[{"embeddable":true,"href":"https:\/\/www.kariyer.net\/kariyer-rehberi\/wp-json\/wp\/v2\/comments?post=1792"}],"version-history":[{"count":1,"href":"https:\/\/www.kariyer.net\/kariyer-rehberi\/wp-json\/wp\/v2\/posts\/1792\/revisions"}],"predecessor-version":[{"id":19108,"href":"https:\/\/www.kariyer.net\/kariyer-rehberi\/wp-json\/wp\/v2\/posts\/1792\/revisions\/19108"}],"wp:attachment":[{"href":"https:\/\/www.kariyer.net\/kariyer-rehberi\/wp-json\/wp\/v2\/media?parent=1792"}],"wp:term":[{"taxonomy":"category","embeddable":true,"href":"https:\/\/www.kariyer.net\/kariyer-rehberi\/wp-json\/wp\/v2\/categories?post=1792"},{"taxonomy":"post_tag","embeddable":true,"href":"https:\/\/www.kariyer.net\/kariyer-rehberi\/wp-json\/wp\/v2\/tags?post=1792"}],"curies":[{"name":"wp","href":"https:\/\/api.w.org\/{rel}","templated":true}]}}