{"id":1808,"date":"2007-12-02T02:00:00","date_gmt":"2007-12-02T00:00:00","guid":{"rendered":"http:\/\/92.45.35.169\/ferm-creative-group-ajans-baskani-hakan-kaleli\/"},"modified":"2024-07-03T15:05:48","modified_gmt":"2024-07-03T12:05:48","slug":"ferm-creative-group-ajans-baskani-hakan-kaleli","status":"publish","type":"post","link":"https:\/\/www.kariyer.net\/kariyer-rehberi\/ferm-creative-group-ajans-baskani-hakan-kaleli\/","title":{"rendered":"Ferm Creative Group Ajans Ba\u015fkan\u0131 &#8216;Hakan Kaleli&#8217;"},"content":{"rendered":"<div><span style=\"font-size: 8pt; color: black\"><span style=\"font-size: 11px; font-family: Verdana, Arial, Helvetica, sans-serif\"><\/p>\n<div><span style=\"font-size: 8pt; color: black\"><img decoding=\"async\" height=\"165\" hspace=\"10\" width=\"160\" align=\"left\" vspace=\"10\" alt=\"\" src=\"http:\/\/web4.kariyer.net\/UploadFiles\/tempPhoto\/kariyerRehberi\/mak334b.jpg\" \/>Mr. &amp; Mrs. Brown&#8217;u Kaybettik \u00e7al\u0131\u015fmas\u0131yla Kristal Elma alan Ferm Creative Group, firmalara kurumsal kimlik \u00e7al\u0131\u015fmalar\u0131ndan reklam filmlerine kadar pek \u00e7ok alanda hizmet veriyor. Ajans Ba\u015fkan\u0131 Hakan Kaleli \u015firketin \u00e7al\u0131\u015fmalar\u0131yla ilgili sorular\u0131m\u0131z\u0131 yan\u0131tlad\u0131. <\/span><\/div>\n<div><span style=\"font-size: 8pt; color: black\"><strong><br \/>Ferm <\/strong>Creative<strong> hangi alanda faaliyet g\u00f6steriyor?<\/strong><\/span><\/div>\n<div><span style=\"font-size: 8pt; color: black\">Ferm 1998 y\u0131l\u0131nda kuruldu ve kuruldu\u011fu g\u00fcnden itibaren sekt\u00f6re y\u00f6n veren ajanslardan biri olmak i\u00e7in \u00e7izgisini belirledi. T\u00fcrkiye&#8217;nin ini\u015fli \u00e7\u0131k\u0131\u015fl\u0131 ekonomik ortam\u0131nda bug\u00fcne kadar geldi\u011fi durumdan da son derece memnun. Ferm, firmalara kurumsal kimlik \u00e7al\u0131\u015fmalar\u0131ndan reklam filmine kadar her konuda hizmet veriyor. G\u00fcn\u00fcm\u00fczde kullan\u0131lan &#8220;Tam Hizmet Ajans\u0131&#8221; c\u00fcmlesini kullanmak san\u0131r\u0131m Ferm Creative i\u00e7in \u00e7ok do\u011fru olacakt\u0131r.<\/span><\/div>\n<div><strong><span style=\"font-size: 8pt; color: black\"><br \/>Ge\u00e7en y\u0131l b\u00fcy\u00fck bir ba\u015far\u0131 g\u00f6stererek \u00f6d\u00fcller ald\u0131n\u0131z. Bu \u00f6d\u00fcllerden bahseder misiniz?<\/span><\/strong><\/div>\n<div><span style=\"font-size: 8pt; color: black\">Reklamc\u0131lar Derne\u011fi&#8217;nin en son d\u00fczenledi\u011fi Kristal Elma \u00d6d\u00fclleri&#8217;nden Global English Dil Okulu&#8217;na yapm\u0131\u015f oldu\u011fumuz &#8220;Mr. &amp; Mrs. Brown&#8217;u Kaybettik&#8221; adl\u0131 \u00e7al\u0131\u015fmayla bir Kristal Elma ve bir de ilk defa verilen Se\u00e7ici Kurul \u00d6zel \u00d6d\u00fcl\u00fc&#8217;n\u00fc ald\u0131k. Her reklamc\u0131n\u0131n hayali Kristal Elma almakt\u0131r ve biz de yapm\u0131\u015f oldu\u011fumuz \u00e7al\u0131\u015fmalar\u0131n meyvesini almaktan son derece mutlu olduk. <\/span><\/div>\n<div><strong><span style=\"font-size: 8pt; color: black\"><br \/>Daha \u00e7ok hangi sekt\u00f6rden firmalarla \u00e7al\u0131\u015f\u0131yorsunuz?<\/span><\/strong><\/div>\n<div><span style=\"font-size: 8pt; color: black\">Reklam ajanslar\u0131 her konuda faaliyet g\u00f6steren firmalara tan\u0131t\u0131m yapmak i\u00e7in kurulmu\u015flard\u0131r ve sekt\u00f6r ayr\u0131m\u0131 yapamazlar. Biz de bir\u00e7ok sekt\u00f6rden firmalara hizmet veriyoruz. \u015eu anda hizmet verdi\u011fimiz sekt\u00f6rlerden baz\u0131lar\u0131 PVC Pencere Sistemleri, E\u011fitim, Bili\u015fim, Telekom\u00fcnikasyon, Barter, G\u0131da diye s\u0131ralayabiliriz.<\/span><\/div>\n<div><strong><span style=\"font-size: 8pt; color: black\"><br \/>Sekt\u00f6r\u00fcn en \u00f6nemli sorunu nedir?<\/span><\/strong><\/div>\n<div><span style=\"font-size: 8pt; color: black\">Sekt\u00f6r\u00fcn en \u00f6nemli sorunlar\u0131ndan bir tanesi bence art\u0131k fabrikasyon say\u0131lacak standart \u00e7al\u0131\u015fmalar\u0131n yap\u0131lmas\u0131. Bir di\u011feri de g\u00fcven&hellip; Ajans\u0131n ba\u015far\u0131l\u0131 kampanya yapabilmesi i\u00e7in \u00f6ncelikle firman\u0131n ajansa sonuna kadar g\u00fcvenmesi gerekir. Reklamc\u0131lar i\u015flerine m\u00fcdahale edilmesini istemezler. \u00c7\u00fcnk\u00fc nas\u0131l bir hasta doktora gitti\u011finde &#8220;ben o ilac\u0131 kullanmam&#8221; diyemiyorsa reklamda da mant\u0131k ayn\u0131d\u0131r. M\u00fc\u015fteri de reklamc\u0131s\u0131n\u0131n sundu\u011fu \u00e7\u00f6z\u00fcme g\u00fcvenmek zorundad\u0131r. M\u00fc\u015fteri taraf\u0131ndan kreatif alan\u0131na m\u00fcdahale edilen i\u015f zaten ajans\u0131n i\u015fi olmaktan \u00e7\u0131km\u0131\u015ft\u0131r. Fakat m\u00fc\u015fteriler bunu kampanyan\u0131n ba\u015far\u0131s\u0131z oldu\u011funu g\u00f6rd\u00fckten sonra anl\u0131yorlar. Bu sorun b\u00fct\u00fcn sekt\u00f6r\u00fcn en \u00f6nemli sorunudur. <\/span><\/div>\n<div><strong><span style=\"font-size: 8pt; color: black\"><br \/>\u015eirketinizi organizasyon yap\u0131s\u0131n\u0131 anlatabilir misiniz? Hangi departmanlar\u0131n\u0131z var ve ne gibi g\u00f6revler y\u00fcr\u00fct\u00fcyorlar?<\/span><\/strong><\/div>\n<div><span style=\"font-size: 8pt; color: black\">Ferm Creative, Stratejik Planlama, M\u00fc\u015fteri \u0130li\u015fkileri, Yarat\u0131c\u0131 Grup, Medya Planlama ve Medya Sat\u0131n Alma birimlerinden olu\u015fuyor. Ajans i\u00e7inde 14 ki\u015filik profesyonel ve i\u015fine a\u015f\u0131k bir ekibimiz var ve her birisi kampanyan\u0131n yani \u00e7ocuklar\u0131n\u0131n b\u00fcy\u00fcmesi i\u00e7in gereken titizli\u011fi g\u00f6steriyorlar. Bir brief&#8217;in al\u0131n\u0131p ajans i\u00e7inde sindirildikten sonraki a\u015famalarda, Yarat\u0131c\u0131 Grup eskiz \u00e7al\u0131\u015fmalar\u0131ndan sonra kampanyan\u0131n gidi\u015f s\u00fcrecini belirliyor.<\/span><\/div>\n<div><strong><span style=\"font-size: 8pt; color: black\"><br \/>Uzun vadede \u015firket ad\u0131na planlar\u0131n\u0131z nedir?<\/span><\/strong><\/div>\n<div><span style=\"font-size: 8pt; color: black\">T\u00fcrkiye&#8217;de uzun vadede reklam sekt\u00f6r\u00fcne y\u00f6n veren ajanslardan biri haline gelmeyi hedefliyoruz. Bunun ilk sinyalini son Kristal Elma Reklam \u00d6d\u00fclleri&#8217;nde ald\u0131\u011f\u0131m\u0131z bir kristal elma ve bir de ilk defa verilen Se\u00e7ici Kurul \u00d6zel \u00d6d\u00fcl\u00fc&#8217;yle g\u00f6stermi\u015f olduk. <\/span><\/div>\n<div><strong><span style=\"font-size: 8pt; color: black\"><br \/>\u015eirketinizde \u00e7al\u0131\u015facak adaylarda ne gibi \u00f6zellikler ar\u0131yorsunuz?<\/span><\/strong><\/div>\n<div><span style=\"font-size: 8pt; color: black\">\u00c7ok y\u00f6nl\u00fc d\u00fc\u015f\u00fcnebilen, tak\u0131m \u00e7al\u0131\u015fmas\u0131na uygun, ki\u015filikli ve her \u015feyden \u00f6nce ayaklar\u0131 yere basan ki\u015filerle \u00e7al\u0131\u015fmay\u0131 tercih ediyorum. Yarat\u0131c\u0131 ruha sahip olmalar\u0131 gerekti\u011fini s\u00f6ylemiyorum bile \u00e7\u00fcnk\u00fc reklamc\u0131larda bu ruh olmazsa ba\u015far\u0131 da olmaz&hellip;<\/span><\/div>\n<div><strong><span style=\"font-size: 8pt; color: black\"><br \/>\u0130nsan kaynaklar\u0131 s\u00fcreci nas\u0131l i\u015fliyor? <\/span><\/strong><\/div>\n<div><span style=\"font-size: 8pt; color: black\">Gelen ba\u015fvurular i\u00e7inden \u00f6ncelikle bir eleme yap\u0131l\u0131r ve yap\u0131lan elemeler sonucunda pozisyona uygun adaylarla bizzat kendim g\u00f6r\u00fc\u015f\u00fcr\u00fcm. \u00d6ncelikle iyi bir tak\u0131m olmak gerekir. Bireysel yetenekleri bir \u00e7at\u0131da birle\u015ftiremezseniz ba\u015far\u0131 gelmez. Onun i\u00e7in ajansa al\u0131nacak ki\u015filer konusunda \u00e7ok titiz davran\u0131yorum. <\/span><\/div>\n<div><strong><span style=\"font-size: 8pt; color: black\"><br \/>\u015eu an \u00fczerinde \u00e7al\u0131\u015ft\u0131\u011f\u0131n\u0131z ne gibi projeler var?<\/span><\/strong><\/div>\n<div><span style=\"font-size: 8pt; color: black\">\u015eu anda Yelpen i\u00e7in yapm\u0131\u015f oldu\u011fumuz kampanyay\u0131 y\u00fcr\u00fct\u00fcyoruz. Bu kampanya kapsam\u0131nda firman\u0131n logosunun yenilenmesi, kurumsal kimlik \u00e7al\u0131\u015fmalar\u0131, bas\u0131n ve TV reklamlar\u0131n\u0131n yan\u0131 s\u0131ra medya planlama ve sat\u0131n alma hizmetleri veriyoruz. Bunun d\u0131\u015f\u0131nda y\u00fcr\u00fctt\u00fc\u011f\u00fcm\u00fcz kampanyalar da \u00f6n\u00fcm\u00fczde ki haftalarda yine mecralarda yerlerini alacaklar.<\/span><\/div>\n<div><strong><span style=\"font-size: 8pt; color: black\"><br \/>\u00dclkede ya\u015fanan krizlerden etkilenen sekt\u00f6rlerin ba\u015f\u0131nda reklamc\u0131l\u0131k geliyor. Bunun nedenini neye ba\u011fl\u0131yorsunuz?<\/span><\/strong><\/div>\n<div><span style=\"font-size: 8pt; color: black\">T\u00fcrkiye&#8217;de reklam maalesef \u00e7o\u011fu zaman yanl\u0131\u015f yap\u0131l\u0131yor. Ak\u0131l ve mant\u0131k \u00f6ncelikle \u015funu s\u00f6yler de\u011fil mi: &#8220;kriz varsa sat\u0131\u015flar\u0131n\u0131z d\u00fc\u015fm\u00fc\u015ft\u00fcr ve reklama ihtiya\u00e7 duyars\u0131n\u0131z&#8221;. T\u00fcrkiye&#8217;de bunun tam tersi yap\u0131l\u0131yor. Kriz var sat\u0131\u015flar d\u00fc\u015ft\u00fc reklam\u0131 da kesin. Bu mant\u0131k krizi daha da tetikliyor bence. Krizde reklama harcanan paran\u0131n bo\u015fa gitti\u011fini d\u00fc\u015f\u00fcnen o kadar fazla firma var ki bundan dolay\u0131 krizde ilk \u00f6nce, harcamalar listesinden reklam harcamalar\u0131n\u0131 kesiyorlar ve tabii ki bu da krizde ilk \u00f6nce reklamc\u0131l\u0131k sekt\u00f6r\u00fcn\u00fc etkiliyor. Asl\u0131nda tecr\u00fcbeler ve rakamlar bize \u015funu s\u00f6yl\u00fcyor; en fazla b\u00fcy\u00fcmeyi ger\u00e7ekle\u015ftiren firmalar bu b\u00fcy\u00fcmeyi kriz d\u00f6nemlerinde ger\u00e7ekle\u015ftirmi\u015flerdir.<\/span><\/div>\n<div><strong><span style=\"font-size: 8pt; color: black\"><br \/>Reklam sekt\u00f6r\u00fc ekonomik geli\u015fmelerden ve Avrupa Birli\u011fi geli\u015fmelerinden nas\u0131l etkileniyor?<\/span><\/strong><\/div>\n<div><span style=\"font-size: 8pt; color: black\">Bir \u00f6nceki soruda cevaplad\u0131\u011f\u0131m gibi T\u00fcrkiye&#8217;de ekonomi maalesef kaygan zemin \u00fczerine oturmu\u015f durumda ve ekonomiden de ilk \u00f6nce reklam sekt\u00f6r\u00fc etkilendi\u011fi i\u00e7in Avrupa birli\u011fi s\u00fcrecindeki geli\u015fmelerden de tabi ki olumlu ya da olumsuz olarak fazlaca etkileniyor.<\/span><\/div>\n<div>&nbsp;<\/div>\n<div style=\"margin: 0cm 0cm 10pt\">&nbsp;<\/div>\n<p><\/span><\/span><\/div>\n<!-- templates\/buttons-placeholder.php -->\n<div class=\"da-reactions-outer TpostID1808\">\n\t    <div class=\"da-reactions-data da-reactions-container-async center\"\n         data-type=\"post\"\n         data-id=\"1808\"\n         id=\"da-reactions-slot-post-1808\">\n        <div class=\"da-reactions-static\">\n\t\t\t<img src=\"https:\/\/www.kariyer.net\/kariyer-rehberi\/wp-content\/plugins\/da-reactions\/assets\/dist\/loading.svg\" alt=\"Loading spinner\" width=\"48\" height=\"48\" style=\"width:48px\" \/>\n        <\/div>\n    <\/div>\n<\/div>\n","protected":false},"excerpt":{"rendered":"<p>Mr. &amp; Mrs. Brown&#8217;u Kaybettik \u00e7al\u0131\u015fmas\u0131yla Kristal Elma alan Ferm Creative Group, firmalara kurumsal kimlik \u00e7al\u0131\u015fmalar\u0131ndan reklam filmlerine kadar pek \u00e7ok alanda hizmet veriyor. Ajans Ba\u015fkan\u0131 Hakan Kaleli \u015firketin \u00e7al\u0131\u015fmalar\u0131yla ilgili sorular\u0131m\u0131z\u0131 yan\u0131tlad\u0131. Ferm Creative hangi alanda faaliyet g\u00f6steriyor? Ferm 1998 y\u0131l\u0131nda kuruldu ve kuruldu\u011fu g\u00fcnden itibaren sekt\u00f6re y\u00f6n veren ajanslardan biri olmak i\u00e7in \u00e7izgisini [&hellip;]<\/p>\n<!-- templates\/buttons-placeholder.php -->\n<div class=\"da-reactions-outer TpostID1808\">\n\t    <div class=\"da-reactions-data da-reactions-container-async center\"\n         data-type=\"post\"\n         data-id=\"1808\"\n         id=\"da-reactions-slot-post-1808\">\n        <div class=\"da-reactions-static\">\n\t\t\t<img src=\"https:\/\/www.kariyer.net\/kariyer-rehberi\/wp-content\/plugins\/da-reactions\/assets\/dist\/loading.svg\" alt=\"Loading spinner\" width=\"48\" height=\"48\" style=\"width:48px\" \/>\n        <\/div>\n    <\/div>\n<\/div>\n","protected":false},"author":8,"featured_media":0,"comment_status":"open","ping_status":"open","sticky":false,"template":"","format":"standard","meta":{"footnotes":"","_elementor_edit_mode":"","_elementor_template_type":"","_elementor_data":"","_elementor_page_settings":null,"_elementor_conditions":[]},"categories":[46,2211],"tags":[],"class_list":{"0":"post-1808","1":"post","2":"type-post","3":"status-publish","4":"format-standard","6":"category-is-hayati","7":"category-kariyer-gelisimi"},"yoast_head":"<!-- This site is optimized with the Yoast SEO Premium plugin v21.4 (Yoast SEO v27.0) - https:\/\/yoast.com\/product\/yoast-seo-premium-wordpress\/ -->\n<title>Ferm Creative Group Ajans Ba\u015fkan\u0131 &#039;Hakan Kaleli&#039; | Kariyer Rehberi<\/title>\n<meta name=\"description\" content=\"Mr. &amp; Mrs. Brown&#039;u Kaybettik \u00e7al\u0131\u015fmas\u0131yla Kristal Elma alan Ferm Creative Group, firmalara kurumsal kimlik \u00e7al\u0131\u015fmalar\u0131ndan reklam filmlerine kadar pek\" \/>\n<meta name=\"robots\" content=\"index, follow, max-snippet:-1, max-image-preview:large, max-video-preview:-1\" \/>\n<link rel=\"canonical\" href=\"https:\/\/www.kariyer.net\/kariyer-rehberi\/ferm-creative-group-ajans-baskani-hakan-kaleli\/\" \/>\n<meta property=\"og:locale\" content=\"tr_TR\" \/>\n<meta property=\"og:type\" content=\"article\" \/>\n<meta property=\"og:title\" content=\"Ferm Creative Group Ajans Ba\u015fkan\u0131 &#039;Hakan Kaleli&#039;\" \/>\n<meta property=\"og:description\" content=\"Mr. &amp; Mrs. Brown&#039;u Kaybettik \u00e7al\u0131\u015fmas\u0131yla Kristal Elma alan Ferm Creative Group, firmalara kurumsal kimlik \u00e7al\u0131\u015fmalar\u0131ndan reklam filmlerine kadar pek\" \/>\n<meta property=\"og:url\" content=\"https:\/\/www.kariyer.net\/kariyer-rehberi\/ferm-creative-group-ajans-baskani-hakan-kaleli\/\" \/>\n<meta property=\"og:site_name\" content=\"Kariyer Rehberi\" \/>\n<meta property=\"article:published_time\" content=\"2007-12-02T00:00:00+00:00\" \/>\n<meta property=\"article:modified_time\" content=\"2024-07-03T12:05:48+00:00\" \/>\n<meta property=\"og:image\" content=\"http:\/\/web4.kariyer.net\/UploadFiles\/tempPhoto\/kariyerRehberi\/mak334b.jpg\" \/>\n<meta name=\"author\" content=\"Kariyer.net\" \/>\n<meta name=\"twitter:card\" content=\"summary_large_image\" \/>\n<meta name=\"twitter:label1\" content=\"Yazan:\" \/>\n\t<meta name=\"twitter:data1\" content=\"Kariyer.net\" \/>\n\t<meta name=\"twitter:label2\" content=\"Tahmini okuma s\u00fcresi\" \/>\n\t<meta name=\"twitter:data2\" content=\"5 dakika\" \/>\n<!-- \/ Yoast SEO Premium plugin. -->","yoast_head_json":{"title":"Ferm Creative Group Ajans Ba\u015fkan\u0131 'Hakan Kaleli' | Kariyer Rehberi","description":"Mr. &amp; Mrs. Brown'u Kaybettik \u00e7al\u0131\u015fmas\u0131yla Kristal Elma alan Ferm Creative Group, firmalara kurumsal kimlik \u00e7al\u0131\u015fmalar\u0131ndan reklam filmlerine kadar pek","robots":{"index":"index","follow":"follow","max-snippet":"max-snippet:-1","max-image-preview":"max-image-preview:large","max-video-preview":"max-video-preview:-1"},"canonical":"https:\/\/www.kariyer.net\/kariyer-rehberi\/ferm-creative-group-ajans-baskani-hakan-kaleli\/","og_locale":"tr_TR","og_type":"article","og_title":"Ferm Creative Group Ajans Ba\u015fkan\u0131 'Hakan Kaleli'","og_description":"Mr. &amp; Mrs. Brown'u Kaybettik \u00e7al\u0131\u015fmas\u0131yla Kristal Elma alan Ferm Creative Group, firmalara kurumsal kimlik \u00e7al\u0131\u015fmalar\u0131ndan reklam filmlerine kadar pek","og_url":"https:\/\/www.kariyer.net\/kariyer-rehberi\/ferm-creative-group-ajans-baskani-hakan-kaleli\/","og_site_name":"Kariyer Rehberi","article_published_time":"2007-12-02T00:00:00+00:00","article_modified_time":"2024-07-03T12:05:48+00:00","og_image":[{"url":"http:\/\/web4.kariyer.net\/UploadFiles\/tempPhoto\/kariyerRehberi\/mak334b.jpg","type":"","width":"","height":""}],"author":"Kariyer.net","twitter_card":"summary_large_image","twitter_misc":{"Yazan:":"Kariyer.net","Tahmini okuma s\u00fcresi":"5 dakika"},"schema":{"@context":"https:\/\/schema.org","@graph":[{"@type":"Article","@id":"https:\/\/www.kariyer.net\/kariyer-rehberi\/ferm-creative-group-ajans-baskani-hakan-kaleli\/#article","isPartOf":{"@id":"https:\/\/www.kariyer.net\/kariyer-rehberi\/ferm-creative-group-ajans-baskani-hakan-kaleli\/"},"author":{"name":"Kariyer.net","@id":"https:\/\/www.kariyer.net\/kariyer-rehberi\/#\/schema\/person\/eb36201afd42c03bc83b82060447b2c9"},"headline":"Ferm Creative Group Ajans Ba\u015fkan\u0131 &#8216;Hakan Kaleli&#8217;","datePublished":"2007-12-02T00:00:00+00:00","dateModified":"2024-07-03T12:05:48+00:00","mainEntityOfPage":{"@id":"https:\/\/www.kariyer.net\/kariyer-rehberi\/ferm-creative-group-ajans-baskani-hakan-kaleli\/"},"wordCount":1018,"commentCount":0,"publisher":{"@id":"https:\/\/www.kariyer.net\/kariyer-rehberi\/#organization"},"image":{"@id":"https:\/\/www.kariyer.net\/kariyer-rehberi\/ferm-creative-group-ajans-baskani-hakan-kaleli\/#primaryimage"},"thumbnailUrl":"http:\/\/web4.kariyer.net\/UploadFiles\/tempPhoto\/kariyerRehberi\/mak334b.jpg","articleSection":["\u0130\u015f Hayat\u0131","Kariyer Geli\u015fimi"],"inLanguage":"tr","potentialAction":[{"@type":"CommentAction","name":"Comment","target":["https:\/\/www.kariyer.net\/kariyer-rehberi\/ferm-creative-group-ajans-baskani-hakan-kaleli\/#respond"]}]},{"@type":"WebPage","@id":"https:\/\/www.kariyer.net\/kariyer-rehberi\/ferm-creative-group-ajans-baskani-hakan-kaleli\/","url":"https:\/\/www.kariyer.net\/kariyer-rehberi\/ferm-creative-group-ajans-baskani-hakan-kaleli\/","name":"Ferm Creative Group Ajans Ba\u015fkan\u0131 'Hakan Kaleli' | Kariyer Rehberi","isPartOf":{"@id":"https:\/\/www.kariyer.net\/kariyer-rehberi\/#website"},"primaryImageOfPage":{"@id":"https:\/\/www.kariyer.net\/kariyer-rehberi\/ferm-creative-group-ajans-baskani-hakan-kaleli\/#primaryimage"},"image":{"@id":"https:\/\/www.kariyer.net\/kariyer-rehberi\/ferm-creative-group-ajans-baskani-hakan-kaleli\/#primaryimage"},"thumbnailUrl":"http:\/\/web4.kariyer.net\/UploadFiles\/tempPhoto\/kariyerRehberi\/mak334b.jpg","datePublished":"2007-12-02T00:00:00+00:00","dateModified":"2024-07-03T12:05:48+00:00","description":"Mr. &amp; Mrs. Brown'u Kaybettik \u00e7al\u0131\u015fmas\u0131yla Kristal Elma alan Ferm Creative Group, firmalara kurumsal kimlik \u00e7al\u0131\u015fmalar\u0131ndan reklam filmlerine kadar pek","breadcrumb":{"@id":"https:\/\/www.kariyer.net\/kariyer-rehberi\/ferm-creative-group-ajans-baskani-hakan-kaleli\/#breadcrumb"},"inLanguage":"tr","potentialAction":[{"@type":"ReadAction","target":["https:\/\/www.kariyer.net\/kariyer-rehberi\/ferm-creative-group-ajans-baskani-hakan-kaleli\/"]}]},{"@type":"ImageObject","inLanguage":"tr","@id":"https:\/\/www.kariyer.net\/kariyer-rehberi\/ferm-creative-group-ajans-baskani-hakan-kaleli\/#primaryimage","url":"http:\/\/web4.kariyer.net\/UploadFiles\/tempPhoto\/kariyerRehberi\/mak334b.jpg","contentUrl":"http:\/\/web4.kariyer.net\/UploadFiles\/tempPhoto\/kariyerRehberi\/mak334b.jpg"},{"@type":"BreadcrumbList","@id":"https:\/\/www.kariyer.net\/kariyer-rehberi\/ferm-creative-group-ajans-baskani-hakan-kaleli\/#breadcrumb","itemListElement":[{"@type":"ListItem","position":1,"name":"Anasayfa","item":"https:\/\/www.kariyer.net\/kariyer-rehberi\/"},{"@type":"ListItem","position":2,"name":"Ferm Creative Group Ajans Ba\u015fkan\u0131 &#8216;Hakan Kaleli&#8217;"}]},{"@type":"WebSite","@id":"https:\/\/www.kariyer.net\/kariyer-rehberi\/#website","url":"https:\/\/www.kariyer.net\/kariyer-rehberi\/","name":"Kariyer Rehberi","description":"\u0130\u015f D\u00fcnyas\u0131yla \u0130lgili Bilmek \u0130stedi\u011finiz Her \u015eey","publisher":{"@id":"https:\/\/www.kariyer.net\/kariyer-rehberi\/#organization"},"potentialAction":[{"@type":"SearchAction","target":{"@type":"EntryPoint","urlTemplate":"https:\/\/www.kariyer.net\/kariyer-rehberi\/?s={search_term_string}"},"query-input":{"@type":"PropertyValueSpecification","valueRequired":true,"valueName":"search_term_string"}}],"inLanguage":"tr"},{"@type":"Organization","@id":"https:\/\/www.kariyer.net\/kariyer-rehberi\/#organization","name":"Kariyer.net","url":"https:\/\/www.kariyer.net\/kariyer-rehberi\/","logo":{"@type":"ImageObject","inLanguage":"tr","@id":"https:\/\/www.kariyer.net\/kariyer-rehberi\/#\/schema\/logo\/image\/","url":"https:\/\/www.kariyer.net\/kariyer-rehberi-new\/wp-content\/uploads\/2023\/01\/og-image11.jpg","contentUrl":"https:\/\/www.kariyer.net\/kariyer-rehberi-new\/wp-content\/uploads\/2023\/01\/og-image11.jpg","width":800,"height":800,"caption":"Kariyer.net"},"image":{"@id":"https:\/\/www.kariyer.net\/kariyer-rehberi\/#\/schema\/logo\/image\/"}},{"@type":"Person","@id":"https:\/\/www.kariyer.net\/kariyer-rehberi\/#\/schema\/person\/eb36201afd42c03bc83b82060447b2c9","name":"Kariyer.net","image":{"@type":"ImageObject","inLanguage":"tr","@id":"https:\/\/www.kariyer.net\/kariyer-rehberi\/#\/schema\/person\/image\/","url":"https:\/\/secure.gravatar.com\/avatar\/ddce3ac68cb52fb2ae004bcee334e49ccc6361fefd68c5f6f4d2a86630c28b2e?s=96&d=mm&r=g","contentUrl":"https:\/\/secure.gravatar.com\/avatar\/ddce3ac68cb52fb2ae004bcee334e49ccc6361fefd68c5f6f4d2a86630c28b2e?s=96&d=mm&r=g","caption":"Kariyer.net"},"url":"https:\/\/www.kariyer.net\/kariyer-rehberi\/author\/kariyer-net\/"}]}},"_links":{"self":[{"href":"https:\/\/www.kariyer.net\/kariyer-rehberi\/wp-json\/wp\/v2\/posts\/1808","targetHints":{"allow":["GET"]}}],"collection":[{"href":"https:\/\/www.kariyer.net\/kariyer-rehberi\/wp-json\/wp\/v2\/posts"}],"about":[{"href":"https:\/\/www.kariyer.net\/kariyer-rehberi\/wp-json\/wp\/v2\/types\/post"}],"author":[{"embeddable":true,"href":"https:\/\/www.kariyer.net\/kariyer-rehberi\/wp-json\/wp\/v2\/users\/8"}],"replies":[{"embeddable":true,"href":"https:\/\/www.kariyer.net\/kariyer-rehberi\/wp-json\/wp\/v2\/comments?post=1808"}],"version-history":[{"count":1,"href":"https:\/\/www.kariyer.net\/kariyer-rehberi\/wp-json\/wp\/v2\/posts\/1808\/revisions"}],"predecessor-version":[{"id":19172,"href":"https:\/\/www.kariyer.net\/kariyer-rehberi\/wp-json\/wp\/v2\/posts\/1808\/revisions\/19172"}],"wp:attachment":[{"href":"https:\/\/www.kariyer.net\/kariyer-rehberi\/wp-json\/wp\/v2\/media?parent=1808"}],"wp:term":[{"taxonomy":"category","embeddable":true,"href":"https:\/\/www.kariyer.net\/kariyer-rehberi\/wp-json\/wp\/v2\/categories?post=1808"},{"taxonomy":"post_tag","embeddable":true,"href":"https:\/\/www.kariyer.net\/kariyer-rehberi\/wp-json\/wp\/v2\/tags?post=1808"}],"curies":[{"name":"wp","href":"https:\/\/api.w.org\/{rel}","templated":true}]}}