{"id":18095,"date":"2024-04-01T11:00:16","date_gmt":"2024-04-01T08:00:16","guid":{"rendered":"https:\/\/www.kariyer.net\/kariyer-rehberi\/?p=18095"},"modified":"2024-07-03T15:08:25","modified_gmt":"2024-07-03T12:08:25","slug":"2024te-ise-alinmak-icin-kisisel-markani-nasil-optimize-edebilirsin","status":"publish","type":"post","link":"https:\/\/www.kariyer.net\/kariyer-rehberi\/2024te-ise-alinmak-icin-kisisel-markani-nasil-optimize-edebilirsin\/","title":{"rendered":"2024&#8217;te i\u015fe al\u0131nmak i\u00e7in ki\u015fisel markan\u0131 nas\u0131l optimize edebilirsin?"},"content":{"rendered":"<p><strong>Ba\u015far\u0131l\u0131 bir i\u015f arama s\u00fcrecinde g\u00fc\u00e7l\u00fc bir CV ile beraber, ki\u015fisel markan\u0131 da etkileyici bir \u015fekilde sunmal\u0131s\u0131n. Peki, bu y\u0131l i\u015fe al\u0131nmak i\u00e7in ki\u015fisel markan\u0131 nas\u0131l optimize edebilirsin? \u0130\u015fte, 6 \u00f6neri!<\/strong><\/p>\n<p>G\u00fcn\u00fcm\u00fcz rekabet\u00e7i i\u015f piyasas\u0131nda, i\u015fverenler ve i\u015fe al\u0131m y\u00f6neticileri, adaylar\u0131n online varl\u0131klar\u0131na, yeteneklerine ve potansiyellerine dair net bir fikir edinmek istiyor. Bunun i\u00e7in \u015fu 6 \u00f6neri, ki\u015fisel markan\u0131 g\u00fc\u00e7lendirmene destek olabilir;<\/p>\n<h2><strong>Dijital varl\u0131\u011f\u0131n\u0131 g\u00fc\u00e7lendir<\/strong><\/h2>\n<p>\u0130\u015fverenler genellikle adaylar\u0131n sosyal medya profillerini ve di\u011fer online varl\u0131klar\u0131n\u0131 inceliyor. Profesyonel a\u011flarda etkileyici bir profil \u00e7izmek bu noktada \u00f6nemli. Ayr\u0131ca, sosyal medya platformlar\u0131nda profesyonel bir imaj olu\u015fturmak i\u00e7in tutarl\u0131, uygun ve i\u015fverenlerin ilgisini \u00e7ekecek i\u00e7erikler payla\u015fman da i\u015fe yarayacakt\u0131r.<\/p>\n<h2><strong>\u00d6zge\u00e7mi\u015fini ve \u00f6n yaz\u0131n\u0131 d\u00fczenle<\/strong><\/h2>\n<p>CV&#8217;ni i\u015fverenin ihtiya\u00e7lar\u0131na ve pozisyon gereksinimlerine uygun olarak d\u00fczenle ve gerekti\u011finde g\u00fcncelle. Ba\u015fvurdu\u011fun pozisyona \u00f6zel beceri ve deneyimlerini vurgulad\u0131\u011f\u0131n birden fazla \u00f6zge\u00e7mi\u015f olu\u015fturabilirsin. B\u00f6ylece daha k\u0131sa s\u00fcrede \u0130K uzman\u0131n\u0131n dikkatini \u00e7ekebilirsin. Ayr\u0131ca, dikkat \u00e7ekici bir <strong><a href=\"https:\/\/www.kariyer.net\/yazi-ornekleri\/on-yazi-nedir\" target=\"_blank\" rel=\"noopener\">\u00f6n yaz\u0131<\/a> <\/strong>yazarak, i\u015fverenlere neden do\u011fru aday oldu\u011funu anlatabilirsin.<\/p>\n<h2><strong>\u0130\u015f deneyimi ve ba\u015far\u0131lar\u0131n\u0131 do\u011fru ifade et<\/strong><\/h2>\n<p>Elde etti\u011fin deneyimler ve ba\u015far\u0131lar hakk\u0131nda net ve \u00f6l\u00e7\u00fclebilir bilgiler ver. Somut \u00f6rnekler ve istatistikler kullanarak, i\u015fverenlere ne t\u00fcr de\u011ferler katabilece\u011fini g\u00f6ster.<\/p>\n<h2><strong>Kendini s\u00fcrekli geli\u015ftir<\/strong><\/h2>\n<p>Sekt\u00f6r\u00fcndeki geli\u015fmeleri takip et ve yeni beceriler edinmek i\u00e7in s\u00fcrekli e\u011fitim f\u0131rsatlar\u0131 ara. Sertifikasyon programlar\u0131na kat\u0131larak veya \u00e7evrimi\u00e7i kurslar alarak, bilgi ve yeteneklerini g\u00fcncel tut. B\u00f6ylece i\u015fverenlere kendine de\u011fer katt\u0131\u011f\u0131n\u0131 g\u00f6ster.<\/p>\n<h2><strong>Networking&#8217;i aktif hale getir<\/strong><\/h2>\n<p>Networking, i\u015f f\u0131rsatlar\u0131n\u0131 \u00f6\u011frenmek ve ki\u015fisel markan\u0131 tan\u0131tmak i\u00e7in g\u00fc\u00e7l\u00fc bir ara\u00e7t\u0131r. Profesyonel a\u011f\u0131n\u0131 geni\u015fletmek i\u00e7in etkinliklere, seminerlere ve konferanslara kat\u0131l, sekt\u00f6rlerin \u00f6nde gelen liderleriyle tan\u0131\u015f ve ili\u015fkilerini g\u00fc\u00e7lendir.<\/p>\n<h2><strong>Kendini bir marka olarak g\u00f6r<\/strong><\/h2>\n<p>Kendini bir marka olarak g\u00f6r ve tutarl\u0131 bir imaj olu\u015ftur. Ki\u015fisel web siten arac\u0131l\u0131\u011f\u0131yla, potansiyel i\u015fverenlere ve i\u015f ortaklar\u0131na daha derinlemesine bir bak\u0131\u015f sun ve uzmanl\u0131\u011f\u0131n\u0131 sergile.<\/p>\n<p>Ki\u015fisel markan\u0131 optimize etmek, sadece i\u015f arama s\u00fcrecinde de\u011fil, kariyerin boyunca \u00f6nemlidir. Dikkatlice y\u00f6netildi\u011finde, ki\u015fisel markan sana i\u015f f\u0131rsatlar\u0131 getirebilir, profesyonel itibar\u0131n\u0131 g\u00fc\u00e7lendirebilir ve kariyerindeki ilerlemeyi destekleyebilir.<\/p>\n<p>Bu ipu\u00e7lar\u0131, 2024&#8217;te i\u015fe al\u0131nmak i\u00e7in ki\u015fisel markan\u0131 g\u00fc\u00e7lendirmene yard\u0131mc\u0131 olabilir ve i\u015f arama s\u00fcrecinde rekabet avantaj\u0131 sa\u011flayabilir.<\/p>\n<div class=\"td-post-content tagdiv-type\">\n<pre><strong><em>*AI destekli yaz\u0131lan bu yaz\u0131, editoryal kontrolden ge\u00e7irilerek d\u00fczenlenmi\u015ftir.<\/em><\/strong><\/pre>\n<\/div>\n<!-- templates\/buttons-placeholder.php -->\n<div class=\"da-reactions-outer TpostID18095\">\n\t    <div class=\"da-reactions-data da-reactions-container-async center\"\n         data-type=\"post\"\n         data-id=\"18095\"\n         id=\"da-reactions-slot-post-18095\">\n        <div class=\"da-reactions-static\">\n\t\t\t<img src=\"https:\/\/www.kariyer.net\/kariyer-rehberi\/wp-content\/plugins\/da-reactions\/assets\/dist\/loading.svg\" alt=\"Loading spinner\" width=\"48\" height=\"48\" style=\"width:48px\" \/>\n        <\/div>\n    <\/div>\n<\/div>\n","protected":false},"excerpt":{"rendered":"<p>Ba\u015far\u0131l\u0131 bir i\u015f arama s\u00fcrecinde g\u00fc\u00e7l\u00fc bir CV ile beraber, ki\u015fisel markan\u0131 da etkileyici bir \u015fekilde sunmal\u0131s\u0131n. Peki, bu y\u0131l i\u015fe al\u0131nmak i\u00e7in ki\u015fisel markan\u0131 nas\u0131l optimize edebilirsin? \u0130\u015fte, 6 \u00f6neri! G\u00fcn\u00fcm\u00fcz rekabet\u00e7i i\u015f piyasas\u0131nda, i\u015fverenler ve i\u015fe al\u0131m y\u00f6neticileri, adaylar\u0131n online varl\u0131klar\u0131na, yeteneklerine ve potansiyellerine dair net bir fikir edinmek istiyor. Bunun i\u00e7in \u015fu [&hellip;]<\/p>\n<!-- templates\/buttons-placeholder.php -->\n<div class=\"da-reactions-outer TpostID18095\">\n\t    <div class=\"da-reactions-data da-reactions-container-async center\"\n         data-type=\"post\"\n         data-id=\"18095\"\n         id=\"da-reactions-slot-post-18095\">\n        <div class=\"da-reactions-static\">\n\t\t\t<img src=\"https:\/\/www.kariyer.net\/kariyer-rehberi\/wp-content\/plugins\/da-reactions\/assets\/dist\/loading.svg\" alt=\"Loading spinner\" width=\"48\" height=\"48\" style=\"width:48px\" \/>\n        <\/div>\n    <\/div>\n<\/div>\n","protected":false},"author":12,"featured_media":18099,"comment_status":"closed","ping_status":"open","sticky":false,"template":"","format":"standard","meta":{"footnotes":"","_elementor_edit_mode":"","_elementor_template_type":"","_elementor_data":"","_elementor_page_settings":null,"_elementor_conditions":[]},"categories":[2211],"tags":[2199],"class_list":{"0":"post-18095","1":"post","2":"type-post","3":"status-publish","4":"format-standard","5":"has-post-thumbnail","7":"category-kariyer-gelisimi","8":"tag-ai"},"yoast_head":"<!-- This site is optimized with the Yoast SEO Premium plugin v21.4 (Yoast SEO v27.0) - https:\/\/yoast.com\/product\/yoast-seo-premium-wordpress\/ -->\n<title>2024&#039;te i\u015fe al\u0131nmak i\u00e7in ki\u015fisel markan\u0131 nas\u0131l optimize edebilirsin?<\/title>\n<meta name=\"description\" content=\"Ba\u015far\u0131l\u0131 bir i\u015f arama s\u00fcrecinde g\u00fc\u00e7l\u00fc bir CV ile beraber, ki\u015fisel markan\u0131 da etkileyici bir \u015fekilde sunmal\u0131s\u0131n.\" \/>\n<meta name=\"robots\" content=\"index, follow, max-snippet:-1, max-image-preview:large, max-video-preview:-1\" \/>\n<link rel=\"canonical\" href=\"https:\/\/www.kariyer.net\/kariyer-rehberi\/2024te-ise-alinmak-icin-kisisel-markani-nasil-optimize-edebilirsin\/\" \/>\n<meta property=\"og:locale\" content=\"tr_TR\" \/>\n<meta property=\"og:type\" content=\"article\" \/>\n<meta property=\"og:title\" content=\"2024&#039;te i\u015fe al\u0131nmak i\u00e7in ki\u015fisel markan\u0131 nas\u0131l optimize edebilirsin?\" \/>\n<meta property=\"og:description\" content=\"Ba\u015far\u0131l\u0131 bir i\u015f arama s\u00fcrecinde g\u00fc\u00e7l\u00fc bir CV ile beraber, ki\u015fisel markan\u0131 da etkileyici bir \u015fekilde sunmal\u0131s\u0131n. Peki, bu y\u0131l i\u015fe al\u0131nmak i\u00e7in ki\u015fisel\" \/>\n<meta property=\"og:url\" content=\"https:\/\/www.kariyer.net\/kariyer-rehberi\/2024te-ise-alinmak-icin-kisisel-markani-nasil-optimize-edebilirsin\/\" \/>\n<meta property=\"og:site_name\" content=\"Kariyer Rehberi\" \/>\n<meta property=\"article:published_time\" content=\"2024-04-01T08:00:16+00:00\" \/>\n<meta property=\"article:modified_time\" content=\"2024-07-03T12:08:25+00:00\" \/>\n<meta property=\"og:image\" content=\"https:\/\/www.kariyer.net\/kariyer-rehberi\/wp-content\/uploads\/2024\/03\/kisisel_markalasma.jpg\" \/>\n\t<meta property=\"og:image:width\" content=\"900\" \/>\n\t<meta property=\"og:image:height\" content=\"601\" \/>\n\t<meta property=\"og:image:type\" content=\"image\/jpeg\" \/>\n<meta name=\"author\" content=\"Edit\u00f6r\" \/>\n<meta name=\"twitter:card\" content=\"summary_large_image\" \/>\n<meta name=\"twitter:label1\" content=\"Yazan:\" \/>\n\t<meta name=\"twitter:data1\" content=\"Edit\u00f6r\" \/>\n\t<meta name=\"twitter:label2\" content=\"Tahmini okuma s\u00fcresi\" \/>\n\t<meta name=\"twitter:data2\" content=\"2 dakika\" \/>\n<!-- \/ Yoast SEO Premium plugin. -->","yoast_head_json":{"title":"2024'te i\u015fe al\u0131nmak i\u00e7in ki\u015fisel markan\u0131 nas\u0131l optimize edebilirsin?","description":"Ba\u015far\u0131l\u0131 bir i\u015f arama s\u00fcrecinde g\u00fc\u00e7l\u00fc bir CV ile beraber, ki\u015fisel markan\u0131 da etkileyici bir \u015fekilde sunmal\u0131s\u0131n.","robots":{"index":"index","follow":"follow","max-snippet":"max-snippet:-1","max-image-preview":"max-image-preview:large","max-video-preview":"max-video-preview:-1"},"canonical":"https:\/\/www.kariyer.net\/kariyer-rehberi\/2024te-ise-alinmak-icin-kisisel-markani-nasil-optimize-edebilirsin\/","og_locale":"tr_TR","og_type":"article","og_title":"2024'te i\u015fe al\u0131nmak i\u00e7in ki\u015fisel markan\u0131 nas\u0131l optimize edebilirsin?","og_description":"Ba\u015far\u0131l\u0131 bir i\u015f arama s\u00fcrecinde g\u00fc\u00e7l\u00fc bir CV ile beraber, ki\u015fisel markan\u0131 da etkileyici bir \u015fekilde sunmal\u0131s\u0131n. Peki, bu y\u0131l i\u015fe al\u0131nmak i\u00e7in ki\u015fisel","og_url":"https:\/\/www.kariyer.net\/kariyer-rehberi\/2024te-ise-alinmak-icin-kisisel-markani-nasil-optimize-edebilirsin\/","og_site_name":"Kariyer Rehberi","article_published_time":"2024-04-01T08:00:16+00:00","article_modified_time":"2024-07-03T12:08:25+00:00","og_image":[{"width":900,"height":601,"url":"https:\/\/www.kariyer.net\/kariyer-rehberi\/wp-content\/uploads\/2024\/03\/kisisel_markalasma.jpg","type":"image\/jpeg"}],"author":"Edit\u00f6r","twitter_card":"summary_large_image","twitter_misc":{"Yazan:":"Edit\u00f6r","Tahmini okuma s\u00fcresi":"2 dakika"},"schema":{"@context":"https:\/\/schema.org","@graph":[{"@type":"Article","@id":"https:\/\/www.kariyer.net\/kariyer-rehberi\/2024te-ise-alinmak-icin-kisisel-markani-nasil-optimize-edebilirsin\/#article","isPartOf":{"@id":"https:\/\/www.kariyer.net\/kariyer-rehberi\/2024te-ise-alinmak-icin-kisisel-markani-nasil-optimize-edebilirsin\/"},"author":{"name":"Edit\u00f6r","@id":"https:\/\/www.kariyer.net\/kariyer-rehberi\/#\/schema\/person\/94fd6e49c7ff1b1b2565a2cc4fd685dd"},"headline":"2024&#8217;te i\u015fe al\u0131nmak i\u00e7in ki\u015fisel markan\u0131 nas\u0131l optimize edebilirsin?","datePublished":"2024-04-01T08:00:16+00:00","dateModified":"2024-07-03T12:08:25+00:00","mainEntityOfPage":{"@id":"https:\/\/www.kariyer.net\/kariyer-rehberi\/2024te-ise-alinmak-icin-kisisel-markani-nasil-optimize-edebilirsin\/"},"wordCount":482,"publisher":{"@id":"https:\/\/www.kariyer.net\/kariyer-rehberi\/#organization"},"image":{"@id":"https:\/\/www.kariyer.net\/kariyer-rehberi\/2024te-ise-alinmak-icin-kisisel-markani-nasil-optimize-edebilirsin\/#primaryimage"},"thumbnailUrl":"https:\/\/www.kariyer.net\/kariyer-rehberi\/wp-content\/uploads\/2024\/03\/kisisel_markalasma.jpg","keywords":["AI"],"articleSection":["Kariyer Geli\u015fimi"],"inLanguage":"tr"},{"@type":"WebPage","@id":"https:\/\/www.kariyer.net\/kariyer-rehberi\/2024te-ise-alinmak-icin-kisisel-markani-nasil-optimize-edebilirsin\/","url":"https:\/\/www.kariyer.net\/kariyer-rehberi\/2024te-ise-alinmak-icin-kisisel-markani-nasil-optimize-edebilirsin\/","name":"2024'te i\u015fe al\u0131nmak i\u00e7in ki\u015fisel markan\u0131 nas\u0131l optimize edebilirsin?","isPartOf":{"@id":"https:\/\/www.kariyer.net\/kariyer-rehberi\/#website"},"primaryImageOfPage":{"@id":"https:\/\/www.kariyer.net\/kariyer-rehberi\/2024te-ise-alinmak-icin-kisisel-markani-nasil-optimize-edebilirsin\/#primaryimage"},"image":{"@id":"https:\/\/www.kariyer.net\/kariyer-rehberi\/2024te-ise-alinmak-icin-kisisel-markani-nasil-optimize-edebilirsin\/#primaryimage"},"thumbnailUrl":"https:\/\/www.kariyer.net\/kariyer-rehberi\/wp-content\/uploads\/2024\/03\/kisisel_markalasma.jpg","datePublished":"2024-04-01T08:00:16+00:00","dateModified":"2024-07-03T12:08:25+00:00","description":"Ba\u015far\u0131l\u0131 bir i\u015f arama s\u00fcrecinde g\u00fc\u00e7l\u00fc bir CV ile beraber, ki\u015fisel markan\u0131 da etkileyici bir \u015fekilde sunmal\u0131s\u0131n.","breadcrumb":{"@id":"https:\/\/www.kariyer.net\/kariyer-rehberi\/2024te-ise-alinmak-icin-kisisel-markani-nasil-optimize-edebilirsin\/#breadcrumb"},"inLanguage":"tr","potentialAction":[{"@type":"ReadAction","target":["https:\/\/www.kariyer.net\/kariyer-rehberi\/2024te-ise-alinmak-icin-kisisel-markani-nasil-optimize-edebilirsin\/"]}]},{"@type":"ImageObject","inLanguage":"tr","@id":"https:\/\/www.kariyer.net\/kariyer-rehberi\/2024te-ise-alinmak-icin-kisisel-markani-nasil-optimize-edebilirsin\/#primaryimage","url":"https:\/\/www.kariyer.net\/kariyer-rehberi\/wp-content\/uploads\/2024\/03\/kisisel_markalasma.jpg","contentUrl":"https:\/\/www.kariyer.net\/kariyer-rehberi\/wp-content\/uploads\/2024\/03\/kisisel_markalasma.jpg","width":900,"height":601},{"@type":"BreadcrumbList","@id":"https:\/\/www.kariyer.net\/kariyer-rehberi\/2024te-ise-alinmak-icin-kisisel-markani-nasil-optimize-edebilirsin\/#breadcrumb","itemListElement":[{"@type":"ListItem","position":1,"name":"Anasayfa","item":"https:\/\/www.kariyer.net\/kariyer-rehberi\/"},{"@type":"ListItem","position":2,"name":"2024&#8217;te i\u015fe al\u0131nmak i\u00e7in ki\u015fisel markan\u0131 nas\u0131l optimize edebilirsin?"}]},{"@type":"WebSite","@id":"https:\/\/www.kariyer.net\/kariyer-rehberi\/#website","url":"https:\/\/www.kariyer.net\/kariyer-rehberi\/","name":"Kariyer Rehberi","description":"\u0130\u015f D\u00fcnyas\u0131yla \u0130lgili Bilmek \u0130stedi\u011finiz Her \u015eey","publisher":{"@id":"https:\/\/www.kariyer.net\/kariyer-rehberi\/#organization"},"potentialAction":[{"@type":"SearchAction","target":{"@type":"EntryPoint","urlTemplate":"https:\/\/www.kariyer.net\/kariyer-rehberi\/?s={search_term_string}"},"query-input":{"@type":"PropertyValueSpecification","valueRequired":true,"valueName":"search_term_string"}}],"inLanguage":"tr"},{"@type":"Organization","@id":"https:\/\/www.kariyer.net\/kariyer-rehberi\/#organization","name":"Kariyer.net","url":"https:\/\/www.kariyer.net\/kariyer-rehberi\/","logo":{"@type":"ImageObject","inLanguage":"tr","@id":"https:\/\/www.kariyer.net\/kariyer-rehberi\/#\/schema\/logo\/image\/","url":"https:\/\/www.kariyer.net\/kariyer-rehberi-new\/wp-content\/uploads\/2023\/01\/og-image11.jpg","contentUrl":"https:\/\/www.kariyer.net\/kariyer-rehberi-new\/wp-content\/uploads\/2023\/01\/og-image11.jpg","width":800,"height":800,"caption":"Kariyer.net"},"image":{"@id":"https:\/\/www.kariyer.net\/kariyer-rehberi\/#\/schema\/logo\/image\/"}},{"@type":"Person","@id":"https:\/\/www.kariyer.net\/kariyer-rehberi\/#\/schema\/person\/94fd6e49c7ff1b1b2565a2cc4fd685dd","name":"Edit\u00f6r","image":{"@type":"ImageObject","inLanguage":"tr","@id":"https:\/\/www.kariyer.net\/kariyer-rehberi\/#\/schema\/person\/image\/","url":"https:\/\/secure.gravatar.com\/avatar\/0c4fe6688343aed3693b15573beae12c08ace5565409d5ab7509bf9c115f458d?s=96&d=mm&r=g","contentUrl":"https:\/\/secure.gravatar.com\/avatar\/0c4fe6688343aed3693b15573beae12c08ace5565409d5ab7509bf9c115f458d?s=96&d=mm&r=g","caption":"Edit\u00f6r"},"url":"https:\/\/www.kariyer.net\/kariyer-rehberi\/author\/editor\/"}]}},"_links":{"self":[{"href":"https:\/\/www.kariyer.net\/kariyer-rehberi\/wp-json\/wp\/v2\/posts\/18095","targetHints":{"allow":["GET"]}}],"collection":[{"href":"https:\/\/www.kariyer.net\/kariyer-rehberi\/wp-json\/wp\/v2\/posts"}],"about":[{"href":"https:\/\/www.kariyer.net\/kariyer-rehberi\/wp-json\/wp\/v2\/types\/post"}],"author":[{"embeddable":true,"href":"https:\/\/www.kariyer.net\/kariyer-rehberi\/wp-json\/wp\/v2\/users\/12"}],"replies":[{"embeddable":true,"href":"https:\/\/www.kariyer.net\/kariyer-rehberi\/wp-json\/wp\/v2\/comments?post=18095"}],"version-history":[{"count":1,"href":"https:\/\/www.kariyer.net\/kariyer-rehberi\/wp-json\/wp\/v2\/posts\/18095\/revisions"}],"predecessor-version":[{"id":19244,"href":"https:\/\/www.kariyer.net\/kariyer-rehberi\/wp-json\/wp\/v2\/posts\/18095\/revisions\/19244"}],"wp:featuredmedia":[{"embeddable":true,"href":"https:\/\/www.kariyer.net\/kariyer-rehberi\/wp-json\/wp\/v2\/media\/18099"}],"wp:attachment":[{"href":"https:\/\/www.kariyer.net\/kariyer-rehberi\/wp-json\/wp\/v2\/media?parent=18095"}],"wp:term":[{"taxonomy":"category","embeddable":true,"href":"https:\/\/www.kariyer.net\/kariyer-rehberi\/wp-json\/wp\/v2\/categories?post=18095"},{"taxonomy":"post_tag","embeddable":true,"href":"https:\/\/www.kariyer.net\/kariyer-rehberi\/wp-json\/wp\/v2\/tags?post=18095"}],"curies":[{"name":"wp","href":"https:\/\/api.w.org\/{rel}","templated":true}]}}