{"id":1816,"date":"2007-12-04T02:00:00","date_gmt":"2007-12-04T00:00:00","guid":{"rendered":"http:\/\/92.45.35.169\/rgs-group-genel-koordinatoru-cengiz-sezgin\/"},"modified":"2024-07-03T15:05:16","modified_gmt":"2024-07-03T12:05:16","slug":"rgs-group-genel-koordinatoru-cengiz-sezgin","status":"publish","type":"post","link":"https:\/\/www.kariyer.net\/kariyer-rehberi\/rgs-group-genel-koordinatoru-cengiz-sezgin\/","title":{"rendered":"RGS Group Genel Koordinat\u00f6r\u00fc &#8216;Cengiz Sezgin&#8217;"},"content":{"rendered":"<div><span style=\"font-size: 8pt; color: black\"><span style=\"font-size: 11px; font-family: Verdana, Arial, Helvetica, sans-serif\"><\/p>\n<div><span style=\"font-size: 8pt; color: black\"><img decoding=\"async\" height=\"135\" hspace=\"10\" width=\"160\" align=\"left\" vspace=\"10\" alt=\"\" src=\"http:\/\/web4.kariyer.net\/UploadFiles\/tempPhoto\/kariyerRehberi\/mak313b.jpg\" \/>G\u00fcvenlik, temizlik ve bina y\u00f6netimi ba\u015fta olmak \u00fczere pek \u00e7ok konuda faaliyet g\u00f6steren RGS Group Genel Koordinat\u00f6r\u00fc Cengiz Sezgin yeniden yap\u0131lanmakta olan \u015firketle ilgili sorular\u0131m\u0131z\u0131 yan\u0131tlad\u0131. <\/span><\/div>\n<div><strong><span style=\"font-size: 8pt; color: black\"><br \/>\u015eirketiniz hangi alanda faaliyet g\u00f6steriyor? \u015eirketinizin sekt\u00f6r i\u00e7indeki konumu nedir?<\/span><\/strong><\/div>\n<div><span style=\"font-size: 8pt; color: black\">RGS Group hizmet sekt\u00f6r\u00fcnde faaliyet g\u00f6stermektedir. 1992 y\u0131l\u0131nda Melvin Cottrell taraf\u0131ndan kurulan RGS Group G\u00fcvenlik, Temizlik, Teknik Ar\u0131za &amp; Periyodik Bak\u0131m, Sosyal Hizmet Eleman\u0131 temini, Bordrolama ve Bina Y\u00f6netimi konular\u0131nda m\u00fc\u015fterilerine hizmet vermektedir. Sekt\u00f6rde en iyi 3 firmadan biri olan RGS Group, 4 bini a\u015fmakta olan personeli ve ge\u00e7en y\u0131l\u0131 kaparken ula\u015ft\u0131\u011f\u0131 25 milyon dolar cirosu ile liderli\u011fi hedeflemektedir. RGS Group uluslararas\u0131 ve ulusal pek \u00e7ok b\u00fcy\u00fck firmaya hizmet vermekte olup bunlar aras\u0131nda en \u00f6nemlileri Ko\u00e7 Grup, Sabanc\u0131 Grup, Eczac\u0131ba\u015f\u0131, Zorlu Holding, \u015eahinler Holding, BP, POA\u015e, JTI, Do\u011fu\u015f Grup, Do\u011fan Holding, Anadolu Bankas\u0131 olarak say\u0131labilir. M\u00fc\u015fterilerimiz sekt\u00f6rde bu tip i\u015flerini outsource etmek istediklerinde teklif almak i\u00e7in ilk olarak bizi aramaktad\u0131rlar.<\/span><\/div>\n<div><span style=\"font-size: 8pt; color: black\">RGS Group olarak misyonumuzu; modern \u00e7al\u0131\u015fma metodlar\u0131 ve nitelikli insan kayna\u011f\u0131m\u0131zla m\u00fc\u015fterimiz ihtiya\u00e7lar\u0131n\u0131 en iyi \u015fekilde kar\u015f\u0131lamak, zaman ve enerjilerini as\u0131l faaliyet konular\u0131na yard\u0131mc\u0131 olmak \u015feklinde tan\u0131mlayabiliriz. RGS Group olarak kuruldu\u011fumuz g\u00fcnden bu yana b\u00fcy\u00fck bir at\u0131l\u0131m i\u00e7inde olup ileriye d\u00f6n\u00fck hedeflerimizi de bu at\u0131l\u0131mlar\u0131 artt\u0131rmak ve d\u0131\u015f kaynak kullan\u0131m\u0131 konusundaki yeni trendlere ayak uydurmak i\u00e7in s\u00fcrekli \u00e7al\u0131\u015fmaktay\u0131z.<\/span><\/div>\n<div><span style=\"font-size: 8pt; color: black\">RGS Group ISO 9001:2000 Kalite Y\u00f6netim Sistem Belgesi&#8217;ne sahiptir. T\u00fcm s\u00fcre\u00e7lerinde d\u00f6k\u00fcmantasyon, uygulama ve etkinli\u011fin kontrolu ilkeleri ana unsurlard\u0131r.<\/span><\/div>\n<div><span style=\"font-size: 8pt; color: black\">RGS Group 5188 \u00d6zel G\u00fcvenlik Yasas\u0131 \u00e7er\u00e7evesinde sundu\u011fu kaliteli, etkin ve ba\u015far\u0131l\u0131 g\u00fcvenlik hizmetiyle bug\u00fcn \u00fclkemizde faaliyet g\u00f6steren en se\u00e7kin g\u00fcvenlik kurulu\u015flar\u0131ndan biridir. Uygulad\u0131\u011f\u0131 Kalite Y\u00f6netim Sistemi&#8217;yle do\u011fru personeli, en do\u011fru metodlar\u0131 kullanarak e\u011fiten kurulu\u015fumuz t\u00fcm sorumluluklar\u0131n\u0131 g\u00fcnde 24 saat, y\u0131lda 365 g\u00fcn yerine getirmektedir. 5188 nolu yasa gere\u011fince t\u00fcm \u00e7al\u0131\u015fmalar\u0131n\u0131 tamamlam\u0131\u015f ve G\u00fcvenlik Faaliyetleri Yeterlilik Sertifikas\u0131 ve E\u011fitim Kurumu Sertifikas\u0131&#8217;n\u0131 alm\u0131\u015ft\u0131r. T\u00fcm g\u00fcvenlik elemanlar\u0131n\u0131n e\u011fitimlerini 2005 Nisan ba\u015f\u0131na kadar tamamlayarak sekt\u00f6rde fark yaratmak gayesindeyiz. Sabit koruma, \u00f6zel ki\u015fisel koruma, \u00f6zel g\u00fcvenlik elektronik sistemleri ve dan\u0131\u015fmanl\u0131k hizmetleri hizmetlerimiz aras\u0131ndad\u0131r.<\/span><\/div>\n<div><span style=\"font-size: 8pt; color: black\">Sanayi kurulu\u015flar\u0131, ticari kurulu\u015flar ya da ki\u015filer olmak \u00fczere bug\u00fcnk\u00fc sosyal ortamda y\u00fcksek riski olan her yerde, RGS Group akla gelmektedir.<\/span><\/div>\n<div><span style=\"font-size: 8pt; color: black\">RGS Group uzman kadrosuna sa\u011flad\u0131\u011f\u0131 her t\u00fcr lojistik ve e\u011fitim deste\u011fiyle hizmet kalitesini en \u00fcst d\u00fczeye \u00e7\u0131karmaktad\u0131r. Denetim, motorize ekiplerin sorumlu olduklar\u0131 i\u015f alanlar\u0131n\u0131 24 saat kontrol etmeleriyle sa\u011flan\u0131r. Ayr\u0131ca merkezi telsiz sistemi, hassas olan noktalarla s\u00fcrekli ileti\u015fimi sa\u011flar.<\/span><\/div>\n<div><strong><span style=\"font-size: 8pt; color: black\"><br \/>Sekt\u00f6r\u00fcn en \u00f6nemli sorunu sizce nedir?<\/span><\/strong><\/div>\n<div><span style=\"font-size: 8pt; color: black\">Sekt\u00f6r\u00fcm\u00fczde yeni \u00e7\u0131kan ve 27 Mart itibariyle y\u00fcr\u00fcrl\u00fc\u011fe girecek olan \u00d6zel G\u00fcvenlik Yasas\u0131 ile personel niteli\u011fi ve hizmet kalitesinin artaca\u011f\u0131na y\u00f6nelik d\u00fc\u015f\u00fcncelerimiz g\u00fcvenlik hizmeti a\u00e7\u0131s\u0131ndan b\u00fcy\u00fck yarar sa\u011flayaca\u011f\u0131 y\u00f6n\u00fcndedir. Zira art\u0131k sekt\u00f6rde sigortas\u0131n\u0131 ve vergisini \u00f6demeyen, finansal yap\u0131s\u0131 g\u00fc\u00e7l\u00fc olmayan firmalar do\u011frudan elemine olacakt\u0131r. Yasa koyucu bu konularda son derece hassas davranm\u0131\u015f olup bu i\u015fi ancak do\u011fru ve iyi yapabilenler ayakta kalabilecektir. Ancak temizlik hizmeti i\u00e7in ayn\u0131 noktalar\u0131 s\u00f6ylemek m\u00fcmk\u00fcn de\u011fildir. Zira son derece zay\u0131f firmalar sekt\u00f6rde halen i\u015f yapmaktad\u0131r. Vergi ve sigortas\u0131n\u0131 \u00f6demeyen hatta sigortas\u0131z i\u015f\u00e7i \u00e7al\u0131\u015ft\u0131ran bu tip firmalar tekliflerinde son derece d\u00fc\u015f\u00fck fiyatlar vererek m\u00fc\u015fteriyi hatal\u0131 y\u00f6nlendirmekte ve i\u015fi alabilmektedir. M\u00fc\u015fteri bunu kendi maliyet avantaj\u0131 olarak g\u00f6rd\u00fc\u011f\u00fcnden sekt\u00f6rde her isteyen bu i\u015fi yapabilmekte ve yap\u0131lan i\u015fin kalitesizli\u011fi nedeniyle bu sekt\u00f6rde bu i\u015fi do\u011fru yapanlar da bu anlamda k\u00fc\u00e7\u00fck g\u00f6r\u00fclmektedir. Dolay\u0131s\u0131yla temizlik hizmetleri i\u00e7inde bu tip bir kurallar silsilesine ihtiya\u00e7 vard\u0131r. <\/span><\/div>\n<div><strong><span style=\"font-size: 8pt; color: black\"><br \/>\u015eirketinizin organizasyon yap\u0131s\u0131n\u0131 anlatabilir misiniz? Hangi departmanlar\u0131n\u0131z var? Ne gibi g\u00f6revler y\u00fcr\u00fct\u00fcyorlar?<\/span><\/strong><\/div>\n<div><span style=\"font-size: 8pt; color: black\">\u015eirketimiz Ekim 2004 tarihi itibariyle yeniden yap\u0131lanma ve kurumsalla\u015fma s\u00fcrecine girmi\u015ftir. Bu s\u00fcre\u00e7te t\u00fcm organizasyon yap\u0131s\u0131 yeniden sorgulanm\u0131\u015f ve i\u015f tan\u0131mlar\u0131 \u00fczerinde yeniden \u00e7al\u0131\u015fma ba\u015flat\u0131lm\u0131\u015ft\u0131r. Bu s\u00fcre\u00e7 2005 y\u0131l\u0131 i\u00e7erisinde tamamlanacak olup daha g\u00fc\u00e7l\u00fc ve daha iyi e\u011fitimli profesyonellerden olu\u015fan, sonu\u00e7 odakl\u0131, tak\u0131m \u00e7al\u0131\u015fmas\u0131na yatk\u0131n bir ekip olu\u015fturulma \u00e7al\u0131\u015fmalar\u0131 devam etmektedir. Temizlik, G\u00fcvenlik, Personel, Teknik Hizmetler &amp; Bina Y\u00f6netimi, Sat\u0131nalma &amp; \u0130dari \u0130\u015fler ve Muhasebe Departmanlar\u0131 bu organizasyon i\u00e7inde bulunmaktad\u0131r. G\u00fc\u00e7l\u00fc bir Pazarlama Departman\u0131 olu\u015fturulma a\u015famas\u0131na girilmi\u015ftir. S\u00f6z konusu fonksiyonlar, do\u011frudan genel koordinat\u00f6re rapor etmektedirler. Genel Koordinat\u00f6r, Y\u00f6netim Kurulu Ba\u015fkan\u0131 ile s\u0131k s\u0131k g\u00f6r\u00fc\u015fmekte ve stratejik konular h\u0131zla halde tart\u0131\u015f\u0131larak seri kararlar al\u0131nmaktad\u0131r. <\/span><\/div>\n<div><strong><span style=\"font-size: 8pt; color: black\"><br \/>Uzun vadede \u015firket ad\u0131na planlar\u0131n\u0131z neler?<\/span><\/strong><\/div>\n<div><span style=\"font-size: 8pt; color: black\">2005 y\u0131l\u0131 RGS Group i\u00e7in yeniden yap\u0131lanma ve kurumsalla\u015fma y\u0131l\u0131d\u0131r. Bu s\u00fcre\u00e7te RGS Group, ilgili alt yap\u0131y\u0131 kurarak 2006 y\u0131l\u0131ndan itibaren \u00e7ok daha verimli ve m\u00fc\u015fterilerinin memnuniyetini artt\u0131rarak hem onlara hem de istihdam etti\u011fi personelle \u00fclke ekonomisine daha fazla katk\u0131 yapacak ve bunu \u00f6n\u00fcm\u00fczdeki y\u0131llarda daha sa\u011fl\u0131kl\u0131 s\u00fcrd\u00fcrebilecektir. \u00d6n\u00fcm\u00fczdeki aylardan itibaren daha b\u00fcy\u00fcyebilmek i\u00e7in baz\u0131 firsatlar \u00fczerinde \u00e7al\u0131\u015f\u0131lmaktad\u0131r. Ancak s\u00f6ylenmesi gereken en \u00f6nemli nokta RGS Group&#8217;un \u00f6n\u00fcm\u00fczdeki be\u015f y\u0131l i\u00e7inde sekt\u00f6rde lider olmas\u0131n\u0131 sa\u011flamakt\u0131r.<\/span><\/div>\n<div><strong><span style=\"font-size: 8pt; color: black\"><br \/>\u015eirketinizde \u00e7al\u0131\u015facak adaylarda ne gibi \u00f6zellikler ar\u0131yorsunuz?<\/span><\/strong><\/div>\n<div><span style=\"font-size: 8pt; color: black\">\u015eirketimizde \u00e7al\u0131\u015facak personelde iyi bir e\u011fitim, sekt\u00f6r tecr\u00fcbesi, yabanc\u0131 dil, tak\u0131m \u00e7al\u0131\u015fmas\u0131na e\u011filim, sonu\u00e7 odakl\u0131l\u0131k, dinamik ve atak bir g\u00f6r\u00fcn\u00fc\u015f aranmaktad\u0131r. \u00c7ok s\u0131k\u0131 bir masaba\u015f\u0131 \u00e7al\u0131\u015fmas\u0131 ve akabinde se\u00e7ilen adaylarla yap\u0131lan do\u011frudan g\u00f6r\u00fc\u015fmeler sonras\u0131nda yeterli elemanlar \u015firketimize kat\u0131lmaktad\u0131r.<\/span><\/div>\n<div><strong><span style=\"font-size: 8pt; color: black\"><br \/>\u0130nsan Kaynaklar\u0131 departman\u0131n\u0131z\u0131n i\u015fleyi\u015finden bahseder misiniz? \u0130\u015fe al\u0131m, performans de\u011ferlendirme s\u00fcre\u00e7leri nas\u0131l i\u015fliyor?<\/span><\/strong><\/div>\n<div><span style=\"font-size: 8pt; color: black\">Halen \u0130nsan Kaynaklar\u0131 Departman\u0131 olu\u015fturma \u00e7al\u0131\u015fmalar\u0131 ba\u015flat\u0131lm\u0131\u015f durumdad\u0131r. \u0130\u015fe al\u0131m ve performans de\u011ferlendirme s\u00fcre\u00e7leri yeniden tasarlanmakta oldu\u011fundan bu y\u0131l\u0131n en \u00f6nemli i\u015flerinden biri olcakt\u0131r.<\/span><\/div>\n<div><strong><span style=\"font-size: 8pt; color: black\"><br \/>Kariyer.net&#8217;ten nas\u0131l yararlan\u0131yorsunuz?<\/span><\/strong><\/div>\n<div><span style=\"font-size: 8pt; color: black\">Halen i\u015fe alaca\u011f\u0131m\u0131z elemanlar\u0131n se\u00e7iminde Kariyer.net ile birlikte \u00e7al\u0131\u015f\u0131yoruz. S\u0131n\u0131rs\u0131z \u00fcyeli\u011fimiz ve dolay\u0131s\u0131yla birlikte yapt\u0131\u011f\u0131m\u0131z \u00e7al\u0131\u015fmalar var. Son d\u00f6nemde ald\u0131\u011f\u0131m\u0131z elemanlar\u0131 onlar\u0131n deste\u011fi ile b\u00fcnyemize katt\u0131k. Bu konuda \u00e7ok ba\u015far\u0131l\u0131lar. Umuyoruz bu birliktelik devam edecektir.<\/span><\/div>\n<div>&nbsp;<\/div>\n<div style=\"margin: 0cm 0cm 10pt\">&nbsp;<\/div>\n<p><\/span><\/span><\/div>\n<!-- templates\/buttons-placeholder.php -->\n<div class=\"da-reactions-outer TpostID1816\">\n\t    <div class=\"da-reactions-data da-reactions-container-async center\"\n         data-type=\"post\"\n         data-id=\"1816\"\n         id=\"da-reactions-slot-post-1816\">\n        <div class=\"da-reactions-static\">\n\t\t\t<img src=\"https:\/\/www.kariyer.net\/kariyer-rehberi\/wp-content\/plugins\/da-reactions\/assets\/dist\/loading.svg\" alt=\"Loading spinner\" width=\"48\" height=\"48\" style=\"width:48px\" \/>\n        <\/div>\n    <\/div>\n<\/div>\n","protected":false},"excerpt":{"rendered":"<p>G\u00fcvenlik, temizlik ve bina y\u00f6netimi ba\u015fta olmak \u00fczere pek \u00e7ok konuda faaliyet g\u00f6steren RGS Group Genel Koordinat\u00f6r\u00fc Cengiz Sezgin yeniden yap\u0131lanmakta olan \u015firketle ilgili sorular\u0131m\u0131z\u0131 yan\u0131tlad\u0131. \u015eirketiniz hangi alanda faaliyet g\u00f6steriyor? \u015eirketinizin sekt\u00f6r i\u00e7indeki konumu nedir? RGS Group hizmet sekt\u00f6r\u00fcnde faaliyet g\u00f6stermektedir. 1992 y\u0131l\u0131nda Melvin Cottrell taraf\u0131ndan kurulan RGS Group G\u00fcvenlik, Temizlik, Teknik Ar\u0131za &amp; [&hellip;]<\/p>\n<!-- templates\/buttons-placeholder.php -->\n<div class=\"da-reactions-outer TpostID1816\">\n\t    <div class=\"da-reactions-data da-reactions-container-async center\"\n         data-type=\"post\"\n         data-id=\"1816\"\n         id=\"da-reactions-slot-post-1816\">\n        <div class=\"da-reactions-static\">\n\t\t\t<img src=\"https:\/\/www.kariyer.net\/kariyer-rehberi\/wp-content\/plugins\/da-reactions\/assets\/dist\/loading.svg\" alt=\"Loading spinner\" width=\"48\" height=\"48\" style=\"width:48px\" \/>\n        <\/div>\n    <\/div>\n<\/div>\n","protected":false},"author":8,"featured_media":0,"comment_status":"open","ping_status":"open","sticky":false,"template":"","format":"standard","meta":{"footnotes":"","_elementor_edit_mode":"","_elementor_template_type":"","_elementor_data":"","_elementor_page_settings":null,"_elementor_conditions":[]},"categories":[46,2211],"tags":[],"class_list":{"0":"post-1816","1":"post","2":"type-post","3":"status-publish","4":"format-standard","6":"category-is-hayati","7":"category-kariyer-gelisimi"},"yoast_head":"<!-- This site is optimized with the Yoast SEO Premium plugin v21.4 (Yoast SEO v27.0) - https:\/\/yoast.com\/product\/yoast-seo-premium-wordpress\/ -->\n<title>RGS Group Genel Koordinat\u00f6r\u00fc &#039;Cengiz Sezgin&#039; | Kariyer Rehberi<\/title>\n<meta name=\"description\" content=\"G\u00fcvenlik, temizlik ve bina y\u00f6netimi ba\u015fta olmak \u00fczere pek \u00e7ok konuda faaliyet g\u00f6steren RGS Group Genel Koordinat\u00f6r\u00fc Cengiz Sezgin yeniden yap\u0131lanmakta\" \/>\n<meta name=\"robots\" content=\"index, follow, max-snippet:-1, max-image-preview:large, max-video-preview:-1\" \/>\n<link rel=\"canonical\" href=\"https:\/\/www.kariyer.net\/kariyer-rehberi\/rgs-group-genel-koordinatoru-cengiz-sezgin\/\" \/>\n<meta property=\"og:locale\" content=\"tr_TR\" \/>\n<meta property=\"og:type\" content=\"article\" \/>\n<meta property=\"og:title\" content=\"RGS Group Genel Koordinat\u00f6r\u00fc &#039;Cengiz Sezgin&#039;\" \/>\n<meta property=\"og:description\" content=\"G\u00fcvenlik, temizlik ve bina y\u00f6netimi ba\u015fta olmak \u00fczere pek \u00e7ok konuda faaliyet g\u00f6steren RGS Group Genel Koordinat\u00f6r\u00fc Cengiz Sezgin yeniden yap\u0131lanmakta\" \/>\n<meta property=\"og:url\" content=\"https:\/\/www.kariyer.net\/kariyer-rehberi\/rgs-group-genel-koordinatoru-cengiz-sezgin\/\" \/>\n<meta property=\"og:site_name\" content=\"Kariyer Rehberi\" \/>\n<meta property=\"article:published_time\" content=\"2007-12-04T00:00:00+00:00\" \/>\n<meta property=\"article:modified_time\" content=\"2024-07-03T12:05:16+00:00\" \/>\n<meta property=\"og:image\" content=\"http:\/\/web4.kariyer.net\/UploadFiles\/tempPhoto\/kariyerRehberi\/mak313b.jpg\" \/>\n<meta name=\"author\" content=\"Kariyer.net\" \/>\n<meta name=\"twitter:card\" content=\"summary_large_image\" \/>\n<meta name=\"twitter:label1\" content=\"Yazan:\" \/>\n\t<meta name=\"twitter:data1\" content=\"Kariyer.net\" \/>\n\t<meta name=\"twitter:label2\" content=\"Tahmini okuma s\u00fcresi\" \/>\n\t<meta name=\"twitter:data2\" content=\"6 dakika\" \/>\n<!-- \/ Yoast SEO Premium plugin. -->","yoast_head_json":{"title":"RGS Group Genel Koordinat\u00f6r\u00fc 'Cengiz Sezgin' | Kariyer Rehberi","description":"G\u00fcvenlik, temizlik ve bina y\u00f6netimi ba\u015fta olmak \u00fczere pek \u00e7ok konuda faaliyet g\u00f6steren RGS Group Genel Koordinat\u00f6r\u00fc Cengiz Sezgin yeniden yap\u0131lanmakta","robots":{"index":"index","follow":"follow","max-snippet":"max-snippet:-1","max-image-preview":"max-image-preview:large","max-video-preview":"max-video-preview:-1"},"canonical":"https:\/\/www.kariyer.net\/kariyer-rehberi\/rgs-group-genel-koordinatoru-cengiz-sezgin\/","og_locale":"tr_TR","og_type":"article","og_title":"RGS Group Genel Koordinat\u00f6r\u00fc 'Cengiz Sezgin'","og_description":"G\u00fcvenlik, temizlik ve bina y\u00f6netimi ba\u015fta olmak \u00fczere pek \u00e7ok konuda faaliyet g\u00f6steren RGS Group Genel Koordinat\u00f6r\u00fc Cengiz Sezgin yeniden yap\u0131lanmakta","og_url":"https:\/\/www.kariyer.net\/kariyer-rehberi\/rgs-group-genel-koordinatoru-cengiz-sezgin\/","og_site_name":"Kariyer Rehberi","article_published_time":"2007-12-04T00:00:00+00:00","article_modified_time":"2024-07-03T12:05:16+00:00","og_image":[{"url":"http:\/\/web4.kariyer.net\/UploadFiles\/tempPhoto\/kariyerRehberi\/mak313b.jpg","type":"","width":"","height":""}],"author":"Kariyer.net","twitter_card":"summary_large_image","twitter_misc":{"Yazan:":"Kariyer.net","Tahmini okuma s\u00fcresi":"6 dakika"},"schema":{"@context":"https:\/\/schema.org","@graph":[{"@type":"Article","@id":"https:\/\/www.kariyer.net\/kariyer-rehberi\/rgs-group-genel-koordinatoru-cengiz-sezgin\/#article","isPartOf":{"@id":"https:\/\/www.kariyer.net\/kariyer-rehberi\/rgs-group-genel-koordinatoru-cengiz-sezgin\/"},"author":{"name":"Kariyer.net","@id":"https:\/\/www.kariyer.net\/kariyer-rehberi\/#\/schema\/person\/eb36201afd42c03bc83b82060447b2c9"},"headline":"RGS Group Genel Koordinat\u00f6r\u00fc &#8216;Cengiz Sezgin&#8217;","datePublished":"2007-12-04T00:00:00+00:00","dateModified":"2024-07-03T12:05:16+00:00","mainEntityOfPage":{"@id":"https:\/\/www.kariyer.net\/kariyer-rehberi\/rgs-group-genel-koordinatoru-cengiz-sezgin\/"},"wordCount":1216,"commentCount":0,"publisher":{"@id":"https:\/\/www.kariyer.net\/kariyer-rehberi\/#organization"},"image":{"@id":"https:\/\/www.kariyer.net\/kariyer-rehberi\/rgs-group-genel-koordinatoru-cengiz-sezgin\/#primaryimage"},"thumbnailUrl":"http:\/\/web4.kariyer.net\/UploadFiles\/tempPhoto\/kariyerRehberi\/mak313b.jpg","articleSection":["\u0130\u015f Hayat\u0131","Kariyer Geli\u015fimi"],"inLanguage":"tr","potentialAction":[{"@type":"CommentAction","name":"Comment","target":["https:\/\/www.kariyer.net\/kariyer-rehberi\/rgs-group-genel-koordinatoru-cengiz-sezgin\/#respond"]}]},{"@type":"WebPage","@id":"https:\/\/www.kariyer.net\/kariyer-rehberi\/rgs-group-genel-koordinatoru-cengiz-sezgin\/","url":"https:\/\/www.kariyer.net\/kariyer-rehberi\/rgs-group-genel-koordinatoru-cengiz-sezgin\/","name":"RGS Group Genel Koordinat\u00f6r\u00fc 'Cengiz Sezgin' | Kariyer Rehberi","isPartOf":{"@id":"https:\/\/www.kariyer.net\/kariyer-rehberi\/#website"},"primaryImageOfPage":{"@id":"https:\/\/www.kariyer.net\/kariyer-rehberi\/rgs-group-genel-koordinatoru-cengiz-sezgin\/#primaryimage"},"image":{"@id":"https:\/\/www.kariyer.net\/kariyer-rehberi\/rgs-group-genel-koordinatoru-cengiz-sezgin\/#primaryimage"},"thumbnailUrl":"http:\/\/web4.kariyer.net\/UploadFiles\/tempPhoto\/kariyerRehberi\/mak313b.jpg","datePublished":"2007-12-04T00:00:00+00:00","dateModified":"2024-07-03T12:05:16+00:00","description":"G\u00fcvenlik, temizlik ve bina y\u00f6netimi ba\u015fta olmak \u00fczere pek \u00e7ok konuda faaliyet g\u00f6steren RGS Group Genel Koordinat\u00f6r\u00fc Cengiz Sezgin yeniden yap\u0131lanmakta","breadcrumb":{"@id":"https:\/\/www.kariyer.net\/kariyer-rehberi\/rgs-group-genel-koordinatoru-cengiz-sezgin\/#breadcrumb"},"inLanguage":"tr","potentialAction":[{"@type":"ReadAction","target":["https:\/\/www.kariyer.net\/kariyer-rehberi\/rgs-group-genel-koordinatoru-cengiz-sezgin\/"]}]},{"@type":"ImageObject","inLanguage":"tr","@id":"https:\/\/www.kariyer.net\/kariyer-rehberi\/rgs-group-genel-koordinatoru-cengiz-sezgin\/#primaryimage","url":"http:\/\/web4.kariyer.net\/UploadFiles\/tempPhoto\/kariyerRehberi\/mak313b.jpg","contentUrl":"http:\/\/web4.kariyer.net\/UploadFiles\/tempPhoto\/kariyerRehberi\/mak313b.jpg"},{"@type":"BreadcrumbList","@id":"https:\/\/www.kariyer.net\/kariyer-rehberi\/rgs-group-genel-koordinatoru-cengiz-sezgin\/#breadcrumb","itemListElement":[{"@type":"ListItem","position":1,"name":"Anasayfa","item":"https:\/\/www.kariyer.net\/kariyer-rehberi\/"},{"@type":"ListItem","position":2,"name":"RGS Group Genel Koordinat\u00f6r\u00fc &#8216;Cengiz Sezgin&#8217;"}]},{"@type":"WebSite","@id":"https:\/\/www.kariyer.net\/kariyer-rehberi\/#website","url":"https:\/\/www.kariyer.net\/kariyer-rehberi\/","name":"Kariyer Rehberi","description":"\u0130\u015f D\u00fcnyas\u0131yla \u0130lgili Bilmek \u0130stedi\u011finiz Her \u015eey","publisher":{"@id":"https:\/\/www.kariyer.net\/kariyer-rehberi\/#organization"},"potentialAction":[{"@type":"SearchAction","target":{"@type":"EntryPoint","urlTemplate":"https:\/\/www.kariyer.net\/kariyer-rehberi\/?s={search_term_string}"},"query-input":{"@type":"PropertyValueSpecification","valueRequired":true,"valueName":"search_term_string"}}],"inLanguage":"tr"},{"@type":"Organization","@id":"https:\/\/www.kariyer.net\/kariyer-rehberi\/#organization","name":"Kariyer.net","url":"https:\/\/www.kariyer.net\/kariyer-rehberi\/","logo":{"@type":"ImageObject","inLanguage":"tr","@id":"https:\/\/www.kariyer.net\/kariyer-rehberi\/#\/schema\/logo\/image\/","url":"https:\/\/www.kariyer.net\/kariyer-rehberi-new\/wp-content\/uploads\/2023\/01\/og-image11.jpg","contentUrl":"https:\/\/www.kariyer.net\/kariyer-rehberi-new\/wp-content\/uploads\/2023\/01\/og-image11.jpg","width":800,"height":800,"caption":"Kariyer.net"},"image":{"@id":"https:\/\/www.kariyer.net\/kariyer-rehberi\/#\/schema\/logo\/image\/"}},{"@type":"Person","@id":"https:\/\/www.kariyer.net\/kariyer-rehberi\/#\/schema\/person\/eb36201afd42c03bc83b82060447b2c9","name":"Kariyer.net","image":{"@type":"ImageObject","inLanguage":"tr","@id":"https:\/\/www.kariyer.net\/kariyer-rehberi\/#\/schema\/person\/image\/","url":"https:\/\/secure.gravatar.com\/avatar\/ddce3ac68cb52fb2ae004bcee334e49ccc6361fefd68c5f6f4d2a86630c28b2e?s=96&d=mm&r=g","contentUrl":"https:\/\/secure.gravatar.com\/avatar\/ddce3ac68cb52fb2ae004bcee334e49ccc6361fefd68c5f6f4d2a86630c28b2e?s=96&d=mm&r=g","caption":"Kariyer.net"},"url":"https:\/\/www.kariyer.net\/kariyer-rehberi\/author\/kariyer-net\/"}]}},"_links":{"self":[{"href":"https:\/\/www.kariyer.net\/kariyer-rehberi\/wp-json\/wp\/v2\/posts\/1816","targetHints":{"allow":["GET"]}}],"collection":[{"href":"https:\/\/www.kariyer.net\/kariyer-rehberi\/wp-json\/wp\/v2\/posts"}],"about":[{"href":"https:\/\/www.kariyer.net\/kariyer-rehberi\/wp-json\/wp\/v2\/types\/post"}],"author":[{"embeddable":true,"href":"https:\/\/www.kariyer.net\/kariyer-rehberi\/wp-json\/wp\/v2\/users\/8"}],"replies":[{"embeddable":true,"href":"https:\/\/www.kariyer.net\/kariyer-rehberi\/wp-json\/wp\/v2\/comments?post=1816"}],"version-history":[{"count":1,"href":"https:\/\/www.kariyer.net\/kariyer-rehberi\/wp-json\/wp\/v2\/posts\/1816\/revisions"}],"predecessor-version":[{"id":19124,"href":"https:\/\/www.kariyer.net\/kariyer-rehberi\/wp-json\/wp\/v2\/posts\/1816\/revisions\/19124"}],"wp:attachment":[{"href":"https:\/\/www.kariyer.net\/kariyer-rehberi\/wp-json\/wp\/v2\/media?parent=1816"}],"wp:term":[{"taxonomy":"category","embeddable":true,"href":"https:\/\/www.kariyer.net\/kariyer-rehberi\/wp-json\/wp\/v2\/categories?post=1816"},{"taxonomy":"post_tag","embeddable":true,"href":"https:\/\/www.kariyer.net\/kariyer-rehberi\/wp-json\/wp\/v2\/tags?post=1816"}],"curies":[{"name":"wp","href":"https:\/\/api.w.org\/{rel}","templated":true}]}}