{"id":18227,"date":"2024-05-31T15:07:16","date_gmt":"2024-05-31T12:07:16","guid":{"rendered":"https:\/\/www.kariyer.net\/kariyer-rehberi\/?p=18227"},"modified":"2024-08-08T21:07:57","modified_gmt":"2024-08-08T18:07:57","slug":"acunmedya-akademi-sifirdan-yazilim-bootcampleri-basliyor","status":"publish","type":"post","link":"https:\/\/www.kariyer.net\/kariyer-rehberi\/acunmedya-akademi-sifirdan-yazilim-bootcampleri-basliyor\/","title":{"rendered":"Acunmedya Akademi S\u0131f\u0131rdan Yaz\u0131l\u0131m Bootcamp&#8217;leri ba\u015fl\u0131yor!"},"content":{"rendered":"<div class=\"MuiTypography-root MuiTypography-body1 css-11pqmc7\" data-test=\"blog-summary\"><strong>Techcareer.net &amp; \u0130stanbul Ni\u015fanta\u015f\u0131 \u00dcniversitesi Acunmedya Akademi ile i\u015f birli\u011fiyle, programlamaya yeni ba\u015flayacaklar ve sekt\u00f6r de\u011fi\u015ftirmek isteyenler i\u00e7in muhte\u015fem bir f\u0131rsat sunuyor.<\/strong><\/div>\n<div data-test=\"blog-summary\"><\/div>\n<div data-test=\"blog-summary\">\n<p>S\u0131f\u0131rdan <a href=\"https:\/\/go.techcareer.net\/Loy5zS\" target=\"_blank\" rel=\"noopener\">Back-End<\/a> ve <a href=\"https:\/\/go.techcareer.net\/PWZnKl\" target=\"_blank\" rel=\"noopener\">Front-End<\/a> Bootcamp programlar\u0131 ile yaz\u0131l\u0131m d\u00fcnyas\u0131na ad\u0131m atmaya haz\u0131r m\u0131s\u0131n?<\/p>\n<h2><strong>Neden s\u0131f\u0131rdan yaz\u0131l\u0131m bootcamp&#8217;lerine kat\u0131lmal\u0131s\u0131n?<\/strong><\/h2>\n<p>Yaz\u0131l\u0131m geli\u015ftirme, g\u00fcn\u00fcm\u00fcz\u00fcn en \u00e7ok talep g\u00f6ren becerilerden biri; ancak programlama bilgin yoksa veya kariyerini de\u011fi\u015ftirmek istiyorsan, nereden ba\u015flayaca\u011f\u0131n\u0131 bilmekte zorlanabilirsin. \u0130\u015fte tam da bu noktada <strong>S\u0131f\u0131rdan Yaz\u0131l\u0131m Bootcamp<\/strong>&#8216;leri devreye giriyor. Bu e\u011fitim programlar\u0131nda, tercih etti\u011fin alanda \u00fc\u00e7 ay boyunca 130 saatlik yo\u011fun bir programlama e\u011fitimi ve ard\u0131ndan d\u00f6rt haftal\u0131k bir \u00e7al\u0131\u015fma kamp\u0131 seni bekliyor. Bu s\u00fcre\u00e7te, ger\u00e7ek projeler \u00fczerinde \u00e7al\u0131\u015farak pratik deneyim kazanacak ve yaz\u0131l\u0131m d\u00fcnyas\u0131na sa\u011flam bir ad\u0131m atacaks\u0131n.<\/p>\n<p><span style=\"color: #222222; font-family: Verdana, BlinkMacSystemFont, -apple-system, 'Segoe UI', Roboto, Oxygen, Ubuntu, Cantarell, 'Open Sans', 'Helvetica Neue', sans-serif; font-size: 15px;\">Online veya y\u00fcz y\u00fcze e\u011fitimlere kat\u0131lanlar, ger\u00e7ek hayat projeleri \u00fczerinde \u00e7al\u0131\u015farak sekt\u00f6rdeki g\u00fcncel teknolojiler hakk\u0131nda bilgi sahibi olacaklar. E\u011fitimin sonunda ba\u015far\u0131yla mezun olanlar, <\/span><strong style=\"color: #222222; font-family: Verdana, BlinkMacSystemFont, -apple-system, 'Segoe UI', Roboto, Oxygen, Ubuntu, Cantarell, 'Open Sans', 'Helvetica Neue', sans-serif; font-size: 15px;\">Hiring Day &amp; \u0130\u015f G\u00f6r\u00fc\u015fmesi G\u00fcn\u00fc<\/strong><span style=\"color: #222222; font-family: Verdana, BlinkMacSystemFont, -apple-system, 'Segoe UI', Roboto, Oxygen, Ubuntu, Cantarell, 'Open Sans', 'Helvetica Neue', sans-serif; font-size: 15px;\">\u00a0etkinliklerine kat\u0131lma f\u0131rsat\u0131 yakalayacaklar.<\/span><\/p>\n<h2><strong>Hiring Day &amp; \u0130\u015f G\u00f6r\u00fc\u015fmesi G\u00fcn\u00fc<\/strong><\/h2>\n<p>E\u011fitim kamp\u0131ndan ba\u015far\u0131yla mezun olan adaylar, \u00f6nce Hiring Day&#8217;e, ard\u0131ndan \u0130\u015f G\u00f6r\u00fc\u015fmesi G\u00fcn\u00fc&#8217;ne kat\u0131lacak.<\/p>\n<p>Hiring Day&#8217;de bir\u00e7ok \u015firket, y\u00fczlerce adayla \u00e7evrimi\u00e7i ortamda bulu\u015facak. Bu etkinlikte adaylar ve \u015firket temsilcileri aras\u0131nda g\u00f6r\u00fc\u015fmeler yap\u0131lacak, adaylar insan kaynaklar\u0131 yetkilileriyle tan\u0131\u015fma ve onlara \u00f6zge\u00e7mi\u015flerini iletme f\u0131rsat\u0131 bulacak.<\/p>\n<p>\u0130\u015f G\u00f6r\u00fc\u015fmesi G\u00fcn\u00fc&#8217;nde ise belirli \u015firketlerin insan kaynaklar\u0131 yetkilileri, her adayla bire bir m\u00fclakat yapacak. M\u00fclakat sonucuna g\u00f6re adaylar i\u015f f\u0131rsat\u0131 elde edebilecek.<\/p>\n<p>S\u0131n\u0131rl\u0131 kontenjanl\u0131 bu program i\u00e7in <strong>son ba\u015fvuru 23 Haziran!<\/strong> Detayl\u0131 bilgi almak ve ba\u015fvuru yapmak i\u00e7in <a href=\"https:\/\/go.techcareer.net\/hgv2nz\" target=\"_blank\" rel=\"noopener\"><strong>buraya<\/strong><\/a> t\u0131klayabilirsin.<\/p>\n<\/div>\n<!-- templates\/buttons-placeholder.php -->\n<div class=\"da-reactions-outer TpostID18227\">\n\t    <div class=\"da-reactions-data da-reactions-container-async center\"\n         data-type=\"post\"\n         data-id=\"18227\"\n         id=\"da-reactions-slot-post-18227\">\n        <div class=\"da-reactions-static\">\n\t\t\t<img src=\"https:\/\/www.kariyer.net\/kariyer-rehberi\/wp-content\/plugins\/da-reactions\/assets\/dist\/loading.svg\" alt=\"Loading spinner\" width=\"48\" height=\"48\" style=\"width:48px\" \/>\n        <\/div>\n    <\/div>\n<\/div>\n","protected":false},"excerpt":{"rendered":"<p>Techcareer.net &amp; \u0130stanbul Ni\u015fanta\u015f\u0131 \u00dcniversitesi Acunmedya Akademi ile i\u015f birli\u011fiyle, programlamaya yeni ba\u015flayacaklar ve sekt\u00f6r de\u011fi\u015ftirmek isteyenler i\u00e7in muhte\u015fem bir f\u0131rsat sunuyor. S\u0131f\u0131rdan Back-End ve Front-End Bootcamp programlar\u0131 ile yaz\u0131l\u0131m d\u00fcnyas\u0131na ad\u0131m atmaya haz\u0131r m\u0131s\u0131n? Neden s\u0131f\u0131rdan yaz\u0131l\u0131m bootcamp&#8217;lerine kat\u0131lmal\u0131s\u0131n? Yaz\u0131l\u0131m geli\u015ftirme, g\u00fcn\u00fcm\u00fcz\u00fcn en \u00e7ok talep g\u00f6ren becerilerden biri; ancak programlama bilgin yoksa veya kariyerini [&hellip;]<\/p>\n<!-- templates\/buttons-placeholder.php -->\n<div class=\"da-reactions-outer TpostID18227\">\n\t    <div class=\"da-reactions-data da-reactions-container-async center\"\n         data-type=\"post\"\n         data-id=\"18227\"\n         id=\"da-reactions-slot-post-18227\">\n        <div class=\"da-reactions-static\">\n\t\t\t<img src=\"https:\/\/www.kariyer.net\/kariyer-rehberi\/wp-content\/plugins\/da-reactions\/assets\/dist\/loading.svg\" alt=\"Loading spinner\" width=\"48\" height=\"48\" style=\"width:48px\" \/>\n        <\/div>\n    <\/div>\n<\/div>\n","protected":false},"author":12,"featured_media":18228,"comment_status":"closed","ping_status":"open","sticky":false,"template":"","format":"standard","meta":{"footnotes":"","_elementor_edit_mode":"","_elementor_template_type":"","_elementor_data":"","_elementor_page_settings":null,"_elementor_conditions":[]},"categories":[2214],"tags":[],"class_list":{"0":"post-18227","1":"post","2":"type-post","3":"status-publish","4":"format-standard","5":"has-post-thumbnail","7":"category-yasam"},"yoast_head":"<!-- This site is optimized with the Yoast SEO Premium plugin v21.4 (Yoast SEO v27.0) - https:\/\/yoast.com\/product\/yoast-seo-premium-wordpress\/ -->\n<title>Acunmedya Akademi S\u0131f\u0131rdan Yaz\u0131l\u0131m Bootcamp&#039;leri ba\u015fl\u0131yor!<\/title>\n<meta name=\"description\" content=\"Techcareer.net, Acunmedya Akademi i\u015f birli\u011fiyle, programlamaya yeni ba\u015flayacaklar i\u00e7in muhte\u015fem bir f\u0131rsat sunuyor.\" \/>\n<meta name=\"robots\" content=\"index, follow, max-snippet:-1, max-image-preview:large, max-video-preview:-1\" \/>\n<link rel=\"canonical\" href=\"https:\/\/www.kariyer.net\/kariyer-rehberi\/acunmedya-akademi-sifirdan-yazilim-bootcampleri-basliyor\/\" \/>\n<meta property=\"og:locale\" content=\"tr_TR\" \/>\n<meta property=\"og:type\" content=\"article\" \/>\n<meta property=\"og:title\" content=\"Acunmedya Akademi S\u0131f\u0131rdan Yaz\u0131l\u0131m Bootcamp&#039;leri ba\u015fl\u0131yor!\" \/>\n<meta property=\"og:description\" content=\"Techcareer.net &amp; \u0130stanbul Ni\u015fanta\u015f\u0131 \u00dcniversitesi Acunmedya Akademi ile i\u015f birli\u011fiyle, programlamaya yeni ba\u015flayacaklar ve sekt\u00f6r de\u011fi\u015ftirmek\" \/>\n<meta property=\"og:url\" content=\"https:\/\/www.kariyer.net\/kariyer-rehberi\/acunmedya-akademi-sifirdan-yazilim-bootcampleri-basliyor\/\" \/>\n<meta property=\"og:site_name\" content=\"Kariyer Rehberi\" \/>\n<meta property=\"article:published_time\" content=\"2024-05-31T12:07:16+00:00\" \/>\n<meta property=\"article:modified_time\" content=\"2024-08-08T18:07:57+00:00\" \/>\n<meta property=\"og:image\" content=\"https:\/\/www.kariyer.net\/kariyer-rehberi\/wp-content\/uploads\/2024\/05\/acunmedya_techcareer.net_.jpg\" \/>\n\t<meta property=\"og:image:width\" content=\"900\" \/>\n\t<meta property=\"og:image:height\" content=\"600\" \/>\n\t<meta property=\"og:image:type\" content=\"image\/jpeg\" \/>\n<meta name=\"author\" content=\"Edit\u00f6r\" \/>\n<meta name=\"twitter:card\" content=\"summary_large_image\" \/>\n<meta name=\"twitter:label1\" content=\"Yazan:\" \/>\n\t<meta name=\"twitter:data1\" content=\"Edit\u00f6r\" \/>\n\t<meta name=\"twitter:label2\" content=\"Tahmini okuma s\u00fcresi\" \/>\n\t<meta name=\"twitter:data2\" content=\"2 dakika\" \/>\n<!-- \/ Yoast SEO Premium plugin. -->","yoast_head_json":{"title":"Acunmedya Akademi S\u0131f\u0131rdan Yaz\u0131l\u0131m Bootcamp'leri ba\u015fl\u0131yor!","description":"Techcareer.net, Acunmedya Akademi i\u015f birli\u011fiyle, programlamaya yeni ba\u015flayacaklar i\u00e7in muhte\u015fem bir f\u0131rsat sunuyor.","robots":{"index":"index","follow":"follow","max-snippet":"max-snippet:-1","max-image-preview":"max-image-preview:large","max-video-preview":"max-video-preview:-1"},"canonical":"https:\/\/www.kariyer.net\/kariyer-rehberi\/acunmedya-akademi-sifirdan-yazilim-bootcampleri-basliyor\/","og_locale":"tr_TR","og_type":"article","og_title":"Acunmedya Akademi S\u0131f\u0131rdan Yaz\u0131l\u0131m Bootcamp'leri ba\u015fl\u0131yor!","og_description":"Techcareer.net &amp; \u0130stanbul Ni\u015fanta\u015f\u0131 \u00dcniversitesi Acunmedya Akademi ile i\u015f birli\u011fiyle, programlamaya yeni ba\u015flayacaklar ve sekt\u00f6r de\u011fi\u015ftirmek","og_url":"https:\/\/www.kariyer.net\/kariyer-rehberi\/acunmedya-akademi-sifirdan-yazilim-bootcampleri-basliyor\/","og_site_name":"Kariyer Rehberi","article_published_time":"2024-05-31T12:07:16+00:00","article_modified_time":"2024-08-08T18:07:57+00:00","og_image":[{"width":900,"height":600,"url":"https:\/\/www.kariyer.net\/kariyer-rehberi\/wp-content\/uploads\/2024\/05\/acunmedya_techcareer.net_.jpg","type":"image\/jpeg"}],"author":"Edit\u00f6r","twitter_card":"summary_large_image","twitter_misc":{"Yazan:":"Edit\u00f6r","Tahmini okuma s\u00fcresi":"2 dakika"},"schema":{"@context":"https:\/\/schema.org","@graph":[{"@type":"Article","@id":"https:\/\/www.kariyer.net\/kariyer-rehberi\/acunmedya-akademi-sifirdan-yazilim-bootcampleri-basliyor\/#article","isPartOf":{"@id":"https:\/\/www.kariyer.net\/kariyer-rehberi\/acunmedya-akademi-sifirdan-yazilim-bootcampleri-basliyor\/"},"author":{"name":"Edit\u00f6r","@id":"https:\/\/www.kariyer.net\/kariyer-rehberi\/#\/schema\/person\/94fd6e49c7ff1b1b2565a2cc4fd685dd"},"headline":"Acunmedya Akademi S\u0131f\u0131rdan Yaz\u0131l\u0131m Bootcamp&#8217;leri ba\u015fl\u0131yor!","datePublished":"2024-05-31T12:07:16+00:00","dateModified":"2024-08-08T18:07:57+00:00","mainEntityOfPage":{"@id":"https:\/\/www.kariyer.net\/kariyer-rehberi\/acunmedya-akademi-sifirdan-yazilim-bootcampleri-basliyor\/"},"wordCount":364,"publisher":{"@id":"https:\/\/www.kariyer.net\/kariyer-rehberi\/#organization"},"image":{"@id":"https:\/\/www.kariyer.net\/kariyer-rehberi\/acunmedya-akademi-sifirdan-yazilim-bootcampleri-basliyor\/#primaryimage"},"thumbnailUrl":"https:\/\/www.kariyer.net\/kariyer-rehberi\/wp-content\/uploads\/2024\/05\/acunmedya_techcareer.net_.jpg","articleSection":["Ya\u015fam"],"inLanguage":"tr"},{"@type":"WebPage","@id":"https:\/\/www.kariyer.net\/kariyer-rehberi\/acunmedya-akademi-sifirdan-yazilim-bootcampleri-basliyor\/","url":"https:\/\/www.kariyer.net\/kariyer-rehberi\/acunmedya-akademi-sifirdan-yazilim-bootcampleri-basliyor\/","name":"Acunmedya Akademi S\u0131f\u0131rdan Yaz\u0131l\u0131m Bootcamp'leri ba\u015fl\u0131yor!","isPartOf":{"@id":"https:\/\/www.kariyer.net\/kariyer-rehberi\/#website"},"primaryImageOfPage":{"@id":"https:\/\/www.kariyer.net\/kariyer-rehberi\/acunmedya-akademi-sifirdan-yazilim-bootcampleri-basliyor\/#primaryimage"},"image":{"@id":"https:\/\/www.kariyer.net\/kariyer-rehberi\/acunmedya-akademi-sifirdan-yazilim-bootcampleri-basliyor\/#primaryimage"},"thumbnailUrl":"https:\/\/www.kariyer.net\/kariyer-rehberi\/wp-content\/uploads\/2024\/05\/acunmedya_techcareer.net_.jpg","datePublished":"2024-05-31T12:07:16+00:00","dateModified":"2024-08-08T18:07:57+00:00","description":"Techcareer.net, Acunmedya Akademi i\u015f birli\u011fiyle, programlamaya yeni ba\u015flayacaklar i\u00e7in muhte\u015fem bir f\u0131rsat sunuyor.","breadcrumb":{"@id":"https:\/\/www.kariyer.net\/kariyer-rehberi\/acunmedya-akademi-sifirdan-yazilim-bootcampleri-basliyor\/#breadcrumb"},"inLanguage":"tr","potentialAction":[{"@type":"ReadAction","target":["https:\/\/www.kariyer.net\/kariyer-rehberi\/acunmedya-akademi-sifirdan-yazilim-bootcampleri-basliyor\/"]}]},{"@type":"ImageObject","inLanguage":"tr","@id":"https:\/\/www.kariyer.net\/kariyer-rehberi\/acunmedya-akademi-sifirdan-yazilim-bootcampleri-basliyor\/#primaryimage","url":"https:\/\/www.kariyer.net\/kariyer-rehberi\/wp-content\/uploads\/2024\/05\/acunmedya_techcareer.net_.jpg","contentUrl":"https:\/\/www.kariyer.net\/kariyer-rehberi\/wp-content\/uploads\/2024\/05\/acunmedya_techcareer.net_.jpg","width":900,"height":600},{"@type":"BreadcrumbList","@id":"https:\/\/www.kariyer.net\/kariyer-rehberi\/acunmedya-akademi-sifirdan-yazilim-bootcampleri-basliyor\/#breadcrumb","itemListElement":[{"@type":"ListItem","position":1,"name":"Anasayfa","item":"https:\/\/www.kariyer.net\/kariyer-rehberi\/"},{"@type":"ListItem","position":2,"name":"Acunmedya Akademi S\u0131f\u0131rdan Yaz\u0131l\u0131m Bootcamp&#8217;leri ba\u015fl\u0131yor!"}]},{"@type":"WebSite","@id":"https:\/\/www.kariyer.net\/kariyer-rehberi\/#website","url":"https:\/\/www.kariyer.net\/kariyer-rehberi\/","name":"Kariyer Rehberi","description":"\u0130\u015f D\u00fcnyas\u0131yla \u0130lgili Bilmek \u0130stedi\u011finiz Her \u015eey","publisher":{"@id":"https:\/\/www.kariyer.net\/kariyer-rehberi\/#organization"},"potentialAction":[{"@type":"SearchAction","target":{"@type":"EntryPoint","urlTemplate":"https:\/\/www.kariyer.net\/kariyer-rehberi\/?s={search_term_string}"},"query-input":{"@type":"PropertyValueSpecification","valueRequired":true,"valueName":"search_term_string"}}],"inLanguage":"tr"},{"@type":"Organization","@id":"https:\/\/www.kariyer.net\/kariyer-rehberi\/#organization","name":"Kariyer.net","url":"https:\/\/www.kariyer.net\/kariyer-rehberi\/","logo":{"@type":"ImageObject","inLanguage":"tr","@id":"https:\/\/www.kariyer.net\/kariyer-rehberi\/#\/schema\/logo\/image\/","url":"https:\/\/www.kariyer.net\/kariyer-rehberi-new\/wp-content\/uploads\/2023\/01\/og-image11.jpg","contentUrl":"https:\/\/www.kariyer.net\/kariyer-rehberi-new\/wp-content\/uploads\/2023\/01\/og-image11.jpg","width":800,"height":800,"caption":"Kariyer.net"},"image":{"@id":"https:\/\/www.kariyer.net\/kariyer-rehberi\/#\/schema\/logo\/image\/"}},{"@type":"Person","@id":"https:\/\/www.kariyer.net\/kariyer-rehberi\/#\/schema\/person\/94fd6e49c7ff1b1b2565a2cc4fd685dd","name":"Edit\u00f6r","image":{"@type":"ImageObject","inLanguage":"tr","@id":"https:\/\/www.kariyer.net\/kariyer-rehberi\/#\/schema\/person\/image\/","url":"https:\/\/secure.gravatar.com\/avatar\/0c4fe6688343aed3693b15573beae12c08ace5565409d5ab7509bf9c115f458d?s=96&d=mm&r=g","contentUrl":"https:\/\/secure.gravatar.com\/avatar\/0c4fe6688343aed3693b15573beae12c08ace5565409d5ab7509bf9c115f458d?s=96&d=mm&r=g","caption":"Edit\u00f6r"},"url":"https:\/\/www.kariyer.net\/kariyer-rehberi\/author\/editor\/"}]}},"_links":{"self":[{"href":"https:\/\/www.kariyer.net\/kariyer-rehberi\/wp-json\/wp\/v2\/posts\/18227","targetHints":{"allow":["GET"]}}],"collection":[{"href":"https:\/\/www.kariyer.net\/kariyer-rehberi\/wp-json\/wp\/v2\/posts"}],"about":[{"href":"https:\/\/www.kariyer.net\/kariyer-rehberi\/wp-json\/wp\/v2\/types\/post"}],"author":[{"embeddable":true,"href":"https:\/\/www.kariyer.net\/kariyer-rehberi\/wp-json\/wp\/v2\/users\/12"}],"replies":[{"embeddable":true,"href":"https:\/\/www.kariyer.net\/kariyer-rehberi\/wp-json\/wp\/v2\/comments?post=18227"}],"version-history":[{"count":1,"href":"https:\/\/www.kariyer.net\/kariyer-rehberi\/wp-json\/wp\/v2\/posts\/18227\/revisions"}],"predecessor-version":[{"id":20634,"href":"https:\/\/www.kariyer.net\/kariyer-rehberi\/wp-json\/wp\/v2\/posts\/18227\/revisions\/20634"}],"wp:featuredmedia":[{"embeddable":true,"href":"https:\/\/www.kariyer.net\/kariyer-rehberi\/wp-json\/wp\/v2\/media\/18228"}],"wp:attachment":[{"href":"https:\/\/www.kariyer.net\/kariyer-rehberi\/wp-json\/wp\/v2\/media?parent=18227"}],"wp:term":[{"taxonomy":"category","embeddable":true,"href":"https:\/\/www.kariyer.net\/kariyer-rehberi\/wp-json\/wp\/v2\/categories?post=18227"},{"taxonomy":"post_tag","embeddable":true,"href":"https:\/\/www.kariyer.net\/kariyer-rehberi\/wp-json\/wp\/v2\/tags?post=18227"}],"curies":[{"name":"wp","href":"https:\/\/api.w.org\/{rel}","templated":true}]}}