{"id":18284,"date":"2024-06-27T04:31:50","date_gmt":"2024-06-27T01:31:50","guid":{"rendered":"https:\/\/www.kariyer.net\/kariyer-rehberi-new\/?p=18284"},"modified":"2025-06-23T15:40:58","modified_gmt":"2025-06-23T12:40:58","slug":"3-mukemmel-onyazi-ornegi-2","status":"publish","type":"post","link":"https:\/\/www.kariyer.net\/kariyer-rehberi\/3-mukemmel-onyazi-ornegi-2\/","title":{"rendered":"3 m\u00fckemmel \u00f6nyaz\u0131 \u00f6rne\u011fi"},"content":{"rendered":"<p><strong>\u00d6nyaz\u0131 bir y\u00f6neticiyi etkilemek i\u00e7in ele ge\u00e7en ilk f\u0131rsat. CV i\u00e7in sadece koruyucu bir ceket g\u00f6revini g\u00f6rm\u00fcyor, ne kadar yarat\u0131c\u0131 olabilece\u011fini, i\u015fi ne kadar istedi\u011fini ve sekt\u00f6re ne kadar hakim oldu\u011funu da g\u00f6steriyor. Senin i\u00e7in The Guardian gazetesinde yay\u0131nlanan, \u015firketlerin i\u015fe al\u0131mda etkilendikleri 3 m\u00fckemmel \u00f6nyaz\u0131 \u00f6rne\u011fini inceledik.<\/strong><\/p>\n<p>Potansiyel i\u015fverenin sana dair ilk izlenimi <span style=\"text-decoration: underline;\"><strong><a href=\"http:\/\/www.kariyer.net\/kariyer-rehberi\/onyazinin-7-faydasi\/\" target=\"_blank\" rel=\"noopener\">\u00f6n yaz\u0131<\/a><\/strong><\/span> ile olu\u015fuyor. Fark\u0131n\u0131 ortaya koyup kalabal\u0131k aday listesinden s\u0131yr\u0131lmanda \u00e7ok \u00f6nemli olan bu k\u0131sa ama \u00e7ok de\u011ferli yaz\u0131ya \u00f6zen g\u00f6stermek ve detaylara dikkat etmek \u015fart. E\u011fer sen de CV d\u00fczenlemeye saatler ay\u0131r\u0131rken <strong>\u00f6nyaz\u0131<\/strong> yazmada tak\u0131l\u0131yor, nas\u0131l bir ifade kullanaca\u011f\u0131n\u0131z\u0131 bilmiyorsan, sana sunaca\u011f\u0131m\u0131z \u00f6rnekler i\u015fine yarayabilir.<\/p>\n<p>\u0130\u015fte The Guardian&#8217;a g\u00f6re dikkat \u00e7eken 3 m\u00fckemmel <strong><a href=\"http:\/\/www.kariyer.net\/kariyer-rehberi\/etkili-bir-on-yazi-icin-10-ipucu\/\" target=\"_blank\" rel=\"noopener\">\u00f6nyaz\u0131<\/a><\/strong> \u00f6rne\u011fi:<\/p>\n<h2><strong>\u00d6nyaz\u0131 1<\/strong><\/h2>\n<p><em>Bu \u00f6nyaz\u0131 formu, standart kal\u0131p olarak kullan\u0131l\u0131p i\u00e7eri\u011fi zenginle\u015ftirilebilir.<\/em><\/p>\n<p>Say\u0131n\u2026,<\/p>\n<p>Firman\u0131zda \u2026.. pozisyonu i\u00e7in iletti\u011fim <strong>CV\u2019mi<\/strong> ekte bulabilirsiniz.<\/p>\n<p>E\u011fitim hayat\u0131m a\u00e7t\u0131\u011f\u0131n\u0131z pozisyonun gerektirdi\u011fi altyap\u0131y\u0131 bana sa\u011flad\u0131. E\u011fitim s\u00fcrecim i\u00e7erisinde ara\u015ft\u0131rma, \u00f6z motivasyon, giri\u015fimcilik ve farkl\u0131 yetenekler edinme noktas\u0131nda kendimi geli\u015ftirdim. \u00d6zge\u00e7mi\u015fimde\u00a0de g\u00f6rebilece\u011finiz gibi farkl\u0131 e\u011fitimlerle ve yapt\u0131\u011f\u0131m bireysel ara\u015ft\u0131rmalarla kendimi i\u015f hayat\u0131na haz\u0131rlad\u0131m.<\/p>\n<p>\u0130\u015f ya\u015fam\u0131nda efektif ve h\u0131zl\u0131 olmak konusunda son derece \u00f6zverili ve hevesli oldu\u011fumu, pozisyonun gerektirdi\u011fi sorumlulu\u011fu merak ve istekle \u00fczerime almak istedi\u011fimi belirtmek isterim. \u0130stekli, \u00f6zenli ve dikkatli \u00e7al\u0131\u015fman\u0131n mutlaka ba\u015far\u0131 ile sonu\u00e7lanaca\u011f\u0131n\u0131n bilincindeyim. Bu nedenle size yeteneklerim ve \u00e7al\u0131\u015fma disiplinim ile katk\u0131 sa\u011flayabilece\u011fim noktas\u0131nda \u015f\u00fcphem yok.<\/p>\n<p>\u00d6nyaz\u0131m\u0131 okumaya ve CV\u2019mi incelemeye vakit ay\u0131rd\u0131\u011f\u0131n\u0131z i\u00e7in te\u015fekk\u00fcr ederim. Yak\u0131n zamanda sizden olumlu haberler almay\u0131 diliyorum.<\/p>\n<p>Sayg\u0131lar\u0131mla,<\/p>\n<h2><strong>\u00d6nyaz\u0131 2<\/strong><\/h2>\n<p><em>E\u011fer firmada ileride olu\u015fabilecek bir pozisyonla ilgileniyorsan\u2026<\/em><\/p>\n<p>Say\u0131n ..\u2026,<\/p>\n<p>Firman\u0131zda (ilgili) alanda bir pozisyon a\u00e7\u0131\u011f\u0131 s\u00f6z konusu oldu\u011funda de\u011ferlendirmeniz ad\u0131na CV\u2019mi ekte iletiyorum.<\/p>\n<p>E\u011fitim hayat\u0131m ve tecr\u00fcbelerim do\u011frultusunda farkl\u0131 insanlarla birlikte \u00e7al\u0131\u015fma, bir tak\u0131mda yer alma ve birlikte \u00fcretebilmeyi \u00f6\u011frenme f\u0131rsat\u0131m oldu. Bu nedenle tak\u0131m\u0131n\u0131za kolayl\u0131kla adapte olaca\u011f\u0131m\u0131 d\u00fc\u015f\u00fcn\u00fcyorum.<\/p>\n<p>\u0130\u015fini severek yapan ve detaylar\u0131 \u00e7ok \u00f6nemseyen biriyim. \u0130nsan ili\u015fkileri noktas\u0131nda esnek olman\u0131n bana verimlilik olarak geri d\u00f6nd\u00fc\u011f\u00fcn\u00fc s\u0131kl\u0131kla tecr\u00fcbe ettim. Yeni \u015feyler \u00f6\u011frenmeyi, yeteneklerimi geli\u015ftirmeyi \u00e7ok \u00f6nemsiyor, bu ama\u00e7la insan ili\u015fkilerinin \u00f6\u011freticili\u011finden faydalanmak gerekti\u011fini d\u00fc\u015f\u00fcn\u00fcyorum. Ekibimdeki insanlarla bilgi al\u0131\u015fveri\u015finde bulunmak benim i\u00e7in bu nedenle \u00e7ok \u00f6nemli.<\/p>\n<p>Fikir geli\u015ftirmenin zihni, dolay\u0131s\u0131yla bedeni s\u00fcrekli aktif tuttu\u011funun bilincinde olarak hem i\u015f hem de bireysel hayatta yarat\u0131c\u0131 olman\u0131n\u00a0\u00f6nemli oldu\u011funu d\u00fc\u015f\u00fcn\u00fcyorum. S\u0131k s\u0131k not ald\u0131\u011f\u0131m taze fikirlerim var ve bunu kurumunuza katk\u0131da bulunma noktas\u0131nda kullanmak i\u00e7in sab\u0131rs\u0131zlan\u0131yorum.<\/p>\n<p>\u015eu an i\u00e7in istedi\u011fim pozisyonda a\u00e7\u0131k olmad\u0131\u011f\u0131n\u0131 biliyorum, fakat gelecekte olu\u015fabilecek \u00e7al\u0131\u015fan ihtiyac\u0131n\u0131z i\u00e7in <strong>CV\u2019mi<\/strong> saklarsan\u0131z \u00e7ok sevinirim.<\/p>\n<p>Bir g\u00fcn birlikte \u00e7al\u0131\u015fmak dile\u011fiyle,<\/p>\n<p><a href=\"https:\/\/www.kariyer.net\/aday\/uyeol?utm_source=aday&amp;utm_medium=banner&amp;utm_campaign=kariyer_rehberi_uyelik_banner_en_uygun_is\"><img fetchpriority=\"high\" decoding=\"async\" class=\"alignnone size-full wp-image-21509\" src=\"https:\/\/www.kariyer.net\/kariyer-rehberi\/wp-content\/uploads\/2024\/06\/1140x192-1.png\" alt=\"\" width=\"1140\" height=\"192\" srcset=\"https:\/\/www.kariyer.net\/kariyer-rehberi\/wp-content\/uploads\/2024\/06\/1140x192-1.png 1140w, https:\/\/www.kariyer.net\/kariyer-rehberi\/wp-content\/uploads\/2024\/06\/1140x192-1-300x51.png 300w, https:\/\/www.kariyer.net\/kariyer-rehberi\/wp-content\/uploads\/2024\/06\/1140x192-1-1024x172.png 1024w, https:\/\/www.kariyer.net\/kariyer-rehberi\/wp-content\/uploads\/2024\/06\/1140x192-1-768x129.png 768w, https:\/\/www.kariyer.net\/kariyer-rehberi\/wp-content\/uploads\/2024\/06\/1140x192-1-450x76.png 450w, https:\/\/www.kariyer.net\/kariyer-rehberi\/wp-content\/uploads\/2024\/06\/1140x192-1-780x131.png 780w\" sizes=\"(max-width: 1140px) 100vw, 1140px\" \/><\/a><\/p>\n<h2><strong>\u00d6nyaz\u0131 3<\/strong><\/h2>\n<p><em>E\u011fer ba\u015fvuraca\u011f\u0131n i\u015f daha esnekse ve yarat\u0131c\u0131l\u0131k i\u00e7eriyorsa a\u015fa\u011f\u0131da <strong><a href=\"http:\/\/www.kariyer.net\/is-ilanlari\/editor\" target=\"_blank\" rel=\"noopener\">edit\u00f6rl\u00fck pozisyonu<\/a><\/strong> i\u00e7in yaz\u0131lm\u0131\u015f \u00f6nyaz\u0131 \u00f6rne\u011fini incelemekte fayda var.<\/em><\/p>\n<p>Say\u0131n ..\u2026,<\/p>\n<ul>\n<li>S\u0131k kullan\u0131lan virg\u00fcllerden s\u0131k\u0131ld\u0131n\u0131z m\u0131?<\/li>\n<li>Gereksiz buldu\u011funuz onlarca parantez mi var?<\/li>\n<li>\u0130mla hatalar\u0131 size pes mi dedirtiyor?<\/li>\n<li>B\u0131kt\u0131n\u0131z m\u0131? \u00c7ok mu sinirlisiniz?<\/li>\n<\/ul>\n<p>Evet, maalesef yaln\u0131z de\u011filsiniz. G\u00fcn ge\u00e7tik\u00e7e iyi ve \u00f6zenli yazan insanlar\u0131n say\u0131s\u0131 azal\u0131yor. Oysa h\u00e2l\u00e2 keyifli bir \u015fekilde iyi \u015feyler okumak isteyen milyonlarca insan var. Bu nedenle diyebiliriz ki iyi bir edit\u00f6r olman\u0131n sorumlulu\u011fu bas\u0131lan yay\u0131n\u0131n ula\u015ft\u0131\u011f\u0131 kitlenin geni\u015fli\u011fi oran\u0131nda b\u00fcy\u00fcyor.<\/p>\n<p>Neden ben?<\/p>\n<p>\u00c7\u00fcnk\u00fc iyi bir edit\u00f6r demek daha az masraf demek. Yanl\u0131\u015f bas\u0131lan yay\u0131n\u00a0organ\u0131n\u0131n\u00a0size neye mal oldu\u011funu \u00e7ok iyi biliyorum. Bu nedenle i\u015fim, i\u015fin do\u011fru olmas\u0131 ad\u0131na t\u00fcm dikkatimi vermek ve \u00f6zen g\u00f6stermek.<\/p>\n<p>Edit\u00f6r demek sadece do\u011fru yaz\u0131m kurallar\u0131n\u0131 uygulamak de\u011fil, ayn\u0131 zamanda da iyi yazmak. Size \u015fu an yazd\u0131klar\u0131m\u0131n i\u00e7ini doldurmak ve nas\u0131l yazd\u0131\u011f\u0131m\u0131 g\u00f6stermek ad\u0131na ekte \u00e7al\u0131\u015fmalar\u0131m\u0131 yolluyorum. Ayr\u0131ca \u2026. adl\u0131 bloguma t\u0131klayarak yaz\u0131 d\u00fcnyamda bir gezintiye \u00e7\u0131kabilirsiniz.<\/p>\n<p>E\u011fer sizinle birlikte \u00e7al\u0131\u015fma hayalim ger\u00e7ek olursa, ka\u011f\u0131tlar bask\u0131 makinesinin i\u00e7inde h\u0131zl\u0131 h\u0131zl\u0131 d\u00f6nerken huzurla uyuyabilece\u011finizi garanti ederim.<\/p>\n<p>G\u00fczel haberlerinizi bekliyorum.<\/p>\n<p>Sayg\u0131lar\u0131mla,<\/p>\n<!-- templates\/buttons-placeholder.php -->\n<div class=\"da-reactions-outer TpostID18284\">\n\t    <div class=\"da-reactions-data da-reactions-container-async center\"\n         data-type=\"post\"\n         data-id=\"18284\"\n         id=\"da-reactions-slot-post-18284\">\n        <div class=\"da-reactions-static\">\n\t\t\t<img src=\"https:\/\/www.kariyer.net\/kariyer-rehberi\/wp-content\/plugins\/da-reactions\/assets\/dist\/loading.svg\" alt=\"Loading spinner\" width=\"48\" height=\"48\" style=\"width:48px\" \/>\n        <\/div>\n    <\/div>\n<\/div>\n","protected":false},"excerpt":{"rendered":"<p>\u00d6nyaz\u0131 bir y\u00f6neticiyi etkilemek i\u00e7in ele ge\u00e7en ilk f\u0131rsat. CV i\u00e7in sadece koruyucu bir ceket g\u00f6revini g\u00f6rm\u00fcyor, ne kadar yarat\u0131c\u0131 olabilece\u011fini, i\u015fi ne kadar istedi\u011fini ve sekt\u00f6re ne kadar hakim oldu\u011funu da g\u00f6steriyor. Senin i\u00e7in The Guardian gazetesinde yay\u0131nlanan, \u015firketlerin i\u015fe al\u0131mda etkilendikleri 3 m\u00fckemmel \u00f6nyaz\u0131 \u00f6rne\u011fini inceledik. Potansiyel i\u015fverenin sana dair ilk izlenimi \u00f6n [&hellip;]<\/p>\n<!-- templates\/buttons-placeholder.php -->\n<div class=\"da-reactions-outer TpostID18284\">\n\t    <div class=\"da-reactions-data da-reactions-container-async center\"\n         data-type=\"post\"\n         data-id=\"18284\"\n         id=\"da-reactions-slot-post-18284\">\n        <div class=\"da-reactions-static\">\n\t\t\t<img src=\"https:\/\/www.kariyer.net\/kariyer-rehberi\/wp-content\/plugins\/da-reactions\/assets\/dist\/loading.svg\" alt=\"Loading spinner\" width=\"48\" height=\"48\" style=\"width:48px\" \/>\n        <\/div>\n    <\/div>\n<\/div>\n","protected":false},"author":18,"featured_media":18285,"comment_status":"closed","ping_status":"open","sticky":false,"template":"","format":"standard","meta":{"footnotes":"","_elementor_edit_mode":"","_elementor_template_type":"","_elementor_data":"","_elementor_page_settings":null,"_elementor_conditions":[]},"categories":[36,34],"tags":[959,2221,2230,2220,2224],"class_list":{"0":"post-18284","1":"post","2":"type-post","3":"status-publish","4":"format-standard","5":"has-post-thumbnail","7":"category-onyazi","8":"category-oz-gecmis","9":"tag-beyaz-yaka","10":"tag-mulakat-ve-is-gorusmesi","11":"tag-tecrube-eklenmemis","12":"tag-tecrubeli","13":"tag-tecrubesiz"},"yoast_head":"<!-- This site is optimized with the Yoast SEO Premium plugin v21.4 (Yoast SEO v27.0) - https:\/\/yoast.com\/product\/yoast-seo-premium-wordpress\/ -->\n<title>3 m\u00fckemmel \u00f6nyaz\u0131 \u00f6rne\u011fi<\/title>\n<meta name=\"description\" content=\"&quot;3 m\u00fckemmel \u00f6nyaz\u0131 \u00f6rne\u011fi&quot; yaz\u0131m\u0131zda \u015firketlerin\u00a0i\u015fe al\u0131mda etkilendikleri \u00fc\u00e7 \u00f6nyaz\u0131 \u00f6rne\u011fini inceledik. Detaylar i\u00e7in hemen t\u0131kla!\" \/>\n<meta name=\"robots\" content=\"index, follow, max-snippet:-1, max-image-preview:large, max-video-preview:-1\" \/>\n<link rel=\"canonical\" href=\"https:\/\/www.kariyer.net\/kariyer-rehberi\/3-mukemmel-onyazi-ornegi-2\/\" \/>\n<meta property=\"og:locale\" content=\"tr_TR\" \/>\n<meta property=\"og:type\" content=\"article\" \/>\n<meta property=\"og:title\" content=\"3 m\u00fckemmel \u00f6nyaz\u0131 \u00f6rne\u011fi\" \/>\n<meta property=\"og:description\" content=\"\u00d6nyaz\u0131 bir y\u00f6neticiyi etkilemek i\u00e7in ele ge\u00e7en ilk f\u0131rsat. CV i\u00e7in sadece koruyucu bir ceket g\u00f6revini g\u00f6rm\u00fcyor, ne kadar yarat\u0131c\u0131 olabilece\u011fini, i\u015fi ne\" \/>\n<meta property=\"og:url\" content=\"https:\/\/www.kariyer.net\/kariyer-rehberi\/3-mukemmel-onyazi-ornegi-2\/\" \/>\n<meta property=\"og:site_name\" content=\"Kariyer Rehberi\" \/>\n<meta property=\"article:published_time\" content=\"2024-06-27T01:31:50+00:00\" \/>\n<meta property=\"article:modified_time\" content=\"2025-06-23T12:40:58+00:00\" \/>\n<meta property=\"og:image\" content=\"https:\/\/www.kariyer.net\/kariyer-rehberi\/wp-content\/uploads\/2024\/07\/onyazi_ornekleri1.jpg\" \/>\n\t<meta property=\"og:image:width\" content=\"900\" \/>\n\t<meta property=\"og:image:height\" content=\"614\" \/>\n\t<meta property=\"og:image:type\" content=\"image\/jpeg\" \/>\n<meta name=\"author\" content=\"\u00c7i\u011fdem \u00c7al\u0131k\" \/>\n<meta name=\"twitter:card\" content=\"summary_large_image\" \/>\n<meta name=\"twitter:label1\" content=\"Yazan:\" \/>\n\t<meta name=\"twitter:data1\" content=\"\u00c7i\u011fdem \u00c7al\u0131k\" \/>\n\t<meta name=\"twitter:label2\" content=\"Tahmini okuma s\u00fcresi\" \/>\n\t<meta name=\"twitter:data2\" content=\"4 dakika\" \/>\n<!-- \/ Yoast SEO Premium plugin. -->","yoast_head_json":{"title":"3 m\u00fckemmel \u00f6nyaz\u0131 \u00f6rne\u011fi","description":"\"3 m\u00fckemmel \u00f6nyaz\u0131 \u00f6rne\u011fi\" yaz\u0131m\u0131zda \u015firketlerin\u00a0i\u015fe al\u0131mda etkilendikleri \u00fc\u00e7 \u00f6nyaz\u0131 \u00f6rne\u011fini inceledik. Detaylar i\u00e7in hemen t\u0131kla!","robots":{"index":"index","follow":"follow","max-snippet":"max-snippet:-1","max-image-preview":"max-image-preview:large","max-video-preview":"max-video-preview:-1"},"canonical":"https:\/\/www.kariyer.net\/kariyer-rehberi\/3-mukemmel-onyazi-ornegi-2\/","og_locale":"tr_TR","og_type":"article","og_title":"3 m\u00fckemmel \u00f6nyaz\u0131 \u00f6rne\u011fi","og_description":"\u00d6nyaz\u0131 bir y\u00f6neticiyi etkilemek i\u00e7in ele ge\u00e7en ilk f\u0131rsat. CV i\u00e7in sadece koruyucu bir ceket g\u00f6revini g\u00f6rm\u00fcyor, ne kadar yarat\u0131c\u0131 olabilece\u011fini, i\u015fi ne","og_url":"https:\/\/www.kariyer.net\/kariyer-rehberi\/3-mukemmel-onyazi-ornegi-2\/","og_site_name":"Kariyer Rehberi","article_published_time":"2024-06-27T01:31:50+00:00","article_modified_time":"2025-06-23T12:40:58+00:00","og_image":[{"width":900,"height":614,"url":"https:\/\/www.kariyer.net\/kariyer-rehberi\/wp-content\/uploads\/2024\/07\/onyazi_ornekleri1.jpg","type":"image\/jpeg"}],"author":"\u00c7i\u011fdem \u00c7al\u0131k","twitter_card":"summary_large_image","twitter_misc":{"Yazan:":"\u00c7i\u011fdem \u00c7al\u0131k","Tahmini okuma s\u00fcresi":"4 dakika"},"schema":{"@context":"https:\/\/schema.org","@graph":[{"@type":"Article","@id":"https:\/\/www.kariyer.net\/kariyer-rehberi\/3-mukemmel-onyazi-ornegi-2\/#article","isPartOf":{"@id":"https:\/\/www.kariyer.net\/kariyer-rehberi\/3-mukemmel-onyazi-ornegi-2\/"},"author":{"name":"\u00c7i\u011fdem \u00c7al\u0131k","@id":"https:\/\/www.kariyer.net\/kariyer-rehberi\/#\/schema\/person\/ef9a2dc2672d3e7352225313b455b447"},"headline":"3 m\u00fckemmel \u00f6nyaz\u0131 \u00f6rne\u011fi","datePublished":"2024-06-27T01:31:50+00:00","dateModified":"2025-06-23T12:40:58+00:00","mainEntityOfPage":{"@id":"https:\/\/www.kariyer.net\/kariyer-rehberi\/3-mukemmel-onyazi-ornegi-2\/"},"wordCount":841,"publisher":{"@id":"https:\/\/www.kariyer.net\/kariyer-rehberi\/#organization"},"image":{"@id":"https:\/\/www.kariyer.net\/kariyer-rehberi\/3-mukemmel-onyazi-ornegi-2\/#primaryimage"},"thumbnailUrl":"https:\/\/www.kariyer.net\/kariyer-rehberi\/wp-content\/uploads\/2024\/07\/onyazi_ornekleri1.jpg","keywords":["beyaz yaka","M\u00fclakat ve \u0130\u015f G\u00f6r\u00fc\u015fmesi","tecr\u00fcbe eklenmemi\u015f","Tecr\u00fcbeli","tecr\u00fcbesiz"],"articleSection":["\u00d6nyaz\u0131","\u00d6zge\u00e7mi\u015f"],"inLanguage":"tr"},{"@type":"WebPage","@id":"https:\/\/www.kariyer.net\/kariyer-rehberi\/3-mukemmel-onyazi-ornegi-2\/","url":"https:\/\/www.kariyer.net\/kariyer-rehberi\/3-mukemmel-onyazi-ornegi-2\/","name":"3 m\u00fckemmel \u00f6nyaz\u0131 \u00f6rne\u011fi","isPartOf":{"@id":"https:\/\/www.kariyer.net\/kariyer-rehberi\/#website"},"primaryImageOfPage":{"@id":"https:\/\/www.kariyer.net\/kariyer-rehberi\/3-mukemmel-onyazi-ornegi-2\/#primaryimage"},"image":{"@id":"https:\/\/www.kariyer.net\/kariyer-rehberi\/3-mukemmel-onyazi-ornegi-2\/#primaryimage"},"thumbnailUrl":"https:\/\/www.kariyer.net\/kariyer-rehberi\/wp-content\/uploads\/2024\/07\/onyazi_ornekleri1.jpg","datePublished":"2024-06-27T01:31:50+00:00","dateModified":"2025-06-23T12:40:58+00:00","description":"\"3 m\u00fckemmel \u00f6nyaz\u0131 \u00f6rne\u011fi\" yaz\u0131m\u0131zda \u015firketlerin\u00a0i\u015fe al\u0131mda etkilendikleri \u00fc\u00e7 \u00f6nyaz\u0131 \u00f6rne\u011fini inceledik. Detaylar i\u00e7in hemen t\u0131kla!","breadcrumb":{"@id":"https:\/\/www.kariyer.net\/kariyer-rehberi\/3-mukemmel-onyazi-ornegi-2\/#breadcrumb"},"inLanguage":"tr","potentialAction":[{"@type":"ReadAction","target":["https:\/\/www.kariyer.net\/kariyer-rehberi\/3-mukemmel-onyazi-ornegi-2\/"]}]},{"@type":"ImageObject","inLanguage":"tr","@id":"https:\/\/www.kariyer.net\/kariyer-rehberi\/3-mukemmel-onyazi-ornegi-2\/#primaryimage","url":"https:\/\/www.kariyer.net\/kariyer-rehberi\/wp-content\/uploads\/2024\/07\/onyazi_ornekleri1.jpg","contentUrl":"https:\/\/www.kariyer.net\/kariyer-rehberi\/wp-content\/uploads\/2024\/07\/onyazi_ornekleri1.jpg","width":900,"height":614,"caption":"3 m\u00fckemmel \u00f6nyaz\u0131 \u00f6rne\u011fi"},{"@type":"BreadcrumbList","@id":"https:\/\/www.kariyer.net\/kariyer-rehberi\/3-mukemmel-onyazi-ornegi-2\/#breadcrumb","itemListElement":[{"@type":"ListItem","position":1,"name":"Anasayfa","item":"https:\/\/www.kariyer.net\/kariyer-rehberi\/"},{"@type":"ListItem","position":2,"name":"3 m\u00fckemmel \u00f6nyaz\u0131 \u00f6rne\u011fi"}]},{"@type":"WebSite","@id":"https:\/\/www.kariyer.net\/kariyer-rehberi\/#website","url":"https:\/\/www.kariyer.net\/kariyer-rehberi\/","name":"Kariyer Rehberi","description":"\u0130\u015f D\u00fcnyas\u0131yla \u0130lgili Bilmek \u0130stedi\u011finiz Her \u015eey","publisher":{"@id":"https:\/\/www.kariyer.net\/kariyer-rehberi\/#organization"},"potentialAction":[{"@type":"SearchAction","target":{"@type":"EntryPoint","urlTemplate":"https:\/\/www.kariyer.net\/kariyer-rehberi\/?s={search_term_string}"},"query-input":{"@type":"PropertyValueSpecification","valueRequired":true,"valueName":"search_term_string"}}],"inLanguage":"tr"},{"@type":"Organization","@id":"https:\/\/www.kariyer.net\/kariyer-rehberi\/#organization","name":"Kariyer.net","url":"https:\/\/www.kariyer.net\/kariyer-rehberi\/","logo":{"@type":"ImageObject","inLanguage":"tr","@id":"https:\/\/www.kariyer.net\/kariyer-rehberi\/#\/schema\/logo\/image\/","url":"https:\/\/www.kariyer.net\/kariyer-rehberi-new\/wp-content\/uploads\/2023\/01\/og-image11.jpg","contentUrl":"https:\/\/www.kariyer.net\/kariyer-rehberi-new\/wp-content\/uploads\/2023\/01\/og-image11.jpg","width":800,"height":800,"caption":"Kariyer.net"},"image":{"@id":"https:\/\/www.kariyer.net\/kariyer-rehberi\/#\/schema\/logo\/image\/"}},{"@type":"Person","@id":"https:\/\/www.kariyer.net\/kariyer-rehberi\/#\/schema\/person\/ef9a2dc2672d3e7352225313b455b447","name":"\u00c7i\u011fdem \u00c7al\u0131k","image":{"@type":"ImageObject","inLanguage":"tr","@id":"https:\/\/www.kariyer.net\/kariyer-rehberi\/#\/schema\/person\/image\/","url":"https:\/\/secure.gravatar.com\/avatar\/f270bbc5e4e6373aef80de8e9e55d27516cac7be363ef3b53ec26b94063ede66?s=96&d=mm&r=g","contentUrl":"https:\/\/secure.gravatar.com\/avatar\/f270bbc5e4e6373aef80de8e9e55d27516cac7be363ef3b53ec26b94063ede66?s=96&d=mm&r=g","caption":"\u00c7i\u011fdem \u00c7al\u0131k"},"description":"Ege \u00dcniversitesi\u2019nin ard\u0131ndan Galatasaray \u00dcniversitesi Radyo, Sinema, TV b\u00f6l\u00fcm\u00fcnden mezun oldu. Meslek hayat\u0131na reklam yazarl\u0131\u011f\u0131yla ba\u015flad\u0131. D\u00f6rt y\u0131ll\u0131k reklam d\u00fcnyas\u0131 deneyiminden sonra \u00e7e\u015fitli web sitelerinde k\u0131demli edit\u00f6r olarak \u00e7al\u0131\u015ft\u0131. 2015 y\u0131l\u0131nda Kariyer.net\u2019e i\u00e7erik y\u00f6neticisi olarak kat\u0131ld\u0131. \u0130K Blog, Kariyer Rehberi ve Kariyer Dergi i\u00e7in i\u00e7erik \u00fcretiyor.","sameAs":["http:\/\/www.kariyer.net\/kariyer-rehberi\/?p=6323"],"url":"https:\/\/www.kariyer.net\/kariyer-rehberi\/author\/cigdemcalik\/"}]}},"_links":{"self":[{"href":"https:\/\/www.kariyer.net\/kariyer-rehberi\/wp-json\/wp\/v2\/posts\/18284","targetHints":{"allow":["GET"]}}],"collection":[{"href":"https:\/\/www.kariyer.net\/kariyer-rehberi\/wp-json\/wp\/v2\/posts"}],"about":[{"href":"https:\/\/www.kariyer.net\/kariyer-rehberi\/wp-json\/wp\/v2\/types\/post"}],"author":[{"embeddable":true,"href":"https:\/\/www.kariyer.net\/kariyer-rehberi\/wp-json\/wp\/v2\/users\/18"}],"replies":[{"embeddable":true,"href":"https:\/\/www.kariyer.net\/kariyer-rehberi\/wp-json\/wp\/v2\/comments?post=18284"}],"version-history":[{"count":4,"href":"https:\/\/www.kariyer.net\/kariyer-rehberi\/wp-json\/wp\/v2\/posts\/18284\/revisions"}],"predecessor-version":[{"id":22341,"href":"https:\/\/www.kariyer.net\/kariyer-rehberi\/wp-json\/wp\/v2\/posts\/18284\/revisions\/22341"}],"wp:featuredmedia":[{"embeddable":true,"href":"https:\/\/www.kariyer.net\/kariyer-rehberi\/wp-json\/wp\/v2\/media\/18285"}],"wp:attachment":[{"href":"https:\/\/www.kariyer.net\/kariyer-rehberi\/wp-json\/wp\/v2\/media?parent=18284"}],"wp:term":[{"taxonomy":"category","embeddable":true,"href":"https:\/\/www.kariyer.net\/kariyer-rehberi\/wp-json\/wp\/v2\/categories?post=18284"},{"taxonomy":"post_tag","embeddable":true,"href":"https:\/\/www.kariyer.net\/kariyer-rehberi\/wp-json\/wp\/v2\/tags?post=18284"}],"curies":[{"name":"wp","href":"https:\/\/api.w.org\/{rel}","templated":true}]}}