{"id":1841,"date":"2007-12-02T02:00:00","date_gmt":"2007-12-02T00:00:00","guid":{"rendered":"http:\/\/92.45.35.169\/izmir-istanbula-gore-cok-daha-ucuz-ve-stressiz\/"},"modified":"2024-08-08T21:10:16","modified_gmt":"2024-08-08T18:10:16","slug":"izmir-istanbula-gore-cok-daha-ucuz-ve-stressiz","status":"publish","type":"post","link":"https:\/\/www.kariyer.net\/kariyer-rehberi\/izmir-istanbula-gore-cok-daha-ucuz-ve-stressiz\/","title":{"rendered":"\u0130zmir, \u0130stanbul&#8217;a g\u00f6re \u00e7ok daha ucuz ve stressiz"},"content":{"rendered":"<div><span style=\"font-size: 8pt; color: black\"><span style=\"font-size: 11px; font-family: Verdana, Arial, Helvetica, sans-serif\"><\/p>\n<div><span style=\"font-size: 8pt; color: black\"><img decoding=\"async\" height=\"125\" alt=\"\" hspace=\"10\" width=\"160\" align=\"left\" vspace=\"10\" src=\"http:\/\/web4.kariyer.net\/UploadFiles\/tempPhoto\/kariyerRehberi\/mak276b.jpg\" \/>Bilgi sistemleri ve teknolojileri konusunda faaliyet g\u00f6steren \u00dcni-Pa A\u015e 300&#8217;den fazla \u00e7al\u0131\u015fan\u0131yla \u0130zmir&#8217;de yaz\u0131l\u0131m sekt\u00f6r\u00fcne y\u00f6n veren firmalar aras\u0131nda. Genel M\u00fcd\u00fcr Cengizhan Al\u0131\u00e7l\u0131 sorular\u0131m\u0131z\u0131 yan\u0131tlad\u0131. <\/span><\/div>\n<div><span style=\"font-size: 8pt; color: black\">Ege \u00dcniversitesi b\u00fcnyesinde 1993 y\u0131l\u0131nda kurulan \u00dcni-Pa, \u0130zmir&#8217;de bilgi sistemleri, teknolojileri ve yaz\u0131l\u0131m alan\u0131nda \u00e7al\u0131\u015fmalar\u0131n\u0131 s\u00fcrd\u00fcr\u00fcyor. Genel M\u00fcd\u00fcr Cengizhan Al\u0131\u00e7l\u0131, piyasada yeterli bilgi birikimine ve e\u011fitime sahip olmayan ki\u015filerle yeterli donan\u0131ma sahip olmayan \u015firketlerden \u015fikayet\u00e7i. Piyasada ucuz ve verimsiz program sat\u0131lmas\u0131n\u0131n olumsuz etkiledi\u011fini s\u00f6yleyen Al\u0131\u00e7l\u0131, hedeflerinin ba\u015fta Ege B\u00f6lgesi olmak \u00fczere T\u00fcrkiye&#8217;nin t\u00fcm noktalar\u0131nda program\u0131 \u00e7al\u0131\u015fan bir yaz\u0131l\u0131m firmas\u0131 haline gelmek oldu\u011funu s\u00f6yl\u00fcyor.<\/span><\/div>\n<div><strong><span style=\"font-size: 8pt; color: black\"><br \/>\u00dcni-Pa hangi alanda faaliyet g\u00f6steriyor? \u015eirketinizin sekt\u00f6r i\u00e7indeki konumu nedir?<\/span><\/strong><\/div>\n<div><span style=\"font-size: 8pt; color: black\">\u00dcni-Pa olarak proje yaz\u0131l\u0131m hizmetleri, sa\u011fl\u0131k proje grubu, \u00fcniversite proje grubu, belediye proje grubu, egenet internet hizmetleri ve teknik servis hizmetleri sunuyoruz. <br \/>\u00dcni-Pa A\u015e bilgi sistemleri ve teknolojileri konusunda faaliyetlerde bulunmak \u00fczere Ege \u00dcniversitesi b\u00fcnyesinde 1993 y\u0131l\u0131nda kuruldu ve g\u00fcn\u00fcm\u00fcze kadar aral\u0131ks\u0131z hizmet veriyor. \u00dcni-Pa A\u015e her zaman bilgi teknolojilerinin yak\u0131n takip\u00e7isi olarak m\u00fc\u015fterilerinin gereksinimlerine uygun projeleri y\u00fcr\u00fcterek, m\u00fc\u015fterilerinin hedeflerine k\u0131sa s\u00fcrede ula\u015fmalar\u0131n\u0131 sa\u011fl\u0131yor. Sekt\u00f6r\u00fcnde hep bir ad\u0131m \u00f6nde olmay\u0131 hedefleyen \u015firketimiz bu ama\u00e7la, problem de\u011fil \u00e7\u00f6z\u00fcm \u00fcreten, yarat\u0131c\u0131, \u00fcretken, s\u00fcrekli \u00f6\u011frenen ve ara\u015ft\u0131ran kadrosu ile m\u00fc\u015fteri memnuniyetini ilke edinerek \u00e7al\u0131\u015fmalar\u0131na devam ediyor.<\/p>\n<p>Proje yaz\u0131l\u0131mlar\u0131 ile birlikte, donan\u0131m, her t\u00fcrl\u00fc network alt yap\u0131s\u0131, tasar\u0131m\u0131, kurulumu hizmetleri ve internet servis sa\u011flay\u0131c\u0131s\u0131 olarak da, web tasar\u0131m\u0131, mail hizmetleri, dial-up, kiral\u0131k hat, ofis otomasyonu hizmetleri de sa\u011flan\u0131yor.<\/span><\/div>\n<div><strong><span style=\"font-size: 8pt; color: black\"><br \/>Sekt\u00f6r\u00fcn en \u00f6nemli sorunu sizce nedir?<\/span><\/strong><\/div>\n<div><span style=\"font-size: 8pt; color: black\">Yeterli bilgi birikimine, teknik alt yap\u0131ya ve e\u011fitime sahip olmayan ki\u015filerin \u00e7o\u011falmas\u0131. Ayr\u0131ca bilgi sistemleri ve teknolojileri konusunda yeterli birikime, tecr\u00fcbeye, donan\u0131ma sahip olmayan \u015firketlerin serbest piyasada yer alarak niteliksiz, ucuz, verimsiz programlar ile haks\u0131z rekabet yapmas\u0131. Piyasada ucuz program satmas\u0131 ve fiyat\u0131 olumsuz etkilemesi en b\u00fcy\u00fck problemler aras\u0131nda. <\/p>\n<p>Kamu ihalelerinin olumsuzluklar\u0131n\u0131n biran \u00f6nce giderilmesi \u00f6nemli. Kamu \u0130hale Kanunu (K\u0130K) nedeniyle kurumlar sat\u0131n almalar\u0131n\u0131, ne yaz\u0131k ki memnun olduklar\u0131 programlar\u0131 de\u011fi\u015ftirmek riskini g\u00f6ze alarak a\u00e7\u0131k ihale yoluyla yapmaya zorlan\u0131yorlar. Bu y\u00f6ntem kurumlar\u0131 ba\u015flang\u0131\u00e7ta koruyor ve rekabeti, hizmet sa\u011flayan firmalar baz\u0131nda zorla\u015ft\u0131r\u0131yor olsa da uzun vadede kaybeden yine kurumun kendisi oluyor. Kazan\u0131lan bir ihale sonucunda yeni gelen firman\u0131n program\u0131na al\u0131\u015fma s\u00fcresi en az iki ayd\u0131r. Bu zaman zarf\u0131 i\u00e7erisinde de yap\u0131lan hatalar nedeniyle faturalar\u0131n\u0131n \u00f6demesi yap\u0131lmaz, sonu\u00e7 olarak da kurum nakit dengesi bozulur ve g\u00fcvenilirlik azal\u0131r. Dolay\u0131s\u0131 ile kaybeden kurum olur. Kurumun verilen hizmetten memnun olmamas\u0131 durumunda ihaleye \u00e7\u0131kmas\u0131 \u00e7ok mant\u0131kl\u0131 ancak memnun olduklar\u0131 yaz\u0131l\u0131m ile ilgili de s\u00fcre uzatmak ad\u0131na yeni bir ihale a\u00e7mak hem i\u015f g\u00fcc\u00fc kayb\u0131n\u0131, hem gelir kayb\u0131n\u0131 hem de gereksiz bir riski g\u00f6ze almay\u0131 gerektirir ki bu da mant\u0131ks\u0131zd\u0131r. Bu anlamda K\u0130K&#8217;in yaz\u0131l\u0131m konular\u0131 ile ilgili olarak mutlak surette de\u011fi\u015fiklik yapmas\u0131 gereklidir g\u00f6r\u00fc\u015f\u00fcndeyiz.<\/span><\/div>\n<div><strong><span style=\"font-size: 8pt; color: black\"><br \/>\u015eirketinizde ka\u00e7 ki\u015fi \u00e7al\u0131\u015f\u0131yor?<\/span><\/strong><\/div>\n<div><span style=\"font-size: 8pt; color: black\">\u015eirketimizde iki bilgisayar y\u00fcksek m\u00fchendisi, be\u015f bilgisayar m\u00fchendisi, 10 sistem analist programc\u0131, 15 programc\u0131, 35 idari personel ve 275 veri kay\u0131t operat\u00f6r\u00fc olmak \u00fczere toplam 342 \u00e7al\u0131\u015fan bulunuyor. <\/span><\/div>\n<div><strong><span style=\"font-size: 8pt; color: black\"><br \/>\u015eirketinizin organizasyon yap\u0131s\u0131n\u0131 anlatabilir misiniz? Hangi departmanlar\u0131n\u0131z var? Ne gibi g\u00f6revler y\u00fcr\u00fct\u00fcyorlar?<\/span><\/strong><\/div>\n<div><span style=\"font-size: 8pt; color: black\">\u015eirketimiz anonim \u015firket olarak hizmet veriyor. Y\u00f6netim kuruluna ba\u011fl\u0131 olarak genel m\u00fcd\u00fcr taraf\u0131ndan y\u00f6netiliyor. Genel m\u00fcd\u00fcr yard\u0131mc\u0131s\u0131, teknik servis ve sat\u0131n alma m\u00fcd\u00fcr\u00fc, sat\u0131\u015f pazarlama m\u00fcd\u00fcr\u00fc, insan kaynaklar\u0131 ve kalite m\u00fcd\u00fcr\u00fc, muhasebe ve idari i\u015fler m\u00fcd\u00fcr\u00fc, internet hizmetleri (Egenet) m\u00fcd\u00fcr\u00fc bulunuyor. <\/span><\/div>\n<div><strong><span style=\"font-size: 8pt; color: black\"><br \/>Uzun vadede \u015firket ad\u0131na planlar\u0131n\u0131z neler?<\/span><\/strong><\/div>\n<div><span style=\"font-size: 8pt; color: black\">Bili\u015fim sekt\u00f6r\u00fcnde d\u00fcnya standartlar\u0131nda \u00fcr\u00fcn ve hizmet \u00fcreten, T\u00fcrkiye \u015fartlar\u0131nda aran\u0131lan ve akla ilk gelen isim olmak, \u00e7al\u0131\u015fanlar\u0131na katma de\u011fer yaratan, m\u00fc\u015fteri odakl\u0131 y\u00f6netimi benimseyen, daha verimli, daha kaliteli, daha fazla rekabet g\u00fcc\u00fcne sahip dinamik bir bili\u015fim \u015firketi olmak.<\/span><\/div>\n<div><strong><span style=\"font-size: 8pt; color: black\"><br \/>\u015eirketinizde \u00e7al\u0131\u015facak adaylarda ne gibi \u00f6zellikler ar\u0131yorsunuz?<\/span><\/strong><\/div>\n<div><span style=\"font-size: 8pt; color: black\">Dinamik, kendi kendiyle yar\u0131\u015fan, s\u00fcrekli geli\u015fime ve de\u011fi\u015fime inanan, analitik d\u00fc\u015f\u00fcnebilen, proje \u00fcretebilen, tak\u0131m \u00e7al\u0131\u015fmas\u0131na yatk\u0131n ve sonu\u00e7 odakl\u0131 \u00e7al\u0131\u015fan ki\u015filerle \u00e7al\u0131\u015f\u0131yoruz.<\/span><\/div>\n<div><strong><span style=\"font-size: 8pt; color: black\"><br \/>\u0130nsan Kaynaklar\u0131 departman\u0131n\u0131z\u0131n i\u015fleyi\u015finden bahseder misiniz? \u0130\u015fe al\u0131m, performans de\u011ferlendirme s\u00fcre\u00e7leri nas\u0131l i\u015fliyor?<\/span><\/strong><\/div>\n<div><span style=\"font-size: 8pt; color: black\">\u0130nsan Kaynaklar\u0131 ve Kalite M\u00fcd\u00fcrl\u00fc\u011f\u00fc olarak yap\u0131lanmam\u0131z mevcut. \u0130\u015fe al\u0131m s\u00fcre\u00e7lerinde; \u015firketimize ba\u015fvuru yapan adaylar, Kariyer.net ve web sitemizden \u0130nsan Kaynaklar\u0131&#8217;na gelen \u00f6zge\u00e7mi\u015fler de\u011ferlendiriliyor. \u0130K olarak \u00e7al\u0131\u015fan memnuniyetine \u00f6nem veriyor ve ekip ruhunu yaymaya \u00e7al\u0131\u015f\u0131yoruz. Performans y\u00f6netim sistemimiz, kariyer planlama ve uygulama, sosyal aktivasyon uygulamalar\u0131n\u0131 da ayr\u0131 ayr\u0131 projeler olarak \u00e7al\u0131\u015f\u0131yoruz. Bireysel \u00f6neri sistemimiz ile \u00e7al\u0131\u015fanlar\u0131m\u0131z bizlere \u00f6nerilerini iletebiliyor ve uygulamaya al\u0131nan \u00f6neriler i\u00e7in de \u00e7al\u0131\u015fanlar\u0131m\u0131z \u00f6d\u00fcllendiriliyor.<\/span><\/div>\n<div><span style=\"font-size: 8pt; color: black\">Toplam Kalite Y\u00f6netimi felsefesine inanan y\u00f6neticilerden olu\u015fan \u015firketimizde s\u00fcrekli geli\u015fime, de\u011fi\u015fime inanan, yeniliklere uyum g\u00f6sterebilen, tak\u0131m \u00e7al\u0131\u015fmas\u0131na yatk\u0131n bireyler olmalar\u0131 i\u00e7in e\u011fitimlerle destekliyoruz. Ayr\u0131ca \u00e7al\u0131\u015fanlar\u0131m\u0131z\u0131n ya\u015f g\u00fcnleri hediye ile, bayram, y\u0131lba\u015f\u0131 vb \u00f6zel g\u00fcnleri de genel m\u00fcd\u00fcr taraf\u0131ndan uygun hediye ve mesaj ile kutlan\u0131yor. Kalite Yolculu\u011fumuz ise TSE hizmet yeri yeterli belgemiz, uygunluk belgemiz, imalata yeterlilik belgemiz vb belgelerimiz ile program\u0131m\u0131z\u0131n TSE standartlar\u0131na uygun olmas\u0131n\u0131 sa\u011fl\u0131yoruz. Ayr\u0131ca ISO 9001:2000 belgelendirme \u00e7al\u0131\u015fmalar\u0131m\u0131z\u0131n da sonuna gelmi\u015f bulunuyoruz. Ocak 2005 ile birlikte ISO belgesine de sahip olan firmalar\u0131n aras\u0131na kat\u0131laca\u011f\u0131z.<\/span><\/div>\n<div><strong><span style=\"font-size: 8pt; color: black\"><br \/>Kariyer.net&#8217;ten nas\u0131l yararlan\u0131yorsunuz?<\/span><\/strong><\/div>\n<div><span style=\"font-size: 8pt; color: black\">Eleman ilanlar\u0131n\u0131 vermek, incelemek, sekt\u00f6rdeki geli\u015fmeleri de\u011ferlendirmek ve \u0130nsan Kaynaklar\u0131 ile ilgili her t\u00fcrl\u00fc bilgiye ula\u015fmak ve yeniliklerden haberdar olmak i\u00e7in Kariyer.net&#8217;ten faydalan\u0131yoruz. <\/span><\/div>\n<div><strong><span style=\"font-size: 8pt; color: black\"><br \/>\u0130zmir&#8217;deki i\u015f hayat\u0131n\u0131 nas\u0131l de\u011ferlendiriyorsunuz? <\/span><\/strong><\/div>\n<div><span style=\"font-size: 8pt; color: black\">Risk almak isteyen firma say\u0131s\u0131 pek fazla de\u011fil. \u00d6zellikle ufak da olsa kriz zamanlar\u0131nda bile hemen hemen piyasa durma noktas\u0131na gelmekte. Ancak buna kar\u015f\u0131l\u0131k ya\u015fam, ticaret merkezi olarak g\u00f6r\u00fclen \u0130stanbul&#8217;a g\u00f6re \u00e7ok daha ucuz ve stressiz. Bu a\u00e7\u0131dan bak\u0131ld\u0131\u011f\u0131nda \u015firket olarak biz merkezimizi \u0130zmir&#8217;de bulundurup genel giderleri bir miktar da olsa azaltm\u0131\u015f ve yaz\u0131l\u0131m geli\u015ftiren elemanlar\u0131m\u0131z\u0131n daha huzurlu bir ortamda \u00e7al\u0131\u015fmalar\u0131n\u0131 bir \u00f6l\u00e7\u00fc de olsa sa\u011flam\u0131\u015f durumday\u0131z. Ancak buna kar\u015f\u0131l\u0131k da hedefimiz ba\u015fta Ege B\u00f6lgesi olmak \u00fczere T\u00fcrkiye&#8217;nin t\u00fcm noktalar\u0131nda program\u0131 \u00e7al\u0131\u015fan bir yaz\u0131l\u0131m firmas\u0131 olmak. \u015eartlar zorlamad\u0131k\u00e7a merkezimizi \u0130stanbul ya da ba\u015fka bir merkeze ta\u015f\u0131may\u0131 d\u00fc\u015f\u00fcnm\u00fcyor aksine yaz\u0131l\u0131m geli\u015ftiren di\u011fer firmalar\u0131 \u0130zmir&#8217;e gelmelerini \u00f6neriyoruz. <\/span><\/div>\n<div style=\"margin: 0cm 0cm 10pt\">&nbsp;<\/div>\n<p><\/span><\/span><\/div>\n<!-- templates\/buttons-placeholder.php -->\n<div class=\"da-reactions-outer TpostID1841\">\n\t    <div class=\"da-reactions-data da-reactions-container-async center\"\n         data-type=\"post\"\n         data-id=\"1841\"\n         id=\"da-reactions-slot-post-1841\">\n        <div class=\"da-reactions-static\">\n\t\t\t<img src=\"https:\/\/www.kariyer.net\/kariyer-rehberi\/wp-content\/plugins\/da-reactions\/assets\/dist\/loading.svg\" alt=\"Loading spinner\" width=\"48\" height=\"48\" style=\"width:48px\" \/>\n        <\/div>\n    <\/div>\n<\/div>\n","protected":false},"excerpt":{"rendered":"<p>Bilgi sistemleri ve teknolojileri konusunda faaliyet g\u00f6steren \u00dcni-Pa A\u015e 300&#8217;den fazla \u00e7al\u0131\u015fan\u0131yla \u0130zmir&#8217;de yaz\u0131l\u0131m sekt\u00f6r\u00fcne y\u00f6n veren firmalar aras\u0131nda. Genel M\u00fcd\u00fcr Cengizhan Al\u0131\u00e7l\u0131 sorular\u0131m\u0131z\u0131 yan\u0131tlad\u0131. Ege \u00dcniversitesi b\u00fcnyesinde 1993 y\u0131l\u0131nda kurulan \u00dcni-Pa, \u0130zmir&#8217;de bilgi sistemleri, teknolojileri ve yaz\u0131l\u0131m alan\u0131nda \u00e7al\u0131\u015fmalar\u0131n\u0131 s\u00fcrd\u00fcr\u00fcyor. Genel M\u00fcd\u00fcr Cengizhan Al\u0131\u00e7l\u0131, piyasada yeterli bilgi birikimine ve e\u011fitime sahip olmayan ki\u015filerle yeterli [&hellip;]<\/p>\n<!-- templates\/buttons-placeholder.php -->\n<div class=\"da-reactions-outer TpostID1841\">\n\t    <div class=\"da-reactions-data da-reactions-container-async center\"\n         data-type=\"post\"\n         data-id=\"1841\"\n         id=\"da-reactions-slot-post-1841\">\n        <div class=\"da-reactions-static\">\n\t\t\t<img src=\"https:\/\/www.kariyer.net\/kariyer-rehberi\/wp-content\/plugins\/da-reactions\/assets\/dist\/loading.svg\" alt=\"Loading spinner\" width=\"48\" height=\"48\" style=\"width:48px\" \/>\n        <\/div>\n    <\/div>\n<\/div>\n","protected":false},"author":8,"featured_media":0,"comment_status":"open","ping_status":"open","sticky":false,"template":"","format":"standard","meta":{"footnotes":"","_elementor_edit_mode":"","_elementor_template_type":"","_elementor_data":"","_elementor_page_settings":null,"_elementor_conditions":[]},"categories":[46,2214],"tags":[],"class_list":{"0":"post-1841","1":"post","2":"type-post","3":"status-publish","4":"format-standard","6":"category-is-hayati","7":"category-yasam"},"yoast_head":"<!-- This site is optimized with the Yoast SEO Premium plugin v21.4 (Yoast SEO v27.0) - https:\/\/yoast.com\/product\/yoast-seo-premium-wordpress\/ -->\n<title>\u0130zmir, \u0130stanbul&#039;a g\u00f6re \u00e7ok daha ucuz ve stressiz | Kariyer Rehberi<\/title>\n<meta name=\"description\" content=\"Bilgi sistemleri ve teknolojileri konusunda faaliyet g\u00f6steren \u00dcni-Pa A\u015e 300&#039;den fazla \u00e7al\u0131\u015fan\u0131yla \u0130zmir&#039;de yaz\u0131l\u0131m sekt\u00f6r\u00fcne y\u00f6n veren firmalar aras\u0131nda.\" \/>\n<meta name=\"robots\" content=\"index, follow, max-snippet:-1, max-image-preview:large, max-video-preview:-1\" \/>\n<link rel=\"canonical\" href=\"https:\/\/www.kariyer.net\/kariyer-rehberi\/izmir-istanbula-gore-cok-daha-ucuz-ve-stressiz\/\" \/>\n<meta property=\"og:locale\" content=\"tr_TR\" \/>\n<meta property=\"og:type\" content=\"article\" \/>\n<meta property=\"og:title\" content=\"\u0130zmir, \u0130stanbul&#039;a g\u00f6re \u00e7ok daha ucuz ve stressiz\" \/>\n<meta property=\"og:description\" content=\"Bilgi sistemleri ve teknolojileri konusunda faaliyet g\u00f6steren \u00dcni-Pa A\u015e 300&#039;den fazla \u00e7al\u0131\u015fan\u0131yla \u0130zmir&#039;de yaz\u0131l\u0131m sekt\u00f6r\u00fcne y\u00f6n veren firmalar aras\u0131nda.\" \/>\n<meta property=\"og:url\" content=\"https:\/\/www.kariyer.net\/kariyer-rehberi\/izmir-istanbula-gore-cok-daha-ucuz-ve-stressiz\/\" \/>\n<meta property=\"og:site_name\" content=\"Kariyer Rehberi\" \/>\n<meta property=\"article:published_time\" content=\"2007-12-02T00:00:00+00:00\" \/>\n<meta property=\"article:modified_time\" content=\"2024-08-08T18:10:16+00:00\" \/>\n<meta property=\"og:image\" content=\"http:\/\/web4.kariyer.net\/UploadFiles\/tempPhoto\/kariyerRehberi\/mak276b.jpg\" \/>\n<meta name=\"author\" content=\"Kariyer.net\" \/>\n<meta name=\"twitter:card\" content=\"summary_large_image\" \/>\n<meta name=\"twitter:label1\" content=\"Yazan:\" \/>\n\t<meta name=\"twitter:data1\" content=\"Kariyer.net\" \/>\n\t<meta name=\"twitter:label2\" content=\"Tahmini okuma s\u00fcresi\" \/>\n\t<meta name=\"twitter:data2\" content=\"6 dakika\" \/>\n<!-- \/ Yoast SEO Premium plugin. -->","yoast_head_json":{"title":"\u0130zmir, \u0130stanbul'a g\u00f6re \u00e7ok daha ucuz ve stressiz | Kariyer Rehberi","description":"Bilgi sistemleri ve teknolojileri konusunda faaliyet g\u00f6steren \u00dcni-Pa A\u015e 300'den fazla \u00e7al\u0131\u015fan\u0131yla \u0130zmir'de yaz\u0131l\u0131m sekt\u00f6r\u00fcne y\u00f6n veren firmalar aras\u0131nda.","robots":{"index":"index","follow":"follow","max-snippet":"max-snippet:-1","max-image-preview":"max-image-preview:large","max-video-preview":"max-video-preview:-1"},"canonical":"https:\/\/www.kariyer.net\/kariyer-rehberi\/izmir-istanbula-gore-cok-daha-ucuz-ve-stressiz\/","og_locale":"tr_TR","og_type":"article","og_title":"\u0130zmir, \u0130stanbul'a g\u00f6re \u00e7ok daha ucuz ve stressiz","og_description":"Bilgi sistemleri ve teknolojileri konusunda faaliyet g\u00f6steren \u00dcni-Pa A\u015e 300'den fazla \u00e7al\u0131\u015fan\u0131yla \u0130zmir'de yaz\u0131l\u0131m sekt\u00f6r\u00fcne y\u00f6n veren firmalar aras\u0131nda.","og_url":"https:\/\/www.kariyer.net\/kariyer-rehberi\/izmir-istanbula-gore-cok-daha-ucuz-ve-stressiz\/","og_site_name":"Kariyer Rehberi","article_published_time":"2007-12-02T00:00:00+00:00","article_modified_time":"2024-08-08T18:10:16+00:00","og_image":[{"url":"http:\/\/web4.kariyer.net\/UploadFiles\/tempPhoto\/kariyerRehberi\/mak276b.jpg","type":"","width":"","height":""}],"author":"Kariyer.net","twitter_card":"summary_large_image","twitter_misc":{"Yazan:":"Kariyer.net","Tahmini okuma s\u00fcresi":"6 dakika"},"schema":{"@context":"https:\/\/schema.org","@graph":[{"@type":"Article","@id":"https:\/\/www.kariyer.net\/kariyer-rehberi\/izmir-istanbula-gore-cok-daha-ucuz-ve-stressiz\/#article","isPartOf":{"@id":"https:\/\/www.kariyer.net\/kariyer-rehberi\/izmir-istanbula-gore-cok-daha-ucuz-ve-stressiz\/"},"author":{"name":"Kariyer.net","@id":"https:\/\/www.kariyer.net\/kariyer-rehberi\/#\/schema\/person\/eb36201afd42c03bc83b82060447b2c9"},"headline":"\u0130zmir, \u0130stanbul&#8217;a g\u00f6re \u00e7ok daha ucuz ve stressiz","datePublished":"2007-12-02T00:00:00+00:00","dateModified":"2024-08-08T18:10:16+00:00","mainEntityOfPage":{"@id":"https:\/\/www.kariyer.net\/kariyer-rehberi\/izmir-istanbula-gore-cok-daha-ucuz-ve-stressiz\/"},"wordCount":1281,"commentCount":0,"publisher":{"@id":"https:\/\/www.kariyer.net\/kariyer-rehberi\/#organization"},"image":{"@id":"https:\/\/www.kariyer.net\/kariyer-rehberi\/izmir-istanbula-gore-cok-daha-ucuz-ve-stressiz\/#primaryimage"},"thumbnailUrl":"http:\/\/web4.kariyer.net\/UploadFiles\/tempPhoto\/kariyerRehberi\/mak276b.jpg","articleSection":["\u0130\u015f Hayat\u0131","Ya\u015fam"],"inLanguage":"tr","potentialAction":[{"@type":"CommentAction","name":"Comment","target":["https:\/\/www.kariyer.net\/kariyer-rehberi\/izmir-istanbula-gore-cok-daha-ucuz-ve-stressiz\/#respond"]}]},{"@type":"WebPage","@id":"https:\/\/www.kariyer.net\/kariyer-rehberi\/izmir-istanbula-gore-cok-daha-ucuz-ve-stressiz\/","url":"https:\/\/www.kariyer.net\/kariyer-rehberi\/izmir-istanbula-gore-cok-daha-ucuz-ve-stressiz\/","name":"\u0130zmir, \u0130stanbul'a g\u00f6re \u00e7ok daha ucuz ve stressiz | Kariyer Rehberi","isPartOf":{"@id":"https:\/\/www.kariyer.net\/kariyer-rehberi\/#website"},"primaryImageOfPage":{"@id":"https:\/\/www.kariyer.net\/kariyer-rehberi\/izmir-istanbula-gore-cok-daha-ucuz-ve-stressiz\/#primaryimage"},"image":{"@id":"https:\/\/www.kariyer.net\/kariyer-rehberi\/izmir-istanbula-gore-cok-daha-ucuz-ve-stressiz\/#primaryimage"},"thumbnailUrl":"http:\/\/web4.kariyer.net\/UploadFiles\/tempPhoto\/kariyerRehberi\/mak276b.jpg","datePublished":"2007-12-02T00:00:00+00:00","dateModified":"2024-08-08T18:10:16+00:00","description":"Bilgi sistemleri ve teknolojileri konusunda faaliyet g\u00f6steren \u00dcni-Pa A\u015e 300'den fazla \u00e7al\u0131\u015fan\u0131yla \u0130zmir'de yaz\u0131l\u0131m sekt\u00f6r\u00fcne y\u00f6n veren firmalar aras\u0131nda.","breadcrumb":{"@id":"https:\/\/www.kariyer.net\/kariyer-rehberi\/izmir-istanbula-gore-cok-daha-ucuz-ve-stressiz\/#breadcrumb"},"inLanguage":"tr","potentialAction":[{"@type":"ReadAction","target":["https:\/\/www.kariyer.net\/kariyer-rehberi\/izmir-istanbula-gore-cok-daha-ucuz-ve-stressiz\/"]}]},{"@type":"ImageObject","inLanguage":"tr","@id":"https:\/\/www.kariyer.net\/kariyer-rehberi\/izmir-istanbula-gore-cok-daha-ucuz-ve-stressiz\/#primaryimage","url":"http:\/\/web4.kariyer.net\/UploadFiles\/tempPhoto\/kariyerRehberi\/mak276b.jpg","contentUrl":"http:\/\/web4.kariyer.net\/UploadFiles\/tempPhoto\/kariyerRehberi\/mak276b.jpg"},{"@type":"BreadcrumbList","@id":"https:\/\/www.kariyer.net\/kariyer-rehberi\/izmir-istanbula-gore-cok-daha-ucuz-ve-stressiz\/#breadcrumb","itemListElement":[{"@type":"ListItem","position":1,"name":"Anasayfa","item":"https:\/\/www.kariyer.net\/kariyer-rehberi\/"},{"@type":"ListItem","position":2,"name":"\u0130zmir, \u0130stanbul&#8217;a g\u00f6re \u00e7ok daha ucuz ve stressiz"}]},{"@type":"WebSite","@id":"https:\/\/www.kariyer.net\/kariyer-rehberi\/#website","url":"https:\/\/www.kariyer.net\/kariyer-rehberi\/","name":"Kariyer Rehberi","description":"\u0130\u015f D\u00fcnyas\u0131yla \u0130lgili Bilmek \u0130stedi\u011finiz Her \u015eey","publisher":{"@id":"https:\/\/www.kariyer.net\/kariyer-rehberi\/#organization"},"potentialAction":[{"@type":"SearchAction","target":{"@type":"EntryPoint","urlTemplate":"https:\/\/www.kariyer.net\/kariyer-rehberi\/?s={search_term_string}"},"query-input":{"@type":"PropertyValueSpecification","valueRequired":true,"valueName":"search_term_string"}}],"inLanguage":"tr"},{"@type":"Organization","@id":"https:\/\/www.kariyer.net\/kariyer-rehberi\/#organization","name":"Kariyer.net","url":"https:\/\/www.kariyer.net\/kariyer-rehberi\/","logo":{"@type":"ImageObject","inLanguage":"tr","@id":"https:\/\/www.kariyer.net\/kariyer-rehberi\/#\/schema\/logo\/image\/","url":"https:\/\/www.kariyer.net\/kariyer-rehberi-new\/wp-content\/uploads\/2023\/01\/og-image11.jpg","contentUrl":"https:\/\/www.kariyer.net\/kariyer-rehberi-new\/wp-content\/uploads\/2023\/01\/og-image11.jpg","width":800,"height":800,"caption":"Kariyer.net"},"image":{"@id":"https:\/\/www.kariyer.net\/kariyer-rehberi\/#\/schema\/logo\/image\/"}},{"@type":"Person","@id":"https:\/\/www.kariyer.net\/kariyer-rehberi\/#\/schema\/person\/eb36201afd42c03bc83b82060447b2c9","name":"Kariyer.net","image":{"@type":"ImageObject","inLanguage":"tr","@id":"https:\/\/www.kariyer.net\/kariyer-rehberi\/#\/schema\/person\/image\/","url":"https:\/\/secure.gravatar.com\/avatar\/ddce3ac68cb52fb2ae004bcee334e49ccc6361fefd68c5f6f4d2a86630c28b2e?s=96&d=mm&r=g","contentUrl":"https:\/\/secure.gravatar.com\/avatar\/ddce3ac68cb52fb2ae004bcee334e49ccc6361fefd68c5f6f4d2a86630c28b2e?s=96&d=mm&r=g","caption":"Kariyer.net"},"url":"https:\/\/www.kariyer.net\/kariyer-rehberi\/author\/kariyer-net\/"}]}},"_links":{"self":[{"href":"https:\/\/www.kariyer.net\/kariyer-rehberi\/wp-json\/wp\/v2\/posts\/1841","targetHints":{"allow":["GET"]}}],"collection":[{"href":"https:\/\/www.kariyer.net\/kariyer-rehberi\/wp-json\/wp\/v2\/posts"}],"about":[{"href":"https:\/\/www.kariyer.net\/kariyer-rehberi\/wp-json\/wp\/v2\/types\/post"}],"author":[{"embeddable":true,"href":"https:\/\/www.kariyer.net\/kariyer-rehberi\/wp-json\/wp\/v2\/users\/8"}],"replies":[{"embeddable":true,"href":"https:\/\/www.kariyer.net\/kariyer-rehberi\/wp-json\/wp\/v2\/comments?post=1841"}],"version-history":[{"count":1,"href":"https:\/\/www.kariyer.net\/kariyer-rehberi\/wp-json\/wp\/v2\/posts\/1841\/revisions"}],"predecessor-version":[{"id":20719,"href":"https:\/\/www.kariyer.net\/kariyer-rehberi\/wp-json\/wp\/v2\/posts\/1841\/revisions\/20719"}],"wp:attachment":[{"href":"https:\/\/www.kariyer.net\/kariyer-rehberi\/wp-json\/wp\/v2\/media?parent=1841"}],"wp:term":[{"taxonomy":"category","embeddable":true,"href":"https:\/\/www.kariyer.net\/kariyer-rehberi\/wp-json\/wp\/v2\/categories?post=1841"},{"taxonomy":"post_tag","embeddable":true,"href":"https:\/\/www.kariyer.net\/kariyer-rehberi\/wp-json\/wp\/v2\/tags?post=1841"}],"curies":[{"name":"wp","href":"https:\/\/api.w.org\/{rel}","templated":true}]}}