{"id":1858,"date":"2007-12-03T02:00:00","date_gmt":"2007-12-03T00:00:00","guid":{"rendered":"http:\/\/92.45.35.169\/yurtici-kargo-insan-kaynaklari-muduru-tulin-calhan\/"},"modified":"2024-07-03T15:05:41","modified_gmt":"2024-07-03T12:05:41","slug":"yurtici-kargo-insan-kaynaklari-muduru-tulin-calhan","status":"publish","type":"post","link":"https:\/\/www.kariyer.net\/kariyer-rehberi\/yurtici-kargo-insan-kaynaklari-muduru-tulin-calhan\/","title":{"rendered":"Yurti\u00e7i Kargo \u0130nsan Kaynaklar\u0131 M\u00fcd\u00fcr\u00fc &#8216;T\u00fclin \u00c7alhan&#8217;"},"content":{"rendered":"<div><span style=\"font-size: 8pt\"><span style=\"font-size: 11px; font-family: Verdana, Arial, Helvetica, sans-serif\"><\/p>\n<div><span style=\"font-size: 8pt\"><strong><img decoding=\"async\" height=\"137\" alt=\"\" hspace=\"10\" width=\"160\" align=\"left\" vspace=\"10\" src=\"http:\/\/web4.kariyer.net\/UploadFiles\/tempPhoto\/kariyerRehberi\/TULINCALHAN.jpg\" \/>Sizi tan\u0131yabilir miyiz?<\/strong><\/span><\/div>\n<div><span style=\"font-size: 8pt\">Bir dan\u0131\u015fmanl\u0131k firmas\u0131n\u0131n Ankara ofisindeki m\u00fc\u015fteri temsilcisi olarak ba\u015flad\u0131\u011f\u0131m i\u015f hayat\u0131mda, \u015firketin \u0130stanbul&#8217;daki merkez \u0130nsan Kaynaklar\u0131 B\u00f6l\u00fcm\u00fc i\u00e7in gelen g\u00f6rev teklifiyle \u0130nsan Kaynaklar\u0131&#8217;na ad\u0131m atm\u0131\u015f oldum.1995 y\u0131l\u0131ndan sonra Bankac\u0131l\u0131k sekt\u00f6r\u00fcnde \u0130nsan Kaynaklar\u0131&#8217;n\u0131n t\u00fcm alanlar\u0131nda \u0130nsan Kaynaklar\u0131 Uzmanl\u0131\u011f\u0131 ve Y\u00f6netmenli\u011fi yapt\u0131m. 2001 Kas\u0131m ay\u0131ndan bu yana da Yurti\u00e7i Kargo Servisi A.\u015e de \u0130nsan Kaynaklar\u0131 M\u00fcd\u00fcr\u00fc olarak g\u00f6rev yapmaktay\u0131m. \u0130statistik e\u011fitimi ald\u0131m. Evli ve 1 \u00e7ocuk annesiyim. <\/span><\/div>\n<div><span style=\"font-size: 8pt\"><br \/><strong>Yurti\u00e7i Kargo ne zaman kuruldu?<\/strong><\/span><\/div>\n<div><span style=\"font-size: 8pt\">Kargo Ta\u015f\u0131mac\u0131l\u0131\u011f\u0131 her \u00fclkenin ekonomik ve sosyal geli\u015fmi\u015fli\u011fine ba\u011fl\u0131 olarak ortaya \u00e7\u0131kar. T\u00fcrkiye&#8217;de de bu geli\u015fmelere ba\u011fl\u0131 olarak kap\u0131dan kap\u0131ya kargo ta\u015f\u0131mac\u0131l\u0131\u011f\u0131n\u0131n ko\u015fullar\u0131 1980&#8217;li y\u0131llarda olu\u015fmaya ba\u015flad\u0131. \u0130\u015fte bu y\u0131llarda bug\u00fcnleri o tarihten g\u00f6rerek, 1982 y\u0131l\u0131nda Sn. \u0130brahim Ar\u0131kan T\u00fcrkiye&#8217;nin ilk kargo \u015firketi olan Yurti\u00e7i Kargo Servisi A.\u015e.&#8217;yi kurdu. 3 \u015fube ile faaliyete ba\u015flayan YK bug\u00fcn 561 \u015fubesi ve yakla\u015f\u0131k 8000 \u00e7al\u0131\u015fan\u0131 ile hizmet vermektedir. Kalite belgesini, 2003 y\u0131l\u0131nda sekt\u00f6rde ilk kez TS EN ISO 9001-2000 Kalite Y\u00f6netim Belgesini alarak yenileyen, \u0130nsan Kaynaklar\u0131, E\u011fitim, Finans, Sat\u0131n Alma gibi fonksiyonlar\u0131n bilgi sistem mod\u00fcllerinden olu\u015fan entegre sistem yap\u0131s\u0131 ERP&#8217;nin devreye girmesi ile hizmet kalitesinin daha da y\u00fckselten Yurti\u00e7i Kargo, sekt\u00f6re y\u00f6n veren uygulamalar\u0131na devam etmektedir. Yurti\u00e7i Kargo T\u00fcrkiye de sekt\u00f6r\u00fcnde \u00f6nemli \u00f6l\u00e7\u00fcde yeri oldu\u011fu gibi ayn\u0131 zamanda Avrupa&#8217;n\u0131n ikinci b\u00fcy\u00fck posta \u015firketi olan La Poste&#8217;un kargo \u015firketi olan Geopost ile birlikte Geopost-Yurti\u00e7i \u015firketini de kurarak, uluslararas\u0131 kargo sekt\u00f6r\u00fcnde de ismini duyurmaktad\u0131r.<\/span><\/div>\n<div><span style=\"font-size: 8pt\"><br \/><strong>Yurti\u00e7i Kargo&#8217;nun vizyonu ve vazge\u00e7ilmez de\u011ferleri neler?<\/strong><\/span><\/div>\n<div><span style=\"font-size: 8pt\">Yurti\u00e7i Kargo olarak vazge\u00e7ilmez de\u011ferlerimiz; Bireye Sayg\u0131, D\u00fcr\u00fcstl\u00fck, M\u00fc\u015fteri Odakl\u0131l\u0131k, Operasyonel M\u00fckemmellik, Sonu\u00e7 Odakl\u0131l\u0131k, Tak\u0131m \u00c7al\u0131\u015fmas\u0131&#8217;d\u0131r. Vizyonumuzu ise; &#8221; Profesyonel, e\u011fitimli, motive personelimizle, s\u00fcrekli geli\u015fen teknolojiyi kullanarak, kaliteli, verimli ve m\u00fc\u015fteri odakl\u0131 hizmetler sunmak ve kargo sekt\u00f6r\u00fcnde karl\u0131 b\u00fcy\u00fcmemizi, liderli\u011fimizi s\u00fcrd\u00fcrerek m\u00fc\u015fterilerimizin ilk tercihi olmak&#8221; olarak tan\u0131mlayabilirim.<\/span><\/div>\n<div><span style=\"font-size: 8pt\">Bizi farkl\u0131 yapan \u00f6zelliklerimizin ba\u015f\u0131nda; sekt\u00f6rdeki lider konumumuz, m\u00fc\u015fteri g\u00fcven ve memnuniyeti, insan g\u00fcc\u00fcm\u00fcz ve bilgi teknolojimizi sayabiliriz.<\/span><\/div>\n<div><span style=\"font-size: 8pt\"><br \/><strong>Yurti\u00e7i Kargo&#8217;nun \u0130nsan Kaynaklar\u0131 ekibi ve rol\u00fc hakk\u0131nda bilgi verebilir misiniz?<\/strong><\/span><\/div>\n<div><span style=\"font-size: 8pt\">Yurti\u00e7i Kargo&#8217;da \u0130nsan Kaynaklar\u0131; Genel M\u00fcd\u00fcrl\u00fck&#8217;te 6 ki\u015filik \u0130nsan Kaynaklar\u0131 Uzman ekibi ve 10 ki\u015filik e\u011fitim ekibi ile g\u00f6rev yapmaktad\u0131r. Ayr\u0131ca 13 B\u00f6lge M\u00fcd\u00fcrl\u00fc\u011f\u00fc&#8217;nde g\u00f6rev yapan \u0130nsan Kaynaklar\u0131 uzmanlar\u0131 deste\u011fiyle \u00e7ok yayg\u0131n bir a\u011f ve k\u00fclt\u00fcr\u00fc bar\u0131nd\u0131ran insan kayna\u011f\u0131n\u0131 y\u00f6nlendirmektedir. \u0130\u015fletmelerin stratejik ba\u015far\u0131lar\u0131nda insan fakt\u00f6r\u00fc en \u00f6nemli unsurlardan biri. Stratejilerin ba\u015far\u0131yla uygulanmas\u0131 i\u00e7in insan kayna\u011f\u0131n\u0131n beceri, davran\u0131\u015f ve performans\u0131 geli\u015ftiriliyor ve y\u00f6nlendiriliyor olmal\u0131. Bu do\u011frultuda \u015firketimizde de \u0130nsan Kaynaklar\u0131 di\u011fer birimlerin stratejik i\u015f orta\u011f\u0131. \u00c7al\u0131\u015fanlar\u0131n\u0131n beklentilerine yard\u0131mc\u0131 olmakla birlikte her konuda dan\u0131\u015fman misyonu \u00f6n planda.<\/span><\/div>\n<div><span style=\"font-size: 8pt\"><br \/><strong>D\u0131\u015f Kaynak Kullan\u0131m\u0131&#8217;na hangi alanlarda ba\u015fvuruyorsunuz?<\/strong><\/span><\/div>\n<div><span style=\"font-size: 8pt\">D\u0131\u015f kaynak kullan\u0131m\u0131na genellikle, Bina bak\u0131m ve temizlik hizmetleri, Call Center (M\u00fc\u015fteri \u0130li\u015fkileri Servisi), Bilgi Teknolojileri&#8217;nde \u00f6zel uzmanl\u0131k gerektiren baz\u0131 alanlarda ba\u015fvuruyoruz.<\/span><\/div>\n<div><span style=\"font-size: 8pt\"><br \/><strong>Ne gibi \u015firket i\u00e7i e\u011fitimler uyguluyorsunuz?<\/strong><\/span><\/div>\n<div><span style=\"font-size: 8pt\">M\u00fc\u015fteri \u0130li\u015fkileri -Y\u00fcz Y\u00fcze \u0130leti\u015fim, Kalite, Operasyonel \u0130\u015fleyi\u015f ve MS Office kullan\u0131m e\u011fitimlerini \u015firket i\u00e7i e\u011fitimcilerimiz arac\u0131l\u0131\u011f\u0131yla periyodik olarak verebiliyoruz. Ayr\u0131ca ki\u015fisel kariyer planlanmalar\u0131 do\u011frultusunda yetkinlik ve i\u015f becerilerini geli\u015ftirmesi planlanan personelimize, d\u00f6nemsel olarak \u015firketimizin farkl\u0131 uzmanl\u0131k (\u0130nsan Kaynaklar\u0131, Sat\u0131\u015f, Operasyon, finans) alanlar\u0131nda oryantasyon programlar\u0131 uyguluyoruz. Bununla birlikte i\u00e7 ve d\u0131\u015f kaynakl\u0131 uzmanl\u0131k e\u011fitimleriyle birlikte Sat\u0131\u015fla M\u00fckemmellik, Y\u00f6netim Becerileri, Proje Y\u00f6netimi, Finans e\u011fitimleri de d\u00f6nemsel olarak veriliyor.<\/span><\/div>\n<div><span style=\"font-size: 8pt\"><br \/><strong>Uygulanan Performans Y\u00f6netim Sistemi konusunda k\u0131saca bilgi verir misiniz?<\/strong><\/span><\/div>\n<div><span style=\"font-size: 8pt\">\u015eirketimizde a\u00e7\u0131k, hedef ve yetkinlik bazl\u0131 performans sistemi uygulan\u0131yor. \u00c7al\u0131\u015fanlarca \u00fczerinde anla\u015fmaya var\u0131lm\u0131\u015f hedefler \u00fczerinden y\u0131lda bir kez de\u011ferlendiriliyor ve de\u011ferlendirme g\u00f6r\u00fc\u015fmeleri y\u00fcz y\u00fcze yap\u0131l\u0131yor. Sonu\u00e7lar do\u011frultusunda al\u0131nmas\u0131 gereken tedbirler ve \u00f6d\u00fcller personel ile birlikte, ilk y\u00f6netici ve \u0130nsan Kaynaklar\u0131 y\u00f6neticilerinin \u00f6nderli\u011finde payla\u015f\u0131l\u0131yor.<\/span><\/div>\n<div><span style=\"font-size: 8pt\"><br \/><strong>Motivasyonu art\u0131rmak i\u00e7in ne gibi \u00e7al\u0131\u015fmalar\u0131n\u0131z var?<\/strong><\/span><\/div>\n<div><span style=\"font-size: 8pt\">Her y\u0131l 5, 10, 15 ve 20 hizmet y\u0131l\u0131n\u0131 \u015firketimizde tamamlayan t\u00fcm personelimizi, dinlenme ve bilgi payla\u015f\u0131m imkanlar\u0131 da sunularak, Antalya veya ba\u015fka bir tatil y\u00f6remizde a\u011f\u0131rl\u0131yor, \u00f6d\u00fcl ve te\u015fekk\u00fcrlerimizi sunuyoruz. \u00d6neri sistemimiz do\u011frultusunda personelimizden gelen \u00f6nerileri de\u011ferlendiriyor ve uygulanabilir, art\u0131 de\u011fer sa\u011flayacak her \u00f6neriyi \u00f6d\u00fcllendiriyoruz. Sat\u0131\u015f ekibimizde de oldu\u011fu gibi \u015fube personelimizi de belirlenen kriterlere g\u00f6re \u015eube Te\u015fvik Primi&#8217;nden yararland\u0131rarak \u00f6d\u00fcllendiriyoruz. \u015eirketimizde i\u015fleyi\u015fi ilgilendiren pek \u00e7ok karar, \u00e7al\u0131\u015fan guruplar\u0131m\u0131z\u0131 temsilen kat\u0131lan her d\u00fczeyde personelimizle birlikte ger\u00e7ekle\u015ftirilen dan\u0131\u015fma kurullar\u0131 arac\u0131l\u0131\u011f\u0131yla al\u0131n\u0131yor, bu sayede karar s\u00fcrecinde yeralan \u00e7al\u0131\u015fanlar s\u00fcre\u00e7lere daha kat\u0131l\u0131mc\u0131 ve inan\u00e7l\u0131 oluyor. T\u00fcm bu uygulamalar\u0131n yan\u0131nda b\u00f6lgesel olarak d\u00fczenlenen piknik, grup yemekleri, spor aktivite yar\u0131\u015fmalar\u0131, belirli g\u00fcnler i\u00e7in konulu personel ve ailelerinin kat\u0131l\u0131m\u0131na y\u00f6nelik yar\u0131\u015fmalar gibi motivasyon ama\u00e7l\u0131 organizasyonlar, d\u00f6nemsel olarak ger\u00e7ekle\u015ftiriliyor. Uygulanan \u00c7al\u0131\u015fan Memnuniyeti anketleri de bu alanda yap\u0131lan ve yap\u0131lacak olan uygulamalar i\u00e7in bize y\u00f6n g\u00f6steriyor.<\/span><\/div>\n<div><span style=\"font-size: 8pt\"><br \/><strong>Kariyer.Net \u0130nsan Kaynaklar\u0131 Departman\u0131na ne gibi kolayl\u0131klar sa\u011fl\u0131yor?<\/strong><\/span><\/div>\n<div><span style=\"font-size: 8pt\">Kariyer.Net \u0130nsan Kaynaklar\u0131 Departman\u0131&#8217;n\u0131n \u00e7ok \u00f6nemli bir \u00e7\u00f6z\u00fcm orta\u011f\u0131. T\u00fcrkiye&#8217;nin her yerinde bir birimi olan, \u00e7ok yayg\u0131n bir a\u011fla hizmet veren \u015firketimizin \u00f6zellikle uzman d\u00fczeyindeki personeli ihtiyac\u0131m\u0131z\u0131n %90&#8217;n\u0131 Kariyer.net sa\u011fl\u0131yor. Aday havuzunun geni\u015fli\u011fi ile birlikte yayg\u0131nl\u0131\u011f\u0131 \u0130stanbul d\u0131\u015f\u0131nda da aday ihtiya\u00e7lar\u0131m\u0131za ayn\u0131 oranda verebilmesi bizim i\u00e7in Kariyer.net&#8217;i daha da \u00f6nemli k\u0131l\u0131yor. Ayn\u0131 zamanda hukuksal y\u00f6nlendirmeler ve yararl\u0131 makalelerle de g\u00fcndemi takip etmemizde rahatl\u0131k sa\u011fl\u0131yor.<\/span><\/div>\n<div><span style=\"font-size: 8pt\"><br \/><strong>Yurti\u00e7i Kargo olarak gelecek i\u00e7in hedefleriniz neler?<\/strong><\/span><\/div>\n<div><span style=\"font-size: 8pt\">T\u00fcrkiye&#8217;de Yurti\u00e7i Kargo, sekt\u00f6r\u00fcn\u00fcn markas\u0131 ve lideri. Liderli\u011fin gereklerini yerine getirmek Yurti\u00e7i Kargo&#8217;nun en \u00f6nemli hedefleri aras\u0131nda yer al\u0131yor. Bu ama\u00e7la hizmet se\u00e7eneklerini her ge\u00e7en g\u00fcn zenginle\u015ftiren Yurti\u00e7i Kargo, uluslararas\u0131 alanda da T\u00fcrkiye&#8217;nin d\u00fcnyaya a\u00e7\u0131lan y\u00fcz\u00fc. Buradan hareketle her t\u00fcrl\u00fc yap\u0131lanmas\u0131n\u0131; teknolojik altyap\u0131s\u0131ndan filosuna, hizmet se\u00e7eneklerinden \u0130nsan Kaynaklar\u0131&#8217;na kadar sorunsuz ve s\u0131n\u0131rs\u0131z m\u00fc\u015fteri memnuniyeti \u00fczerine in\u015fa ediyor.<\/span><\/div>\n<div style=\"margin: 0cm 0cm 10pt\">&nbsp;<\/div>\n<p><\/span><\/span><\/div>\n<!-- templates\/buttons-placeholder.php -->\n<div class=\"da-reactions-outer TpostID1858\">\n\t    <div class=\"da-reactions-data da-reactions-container-async center\"\n         data-type=\"post\"\n         data-id=\"1858\"\n         id=\"da-reactions-slot-post-1858\">\n        <div class=\"da-reactions-static\">\n\t\t\t<img src=\"https:\/\/www.kariyer.net\/kariyer-rehberi\/wp-content\/plugins\/da-reactions\/assets\/dist\/loading.svg\" alt=\"Loading spinner\" width=\"48\" height=\"48\" style=\"width:48px\" \/>\n        <\/div>\n    <\/div>\n<\/div>\n","protected":false},"excerpt":{"rendered":"<p>Sizi tan\u0131yabilir miyiz? Bir dan\u0131\u015fmanl\u0131k firmas\u0131n\u0131n Ankara ofisindeki m\u00fc\u015fteri temsilcisi olarak ba\u015flad\u0131\u011f\u0131m i\u015f hayat\u0131mda, \u015firketin \u0130stanbul&#8217;daki merkez \u0130nsan Kaynaklar\u0131 B\u00f6l\u00fcm\u00fc i\u00e7in gelen g\u00f6rev teklifiyle \u0130nsan Kaynaklar\u0131&#8217;na ad\u0131m atm\u0131\u015f oldum.1995 y\u0131l\u0131ndan sonra Bankac\u0131l\u0131k sekt\u00f6r\u00fcnde \u0130nsan Kaynaklar\u0131&#8217;n\u0131n t\u00fcm alanlar\u0131nda \u0130nsan Kaynaklar\u0131 Uzmanl\u0131\u011f\u0131 ve Y\u00f6netmenli\u011fi yapt\u0131m. 2001 Kas\u0131m ay\u0131ndan bu yana da Yurti\u00e7i Kargo Servisi A.\u015e de \u0130nsan [&hellip;]<\/p>\n<!-- templates\/buttons-placeholder.php -->\n<div class=\"da-reactions-outer TpostID1858\">\n\t    <div class=\"da-reactions-data da-reactions-container-async center\"\n         data-type=\"post\"\n         data-id=\"1858\"\n         id=\"da-reactions-slot-post-1858\">\n        <div class=\"da-reactions-static\">\n\t\t\t<img src=\"https:\/\/www.kariyer.net\/kariyer-rehberi\/wp-content\/plugins\/da-reactions\/assets\/dist\/loading.svg\" alt=\"Loading spinner\" width=\"48\" height=\"48\" style=\"width:48px\" \/>\n        <\/div>\n    <\/div>\n<\/div>\n","protected":false},"author":8,"featured_media":0,"comment_status":"open","ping_status":"open","sticky":false,"template":"","format":"standard","meta":{"footnotes":"","_elementor_edit_mode":"","_elementor_template_type":"","_elementor_data":"","_elementor_page_settings":null,"_elementor_conditions":[]},"categories":[46,2211],"tags":[],"class_list":{"0":"post-1858","1":"post","2":"type-post","3":"status-publish","4":"format-standard","6":"category-is-hayati","7":"category-kariyer-gelisimi"},"yoast_head":"<!-- This site is optimized with the Yoast SEO Premium plugin v21.4 (Yoast SEO v27.0) - https:\/\/yoast.com\/product\/yoast-seo-premium-wordpress\/ -->\n<title>Yurti\u00e7i Kargo \u0130nsan Kaynaklar\u0131 M\u00fcd\u00fcr\u00fc &#039;T\u00fclin \u00c7alhan&#039; | Kariyer Rehberi<\/title>\n<meta name=\"description\" content=\"Sizi tan\u0131yabilir miyiz?Bir dan\u0131\u015fmanl\u0131k firmas\u0131n\u0131n Ankara ofisindeki m\u00fc\u015fteri temsilcisi olarak ba\u015flad\u0131\u011f\u0131m i\u015f hayat\u0131mda, \u015firketin \u0130stanbul&#039;daki merkez \u0130nsan\" \/>\n<meta name=\"robots\" content=\"index, follow, max-snippet:-1, max-image-preview:large, max-video-preview:-1\" \/>\n<link rel=\"canonical\" href=\"https:\/\/www.kariyer.net\/kariyer-rehberi\/yurtici-kargo-insan-kaynaklari-muduru-tulin-calhan\/\" \/>\n<meta property=\"og:locale\" content=\"tr_TR\" \/>\n<meta property=\"og:type\" content=\"article\" \/>\n<meta property=\"og:title\" content=\"Yurti\u00e7i Kargo \u0130nsan Kaynaklar\u0131 M\u00fcd\u00fcr\u00fc &#039;T\u00fclin \u00c7alhan&#039;\" \/>\n<meta property=\"og:description\" content=\"Sizi tan\u0131yabilir miyiz?Bir dan\u0131\u015fmanl\u0131k firmas\u0131n\u0131n Ankara ofisindeki m\u00fc\u015fteri temsilcisi olarak ba\u015flad\u0131\u011f\u0131m i\u015f hayat\u0131mda, \u015firketin \u0130stanbul&#039;daki merkez \u0130nsan\" \/>\n<meta property=\"og:url\" content=\"https:\/\/www.kariyer.net\/kariyer-rehberi\/yurtici-kargo-insan-kaynaklari-muduru-tulin-calhan\/\" \/>\n<meta property=\"og:site_name\" content=\"Kariyer Rehberi\" \/>\n<meta property=\"article:published_time\" content=\"2007-12-03T00:00:00+00:00\" \/>\n<meta property=\"article:modified_time\" content=\"2024-07-03T12:05:41+00:00\" \/>\n<meta property=\"og:image\" content=\"http:\/\/web4.kariyer.net\/UploadFiles\/tempPhoto\/kariyerRehberi\/TULINCALHAN.jpg\" \/>\n<meta name=\"author\" content=\"Kariyer.net\" \/>\n<meta name=\"twitter:card\" content=\"summary_large_image\" \/>\n<meta name=\"twitter:label1\" content=\"Yazan:\" \/>\n\t<meta name=\"twitter:data1\" content=\"Kariyer.net\" \/>\n\t<meta name=\"twitter:label2\" content=\"Tahmini okuma s\u00fcresi\" \/>\n\t<meta name=\"twitter:data2\" content=\"6 dakika\" \/>\n<!-- \/ Yoast SEO Premium plugin. -->","yoast_head_json":{"title":"Yurti\u00e7i Kargo \u0130nsan Kaynaklar\u0131 M\u00fcd\u00fcr\u00fc 'T\u00fclin \u00c7alhan' | Kariyer Rehberi","description":"Sizi tan\u0131yabilir miyiz?Bir dan\u0131\u015fmanl\u0131k firmas\u0131n\u0131n Ankara ofisindeki m\u00fc\u015fteri temsilcisi olarak ba\u015flad\u0131\u011f\u0131m i\u015f hayat\u0131mda, \u015firketin \u0130stanbul'daki merkez \u0130nsan","robots":{"index":"index","follow":"follow","max-snippet":"max-snippet:-1","max-image-preview":"max-image-preview:large","max-video-preview":"max-video-preview:-1"},"canonical":"https:\/\/www.kariyer.net\/kariyer-rehberi\/yurtici-kargo-insan-kaynaklari-muduru-tulin-calhan\/","og_locale":"tr_TR","og_type":"article","og_title":"Yurti\u00e7i Kargo \u0130nsan Kaynaklar\u0131 M\u00fcd\u00fcr\u00fc 'T\u00fclin \u00c7alhan'","og_description":"Sizi tan\u0131yabilir miyiz?Bir dan\u0131\u015fmanl\u0131k firmas\u0131n\u0131n Ankara ofisindeki m\u00fc\u015fteri temsilcisi olarak ba\u015flad\u0131\u011f\u0131m i\u015f hayat\u0131mda, \u015firketin \u0130stanbul'daki merkez \u0130nsan","og_url":"https:\/\/www.kariyer.net\/kariyer-rehberi\/yurtici-kargo-insan-kaynaklari-muduru-tulin-calhan\/","og_site_name":"Kariyer Rehberi","article_published_time":"2007-12-03T00:00:00+00:00","article_modified_time":"2024-07-03T12:05:41+00:00","og_image":[{"url":"http:\/\/web4.kariyer.net\/UploadFiles\/tempPhoto\/kariyerRehberi\/TULINCALHAN.jpg","type":"","width":"","height":""}],"author":"Kariyer.net","twitter_card":"summary_large_image","twitter_misc":{"Yazan:":"Kariyer.net","Tahmini okuma s\u00fcresi":"6 dakika"},"schema":{"@context":"https:\/\/schema.org","@graph":[{"@type":"Article","@id":"https:\/\/www.kariyer.net\/kariyer-rehberi\/yurtici-kargo-insan-kaynaklari-muduru-tulin-calhan\/#article","isPartOf":{"@id":"https:\/\/www.kariyer.net\/kariyer-rehberi\/yurtici-kargo-insan-kaynaklari-muduru-tulin-calhan\/"},"author":{"name":"Kariyer.net","@id":"https:\/\/www.kariyer.net\/kariyer-rehberi\/#\/schema\/person\/eb36201afd42c03bc83b82060447b2c9"},"headline":"Yurti\u00e7i Kargo \u0130nsan Kaynaklar\u0131 M\u00fcd\u00fcr\u00fc &#8216;T\u00fclin \u00c7alhan&#8217;","datePublished":"2007-12-03T00:00:00+00:00","dateModified":"2024-07-03T12:05:41+00:00","mainEntityOfPage":{"@id":"https:\/\/www.kariyer.net\/kariyer-rehberi\/yurtici-kargo-insan-kaynaklari-muduru-tulin-calhan\/"},"wordCount":1221,"commentCount":0,"publisher":{"@id":"https:\/\/www.kariyer.net\/kariyer-rehberi\/#organization"},"image":{"@id":"https:\/\/www.kariyer.net\/kariyer-rehberi\/yurtici-kargo-insan-kaynaklari-muduru-tulin-calhan\/#primaryimage"},"thumbnailUrl":"http:\/\/web4.kariyer.net\/UploadFiles\/tempPhoto\/kariyerRehberi\/TULINCALHAN.jpg","articleSection":["\u0130\u015f Hayat\u0131","Kariyer Geli\u015fimi"],"inLanguage":"tr","potentialAction":[{"@type":"CommentAction","name":"Comment","target":["https:\/\/www.kariyer.net\/kariyer-rehberi\/yurtici-kargo-insan-kaynaklari-muduru-tulin-calhan\/#respond"]}]},{"@type":"WebPage","@id":"https:\/\/www.kariyer.net\/kariyer-rehberi\/yurtici-kargo-insan-kaynaklari-muduru-tulin-calhan\/","url":"https:\/\/www.kariyer.net\/kariyer-rehberi\/yurtici-kargo-insan-kaynaklari-muduru-tulin-calhan\/","name":"Yurti\u00e7i Kargo \u0130nsan Kaynaklar\u0131 M\u00fcd\u00fcr\u00fc 'T\u00fclin \u00c7alhan' | Kariyer Rehberi","isPartOf":{"@id":"https:\/\/www.kariyer.net\/kariyer-rehberi\/#website"},"primaryImageOfPage":{"@id":"https:\/\/www.kariyer.net\/kariyer-rehberi\/yurtici-kargo-insan-kaynaklari-muduru-tulin-calhan\/#primaryimage"},"image":{"@id":"https:\/\/www.kariyer.net\/kariyer-rehberi\/yurtici-kargo-insan-kaynaklari-muduru-tulin-calhan\/#primaryimage"},"thumbnailUrl":"http:\/\/web4.kariyer.net\/UploadFiles\/tempPhoto\/kariyerRehberi\/TULINCALHAN.jpg","datePublished":"2007-12-03T00:00:00+00:00","dateModified":"2024-07-03T12:05:41+00:00","description":"Sizi tan\u0131yabilir miyiz?Bir dan\u0131\u015fmanl\u0131k firmas\u0131n\u0131n Ankara ofisindeki m\u00fc\u015fteri temsilcisi olarak ba\u015flad\u0131\u011f\u0131m i\u015f hayat\u0131mda, \u015firketin \u0130stanbul'daki merkez \u0130nsan","breadcrumb":{"@id":"https:\/\/www.kariyer.net\/kariyer-rehberi\/yurtici-kargo-insan-kaynaklari-muduru-tulin-calhan\/#breadcrumb"},"inLanguage":"tr","potentialAction":[{"@type":"ReadAction","target":["https:\/\/www.kariyer.net\/kariyer-rehberi\/yurtici-kargo-insan-kaynaklari-muduru-tulin-calhan\/"]}]},{"@type":"ImageObject","inLanguage":"tr","@id":"https:\/\/www.kariyer.net\/kariyer-rehberi\/yurtici-kargo-insan-kaynaklari-muduru-tulin-calhan\/#primaryimage","url":"http:\/\/web4.kariyer.net\/UploadFiles\/tempPhoto\/kariyerRehberi\/TULINCALHAN.jpg","contentUrl":"http:\/\/web4.kariyer.net\/UploadFiles\/tempPhoto\/kariyerRehberi\/TULINCALHAN.jpg"},{"@type":"BreadcrumbList","@id":"https:\/\/www.kariyer.net\/kariyer-rehberi\/yurtici-kargo-insan-kaynaklari-muduru-tulin-calhan\/#breadcrumb","itemListElement":[{"@type":"ListItem","position":1,"name":"Anasayfa","item":"https:\/\/www.kariyer.net\/kariyer-rehberi\/"},{"@type":"ListItem","position":2,"name":"Yurti\u00e7i Kargo \u0130nsan Kaynaklar\u0131 M\u00fcd\u00fcr\u00fc &#8216;T\u00fclin \u00c7alhan&#8217;"}]},{"@type":"WebSite","@id":"https:\/\/www.kariyer.net\/kariyer-rehberi\/#website","url":"https:\/\/www.kariyer.net\/kariyer-rehberi\/","name":"Kariyer Rehberi","description":"\u0130\u015f D\u00fcnyas\u0131yla \u0130lgili Bilmek \u0130stedi\u011finiz Her \u015eey","publisher":{"@id":"https:\/\/www.kariyer.net\/kariyer-rehberi\/#organization"},"potentialAction":[{"@type":"SearchAction","target":{"@type":"EntryPoint","urlTemplate":"https:\/\/www.kariyer.net\/kariyer-rehberi\/?s={search_term_string}"},"query-input":{"@type":"PropertyValueSpecification","valueRequired":true,"valueName":"search_term_string"}}],"inLanguage":"tr"},{"@type":"Organization","@id":"https:\/\/www.kariyer.net\/kariyer-rehberi\/#organization","name":"Kariyer.net","url":"https:\/\/www.kariyer.net\/kariyer-rehberi\/","logo":{"@type":"ImageObject","inLanguage":"tr","@id":"https:\/\/www.kariyer.net\/kariyer-rehberi\/#\/schema\/logo\/image\/","url":"https:\/\/www.kariyer.net\/kariyer-rehberi-new\/wp-content\/uploads\/2023\/01\/og-image11.jpg","contentUrl":"https:\/\/www.kariyer.net\/kariyer-rehberi-new\/wp-content\/uploads\/2023\/01\/og-image11.jpg","width":800,"height":800,"caption":"Kariyer.net"},"image":{"@id":"https:\/\/www.kariyer.net\/kariyer-rehberi\/#\/schema\/logo\/image\/"}},{"@type":"Person","@id":"https:\/\/www.kariyer.net\/kariyer-rehberi\/#\/schema\/person\/eb36201afd42c03bc83b82060447b2c9","name":"Kariyer.net","image":{"@type":"ImageObject","inLanguage":"tr","@id":"https:\/\/www.kariyer.net\/kariyer-rehberi\/#\/schema\/person\/image\/","url":"https:\/\/secure.gravatar.com\/avatar\/ddce3ac68cb52fb2ae004bcee334e49ccc6361fefd68c5f6f4d2a86630c28b2e?s=96&d=mm&r=g","contentUrl":"https:\/\/secure.gravatar.com\/avatar\/ddce3ac68cb52fb2ae004bcee334e49ccc6361fefd68c5f6f4d2a86630c28b2e?s=96&d=mm&r=g","caption":"Kariyer.net"},"url":"https:\/\/www.kariyer.net\/kariyer-rehberi\/author\/kariyer-net\/"}]}},"_links":{"self":[{"href":"https:\/\/www.kariyer.net\/kariyer-rehberi\/wp-json\/wp\/v2\/posts\/1858","targetHints":{"allow":["GET"]}}],"collection":[{"href":"https:\/\/www.kariyer.net\/kariyer-rehberi\/wp-json\/wp\/v2\/posts"}],"about":[{"href":"https:\/\/www.kariyer.net\/kariyer-rehberi\/wp-json\/wp\/v2\/types\/post"}],"author":[{"embeddable":true,"href":"https:\/\/www.kariyer.net\/kariyer-rehberi\/wp-json\/wp\/v2\/users\/8"}],"replies":[{"embeddable":true,"href":"https:\/\/www.kariyer.net\/kariyer-rehberi\/wp-json\/wp\/v2\/comments?post=1858"}],"version-history":[{"count":1,"href":"https:\/\/www.kariyer.net\/kariyer-rehberi\/wp-json\/wp\/v2\/posts\/1858\/revisions"}],"predecessor-version":[{"id":19162,"href":"https:\/\/www.kariyer.net\/kariyer-rehberi\/wp-json\/wp\/v2\/posts\/1858\/revisions\/19162"}],"wp:attachment":[{"href":"https:\/\/www.kariyer.net\/kariyer-rehberi\/wp-json\/wp\/v2\/media?parent=1858"}],"wp:term":[{"taxonomy":"category","embeddable":true,"href":"https:\/\/www.kariyer.net\/kariyer-rehberi\/wp-json\/wp\/v2\/categories?post=1858"},{"taxonomy":"post_tag","embeddable":true,"href":"https:\/\/www.kariyer.net\/kariyer-rehberi\/wp-json\/wp\/v2\/tags?post=1858"}],"curies":[{"name":"wp","href":"https:\/\/api.w.org\/{rel}","templated":true}]}}