{"id":1876,"date":"2007-10-10T03:00:00","date_gmt":"2007-10-10T00:00:00","guid":{"rendered":"http:\/\/92.45.35.169\/stefanel-genel-muduru-fusun-cevikel\/"},"modified":"2024-07-03T14:57:49","modified_gmt":"2024-07-03T11:57:49","slug":"stefanel-genel-muduru-fusun-cevikel","status":"publish","type":"post","link":"https:\/\/www.kariyer.net\/kariyer-rehberi\/stefanel-genel-muduru-fusun-cevikel\/","title":{"rendered":"Stefanel Genel M\u00fcd\u00fcr\u00fc &#8216;F\u00fcsun \u00c7evikel&#8217;"},"content":{"rendered":"<p>&nbsp;<\/p>\n<p><b>Kendinizden k\u0131saca bahseder misiniz?<\/b><\/p>\n<p>Stefanel&#8217;de \u00fc\u00e7\u00fcnc\u00fc y\u0131l\u0131m\u0131 doldurmaktay\u0131m. Mali ve \u0130dari \u0130\u015fler M\u00fcd\u00fcr\u00fc olarak ba\u015flay\u0131p 2002 y\u0131l\u0131ndan beri Genel M\u00fcd\u00fcrl\u00fck yapmaktay\u0131m. Markam\u0131z\u0131n her ge\u00e7en g\u00fcn T\u00fcrkiye&#8217;de yayg\u0131nla\u015f\u0131p yeni Stefanel severlerle bulu\u015fmas\u0131n\u0131 seyretmekten b\u00fcy\u00fck mutluluk duyuyorum.<\/p>\n<p><b><br \/>\nStefanel&#8217;in ve sekt\u00f6r\u00fcn\u00fcn gelece\u011fi hakk\u0131ndaki g\u00f6r\u00fc\u015flerinizi alabilir miyiz?<\/b><\/p>\n<p>Stefanel, T\u00fcrkiye&#8217;yi gen\u00e7 n\u00fcfus yo\u011funlu\u011funu da g\u00f6z \u00f6n\u00fcnde bulundurarak \u00e7ok \u00f6nemli bir stratejik Pazar olarak g\u00f6rmektedir. T\u00fcrkiye pazar\u0131n\u0131n potansiyeline olan g\u00fcven ile T\u00fcrkiye&#8217;deki yat\u0131r\u0131mlar\u0131n\u0131 ve b\u00fcy\u00fcme h\u0131z\u0131n\u0131 s\u00fcrd\u00fcrmektedir.<\/p>\n<p><b><br \/>\nStefanel&#8217;in misyonu ve vizyonu ile ilgili bilgi alabilir miyiz?<\/b><\/p>\n<p>Stefanel&#8217;in misyonu T\u00fcrkiye&#8217;de \u00fcr\u00fcn kalitesi ve uygun fiyat politikas\u0131 ile hak etti\u011fi yere gelmektedir. Stefanel&#8217;in vizyonu ise do\u011fru bayilerle do\u011fru \u00fcr\u00fcn\u00fc bir araya getirerek Stefanel t\u00fcketicisine hem \u00fcr\u00fcnlerimize ula\u015fabilirli\u011fi hem de marka ba\u011f\u0131ml\u0131l\u0131\u011f\u0131n\u0131 peki\u015ftirmektir.<\/p>\n<p><b><br \/>\nStefanel&#8217;in pazarlama ve reklam konusunda izledi\u011fi politikas\u0131 nedir?<\/b><\/p>\n<p>Stefanel m\u00fcmk\u00fcn olan t\u00fcm medyay\u0131 kullanarak t\u00fcketicilerine pazarlama yapmaktad\u0131r. Daha yo\u011fun kulland\u0131\u011f\u0131m\u0131z medya kanallar\u0131 dergiler ve g\u00fcnl\u00fck gazetelerdir.<\/p>\n<p><b><br \/>\nYeni \u00fcr\u00fcnlerinizin pazara entegresinin sa\u011flanmas\u0131nda nas\u0131l bir yol izliyorsunuz?<\/b><\/p>\n<p>\u00dcr\u00fcnlerimizin hepsi \u0130talya&#8217;da \u00fcretilip ithal edilmektedir. Pazarla entegreyi t\u00fcm koleksiyonun i\u00e7inden T\u00fcrk t\u00fcketicisine en uygun \u00fcr\u00fcn yelpazesini se\u00e7erek sa\u011fl\u0131yoruz.<\/p>\n<p><b><br \/>\n\u0130\u015fe al\u0131m politikan\u0131z nedir ? \u0130\u015fe al\u0131mlarda Kariyer.net size ne gibi faydalar sa\u011fl\u0131yor?<\/b><\/p>\n<p>\u0130\u015fe al\u0131mlarda bug\u00fcne kadar klasik y\u00f6ntem diyebilece\u011fimiz gazete ilanlar\u0131n\u0131 kullan\u0131yorduk. Fakat Kariyer.net gibi g\u00fcn\u00fcm\u00fcz teknolojisine uygunlu\u011fu ve veritaban\u0131n\u0131n g\u00fc\u00e7l\u00fcl\u00fc\u011f\u00fc a\u00e7\u0131s\u0131ndan bizi \u00e7ok daha fazla tatmin edecek bir kurum ile kar\u015f\u0131la\u015f\u0131nca bundan sonra sizlerle \u00e7al\u0131\u015fmaya karar verdik.<\/p>\n<p><b><br \/>\nMarka olu\u015fturma konusunda en \u00e7ok dikkat etmesi gereken nokta sizce nedir?<\/b><\/p>\n<p>Marka olmak ve olu\u015fturmak konusundan en dikkat edilmesi gereken konu t\u00fcketicidir. T\u00fcketici \u00e7ok ak\u0131ll\u0131d\u0131r ve t\u00fcketiciyle olan ili\u015fkide gerek ma\u011fazada aktif sat\u0131\u015fta gerek reklam konusunda do\u011fru ve d\u00fczenli yakla\u015f\u0131m \u00e7ok \u00f6nemlidir.<\/p>\n<p><b><br \/>\n2003 y\u0131l\u0131 hedefleriniz nelerdir?<\/b><\/p>\n<p>2003 y\u0131l\u0131na sava\u015f gibi tats\u0131z bir olaya ra\u011fmen \u00e7ok g\u00fczel bir ba\u015flang\u0131\u00e7 yapt\u0131k. Hedefimiz bu durumumuzu s\u00fcrd\u00fcrmek ve bayilik sistemimiz ile b\u00fcy\u00fcmeye devam etmek.<\/p>\n<p><b><br \/>\nEklemek istedikleriniz&#8230;<\/b><\/p>\n<p>Stefanel 1998 y\u0131l\u0131nda son verdi\u011fi distrut\u00f6rl\u00fck anla\u015fmas\u0131ndan sonra 2001 y\u0131l\u0131nda T\u00fcrkiye pazar\u0131na 100% \u0130talyan yat\u0131r\u0131m\u0131 ile kendisi girmi\u015ftir. Ge\u00e7ti\u011fimiz iki y\u0131l s\u00fcrecinde istikrarl\u0131 b\u00fcy\u00fcme politikas\u0131n\u0131 s\u00fcrd\u00fcrm\u00fc\u015f ve ayn\u0131 h\u0131zla b\u00fcy\u00fcmeye devam etmektedir. \u015eu anda T\u00fcrkiye&#8217;de Stefanel severlere 20 sat\u0131\u015f noktas\u0131ndan ula\u015fmaktad\u0131r.<\/p>\n<p>&nbsp;<\/p>\n<p>&nbsp;<\/p>\n<p>&nbsp;<\/p>\n<!-- templates\/buttons-placeholder.php -->\n<div class=\"da-reactions-outer TpostID1876\">\n\t    <div class=\"da-reactions-data da-reactions-container-async center\"\n         data-type=\"post\"\n         data-id=\"1876\"\n         id=\"da-reactions-slot-post-1876\">\n        <div class=\"da-reactions-static\">\n\t\t\t<img src=\"https:\/\/www.kariyer.net\/kariyer-rehberi\/wp-content\/plugins\/da-reactions\/assets\/dist\/loading.svg\" alt=\"Loading spinner\" width=\"48\" height=\"48\" style=\"width:48px\" \/>\n        <\/div>\n    <\/div>\n<\/div>\n","protected":false},"excerpt":{"rendered":"<p>&nbsp; Kendinizden k\u0131saca bahseder misiniz? Stefanel&#8217;de \u00fc\u00e7\u00fcnc\u00fc y\u0131l\u0131m\u0131 doldurmaktay\u0131m. Mali ve \u0130dari \u0130\u015fler M\u00fcd\u00fcr\u00fc olarak ba\u015flay\u0131p 2002 y\u0131l\u0131ndan beri Genel M\u00fcd\u00fcrl\u00fck yapmaktay\u0131m. Markam\u0131z\u0131n her ge\u00e7en g\u00fcn T\u00fcrkiye&#8217;de yayg\u0131nla\u015f\u0131p yeni Stefanel severlerle bulu\u015fmas\u0131n\u0131 seyretmekten b\u00fcy\u00fck mutluluk duyuyorum. Stefanel&#8217;in ve sekt\u00f6r\u00fcn\u00fcn gelece\u011fi hakk\u0131ndaki g\u00f6r\u00fc\u015flerinizi alabilir miyiz? Stefanel, T\u00fcrkiye&#8217;yi gen\u00e7 n\u00fcfus yo\u011funlu\u011funu da g\u00f6z \u00f6n\u00fcnde bulundurarak \u00e7ok \u00f6nemli [&hellip;]<\/p>\n<!-- templates\/buttons-placeholder.php -->\n<div class=\"da-reactions-outer TpostID1876\">\n\t    <div class=\"da-reactions-data da-reactions-container-async center\"\n         data-type=\"post\"\n         data-id=\"1876\"\n         id=\"da-reactions-slot-post-1876\">\n        <div class=\"da-reactions-static\">\n\t\t\t<img src=\"https:\/\/www.kariyer.net\/kariyer-rehberi\/wp-content\/plugins\/da-reactions\/assets\/dist\/loading.svg\" alt=\"Loading spinner\" width=\"48\" height=\"48\" style=\"width:48px\" \/>\n        <\/div>\n    <\/div>\n<\/div>\n","protected":false},"author":8,"featured_media":0,"comment_status":"open","ping_status":"open","sticky":false,"template":"","format":"standard","meta":{"footnotes":"","_elementor_edit_mode":"","_elementor_template_type":"","_elementor_data":"","_elementor_page_settings":null,"_elementor_conditions":[]},"categories":[2203],"tags":[],"class_list":{"0":"post-1876","1":"post","2":"type-post","3":"status-publish","4":"format-standard","6":"category-haberler-duyurular"},"yoast_head":"<!-- This site is optimized with the Yoast SEO Premium plugin v21.4 (Yoast SEO v27.0) - https:\/\/yoast.com\/product\/yoast-seo-premium-wordpress\/ -->\n<title>Stefanel Genel M\u00fcd\u00fcr\u00fc &#039;F\u00fcsun \u00c7evikel&#039; | Kariyer Rehberi<\/title>\n<meta name=\"description\" content=\"&nbsp; Kendinizden k\u0131saca bahseder misiniz? Stefanel&#039;de \u00fc\u00e7\u00fcnc\u00fc y\u0131l\u0131m\u0131 doldurmaktay\u0131m. Mali ve \u0130dari \u0130\u015fler M\u00fcd\u00fcr\u00fc olarak ba\u015flay\u0131p 2002 y\u0131l\u0131ndan beri Genel\" \/>\n<meta name=\"robots\" content=\"index, follow, max-snippet:-1, max-image-preview:large, max-video-preview:-1\" \/>\n<link rel=\"canonical\" href=\"https:\/\/www.kariyer.net\/kariyer-rehberi\/stefanel-genel-muduru-fusun-cevikel\/\" \/>\n<meta property=\"og:locale\" content=\"tr_TR\" \/>\n<meta property=\"og:type\" content=\"article\" \/>\n<meta property=\"og:title\" content=\"Stefanel Genel M\u00fcd\u00fcr\u00fc &#039;F\u00fcsun \u00c7evikel&#039;\" \/>\n<meta property=\"og:description\" content=\"&nbsp; Kendinizden k\u0131saca bahseder misiniz? Stefanel&#039;de \u00fc\u00e7\u00fcnc\u00fc y\u0131l\u0131m\u0131 doldurmaktay\u0131m. Mali ve \u0130dari \u0130\u015fler M\u00fcd\u00fcr\u00fc olarak ba\u015flay\u0131p 2002 y\u0131l\u0131ndan beri Genel\" \/>\n<meta property=\"og:url\" content=\"https:\/\/www.kariyer.net\/kariyer-rehberi\/stefanel-genel-muduru-fusun-cevikel\/\" \/>\n<meta property=\"og:site_name\" content=\"Kariyer Rehberi\" \/>\n<meta property=\"article:published_time\" content=\"2007-10-10T00:00:00+00:00\" \/>\n<meta property=\"article:modified_time\" content=\"2024-07-03T11:57:49+00:00\" \/>\n<meta name=\"author\" content=\"Kariyer.net\" \/>\n<meta name=\"twitter:card\" content=\"summary_large_image\" \/>\n<meta name=\"twitter:label1\" content=\"Yazan:\" \/>\n\t<meta name=\"twitter:data1\" content=\"Kariyer.net\" \/>\n\t<meta name=\"twitter:label2\" content=\"Tahmini okuma s\u00fcresi\" \/>\n\t<meta name=\"twitter:data2\" content=\"2 dakika\" \/>\n<!-- \/ Yoast SEO Premium plugin. -->","yoast_head_json":{"title":"Stefanel Genel M\u00fcd\u00fcr\u00fc 'F\u00fcsun \u00c7evikel' | Kariyer Rehberi","description":"&nbsp; Kendinizden k\u0131saca bahseder misiniz? Stefanel'de \u00fc\u00e7\u00fcnc\u00fc y\u0131l\u0131m\u0131 doldurmaktay\u0131m. Mali ve \u0130dari \u0130\u015fler M\u00fcd\u00fcr\u00fc olarak ba\u015flay\u0131p 2002 y\u0131l\u0131ndan beri Genel","robots":{"index":"index","follow":"follow","max-snippet":"max-snippet:-1","max-image-preview":"max-image-preview:large","max-video-preview":"max-video-preview:-1"},"canonical":"https:\/\/www.kariyer.net\/kariyer-rehberi\/stefanel-genel-muduru-fusun-cevikel\/","og_locale":"tr_TR","og_type":"article","og_title":"Stefanel Genel M\u00fcd\u00fcr\u00fc 'F\u00fcsun \u00c7evikel'","og_description":"&nbsp; Kendinizden k\u0131saca bahseder misiniz? Stefanel'de \u00fc\u00e7\u00fcnc\u00fc y\u0131l\u0131m\u0131 doldurmaktay\u0131m. Mali ve \u0130dari \u0130\u015fler M\u00fcd\u00fcr\u00fc olarak ba\u015flay\u0131p 2002 y\u0131l\u0131ndan beri Genel","og_url":"https:\/\/www.kariyer.net\/kariyer-rehberi\/stefanel-genel-muduru-fusun-cevikel\/","og_site_name":"Kariyer Rehberi","article_published_time":"2007-10-10T00:00:00+00:00","article_modified_time":"2024-07-03T11:57:49+00:00","author":"Kariyer.net","twitter_card":"summary_large_image","twitter_misc":{"Yazan:":"Kariyer.net","Tahmini okuma s\u00fcresi":"2 dakika"},"schema":{"@context":"https:\/\/schema.org","@graph":[{"@type":"Article","@id":"https:\/\/www.kariyer.net\/kariyer-rehberi\/stefanel-genel-muduru-fusun-cevikel\/#article","isPartOf":{"@id":"https:\/\/www.kariyer.net\/kariyer-rehberi\/stefanel-genel-muduru-fusun-cevikel\/"},"author":{"name":"Kariyer.net","@id":"https:\/\/www.kariyer.net\/kariyer-rehberi\/#\/schema\/person\/eb36201afd42c03bc83b82060447b2c9"},"headline":"Stefanel Genel M\u00fcd\u00fcr\u00fc &#8216;F\u00fcsun \u00c7evikel&#8217;","datePublished":"2007-10-10T00:00:00+00:00","dateModified":"2024-07-03T11:57:49+00:00","mainEntityOfPage":{"@id":"https:\/\/www.kariyer.net\/kariyer-rehberi\/stefanel-genel-muduru-fusun-cevikel\/"},"wordCount":519,"commentCount":0,"publisher":{"@id":"https:\/\/www.kariyer.net\/kariyer-rehberi\/#organization"},"articleSection":["Haberler ve Duyurular"],"inLanguage":"tr","potentialAction":[{"@type":"CommentAction","name":"Comment","target":["https:\/\/www.kariyer.net\/kariyer-rehberi\/stefanel-genel-muduru-fusun-cevikel\/#respond"]}]},{"@type":"WebPage","@id":"https:\/\/www.kariyer.net\/kariyer-rehberi\/stefanel-genel-muduru-fusun-cevikel\/","url":"https:\/\/www.kariyer.net\/kariyer-rehberi\/stefanel-genel-muduru-fusun-cevikel\/","name":"Stefanel Genel M\u00fcd\u00fcr\u00fc 'F\u00fcsun \u00c7evikel' | Kariyer Rehberi","isPartOf":{"@id":"https:\/\/www.kariyer.net\/kariyer-rehberi\/#website"},"datePublished":"2007-10-10T00:00:00+00:00","dateModified":"2024-07-03T11:57:49+00:00","description":"&nbsp; Kendinizden k\u0131saca bahseder misiniz? Stefanel'de \u00fc\u00e7\u00fcnc\u00fc y\u0131l\u0131m\u0131 doldurmaktay\u0131m. Mali ve \u0130dari \u0130\u015fler M\u00fcd\u00fcr\u00fc olarak ba\u015flay\u0131p 2002 y\u0131l\u0131ndan beri Genel","breadcrumb":{"@id":"https:\/\/www.kariyer.net\/kariyer-rehberi\/stefanel-genel-muduru-fusun-cevikel\/#breadcrumb"},"inLanguage":"tr","potentialAction":[{"@type":"ReadAction","target":["https:\/\/www.kariyer.net\/kariyer-rehberi\/stefanel-genel-muduru-fusun-cevikel\/"]}]},{"@type":"BreadcrumbList","@id":"https:\/\/www.kariyer.net\/kariyer-rehberi\/stefanel-genel-muduru-fusun-cevikel\/#breadcrumb","itemListElement":[{"@type":"ListItem","position":1,"name":"Anasayfa","item":"https:\/\/www.kariyer.net\/kariyer-rehberi\/"},{"@type":"ListItem","position":2,"name":"Stefanel Genel M\u00fcd\u00fcr\u00fc &#8216;F\u00fcsun \u00c7evikel&#8217;"}]},{"@type":"WebSite","@id":"https:\/\/www.kariyer.net\/kariyer-rehberi\/#website","url":"https:\/\/www.kariyer.net\/kariyer-rehberi\/","name":"Kariyer Rehberi","description":"\u0130\u015f D\u00fcnyas\u0131yla \u0130lgili Bilmek \u0130stedi\u011finiz Her \u015eey","publisher":{"@id":"https:\/\/www.kariyer.net\/kariyer-rehberi\/#organization"},"potentialAction":[{"@type":"SearchAction","target":{"@type":"EntryPoint","urlTemplate":"https:\/\/www.kariyer.net\/kariyer-rehberi\/?s={search_term_string}"},"query-input":{"@type":"PropertyValueSpecification","valueRequired":true,"valueName":"search_term_string"}}],"inLanguage":"tr"},{"@type":"Organization","@id":"https:\/\/www.kariyer.net\/kariyer-rehberi\/#organization","name":"Kariyer.net","url":"https:\/\/www.kariyer.net\/kariyer-rehberi\/","logo":{"@type":"ImageObject","inLanguage":"tr","@id":"https:\/\/www.kariyer.net\/kariyer-rehberi\/#\/schema\/logo\/image\/","url":"https:\/\/www.kariyer.net\/kariyer-rehberi-new\/wp-content\/uploads\/2023\/01\/og-image11.jpg","contentUrl":"https:\/\/www.kariyer.net\/kariyer-rehberi-new\/wp-content\/uploads\/2023\/01\/og-image11.jpg","width":800,"height":800,"caption":"Kariyer.net"},"image":{"@id":"https:\/\/www.kariyer.net\/kariyer-rehberi\/#\/schema\/logo\/image\/"}},{"@type":"Person","@id":"https:\/\/www.kariyer.net\/kariyer-rehberi\/#\/schema\/person\/eb36201afd42c03bc83b82060447b2c9","name":"Kariyer.net","image":{"@type":"ImageObject","inLanguage":"tr","@id":"https:\/\/www.kariyer.net\/kariyer-rehberi\/#\/schema\/person\/image\/","url":"https:\/\/secure.gravatar.com\/avatar\/ddce3ac68cb52fb2ae004bcee334e49ccc6361fefd68c5f6f4d2a86630c28b2e?s=96&d=mm&r=g","contentUrl":"https:\/\/secure.gravatar.com\/avatar\/ddce3ac68cb52fb2ae004bcee334e49ccc6361fefd68c5f6f4d2a86630c28b2e?s=96&d=mm&r=g","caption":"Kariyer.net"},"url":"https:\/\/www.kariyer.net\/kariyer-rehberi\/author\/kariyer-net\/"}]}},"_links":{"self":[{"href":"https:\/\/www.kariyer.net\/kariyer-rehberi\/wp-json\/wp\/v2\/posts\/1876","targetHints":{"allow":["GET"]}}],"collection":[{"href":"https:\/\/www.kariyer.net\/kariyer-rehberi\/wp-json\/wp\/v2\/posts"}],"about":[{"href":"https:\/\/www.kariyer.net\/kariyer-rehberi\/wp-json\/wp\/v2\/types\/post"}],"author":[{"embeddable":true,"href":"https:\/\/www.kariyer.net\/kariyer-rehberi\/wp-json\/wp\/v2\/users\/8"}],"replies":[{"embeddable":true,"href":"https:\/\/www.kariyer.net\/kariyer-rehberi\/wp-json\/wp\/v2\/comments?post=1876"}],"version-history":[{"count":1,"href":"https:\/\/www.kariyer.net\/kariyer-rehberi\/wp-json\/wp\/v2\/posts\/1876\/revisions"}],"predecessor-version":[{"id":18947,"href":"https:\/\/www.kariyer.net\/kariyer-rehberi\/wp-json\/wp\/v2\/posts\/1876\/revisions\/18947"}],"wp:attachment":[{"href":"https:\/\/www.kariyer.net\/kariyer-rehberi\/wp-json\/wp\/v2\/media?parent=1876"}],"wp:term":[{"taxonomy":"category","embeddable":true,"href":"https:\/\/www.kariyer.net\/kariyer-rehberi\/wp-json\/wp\/v2\/categories?post=1876"},{"taxonomy":"post_tag","embeddable":true,"href":"https:\/\/www.kariyer.net\/kariyer-rehberi\/wp-json\/wp\/v2\/tags?post=1876"}],"curies":[{"name":"wp","href":"https:\/\/api.w.org\/{rel}","templated":true}]}}