{"id":1893,"date":"2007-10-10T03:00:00","date_gmt":"2007-10-10T00:00:00","guid":{"rendered":"http:\/\/92.45.35.169\/volvo-otomotiv-turk-ltd-sti-mali-ve-idari-isler-direktoru-kerem-vulas\/"},"modified":"2024-07-03T14:57:49","modified_gmt":"2024-07-03T11:57:49","slug":"volvo-otomotiv-turk-ltd-sti-mali-ve-idari-isler-direktoru-kerem-vulas","status":"publish","type":"post","link":"https:\/\/www.kariyer.net\/kariyer-rehberi\/volvo-otomotiv-turk-ltd-sti-mali-ve-idari-isler-direktoru-kerem-vulas\/","title":{"rendered":"Volvo Otomotiv T\u00fcrk Ltd. \u015eti. Mali ve \u0130dari \u0130\u015fler Direkt\u00f6r\u00fc &#8216;Kerem Vula\u015f&#8217;"},"content":{"rendered":"<p>&nbsp;<\/p>\n<p><b>Kendinizle ilgili k\u0131saca bilgi verir misiniz ?<\/b><\/p>\n<p>1972&#8217;de \u0130stanbul&#8217;da do\u011fdum ve e\u011fitimimin tamam\u0131n\u0131 bu \u015fehirde ald\u0131m. \u0130stanbul \u00dcniversitesi&#8217;nden 1994 y\u0131l\u0131nda mezun olduktan sonra, o zamanki ismiyle, Coopers &amp; Lybrand&#8217;e kat\u0131ld\u0131m ve d\u00f6rt y\u0131l boyunca denetim b\u00f6l\u00fcm\u00fcnde \u00e7al\u0131\u015ft\u0131m. Askerlik sonras\u0131nda, 1 Ocak 1999&#8217;da, Volvo T\u00fcrk Ltd.&#8217;e kat\u0131ld\u0131m ve Volvo&#8217;nun T\u00fcrkiye&#8217;deki yap\u0131lanmas\u0131nda bilfiil \u00e7al\u0131\u015ft\u0131m. Halen, Volvo T\u00fcrk Ltd.&#8217;nin CFO (Mali \u0130\u015fler Direkt\u00f6r\u00fc)&#8217;su ve Y\u00f6netim Kurulu \u00dcyesi olarak g\u00f6revime devam ediyorum. Bu g\u00f6revimin d\u0131\u015f\u0131nda, Volvo T\u00fcrk Ltd.&#8217;yi YASED (Yabanc\u0131 Sermaye Derne\u011fi)&#8217;de ve TA\u0130D (Ticari Ara\u00e7 \u0130thalat\u00e7\u0131lar\u0131 Derne\u011fi)&#8217;de temsil etmekteyim.<\/p>\n<p><b>Volvo T\u00fcrk Ltd.&#8217;nin ve otomotiv sekt\u00f6r\u00fcn\u00fcn gelece\u011fi hakk\u0131ndaki g\u00f6r\u00fc\u015fleriniz nelerdir?<\/b><\/p>\n<p>Volvo Grup; d\u00fcnyadaki ve T\u00fcrkiye&#8217;deki konumu itibariyle, ticari ara\u00e7 \u00fcretimi ve pazarlamas\u0131 konusunda en b\u00fcy\u00fck oyunculardan bir tanesi. Beklentim, bu g\u00fc\u00e7l\u00fc konumun gelecekteki muhtemel birle\u015fme ve sat\u0131n almalarla daha da kuvvetlenece\u011fi y\u00f6n\u00fcnde. Volvo, kamyon ve \u00e7ekici pazar\u0131nda Avrupa&#8217;n\u0131n en b\u00fcy\u00fck , d\u00fcnyan\u0131n ise ikinci en b\u00fcy\u00fck \u00fcreticisi ve Renault Kamyonlar\u0131&#8217;n\u0131n ve Mack Kamyonlar\u0131&#8217;n\u0131n tamam\u0131na, Scania Kamyonlar\u0131&#8217;n\u0131n ise %46&#8217;s\u0131na sahip. Bir di\u011fer \u00f6nemli sekt\u00f6r olan \u0130\u015f Makinalar\u0131&#8217;nda da d\u00fcnyada ilk \u00fc\u00e7te ve b\u00fcy\u00fck bir at\u0131l\u0131m i\u00e7inde. Deniz ve end\u00fcstriyel motorlar konusunda da &#8220;Volvo Penta&#8221; ad\u0131 alt\u0131nda bir ba\u015fka d\u00fcnya devini b\u00fcnyesinde bulunduruyor. Volvo Otob\u00fcsleri&#8217;nin de ileriki d\u00f6nemlerde T\u00fcrkiye&#8217;ye ilgi g\u00f6stereceklerini biliyorum. Bu uluslararas\u0131 bilgi ve birikimin, T\u00fcrkiye&#8217;ye yans\u0131mas\u0131 da, tabii ki, kuvvetli ve b\u00fcy\u00fck bir markan\u0131n yat\u0131r\u0131m\u0131 olarak ortaya \u00e7\u0131k\u0131yor. T\u00fcm bunlar\u0131 arkam\u0131za ald\u0131\u011f\u0131m\u0131zda, Volvo T\u00fcrk Ltd.&#8217;nin T\u00fcrkiye&#8217;de 1994&#8217;ten bu yana elde etti\u011fi ba\u015far\u0131 ve bundan sonras\u0131 i\u00e7in hedeflediklerinin tamam\u0131 olduk\u00e7a heyecan verici.<\/p>\n<p>Kamyon ve \u00e7ekici, i\u015f makinalar\u0131, deniz ve end\u00fcstriyel motorlar\u0131 sekt\u00f6rlerinin gelece\u011finin \u00fclkemizde \u00e7ok parlak bir gelece\u011fe sahip oldu\u011funa inan\u0131yorum. D\u00fcnya haritas\u0131na bak\u0131ld\u0131\u011f\u0131nda T\u00fcrkiye&#8217;nin do\u011fal co\u011frafi bir k\u00f6pr\u00fc oldu\u011funu g\u00f6r\u00fcyoruz, bu bize kamyon ve otob\u00fcs sekt\u00f6r\u00fcn\u00fcn gelece\u011fi hakk\u0131nda bir g\u00f6r\u00fc\u015f verir. Yine, etraf\u0131m\u0131z\u0131n denizlerle \u00e7evrili oldu\u011funu g\u00f6r\u00fcyoruz, bu da bize deniz ve end\u00fcstriyel motorlar i\u00e7in bir fikir verir. Nihayet, b\u00fcy\u00fck \u015fehirlerimizin d\u0131\u015f\u0131na k\u0131sa bir yolculuk yapt\u0131\u011f\u0131n\u0131zda, bay\u0131nd\u0131rl\u0131k konusunda potansiyelleri hemen fark edersiniz, bu da bize i\u015f makinalar\u0131 sekt\u00f6r\u00fcn\u00fcn gelece\u011fi y\u00f6n\u00fcnden bir intiba verir. Bu y\u00fczden, gelecek hem bu sayd\u0131\u011f\u0131m sekt\u00f6rler i\u00e7in, hem de Volvo T\u00fcrk Ltd. i\u00e7in b\u00fcy\u00fck f\u0131rsatlar sunacakt\u0131r. Bizlerin g\u00f6revi ise, bu f\u0131rsatlar\u0131 Volvo&#8217;nun \u00fc\u00e7 ana ekseni i\u00e7inde (g\u00fcvenlik, kalite ve \u00e7evre) \u00fclkemizin de faydas\u0131na olacak \u015fekilde de\u011ferlendirmek.<\/p>\n<p><b>Volvo T\u00fcrk Ltd&#8217;de kurumsal e\u011fitim uyguluyor musunuz? Uyguluyorsan\u0131z i\u00e7erikleri ve yap\u0131lar\u0131 ile ilgili bilgi alabilir miyiz?<\/b><\/p>\n<p>\u015eirket i\u00e7i teknik e\u011fitimlerimiz t\u00fcm sene boyunca devam ediyor ve sadece Volvo T\u00fcrk Ltd. elemanlar\u0131n\u0131 de\u011fil, bayilerimizin elemanlar\u0131n\u0131 da kaps\u0131yor. Teknik konular haricinde de, mali i\u015fler, ithalat, insan kaynaklar\u0131 ve bilgi i\u015flem departmanlar\u0131m\u0131zda \u00e7al\u0131\u015fan elemanlar\u0131m\u0131za da ilgili e\u011fitimler, genel kabul g\u00f6rm\u00fc\u015f merkezler ve kurulu\u015flar taraf\u0131ndan sa\u011flan\u0131yor. Volvo T\u00fcrk Ltd.&#8217;yi her y\u00f6nden tercih edilen ve y\u00fcksek kalitede i\u015f g\u00fcc\u00fc bar\u0131nd\u0131ran bir firma olarak \u00f6ne \u00e7\u0131kartma tutkumuz her zaman devam edecek.<\/p>\n<p><b>\u015eirketinizde uygulad\u0131\u011f\u0131n\u0131z Performans Y\u00f6netim Sistemi var m\u0131d\u0131r? Genel ilkeleri nedir ve \u00e7al\u0131\u015fanlar\u0131n\u0131z\u0131n kariyer planlar\u0131 i\u00e7in nas\u0131l bir imkan sa\u011flamaktad\u0131r?<\/b><\/p>\n<p>Y\u0131lsonlar\u0131nda yap\u0131lan performans de\u011ferlendirmelerinde \u00f6nceki seneye ait ki\u015fisel planlar\u0131n ger\u00e7ekle\u015fme y\u00fczdeleri \u00fczerinden de\u011ferlendirme yap\u0131lmaktad\u0131r. Performans de\u011ferlendirme sistemimizin genel ilkelerini, i\u015fe yeterlilik ve tak\u0131m \u00e7al\u0131\u015fmas\u0131 olarak \u00f6zetleyebiliriz. Ayr\u0131ca, a\u00e7\u0131lan her pozisyon i\u00e7in, d\u0131\u015f ilana \u00e7\u0131k\u0131lmadan, &#8220;dahili ilan&#8221; y\u00f6ntemi ile i\u00e7 dinamiklerimizi \u00f6l\u00e7me ve y\u00f6nlendirme yoluna gidiyoruz. Bu konuda da, olduk\u00e7a \u00f6nemli yol kat ettik ve bence bu, bizi Volvo olarak di\u011fer firmalardan ay\u0131ran \u00f6nemli bir \u00f6zellik. \u00c7\u00fcnk\u00fc; i\u015fte, zamana ba\u011fl\u0131, de\u011fi\u015fiklik ihtiyac\u0131 \u00f6n\u00fcne ge\u00e7ilemeyen bir ger\u00e7ek ve biz de bu ger\u00e7e\u011fi yok saymak yerine, onu b\u00fcnyemizde ortaya \u00e7\u0131kartmaya ve do\u011fru y\u00f6nde kullanmaya \u00e7al\u0131\u015f\u0131yoruz.<\/p>\n<p><b>Yeni mezunlara y\u00f6nelik \u0130K politikan\u0131z ve firman\u0131zda staj imkanlar\u0131 hakk\u0131nda bilgi verebilir misiniz? Yeni mezunlara neler tavsiye edersiniz?<\/b><\/p>\n<p>Son iki y\u0131l i\u00e7inde ya\u015fad\u0131\u011f\u0131m\u0131z olumsuz ekonomi bizi de daha dikkatli istihdam politikalar\u0131na mecbur b\u0131rakt\u0131. Bu y\u00fczden, \u00fcz\u00fclerek belirtiyorum ki, yeni mezunlara y\u00f6nelik bir politika geli\u015ftiremedik. Orta vadedeki amac\u0131m\u0131z, \u00fclkemizin belli ba\u015fl\u0131 \u00fcniversitelerine ilkbahar aylar\u0131nda misafir olarak, Volvo T\u00fcrk Ltd.&#8217;i onlara anlatmak ve \u00fcniversiteler seviyesinde \u015firketimiz i\u00e7in belli bir ileti\u015fim platformu yaratmak olacak.<\/p>\n<p>Staj imkanlar\u0131na gelince, bu konuda, \u00f6nemli f\u0131rsatlar sunan bir firma oldu\u011fumuz kanaatindeyim. Stajyer taleplerimizi muhtelif kanallardan ve kariyer.net&#8217;ten kar\u015f\u0131lama e\u011filimindeyiz. Staj imkanlar\u0131 konusunda, bu yaz\u0131y\u0131 okumaya zaman ay\u0131ranlardan ricam, bizi kariyer.net&#8217;ten takip etmeleri olacakt\u0131r.<\/p>\n<p>Yeni mezun arkada\u015flara tavsiyem, i\u00e7lerine sinen i\u015fi, kendilerinden bir \u015feyler katarak yapma yollar\u0131n\u0131 aramalar\u0131. Kendimizden bir \u015fey katmadan ya da katamadan yapt\u0131\u011f\u0131m\u0131z \u015feyleri sahiplenmekte g\u00fc\u00e7l\u00fck \u00e7ekeriz ve bu da performanslar\u0131m\u0131za ve de dolay\u0131s\u0131yla, \u015firketimizin performans\u0131na etki eder. Unutulmamas\u0131 gereken \u015fey, birey olarak kim oldu\u011fumuzu unutmamak ve bunu \u015firketimizin kimli\u011fi ile harmanlayabilmek.<\/p>\n<p><b>D\u00fcnyadaki yeni y\u00f6netim trendleri nedir? Bunlar T\u00fcrkiye&#8217;ye nas\u0131l yans\u0131makta?<\/b><\/p>\n<p>A\u00e7\u0131k\u00e7as\u0131, y\u00f6netim trendlerini moda ak\u0131mlar\u0131 gibi g\u00f6r\u00fcyorum. Her 20 ila 30 y\u0131lda bir tekrar ba\u015fa d\u00f6n\u00fcl\u00fcyor. Yak\u0131n d\u00fcnya tarihinde tek adaml\u0131klardan kurtulmaya \u00e7al\u0131\u015fan \u00fclkeler ve \u015firketler, bug\u00fcn tekrar liderler yaratmak pe\u015findeler. Bu konuda da, di\u011fer konularda oldu\u011fu gibi, bir denge unsurundan bahsetmemiz gerekiyor. Bu denge i\u00e7indeki vazge\u00e7ilmezler \u015funlar : zaman ve y\u00f6netimi, ger\u00e7eklik, etik, cesaret ve vizyon. Bunlar olmadan, y\u00f6netim dedi\u011fimiz sanat var olamaz.<\/p>\n<p>D\u00f6nemsel olarak de\u011fi\u015fti\u011fine itibar etti\u011fimiz y\u00f6netim trendlerinin T\u00fcrkiye&#8217;yi etkilemesi i\u00e7in, \u00f6ncelikle, t\u00fcm \u015firketlerimizin kurumsal niteli\u011fe b\u00fcr\u00fcnmeleri ve tamamen ba\u015far\u0131 merkezli y\u00f6netilmeleri gerekiyor. Bug\u00fcn bak\u0131ld\u0131\u011f\u0131nda, bu kriterlere uyan \u015firket say\u0131s\u0131 \u00fclkemizde yok denecek kadar az. Bu d\u00f6ng\u00fcy\u00fc k\u0131rman\u0131n en iyi iki yolu, kanaatimce, e\u011fitim seviyesinin genel bir y\u00fckseli\u015fe ge\u00e7mesi ve daha da \u00f6nemlisi yurtd\u0131\u015f\u0131 temaslar\u0131m\u0131z\u0131n \u015firketler seviyesinde ciddi \u00f6l\u00e7\u00fclerde artmas\u0131d\u0131r. B\u00f6ylelikle, \u015firket k\u00fclt\u00fcrlerimiz pozitif \u015fekilde kendini tartacak ve yeni modern T\u00fcrk \u015firketi kimliklerimiz ortaya \u00e7\u0131kmaya ba\u015flayacakt\u0131r.<\/p>\n<p><b>\u0130yi bir y\u00f6neticinin \u00f6zellikleri sizce nas\u0131l olmal\u0131?<\/b><\/p>\n<p>Benim s\u0131k kulland\u0131\u011f\u0131m bir deyi\u015f var. Kayna\u011f\u0131n\u0131 tam bilmiyorum ama Latin k\u00f6kenli oldu\u011funu san\u0131yorum :<\/p>\n<p>Sorunlar\u0131 kahramanlar \u00e7\u00f6zer, dahiler \u00f6nler.<br \/>\nBu temel felsefeye; y\u00f6netimin g\u00fc\u00e7 kullanmak de\u011fil de, \u00e7al\u0131\u015fanlar\u0131n\u0131 g\u00fc\u00e7l\u00fc k\u0131lmak oldu\u011funu katabilenler ve bunu icra etme cesaretini g\u00f6sterebilenler iyi birer y\u00f6netici olabileceklerdir.<br \/>\nHem \u00fclke, hem de \u015firket y\u00f6netimi baz\u0131nda, ihtiyac\u0131m\u0131z olan\u0131n kahramanlar de\u011fil, dahiler oldu\u011fu kanaatindeyim.<\/p>\n<p><b>Yeni yat\u0131r\u0131m planlar\u0131n\u0131z var m\u0131?<\/b><\/p>\n<p>Volvo T\u00fcrk Ltd., \u015fu ana kadar T\u00fcrkiye&#8217;ye 25 MUSD&#8217;l\u0131k yat\u0131r\u0131m yapt\u0131. Bu ciddi bir yat\u0131r\u0131m miktar\u0131d\u0131r ve Volvo&#8217;nun T\u00fcrkiye&#8217;nin gelece\u011fine inand\u0131\u011f\u0131n\u0131n da a\u00e7\u0131k bir g\u00f6stergesidir. \u00d6n\u00fcm\u00fczdeki d\u00f6nemde T\u00fcrkiye&#8217;de g\u00fcvenilir ve s\u00fcreklilik arz etti\u011fine inan\u0131lan bir ekonomi yerle\u015firse, Volvo&#8217;nun daha fazla yat\u0131r\u0131m yapmamas\u0131 i\u00e7in temel bir sebep kalmam\u0131\u015f olacakt\u0131r.<\/p>\n<p><b>Eklemek istedikleriniz var m\u0131?<\/b><\/p>\n<p>Size ve bu yaz\u0131y\u0131 okuma nezaketi g\u00f6steren okuyuculara ba\u015far\u0131lar dilerim.<\/p>\n<p>&nbsp;<\/p>\n<p>&nbsp;<\/p>\n<p>&nbsp;<\/p>\n<p>&nbsp;<\/p>\n<p><span style=\"font-size: 8pt;\"><strong>\u00a0<\/strong><\/span><\/p>\n<!-- templates\/buttons-placeholder.php -->\n<div class=\"da-reactions-outer TpostID1893\">\n\t    <div class=\"da-reactions-data da-reactions-container-async center\"\n         data-type=\"post\"\n         data-id=\"1893\"\n         id=\"da-reactions-slot-post-1893\">\n        <div class=\"da-reactions-static\">\n\t\t\t<img src=\"https:\/\/www.kariyer.net\/kariyer-rehberi\/wp-content\/plugins\/da-reactions\/assets\/dist\/loading.svg\" alt=\"Loading spinner\" width=\"48\" height=\"48\" style=\"width:48px\" \/>\n        <\/div>\n    <\/div>\n<\/div>\n","protected":false},"excerpt":{"rendered":"<p>&nbsp; Kendinizle ilgili k\u0131saca bilgi verir misiniz ? 1972&#8217;de \u0130stanbul&#8217;da do\u011fdum ve e\u011fitimimin tamam\u0131n\u0131 bu \u015fehirde ald\u0131m. \u0130stanbul \u00dcniversitesi&#8217;nden 1994 y\u0131l\u0131nda mezun olduktan sonra, o zamanki ismiyle, Coopers &amp; Lybrand&#8217;e kat\u0131ld\u0131m ve d\u00f6rt y\u0131l boyunca denetim b\u00f6l\u00fcm\u00fcnde \u00e7al\u0131\u015ft\u0131m. Askerlik sonras\u0131nda, 1 Ocak 1999&#8217;da, Volvo T\u00fcrk Ltd.&#8217;e kat\u0131ld\u0131m ve Volvo&#8217;nun T\u00fcrkiye&#8217;deki yap\u0131lanmas\u0131nda bilfiil \u00e7al\u0131\u015ft\u0131m. Halen, Volvo [&hellip;]<\/p>\n<!-- templates\/buttons-placeholder.php -->\n<div class=\"da-reactions-outer TpostID1893\">\n\t    <div class=\"da-reactions-data da-reactions-container-async center\"\n         data-type=\"post\"\n         data-id=\"1893\"\n         id=\"da-reactions-slot-post-1893\">\n        <div class=\"da-reactions-static\">\n\t\t\t<img src=\"https:\/\/www.kariyer.net\/kariyer-rehberi\/wp-content\/plugins\/da-reactions\/assets\/dist\/loading.svg\" alt=\"Loading spinner\" width=\"48\" height=\"48\" style=\"width:48px\" \/>\n        <\/div>\n    <\/div>\n<\/div>\n","protected":false},"author":8,"featured_media":0,"comment_status":"open","ping_status":"open","sticky":false,"template":"","format":"standard","meta":{"footnotes":"","_elementor_edit_mode":"","_elementor_template_type":"","_elementor_data":"","_elementor_page_settings":null,"_elementor_conditions":[]},"categories":[2203],"tags":[],"class_list":{"0":"post-1893","1":"post","2":"type-post","3":"status-publish","4":"format-standard","6":"category-haberler-duyurular"},"yoast_head":"<!-- This site is optimized with the Yoast SEO Premium plugin v21.4 (Yoast SEO v27.0) - https:\/\/yoast.com\/product\/yoast-seo-premium-wordpress\/ -->\n<title>Volvo Otomotiv T\u00fcrk Ltd. \u015eti. Mali ve \u0130dari \u0130\u015fler Direkt\u00f6r\u00fc &#039;Kerem Vula\u015f&#039; | Kariyer Rehberi<\/title>\n<meta name=\"description\" content=\"&nbsp; Kendinizle ilgili k\u0131saca bilgi verir misiniz ? 1972&#039;de \u0130stanbul&#039;da do\u011fdum ve e\u011fitimimin tamam\u0131n\u0131 bu \u015fehirde ald\u0131m. \u0130stanbul \u00dcniversitesi&#039;nden 1994\" \/>\n<meta name=\"robots\" content=\"index, follow, max-snippet:-1, max-image-preview:large, max-video-preview:-1\" \/>\n<link rel=\"canonical\" href=\"https:\/\/www.kariyer.net\/kariyer-rehberi\/volvo-otomotiv-turk-ltd-sti-mali-ve-idari-isler-direktoru-kerem-vulas\/\" \/>\n<meta property=\"og:locale\" content=\"tr_TR\" \/>\n<meta property=\"og:type\" content=\"article\" \/>\n<meta property=\"og:title\" content=\"Volvo Otomotiv T\u00fcrk Ltd. \u015eti. Mali ve \u0130dari \u0130\u015fler Direkt\u00f6r\u00fc &#039;Kerem Vula\u015f&#039;\" \/>\n<meta property=\"og:description\" content=\"&nbsp; Kendinizle ilgili k\u0131saca bilgi verir misiniz ? 1972&#039;de \u0130stanbul&#039;da do\u011fdum ve e\u011fitimimin tamam\u0131n\u0131 bu \u015fehirde ald\u0131m. \u0130stanbul \u00dcniversitesi&#039;nden 1994\" \/>\n<meta property=\"og:url\" content=\"https:\/\/www.kariyer.net\/kariyer-rehberi\/volvo-otomotiv-turk-ltd-sti-mali-ve-idari-isler-direktoru-kerem-vulas\/\" \/>\n<meta property=\"og:site_name\" content=\"Kariyer Rehberi\" \/>\n<meta property=\"article:published_time\" content=\"2007-10-10T00:00:00+00:00\" \/>\n<meta property=\"article:modified_time\" content=\"2024-07-03T11:57:49+00:00\" \/>\n<meta name=\"author\" content=\"Kariyer.net\" \/>\n<meta name=\"twitter:card\" content=\"summary_large_image\" \/>\n<meta name=\"twitter:label1\" content=\"Yazan:\" \/>\n\t<meta name=\"twitter:data1\" content=\"Kariyer.net\" \/>\n\t<meta name=\"twitter:label2\" content=\"Tahmini okuma s\u00fcresi\" \/>\n\t<meta name=\"twitter:data2\" content=\"7 dakika\" \/>\n<!-- \/ Yoast SEO Premium plugin. -->","yoast_head_json":{"title":"Volvo Otomotiv T\u00fcrk Ltd. \u015eti. Mali ve \u0130dari \u0130\u015fler Direkt\u00f6r\u00fc 'Kerem Vula\u015f' | Kariyer Rehberi","description":"&nbsp; Kendinizle ilgili k\u0131saca bilgi verir misiniz ? 1972'de \u0130stanbul'da do\u011fdum ve e\u011fitimimin tamam\u0131n\u0131 bu \u015fehirde ald\u0131m. \u0130stanbul \u00dcniversitesi'nden 1994","robots":{"index":"index","follow":"follow","max-snippet":"max-snippet:-1","max-image-preview":"max-image-preview:large","max-video-preview":"max-video-preview:-1"},"canonical":"https:\/\/www.kariyer.net\/kariyer-rehberi\/volvo-otomotiv-turk-ltd-sti-mali-ve-idari-isler-direktoru-kerem-vulas\/","og_locale":"tr_TR","og_type":"article","og_title":"Volvo Otomotiv T\u00fcrk Ltd. \u015eti. Mali ve \u0130dari \u0130\u015fler Direkt\u00f6r\u00fc 'Kerem Vula\u015f'","og_description":"&nbsp; Kendinizle ilgili k\u0131saca bilgi verir misiniz ? 1972'de \u0130stanbul'da do\u011fdum ve e\u011fitimimin tamam\u0131n\u0131 bu \u015fehirde ald\u0131m. \u0130stanbul \u00dcniversitesi'nden 1994","og_url":"https:\/\/www.kariyer.net\/kariyer-rehberi\/volvo-otomotiv-turk-ltd-sti-mali-ve-idari-isler-direktoru-kerem-vulas\/","og_site_name":"Kariyer Rehberi","article_published_time":"2007-10-10T00:00:00+00:00","article_modified_time":"2024-07-03T11:57:49+00:00","author":"Kariyer.net","twitter_card":"summary_large_image","twitter_misc":{"Yazan:":"Kariyer.net","Tahmini okuma s\u00fcresi":"7 dakika"},"schema":{"@context":"https:\/\/schema.org","@graph":[{"@type":"Article","@id":"https:\/\/www.kariyer.net\/kariyer-rehberi\/volvo-otomotiv-turk-ltd-sti-mali-ve-idari-isler-direktoru-kerem-vulas\/#article","isPartOf":{"@id":"https:\/\/www.kariyer.net\/kariyer-rehberi\/volvo-otomotiv-turk-ltd-sti-mali-ve-idari-isler-direktoru-kerem-vulas\/"},"author":{"name":"Kariyer.net","@id":"https:\/\/www.kariyer.net\/kariyer-rehberi\/#\/schema\/person\/eb36201afd42c03bc83b82060447b2c9"},"headline":"Volvo Otomotiv T\u00fcrk Ltd. \u015eti. Mali ve \u0130dari \u0130\u015fler Direkt\u00f6r\u00fc &#8216;Kerem Vula\u015f&#8217;","datePublished":"2007-10-10T00:00:00+00:00","dateModified":"2024-07-03T11:57:49+00:00","mainEntityOfPage":{"@id":"https:\/\/www.kariyer.net\/kariyer-rehberi\/volvo-otomotiv-turk-ltd-sti-mali-ve-idari-isler-direktoru-kerem-vulas\/"},"wordCount":1458,"commentCount":0,"publisher":{"@id":"https:\/\/www.kariyer.net\/kariyer-rehberi\/#organization"},"articleSection":["Haberler ve Duyurular"],"inLanguage":"tr","potentialAction":[{"@type":"CommentAction","name":"Comment","target":["https:\/\/www.kariyer.net\/kariyer-rehberi\/volvo-otomotiv-turk-ltd-sti-mali-ve-idari-isler-direktoru-kerem-vulas\/#respond"]}]},{"@type":"WebPage","@id":"https:\/\/www.kariyer.net\/kariyer-rehberi\/volvo-otomotiv-turk-ltd-sti-mali-ve-idari-isler-direktoru-kerem-vulas\/","url":"https:\/\/www.kariyer.net\/kariyer-rehberi\/volvo-otomotiv-turk-ltd-sti-mali-ve-idari-isler-direktoru-kerem-vulas\/","name":"Volvo Otomotiv T\u00fcrk Ltd. \u015eti. Mali ve \u0130dari \u0130\u015fler Direkt\u00f6r\u00fc 'Kerem Vula\u015f' | Kariyer Rehberi","isPartOf":{"@id":"https:\/\/www.kariyer.net\/kariyer-rehberi\/#website"},"datePublished":"2007-10-10T00:00:00+00:00","dateModified":"2024-07-03T11:57:49+00:00","description":"&nbsp; Kendinizle ilgili k\u0131saca bilgi verir misiniz ? 1972'de \u0130stanbul'da do\u011fdum ve e\u011fitimimin tamam\u0131n\u0131 bu \u015fehirde ald\u0131m. \u0130stanbul \u00dcniversitesi'nden 1994","breadcrumb":{"@id":"https:\/\/www.kariyer.net\/kariyer-rehberi\/volvo-otomotiv-turk-ltd-sti-mali-ve-idari-isler-direktoru-kerem-vulas\/#breadcrumb"},"inLanguage":"tr","potentialAction":[{"@type":"ReadAction","target":["https:\/\/www.kariyer.net\/kariyer-rehberi\/volvo-otomotiv-turk-ltd-sti-mali-ve-idari-isler-direktoru-kerem-vulas\/"]}]},{"@type":"BreadcrumbList","@id":"https:\/\/www.kariyer.net\/kariyer-rehberi\/volvo-otomotiv-turk-ltd-sti-mali-ve-idari-isler-direktoru-kerem-vulas\/#breadcrumb","itemListElement":[{"@type":"ListItem","position":1,"name":"Anasayfa","item":"https:\/\/www.kariyer.net\/kariyer-rehberi\/"},{"@type":"ListItem","position":2,"name":"Volvo Otomotiv T\u00fcrk Ltd. \u015eti. Mali ve \u0130dari \u0130\u015fler Direkt\u00f6r\u00fc &#8216;Kerem Vula\u015f&#8217;"}]},{"@type":"WebSite","@id":"https:\/\/www.kariyer.net\/kariyer-rehberi\/#website","url":"https:\/\/www.kariyer.net\/kariyer-rehberi\/","name":"Kariyer Rehberi","description":"\u0130\u015f D\u00fcnyas\u0131yla \u0130lgili Bilmek \u0130stedi\u011finiz Her \u015eey","publisher":{"@id":"https:\/\/www.kariyer.net\/kariyer-rehberi\/#organization"},"potentialAction":[{"@type":"SearchAction","target":{"@type":"EntryPoint","urlTemplate":"https:\/\/www.kariyer.net\/kariyer-rehberi\/?s={search_term_string}"},"query-input":{"@type":"PropertyValueSpecification","valueRequired":true,"valueName":"search_term_string"}}],"inLanguage":"tr"},{"@type":"Organization","@id":"https:\/\/www.kariyer.net\/kariyer-rehberi\/#organization","name":"Kariyer.net","url":"https:\/\/www.kariyer.net\/kariyer-rehberi\/","logo":{"@type":"ImageObject","inLanguage":"tr","@id":"https:\/\/www.kariyer.net\/kariyer-rehberi\/#\/schema\/logo\/image\/","url":"https:\/\/www.kariyer.net\/kariyer-rehberi-new\/wp-content\/uploads\/2023\/01\/og-image11.jpg","contentUrl":"https:\/\/www.kariyer.net\/kariyer-rehberi-new\/wp-content\/uploads\/2023\/01\/og-image11.jpg","width":800,"height":800,"caption":"Kariyer.net"},"image":{"@id":"https:\/\/www.kariyer.net\/kariyer-rehberi\/#\/schema\/logo\/image\/"}},{"@type":"Person","@id":"https:\/\/www.kariyer.net\/kariyer-rehberi\/#\/schema\/person\/eb36201afd42c03bc83b82060447b2c9","name":"Kariyer.net","image":{"@type":"ImageObject","inLanguage":"tr","@id":"https:\/\/www.kariyer.net\/kariyer-rehberi\/#\/schema\/person\/image\/","url":"https:\/\/secure.gravatar.com\/avatar\/ddce3ac68cb52fb2ae004bcee334e49ccc6361fefd68c5f6f4d2a86630c28b2e?s=96&d=mm&r=g","contentUrl":"https:\/\/secure.gravatar.com\/avatar\/ddce3ac68cb52fb2ae004bcee334e49ccc6361fefd68c5f6f4d2a86630c28b2e?s=96&d=mm&r=g","caption":"Kariyer.net"},"url":"https:\/\/www.kariyer.net\/kariyer-rehberi\/author\/kariyer-net\/"}]}},"_links":{"self":[{"href":"https:\/\/www.kariyer.net\/kariyer-rehberi\/wp-json\/wp\/v2\/posts\/1893","targetHints":{"allow":["GET"]}}],"collection":[{"href":"https:\/\/www.kariyer.net\/kariyer-rehberi\/wp-json\/wp\/v2\/posts"}],"about":[{"href":"https:\/\/www.kariyer.net\/kariyer-rehberi\/wp-json\/wp\/v2\/types\/post"}],"author":[{"embeddable":true,"href":"https:\/\/www.kariyer.net\/kariyer-rehberi\/wp-json\/wp\/v2\/users\/8"}],"replies":[{"embeddable":true,"href":"https:\/\/www.kariyer.net\/kariyer-rehberi\/wp-json\/wp\/v2\/comments?post=1893"}],"version-history":[{"count":1,"href":"https:\/\/www.kariyer.net\/kariyer-rehberi\/wp-json\/wp\/v2\/posts\/1893\/revisions"}],"predecessor-version":[{"id":18944,"href":"https:\/\/www.kariyer.net\/kariyer-rehberi\/wp-json\/wp\/v2\/posts\/1893\/revisions\/18944"}],"wp:attachment":[{"href":"https:\/\/www.kariyer.net\/kariyer-rehberi\/wp-json\/wp\/v2\/media?parent=1893"}],"wp:term":[{"taxonomy":"category","embeddable":true,"href":"https:\/\/www.kariyer.net\/kariyer-rehberi\/wp-json\/wp\/v2\/categories?post=1893"},{"taxonomy":"post_tag","embeddable":true,"href":"https:\/\/www.kariyer.net\/kariyer-rehberi\/wp-json\/wp\/v2\/tags?post=1893"}],"curies":[{"name":"wp","href":"https:\/\/api.w.org\/{rel}","templated":true}]}}