{"id":1907,"date":"2007-10-10T03:00:00","date_gmt":"2007-10-10T00:00:00","guid":{"rendered":"http:\/\/92.45.35.169\/meteksan-sistem-insan-kaynaklari-yoneticisi-ebru-ural-ozkan\/"},"modified":"2024-07-03T14:58:13","modified_gmt":"2024-07-03T11:58:13","slug":"meteksan-sistem-insan-kaynaklari-yoneticisi-ebru-ural-ozkan","status":"publish","type":"post","link":"https:\/\/www.kariyer.net\/kariyer-rehberi\/meteksan-sistem-insan-kaynaklari-yoneticisi-ebru-ural-ozkan\/","title":{"rendered":"Meteksan Sistem \u0130nsan Kaynaklar\u0131 Y\u00f6neticisi &#8216;Ebru Ural \u00d6zkan&#8217;"},"content":{"rendered":"<div>\n<div><span style=\"font-size: 8pt;\">1971 do\u011fumlu olan Ebru Ural \u00d6zkan, 1994 y\u0131l\u0131nda Ortado\u011fu Teknik \u00dcniversitesi \u00c7evre M\u00fchendisli\u011fini bitirmi\u015ftir. Halen Meteksan Sistem&#8217;de \u0130nsan Kaynaklar\u0131 Y\u00f6neticisi olarak \u00e7al\u0131\u015fmaktad\u0131r. Bundan \u00f6nceki i\u015finde Arthur Andersen&#8217;de HR Consultant olarak \u00e7al\u0131\u015fm\u0131\u015f, daha \u00f6ncesinde ise Yap\u0131 Kredi Bankas\u0131&#8217;nda uzman olarak g\u00f6rev yapm\u0131\u015ft\u0131r.<\/span><\/div>\n<div><span style=\"font-size: 8pt;\">Meteksan Sistem&#8217;in ve sekt\u00f6r\u00fcn\u00fcn T\u00fcrkiye&#8217;deki durumu ve gelece\u011fi hakk\u0131ndaki fikirleriniz nelerdir?<\/span><\/div>\n<div><span style=\"font-size: 8pt;\">Bili\u015fim sekt\u00f6r\u00fc dinamik ve h\u0131zla b\u00fcy\u00fcyen bir sekt\u00f6r. Di\u011fer sekt\u00f6rlerle kar\u015f\u0131la\u015ft\u0131r\u0131ld\u0131\u011f\u0131nda % 25 lik b\u00fcy\u00fcme h\u0131z\u0131 ile \u00f6nde oldu\u011fu g\u00f6zlenmekte.<\/span><\/div>\n<div><span style=\"font-size: 8pt;\">\u00d6zellikle T\u00fcrkiye\u2019nin AB ile entagrasyon s\u00fcreci i\u00e7erisinde sekt\u00f6r\u00fcn daha b\u00fcy\u00fck bir ivme ile b\u00fcy\u00fcmesinin ka\u00e7\u0131n\u0131lmaz olaca\u011f\u0131n\u0131 d\u00fc\u015f\u00fcn\u00fcyorum. Sekt\u00f6r\u00fcn \u00fclkemizdeki pazar b\u00fcy\u00fckl\u00fc\u011f\u00fcn\u00fc (\u00e7e\u015fitli ara\u015ft\u0131rmalara g\u00f6re 2-3 milyar USD) Avrupa \u00fclkelerindeki pazar b\u00fcy\u00fckl\u00fckleri ile kar\u015f\u0131la\u015ft\u0131rd\u0131\u011f\u0131m\u0131zda daha katedecek yolumuz oldu\u011fu da bir ger\u00e7ek. Meteksan Sistem\u2019e bakt\u0131\u011f\u0131m\u0131zda son 6 y\u0131lda ger\u00e7ekle\u015ftirdi\u011fi b\u00fcy\u00fcme ile sekt\u00f6r\u00fcn en h\u0131zl\u0131 b\u00fcy\u00fcyen \u015firketi oldu\u011funu g\u00f6rmekteyiz. Meteksan Sistem do\u011fru stratejiler ile b\u00fcy\u00fcrken kar marj\u0131n\u0131 da art\u0131rmay\u0131 ba\u015fard\u0131. Amac\u0131m\u0131z tabi ki gelecekte sekt\u00f6r\u00fcn en b\u00fcy\u00fck bili\u015fim firmas\u0131 olmak. Emin ad\u0131mlarla, nitelikli insan kayna\u011f\u0131m\u0131z ile bu hedefe do\u011fru y\u00fcr\u00fcmekte oldu\u011fumuzu d\u00fc\u015f\u00fcn\u00fcyorum.<\/span><\/div>\n<div><strong><span style=\"font-size: 8pt;\"><br \/>\nFirma yap\u0131n\u0131z ve firman\u0131zdaki kariyer olanaklar\u0131 hakk\u0131nda bilgi verebilir misiniz? Yeni mezunlara y\u00f6nelik insan kaynaklar\u0131 politikan\u0131z nedir?<\/span><\/strong><\/div>\n<div><span style=\"font-size: 8pt;\">Ankara merkezli bir firma olan Meteksan Sistem, bili\u015fim sekt\u00f6r\u00fcnde stratejik i\u015f birimleri ile E\u011fitim, Kamu&amp;Telekom, E-ticaret&amp;ERP, Sa\u011fl\u0131k ve Savunma\/G\u00fcvenlik ile Sa\u011fl\u0131k Yat\u0131r\u0131mlar\u0131 alanlar\u0131nda faaliyet g\u00f6stermektedir. Grup b\u00fcnyesinde, Meteksan Servis, Meteksan Net ve Dell firmas\u0131n\u0131n T\u00fcrkiyedeki ilk distirb\u00fct\u00f6rlerinden olan Sispa adl\u0131 yan kurulu\u015flar\u0131m\u0131z da bulunmaktad\u0131r. Merkez Ankara olmak \u00fczere, \u0130stanbul\u2019da ve \u0130zmir\u2019de B\u00f6lge M\u00fcd\u00fcrl\u00fckleri ve yakla\u015f\u0131k 30 ilde yer alan irtibat b\u00fcrolar\u0131m\u0131zda, 400\u2019e yak\u0131n \u00e7al\u0131\u015fan\u0131m\u0131z ile hizmetlerimizi s\u00fcrd\u00fcrmekteyiz.<\/span><\/div>\n<div><span style=\"font-size: 8pt;\">Meteksan Sistem\u2019in hizmet verdi\u011fi alanlar, sistem entegrasyon; proje y\u00f6netimi; sistem tasar\u0131m\u0131; kapasite planlama ve organizasyonu; uygulama uyarlama ve entegrasyonu; donan\u0131m, yaz\u0131l\u0131m ve a\u011f sistemleri kurulumu; yaz\u0131l\u0131m geli\u015ftirme; yaz\u0131l\u0131m donan\u0131m ve internet hizmetleri sat\u0131\u015f\u0131; sat\u0131\u015f sonras\u0131 hizmetleri; BT dan\u0131\u015fmanl\u0131\u011f\u0131; d\u0131\u015f kaynak kullan\u0131m\u0131, i\u015f s\u00fcre\u00e7lerinin geli\u015ftirilmesi ve yeniden yap\u0131land\u0131r\u0131lmas\u0131 olarak \u00f6zetlenebilir.<\/span><\/div>\n<div><span style=\"font-size: 8pt;\">Meteksan Sistem\u2019de kariyer geli\u015fimi s\u00fcrecinde ki\u015finin yetenek, bilgi, beceri ve deneyiminin \u015fimdiki ya da gelecekteki organizasyon ihtiya\u00e7lar\u0131 ile \u00f6zde\u015fle\u015fmesi esast\u0131r ve bu sistemde yukar\u0131 do\u011fru ve ayn\u0131 y\u00f6nde olmak \u00fczere, iki y\u00f6nl\u00fc hareketlilik s\u00f6z konusudur.<\/span><\/div>\n<div><span style=\"font-size: 8pt;\">Proje bazl\u0131 \u00e7al\u0131\u015fma yap\u0131m\u0131z gere\u011fi, projelere ba\u011fl\u0131 olarak \u00fcniversite \u00f6\u011frencilerine ve yeni mezunlara \u00e7e\u015fitli i\u015f olanaklar\u0131 sunmaktay\u0131z. Yak\u0131n zamanda ger\u00e7ekle\u015ftirdi\u011fimiz Mernis yayg\u0131nla\u015ft\u0131rma projesinde, yakla\u015f\u0131k 200 \u00f6\u011frenci\/yeni mezuna k\u0131sa d\u00f6nemli ve yine yakla\u015f\u0131k 20 yeni mezun arkada\u015f\u0131m\u0131za uzun d\u00f6nemli i\u015f imkan\u0131 yarattt\u0131k. <\/span><\/div>\n<div><strong><span style=\"font-size: 8pt;\"><br \/>\nMeteksan Sistem&#8217;in i\u00e7inde belli e\u011fitim programlar\u0131n\u0131z var m\u0131? Var ise i\u00e7erikleri ve yap\u0131s\u0131 ile ilgili bilgi alabilir miyiz? <\/span><\/strong><\/div>\n<div><span style=\"font-size: 8pt;\">Meteksan Sistem en de\u011ferli sermayesinin \u00e7al\u0131\u015fanlar\u0131 oldu\u011fu bilinci ile, bili\u015fim teknolojilerindeki de\u011fi\u015fim h\u0131z\u0131na, yo\u011fun rekabet ortam\u0131na uyum sa\u011flamak amac\u0131yla \u00e7al\u0131\u015fanlar\u0131n\u0131n s\u00fcrekli geli\u015fimine b\u00fcy\u00fck \u00f6nem vermektedir. E\u011fitim politikam\u0131z\u0131n temelinde de, gerek teknik e\u011fitimler, gerekse ki\u015fisel geli\u015fim e\u011fitimleri ile \u00e7al\u0131\u015fanlar\u0131m\u0131z desteklenerek \u2018yetkilendirilmesi\u2019 yer almaktad\u0131r.<\/span><\/div>\n<div><span style=\"font-size: 8pt;\">\u015eirketimizde e\u011fitim planlar\u0131 6 ayl\u0131k d\u00f6nemlerde, performans de\u011ferlendirme g\u00f6r\u00fc\u015fmeleri sonucunda ortaya \u00e7\u0131kan e\u011fitim ihtiya\u00e7lar\u0131 do\u011frultusunda olu\u015fturmaktad\u0131r. 2000 y\u0131l\u0131nda ba\u015flatt\u0131\u011f\u0131m\u0131z e\u011fitim projesi kapsam\u0131nda mesleki e\u011fitimlerin yan\u0131 s\u0131ra y\u00f6neticilerimize, sat\u0131\u015f ve destek gruplar\u0131m\u0131z ile di\u011fer \u00e7al\u0131\u015fanlar\u0131m\u0131za y\u00f6nelik ki\u015fisel geli\u015fim e\u011fitimleri d\u00fczenlemekteyiz. Meteksan Sistem\u2019de 2000 y\u0131l\u0131nda ki\u015fi ba\u015f\u0131na d\u00fc\u015fen e\u011fitim s\u00fcresi 55 saat olarak ger\u00e7ekle\u015fmi\u015ftir.<\/span><\/div>\n<div><span style=\"font-size: 8pt;\">Oryantasyon e\u011fitimini de kapsayan \u00e7ok yeni bir uygulama ba\u015flatt\u0131k. \u015eirketimiz E\u011fitim\/ARGE Birimi taraf\u0131ndan geli\u015ftirilen \u201cInternete Dayal\u0131 E\u011fitim Platformu\u201dnda Oryantasyon E\u011fitimini ger\u00e7ekle\u015ftiriyoruz. Bununla beraber \u00e7al\u0131\u015fanlar\u0131m\u0131z, \u015firketimizde uygulanmakta olan \u0130nsan Kaynaklar\u0131 uygulamalar\u0131na, Kalite E\u011fitimi ve \u0130lkyard\u0131m E\u011fitimi gibi \u015firket i\u00e7i e\u011fitimlere, a\u00e7\u0131k pozisyonlar\u0131m\u0131z\u0131n ilanlar\u0131na ve ki\u015fisel bilgilerini g\u00fcncellemelerini sa\u011flayacak ortama bir internet adresinden ula\u015fmakta, s\u0131k\u00e7a sorulan sorular\u0131n yan\u0131tlar\u0131n\u0131, \u015firket i\u00e7i veya \u015firket d\u0131\u015f\u0131 etkinliklerin duyurular\u0131n\u0131 da bu adreste bulabilmektedirler. \u00c7e\u015fitli konularda g\u00f6r\u00fc\u015f al\u0131\u015fveri\u015finde bulunmak i\u00e7in ise yine bu platform \u00fczerinden forum uygulamam\u0131z bulunmaktad\u0131r.<\/span><\/div>\n<div><strong><span style=\"font-size: 8pt;\"><br \/>\n\u00c7al\u0131\u015fanlar\u0131n\u0131z\u0131n motivasyonlar\u0131n\u0131 nas\u0131l sa\u011fl\u0131yorsunuz? Performans y\u00f6netimi yap\u0131yor musunuz? <\/span><\/strong><\/div>\n<div><span style=\"font-size: 8pt;\">\u00c7al\u0131\u015fanlar\u0131n motivasyonunu etkileyen ba\u015fl\u0131ca etkenlerin, \u015firket k\u00fclt\u00fcr\u00fc, geli\u015fim ve ilerleme olanaklar\u0131 ile ba\u015far\u0131lar\u0131n\u0131n \u00f6d\u00fcllendirilmesi oldu\u011funu d\u00fc\u015f\u00fcnmekteyim. <\/span><\/div>\n<div><span style=\"font-size: 8pt;\">Bu \u00e7er\u00e7evede \u015firketimizde performans de\u011ferlendirme sistemi b\u00fcy\u00fck \u00f6nem ta\u015f\u0131maktad\u0131r. Geli\u015ftirdi\u011fimiz hedef ve yetkinlik bazl\u0131 performans de\u011ferlendirme sistemini bir bu\u00e7uk y\u0131ld\u0131r uygulamaktay\u0131z. Amac\u0131m\u0131z, \u00e7al\u0131\u015fanlar\u0131m\u0131z\u0131n geli\u015fimine katk\u0131da bulunmak, \u00e7al\u0131\u015fan\u0131n ve ba\u011fl\u0131 bulundu\u011fu y\u00f6neticisinin bir araya gelerek beklentileri ve geli\u015fim f\u0131rsatlar\u0131n\u0131 belirleyebilecekleri bir ortam yaratmak ve \u00e7al\u0131\u015fanlar\u0131m\u0131z\u0131 performanslar\u0131 do\u011frultusunda \u00f6d\u00fcllendirmektir. Performans de\u011ferlendirme sonu\u00e7lar\u0131 ayn\u0131 zamanda \u015firketimizde e\u011fitim ve kariyer planlar\u0131na da \u0131\u015f\u0131k tutmaktad\u0131r.<\/span><\/div>\n<div><span style=\"font-size: 8pt;\">\u015eirket i\u00e7i ileti\u015fimin \u00f6nemine inanarak yola \u00e7\u0131kt\u0131\u011f\u0131m\u0131z ve \u015firketimiz genelinde ve insan kaynaklar\u0131 uygulamalar\u0131nda geli\u015fime a\u00e7\u0131k y\u00f6nleri belirlemek amac\u0131yla her y\u0131l d\u00fczenledi\u011fimiz \u00c7al\u0131\u015fan Memnuniyet Ara\u015ft\u0131rmas\u0131 ile \u00e7al\u0131\u015fanlar\u0131m\u0131z\u0131n g\u00f6r\u00fc\u015f ve \u00f6nerilerini almaktay\u0131z. Bu ara\u015ft\u0131rma sonucunda \u00e7\u0131kan en az iki iyile\u015ftirme f\u0131rsat\u0131n\u0131 hayata ge\u00e7irmenin de kalite hedeflerimiz aras\u0131nda yer ald\u0131\u011f\u0131n\u0131 da belirtmek isterim.Yine \u00e7al\u0131\u015fanlar\u0131m\u0131z\u0131n \u00f6nerilerini almak, bunu di\u011fer \u00e7al\u0131\u015fanlar\u0131m\u0131z ile payla\u015fmak, uygulanabilirli\u011fini ara\u015ft\u0131rarak hayata ge\u00e7irebilmek amac\u0131yla olu\u015fturdu\u011fumuz bir \u00f6neri sistemimiz bulunmaktad\u0131r. \u00c7al\u0131\u015fanlar\u0131m\u0131z \u00f6nerilerini, intranet ortam\u0131nda veya \u015firket i\u00e7inde yer alan \u00f6neri kutular\u0131 arac\u0131l\u0131\u011f\u0131 ile iletebilmektedirler.<\/span><\/div>\n<div><span style=\"font-size: 8pt;\">\u015eirket \u00e7al\u0131\u015fanlar\u0131ndan olu\u015fan bir Sosyal Etkinlik Komitemiz bulunmaktad\u0131r. Bu Komite \u00e7al\u0131\u015fanlar\u0131m\u0131z\u0131n bir araya gelebilece\u011fi aktiviteleri belirleyerek hayata ge\u00e7irmektedir. <\/span><\/div>\n<div><strong><span style=\"font-size: 8pt;\"><br \/>\n\u0130\u015fe al\u0131m politikalar\u0131n\u0131z nelerdir? \u0130\u015fe al\u0131mlarda Internet size ne gibi faydalar sa\u011fl\u0131yor?<\/span><\/strong><\/div>\n<div><span style=\"font-size: 8pt;\">\u0130\u015fe al\u0131mlarda temel politikam\u0131z, adil ve tarafs\u0131z bir tutum izleyerek nitelikli i\u015f g\u00fcc\u00fcn\u00fc Meteksan Sistem\u2019e kazand\u0131rmakt\u0131r. Bunu ger\u00e7ekle\u015ftirirken de \u00f6zellikle bu kriz ortam\u0131nda maliyeti minumumda tutman\u0131n b\u00fcy\u00fck \u00f6nem ta\u015f\u0131d\u0131\u011f\u0131n\u0131 d\u00fc\u015f\u00fcnmekteyim. Bu ba\u011flamda, mevcut veri taban\u0131m\u0131z ve internet i\u015fe al\u0131mlarda kulland\u0131\u011f\u0131m\u0131z temel ara\u00e7lar\u0131m\u0131z olmaktad\u0131r. Bir teknoloji \u015firketi \u00e7al\u0131\u015fan\u0131 olarak, internetin i\u015fe al\u0131mlarda vazge\u00e7ilmez bir ara\u00e7 oldu\u011funu d\u00fc\u015f\u00fcn\u00fcyorum. Bunun bir ka\u00e7 nedeni var. Internetin \u00e7ok geni\u015f kitlelere ula\u015fmay\u0131 sa\u011flamas\u0131 , ciddi verimlilik kayb\u0131na neden olan \u201cpaper work\u201d u minimuma indirmesi ve \u015firketimize ba\u015fvuran t\u00fcm adaylara an\u0131nda geri d\u00f6n\u00fc\u015f yapabilme olana\u011f\u0131 sa\u011flamas\u0131.<\/span><\/div>\n<div><span style=\"font-size: 8pt;\">Eleman se\u00e7me s\u00fcrecinde kulland\u0131\u011f\u0131m\u0131z y\u00f6ntem g\u00f6rev tan\u0131mlar\u0131ndan yola \u00e7\u0131karak haz\u0131rlad\u0131\u011f\u0131m\u0131z yetkinliklere dayal\u0131 yap\u0131land\u0131r\u0131lm\u0131\u015f m\u00fclakatlar\u0131m\u0131zd\u0131r. Meteksan Sistem\u2019e ba\u015fvuran her aday, \u0130nsan Kaynaklar\u0131 Departman\u0131 taraf\u0131ndan g\u00f6r\u00fc\u015fmeye al\u0131nd\u0131ktan sonra, uygun g\u00f6r\u00fclen adaylar teknik m\u00fclakat i\u00e7in ilgili birimlere y\u00f6nlendirilmektedir. <\/span><\/div>\n<div><strong><span style=\"font-size: 8pt;\"><br \/>\n\u015eu an i\u00e7inde bulundu\u011fumuz ekonomik krizde firman\u0131z nas\u0131l bir insan kaynaklar\u0131 politikas\u0131 izlemektedir?<\/span><\/strong><\/div>\n<div><span style=\"font-size: 8pt;\">T\u00fcrkiye\u2019nin zor ve belirsiz bir d\u00f6nem i\u00e7inde oldu\u011fu ger\u00e7e\u011fini hepimiz ya\u015f\u0131yoruz. Bu d\u00f6nemin zorluklar\u0131n\u0131n bilinciyle, \u015firket olarak sorumlulu\u011fu ve fedakarl\u0131\u011f\u0131 her d\u00fczeyde payla\u015farak, a\u00e7\u0131k ve payla\u015f\u0131mc\u0131 bir yol izlemeye gayret ediyoruz.<\/span><\/div>\n<div><span style=\"font-size: 8pt;\">Bu d\u00f6nemde \u0130nsan Kaynaklar\u0131 olarak \u00fcstlendi\u011fimiz rol ise daha \u00e7ok \u00fcst y\u00f6netim ve \u00e7al\u0131\u015fanlar aras\u0131nda ileti\u015fimi sa\u011flayan bir k\u00f6pr\u00fc olmak. Hedefledi\u011fimiz ve \u00e7al\u0131\u015fanlar\u0131m\u0131za verdi\u011fimiz mesaj ise daha \u00e7ok \u00e7al\u0131\u015farak, hep beraber bu belirsiz ve zor d\u00f6nemi atlatmak ve bu krizden g\u00fc\u00e7lenerek \u00e7\u0131kabilmek.<\/span><\/div>\n<div style=\"margin: 0cm 0cm 10pt;\"><\/div>\n<\/div>\n<!-- templates\/buttons-placeholder.php -->\n<div class=\"da-reactions-outer TpostID1907\">\n\t    <div class=\"da-reactions-data da-reactions-container-async center\"\n         data-type=\"post\"\n         data-id=\"1907\"\n         id=\"da-reactions-slot-post-1907\">\n        <div class=\"da-reactions-static\">\n\t\t\t<img src=\"https:\/\/www.kariyer.net\/kariyer-rehberi\/wp-content\/plugins\/da-reactions\/assets\/dist\/loading.svg\" alt=\"Loading spinner\" width=\"48\" height=\"48\" style=\"width:48px\" \/>\n        <\/div>\n    <\/div>\n<\/div>\n","protected":false},"excerpt":{"rendered":"<p>1971 do\u011fumlu olan Ebru Ural \u00d6zkan, 1994 y\u0131l\u0131nda Ortado\u011fu Teknik \u00dcniversitesi \u00c7evre M\u00fchendisli\u011fini bitirmi\u015ftir. Halen Meteksan Sistem&#8217;de \u0130nsan Kaynaklar\u0131 Y\u00f6neticisi olarak \u00e7al\u0131\u015fmaktad\u0131r. Bundan \u00f6nceki i\u015finde Arthur Andersen&#8217;de HR Consultant olarak \u00e7al\u0131\u015fm\u0131\u015f, daha \u00f6ncesinde ise Yap\u0131 Kredi Bankas\u0131&#8217;nda uzman olarak g\u00f6rev yapm\u0131\u015ft\u0131r. Meteksan Sistem&#8217;in ve sekt\u00f6r\u00fcn\u00fcn T\u00fcrkiye&#8217;deki durumu ve gelece\u011fi hakk\u0131ndaki fikirleriniz nelerdir? Bili\u015fim sekt\u00f6r\u00fc dinamik [&hellip;]<\/p>\n<!-- templates\/buttons-placeholder.php -->\n<div class=\"da-reactions-outer TpostID1907\">\n\t    <div class=\"da-reactions-data da-reactions-container-async center\"\n         data-type=\"post\"\n         data-id=\"1907\"\n         id=\"da-reactions-slot-post-1907\">\n        <div class=\"da-reactions-static\">\n\t\t\t<img src=\"https:\/\/www.kariyer.net\/kariyer-rehberi\/wp-content\/plugins\/da-reactions\/assets\/dist\/loading.svg\" alt=\"Loading spinner\" width=\"48\" height=\"48\" style=\"width:48px\" \/>\n        <\/div>\n    <\/div>\n<\/div>\n","protected":false},"author":8,"featured_media":0,"comment_status":"open","ping_status":"open","sticky":false,"template":"","format":"standard","meta":{"footnotes":"","_elementor_edit_mode":"","_elementor_template_type":"","_elementor_data":"","_elementor_page_settings":null,"_elementor_conditions":[]},"categories":[2203],"tags":[],"class_list":{"0":"post-1907","1":"post","2":"type-post","3":"status-publish","4":"format-standard","6":"category-haberler-duyurular"},"yoast_head":"<!-- This site is optimized with the Yoast SEO Premium plugin v21.4 (Yoast SEO v27.0) - https:\/\/yoast.com\/product\/yoast-seo-premium-wordpress\/ -->\n<title>Meteksan Sistem \u0130nsan Kaynaklar\u0131 Y\u00f6neticisi &#039;Ebru Ural \u00d6zkan&#039; | Kariyer Rehberi<\/title>\n<meta name=\"description\" content=\"1971 do\u011fumlu olan Ebru Ural \u00d6zkan, 1994 y\u0131l\u0131nda Ortado\u011fu Teknik \u00dcniversitesi \u00c7evre M\u00fchendisli\u011fini bitirmi\u015ftir. Halen Meteksan Sistem&#039;de \u0130nsan Kaynaklar\u0131\" \/>\n<meta name=\"robots\" content=\"index, follow, max-snippet:-1, max-image-preview:large, max-video-preview:-1\" \/>\n<link rel=\"canonical\" href=\"https:\/\/www.kariyer.net\/kariyer-rehberi\/meteksan-sistem-insan-kaynaklari-yoneticisi-ebru-ural-ozkan\/\" \/>\n<meta property=\"og:locale\" content=\"tr_TR\" \/>\n<meta property=\"og:type\" content=\"article\" \/>\n<meta property=\"og:title\" content=\"Meteksan Sistem \u0130nsan Kaynaklar\u0131 Y\u00f6neticisi &#039;Ebru Ural \u00d6zkan&#039;\" \/>\n<meta property=\"og:description\" content=\"1971 do\u011fumlu olan Ebru Ural \u00d6zkan, 1994 y\u0131l\u0131nda Ortado\u011fu Teknik \u00dcniversitesi \u00c7evre M\u00fchendisli\u011fini bitirmi\u015ftir. Halen Meteksan Sistem&#039;de \u0130nsan Kaynaklar\u0131\" \/>\n<meta property=\"og:url\" content=\"https:\/\/www.kariyer.net\/kariyer-rehberi\/meteksan-sistem-insan-kaynaklari-yoneticisi-ebru-ural-ozkan\/\" \/>\n<meta property=\"og:site_name\" content=\"Kariyer Rehberi\" \/>\n<meta property=\"article:published_time\" content=\"2007-10-10T00:00:00+00:00\" \/>\n<meta property=\"article:modified_time\" content=\"2024-07-03T11:58:13+00:00\" \/>\n<meta name=\"author\" content=\"Kariyer.net\" \/>\n<meta name=\"twitter:card\" content=\"summary_large_image\" \/>\n<meta name=\"twitter:label1\" content=\"Yazan:\" \/>\n\t<meta name=\"twitter:data1\" content=\"Kariyer.net\" \/>\n\t<meta name=\"twitter:label2\" content=\"Tahmini okuma s\u00fcresi\" \/>\n\t<meta name=\"twitter:data2\" content=\"8 dakika\" \/>\n<!-- \/ Yoast SEO Premium plugin. -->","yoast_head_json":{"title":"Meteksan Sistem \u0130nsan Kaynaklar\u0131 Y\u00f6neticisi 'Ebru Ural \u00d6zkan' | Kariyer Rehberi","description":"1971 do\u011fumlu olan Ebru Ural \u00d6zkan, 1994 y\u0131l\u0131nda Ortado\u011fu Teknik \u00dcniversitesi \u00c7evre M\u00fchendisli\u011fini bitirmi\u015ftir. Halen Meteksan Sistem'de \u0130nsan Kaynaklar\u0131","robots":{"index":"index","follow":"follow","max-snippet":"max-snippet:-1","max-image-preview":"max-image-preview:large","max-video-preview":"max-video-preview:-1"},"canonical":"https:\/\/www.kariyer.net\/kariyer-rehberi\/meteksan-sistem-insan-kaynaklari-yoneticisi-ebru-ural-ozkan\/","og_locale":"tr_TR","og_type":"article","og_title":"Meteksan Sistem \u0130nsan Kaynaklar\u0131 Y\u00f6neticisi 'Ebru Ural \u00d6zkan'","og_description":"1971 do\u011fumlu olan Ebru Ural \u00d6zkan, 1994 y\u0131l\u0131nda Ortado\u011fu Teknik \u00dcniversitesi \u00c7evre M\u00fchendisli\u011fini bitirmi\u015ftir. Halen Meteksan Sistem'de \u0130nsan Kaynaklar\u0131","og_url":"https:\/\/www.kariyer.net\/kariyer-rehberi\/meteksan-sistem-insan-kaynaklari-yoneticisi-ebru-ural-ozkan\/","og_site_name":"Kariyer Rehberi","article_published_time":"2007-10-10T00:00:00+00:00","article_modified_time":"2024-07-03T11:58:13+00:00","author":"Kariyer.net","twitter_card":"summary_large_image","twitter_misc":{"Yazan:":"Kariyer.net","Tahmini okuma s\u00fcresi":"8 dakika"},"schema":{"@context":"https:\/\/schema.org","@graph":[{"@type":"Article","@id":"https:\/\/www.kariyer.net\/kariyer-rehberi\/meteksan-sistem-insan-kaynaklari-yoneticisi-ebru-ural-ozkan\/#article","isPartOf":{"@id":"https:\/\/www.kariyer.net\/kariyer-rehberi\/meteksan-sistem-insan-kaynaklari-yoneticisi-ebru-ural-ozkan\/"},"author":{"name":"Kariyer.net","@id":"https:\/\/www.kariyer.net\/kariyer-rehberi\/#\/schema\/person\/eb36201afd42c03bc83b82060447b2c9"},"headline":"Meteksan Sistem \u0130nsan Kaynaklar\u0131 Y\u00f6neticisi &#8216;Ebru Ural \u00d6zkan&#8217;","datePublished":"2007-10-10T00:00:00+00:00","dateModified":"2024-07-03T11:58:13+00:00","mainEntityOfPage":{"@id":"https:\/\/www.kariyer.net\/kariyer-rehberi\/meteksan-sistem-insan-kaynaklari-yoneticisi-ebru-ural-ozkan\/"},"wordCount":1553,"commentCount":0,"publisher":{"@id":"https:\/\/www.kariyer.net\/kariyer-rehberi\/#organization"},"articleSection":["Haberler ve Duyurular"],"inLanguage":"tr","potentialAction":[{"@type":"CommentAction","name":"Comment","target":["https:\/\/www.kariyer.net\/kariyer-rehberi\/meteksan-sistem-insan-kaynaklari-yoneticisi-ebru-ural-ozkan\/#respond"]}]},{"@type":"WebPage","@id":"https:\/\/www.kariyer.net\/kariyer-rehberi\/meteksan-sistem-insan-kaynaklari-yoneticisi-ebru-ural-ozkan\/","url":"https:\/\/www.kariyer.net\/kariyer-rehberi\/meteksan-sistem-insan-kaynaklari-yoneticisi-ebru-ural-ozkan\/","name":"Meteksan Sistem \u0130nsan Kaynaklar\u0131 Y\u00f6neticisi 'Ebru Ural \u00d6zkan' | Kariyer Rehberi","isPartOf":{"@id":"https:\/\/www.kariyer.net\/kariyer-rehberi\/#website"},"datePublished":"2007-10-10T00:00:00+00:00","dateModified":"2024-07-03T11:58:13+00:00","description":"1971 do\u011fumlu olan Ebru Ural \u00d6zkan, 1994 y\u0131l\u0131nda Ortado\u011fu Teknik \u00dcniversitesi \u00c7evre M\u00fchendisli\u011fini bitirmi\u015ftir. Halen Meteksan Sistem'de \u0130nsan Kaynaklar\u0131","breadcrumb":{"@id":"https:\/\/www.kariyer.net\/kariyer-rehberi\/meteksan-sistem-insan-kaynaklari-yoneticisi-ebru-ural-ozkan\/#breadcrumb"},"inLanguage":"tr","potentialAction":[{"@type":"ReadAction","target":["https:\/\/www.kariyer.net\/kariyer-rehberi\/meteksan-sistem-insan-kaynaklari-yoneticisi-ebru-ural-ozkan\/"]}]},{"@type":"BreadcrumbList","@id":"https:\/\/www.kariyer.net\/kariyer-rehberi\/meteksan-sistem-insan-kaynaklari-yoneticisi-ebru-ural-ozkan\/#breadcrumb","itemListElement":[{"@type":"ListItem","position":1,"name":"Anasayfa","item":"https:\/\/www.kariyer.net\/kariyer-rehberi\/"},{"@type":"ListItem","position":2,"name":"Meteksan Sistem \u0130nsan Kaynaklar\u0131 Y\u00f6neticisi &#8216;Ebru Ural \u00d6zkan&#8217;"}]},{"@type":"WebSite","@id":"https:\/\/www.kariyer.net\/kariyer-rehberi\/#website","url":"https:\/\/www.kariyer.net\/kariyer-rehberi\/","name":"Kariyer Rehberi","description":"\u0130\u015f D\u00fcnyas\u0131yla \u0130lgili Bilmek \u0130stedi\u011finiz Her \u015eey","publisher":{"@id":"https:\/\/www.kariyer.net\/kariyer-rehberi\/#organization"},"potentialAction":[{"@type":"SearchAction","target":{"@type":"EntryPoint","urlTemplate":"https:\/\/www.kariyer.net\/kariyer-rehberi\/?s={search_term_string}"},"query-input":{"@type":"PropertyValueSpecification","valueRequired":true,"valueName":"search_term_string"}}],"inLanguage":"tr"},{"@type":"Organization","@id":"https:\/\/www.kariyer.net\/kariyer-rehberi\/#organization","name":"Kariyer.net","url":"https:\/\/www.kariyer.net\/kariyer-rehberi\/","logo":{"@type":"ImageObject","inLanguage":"tr","@id":"https:\/\/www.kariyer.net\/kariyer-rehberi\/#\/schema\/logo\/image\/","url":"https:\/\/www.kariyer.net\/kariyer-rehberi-new\/wp-content\/uploads\/2023\/01\/og-image11.jpg","contentUrl":"https:\/\/www.kariyer.net\/kariyer-rehberi-new\/wp-content\/uploads\/2023\/01\/og-image11.jpg","width":800,"height":800,"caption":"Kariyer.net"},"image":{"@id":"https:\/\/www.kariyer.net\/kariyer-rehberi\/#\/schema\/logo\/image\/"}},{"@type":"Person","@id":"https:\/\/www.kariyer.net\/kariyer-rehberi\/#\/schema\/person\/eb36201afd42c03bc83b82060447b2c9","name":"Kariyer.net","image":{"@type":"ImageObject","inLanguage":"tr","@id":"https:\/\/www.kariyer.net\/kariyer-rehberi\/#\/schema\/person\/image\/","url":"https:\/\/secure.gravatar.com\/avatar\/ddce3ac68cb52fb2ae004bcee334e49ccc6361fefd68c5f6f4d2a86630c28b2e?s=96&d=mm&r=g","contentUrl":"https:\/\/secure.gravatar.com\/avatar\/ddce3ac68cb52fb2ae004bcee334e49ccc6361fefd68c5f6f4d2a86630c28b2e?s=96&d=mm&r=g","caption":"Kariyer.net"},"url":"https:\/\/www.kariyer.net\/kariyer-rehberi\/author\/kariyer-net\/"}]}},"_links":{"self":[{"href":"https:\/\/www.kariyer.net\/kariyer-rehberi\/wp-json\/wp\/v2\/posts\/1907","targetHints":{"allow":["GET"]}}],"collection":[{"href":"https:\/\/www.kariyer.net\/kariyer-rehberi\/wp-json\/wp\/v2\/posts"}],"about":[{"href":"https:\/\/www.kariyer.net\/kariyer-rehberi\/wp-json\/wp\/v2\/types\/post"}],"author":[{"embeddable":true,"href":"https:\/\/www.kariyer.net\/kariyer-rehberi\/wp-json\/wp\/v2\/users\/8"}],"replies":[{"embeddable":true,"href":"https:\/\/www.kariyer.net\/kariyer-rehberi\/wp-json\/wp\/v2\/comments?post=1907"}],"version-history":[{"count":1,"href":"https:\/\/www.kariyer.net\/kariyer-rehberi\/wp-json\/wp\/v2\/posts\/1907\/revisions"}],"predecessor-version":[{"id":18982,"href":"https:\/\/www.kariyer.net\/kariyer-rehberi\/wp-json\/wp\/v2\/posts\/1907\/revisions\/18982"}],"wp:attachment":[{"href":"https:\/\/www.kariyer.net\/kariyer-rehberi\/wp-json\/wp\/v2\/media?parent=1907"}],"wp:term":[{"taxonomy":"category","embeddable":true,"href":"https:\/\/www.kariyer.net\/kariyer-rehberi\/wp-json\/wp\/v2\/categories?post=1907"},{"taxonomy":"post_tag","embeddable":true,"href":"https:\/\/www.kariyer.net\/kariyer-rehberi\/wp-json\/wp\/v2\/tags?post=1907"}],"curies":[{"name":"wp","href":"https:\/\/api.w.org\/{rel}","templated":true}]}}