{"id":1961,"date":"2009-04-21T03:00:00","date_gmt":"2009-04-21T00:00:00","guid":{"rendered":"http:\/\/92.45.35.169\/algi-perspektif-ve-geri-bildirim\/"},"modified":"2024-07-03T15:51:52","modified_gmt":"2024-07-03T12:51:52","slug":"algi-perspektif-ve-geri-bildirim","status":"publish","type":"post","link":"https:\/\/www.kariyer.net\/kariyer-rehberi\/algi-perspektif-ve-geri-bildirim\/","title":{"rendered":"Alg\u0131, perspektif ve geri bildirim&#8230;"},"content":{"rendered":"<p><a href=\"http:\/\/www.kariyer.net\/kariyer-rehberi\/wp-content\/uploads\/2009\/04\/fb.jpg\"><img decoding=\"async\" class=\" wp-image-4265 alignleft\" style=\"margin: 5px;\" alt=\"fb\" src=\"http:\/\/www.kariyer.net\/kariyer-rehberi\/wp-content\/uploads\/2009\/04\/fb-300x300.jpg\" width=\"200\" height=\"200\" srcset=\"https:\/\/www.kariyer.net\/kariyer-rehberi\/wp-content\/uploads\/2009\/04\/fb-300x300.jpg 300w, https:\/\/www.kariyer.net\/kariyer-rehberi\/wp-content\/uploads\/2009\/04\/fb-150x150.jpg 150w, https:\/\/www.kariyer.net\/kariyer-rehberi\/wp-content\/uploads\/2009\/04\/fb.jpg 480w\" sizes=\"(max-width: 200px) 100vw, 200px\" \/><\/a>Kendimizi ne kadar do\u011fru alg\u0131l\u0131yoruz? Etraf\u0131m\u0131zdakilerle onlarla ilgili d\u00fc\u015f\u00fcncelerimizi nas\u0131l payla\u015fmal\u0131y\u0131z? Yan\u0131t, geribildirim aynas\u0131nda.<br \/>\nGe\u00e7en hafta gelen bir dan\u0131\u015fan\u0131m bana i\u015f yerinde ya\u015fad\u0131\u011f\u0131 ve kendisini demotive eden bir geribildirim hikayesi anlatt\u0131. O kadar tan\u0131d\u0131k geldi ki! Y\u00f6netici \u00e7ekti\u011fi foto\u011fraf\u0131n do\u011frulu\u011funu hi\u00e7 ku\u015fku duymadan, ya\u015fananlar\u0131 kendi perspektifinden de\u011ferlendirerek bir geribildirim veriyor. Hakl\u0131 oldu\u011fundan son derece emin&#8230; Di\u011fer tarafta \u00e7al\u0131\u015fan verilen geribildirimin kesinlikle ger\u00e7e\u011fi yans\u0131tmad\u0131\u011f\u0131n\u0131, ya\u015fananlar\u0131n yanl\u0131\u015f alg\u0131land\u0131\u011f\u0131n\u0131, foto\u011fraf\u0131n yanl\u0131\u015f a\u00e7\u0131dan \u00e7ekildi\u011fini iddia ederek, haks\u0131zl\u0131\u011fa u\u011frad\u0131\u011f\u0131n\u0131 d\u00fc\u015f\u00fcn\u00fcyor.<br \/>\n\u00c7evrenize bir bak\u0131n, insanlara kulak verin: Herkes \u015fikayet halinde. Kimisi i\u015f hayat\u0131nda, \u00f6zel hayat\u0131nda, sosyal hayat\u0131nda birilerinin kendisini anlamad\u0131\u011f\u0131n\u0131, s\u00fcrekli ele\u015ftirdi\u011fini s\u00f6yl\u00fcyor. Asl\u0131nda belki de as\u0131l sorunlar\u0131 ele\u015ftirilmek&#8230; Geribildirim almak egolar\u0131n\u0131 yaral\u0131yor, gururlar\u0131 k\u0131r\u0131l\u0131yor ve hemen savunmaya, arkas\u0131ndan da sald\u0131r\u0131ya ge\u00e7iyorlar. Kimisi de son derece iyi niyetle, yap\u0131c\u0131 bir \u015fekilde, geribildirim verdi\u011fini ancak kar\u015f\u0131s\u0131ndakinin bunu anlamad\u0131\u011f\u0131n\u0131 ve \u00e7at\u0131\u015fma ya\u015fad\u0131klar\u0131n\u0131 anlat\u0131yor. Bu durumun pek \u00e7ok a\u00e7\u0131klamas\u0131 olabilir: \u00dclkemizde geribildirim k\u00fclt\u00fcr\u00fcn\u00fcn yerle\u015fmemi\u015f olmas\u0131, geribildirim almay\u0131 da vermeyi pek iyi bilmiyor olu\u015fumuz ya da geribildirimlerimizin a\u00e7\u0131k, net olaylara dayanm\u0131yor olmas\u0131 ve belki de daha onlarca sebep&#8230; Ama bence i\u015fin asl\u0131 ki\u015filerin, d\u0131\u015far\u0131dan nas\u0131l g\u00f6r\u00fcnd\u00fcklerinin, yapt\u0131klar\u0131n\u0131n ya da s\u00f6ylediklerinin nas\u0131l alg\u0131land\u0131\u011f\u0131n\u0131 d\u00fc\u015f\u00fcnmemesi. Sadece kendi bak\u0131\u015f a\u00e7\u0131s\u0131n\u0131n do\u011fru oldu\u011funa inanmas\u0131 ve perspektifini de\u011fi\u015ftirmemekte inat etmesi. Kar\u015f\u0131s\u0131ndakini anlamak i\u00e7in \u00e7aba sarf etmemesi.<\/p>\n<p><strong>Ben bir \u015fey s\u00f6yl\u00fcyorum, o bamba\u015fka bir\u015fey anl\u0131yor!&#8230;<\/strong><br \/>\nGeribildirim i\u00e7in kullanan metafor her zaman ayna olmu\u015ftur. Geribildirim vermenin kar\u015f\u0131daki ki\u015fiye ayna tutmak ve bizim bak\u0131\u015f a\u00e7\u0131m\u0131zdan kendisini g\u00f6rmesini sa\u011flamak oldu\u011fu s\u00f6ylenebilir. \u0130\u015fte o y\u00fczden de verdi\u011fimiz geribildirim kesin bir ger\u00e7eklik de\u011fildir. Dolay\u0131s\u0131yla kar\u015f\u0131m\u0131zdaki ki\u015fi bu geribildirimi kullanarak ne yapaca\u011f\u0131na kendisi karar verebilir. FAST Feedback (Frequent, Accurate, Specific, Timely Feedback \u2013 T\u00fcrk\u00e7esi S\u0131k, Do\u011fru, A\u00e7\u0131k, Zaman\u0131nda geribildirim) adl\u0131 kitab\u0131n yazar\u0131 ve geribildirim konusunda uzman kabul edilen Bruce Tulgan, bu konuyu \u015f\u00f6yle \u00f6zetliyor: \u201cY\u00f6neticilerin verdikleri geri bildirim ile ilgili izlenimleri ile \u00e7al\u0131\u015fanlar\u0131n ald\u0131klar\u0131 geribildirim hakk\u0131ndaki izlenimleri aras\u0131nda bir kopukluk var. O y\u00fczden y\u00f6neticilerin bir ger\u00e7eklik kontrol\u00fc yapmalar\u0131 gerekiyor.\u201d\u00a0 Nas\u0131l m\u0131? Cevab\u0131 yine Tulgan veriyor: \u201dGeribildirim verdi\u011finiz ki\u015filerin, sizin geribildirimlerinizi sat\u0131n alacak m\u00fc\u015fteriler oldu\u011funu d\u00fc\u015f\u00fcn\u00fcn. Neden o anda, neden o olayla ilgili bir geribildirim vermeye karar verdi\u011finizi inceleyin.\u201d<br \/>\nBir y\u00f6ntem de benden; Geribildirim mekanizmas\u0131n\u0131 \u00e7ift tarafl\u0131 kurmaya \u00e7al\u0131\u015f\u0131n. Anlatmak istedi\u011finiz her zaman s\u00f6yledi\u011finizle ayn\u0131 olmayabiliyor. Kendinizi en iyi \u015fekilde ifade edip etmedi\u011finizi anlama y\u00f6nteminiz de geribildirim olmal\u0131. E\u011fer \u00e7ift tarafl\u0131 i\u015fletebilirseniz, o zaman birbirinizi, bak\u0131\u015f a\u00e7\u0131lar\u0131n\u0131z\u0131, rahats\u0131zl\u0131k yaratan nedenleri daha rahat g\u00f6rebilir ve hatta \u00e7\u00f6zebilirsiniz. Geribildirimi al\u0131rken farkl\u0131 bir perspektiften bakabilmek, d\u0131\u015far\u0131ya bir ad\u0131m at\u0131p b\u00fcy\u00fck resmi g\u00f6rebilmek, \u00e7er\u00e7eveyi de\u011fi\u015ftirebilmek \u00e7ok \u00f6nemli. Tabii bir de atlamam\u0131z gereken bir ba\u015fka konu var. Geribildirim mekanizmas\u0131n\u0131 en iyi i\u015fleten kurumlar, asl\u0131nda ko\u00e7luk k\u00fclt\u00fcr\u00fcn\u00fc i\u00e7lerine sindirmi\u015f ve ko\u00e7luk becerilerini i\u015f hayat\u0131nda uygulamay\u0131 kendilerine kural edinmi\u015f firmalard\u0131r.<\/p>\n<p><strong>Johari Penceresi hakk\u0131nda&#8230;<\/strong><br \/>\nGeribildirimden, ileti\u015fimden, ki\u015filerin kendilerini ve ba\u015fkalar\u0131n\u0131 nas\u0131l alg\u0131lad\u0131\u011f\u0131ndan bahsederken Johari Penceresine de\u011finmeden ge\u00e7memek gerek.\u00a0 Johari Penceresi 1955\u2019te Amerikal\u0131 psikologlar Joseph Luft ve Harry Ingham taraf\u0131ndan, grup dinamiklerini ara\u015ft\u0131r\u0131rken ortaya \u00e7\u0131km\u0131\u015f bir modeldir. Bug\u00fcn pek \u00e7ok alanda bu modeli kullan\u0131yoruz. \u00d6zellikle y\u00f6netsel yetkinlikler, davran\u0131\u015f y\u00f6netimi, empati, ileti\u015fim ve alg\u0131 s\u00f6z konusun oldu\u011funda&#8230; Bu modelde ba\u015fkalar\u0131 taraf\u0131ndan bilinen ancak bizim g\u00f6remedi\u011fimiz k\u0131s\u0131ma \u201cK\u00f6r Nokta\u201d (Blind spot) deniyor. Ger\u00e7ekten de d\u00fc\u015f\u00fcn\u00fcrsek kendimize d\u0131\u015fardan bakmam\u0131z \u00e7o\u011fu zaman m\u00fcmk\u00fcn de\u011fil ve doly\u0131s\u0131yla kendimizle ilgili asla fark\u0131na varamayaca\u011f\u0131m\u0131z baz\u0131 \u00f6zelliklerimiz vard\u0131r. Ancak bunlar\u0131 bilen, g\u00f6ren ve bize bu konuda geribildirim veren ki\u015filer olursa, ba\u015fkalar\u0131 taraf\u0131ndan bilinenleri, biz de \u00f6\u011frenebiliriz. Bu \u015fekilde bak\u0131ld\u0131\u011f\u0131 zaman geribildirim, bizi karanl\u0131ktan ayd\u0131nl\u0131\u011fa \u00e7\u0131karan bir fener gibi&#8230; Ancak bu noktada verilen geribildirimin iyi olmas\u0131 gerekti\u011fini de vurgulamak laz\u0131m. E\u011fer dengeli, zaman\u0131nda, net, empati kurarak, ki\u015fiyle de\u011fil olayla ilgili geribildirim vererek, yarg\u0131lamadan bu i\u015fi yapabiliyorsak asl\u0131nda sadece ili\u015fikilerimizi kurtarmakla kalmaz, hayat\u0131m\u0131z\u0131 da daha kolayla\u015ft\u0131rabiliriz. Amerika\u2019da y\u00f6neticilerin zamanlar\u0131n\u0131n y\u00fczde 14\u2019\u00fcn\u00fc kendilerine ba\u011fl\u0131 \u00e7al\u0131\u015fanlar\u0131n yapt\u0131klar\u0131 hatalar\u0131 d\u00fczeltmeye harcad\u0131klar\u0131 s\u00f6yleniyor. T\u00fcrkiye\u2019de bu oran\u0131n \u00e7ok daha y\u00fcksek oldu\u011funu tahmin etmekle birlikte kesin verilere sahip de\u011filiz. Bu durumu d\u00fczeltmek amac\u0131yla al\u0131nan \u00f6nlemlerden bir tanesi de geribildirim alma ve vermeyi bir al\u0131\u015fkanl\u0131k haline d\u00f6n\u00fc\u015ft\u00fcren \u015firket k\u00fclt\u00fcr\u00fc olu\u015fturmak. Bu sayede kurumlar hem verimlilikte art\u0131\u015f, hem de i\u015f ortam\u0131nda ki\u015filer aras\u0131 ileti\u015fimde d\u00fczelme g\u00f6receklerine inan\u0131yorlar.<\/p>\n<p><strong>T\u00fcrkiye\u2019de geribildirim k\u00fclt\u00fcr\u00fc yok!<\/strong><br \/>\nGeribildirim vermek de almak da i\u00e7inde yeti\u015fti\u011fimiz k\u00fclt\u00fcrde \u00e7ok kulland\u0131\u011f\u0131m\u0131z, \u00f6\u011frendi\u011fimiz, ustala\u015ft\u0131\u011f\u0131m\u0131z beceriler de\u011fil. Halbuki hatalar\u0131m\u0131z\u0131 d\u00fczeltmenin, \u00f6\u011frenmenin, m\u00fckemmele\u015fmenin en etkili y\u00f6ntemlerinden biri, geribildirimler&#8230;\u00a0 \u0130\u015finde yeni olan bir \u00e7al\u0131\u015fana geribildirim vererek ki\u015finin o i\u015fi daha do\u011fru yapmas\u0131n\u0131 sa\u011flayabiliriz. Direktif ya da talimat de\u011fil! Ancak bizler sosyal hayat\u0131m\u0131zda \u201cinsanlar ne d\u00fc\u015f\u00fcn\u00fcr?\u201d korkusuyla b\u00fcy\u00fcd\u00fc\u011f\u00fcm\u00fcz ve b\u00fcy\u00fctt\u00fc\u011f\u00fcm\u00fcz i\u00e7in kar\u015f\u0131m\u0131zdakini k\u0131rmak, di\u011ferleri taraf\u0131ndan ele\u015ftirilmek bizler i\u00e7in her zaman son derece can s\u0131k\u0131c\u0131 bir olay olmu\u015ftur. Olumsuz geribildirimler gururumuzu k\u0131rar, bizi mutsuz eder. \u00c7\u00fcnk\u00fc duyduklar\u0131m\u0131z\u0131 ki\u015fiselle\u015ftirir, geribildirimin ki\u015fi hakk\u0131nda de\u011fil, olay\/davran\u0131\u015f hakk\u0131nda oldu\u011funu bir t\u00fcrl\u00fc anlamak istemeyiz. Ama masan\u0131n kar\u015f\u0131 taraf\u0131na ge\u00e7ti\u011fimizde ise her\u015feyi en iyi kendimizin bildi\u011finiz d\u00fc\u015f\u00fcn\u00fcr, s\u00f6yleyeceklerimizin sadece bizim alg\u0131 mekanizmam\u0131z ile s\u0131n\u0131rl\u0131 oldu\u011funu, ba\u015fka perspektiflerden bak\u0131nca farkl\u0131 sonu\u00e7lara ula\u015f\u0131labilece\u011fini unutur, geribildirimlerimizi somut birer ger\u00e7ek olarak ortaya koyar\u0131z. \u201cBu yapt\u0131\u011f\u0131n yanl\u0131\u015f!\u201d deriz, ama kime g\u00f6re ya da neye g\u00f6re yanl\u0131\u015f oldu\u011funu d\u00fc\u015f\u00fcnmeyiz. Hatta bu yetmezmi\u015f gibi bir de gelen a\u00e7\u0131klamalar\u0131 dinlemeyiz&#8230; \u0130\u015fte T\u00fcrkiye\u2019de egolar, dinlememek, savunma ve sald\u0131r\u0131 \u00fczerine kurulmu\u015f bu k\u00fclt\u00fcr art\u0131k de\u011fi\u015fmeye ba\u015flad\u0131. Nas\u0131l m\u0131? \u0130\u015f hayat\u0131nda size ba\u011fl\u0131 \u00e7al\u0131\u015fanlar verdi\u011finiz geribildirimleri irdeliyorlar, gerekirse kar\u015f\u0131l\u0131\u011f\u0131nda tarz\u0131n\u0131zla ya da s\u00f6zlerinizin i\u00e7eri\u011fiyle ilgili geribildirim veriyorlar. Evlerimizde \u00e7ocuklar\u0131m\u0131z, biz ne dersek diyelim, d\u00fc\u015f\u00fcncelerini rahatl\u0131k ve b\u00fcy\u00fck bir \u00f6zg\u00fcvenle payla\u015fabiliyorlar&#8230; T\u00fcrk i\u015f d\u00fcnyas\u0131nda bir\u015feyler de\u011fi\u015fiyor art\u0131k&#8230; Bizler de o de\u011fi\u015fime paralel olarak kar\u015f\u0131m\u0131zdakilere aynay\u0131 tutmadan \u00f6nce kendimize o aynay\u0131 tutup, nas\u0131l anla\u015f\u0131labilece\u011fimizi irdeleyelim.<\/p>\n<p>Kariyer Dergi\u00a0Eyl\u00fcl 2008<\/p>\n<!-- templates\/buttons-placeholder.php -->\n<div class=\"da-reactions-outer TpostID1961\">\n\t    <div class=\"da-reactions-data da-reactions-container-async center\"\n         data-type=\"post\"\n         data-id=\"1961\"\n         id=\"da-reactions-slot-post-1961\">\n        <div class=\"da-reactions-static\">\n\t\t\t<img src=\"https:\/\/www.kariyer.net\/kariyer-rehberi\/wp-content\/plugins\/da-reactions\/assets\/dist\/loading.svg\" alt=\"Loading spinner\" width=\"48\" height=\"48\" style=\"width:48px\" \/>\n        <\/div>\n    <\/div>\n<\/div>\n","protected":false},"excerpt":{"rendered":"<p>Kendimizi ne kadar do\u011fru alg\u0131l\u0131yoruz? Etraf\u0131m\u0131zdakilerle onlarla ilgili d\u00fc\u015f\u00fcncelerimizi nas\u0131l payla\u015fmal\u0131y\u0131z? Yan\u0131t, geribildirim aynas\u0131nda. Ge\u00e7en hafta gelen bir dan\u0131\u015fan\u0131m bana i\u015f yerinde ya\u015fad\u0131\u011f\u0131 ve kendisini demotive eden bir geribildirim hikayesi anlatt\u0131. O kadar tan\u0131d\u0131k geldi ki! Y\u00f6netici \u00e7ekti\u011fi foto\u011fraf\u0131n do\u011frulu\u011funu hi\u00e7 ku\u015fku duymadan, ya\u015fananlar\u0131 kendi perspektifinden de\u011ferlendirerek bir geribildirim veriyor. Hakl\u0131 oldu\u011fundan son derece emin&#8230; [&hellip;]<\/p>\n<!-- templates\/buttons-placeholder.php -->\n<div class=\"da-reactions-outer TpostID1961\">\n\t    <div class=\"da-reactions-data da-reactions-container-async center\"\n         data-type=\"post\"\n         data-id=\"1961\"\n         id=\"da-reactions-slot-post-1961\">\n        <div class=\"da-reactions-static\">\n\t\t\t<img src=\"https:\/\/www.kariyer.net\/kariyer-rehberi\/wp-content\/plugins\/da-reactions\/assets\/dist\/loading.svg\" alt=\"Loading spinner\" width=\"48\" height=\"48\" style=\"width:48px\" \/>\n        <\/div>\n    <\/div>\n<\/div>\n","protected":false},"author":8,"featured_media":4264,"comment_status":"open","ping_status":"open","sticky":false,"template":"","format":"standard","meta":{"footnotes":"","_elementor_edit_mode":"","_elementor_template_type":"","_elementor_data":"","_elementor_page_settings":null,"_elementor_conditions":[]},"categories":[6,2211],"tags":[],"class_list":{"0":"post-1961","1":"post","2":"type-post","3":"status-publish","4":"format-standard","5":"has-post-thumbnail","7":"category-is-bulma-stratejileri","8":"category-kariyer-gelisimi"},"yoast_head":"<!-- This site is optimized with the Yoast SEO Premium plugin v21.4 (Yoast SEO v27.0) - https:\/\/yoast.com\/product\/yoast-seo-premium-wordpress\/ -->\n<title>Alg\u0131, perspektif ve geri bildirim... | Kariyer Rehberi<\/title>\n<meta name=\"description\" content=\"Kendimizi ne kadar do\u011fru alg\u0131l\u0131yoruz? Etraf\u0131m\u0131zdakilerle onlarla ilgili d\u00fc\u015f\u00fcncelerimizi nas\u0131l payla\u015fmal\u0131y\u0131z? Yan\u0131t, geribildirim aynas\u0131nda. Ge\u00e7en hafta\" \/>\n<meta name=\"robots\" content=\"index, follow, max-snippet:-1, max-image-preview:large, max-video-preview:-1\" \/>\n<link rel=\"canonical\" href=\"https:\/\/www.kariyer.net\/kariyer-rehberi\/algi-perspektif-ve-geri-bildirim\/\" \/>\n<meta property=\"og:locale\" content=\"tr_TR\" \/>\n<meta property=\"og:type\" content=\"article\" \/>\n<meta property=\"og:title\" content=\"Alg\u0131, perspektif ve geri bildirim...\" \/>\n<meta property=\"og:description\" content=\"Kendimizi ne kadar do\u011fru alg\u0131l\u0131yoruz? Etraf\u0131m\u0131zdakilerle onlarla ilgili d\u00fc\u015f\u00fcncelerimizi nas\u0131l payla\u015fmal\u0131y\u0131z? Yan\u0131t, geribildirim aynas\u0131nda. Ge\u00e7en hafta\" \/>\n<meta property=\"og:url\" content=\"https:\/\/www.kariyer.net\/kariyer-rehberi\/algi-perspektif-ve-geri-bildirim\/\" \/>\n<meta property=\"og:site_name\" content=\"Kariyer Rehberi\" \/>\n<meta property=\"article:published_time\" content=\"2009-04-21T00:00:00+00:00\" \/>\n<meta property=\"article:modified_time\" content=\"2024-07-03T12:51:52+00:00\" \/>\n<meta property=\"og:image\" content=\"https:\/\/www.kariyer.net\/kariyer-rehberi\/wp-content\/uploads\/2009\/04\/feedback.jpg\" \/>\n\t<meta property=\"og:image:width\" content=\"290\" \/>\n\t<meta property=\"og:image:height\" content=\"150\" \/>\n\t<meta property=\"og:image:type\" content=\"image\/jpeg\" \/>\n<meta name=\"author\" content=\"Kariyer.net\" \/>\n<meta name=\"twitter:card\" content=\"summary_large_image\" \/>\n<meta name=\"twitter:label1\" content=\"Yazan:\" \/>\n\t<meta name=\"twitter:data1\" content=\"Kariyer.net\" \/>\n\t<meta name=\"twitter:label2\" content=\"Tahmini okuma s\u00fcresi\" \/>\n\t<meta name=\"twitter:data2\" content=\"7 dakika\" \/>\n<!-- \/ Yoast SEO Premium plugin. -->","yoast_head_json":{"title":"Alg\u0131, perspektif ve geri bildirim... | Kariyer Rehberi","description":"Kendimizi ne kadar do\u011fru alg\u0131l\u0131yoruz? Etraf\u0131m\u0131zdakilerle onlarla ilgili d\u00fc\u015f\u00fcncelerimizi nas\u0131l payla\u015fmal\u0131y\u0131z? Yan\u0131t, geribildirim aynas\u0131nda. Ge\u00e7en hafta","robots":{"index":"index","follow":"follow","max-snippet":"max-snippet:-1","max-image-preview":"max-image-preview:large","max-video-preview":"max-video-preview:-1"},"canonical":"https:\/\/www.kariyer.net\/kariyer-rehberi\/algi-perspektif-ve-geri-bildirim\/","og_locale":"tr_TR","og_type":"article","og_title":"Alg\u0131, perspektif ve geri bildirim...","og_description":"Kendimizi ne kadar do\u011fru alg\u0131l\u0131yoruz? Etraf\u0131m\u0131zdakilerle onlarla ilgili d\u00fc\u015f\u00fcncelerimizi nas\u0131l payla\u015fmal\u0131y\u0131z? Yan\u0131t, geribildirim aynas\u0131nda. Ge\u00e7en hafta","og_url":"https:\/\/www.kariyer.net\/kariyer-rehberi\/algi-perspektif-ve-geri-bildirim\/","og_site_name":"Kariyer Rehberi","article_published_time":"2009-04-21T00:00:00+00:00","article_modified_time":"2024-07-03T12:51:52+00:00","og_image":[{"width":290,"height":150,"url":"https:\/\/www.kariyer.net\/kariyer-rehberi\/wp-content\/uploads\/2009\/04\/feedback.jpg","type":"image\/jpeg"}],"author":"Kariyer.net","twitter_card":"summary_large_image","twitter_misc":{"Yazan:":"Kariyer.net","Tahmini okuma s\u00fcresi":"7 dakika"},"schema":{"@context":"https:\/\/schema.org","@graph":[{"@type":"Article","@id":"https:\/\/www.kariyer.net\/kariyer-rehberi\/algi-perspektif-ve-geri-bildirim\/#article","isPartOf":{"@id":"https:\/\/www.kariyer.net\/kariyer-rehberi\/algi-perspektif-ve-geri-bildirim\/"},"author":{"name":"Kariyer.net","@id":"https:\/\/www.kariyer.net\/kariyer-rehberi\/#\/schema\/person\/eb36201afd42c03bc83b82060447b2c9"},"headline":"Alg\u0131, perspektif ve geri bildirim&#8230;","datePublished":"2009-04-21T00:00:00+00:00","dateModified":"2024-07-03T12:51:52+00:00","mainEntityOfPage":{"@id":"https:\/\/www.kariyer.net\/kariyer-rehberi\/algi-perspektif-ve-geri-bildirim\/"},"wordCount":1315,"commentCount":0,"publisher":{"@id":"https:\/\/www.kariyer.net\/kariyer-rehberi\/#organization"},"image":{"@id":"https:\/\/www.kariyer.net\/kariyer-rehberi\/algi-perspektif-ve-geri-bildirim\/#primaryimage"},"thumbnailUrl":"https:\/\/www.kariyer.net\/kariyer-rehberi\/wp-content\/uploads\/2009\/04\/feedback.jpg","articleSection":["\u0130\u015f Bulma Stratejileri","Kariyer Geli\u015fimi"],"inLanguage":"tr","potentialAction":[{"@type":"CommentAction","name":"Comment","target":["https:\/\/www.kariyer.net\/kariyer-rehberi\/algi-perspektif-ve-geri-bildirim\/#respond"]}]},{"@type":"WebPage","@id":"https:\/\/www.kariyer.net\/kariyer-rehberi\/algi-perspektif-ve-geri-bildirim\/","url":"https:\/\/www.kariyer.net\/kariyer-rehberi\/algi-perspektif-ve-geri-bildirim\/","name":"Alg\u0131, perspektif ve geri bildirim... | Kariyer Rehberi","isPartOf":{"@id":"https:\/\/www.kariyer.net\/kariyer-rehberi\/#website"},"primaryImageOfPage":{"@id":"https:\/\/www.kariyer.net\/kariyer-rehberi\/algi-perspektif-ve-geri-bildirim\/#primaryimage"},"image":{"@id":"https:\/\/www.kariyer.net\/kariyer-rehberi\/algi-perspektif-ve-geri-bildirim\/#primaryimage"},"thumbnailUrl":"https:\/\/www.kariyer.net\/kariyer-rehberi\/wp-content\/uploads\/2009\/04\/feedback.jpg","datePublished":"2009-04-21T00:00:00+00:00","dateModified":"2024-07-03T12:51:52+00:00","description":"Kendimizi ne kadar do\u011fru alg\u0131l\u0131yoruz? Etraf\u0131m\u0131zdakilerle onlarla ilgili d\u00fc\u015f\u00fcncelerimizi nas\u0131l payla\u015fmal\u0131y\u0131z? Yan\u0131t, geribildirim aynas\u0131nda. Ge\u00e7en hafta","breadcrumb":{"@id":"https:\/\/www.kariyer.net\/kariyer-rehberi\/algi-perspektif-ve-geri-bildirim\/#breadcrumb"},"inLanguage":"tr","potentialAction":[{"@type":"ReadAction","target":["https:\/\/www.kariyer.net\/kariyer-rehberi\/algi-perspektif-ve-geri-bildirim\/"]}]},{"@type":"ImageObject","inLanguage":"tr","@id":"https:\/\/www.kariyer.net\/kariyer-rehberi\/algi-perspektif-ve-geri-bildirim\/#primaryimage","url":"https:\/\/www.kariyer.net\/kariyer-rehberi\/wp-content\/uploads\/2009\/04\/feedback.jpg","contentUrl":"https:\/\/www.kariyer.net\/kariyer-rehberi\/wp-content\/uploads\/2009\/04\/feedback.jpg","width":290,"height":150},{"@type":"BreadcrumbList","@id":"https:\/\/www.kariyer.net\/kariyer-rehberi\/algi-perspektif-ve-geri-bildirim\/#breadcrumb","itemListElement":[{"@type":"ListItem","position":1,"name":"Anasayfa","item":"https:\/\/www.kariyer.net\/kariyer-rehberi\/"},{"@type":"ListItem","position":2,"name":"Alg\u0131, perspektif ve geri bildirim&#8230;"}]},{"@type":"WebSite","@id":"https:\/\/www.kariyer.net\/kariyer-rehberi\/#website","url":"https:\/\/www.kariyer.net\/kariyer-rehberi\/","name":"Kariyer Rehberi","description":"\u0130\u015f D\u00fcnyas\u0131yla \u0130lgili Bilmek \u0130stedi\u011finiz Her \u015eey","publisher":{"@id":"https:\/\/www.kariyer.net\/kariyer-rehberi\/#organization"},"potentialAction":[{"@type":"SearchAction","target":{"@type":"EntryPoint","urlTemplate":"https:\/\/www.kariyer.net\/kariyer-rehberi\/?s={search_term_string}"},"query-input":{"@type":"PropertyValueSpecification","valueRequired":true,"valueName":"search_term_string"}}],"inLanguage":"tr"},{"@type":"Organization","@id":"https:\/\/www.kariyer.net\/kariyer-rehberi\/#organization","name":"Kariyer.net","url":"https:\/\/www.kariyer.net\/kariyer-rehberi\/","logo":{"@type":"ImageObject","inLanguage":"tr","@id":"https:\/\/www.kariyer.net\/kariyer-rehberi\/#\/schema\/logo\/image\/","url":"https:\/\/www.kariyer.net\/kariyer-rehberi-new\/wp-content\/uploads\/2023\/01\/og-image11.jpg","contentUrl":"https:\/\/www.kariyer.net\/kariyer-rehberi-new\/wp-content\/uploads\/2023\/01\/og-image11.jpg","width":800,"height":800,"caption":"Kariyer.net"},"image":{"@id":"https:\/\/www.kariyer.net\/kariyer-rehberi\/#\/schema\/logo\/image\/"}},{"@type":"Person","@id":"https:\/\/www.kariyer.net\/kariyer-rehberi\/#\/schema\/person\/eb36201afd42c03bc83b82060447b2c9","name":"Kariyer.net","image":{"@type":"ImageObject","inLanguage":"tr","@id":"https:\/\/www.kariyer.net\/kariyer-rehberi\/#\/schema\/person\/image\/","url":"https:\/\/secure.gravatar.com\/avatar\/ddce3ac68cb52fb2ae004bcee334e49ccc6361fefd68c5f6f4d2a86630c28b2e?s=96&d=mm&r=g","contentUrl":"https:\/\/secure.gravatar.com\/avatar\/ddce3ac68cb52fb2ae004bcee334e49ccc6361fefd68c5f6f4d2a86630c28b2e?s=96&d=mm&r=g","caption":"Kariyer.net"},"url":"https:\/\/www.kariyer.net\/kariyer-rehberi\/author\/kariyer-net\/"}]}},"_links":{"self":[{"href":"https:\/\/www.kariyer.net\/kariyer-rehberi\/wp-json\/wp\/v2\/posts\/1961","targetHints":{"allow":["GET"]}}],"collection":[{"href":"https:\/\/www.kariyer.net\/kariyer-rehberi\/wp-json\/wp\/v2\/posts"}],"about":[{"href":"https:\/\/www.kariyer.net\/kariyer-rehberi\/wp-json\/wp\/v2\/types\/post"}],"author":[{"embeddable":true,"href":"https:\/\/www.kariyer.net\/kariyer-rehberi\/wp-json\/wp\/v2\/users\/8"}],"replies":[{"embeddable":true,"href":"https:\/\/www.kariyer.net\/kariyer-rehberi\/wp-json\/wp\/v2\/comments?post=1961"}],"version-history":[{"count":1,"href":"https:\/\/www.kariyer.net\/kariyer-rehberi\/wp-json\/wp\/v2\/posts\/1961\/revisions"}],"predecessor-version":[{"id":20133,"href":"https:\/\/www.kariyer.net\/kariyer-rehberi\/wp-json\/wp\/v2\/posts\/1961\/revisions\/20133"}],"wp:featuredmedia":[{"embeddable":true,"href":"https:\/\/www.kariyer.net\/kariyer-rehberi\/wp-json\/wp\/v2\/media\/4264"}],"wp:attachment":[{"href":"https:\/\/www.kariyer.net\/kariyer-rehberi\/wp-json\/wp\/v2\/media?parent=1961"}],"wp:term":[{"taxonomy":"category","embeddable":true,"href":"https:\/\/www.kariyer.net\/kariyer-rehberi\/wp-json\/wp\/v2\/categories?post=1961"},{"taxonomy":"post_tag","embeddable":true,"href":"https:\/\/www.kariyer.net\/kariyer-rehberi\/wp-json\/wp\/v2\/tags?post=1961"}],"curies":[{"name":"wp","href":"https:\/\/api.w.org\/{rel}","templated":true}]}}