{"id":1973,"date":"2009-04-21T03:00:00","date_gmt":"2009-04-21T00:00:00","guid":{"rendered":"http:\/\/92.45.35.169\/giysileriniz-ne-soyluyor\/"},"modified":"2024-08-08T21:12:35","modified_gmt":"2024-08-08T18:12:35","slug":"giysileriniz-ne-soyluyor","status":"publish","type":"post","link":"https:\/\/www.kariyer.net\/kariyer-rehberi\/giysileriniz-ne-soyluyor\/","title":{"rendered":"Giysileriniz ne s\u00f6yl\u00fcyor?"},"content":{"rendered":"<p><strong>Bazen giysilerimiz bizim ad\u0131m\u0131za konu\u015fuyor. Giysilerin dilini \u00f6\u011frenmemiz gerek. Haydi gelin, giysilerin diliyle tan\u0131\u015fal\u0131m&#8230;<\/strong><\/p>\n<p><strong><\/strong><br \/>\n<a href=\"http:\/\/www.kariyer.net\/kariyer-rehberi\/wp-content\/uploads\/2009\/04\/tak\u0131melbise250x150.jpg\"><img decoding=\"async\" class=\"size-full wp-image-3838 alignleft\" style=\"margin: 5px;\" alt=\"tak\u0131melbise250x150\" src=\"http:\/\/www.kariyer.net\/kariyer-rehberi\/wp-content\/uploads\/2009\/04\/tak\u0131melbise250x150.jpg\" width=\"250\" height=\"150\" \/><\/a>Ne kadar b\u00fcy\u00fck bir hayal k\u0131r\u0131kl\u0131\u011f\u0131 ya\u015fad\u0131\u011f\u0131 y\u00fcz\u00fcnden okunuyordu. \u015eirketin Avrupa ba\u015fkan\u0131n\u0131n T\u00fcrkiye\u2019ye gelece\u011fini \u00f6\u011frendi\u011fi zaman ne kadar da heveslenmi\u015fti. Onu etkilemeyi istemi\u015f, bu \u015fekilde gelecekte bu \u015firkette y\u00fckselmek, yurt d\u0131\u015f\u0131nda bir pozisyon elde edebilmek i\u00e7in bir avantaj yakalamak istemi\u015fti. O sabah nas\u0131l da \u00f6zenle haz\u0131rlanm\u0131\u015f, k\u0131yafetlerine dikkat etmi\u015fti. Nas\u0131l bu kadar yanl\u0131\u015f bir izlenim b\u0131rakm\u0131\u015ft\u0131? K\u0131yafetleri ile ilgili herkesin ortas\u0131nda ald\u0131\u011f\u0131 ele\u015ftiri onu y\u0131km\u0131\u015ft\u0131. O i\u015finin ehli, g\u00fcvenilir, sayg\u0131n ama ayn\u0131 zamanda gen\u00e7 ve dinamik bir i\u015f adam\u0131 gibi g\u00f6r\u00fcnmek istemi\u015fti. Sadece o g\u00fcn i\u00e7in \u00f6zel al\u0131\u015fveri\u015f yapm\u0131\u015ft\u0131. Her\u015fey yolunda gidiyor diye d\u00fc\u015f\u00fcnd\u00fc\u011f\u00fc bir anda\u2026 Peki ama nerede hata yapm\u0131\u015ft\u0131?<\/p>\n<p><strong>Kravat sayg\u0131nl\u0131\u011f\u0131n sembol\u00fc\u2026<\/strong><br \/>\nK\u0131yafetlerinizin konu\u015ftu\u011funu, sizin hakk\u0131n\u0131zda kar\u015f\u0131n\u0131zdakine pek \u00e7ok \u015fey s\u00f6yledi\u011fini biliyor muydunuz? Belki siz de yukar\u0131daki kadar naho\u015f olmasa da k\u00f6t\u00fc bir deneyim ge\u00e7irdiniz bu konuda\u2026 Belki de k\u0131yafetlerinizin verdi\u011fi mesajlar\u0131n \u00f6nemini daha \u00f6nceden farkedip, bunu lehinize kullanmaya ba\u015flam\u0131\u015ft\u0131n\u0131z zaten\u2026\u00a0 \u201cBa\u015far\u0131 i\u00e7in Giyim\u201d<strong> (Dress for Success)<\/strong> adl\u0131 kitab\u0131n yazar\u0131 John T. Malloy, k\u0131yafetlerin hatta her bir par\u00e7an\u0131n bir anlam\u0131 oldu\u011funu, insanlara bir mesaj verdi\u011fini kan\u0131tlamak i\u00e7in New York\u2019da bir otob\u00fcs terminali ve bir metro istasyonu civar\u0131nda\u00a0 minik bir deneme yapm\u0131\u015f. Bu deneme esnas\u0131nda yazar insanlara yakla\u015f\u0131p, son derece utand\u0131\u011f\u0131n\u0131 ama c\u00fczdan\u0131n\u0131 evde unuttu\u011funu, \u00e7ok zor durumda kald\u0131\u011f\u0131n\u0131 ve eve gitmek i\u00e7in 75 Cent\u2019e ihtiyac\u0131 oldu\u011funu s\u00f6ylemi\u015f. Bunu g\u00fcn\u00fcn en kalabal\u0131k zaman\u0131nda iki saat boyunca yapm\u0131\u015f. \u0130lk saatte bir tak\u0131m elbise giymi\u015f ama kravat takmam\u0131\u015f. \u0130kinci saatte ayn\u0131 tak\u0131m elbiseye bir kravat eklemi\u015f. \u0130lk saatte 7,23$, ikinci saatte ise 26$ toplam\u0131\u015f. Hatta ikinci saatte bir adam ona gazete almas\u0131 i\u00e7in para bile vermi\u015f. Malloy\u2019un vard\u0131\u011f\u0131 sonu\u00e7:\u201dKravat sorumluluk sahibi olman\u0131n ve sayg\u0131nl\u0131\u011f\u0131n bir sembol\u00fc. Ba\u015fka insanlara sizin kim oldu\u011funuz hakk\u0131nda, itibar\u0131n\u0131z\u0131 azaltan ya da artt\u0131ran mesajlar veriyor.\u201d Yapt\u0131\u011f\u0131 pek \u00e7ok \u00e7al\u0131\u015fman\u0131n sonucunda yazar, k\u0131yafetlerin insanlar \u00fczerinde yaratt\u0131\u011f\u0131 etkilerin, verdi\u011fi mesajlar\u0131n gerek i\u015f hayat\u0131nda gerekse sosyal hayatta ba\u015far\u0131 i\u00e7in ka\u00e7\u0131n\u0131lmaz oldu\u011funa karar vermi\u015f. K\u0131yafetlerin dilini bilir, onlar\u0131 dinlersek bizler de ba\u015far\u0131ya do\u011fru bir ad\u0131m atm\u0131\u015f oluruz, ne dersiniz?<\/p>\n<p><strong>Giysilerimiz \u00e7evremizdekilere neler s\u00f6yler?<\/strong><br \/>\nGiysilerimiz \u00e7evremizdekilerin bize bakt\u0131\u011f\u0131nda ilk g\u00f6rd\u00fc\u011f\u00fc ileti\u015fim arac\u0131d\u0131r. \u0130nsanlar ne giydi\u011fimize bakarak bizler hakk\u0131nda pek \u00e7ok konuda yarg\u0131ya var\u0131rlar. K\u0131yafetlerimizin ki\u015fili\u011fimizin bir yans\u0131mas\u0131 oldu\u011funu d\u00fc\u015f\u00fcn\u00fcrler. Asl\u0131nda b\u00fct\u00fcn bunlar tabii ki bilin\u00e7li ya\u015fanan bir s\u00fcre\u00e7 de\u011fildir. Tamamen ge\u00e7mi\u015f bilgi ve deneyimler do\u011frultusunda olu\u015fmu\u015f kal\u0131pla\u015fm\u0131\u015f \u00f6rnekler (stereotype), d\u00fc\u015f\u00fcnce kal\u0131plar\u0131 y\u00f6nlendirir ki\u015fileri. K\u0131yafetlerimiz temelde 3 konuda ileti\u015fim kurar ve kar\u015f\u0131m\u0131zdakilere bilgi verir. De\u011ferlerimiz, o anki sosyal kimli\u011fimiz ve stat\u00fcm\u00fcz. Bazen bir i\u015f kad\u0131n\u0131n ete\u011finin boyuna bakarak onun de\u011fer yarg\u0131lar\u0131yla, d\u00fc\u015f\u00fcnceleriyle hayata bak\u0131\u015f a\u00e7\u0131s\u0131yla ilgili bir yarg\u0131ya var\u0131r\u0131z\u2026 Bazen de son derece muhafazakar giyinmi\u015f bir gen\u00e7 k\u0131z\u0131n. Sonra o ki\u015finin k\u0131yafetine bir daha bakar ve onun bir anne, bir i\u015f kad\u0131n\u0131, bir \u00f6\u011frenci olup olmad\u0131\u011f\u0131na karar veririz. En sonunda da sosyal hayatta ve i\u015f hayat\u0131nda nereye kadar ilerlemi\u015f oldu\u011funu tahmin ederiz. Bir kot, beyaz ask\u0131l\u0131 bir ti\u015f\u00f6rt ve beyaz spor ayakkab\u0131lar giymi\u015f, sa\u00e7lar\u0131n\u0131 at kuyru\u011fu yapm\u0131\u015f bir gen\u00e7 han\u0131m\u0131 \u00f6rnek olarak inceleyelim. \u00d6ncelikle rahat\u0131na d\u00fc\u015fk\u00fcn, \u00e7ok muhafazakar olmayan biri oldu\u011funu d\u00fc\u015f\u00fcn\u00fcr\u00fcz. \u00c7al\u0131\u015fmad\u0131\u011f\u0131 konusunda teredd\u00fct etmeyiz. Ya\u015f\u0131na g\u00f6re ya ev han\u0131m\u0131 ya da \u00f6\u011frenci oldu\u011funu tahmin ederiz.<\/p>\n<p><strong>\u0130\u015fe giderken b\u00f6yle giyinilmez ki!<\/strong><br \/>\nBazen kar\u015f\u0131dan gelen ki\u015finin k\u0131yafetinin \u00fct\u00fcs\u00fcn\u00fcn olmad\u0131\u011f\u0131n\u0131 farkeder, k\u0131r\u0131\u015f\u0131kl\u0131klara bak\u0131p kar\u015f\u0131m\u0131zdakinin k\u0131yafetleri ile :\u201dBen detaylara tak\u0131lmam. Pek bir \u015feye \u00f6nem vermem. K\u0131yafetlerime, i\u015fime ve hatta gelece\u011fime\u2026\u201d diye ba\u011f\u0131rd\u0131\u011f\u0131n\u0131 duyar\u0131z. Bazen ba\u015ftan a\u015fa\u011f\u0131 her yeri tasar\u0131mc\u0131 logolar\u0131yla dolu birini g\u00f6r\u00fcrs\u00fcn\u00fcz. O giysiler size; sahibinin kendisine pek g\u00fcveni olmad\u0131\u011f\u0131n\u0131, bu pahal\u0131 markalar\u0131n bu kadar g\u00f6r\u00fcn\u00fcr olmas\u0131 sayesinde kar\u015f\u0131s\u0131ndakiler \u00fczerinde bir \u00fcst\u00fcnl\u00fck kurmak istedi\u011fini f\u0131s\u0131ldar. Ya da kar\u015f\u0131n\u0131zdaki ki\u015fi parlak, g\u00f6z al\u0131c\u0131 bir kravatla i\u015f toplant\u0131s\u0131na gelmi\u015ftir. Onu takan ki\u015fi fark\u0131na varmasa bile, kravat\u0131 toplant\u0131dakilere \u201cDikkate ihtiyac\u0131m var!\u201d diye seslenir. \u201cBana da bak\u0131n, beni de dikkate al\u0131n\u2026\u201d<\/p>\n<p><strong>Rengin etkisini de unutmayal\u0131m\u2026<\/strong><br \/>\nK\u0131yafetlerimizin istedi\u011fimiz \u015fekilde konu\u015fmas\u0131n\u0131 istiyorsak, sadece tarz\u0131m\u0131za de\u011fil, o k\u0131yafetlerin renklerine de dikkat etmemiz gerekiyor. \u0130ki i\u015f kad\u0131n\u0131 d\u00fc\u015f\u00fcn\u00fcn. Her ikisi ayn\u0131 sekt\u00f6rde ve \u00fcst d\u00fczey y\u00f6netici. Her ikisi de ayn\u0131 tak\u0131m elbiseyi giymi\u015f. Ancak farkl\u0131 renklerde. D\u00fc\u015f\u00fcn\u00fcn ki, biri siyah, di\u011feri bordo birbirinin ayn\u0131s\u0131 iki tak\u0131m\u2026\u00a0 Bu k\u0131yafetlerden biri klasik ve g\u00fcvenilir oldu\u011funu s\u00f6ylerken di\u011feri kendisini giyen ki\u015finin dikkati \u00e7ekmeyi, farkl\u0131 olmay\u0131 ne kadar \u00e7ok sevdi\u011fini hayk\u0131r\u0131r. Renk se\u00e7imlerimiz de bizlerin ki\u015fili\u011finin g\u00f6stergesidir unutmayal\u0131m. Bazen otoriteyi, bazen g\u00fcveni, bazen de enerjiyi anlat\u0131rlar. Biz fark\u0131nda olmasak da ruh halimizi, i\u00e7inde yeti\u015fti\u011fimiz k\u00fclt\u00fcr\u00fc ve i\u00e7inde bulundu\u011fumuz sekt\u00f6r\u00fc hatta bazen mesle\u011fimizi iletirler \u00e7evredekilere\u2026<br \/>\n<strong><br \/>\nSekt\u00f6rler, meslekler ve giyim tarz\u0131\u2026<\/strong><br \/>\nBaz\u0131 sekt\u00f6rler, baz\u0131 meslekler kurallar\u0131 temel al\u0131r. O i\u015fi yap\u0131yorsan\u0131z, o sekt\u00f6rde \u00e7al\u0131\u015f\u0131yorsan\u0131z, kurallara uydu\u011funuz s\u00fcrece, onlar\u0131 uygulad\u0131\u011f\u0131n\u0131z s\u00fcrece ba\u015far\u0131l\u0131 olursunuz. Avukatlar\u0131 ele alal\u0131m. E\u011fer sizin i\u00e7in ya da \u015firketiniz i\u00e7in \u00f6nemli bir dava s\u00f6z konusuysa kurallar\u0131 en iyi bilen, onlar\u0131 tan\u0131yan, risk almayacak ve g\u00fcvenilir birisini istersiniz muhtemelen. Kap\u0131n\u0131z\u0131 \u00e7al\u0131p son derece yarat\u0131c\u0131 oldu\u011funu s\u00f6yleyen, her bir davas\u0131nda farkl\u0131 teknikler uygulayan bir avukat korkutmaz m\u0131 sizi? Ya da bir tasar\u0131mc\u0131y\u0131 d\u00fc\u015f\u00fcnelim\u2026 Sizin i\u00e7in ba\u015fkalar\u0131ndan farkl\u0131 bir\u015feyler yapmas\u0131n\u0131 istersiniz, de\u011fil mi? Farkl\u0131, yarat\u0131c\u0131 bir insana ihtiyac\u0131n\u0131z vard\u0131r. Tabii o insan\u0131 ilk g\u00f6rd\u00fc\u011f\u00fcn\u00fcz zaman aln\u0131nda \u201cBen yarat\u0131c\u0131y\u0131m\u201d yazmad\u0131\u011f\u0131 i\u00e7in g\u00f6r\u00fcn\u00fc\u015f\u00fcne bakars\u0131n\u0131z. Lacivert tak\u0131m elbiselerini giymi\u015f, beyaz g\u00f6mle\u011fine son derece klasik bir kravat takm\u0131\u015f bir tasar\u0131mc\u0131ya bak\u0131p d\u00fc\u015f\u00fcn\u00fcrs\u00fcn\u00fcz muhtemelen. Yapt\u0131\u011f\u0131 i\u015fteki yarat\u0131c\u0131l\u0131\u011f\u0131 neden kendisinde, k\u0131yafetlerinde g\u00f6remedi\u011finizi merak etmez misiniz? Yanl\u0131\u015f anlamay\u0131n. U\u00e7uk ka\u00e7\u0131k k\u0131yafetlerden bahsetmiyorum. Belki farkl\u0131 bir ceket, biraz daha esnek ama yine de i\u015f hayat\u0131na uygun bir k\u0131yafet neden olmas\u0131n ki? Sizin i\u00e7inde bulundu\u011funuz sekt\u00f6r nas\u0131l bir sekt\u00f6r? Klasik mi? Nas\u0131l mesajlar vermeniz gerekiyor? Ben g\u00fcvenilirim\u2026 Ben otoriterim\u2026 Ben de\u011fi\u015fime a\u00e7\u0131\u011f\u0131m\u2026 Ben farkl\u0131y\u0131m\u2026 Hangisi sizin mesle\u011finizle, \u015firketinizin sekt\u00f6r\u00fc i\u00e7in vazge\u00e7ilmez mesaj? Peki o mesaj\u0131 vermek i\u00e7in hangi k\u0131yafetleri giymek gerekiyor?<\/p>\n<p><strong>\u00d6nce ne istedi\u011fimize karar verelim\u2026<\/strong><br \/>\nBazen fark\u0131na varmadan ge\u00e7mi\u015fimizin bug\u00fcn\u00fcm\u00fcz\u00fc y\u00f6netmesine izin veririz. Belki ge\u00e7mi\u015fte ya\u015fad\u0131klar\u0131m\u0131z, al\u0131\u015fkanl\u0131klar\u0131m\u0131z, duyduklar\u0131m\u0131z ya da g\u00f6rd\u00fcklerimiz bug\u00fcn bizi sahip oldu\u011fumuz hayat tarz\u0131n\u0131 yans\u0131tmaktan al\u0131koyuyor. Oysa e\u011fer ne oldu\u011fumuzu yans\u0131tam\u0131yor, sahip \u00e7\u0131kam\u0131yorsak huzursuz \u00a0ve sonunda da mutsuz oluruz. O halde ilk yapmam\u0131z gereken kim oldu\u011fumuzun, ne mesaj vermek istedi\u011fimizin fark\u0131na varmak\u2026 Sonra da bu mesajlar\u0131 k\u0131yafetlerimizle nas\u0131l verece\u011fimizi \u00f6\u011frenmek. Zor mu? Hayatta sizi ba\u015far\u0131ya g\u00f6t\u00fcren ad\u0131mlar\u0131n hangisi kolay?<\/p>\n<p>Kariyer Dergi May\u0131s 2008<\/p>\n<!-- templates\/buttons-placeholder.php -->\n<div class=\"da-reactions-outer TpostID1973\">\n\t    <div class=\"da-reactions-data da-reactions-container-async center\"\n         data-type=\"post\"\n         data-id=\"1973\"\n         id=\"da-reactions-slot-post-1973\">\n        <div class=\"da-reactions-static\">\n\t\t\t<img src=\"https:\/\/www.kariyer.net\/kariyer-rehberi\/wp-content\/plugins\/da-reactions\/assets\/dist\/loading.svg\" alt=\"Loading spinner\" width=\"48\" height=\"48\" style=\"width:48px\" \/>\n        <\/div>\n    <\/div>\n<\/div>\n","protected":false},"excerpt":{"rendered":"<p>Bazen giysilerimiz bizim ad\u0131m\u0131za konu\u015fuyor. Giysilerin dilini \u00f6\u011frenmemiz gerek. Haydi gelin, giysilerin diliyle tan\u0131\u015fal\u0131m&#8230; Ne kadar b\u00fcy\u00fck bir hayal k\u0131r\u0131kl\u0131\u011f\u0131 ya\u015fad\u0131\u011f\u0131 y\u00fcz\u00fcnden okunuyordu. \u015eirketin Avrupa ba\u015fkan\u0131n\u0131n T\u00fcrkiye\u2019ye gelece\u011fini \u00f6\u011frendi\u011fi zaman ne kadar da heveslenmi\u015fti. Onu etkilemeyi istemi\u015f, bu \u015fekilde gelecekte bu \u015firkette y\u00fckselmek, yurt d\u0131\u015f\u0131nda bir pozisyon elde edebilmek i\u00e7in bir avantaj yakalamak istemi\u015fti. O [&hellip;]<\/p>\n<!-- templates\/buttons-placeholder.php -->\n<div class=\"da-reactions-outer TpostID1973\">\n\t    <div class=\"da-reactions-data da-reactions-container-async center\"\n         data-type=\"post\"\n         data-id=\"1973\"\n         id=\"da-reactions-slot-post-1973\">\n        <div class=\"da-reactions-static\">\n\t\t\t<img src=\"https:\/\/www.kariyer.net\/kariyer-rehberi\/wp-content\/plugins\/da-reactions\/assets\/dist\/loading.svg\" alt=\"Loading spinner\" width=\"48\" height=\"48\" style=\"width:48px\" \/>\n        <\/div>\n    <\/div>\n<\/div>\n","protected":false},"author":8,"featured_media":3838,"comment_status":"open","ping_status":"open","sticky":false,"template":"","format":"standard","meta":{"footnotes":"","_elementor_edit_mode":"","_elementor_template_type":"","_elementor_data":"","_elementor_page_settings":null,"_elementor_conditions":[]},"categories":[2211,2214],"tags":[],"class_list":{"0":"post-1973","1":"post","2":"type-post","3":"status-publish","4":"format-standard","5":"has-post-thumbnail","7":"category-kariyer-gelisimi","8":"category-yasam"},"yoast_head":"<!-- This site is optimized with the Yoast SEO Premium plugin v21.4 (Yoast SEO v27.0) - https:\/\/yoast.com\/product\/yoast-seo-premium-wordpress\/ -->\n<title>Giysileriniz ne s\u00f6yl\u00fcyor? | Kariyer Rehberi<\/title>\n<meta name=\"description\" content=\"Bazen giysilerimiz bizim ad\u0131m\u0131za konu\u015fuyor. Giysilerin dilini \u00f6\u011frenmemiz gerek. Haydi gelin, giysilerin diliyle tan\u0131\u015fal\u0131m... Ne kadar b\u00fcy\u00fck bir hayal\" \/>\n<meta name=\"robots\" content=\"index, follow, max-snippet:-1, max-image-preview:large, max-video-preview:-1\" \/>\n<link rel=\"canonical\" href=\"https:\/\/www.kariyer.net\/kariyer-rehberi\/giysileriniz-ne-soyluyor\/\" \/>\n<meta property=\"og:locale\" content=\"tr_TR\" \/>\n<meta property=\"og:type\" content=\"article\" \/>\n<meta property=\"og:title\" content=\"Giysileriniz ne s\u00f6yl\u00fcyor?\" \/>\n<meta property=\"og:description\" content=\"Bazen giysilerimiz bizim ad\u0131m\u0131za konu\u015fuyor. Giysilerin dilini \u00f6\u011frenmemiz gerek. Haydi gelin, giysilerin diliyle tan\u0131\u015fal\u0131m... Ne kadar b\u00fcy\u00fck bir hayal\" \/>\n<meta property=\"og:url\" content=\"https:\/\/www.kariyer.net\/kariyer-rehberi\/giysileriniz-ne-soyluyor\/\" \/>\n<meta property=\"og:site_name\" content=\"Kariyer Rehberi\" \/>\n<meta property=\"article:published_time\" content=\"2009-04-21T00:00:00+00:00\" \/>\n<meta property=\"article:modified_time\" content=\"2024-08-08T18:12:35+00:00\" \/>\n<meta property=\"og:image\" content=\"https:\/\/www.kariyer.net\/kariyer-rehberi\/wp-content\/uploads\/2009\/04\/tak\u0131melbise250x150.jpg\" \/>\n\t<meta property=\"og:image:width\" content=\"250\" \/>\n\t<meta property=\"og:image:height\" content=\"150\" \/>\n\t<meta property=\"og:image:type\" content=\"image\/jpeg\" \/>\n<meta name=\"author\" content=\"Kariyer.net\" \/>\n<meta name=\"twitter:card\" content=\"summary_large_image\" \/>\n<meta name=\"twitter:label1\" content=\"Yazan:\" \/>\n\t<meta name=\"twitter:data1\" content=\"Kariyer.net\" \/>\n\t<meta name=\"twitter:label2\" content=\"Tahmini okuma s\u00fcresi\" \/>\n\t<meta name=\"twitter:data2\" content=\"7 dakika\" \/>\n<!-- \/ Yoast SEO Premium plugin. -->","yoast_head_json":{"title":"Giysileriniz ne s\u00f6yl\u00fcyor? | Kariyer Rehberi","description":"Bazen giysilerimiz bizim ad\u0131m\u0131za konu\u015fuyor. Giysilerin dilini \u00f6\u011frenmemiz gerek. Haydi gelin, giysilerin diliyle tan\u0131\u015fal\u0131m... Ne kadar b\u00fcy\u00fck bir hayal","robots":{"index":"index","follow":"follow","max-snippet":"max-snippet:-1","max-image-preview":"max-image-preview:large","max-video-preview":"max-video-preview:-1"},"canonical":"https:\/\/www.kariyer.net\/kariyer-rehberi\/giysileriniz-ne-soyluyor\/","og_locale":"tr_TR","og_type":"article","og_title":"Giysileriniz ne s\u00f6yl\u00fcyor?","og_description":"Bazen giysilerimiz bizim ad\u0131m\u0131za konu\u015fuyor. Giysilerin dilini \u00f6\u011frenmemiz gerek. Haydi gelin, giysilerin diliyle tan\u0131\u015fal\u0131m... Ne kadar b\u00fcy\u00fck bir hayal","og_url":"https:\/\/www.kariyer.net\/kariyer-rehberi\/giysileriniz-ne-soyluyor\/","og_site_name":"Kariyer Rehberi","article_published_time":"2009-04-21T00:00:00+00:00","article_modified_time":"2024-08-08T18:12:35+00:00","og_image":[{"width":250,"height":150,"url":"https:\/\/www.kariyer.net\/kariyer-rehberi\/wp-content\/uploads\/2009\/04\/tak\u0131melbise250x150.jpg","type":"image\/jpeg"}],"author":"Kariyer.net","twitter_card":"summary_large_image","twitter_misc":{"Yazan:":"Kariyer.net","Tahmini okuma s\u00fcresi":"7 dakika"},"schema":{"@context":"https:\/\/schema.org","@graph":[{"@type":"Article","@id":"https:\/\/www.kariyer.net\/kariyer-rehberi\/giysileriniz-ne-soyluyor\/#article","isPartOf":{"@id":"https:\/\/www.kariyer.net\/kariyer-rehberi\/giysileriniz-ne-soyluyor\/"},"author":{"name":"Kariyer.net","@id":"https:\/\/www.kariyer.net\/kariyer-rehberi\/#\/schema\/person\/eb36201afd42c03bc83b82060447b2c9"},"headline":"Giysileriniz ne s\u00f6yl\u00fcyor?","datePublished":"2009-04-21T00:00:00+00:00","dateModified":"2024-08-08T18:12:35+00:00","mainEntityOfPage":{"@id":"https:\/\/www.kariyer.net\/kariyer-rehberi\/giysileriniz-ne-soyluyor\/"},"wordCount":1439,"commentCount":0,"publisher":{"@id":"https:\/\/www.kariyer.net\/kariyer-rehberi\/#organization"},"image":{"@id":"https:\/\/www.kariyer.net\/kariyer-rehberi\/giysileriniz-ne-soyluyor\/#primaryimage"},"thumbnailUrl":"https:\/\/www.kariyer.net\/kariyer-rehberi\/wp-content\/uploads\/2009\/04\/tak\u0131melbise250x150.jpg","articleSection":["Kariyer Geli\u015fimi","Ya\u015fam"],"inLanguage":"tr","potentialAction":[{"@type":"CommentAction","name":"Comment","target":["https:\/\/www.kariyer.net\/kariyer-rehberi\/giysileriniz-ne-soyluyor\/#respond"]}]},{"@type":"WebPage","@id":"https:\/\/www.kariyer.net\/kariyer-rehberi\/giysileriniz-ne-soyluyor\/","url":"https:\/\/www.kariyer.net\/kariyer-rehberi\/giysileriniz-ne-soyluyor\/","name":"Giysileriniz ne s\u00f6yl\u00fcyor? | Kariyer Rehberi","isPartOf":{"@id":"https:\/\/www.kariyer.net\/kariyer-rehberi\/#website"},"primaryImageOfPage":{"@id":"https:\/\/www.kariyer.net\/kariyer-rehberi\/giysileriniz-ne-soyluyor\/#primaryimage"},"image":{"@id":"https:\/\/www.kariyer.net\/kariyer-rehberi\/giysileriniz-ne-soyluyor\/#primaryimage"},"thumbnailUrl":"https:\/\/www.kariyer.net\/kariyer-rehberi\/wp-content\/uploads\/2009\/04\/tak\u0131melbise250x150.jpg","datePublished":"2009-04-21T00:00:00+00:00","dateModified":"2024-08-08T18:12:35+00:00","description":"Bazen giysilerimiz bizim ad\u0131m\u0131za konu\u015fuyor. Giysilerin dilini \u00f6\u011frenmemiz gerek. Haydi gelin, giysilerin diliyle tan\u0131\u015fal\u0131m... Ne kadar b\u00fcy\u00fck bir hayal","breadcrumb":{"@id":"https:\/\/www.kariyer.net\/kariyer-rehberi\/giysileriniz-ne-soyluyor\/#breadcrumb"},"inLanguage":"tr","potentialAction":[{"@type":"ReadAction","target":["https:\/\/www.kariyer.net\/kariyer-rehberi\/giysileriniz-ne-soyluyor\/"]}]},{"@type":"ImageObject","inLanguage":"tr","@id":"https:\/\/www.kariyer.net\/kariyer-rehberi\/giysileriniz-ne-soyluyor\/#primaryimage","url":"https:\/\/www.kariyer.net\/kariyer-rehberi\/wp-content\/uploads\/2009\/04\/tak\u0131melbise250x150.jpg","contentUrl":"https:\/\/www.kariyer.net\/kariyer-rehberi\/wp-content\/uploads\/2009\/04\/tak\u0131melbise250x150.jpg","width":250,"height":150},{"@type":"BreadcrumbList","@id":"https:\/\/www.kariyer.net\/kariyer-rehberi\/giysileriniz-ne-soyluyor\/#breadcrumb","itemListElement":[{"@type":"ListItem","position":1,"name":"Anasayfa","item":"https:\/\/www.kariyer.net\/kariyer-rehberi\/"},{"@type":"ListItem","position":2,"name":"Giysileriniz ne s\u00f6yl\u00fcyor?"}]},{"@type":"WebSite","@id":"https:\/\/www.kariyer.net\/kariyer-rehberi\/#website","url":"https:\/\/www.kariyer.net\/kariyer-rehberi\/","name":"Kariyer Rehberi","description":"\u0130\u015f D\u00fcnyas\u0131yla \u0130lgili Bilmek \u0130stedi\u011finiz Her \u015eey","publisher":{"@id":"https:\/\/www.kariyer.net\/kariyer-rehberi\/#organization"},"potentialAction":[{"@type":"SearchAction","target":{"@type":"EntryPoint","urlTemplate":"https:\/\/www.kariyer.net\/kariyer-rehberi\/?s={search_term_string}"},"query-input":{"@type":"PropertyValueSpecification","valueRequired":true,"valueName":"search_term_string"}}],"inLanguage":"tr"},{"@type":"Organization","@id":"https:\/\/www.kariyer.net\/kariyer-rehberi\/#organization","name":"Kariyer.net","url":"https:\/\/www.kariyer.net\/kariyer-rehberi\/","logo":{"@type":"ImageObject","inLanguage":"tr","@id":"https:\/\/www.kariyer.net\/kariyer-rehberi\/#\/schema\/logo\/image\/","url":"https:\/\/www.kariyer.net\/kariyer-rehberi-new\/wp-content\/uploads\/2023\/01\/og-image11.jpg","contentUrl":"https:\/\/www.kariyer.net\/kariyer-rehberi-new\/wp-content\/uploads\/2023\/01\/og-image11.jpg","width":800,"height":800,"caption":"Kariyer.net"},"image":{"@id":"https:\/\/www.kariyer.net\/kariyer-rehberi\/#\/schema\/logo\/image\/"}},{"@type":"Person","@id":"https:\/\/www.kariyer.net\/kariyer-rehberi\/#\/schema\/person\/eb36201afd42c03bc83b82060447b2c9","name":"Kariyer.net","image":{"@type":"ImageObject","inLanguage":"tr","@id":"https:\/\/www.kariyer.net\/kariyer-rehberi\/#\/schema\/person\/image\/","url":"https:\/\/secure.gravatar.com\/avatar\/ddce3ac68cb52fb2ae004bcee334e49ccc6361fefd68c5f6f4d2a86630c28b2e?s=96&d=mm&r=g","contentUrl":"https:\/\/secure.gravatar.com\/avatar\/ddce3ac68cb52fb2ae004bcee334e49ccc6361fefd68c5f6f4d2a86630c28b2e?s=96&d=mm&r=g","caption":"Kariyer.net"},"url":"https:\/\/www.kariyer.net\/kariyer-rehberi\/author\/kariyer-net\/"}]}},"_links":{"self":[{"href":"https:\/\/www.kariyer.net\/kariyer-rehberi\/wp-json\/wp\/v2\/posts\/1973","targetHints":{"allow":["GET"]}}],"collection":[{"href":"https:\/\/www.kariyer.net\/kariyer-rehberi\/wp-json\/wp\/v2\/posts"}],"about":[{"href":"https:\/\/www.kariyer.net\/kariyer-rehberi\/wp-json\/wp\/v2\/types\/post"}],"author":[{"embeddable":true,"href":"https:\/\/www.kariyer.net\/kariyer-rehberi\/wp-json\/wp\/v2\/users\/8"}],"replies":[{"embeddable":true,"href":"https:\/\/www.kariyer.net\/kariyer-rehberi\/wp-json\/wp\/v2\/comments?post=1973"}],"version-history":[{"count":1,"href":"https:\/\/www.kariyer.net\/kariyer-rehberi\/wp-json\/wp\/v2\/posts\/1973\/revisions"}],"predecessor-version":[{"id":20117,"href":"https:\/\/www.kariyer.net\/kariyer-rehberi\/wp-json\/wp\/v2\/posts\/1973\/revisions\/20117"}],"wp:featuredmedia":[{"embeddable":true,"href":"https:\/\/www.kariyer.net\/kariyer-rehberi\/wp-json\/wp\/v2\/media\/3838"}],"wp:attachment":[{"href":"https:\/\/www.kariyer.net\/kariyer-rehberi\/wp-json\/wp\/v2\/media?parent=1973"}],"wp:term":[{"taxonomy":"category","embeddable":true,"href":"https:\/\/www.kariyer.net\/kariyer-rehberi\/wp-json\/wp\/v2\/categories?post=1973"},{"taxonomy":"post_tag","embeddable":true,"href":"https:\/\/www.kariyer.net\/kariyer-rehberi\/wp-json\/wp\/v2\/tags?post=1973"}],"curies":[{"name":"wp","href":"https:\/\/api.w.org\/{rel}","templated":true}]}}