{"id":2007,"date":"2010-02-05T02:00:00","date_gmt":"2010-02-05T00:00:00","guid":{"rendered":"http:\/\/92.45.35.169\/begenilme-arzumuz-bizi-bizden-caliyor\/"},"modified":"2024-07-03T16:02:03","modified_gmt":"2024-07-03T13:02:03","slug":"begenilme-arzumuz-bizi-bizden-caliyor","status":"publish","type":"post","link":"https:\/\/www.kariyer.net\/kariyer-rehberi\/begenilme-arzumuz-bizi-bizden-caliyor\/","title":{"rendered":"&#8220;Be\u011fenilme arzumuz bizi bizden \u00e7al\u0131yor&#8221;"},"content":{"rendered":"<p><span style=\"font-size: 11px; font-family: Verdana, Arial, Helvetica, sans-serif\"><\/p>\n<p><strong><img fetchpriority=\"high\" decoding=\"async\" height=\"276\" alt=\"\" hspace=\"10\" width=\"200\" align=\"left\" vspace=\"10\" src=\"http:\/\/web4.kariyer.net\/UploadFiles\/tempPhoto\/kariyerRehberi\/serdar1(2).jpg\" \/>Serdar \u00d6zkan T\u00fcrk Edebiyat tarihinde bir ilki ger\u00e7ekle\u015ftirerek, ilk roman\u0131yla d\u00fcnya \u00e7ap\u0131nda bestseller olmay\u0131 ba\u015farm\u0131\u015f bir yazar. 31 dile \u00e7evrilen ve 40 farkl\u0131 \u00fclkede yay\u0131nlanan roman\u0131 Kay\u0131p G\u00fcl, bir insan\u0131n, ba\u015fkalar\u0131 taraf\u0131ndan takdir edilmek ve kabul edilmek ad\u0131na kendinden kopu\u015funu ve sonras\u0131nda tekrar kendini ve asl\u0131nda ne istedi\u011fini bulu\u015funu anlat\u0131yor.<\/strong> <\/p>\n<p>Orta ve lise \u00f6\u011frenimini Robert Kolej&rsquo;de tamamlayan Serdar \u00d6zkan Amerika&rsquo;da Lehigh \u00dcniversitesi&rsquo;nde \u0130\u015fletme ve Psikoloji okudu. Daha sonra T\u00fcrkiye&rsquo;ye d\u00f6nen \u00d6zkan k\u0131sa bir s\u00fcreli\u011fine bir firman\u0131n Halkla \u0130li\u015fkiler departman\u0131nda \u00e7al\u0131\u015ft\u0131 ama onun en b\u00fcy\u00fck hedefi kendi i\u00e7indeki d\u00fc\u015f\u00fcnceleri payla\u015fmakt\u0131. Bu d\u00fc\u015f\u00fcncelerden yola \u00e7\u0131karak 2002 y\u0131l\u0131nda Kay\u0131p G\u00fcl&rsquo;\u00fc yazmaya ba\u015flad\u0131 ve kitap 2003 y\u0131l\u0131nda T\u00fcrkiye&rsquo;de yay\u0131nland\u0131. Ama bir ilk roman olman\u0131n sanc\u0131lar\u0131n\u0131 \u00e7eken Kay\u0131p G\u00fcl sadece 2. bask\u0131ya ula\u015ft\u0131. Daha sonra Amerika&rsquo;daki \u00f6nemli ajanslardan birinin dikkatini \u00e7eken roman, hak etti\u011fi ba\u015far\u0131ya kavu\u015ftu ve 31 dile \u00e7evrilerek d\u00fcnyada 40&rsquo;\u0131 a\u015fk\u0131n \u00fclkede yay\u0131nland\u0131, pek \u00e7ok \u00fclkede ise bestseller oldu. T\u00fcrkiye&rsquo;de Ekim ay\u0131nda tekrar bask\u0131ya giren Kay\u0131p G\u00fcl ilk ay\u0131nda 85 bin sat\u0131\u015f rakam\u0131na ula\u015ft\u0131 ve son haftalarda da listelerin bir numaras\u0131 olma \u00f6zelli\u011fini koruyor. T\u00fcrk edebiyat tarihinin en \u00e7ok dile \u00e7evrilen 3 roman\u0131ndan biri olan Kay\u0131p G\u00fcl d\u00fcnyan\u0131n kendi dallar\u0131nda en \u00e7ok be\u011fenilen kitaplar\u0131 olan Simyac\u0131, K\u00fc\u00e7\u00fck Prens ve Mart\u0131 ile birlikte an\u0131l\u0131yor. Serdar \u00d6zkan&rsquo;la Kay\u0131p G\u00fcl, yazarl\u0131k ve ba\u015far\u0131 \u00fczerine keyifli bir sohbet ger\u00e7ekle\u015ftirdik.&nbsp;<br \/><strong><br \/>\u0130\u015fletme ve Psikoloji e\u011fitimi alman\u0131za ra\u011fmen kendi alanlar\u0131n\u0131z\u0131 b\u0131rak\u0131p yazar oldunuz. Yazarl\u0131k hayat\u0131n\u0131z nas\u0131l ba\u015flad\u0131?<\/strong><br \/>K\u00fc\u00e7\u00fckl\u00fc\u011f\u00fcmden beri kendimi, insanlar\u0131 ve hayat\u0131 anlamaya dair bir bak\u0131\u015f a\u00e7\u0131m vard\u0131. Hepimiz kendimize bunlar\u0131 anlamak ad\u0131na sorular sorar\u0131z ama belki bu sorular\u0131n cevaplar\u0131na ula\u015famayaca\u011f\u0131m\u0131z\u0131 d\u00fc\u015f\u00fcnd\u00fc\u011f\u00fcm\u00fcz zaman sormay\u0131 b\u0131rakabiliriz. Bende ise bu durum devam etti. E\u011fitimim, kendi birikimlerim ve hayata olan \u00f6yk\u00fcsel bak\u0131\u015f a\u00e7\u0131m birle\u015fince, i\u00e7imdeki d\u00fc\u015f\u00fcnceleri payla\u015fabilece\u011fim bir roman yazmaya karar verdim. O da Kay\u0131p G\u00fcl&rsquo;d\u00fc. Bir \u00e7ok yazar\u0131n kitaplar\u0131n\u0131 okurken i\u00e7imdeki d\u00fc\u015f\u00fcnceleri, beni me\u015fgul eden kavramlar\u0131 bir hikayeyle ben de ortaya koyabilece\u011fime inanm\u0131\u015ft\u0131m. Bir sabah kalkt\u0131m ve tamam art\u0131k bu hikayeyi yazmal\u0131y\u0131m dedim. Asl\u0131nda beni yazar yapan Kay\u0131p G\u00fcl&rsquo;\u00fcn \u00f6yk\u00fcs\u00fcd\u00fcr. \u00c7\u00fcnk\u00fc onun anlaml\u0131 ve g\u00fczel oldu\u011funa inand\u0131m ve bir g\u00fczellik g\u00f6rd\u00fc\u011f\u00fcm\u00fcz zaman e\u011fer onu payla\u015fam\u0131yorsak, o bize ac\u0131 verir ve payla\u015fmak isteriz. Dolay\u0131s\u0131yla b\u00f6yle bir i\u00e7g\u00fcd\u00fcyle onu payla\u015fmam gerekti\u011fine inand\u0131m.<\/p>\n<p><strong>Kay\u0131p G\u00fcl&rsquo;\u00fcn konusu nas\u0131l ortaya \u00e7\u0131kt\u0131?<\/strong><br \/>Kay\u0131p G\u00fcl&rsquo;\u00fc yazmadan \u00f6nce kafam\u0131 s\u00fcrekli bir d\u00fc\u015f\u00fcnce me\u015fgul ediyordu. Bizim kendimizi ba\u015fkalar\u0131na be\u011fendirme arzumuz, \u00f6vg\u00fclere ve takdirlere, ba\u015fkalar\u0131n\u0131n bizi kabullenmesine olan ihtiyac\u0131m\u0131z bizi bizden \u00e7al\u0131yor. \u00c7\u00fcnk\u00fc ba\u015fkalar\u0131 bizi bizim de\u011fer yarg\u0131lar\u0131m\u0131zla de\u011fil, kendi de\u011fer yarg\u0131lar\u0131yla de\u011ferlendiriyorlar. Bizim de onlar taraf\u0131ndan kabul edilmek ve takdir edilmek gibi bir arzumuz varsa ve bu duygu \u00e7ok yo\u011funsa ister istemez kendimizi ba\u015fkalar\u0131n\u0131n d\u00fc\u015f\u00fcnceleri, inan\u00e7lar\u0131 ve beklentileri \u00e7er\u00e7evesinde \u015fekillendirmeye ba\u015fl\u0131yoruz. Bu tabii ki zamanla d\u00fc\u015f\u00fcncelerimizden, inan\u00e7lar\u0131m\u0131zdan ve d\u00fc\u015flerimizden vazge\u00e7memiz ve onlar\u0131 terk etmemiz anlam\u0131na gelebiliyor. Bu sonu\u00e7ta sadece benim \u00f6yk\u00fcm de\u011fil. D\u00fcnyaya gelen her insan\u0131n hangi k\u00fclt\u00fcrde olursa olsun, hangi co\u011frafyada ya\u015farsa ya\u015fas\u0131n hayat\u0131n\u0131n bir d\u00f6neminde ya\u015fad\u0131\u011f\u0131 bir \u015feydir. Her insan\u0131n parmak izi farkl\u0131d\u0131r. Her insan\u0131n i\u00e7inde kendine has bir parmak izi ve herkesin kendine has bir kokusu oldu\u011funa inan\u0131yorum. &ldquo;Bizim ba\u015fkalar\u0131 taraf\u0131ndan be\u011fenilme iste\u011fimiz ne kadar kendimize has kokumuzu kaybetmemize sebep oluyor?&rdquo; Her insan\u0131n bu soruyu kendisine sormas\u0131 gerekiyor. \u0130\u015fte bu d\u00fc\u015f\u00fcnceler Kay\u0131p G\u00fcl&rsquo;\u00fc yazmama neden oldu.<\/p>\n<p><\/p>\n<p><strong>Daha \u00f6nceden ba\u015fka yaz\u0131 denemeleriniz oldu mu? <\/strong>\u0130lk roman yazmaya Kay\u0131p G\u00fcl&rsquo;le ba\u015flad\u0131m. K\u00fc\u00e7\u00fckken kelimelere olan bir yatk\u0131nl\u0131\u011f\u0131m vard\u0131. 7 ya\u015f\u0131ndan beri \u015fiirler yaz\u0131yordum. Ama bu 12-13 ya\u015f\u0131ma kadar devam etti. Kay\u0131p G\u00fcl&rsquo;\u00fcn \u00f6ncesinde kendimce denemeler yaz\u0131yordum, o da uzun s\u00fcrmedi. \u00c7\u00fcnk\u00fc denemeler daha \u00e7ok akla hitap eder ve ben istiyordum ki yazd\u0131klar\u0131m kalbe hitap etsin.<\/p>\n<p><\/p>\n<p><strong>Kay\u0131p G\u00fcl&rsquo;le tam olarak neyi hedeflediniz?<\/strong><br \/>K\u00fc\u00e7\u00fck Prens benim \u00e7ok sevdi\u011fim kitaplardan biri. K\u00fc\u00e7\u00fck Prens&rsquo;i okudu\u011funuz zaman y\u00fcz\u00fcn\u00fczde bir g\u00fcl\u00fcmseme belirir. Ben de istedim ki benim de yazaca\u011f\u0131m bir \u015fey y\u00fczlerde g\u00fcl\u00fcmseme belirtsin. E\u011fer Kay\u0131p G\u00fcl&rsquo;\u00fc okuduklar\u0131nda okuyucular\u0131n y\u00fcz\u00fcnde g\u00fcl\u00fcmseme olu\u015ftuysa ben amac\u0131ma ula\u015fm\u0131\u015f\u0131m demektir ama e\u011fer insanlar &ldquo;Bu kitab\u0131n i\u00e7inde g\u00fczel \u015feyler var ve bu dersleri \u00e7\u0131kard\u0131k&rdquo; diyorlarsa ben s\u0131n\u0131fta kalm\u0131\u015f\u0131m demektir. Ak\u0131l veren de\u011fil, tat veren bir kitap yazmak istedim. Okurlardan ald\u0131\u011f\u0131m\u0131z geri d\u00f6n\u00fc\u015fler de bunun ger\u00e7ekle\u015fti\u011fini g\u00f6steriyor.<\/p>\n<p><\/p>\n<p><strong>Kitab\u0131n\u0131z\u0131n ana karakteri Diana hukuk okuyor ama asl\u0131nda onun istedi\u011fi yazar olmak. Siz de i\u015fletme okudunuz ama yazar oldunuz. Biraz da kendinizi mi anlatt\u0131n\u0131z roman\u0131n\u0131zda?<\/strong><br \/>\u0130lk romanlarda genelde otobiyografik \u00f6\u011feler her yazar i\u00e7in vard\u0131r. Ama bence en g\u00fczel kitaplar okurun okurken yazar\u0131 unuttu\u011fu romanlard\u0131r. Hikaye e\u011fer ger\u00e7ekse yazar\u0131ndan ba\u011f\u0131ms\u0131zd\u0131r. Yazar hikaye \u00fczerinde emek harcad\u0131k\u00e7a o hikaye yazardan ba\u011f\u0131ms\u0131zla\u015f\u0131r. Kay\u0131p G\u00fcl de b\u00f6yle bir s\u00fcre\u00e7ten ge\u00e7ti. Belki ana karakter Diana ile benzedi\u011fimiz baz\u0131 noktalar olabilir, okur bunlardan yola \u00e7\u0131karak b\u00fct\u00fcn kitab\u0131 o \u015fekilde okuyabilir ama farkl\u0131 oldu\u011fumuz, ayr\u0131\u015fan \u00e7ok nokta var.<\/p>\n<p><strong>Kay\u0131p G\u00fcl&rsquo;\u00fcn ilk \u00e7\u0131k\u0131\u015f hikayesi 2003 y\u0131l\u0131na dayan\u0131yor. Sonras\u0131nda Kay\u0131p G\u00fcl nas\u0131l d\u00fcnya \u00e7ap\u0131nda bir bestseller haline geldi?<\/strong>Kay\u0131p G\u00fcl&rsquo;\u00fc 2002 y\u0131l\u0131nda yazmaya ba\u015flad\u0131m.&nbsp; 2003 y\u0131l\u0131nda bas\u0131ld\u0131. T\u00fcrkiye&#8217;de tan\u0131nmam\u0131\u015f bir yazar\u0131n bir ilk roman\u0131 bas\u0131ld\u0131\u011f\u0131 zaman 2000 adet bas\u0131l\u0131r. O nedenle kitap\u00e7\u0131larda ancak kitaptan 2-3 tane g\u00f6rebilirsiniz, ortalarda olmaz ve herhangi bir \u015fekilde reklam tan\u0131t\u0131m b\u00fct\u00e7esi ayr\u0131lmaz. Dolay\u0131s\u0131yla bu a\u015fa\u011f\u0131 yukar\u0131 her yeni kitab\u0131n ba\u015f\u0131ndan ge\u00e7en bir s\u00fcre\u00e7. Okurlar Kay\u0131p G\u00fcl&rsquo;\u00fc, ilk bas\u0131ld\u0131\u011f\u0131nda da \u00e7ok sevdiler ve kulaktan kula\u011fa yay\u0131larak ikinci bask\u0131y\u0131 yapt\u0131. Ama i\u015fte teknik detaylarla geni\u015f kitlelere yay\u0131lmad\u0131. Daha sonra Amerika&rsquo;daki iyi ajanslara kitab\u0131 sunduk ve kitap bir ajans\u0131n dikkatini \u00e7ekti. Hikayenin uluslararas\u0131 potansiyelini g\u00f6rd\u00fcler ve temsil etmeye karar verdiler. Bu cidden bizim i\u00e7in zor bir s\u00fcre\u00e7ti. \u0130yi bir ajans\u0131n dikkatini \u00e7ekmek \u00e7ok zor. Sonra yurtd\u0131\u015f\u0131nda di\u011fer \u00fclkelere sat\u0131\u015flar ba\u015flad\u0131. 31 farkl\u0131 dile \u00e7evrildi ve 40&rsquo;\u0131 a\u015fk\u0131n \u00fclkede yay\u0131nland\u0131. T\u00fcm bu s\u00fcre\u00e7 3-4 senelik bir zaman diliminde ger\u00e7ekle\u015fti.<img decoding=\"async\" height=\"200\" alt=\"\" hspace=\"10\" width=\"320\" align=\"right\" vspace=\"10\" src=\"http:\/\/web4.kariyer.net\/UploadFiles\/tempPhoto\/kariyerRehberi\/serdar2(1).jpg\" \/><\/p>\n<p><strong>\u0130\u015f d\u00fcnyas\u0131nda da pek \u00e7ok insan gerek \u015fartlar, gerek kurallar nedeniyle istediklerini yapam\u0131yor bir nevi kendisi olam\u0131yor. Ba\u015fka alanlarda e\u011fitim g\u00f6r\u00fcp bamba\u015fka alanlarda \u00e7al\u0131\u015fmak zorunda kalabiliyorlar. Sizce bu ki\u015filer istekleri yolunda neler yapmal\u0131?<\/strong>Ben de her insan gibi bir d\u00f6nem yapmak istemedi\u011fim \u015feyler yapt\u0131m. \u00d6rne\u011fin hep felsefe, psikoloji, edebiyat gibi alanlara ilgim vard\u0131. Babam m\u00fchendisti ve benim de m\u00fchendislik okumam\u0131 istiyordu. Ben psikoloji ya da felsefe okumak istiyordum ve g\u00fc\u00e7bela tercihimi i\u015fletmeye \u00e7ekebildim ve sonras\u0131nda kendi isteklerimle de psikolojiyi ekledim. Ayn\u0131 \u015fekilde okuldan \u00e7\u0131kar \u00e7\u0131kmaz hemen roman yazar\u0131 olabilirdim ama belli bir s\u00fcre yine \u00e7evrenin beklentileri do\u011frultusunda herkesin ya\u015fad\u0131\u011f\u0131 gibi ba\u015fka bir i\u015fte \u00e7al\u0131\u015ft\u0131m. Bir firman\u0131n halkla ili\u015fkiler departman\u0131nda k\u0131sa bir s\u00fcre g\u00f6rev ald\u0131m. <br \/>Her anlamda ba\u015far\u0131y\u0131 yakalaman\u0131n tek bir s\u0131rr\u0131 var ve bu b\u00fct\u00fcn i\u015f d\u00fcnyas\u0131nda ge\u00e7erli. O da hi\u00e7bir zaman vazge\u00e7memek. Tek kelime; vazge\u00e7memek. Her insan istediklerini istedi\u011fi anda ger\u00e7ekle\u015ftiremez. Ama bir \u015feyi ger\u00e7ekten \u00e7ok istiyorsan\u0131z ve ondan hi\u00e7bir zaman vazge\u00e7miyorsan\u0131z 1 sene, 5 sene, 20 sene sonra da olsa ben onun ger\u00e7ekle\u015fece\u011fine inan\u0131yorum. \u0130kinci bir nokta ise hayatta her zaman ba\u015fka bir \u015fans\u0131n oldu\u011funu unutmamak.<\/p>\n<p><strong>Kay\u0131p G\u00fcl de sizin vazge\u00e7medi\u011finizin kan\u0131t\u0131 o zaman&hellip;<\/strong><br \/>E\u011fer benim i\u00e7in i\u00e7imdeki anlaml\u0131 \u015feyleri payla\u015fmak \u00e7ok \u00f6nemli olmasayd\u0131 bug\u00fcne kadar, yani Kay\u0131p G\u00fcl&rsquo;\u00fcn \u00e7\u0131kt\u0131\u011f\u0131 bu 7 sene i\u00e7erisinde kar\u015f\u0131ma \u00e7\u0131kan y\u00fczlerce engelin belki de 10. ya da 20.sinde pes etmi\u015ftim. Ama bunun benim i\u00e7in \u00e7ok anlaml\u0131 olmas\u0131 bu noktaya gelmemi sa\u011flad\u0131. Tabii ki hayatta pek \u00e7ok engel var ama onlar\u0131 a\u015fman\u0131n yollar\u0131 da var. Ve i\u015fte bunu da en ba\u015fta \u00e7ok \u00e7ok istemek ve vazge\u00e7memekle yapabilirsiniz. Bu bir yandan evrenin de bir s\u0131rr\u0131d\u0131r. Siz bir \u015feyi ger\u00e7ekten \u00e7ok isterseniz o size bir \u015fekilde gelir ve bu bir hediyedir, ama gerekenleri yapman\u0131z da laz\u0131m.<\/p>\n<p><\/p>\n<p><strong>Kitab\u0131n\u0131zda sizin i\u00e7in 2002 y\u0131l\u0131ndan beri full time yazarl\u0131k yap\u0131yor yaz\u0131yor. Nas\u0131l oluyor bu full-time yazarl\u0131k? Bir g\u00fcn\u00fcn\u00fcz nas\u0131l ge\u00e7iyor?<\/strong><br \/>Kay\u0131p G\u00fcl \u00e7\u0131kt\u0131\u011f\u0131ndan beri asl\u0131nda durum biraz farkl\u0131la\u015ft\u0131. Yurt d\u0131\u015f\u0131ndaki ajanslar ve yay\u0131nevleriyle s\u00fcrekli ileti\u015fim halindeyim. Ba\u015fka \u00fclkelere bas\u0131n lansmanlar\u0131 i\u00e7in gidiyorum. R\u00f6portajlar oluyor. Kitab\u0131n \u0130ngilizce terc\u00fcmesinde bizzat terc\u00fcmanlarla birlikte \u00e7al\u0131\u015f\u0131yorum. O nedenle g\u00fcnl\u00fck rit\u00fcellerim de\u011fi\u015fiklik g\u00f6steriyor. Ancak ilk taslaklar\u0131 yazarken sabah \u00e7ok erken, yani 6 gibi yazmaya ba\u015fl\u0131yorum. En verimli yaz\u0131 yazd\u0131\u011f\u0131m d\u00f6nem bu erken saatler oluyor. Sabah ilk uyand\u0131\u011f\u0131m zaman, d\u00fcnyadan hen\u00fcz hi\u00e7bir bilgi i\u00e7ime girmeden bilin\u00e7alt\u0131ma en yak\u0131n oldu\u011fum noktada yazmaya ba\u015fl\u0131yorum. Yazma s\u00fcrecim hava kararana kadar s\u00fcr\u00fcyor. \u0130ki saatte bir ara veriyorum. Bol kahve i\u00e7iyorum. Denizi \u00e7ok sevdi\u011fim i\u00e7in verdi\u011fim aralarda bazen sahilde y\u00fcr\u00fcyorum.<\/p>\n<p><\/p>\n<p><strong>\u0130kinci kitab\u0131n\u0131z ne \u00fczerine olacak?<\/strong> <br \/>\u0130kinci kitab\u0131m\u0131n ad\u0131 &ldquo;Hayat\u0131n I\u015f\u0131klar\u0131 Yan\u0131nca&rdquo; ve o da tamamiyle ayn\u0131 tarz. Bir yunusla bir k\u00fc\u00e7\u00fck \u00e7ocu\u011fun s\u0131rad\u0131\u015f\u0131 arkada\u015fl\u0131\u011f\u0131n\u0131 ve kar\u015f\u0131l\u0131ks\u0131z sevgiyi \u00f6\u011frenme yolunda yolculuklar\u0131n\u0131 ve ser\u00fcvenlerini anlat\u0131yor. Kar\u015f\u0131l\u0131ks\u0131z sevgiyi \u00f6\u011frenme \u00fczerine bir dostluklar\u0131 var.<\/p>\n<p><\/p>\n<p><strong>\u0130lk kitab\u0131n\u0131z d\u00fcnya \u00e7ap\u0131nda bir bestseller. Bu durum, sonras\u0131nda yazd\u0131klar\u0131n\u0131z a\u00e7\u0131s\u0131ndan sizi korkutmuyor mu? Sonu\u00e7ta insanlar\u0131n beklentilerini daha ilk kitab\u0131n\u0131zda olduk\u00e7a y\u00fckselttiniz.<\/strong><br \/>Korkmuyorum \u00e7\u00fcnk\u00fc ba\u015far\u0131 bu noktaya gelmeden \u00f6nce 2. kitab\u0131m\u0131 tamamlam\u0131\u015ft\u0131m. Hem de tam i\u00e7ime sinen bir \u015fekilde. Ayr\u0131ca benim i\u00e7in en \u00f6nemli \u015fey, i\u00e7imde anlaml\u0131 olan \u015feyleri ortaya \u00e7\u0131karabilmek. Ortaya \u00e7\u0131karabildiysem benim i\u00e7in o bitmi\u015ftir. Tabii ki bu, kitab\u0131 sadece kendim i\u00e7in yazmam demek de\u011fil. Kendim i\u00e7in yazsam yay\u0131nlanmazd\u0131. Ama kitab\u0131 yazd\u0131\u011f\u0131m zaman, i\u00e7ime sinen hikayenin ortaya \u00e7\u0131kt\u0131\u011f\u0131na inand\u0131\u011f\u0131m zaman beni etkiledi\u011fi gibi okur kitlesinin de etkilenece\u011fine inan\u0131yorum. Kay\u0131p G\u00fcl&rsquo;de bunu tecr\u00fcbe ettim. Kay\u0131p G\u00fcl&rsquo;\u00fc seven bir insan\u0131n ikinci kitab\u0131 da \u00e7ok sevece\u011fine inan\u0131yorum. Kay\u0131p G\u00fcl \u00e7ok geni\u015f bir co\u011frafyaya yay\u0131lm\u0131\u015f durumda. Oralara gitti\u011fimde, okurlar\u0131mla bir araya geldi\u011fimde ya da onlar\u0131n att\u0131klar\u0131 e-postalarda romana nas\u0131l yakla\u015ft\u0131klar\u0131n\u0131 g\u00f6r\u00fcyorum. Anlatt\u0131\u011f\u0131m \u00f6yk\u00fcn\u00fcn okurda nas\u0131l bir etki b\u0131rakt\u0131\u011f\u0131n\u0131 biliyorum ve ikinci roman\u0131m\u0131n da okurun kalbine hitap edecek bir \u00f6yk\u00fcs\u00fc oldu\u011funu biliyorum, o a\u00e7\u0131dan korku yaratm\u0131yor.<\/p>\n<p><\/span><\/p>\n<!-- templates\/buttons-placeholder.php -->\n<div class=\"da-reactions-outer TpostID2007\">\n\t    <div class=\"da-reactions-data da-reactions-container-async center\"\n         data-type=\"post\"\n         data-id=\"2007\"\n         id=\"da-reactions-slot-post-2007\">\n        <div class=\"da-reactions-static\">\n\t\t\t<img src=\"https:\/\/www.kariyer.net\/kariyer-rehberi\/wp-content\/plugins\/da-reactions\/assets\/dist\/loading.svg\" alt=\"Loading spinner\" width=\"48\" height=\"48\" style=\"width:48px\" \/>\n        <\/div>\n    <\/div>\n<\/div>\n","protected":false},"excerpt":{"rendered":"<p>Serdar \u00d6zkan T\u00fcrk Edebiyat tarihinde bir ilki ger\u00e7ekle\u015ftirerek, ilk roman\u0131yla d\u00fcnya \u00e7ap\u0131nda bestseller olmay\u0131 ba\u015farm\u0131\u015f bir yazar. 31 dile \u00e7evrilen ve 40 farkl\u0131 \u00fclkede yay\u0131nlanan roman\u0131 Kay\u0131p G\u00fcl, bir insan\u0131n, ba\u015fkalar\u0131 taraf\u0131ndan takdir edilmek ve kabul edilmek ad\u0131na kendinden kopu\u015funu ve sonras\u0131nda tekrar kendini ve asl\u0131nda ne istedi\u011fini bulu\u015funu anlat\u0131yor. Orta ve lise \u00f6\u011frenimini Robert [&hellip;]<\/p>\n<!-- templates\/buttons-placeholder.php -->\n<div class=\"da-reactions-outer TpostID2007\">\n\t    <div class=\"da-reactions-data da-reactions-container-async center\"\n         data-type=\"post\"\n         data-id=\"2007\"\n         id=\"da-reactions-slot-post-2007\">\n        <div class=\"da-reactions-static\">\n\t\t\t<img src=\"https:\/\/www.kariyer.net\/kariyer-rehberi\/wp-content\/plugins\/da-reactions\/assets\/dist\/loading.svg\" alt=\"Loading spinner\" width=\"48\" height=\"48\" style=\"width:48px\" \/>\n        <\/div>\n    <\/div>\n<\/div>\n","protected":false},"author":8,"featured_media":0,"comment_status":"open","ping_status":"open","sticky":false,"template":"","format":"standard","meta":{"footnotes":"","_elementor_edit_mode":"","_elementor_template_type":"","_elementor_data":"","_elementor_page_settings":null,"_elementor_conditions":[]},"categories":[2211],"tags":[],"class_list":{"0":"post-2007","1":"post","2":"type-post","3":"status-publish","4":"format-standard","6":"category-kariyer-gelisimi"},"yoast_head":"<!-- This site is optimized with the Yoast SEO Premium plugin v21.4 (Yoast SEO v27.0) - https:\/\/yoast.com\/product\/yoast-seo-premium-wordpress\/ -->\n<title>&quot;Be\u011fenilme arzumuz bizi bizden \u00e7al\u0131yor&quot; | Kariyer Rehberi<\/title>\n<meta name=\"description\" content=\"Serdar \u00d6zkan T\u00fcrk Edebiyat tarihinde bir ilki ger\u00e7ekle\u015ftirerek, ilk roman\u0131yla d\u00fcnya \u00e7ap\u0131nda bestseller olmay\u0131 ba\u015farm\u0131\u015f bir yazar. 31 dile \u00e7evrilen ve 40\" \/>\n<meta name=\"robots\" content=\"index, follow, max-snippet:-1, max-image-preview:large, max-video-preview:-1\" \/>\n<link rel=\"canonical\" href=\"https:\/\/www.kariyer.net\/kariyer-rehberi\/begenilme-arzumuz-bizi-bizden-caliyor\/\" \/>\n<meta property=\"og:locale\" content=\"tr_TR\" \/>\n<meta property=\"og:type\" content=\"article\" \/>\n<meta property=\"og:title\" content=\"&quot;Be\u011fenilme arzumuz bizi bizden \u00e7al\u0131yor&quot;\" \/>\n<meta property=\"og:description\" content=\"Serdar \u00d6zkan T\u00fcrk Edebiyat tarihinde bir ilki ger\u00e7ekle\u015ftirerek, ilk roman\u0131yla d\u00fcnya \u00e7ap\u0131nda bestseller olmay\u0131 ba\u015farm\u0131\u015f bir yazar. 31 dile \u00e7evrilen ve 40\" \/>\n<meta property=\"og:url\" content=\"https:\/\/www.kariyer.net\/kariyer-rehberi\/begenilme-arzumuz-bizi-bizden-caliyor\/\" \/>\n<meta property=\"og:site_name\" content=\"Kariyer Rehberi\" \/>\n<meta property=\"article:published_time\" content=\"2010-02-05T00:00:00+00:00\" \/>\n<meta property=\"article:modified_time\" content=\"2024-07-03T13:02:03+00:00\" \/>\n<meta property=\"og:image\" content=\"http:\/\/web4.kariyer.net\/UploadFiles\/tempPhoto\/kariyerRehberi\/serdar1(2).jpg\" \/>\n<meta name=\"author\" content=\"Kariyer.net\" \/>\n<meta name=\"twitter:card\" content=\"summary_large_image\" \/>\n<meta name=\"twitter:label1\" content=\"Yazan:\" \/>\n\t<meta name=\"twitter:data1\" content=\"Kariyer.net\" \/>\n\t<meta name=\"twitter:label2\" content=\"Tahmini okuma s\u00fcresi\" \/>\n\t<meta name=\"twitter:data2\" content=\"11 dakika\" \/>\n<!-- \/ Yoast SEO Premium plugin. -->","yoast_head_json":{"title":"\"Be\u011fenilme arzumuz bizi bizden \u00e7al\u0131yor\" | Kariyer Rehberi","description":"Serdar \u00d6zkan T\u00fcrk Edebiyat tarihinde bir ilki ger\u00e7ekle\u015ftirerek, ilk roman\u0131yla d\u00fcnya \u00e7ap\u0131nda bestseller olmay\u0131 ba\u015farm\u0131\u015f bir yazar. 31 dile \u00e7evrilen ve 40","robots":{"index":"index","follow":"follow","max-snippet":"max-snippet:-1","max-image-preview":"max-image-preview:large","max-video-preview":"max-video-preview:-1"},"canonical":"https:\/\/www.kariyer.net\/kariyer-rehberi\/begenilme-arzumuz-bizi-bizden-caliyor\/","og_locale":"tr_TR","og_type":"article","og_title":"\"Be\u011fenilme arzumuz bizi bizden \u00e7al\u0131yor\"","og_description":"Serdar \u00d6zkan T\u00fcrk Edebiyat tarihinde bir ilki ger\u00e7ekle\u015ftirerek, ilk roman\u0131yla d\u00fcnya \u00e7ap\u0131nda bestseller olmay\u0131 ba\u015farm\u0131\u015f bir yazar. 31 dile \u00e7evrilen ve 40","og_url":"https:\/\/www.kariyer.net\/kariyer-rehberi\/begenilme-arzumuz-bizi-bizden-caliyor\/","og_site_name":"Kariyer Rehberi","article_published_time":"2010-02-05T00:00:00+00:00","article_modified_time":"2024-07-03T13:02:03+00:00","og_image":[{"url":"http:\/\/web4.kariyer.net\/UploadFiles\/tempPhoto\/kariyerRehberi\/serdar1(2).jpg","type":"","width":"","height":""}],"author":"Kariyer.net","twitter_card":"summary_large_image","twitter_misc":{"Yazan:":"Kariyer.net","Tahmini okuma s\u00fcresi":"11 dakika"},"schema":{"@context":"https:\/\/schema.org","@graph":[{"@type":"Article","@id":"https:\/\/www.kariyer.net\/kariyer-rehberi\/begenilme-arzumuz-bizi-bizden-caliyor\/#article","isPartOf":{"@id":"https:\/\/www.kariyer.net\/kariyer-rehberi\/begenilme-arzumuz-bizi-bizden-caliyor\/"},"author":{"name":"Kariyer.net","@id":"https:\/\/www.kariyer.net\/kariyer-rehberi\/#\/schema\/person\/eb36201afd42c03bc83b82060447b2c9"},"headline":"&#8220;Be\u011fenilme arzumuz bizi bizden \u00e7al\u0131yor&#8221;","datePublished":"2010-02-05T00:00:00+00:00","dateModified":"2024-07-03T13:02:03+00:00","mainEntityOfPage":{"@id":"https:\/\/www.kariyer.net\/kariyer-rehberi\/begenilme-arzumuz-bizi-bizden-caliyor\/"},"wordCount":2163,"commentCount":0,"publisher":{"@id":"https:\/\/www.kariyer.net\/kariyer-rehberi\/#organization"},"image":{"@id":"https:\/\/www.kariyer.net\/kariyer-rehberi\/begenilme-arzumuz-bizi-bizden-caliyor\/#primaryimage"},"thumbnailUrl":"http:\/\/web4.kariyer.net\/UploadFiles\/tempPhoto\/kariyerRehberi\/serdar1(2).jpg","articleSection":["Kariyer Geli\u015fimi"],"inLanguage":"tr","potentialAction":[{"@type":"CommentAction","name":"Comment","target":["https:\/\/www.kariyer.net\/kariyer-rehberi\/begenilme-arzumuz-bizi-bizden-caliyor\/#respond"]}]},{"@type":"WebPage","@id":"https:\/\/www.kariyer.net\/kariyer-rehberi\/begenilme-arzumuz-bizi-bizden-caliyor\/","url":"https:\/\/www.kariyer.net\/kariyer-rehberi\/begenilme-arzumuz-bizi-bizden-caliyor\/","name":"\"Be\u011fenilme arzumuz bizi bizden \u00e7al\u0131yor\" | Kariyer Rehberi","isPartOf":{"@id":"https:\/\/www.kariyer.net\/kariyer-rehberi\/#website"},"primaryImageOfPage":{"@id":"https:\/\/www.kariyer.net\/kariyer-rehberi\/begenilme-arzumuz-bizi-bizden-caliyor\/#primaryimage"},"image":{"@id":"https:\/\/www.kariyer.net\/kariyer-rehberi\/begenilme-arzumuz-bizi-bizden-caliyor\/#primaryimage"},"thumbnailUrl":"http:\/\/web4.kariyer.net\/UploadFiles\/tempPhoto\/kariyerRehberi\/serdar1(2).jpg","datePublished":"2010-02-05T00:00:00+00:00","dateModified":"2024-07-03T13:02:03+00:00","description":"Serdar \u00d6zkan T\u00fcrk Edebiyat tarihinde bir ilki ger\u00e7ekle\u015ftirerek, ilk roman\u0131yla d\u00fcnya \u00e7ap\u0131nda bestseller olmay\u0131 ba\u015farm\u0131\u015f bir yazar. 31 dile \u00e7evrilen ve 40","breadcrumb":{"@id":"https:\/\/www.kariyer.net\/kariyer-rehberi\/begenilme-arzumuz-bizi-bizden-caliyor\/#breadcrumb"},"inLanguage":"tr","potentialAction":[{"@type":"ReadAction","target":["https:\/\/www.kariyer.net\/kariyer-rehberi\/begenilme-arzumuz-bizi-bizden-caliyor\/"]}]},{"@type":"ImageObject","inLanguage":"tr","@id":"https:\/\/www.kariyer.net\/kariyer-rehberi\/begenilme-arzumuz-bizi-bizden-caliyor\/#primaryimage","url":"http:\/\/web4.kariyer.net\/UploadFiles\/tempPhoto\/kariyerRehberi\/serdar1(2).jpg","contentUrl":"http:\/\/web4.kariyer.net\/UploadFiles\/tempPhoto\/kariyerRehberi\/serdar1(2).jpg"},{"@type":"BreadcrumbList","@id":"https:\/\/www.kariyer.net\/kariyer-rehberi\/begenilme-arzumuz-bizi-bizden-caliyor\/#breadcrumb","itemListElement":[{"@type":"ListItem","position":1,"name":"Anasayfa","item":"https:\/\/www.kariyer.net\/kariyer-rehberi\/"},{"@type":"ListItem","position":2,"name":"&#8220;Be\u011fenilme arzumuz bizi bizden \u00e7al\u0131yor&#8221;"}]},{"@type":"WebSite","@id":"https:\/\/www.kariyer.net\/kariyer-rehberi\/#website","url":"https:\/\/www.kariyer.net\/kariyer-rehberi\/","name":"Kariyer Rehberi","description":"\u0130\u015f D\u00fcnyas\u0131yla \u0130lgili Bilmek \u0130stedi\u011finiz Her \u015eey","publisher":{"@id":"https:\/\/www.kariyer.net\/kariyer-rehberi\/#organization"},"potentialAction":[{"@type":"SearchAction","target":{"@type":"EntryPoint","urlTemplate":"https:\/\/www.kariyer.net\/kariyer-rehberi\/?s={search_term_string}"},"query-input":{"@type":"PropertyValueSpecification","valueRequired":true,"valueName":"search_term_string"}}],"inLanguage":"tr"},{"@type":"Organization","@id":"https:\/\/www.kariyer.net\/kariyer-rehberi\/#organization","name":"Kariyer.net","url":"https:\/\/www.kariyer.net\/kariyer-rehberi\/","logo":{"@type":"ImageObject","inLanguage":"tr","@id":"https:\/\/www.kariyer.net\/kariyer-rehberi\/#\/schema\/logo\/image\/","url":"https:\/\/www.kariyer.net\/kariyer-rehberi-new\/wp-content\/uploads\/2023\/01\/og-image11.jpg","contentUrl":"https:\/\/www.kariyer.net\/kariyer-rehberi-new\/wp-content\/uploads\/2023\/01\/og-image11.jpg","width":800,"height":800,"caption":"Kariyer.net"},"image":{"@id":"https:\/\/www.kariyer.net\/kariyer-rehberi\/#\/schema\/logo\/image\/"}},{"@type":"Person","@id":"https:\/\/www.kariyer.net\/kariyer-rehberi\/#\/schema\/person\/eb36201afd42c03bc83b82060447b2c9","name":"Kariyer.net","image":{"@type":"ImageObject","inLanguage":"tr","@id":"https:\/\/www.kariyer.net\/kariyer-rehberi\/#\/schema\/person\/image\/","url":"https:\/\/secure.gravatar.com\/avatar\/ddce3ac68cb52fb2ae004bcee334e49ccc6361fefd68c5f6f4d2a86630c28b2e?s=96&d=mm&r=g","contentUrl":"https:\/\/secure.gravatar.com\/avatar\/ddce3ac68cb52fb2ae004bcee334e49ccc6361fefd68c5f6f4d2a86630c28b2e?s=96&d=mm&r=g","caption":"Kariyer.net"},"url":"https:\/\/www.kariyer.net\/kariyer-rehberi\/author\/kariyer-net\/"}]}},"_links":{"self":[{"href":"https:\/\/www.kariyer.net\/kariyer-rehberi\/wp-json\/wp\/v2\/posts\/2007","targetHints":{"allow":["GET"]}}],"collection":[{"href":"https:\/\/www.kariyer.net\/kariyer-rehberi\/wp-json\/wp\/v2\/posts"}],"about":[{"href":"https:\/\/www.kariyer.net\/kariyer-rehberi\/wp-json\/wp\/v2\/types\/post"}],"author":[{"embeddable":true,"href":"https:\/\/www.kariyer.net\/kariyer-rehberi\/wp-json\/wp\/v2\/users\/8"}],"replies":[{"embeddable":true,"href":"https:\/\/www.kariyer.net\/kariyer-rehberi\/wp-json\/wp\/v2\/comments?post=2007"}],"version-history":[{"count":1,"href":"https:\/\/www.kariyer.net\/kariyer-rehberi\/wp-json\/wp\/v2\/posts\/2007\/revisions"}],"predecessor-version":[{"id":20354,"href":"https:\/\/www.kariyer.net\/kariyer-rehberi\/wp-json\/wp\/v2\/posts\/2007\/revisions\/20354"}],"wp:attachment":[{"href":"https:\/\/www.kariyer.net\/kariyer-rehberi\/wp-json\/wp\/v2\/media?parent=2007"}],"wp:term":[{"taxonomy":"category","embeddable":true,"href":"https:\/\/www.kariyer.net\/kariyer-rehberi\/wp-json\/wp\/v2\/categories?post=2007"},{"taxonomy":"post_tag","embeddable":true,"href":"https:\/\/www.kariyer.net\/kariyer-rehberi\/wp-json\/wp\/v2\/tags?post=2007"}],"curies":[{"name":"wp","href":"https:\/\/api.w.org\/{rel}","templated":true}]}}