{"id":2012,"date":"2010-03-12T02:00:00","date_gmt":"2010-03-12T00:00:00","guid":{"rendered":"http:\/\/92.45.35.169\/ustalarin-vokal-kocu-ilk-albumuyle-takdir-topluyor\/"},"modified":"2024-07-03T16:02:00","modified_gmt":"2024-07-03T13:02:00","slug":"ustalarin-vokal-kocu-ilk-albumuyle-takdir-topluyor","status":"publish","type":"post","link":"https:\/\/www.kariyer.net\/kariyer-rehberi\/ustalarin-vokal-kocu-ilk-albumuyle-takdir-topluyor\/","title":{"rendered":"Ustalar\u0131n vokal ko\u00e7u ilk alb\u00fcm\u00fcyle takdir topluyor"},"content":{"rendered":"<p><span style=\"font-family: Verdana,Arial,Helvetica,sans-serif; font-size: 11px;\"><strong>Sezen Aksu&rsquo;dan Ajda Pekkan&rsquo;a, Kenan Do\u011fulu&rsquo;dan Tarkan&rsquo;a kadar pek \u00e7ok sanat\u00e7\u0131ya vokal ve vokal ko\u00e7lu\u011fu yapan, TV dizilerinden de a\u015fina oldu\u011fumuz Cihan Okan, m\u00fczik kariyerinin 30. y\u0131l\u0131nda b\u00fcy\u00fck bir ba\u015far\u0131ya daha imza at\u0131yor. Ki\u015fili\u011fi, m\u00fczik bilgisi ve ses rengiyle dikkati \u00e7eken sanat\u00e7\u0131n\u0131n uzun zamand\u0131r beklenen alb\u00fcm\u00fc m\u00fczikseverlerden tam not ald\u0131.<img fetchpriority=\"high\" decoding=\"async\" hspace=\"10\" height=\"280\" align=\"right\" width=\"200\" vspace=\"10\" src=\"http:\/\/web4.kariyer.net\/UploadFiles\/tempPhoto\/kariyerRehberi\/image\/cihan_100_140_01_yaz_s_z.JPG\" alt=\"\" \/><\/strong><\/p>\n<p>Hemen hemen T\u00fcrkiye&rsquo;deki t\u00fcm sanat\u00e7\u0131larla ayn\u0131 sahneyi payla\u015fan, 2010&rsquo;un Ocak ay\u0131nda kendi ad\u0131n\u0131 ta\u015f\u0131yan ilk alb\u00fcm\u00fcn\u00fc m\u00fczikseverlere sunan Cihan Okan, Sezen Aksu gibi usta sanat\u00e7\u0131lar\u0131n vokalisti, perk\u00fcsyoncu ve vokal ko\u00e7u olarak tan\u0131n\u0131yordu. 30 y\u0131ll\u0131k m\u00fczik kariyerinde bir\u00e7ok ba\u015far\u0131l\u0131 projede yer ald\u0131. Ayn\u0131 zamanda Turizm Bakanl\u0131\u011f\u0131 \u0130stanbul Devlet Modern Folk M\u00fczik Toplulu\u011fu&rsquo;nun solisti olarak da g\u00f6rev yap\u0131yor.<br \/>Garanti Bankas\u0131, \u015eekerbank, Ar\u00e7elik ve Eti gibi firmalar\u0131n\u0131n reklam filmlerini seslendiren; Yaban G\u00fcl\u00fc, Savc\u0131n\u0131n Kar\u0131s\u0131, Kabuslar Evi, Duvar ve Nehir gibi TV dizilerinde oyunculuk deneyimi olan Cihan Okan, Esta\u011ffurullah Yoku\u015fu ve Delikanl\u0131 dizilerinin de m\u00fcziklerine imza atm\u0131\u015f. Cihan Okan&rsquo;n\u0131n m\u00fczik tutkusu \u00e7ok k\u00fc\u00e7\u00fck ya\u015flarda ba\u015flam\u0131\u015f. M\u00fczi\u011fe merakl\u0131 bir aileden gelen Cihan Okan, 1959&rsquo;da Akhisar&rsquo;da do\u011fmu\u015f. D\u00fc\u011f\u00fcnlerde org \u00e7alarak profesyonel m\u00fczik hayat\u0131na ad\u0131m atm\u0131\u015f. Liseyi bitirdikten sonra \u0130stanbul \u00dcniversitesi Devlet Konservatuvar\u0131 Keman B\u00f6l\u00fcm\u00fc&rsquo;ne girmi\u015f. \u00dcniversite y\u0131llar\u0131nda Orhan Gencebay, Ne\u015fe Karab\u00f6cek, Atilla \u00d6zdemiro\u011flu, Sibel Egemen ve Leman Sam gibi usta isimlerle \u00e7al\u0131\u015fmaya ba\u015flam\u0131\u015f. Ancak Sezen Aksu ile tan\u0131\u015fmas\u0131 kariyerinde d\u00f6n\u00fcm noktas\u0131 olmu\u015f.<br \/>&ldquo;Akustik a\u011f\u0131rl\u0131kl\u0131, 10 sene sonra da dinlenilmesini istedi\u011fim ya da 10 sene \u00f6nce olsayd\u0131 da dinlenebilirdi denebilecek bir alb\u00fcm yapmak istedim Alb\u00fcmdeki melodik yap\u0131lar ve \u015fark\u0131 s\u00f6zleri \u00f6zenle se\u00e7ildi. Ard\u0131\u015f\u0131k notalardan olu\u015fan, tutsun diye yap\u0131lan bir alb\u00fcm de\u011fil&rdquo; diyen Cihan Okan&rsquo;la m\u00fczik ve ba\u015far\u0131 \u00fczerine konu\u015ftuk.<\/p>\n<p><strong>M\u00fczik sekt\u00f6r\u00fcne nas\u0131l ad\u0131m att\u0131n\u0131z?<\/strong><br \/>\u00dcniversitede okurken Ne\u015fe Karab\u00f6cek&rsquo;in st\u00fcdyo kayd\u0131na gitmi\u015ftik. Bizi \u00e7ok be\u011fendi ve &ldquo;Sahnede benimle \u00e7al\u0131\u015f\u0131r m\u0131s\u0131n\u0131z?&rdquo; dedi. Eurovision maceras\u0131yla Melih Kibar&rsquo;\u0131 tan\u0131d\u0131m.&nbsp;<\/p>\n<p><strong>T\u00fcrkiye&rsquo;deki m\u00fczik piyasas\u0131n\u0131 nas\u0131l de\u011ferlendiriyorsunuz?<\/strong><br \/>Son zamanlarda kalite anlam\u0131nda bir y\u00fckseli\u015f var ama maalesef sat\u0131\u015f anlam\u0131nda hi\u00e7 hareket yok. \u0130nternet nedeniyle alb\u00fcm sat\u0131\u015flar\u0131 d\u00fc\u015f\u00fcyor. Bu da m\u00fczik yap\u0131mc\u0131lar\u0131n\u0131n yeni projelere bak\u0131\u015f\u0131n\u0131 de\u011fi\u015fiyor. Yap\u0131mc\u0131lar \u015fimdi \u00e7ok temkinli davranmaya \u00e7al\u0131\u015f\u0131yor. \u00c7ok inand\u0131klar\u0131, \u00e7ok deneyerek \u00fcst\u00fcne oynayacaklar\u0131 adamlar\u0131 se\u00e7ip birtak\u0131m yat\u0131r\u0131mlar yap\u0131yorlar.&nbsp;<br \/><strong><br \/>Basmakal\u0131p m\u00fcziklerin modas\u0131 ge\u00e7ti<\/strong><\/p>\n<p><strong>M\u00fczik kalitesi nas\u0131l bir de\u011fi\u015fim ge\u00e7iriyor?<\/strong><br \/>Bir zamanlar bilgisayar furyas\u0131, basmakal\u0131p aranjeler ve \u015fark\u0131lar modas\u0131 vard\u0131. Ama yedi bitirdi kendini, o moda ge\u00e7ti&hellip; \u015eimdilerde \u015eebnem Ferah, Sertab Erener, Ferhat G\u00f6\u00e7er ve S\u0131la gibi sanat\u00e7\u0131lar g\u00fczel bir trend yakalad\u0131. CD&rsquo;ler de art\u0131k eskisi kadar pahal\u0131 de\u011fil. M\u00fczik sekt\u00f6r\u00fcnde be\u011feniler geli\u015firse durum d\u00fczelecek.<\/p>\n<p><strong>Peki, T\u00fcrk dinleyicilerinin be\u011fenilerini de de\u011fi\u015fiyor mu?<\/strong><br \/>\u0130nsanlar yiyece\u011fi ekme\u011fi, giyece\u011fi ayakkab\u0131y\u0131 d\u00fc\u015f\u00fcnd\u00fc\u011f\u00fc i\u00e7in m\u00fczik l\u00fcks haline geldi. Radyoda ne \u00e7al\u0131yorsa ya da televizyonda ne yay\u0131nlan\u0131yorsa onu dinliyor. Art\u0131k m\u00fczisyenler ve yap\u0131mc\u0131lar i\u00e7in bir misyon haline gelmeli ki kaliteyi y\u00fckseltelim. Bizim insan\u0131m\u0131z m\u00fczikten anlam\u0131yor de\u011fil. Dinlemiyor ki anlas\u0131n!<\/p>\n<p><strong>Bu konuda e\u011fitim yeterli mi?<\/strong><br \/>Okullardaki m\u00fczik e\u011fitimi zul\u00fcm gibi. M\u00fczi\u011fin \u00e7ocuklara sunumunun albenisi olmal\u0131, \u00e7ocu\u011fu \u00f6zendirmeli. Nota \u00f6\u011fretece\u011fine her tarzda m\u00fczik dinlemeyi \u00f6\u011fretmeli. Ama sen \u00e7ocu\u011fa solfej \u00f6\u011fretmeye \u00e7al\u0131\u015f\u0131rsan, \u00e7ocu\u011fun da kula\u011f\u0131 yoksa nas\u0131l solfej \u00f6\u011fretirsin?&nbsp;<br \/><strong><br \/>Me\u015fhur olmakla kariyer edinemezsiniz<img decoding=\"async\" hspace=\"10\" height=\"300\" align=\"right\" width=\"200\" vspace=\"10\" src=\"http:\/\/web4.kariyer.net\/UploadFiles\/tempPhoto\/kariyerRehberi\/image\/cokan5206.jpg\" alt=\"\" \/><\/strong><br \/><strong>T\u00fcrkiye&rsquo;de m\u00fczik sekt\u00f6r\u00fcnde kariyer yapmak zor mu?<\/strong> <br \/>Kariyeri tam manas\u0131yla soruyorsan\u0131z zor; ama kariyeri bir yer edinmek me\u015fhur olmak tabiriyle kullan\u0131yorsak T\u00fcrkiye&rsquo;de d\u00fcnyan\u0131n en kolay i\u015fi. \u00c7ok iyi bir kulak ve renk sahibi olmak, iyi bir yorumcu olabilmek i\u00e7in kilometrelerce yol kat etmek gerekiyor. \u0130nsanlar\u0131n be\u011fenisini ve iste\u011fini de g\u00f6z ard\u0131 etmemeli. \u0130\u015finizi kaliteli yaparsan\u0131z her yerde ba\u015far\u0131l\u0131 olursunuz.<\/p>\n<p><strong>Alb\u00fcm neden ge\u00e7 geldi?<\/strong><br \/>Ben bu i\u015fin her zaman \u00e7ok i\u00e7indeydim. Bu konuda o kadar doyumluydum ki b\u00f6yle bir ihtiya\u00e7 hissetmedim. \u00c7\u00fcnk\u00fc zaten \u015fark\u0131 s\u00f6ylemekse s\u00f6yl\u00fcyorum, m\u00fczikle ilgili b\u00fct\u00fcn keyfi, hazz\u0131 al\u0131yordum ki b\u00f6yle bir a\u00e7l\u0131k hissetmedim. Sezen Aksu&rsquo;nun Deliveren alb\u00fcm\u00fcnde s\u00f6yledi\u011fim &ldquo;Yine mi \u00c7i\u00e7ek&rdquo; par\u00e7as\u0131n\u0131 seslendirmi\u015ftim. Herkesten b\u00fcy\u00fck takdir toplam\u0131\u015ft\u0131m. O zaman bir \u015fim\u015fek \u00e7akt\u0131. Herkes, &ldquo;Sen niye bir alb\u00fcm yapm\u0131yorsun, bunu mutlaka yap&rdquo; demeye ba\u015flad\u0131.<\/p>\n<p><strong>\u0130lk kimlere dinlettiniz?<\/strong>\u0130lk olarak Sezen Aksu ve S\u0131la&rsquo;ya dinlettim. Zaten alb\u00fcm\u00fcn b\u00fcy\u00fck bir k\u0131sm\u0131nda onlar\u0131n eme\u011fi var. &ldquo;Kar\u0131m&rdquo; adl\u0131 par\u00e7ay\u0131 e\u015fimle birlikte g\u00f6zya\u015flar\u0131 i\u00e7inde dinledik.<\/p>\n<p><strong>Alb\u00fcmle ilgili ki\u015fisel yorumlar\u0131n\u0131z\u0131 \u00f6\u011frenebilir miyiz?<\/strong><br \/>Alb\u00fcm\u00fcm yazl\u0131k ya da moda olacak bir alb\u00fcm de\u011fil. Kalitemizden \u00f6d\u00fcn vermeden, \u00f6zenle se\u00e7ilmi\u015f \u015fark\u0131lardan olu\u015fan, her dinleyenin kula\u011f\u0131nda yer edecek, \u00e7abuk t\u00fcketilmeyecek bir alb\u00fcm olsun istedim. Y\u0131llar sonra da dinlenebilmeli.<\/p>\n<p><strong>&ldquo;Vokal ko\u00e7u&rdquo; olarak neler yap\u0131yorsunuz?<\/strong><br \/>Bir vokal ko\u00e7u, \u015fark\u0131c\u0131n\u0131n \u00fcretti\u011fi de\u011fi\u015fik yorumlar i\u00e7inde hangisinin \u00fczerine gitmesi gerekti\u011fini s\u00f6yleyip onu o tarafa do\u011fru y\u00f6nlendiren ki\u015fidir. \u00d6rne\u011fin, ben sesin \u00e7ok sert geliyor biraz yumu\u015fat, daha g\u00fcler y\u00fczl\u00fc ol, daha buradaki laf\u0131 \u00e7ok s\u0131k\u0131\u015ft\u0131rma biraz daha a\u00e7arsan daha iyi olacak diyorum. Kay\u0131tlar\u0131n ard\u0131ndan t\u00fcm\u00fcn\u00fc de\u011ferlendirip onlar i\u00e7inden en iyi yorum yap\u0131lm\u0131\u015f yerleri yakalamaya \u00e7al\u0131\u015f\u0131yorum. Benim vokal ko\u00e7lu\u011fumu da ba\u015fka biri yap\u0131yor. Vokal ko\u00e7lu\u011funun en \u00f6nemli taraflar\u0131ndan biri \u015fark\u0131c\u0131n\u0131n kapasitesinin en \u00fcst\u00fcn\u00fc alabilmek. Yoksa, onu bamba\u015fka biri haline getirmeye \u00e7al\u0131\u015fm\u0131yorum.<\/p>\n<p><strong>M\u00fczik kan\u0131mda dola\u015f\u0131yor<\/strong><br \/><strong>M\u00fczikle u\u011fra\u015fm\u0131yor olsayd\u0131n\u0131z ne yap\u0131yor olurdunuz?<\/strong><br \/>Bir daha d\u00fcnyaya gelsem yine m\u00fczisyen olurum. Basmakal\u0131p bir hayat ya\u015fam\u0131yoruz. Anla\u015f\u0131lmak bazen biraz zor olsa da renkli bir mesle\u011fimiz var.&nbsp;<\/p>\n<p><strong>En be\u011fendi\u011finiz yabanc\u0131 m\u00fczisyen hangisi?<\/strong><br \/>Sanat\u00e7\u0131 olarak Sting&rsquo;i be\u011fenerek dinliyorum. Genel olarak etnik ve enstr\u00fcmantal tarzdaki \u00e7al\u0131\u015fmalar\u0131 da dinlemekten ho\u015flan\u0131yorum.<\/p>\n<p><strong>Gen\u00e7 m\u00fczisyenlere ya da m\u00fczikle u\u011fra\u015fmak isteyenlere mesaj\u0131n\u0131z ne olur?<\/strong><br \/>Amat\u00f6rce ilgilenenlere en ufak bir laf\u0131m yok ama profesyonelce ilgileneceklerse m\u00fczi\u011fi de bir bilim dal\u0131 gibi g\u00f6rerek bu bilim dal\u0131n\u0131 en ince ayr\u0131nt\u0131s\u0131na kadar \u00f6\u011frenmek zorundalar.&nbsp;<\/p>\n<p><strong>Gelecekte ne gibi projeleriniz var?<\/strong>Anadolu kokan, alaturka ile bat\u0131l\u0131 sentezinde haz\u0131rlanm\u0131\u015f &ldquo;bir t\u00fcrk\u00fc alb\u00fcm\u00fc&rdquo; projem var. Ekrandan gelecek tekliflere de s\u0131cak bak\u0131yorum.<\/span><\/p>\n<!-- templates\/buttons-placeholder.php -->\n<div class=\"da-reactions-outer TpostID2012\">\n\t    <div class=\"da-reactions-data da-reactions-container-async center\"\n         data-type=\"post\"\n         data-id=\"2012\"\n         id=\"da-reactions-slot-post-2012\">\n        <div class=\"da-reactions-static\">\n\t\t\t<img src=\"https:\/\/www.kariyer.net\/kariyer-rehberi\/wp-content\/plugins\/da-reactions\/assets\/dist\/loading.svg\" alt=\"Loading spinner\" width=\"48\" height=\"48\" style=\"width:48px\" \/>\n        <\/div>\n    <\/div>\n<\/div>\n","protected":false},"excerpt":{"rendered":"<p>Sezen Aksu&rsquo;dan Ajda Pekkan&rsquo;a, Kenan Do\u011fulu&rsquo;dan Tarkan&rsquo;a kadar pek \u00e7ok sanat\u00e7\u0131ya vokal ve vokal ko\u00e7lu\u011fu yapan, TV dizilerinden de a\u015fina oldu\u011fumuz Cihan Okan, m\u00fczik kariyerinin 30. y\u0131l\u0131nda b\u00fcy\u00fck bir ba\u015far\u0131ya daha imza at\u0131yor. Ki\u015fili\u011fi, m\u00fczik bilgisi ve ses rengiyle dikkati \u00e7eken sanat\u00e7\u0131n\u0131n uzun zamand\u0131r beklenen alb\u00fcm\u00fc m\u00fczikseverlerden tam not ald\u0131. Hemen hemen T\u00fcrkiye&rsquo;deki t\u00fcm sanat\u00e7\u0131larla [&hellip;]<\/p>\n<!-- templates\/buttons-placeholder.php -->\n<div class=\"da-reactions-outer TpostID2012\">\n\t    <div class=\"da-reactions-data da-reactions-container-async center\"\n         data-type=\"post\"\n         data-id=\"2012\"\n         id=\"da-reactions-slot-post-2012\">\n        <div class=\"da-reactions-static\">\n\t\t\t<img src=\"https:\/\/www.kariyer.net\/kariyer-rehberi\/wp-content\/plugins\/da-reactions\/assets\/dist\/loading.svg\" alt=\"Loading spinner\" width=\"48\" height=\"48\" style=\"width:48px\" \/>\n        <\/div>\n    <\/div>\n<\/div>\n","protected":false},"author":8,"featured_media":0,"comment_status":"open","ping_status":"open","sticky":false,"template":"","format":"standard","meta":{"footnotes":"","_elementor_edit_mode":"","_elementor_template_type":"","_elementor_data":"","_elementor_page_settings":null,"_elementor_conditions":[]},"categories":[2211],"tags":[],"class_list":{"0":"post-2012","1":"post","2":"type-post","3":"status-publish","4":"format-standard","6":"category-kariyer-gelisimi"},"yoast_head":"<!-- This site is optimized with the Yoast SEO Premium plugin v21.4 (Yoast SEO v27.0) - https:\/\/yoast.com\/product\/yoast-seo-premium-wordpress\/ -->\n<title>Ustalar\u0131n vokal ko\u00e7u ilk alb\u00fcm\u00fcyle takdir topluyor | Kariyer Rehberi<\/title>\n<meta name=\"description\" content=\"Sezen Aksu&rsquo;dan Ajda Pekkan&rsquo;a, Kenan Do\u011fulu&rsquo;dan Tarkan&rsquo;a kadar pek \u00e7ok sanat\u00e7\u0131ya vokal ve vokal ko\u00e7lu\u011fu yapan, TV dizilerinden de\" \/>\n<meta name=\"robots\" content=\"index, follow, max-snippet:-1, max-image-preview:large, max-video-preview:-1\" \/>\n<link rel=\"canonical\" href=\"https:\/\/www.kariyer.net\/kariyer-rehberi\/ustalarin-vokal-kocu-ilk-albumuyle-takdir-topluyor\/\" \/>\n<meta property=\"og:locale\" content=\"tr_TR\" \/>\n<meta property=\"og:type\" content=\"article\" \/>\n<meta property=\"og:title\" content=\"Ustalar\u0131n vokal ko\u00e7u ilk alb\u00fcm\u00fcyle takdir topluyor\" \/>\n<meta property=\"og:description\" content=\"Sezen Aksu&rsquo;dan Ajda Pekkan&rsquo;a, Kenan Do\u011fulu&rsquo;dan Tarkan&rsquo;a kadar pek \u00e7ok sanat\u00e7\u0131ya vokal ve vokal ko\u00e7lu\u011fu yapan, TV dizilerinden de\" \/>\n<meta property=\"og:url\" content=\"https:\/\/www.kariyer.net\/kariyer-rehberi\/ustalarin-vokal-kocu-ilk-albumuyle-takdir-topluyor\/\" \/>\n<meta property=\"og:site_name\" content=\"Kariyer Rehberi\" \/>\n<meta property=\"article:published_time\" content=\"2010-03-12T00:00:00+00:00\" \/>\n<meta property=\"article:modified_time\" content=\"2024-07-03T13:02:00+00:00\" \/>\n<meta property=\"og:image\" content=\"http:\/\/web4.kariyer.net\/UploadFiles\/tempPhoto\/kariyerRehberi\/image\/cihan_100_140_01_yaz_s_z.JPG\" \/>\n<meta name=\"author\" content=\"Kariyer.net\" \/>\n<meta name=\"twitter:card\" content=\"summary_large_image\" \/>\n<meta name=\"twitter:label1\" content=\"Yazan:\" \/>\n\t<meta name=\"twitter:data1\" content=\"Kariyer.net\" \/>\n\t<meta name=\"twitter:label2\" content=\"Tahmini okuma s\u00fcresi\" \/>\n\t<meta name=\"twitter:data2\" content=\"6 dakika\" \/>\n<!-- \/ Yoast SEO Premium plugin. -->","yoast_head_json":{"title":"Ustalar\u0131n vokal ko\u00e7u ilk alb\u00fcm\u00fcyle takdir topluyor | Kariyer Rehberi","description":"Sezen Aksu&rsquo;dan Ajda Pekkan&rsquo;a, Kenan Do\u011fulu&rsquo;dan Tarkan&rsquo;a kadar pek \u00e7ok sanat\u00e7\u0131ya vokal ve vokal ko\u00e7lu\u011fu yapan, TV dizilerinden de","robots":{"index":"index","follow":"follow","max-snippet":"max-snippet:-1","max-image-preview":"max-image-preview:large","max-video-preview":"max-video-preview:-1"},"canonical":"https:\/\/www.kariyer.net\/kariyer-rehberi\/ustalarin-vokal-kocu-ilk-albumuyle-takdir-topluyor\/","og_locale":"tr_TR","og_type":"article","og_title":"Ustalar\u0131n vokal ko\u00e7u ilk alb\u00fcm\u00fcyle takdir topluyor","og_description":"Sezen Aksu&rsquo;dan Ajda Pekkan&rsquo;a, Kenan Do\u011fulu&rsquo;dan Tarkan&rsquo;a kadar pek \u00e7ok sanat\u00e7\u0131ya vokal ve vokal ko\u00e7lu\u011fu yapan, TV dizilerinden de","og_url":"https:\/\/www.kariyer.net\/kariyer-rehberi\/ustalarin-vokal-kocu-ilk-albumuyle-takdir-topluyor\/","og_site_name":"Kariyer Rehberi","article_published_time":"2010-03-12T00:00:00+00:00","article_modified_time":"2024-07-03T13:02:00+00:00","og_image":[{"url":"http:\/\/web4.kariyer.net\/UploadFiles\/tempPhoto\/kariyerRehberi\/image\/cihan_100_140_01_yaz_s_z.JPG","type":"","width":"","height":""}],"author":"Kariyer.net","twitter_card":"summary_large_image","twitter_misc":{"Yazan:":"Kariyer.net","Tahmini okuma s\u00fcresi":"6 dakika"},"schema":{"@context":"https:\/\/schema.org","@graph":[{"@type":"Article","@id":"https:\/\/www.kariyer.net\/kariyer-rehberi\/ustalarin-vokal-kocu-ilk-albumuyle-takdir-topluyor\/#article","isPartOf":{"@id":"https:\/\/www.kariyer.net\/kariyer-rehberi\/ustalarin-vokal-kocu-ilk-albumuyle-takdir-topluyor\/"},"author":{"name":"Kariyer.net","@id":"https:\/\/www.kariyer.net\/kariyer-rehberi\/#\/schema\/person\/eb36201afd42c03bc83b82060447b2c9"},"headline":"Ustalar\u0131n vokal ko\u00e7u ilk alb\u00fcm\u00fcyle takdir topluyor","datePublished":"2010-03-12T00:00:00+00:00","dateModified":"2024-07-03T13:02:00+00:00","mainEntityOfPage":{"@id":"https:\/\/www.kariyer.net\/kariyer-rehberi\/ustalarin-vokal-kocu-ilk-albumuyle-takdir-topluyor\/"},"wordCount":1306,"commentCount":0,"publisher":{"@id":"https:\/\/www.kariyer.net\/kariyer-rehberi\/#organization"},"image":{"@id":"https:\/\/www.kariyer.net\/kariyer-rehberi\/ustalarin-vokal-kocu-ilk-albumuyle-takdir-topluyor\/#primaryimage"},"thumbnailUrl":"http:\/\/web4.kariyer.net\/UploadFiles\/tempPhoto\/kariyerRehberi\/image\/cihan_100_140_01_yaz_s_z.JPG","articleSection":["Kariyer Geli\u015fimi"],"inLanguage":"tr","potentialAction":[{"@type":"CommentAction","name":"Comment","target":["https:\/\/www.kariyer.net\/kariyer-rehberi\/ustalarin-vokal-kocu-ilk-albumuyle-takdir-topluyor\/#respond"]}]},{"@type":"WebPage","@id":"https:\/\/www.kariyer.net\/kariyer-rehberi\/ustalarin-vokal-kocu-ilk-albumuyle-takdir-topluyor\/","url":"https:\/\/www.kariyer.net\/kariyer-rehberi\/ustalarin-vokal-kocu-ilk-albumuyle-takdir-topluyor\/","name":"Ustalar\u0131n vokal ko\u00e7u ilk alb\u00fcm\u00fcyle takdir topluyor | Kariyer Rehberi","isPartOf":{"@id":"https:\/\/www.kariyer.net\/kariyer-rehberi\/#website"},"primaryImageOfPage":{"@id":"https:\/\/www.kariyer.net\/kariyer-rehberi\/ustalarin-vokal-kocu-ilk-albumuyle-takdir-topluyor\/#primaryimage"},"image":{"@id":"https:\/\/www.kariyer.net\/kariyer-rehberi\/ustalarin-vokal-kocu-ilk-albumuyle-takdir-topluyor\/#primaryimage"},"thumbnailUrl":"http:\/\/web4.kariyer.net\/UploadFiles\/tempPhoto\/kariyerRehberi\/image\/cihan_100_140_01_yaz_s_z.JPG","datePublished":"2010-03-12T00:00:00+00:00","dateModified":"2024-07-03T13:02:00+00:00","description":"Sezen Aksu&rsquo;dan Ajda Pekkan&rsquo;a, Kenan Do\u011fulu&rsquo;dan Tarkan&rsquo;a kadar pek \u00e7ok sanat\u00e7\u0131ya vokal ve vokal ko\u00e7lu\u011fu yapan, TV dizilerinden de","breadcrumb":{"@id":"https:\/\/www.kariyer.net\/kariyer-rehberi\/ustalarin-vokal-kocu-ilk-albumuyle-takdir-topluyor\/#breadcrumb"},"inLanguage":"tr","potentialAction":[{"@type":"ReadAction","target":["https:\/\/www.kariyer.net\/kariyer-rehberi\/ustalarin-vokal-kocu-ilk-albumuyle-takdir-topluyor\/"]}]},{"@type":"ImageObject","inLanguage":"tr","@id":"https:\/\/www.kariyer.net\/kariyer-rehberi\/ustalarin-vokal-kocu-ilk-albumuyle-takdir-topluyor\/#primaryimage","url":"http:\/\/web4.kariyer.net\/UploadFiles\/tempPhoto\/kariyerRehberi\/image\/cihan_100_140_01_yaz_s_z.JPG","contentUrl":"http:\/\/web4.kariyer.net\/UploadFiles\/tempPhoto\/kariyerRehberi\/image\/cihan_100_140_01_yaz_s_z.JPG"},{"@type":"BreadcrumbList","@id":"https:\/\/www.kariyer.net\/kariyer-rehberi\/ustalarin-vokal-kocu-ilk-albumuyle-takdir-topluyor\/#breadcrumb","itemListElement":[{"@type":"ListItem","position":1,"name":"Anasayfa","item":"https:\/\/www.kariyer.net\/kariyer-rehberi\/"},{"@type":"ListItem","position":2,"name":"Ustalar\u0131n vokal ko\u00e7u ilk alb\u00fcm\u00fcyle takdir topluyor"}]},{"@type":"WebSite","@id":"https:\/\/www.kariyer.net\/kariyer-rehberi\/#website","url":"https:\/\/www.kariyer.net\/kariyer-rehberi\/","name":"Kariyer Rehberi","description":"\u0130\u015f D\u00fcnyas\u0131yla \u0130lgili Bilmek \u0130stedi\u011finiz Her \u015eey","publisher":{"@id":"https:\/\/www.kariyer.net\/kariyer-rehberi\/#organization"},"potentialAction":[{"@type":"SearchAction","target":{"@type":"EntryPoint","urlTemplate":"https:\/\/www.kariyer.net\/kariyer-rehberi\/?s={search_term_string}"},"query-input":{"@type":"PropertyValueSpecification","valueRequired":true,"valueName":"search_term_string"}}],"inLanguage":"tr"},{"@type":"Organization","@id":"https:\/\/www.kariyer.net\/kariyer-rehberi\/#organization","name":"Kariyer.net","url":"https:\/\/www.kariyer.net\/kariyer-rehberi\/","logo":{"@type":"ImageObject","inLanguage":"tr","@id":"https:\/\/www.kariyer.net\/kariyer-rehberi\/#\/schema\/logo\/image\/","url":"https:\/\/www.kariyer.net\/kariyer-rehberi-new\/wp-content\/uploads\/2023\/01\/og-image11.jpg","contentUrl":"https:\/\/www.kariyer.net\/kariyer-rehberi-new\/wp-content\/uploads\/2023\/01\/og-image11.jpg","width":800,"height":800,"caption":"Kariyer.net"},"image":{"@id":"https:\/\/www.kariyer.net\/kariyer-rehberi\/#\/schema\/logo\/image\/"}},{"@type":"Person","@id":"https:\/\/www.kariyer.net\/kariyer-rehberi\/#\/schema\/person\/eb36201afd42c03bc83b82060447b2c9","name":"Kariyer.net","image":{"@type":"ImageObject","inLanguage":"tr","@id":"https:\/\/www.kariyer.net\/kariyer-rehberi\/#\/schema\/person\/image\/","url":"https:\/\/secure.gravatar.com\/avatar\/ddce3ac68cb52fb2ae004bcee334e49ccc6361fefd68c5f6f4d2a86630c28b2e?s=96&d=mm&r=g","contentUrl":"https:\/\/secure.gravatar.com\/avatar\/ddce3ac68cb52fb2ae004bcee334e49ccc6361fefd68c5f6f4d2a86630c28b2e?s=96&d=mm&r=g","caption":"Kariyer.net"},"url":"https:\/\/www.kariyer.net\/kariyer-rehberi\/author\/kariyer-net\/"}]}},"_links":{"self":[{"href":"https:\/\/www.kariyer.net\/kariyer-rehberi\/wp-json\/wp\/v2\/posts\/2012","targetHints":{"allow":["GET"]}}],"collection":[{"href":"https:\/\/www.kariyer.net\/kariyer-rehberi\/wp-json\/wp\/v2\/posts"}],"about":[{"href":"https:\/\/www.kariyer.net\/kariyer-rehberi\/wp-json\/wp\/v2\/types\/post"}],"author":[{"embeddable":true,"href":"https:\/\/www.kariyer.net\/kariyer-rehberi\/wp-json\/wp\/v2\/users\/8"}],"replies":[{"embeddable":true,"href":"https:\/\/www.kariyer.net\/kariyer-rehberi\/wp-json\/wp\/v2\/comments?post=2012"}],"version-history":[{"count":1,"href":"https:\/\/www.kariyer.net\/kariyer-rehberi\/wp-json\/wp\/v2\/posts\/2012\/revisions"}],"predecessor-version":[{"id":20352,"href":"https:\/\/www.kariyer.net\/kariyer-rehberi\/wp-json\/wp\/v2\/posts\/2012\/revisions\/20352"}],"wp:attachment":[{"href":"https:\/\/www.kariyer.net\/kariyer-rehberi\/wp-json\/wp\/v2\/media?parent=2012"}],"wp:term":[{"taxonomy":"category","embeddable":true,"href":"https:\/\/www.kariyer.net\/kariyer-rehberi\/wp-json\/wp\/v2\/categories?post=2012"},{"taxonomy":"post_tag","embeddable":true,"href":"https:\/\/www.kariyer.net\/kariyer-rehberi\/wp-json\/wp\/v2\/tags?post=2012"}],"curies":[{"name":"wp","href":"https:\/\/api.w.org\/{rel}","templated":true}]}}