{"id":2033,"date":"2011-03-08T02:00:00","date_gmt":"2011-03-08T00:00:00","guid":{"rendered":"http:\/\/92.45.35.169\/calisanlar-motosiklet-egitiminde\/"},"modified":"2024-07-03T14:56:11","modified_gmt":"2024-07-03T11:56:11","slug":"calisanlar-motosiklet-egitiminde","status":"publish","type":"post","link":"https:\/\/www.kariyer.net\/kariyer-rehberi\/calisanlar-motosiklet-egitiminde\/","title":{"rendered":"\u00c7al\u0131\u015fanlar motosiklet e\u011fitiminde"},"content":{"rendered":"<div><strong>Ferco Motor motosiklet kullanmak isteyen ama bir t\u00fcrl\u00fc cesaret edemeyen \u00e7al\u0131\u015fanlara \u00f6zel motosiklet s\u00fcr\u00fc\u015f e\u011fitimleri d\u00fczenliyor. \u015eirket \u00e7al\u0131\u015fanlar\u0131 Vespa Akademi\u2019de ger\u00e7ekle\u015fen bu \u00fccretsiz e\u011fitimlerde teorik bilgiler al\u0131yor, Vespa\u2019larla s\u00fcr\u00fc\u015f deneyimi ya\u015f\u0131yor.<\/strong>Bahar\u0131n gelmesiyle birlikte motosikletler de garajlardan yava\u015f yava\u015f \u00e7\u0131kmaya ba\u015flad\u0131. \u00d6zellikle i\u015fyerlerinin otoparklar\u0131nda yine yerlerini almaya ba\u015flad\u0131lar. \u201cBen de motor alsam m\u0131 acaba?\u201d sorular\u0131 yine zihnimizde dolan\u0131yor. \u0130\u015fte Ferco Motor \u00e7al\u0131\u015fanlar\u0131n motor al\u0131p almama konusundaki soru i\u015faretlerine cevap bulmalar\u0131 i\u00e7in \u015firketlere \u00f6zel s\u00fcr\u00fc\u015f e\u011fitimleri d\u00fczenliyor. Vespa Akademi\u2019de d\u00fczenlenen e\u011fitimler 1 saat s\u00fcr\u00fcyor. Kat\u0131l\u0131mc\u0131lar \u00f6ncelikle teorik bilgi al\u0131yor, sonras\u0131nda da Vespa kullanarak en az yar\u0131m saatlik s\u00fcr\u00fc\u015f deneyimi ya\u015f\u0131yor. Pek \u00e7ok ki\u015finin motosiklet almak istemesine ra\u011fmen T\u00fcrkiye\u2019de motosiklet k\u00fclt\u00fcr\u00fcn\u00fcn hen\u00fcz olu\u015fmad\u0131\u011f\u0131 ortada. Ferco Motor Pazarlama M\u00fcd\u00fcr\u00fc Seda \u00c7etmi bir\u00e7ok insan\u0131n motosikleti kullanmak istedi\u011fini ama T\u00fcrkiye\u2019de \u00f6nlerine engeller \u00e7\u0131kt\u0131\u011f\u0131n\u0131 s\u00f6yl\u00fcyor. \u00c7etmi bu engelleri \u015f\u00f6yle s\u0131ral\u0131yor: \u201cT\u00fcrkiye\u2019de motosiklet ehliyetini almak i\u00e7in tekrar s\u0131nava girmeniz, t\u00fcm bildiklerinize tekrar \u00e7al\u0131\u015fman\u0131z gerekiyor, bu s\u00fcre\u00e7 uzayabiliyor. Ayn\u0131 zamanda \u0130stanbul gibi b\u00fcy\u00fck \u015fehirlerde motosiklet kullanman\u0131n zorlu\u011fu ve g\u00fcvenlik sorunu nedeniyle insanlar motosiklet almaktan vazge\u00e7ebiliyor. Ya da motosiklet almaya karar veren ki\u015filerin aileleri, arkada\u015flar\u0131 ya da sevgilileri bu konuda kendilerini olumsuz etkileyebiliyor.\u201d<strong>Hedef kitlemiz orta d\u00fczey y\u00f6neticiler<\/strong><br \/>\n\u00c7etmi yurtd\u0131\u015f\u0131nda herkesin ehliyet alabilir ya\u015fa geldi\u011fi andan itibaren motosiklet kulland\u0131\u011f\u0131n\u0131 belirtiyor. \u00c7etmi \u201cT\u00fcrkiye\u2019de ise \u00f6nce araba al\u0131n\u0131r. Motosiklet ise daha sonras\u0131nda hobi olarak hayat\u0131n\u0131za girer.\u201d diyor. O nedenle Ferco Motor olarak hedef kitlelerini orta d\u00fczey y\u00f6neticilerin olu\u015fturdu\u011funu, bu nedenle \u015firketlere \u00f6zel program yapmaya karar verdiklerini belirtiyor.<\/p>\n<p><strong>Herkes en az yar\u0131m saat motosiklet kullan\u0131yor<\/strong><br \/>\nVespa Akademi\u2019de 2009 y\u0131l\u0131nda \u015firketlere y\u00f6nelik e\u011fitimler verilmeye ba\u015fland\u0131. \u015eu ana kadar 10 firmadan 650 ki\u015fiye e\u011fitim verildi. Firmalar e\u011fitimlere 20-30 ki\u015filik gruplar halinde kat\u0131l\u0131yor. Seda \u00c7etmi \u201c\u0130K departmanlar\u0131yla ileti\u015fime ge\u00e7iyoruz. B\u00fct\u00fcn \u015firket i\u00e7erisinde bu bir aktivite olarak duyuruluyor. \u0130steyen ki\u015filer kay\u0131t oluyor. Ve genelde hafta aras\u0131 i\u015f \u00e7\u0131k\u0131\u015f saatlerine uygun saatlerde akademiye geliyorlar. \u00d6nce teorik bir ders veriliyor. Sonras\u0131nda 10\u2019ar ki\u015filik gruplar halinde deneme s\u00fcr\u00fc\u015fleri ba\u015fl\u0131yor. Her ki\u015finin en az yar\u0131m saatlik s\u00fcr\u00fc\u015f deneyimi ya\u015famas\u0131 hedefleniyor. Dolay\u0131s\u0131yla burada 30 ki\u015filik gruplar hakinde e\u011fitimler veriliyor. Daha kalabal\u0131k firmalara 2-3 partide kat\u0131l\u0131m ger\u00e7ekle\u015ftirebiliyorlar. Gelen kat\u0131l\u0131mc\u0131lara birtak\u0131m avantajlar da sa\u011fl\u0131yoruz. Aksesuarlarda indirim \u015fans\u0131 yakal\u0131yorlar. Akademi e\u011fitimine devam etmek isteyenlere de indirim sa\u011flan\u0131yor.\u201d diyor.<\/p>\n<p><strong>\u00c7al\u0131\u015fanlar en \u00e7ok Vespa tercih ediyor<\/strong><br \/>\nE\u011fitimler 4,5 d\u00f6n\u00fcml\u00fck tamam\u0131 pist olarak d\u00fczenlenmi\u015f bir alanda yap\u0131l\u0131yor. Herkese motosiklet kullanmay\u0131 ilk kez tecr\u00fcbe edermi\u015f gibi e\u011fitim veriliyor ama deneyimli olanlar farkl\u0131 modeller s\u00fcrmek isteyebiliyor. Seda \u00c7etmi bu tarz talepler kar\u015f\u0131s\u0131nda kat\u0131l\u0131mc\u0131lar\u0131n oradaki test motorlar\u0131n\u0131 kullanabildiklerini belirtiyor. As\u0131l scooter i\u015fine yo\u011funla\u015ft\u0131klar\u0131n\u0131 belirten Seda \u00c7etmi, \u201cBunu bir kere tecr\u00fcbe ettikten sonra b\u0131rakmas\u0131 biraz zor. Baz\u0131 m\u00fc\u015fterilerimiz motosiklet kullanmay\u0131 terlikle evden \u00e7\u0131kmaya benzetiyor.\u201c diyor. \u00c7al\u0131\u015fan ki\u015filer taraf\u0131ndan en \u00e7ok Vespalar\u0131n \u00e7ok tercih edildi\u011fini s\u00f6yl\u00fcyor. Maxi Scooter modellerinin ise i\u015fadamlar\u0131 taraf\u0131ndan olduk\u00e7a tercih edilen modeller oldu\u011funu belirtiyor.<\/p>\n<\/div>\n<div><strong>Firmalar neler dedi?<\/strong><br \/>\n<strong>Eren \u00c7elebi \u2013 Philip Morris \u0130\u00e7 \u0130leti\u015fim<\/strong><br \/>\n\u201cFarkl\u0131 departmanlardan 70 \u00e7al\u0131\u015fan\u0131m\u0131z Vespa Academy heyecan\u0131n\u0131 ya\u015fad\u0131. Ge\u00e7en y\u0131l ilk kez yapt\u0131\u011f\u0131m\u0131z etkinlik \u00e7ok ilgi g\u00f6rd\u00fc\u011f\u00fc i\u00e7in bu y\u0131l tekrarlad\u0131k.\u201d<strong>Mehmet Do\u011fruyol \u2013 Medyasoft Yaz\u0131l\u0131m \u00dcr\u00fcn Y\u00f6neticisi<\/strong><br \/>\n\u201cHerkesin birbirini motive etti\u011fi daha \u00f6nce hayal etti\u011fi ama cesaret edemedi\u011fi bir deneyim oldu.\u201d<\/div>\n<div><strong>Cem Tongu\u00e7 \u2013 Turkcell Sosyal Aktiviteler Grubu<\/strong><br \/>\nVespa\u2019ya ilgi duyan \u00e7ok say\u0131da \u00e7al\u0131\u015fan\u0131m\u0131z var. Onlar\u0131 mutlu etmek i\u00e7in b\u00f6yle bir aktivite d\u00fczenledik. \u0130ki tur olarak ger\u00e7ekle\u015ftirdi\u011fimiz organizasyon i\u00e7in hala talep var.\u201d<\/div>\n<div><\/div>\n<div><\/div>\n<!-- templates\/buttons-placeholder.php -->\n<div class=\"da-reactions-outer TpostID2033\">\n\t    <div class=\"da-reactions-data da-reactions-container-async center\"\n         data-type=\"post\"\n         data-id=\"2033\"\n         id=\"da-reactions-slot-post-2033\">\n        <div class=\"da-reactions-static\">\n\t\t\t<img src=\"https:\/\/www.kariyer.net\/kariyer-rehberi\/wp-content\/plugins\/da-reactions\/assets\/dist\/loading.svg\" alt=\"Loading spinner\" width=\"48\" height=\"48\" style=\"width:48px\" \/>\n        <\/div>\n    <\/div>\n<\/div>\n","protected":false},"excerpt":{"rendered":"<p>Ferco Motor motosiklet kullanmak isteyen ama bir t\u00fcrl\u00fc cesaret edemeyen \u00e7al\u0131\u015fanlara \u00f6zel motosiklet s\u00fcr\u00fc\u015f e\u011fitimleri d\u00fczenliyor. \u015eirket \u00e7al\u0131\u015fanlar\u0131 Vespa Akademi\u2019de ger\u00e7ekle\u015fen bu \u00fccretsiz e\u011fitimlerde teorik bilgiler al\u0131yor, Vespa\u2019larla s\u00fcr\u00fc\u015f deneyimi ya\u015f\u0131yor.Bahar\u0131n gelmesiyle birlikte motosikletler de garajlardan yava\u015f yava\u015f \u00e7\u0131kmaya ba\u015flad\u0131. \u00d6zellikle i\u015fyerlerinin otoparklar\u0131nda yine yerlerini almaya ba\u015flad\u0131lar. \u201cBen de motor alsam m\u0131 acaba?\u201d sorular\u0131 yine [&hellip;]<\/p>\n<!-- templates\/buttons-placeholder.php -->\n<div class=\"da-reactions-outer TpostID2033\">\n\t    <div class=\"da-reactions-data da-reactions-container-async center\"\n         data-type=\"post\"\n         data-id=\"2033\"\n         id=\"da-reactions-slot-post-2033\">\n        <div class=\"da-reactions-static\">\n\t\t\t<img src=\"https:\/\/www.kariyer.net\/kariyer-rehberi\/wp-content\/plugins\/da-reactions\/assets\/dist\/loading.svg\" alt=\"Loading spinner\" width=\"48\" height=\"48\" style=\"width:48px\" \/>\n        <\/div>\n    <\/div>\n<\/div>\n","protected":false},"author":8,"featured_media":4548,"comment_status":"open","ping_status":"open","sticky":false,"template":"","format":"standard","meta":{"footnotes":"","_elementor_edit_mode":"","_elementor_template_type":"","_elementor_data":"","_elementor_page_settings":null,"_elementor_conditions":[]},"categories":[2203],"tags":[],"class_list":{"0":"post-2033","1":"post","2":"type-post","3":"status-publish","4":"format-standard","5":"has-post-thumbnail","7":"category-haberler-duyurular"},"yoast_head":"<!-- This site is optimized with the Yoast SEO Premium plugin v21.4 (Yoast SEO v27.0) - https:\/\/yoast.com\/product\/yoast-seo-premium-wordpress\/ -->\n<title>\u00c7al\u0131\u015fanlar motosiklet e\u011fitiminde | Kariyer Rehberi<\/title>\n<meta name=\"description\" content=\"Ferco Motor motosiklet kullanmak isteyen ama bir t\u00fcrl\u00fc cesaret edemeyen \u00e7al\u0131\u015fanlara \u00f6zel motosiklet s\u00fcr\u00fc\u015f e\u011fitimleri d\u00fczenliyor. \u015eirket \u00e7al\u0131\u015fanlar\u0131 Vespa\" \/>\n<meta name=\"robots\" content=\"index, follow, max-snippet:-1, max-image-preview:large, max-video-preview:-1\" \/>\n<link rel=\"canonical\" href=\"https:\/\/www.kariyer.net\/kariyer-rehberi\/calisanlar-motosiklet-egitiminde\/\" \/>\n<meta property=\"og:locale\" content=\"tr_TR\" \/>\n<meta property=\"og:type\" content=\"article\" \/>\n<meta property=\"og:title\" content=\"\u00c7al\u0131\u015fanlar motosiklet e\u011fitiminde\" \/>\n<meta property=\"og:description\" content=\"Ferco Motor motosiklet kullanmak isteyen ama bir t\u00fcrl\u00fc cesaret edemeyen \u00e7al\u0131\u015fanlara \u00f6zel motosiklet s\u00fcr\u00fc\u015f e\u011fitimleri d\u00fczenliyor. \u015eirket \u00e7al\u0131\u015fanlar\u0131 Vespa\" \/>\n<meta property=\"og:url\" content=\"https:\/\/www.kariyer.net\/kariyer-rehberi\/calisanlar-motosiklet-egitiminde\/\" \/>\n<meta property=\"og:site_name\" content=\"Kariyer Rehberi\" \/>\n<meta property=\"article:published_time\" content=\"2011-03-08T00:00:00+00:00\" \/>\n<meta property=\"article:modified_time\" content=\"2024-07-03T11:56:11+00:00\" \/>\n<meta property=\"og:image\" content=\"https:\/\/www.kariyer.net\/kariyer-rehberi\/wp-content\/uploads\/2011\/03\/vespa.jpg\" \/>\n\t<meta property=\"og:image:width\" content=\"290\" \/>\n\t<meta property=\"og:image:height\" content=\"150\" \/>\n\t<meta property=\"og:image:type\" content=\"image\/jpeg\" \/>\n<meta name=\"author\" content=\"Kariyer.net\" \/>\n<meta name=\"twitter:card\" content=\"summary_large_image\" \/>\n<meta name=\"twitter:label1\" content=\"Yazan:\" \/>\n\t<meta name=\"twitter:data1\" content=\"Kariyer.net\" \/>\n\t<meta name=\"twitter:label2\" content=\"Tahmini okuma s\u00fcresi\" \/>\n\t<meta name=\"twitter:data2\" content=\"4 dakika\" \/>\n<!-- \/ Yoast SEO Premium plugin. -->","yoast_head_json":{"title":"\u00c7al\u0131\u015fanlar motosiklet e\u011fitiminde | Kariyer Rehberi","description":"Ferco Motor motosiklet kullanmak isteyen ama bir t\u00fcrl\u00fc cesaret edemeyen \u00e7al\u0131\u015fanlara \u00f6zel motosiklet s\u00fcr\u00fc\u015f e\u011fitimleri d\u00fczenliyor. \u015eirket \u00e7al\u0131\u015fanlar\u0131 Vespa","robots":{"index":"index","follow":"follow","max-snippet":"max-snippet:-1","max-image-preview":"max-image-preview:large","max-video-preview":"max-video-preview:-1"},"canonical":"https:\/\/www.kariyer.net\/kariyer-rehberi\/calisanlar-motosiklet-egitiminde\/","og_locale":"tr_TR","og_type":"article","og_title":"\u00c7al\u0131\u015fanlar motosiklet e\u011fitiminde","og_description":"Ferco Motor motosiklet kullanmak isteyen ama bir t\u00fcrl\u00fc cesaret edemeyen \u00e7al\u0131\u015fanlara \u00f6zel motosiklet s\u00fcr\u00fc\u015f e\u011fitimleri d\u00fczenliyor. \u015eirket \u00e7al\u0131\u015fanlar\u0131 Vespa","og_url":"https:\/\/www.kariyer.net\/kariyer-rehberi\/calisanlar-motosiklet-egitiminde\/","og_site_name":"Kariyer Rehberi","article_published_time":"2011-03-08T00:00:00+00:00","article_modified_time":"2024-07-03T11:56:11+00:00","og_image":[{"width":290,"height":150,"url":"https:\/\/www.kariyer.net\/kariyer-rehberi\/wp-content\/uploads\/2011\/03\/vespa.jpg","type":"image\/jpeg"}],"author":"Kariyer.net","twitter_card":"summary_large_image","twitter_misc":{"Yazan:":"Kariyer.net","Tahmini okuma s\u00fcresi":"4 dakika"},"schema":{"@context":"https:\/\/schema.org","@graph":[{"@type":"Article","@id":"https:\/\/www.kariyer.net\/kariyer-rehberi\/calisanlar-motosiklet-egitiminde\/#article","isPartOf":{"@id":"https:\/\/www.kariyer.net\/kariyer-rehberi\/calisanlar-motosiklet-egitiminde\/"},"author":{"name":"Kariyer.net","@id":"https:\/\/www.kariyer.net\/kariyer-rehberi\/#\/schema\/person\/eb36201afd42c03bc83b82060447b2c9"},"headline":"\u00c7al\u0131\u015fanlar motosiklet e\u011fitiminde","datePublished":"2011-03-08T00:00:00+00:00","dateModified":"2024-07-03T11:56:11+00:00","mainEntityOfPage":{"@id":"https:\/\/www.kariyer.net\/kariyer-rehberi\/calisanlar-motosiklet-egitiminde\/"},"wordCount":743,"commentCount":0,"publisher":{"@id":"https:\/\/www.kariyer.net\/kariyer-rehberi\/#organization"},"image":{"@id":"https:\/\/www.kariyer.net\/kariyer-rehberi\/calisanlar-motosiklet-egitiminde\/#primaryimage"},"thumbnailUrl":"https:\/\/www.kariyer.net\/kariyer-rehberi\/wp-content\/uploads\/2011\/03\/vespa.jpg","articleSection":["Haberler ve Duyurular"],"inLanguage":"tr","potentialAction":[{"@type":"CommentAction","name":"Comment","target":["https:\/\/www.kariyer.net\/kariyer-rehberi\/calisanlar-motosiklet-egitiminde\/#respond"]}]},{"@type":"WebPage","@id":"https:\/\/www.kariyer.net\/kariyer-rehberi\/calisanlar-motosiklet-egitiminde\/","url":"https:\/\/www.kariyer.net\/kariyer-rehberi\/calisanlar-motosiklet-egitiminde\/","name":"\u00c7al\u0131\u015fanlar motosiklet e\u011fitiminde | Kariyer Rehberi","isPartOf":{"@id":"https:\/\/www.kariyer.net\/kariyer-rehberi\/#website"},"primaryImageOfPage":{"@id":"https:\/\/www.kariyer.net\/kariyer-rehberi\/calisanlar-motosiklet-egitiminde\/#primaryimage"},"image":{"@id":"https:\/\/www.kariyer.net\/kariyer-rehberi\/calisanlar-motosiklet-egitiminde\/#primaryimage"},"thumbnailUrl":"https:\/\/www.kariyer.net\/kariyer-rehberi\/wp-content\/uploads\/2011\/03\/vespa.jpg","datePublished":"2011-03-08T00:00:00+00:00","dateModified":"2024-07-03T11:56:11+00:00","description":"Ferco Motor motosiklet kullanmak isteyen ama bir t\u00fcrl\u00fc cesaret edemeyen \u00e7al\u0131\u015fanlara \u00f6zel motosiklet s\u00fcr\u00fc\u015f e\u011fitimleri d\u00fczenliyor. \u015eirket \u00e7al\u0131\u015fanlar\u0131 Vespa","breadcrumb":{"@id":"https:\/\/www.kariyer.net\/kariyer-rehberi\/calisanlar-motosiklet-egitiminde\/#breadcrumb"},"inLanguage":"tr","potentialAction":[{"@type":"ReadAction","target":["https:\/\/www.kariyer.net\/kariyer-rehberi\/calisanlar-motosiklet-egitiminde\/"]}]},{"@type":"ImageObject","inLanguage":"tr","@id":"https:\/\/www.kariyer.net\/kariyer-rehberi\/calisanlar-motosiklet-egitiminde\/#primaryimage","url":"https:\/\/www.kariyer.net\/kariyer-rehberi\/wp-content\/uploads\/2011\/03\/vespa.jpg","contentUrl":"https:\/\/www.kariyer.net\/kariyer-rehberi\/wp-content\/uploads\/2011\/03\/vespa.jpg","width":290,"height":150},{"@type":"BreadcrumbList","@id":"https:\/\/www.kariyer.net\/kariyer-rehberi\/calisanlar-motosiklet-egitiminde\/#breadcrumb","itemListElement":[{"@type":"ListItem","position":1,"name":"Anasayfa","item":"https:\/\/www.kariyer.net\/kariyer-rehberi\/"},{"@type":"ListItem","position":2,"name":"\u00c7al\u0131\u015fanlar motosiklet e\u011fitiminde"}]},{"@type":"WebSite","@id":"https:\/\/www.kariyer.net\/kariyer-rehberi\/#website","url":"https:\/\/www.kariyer.net\/kariyer-rehberi\/","name":"Kariyer Rehberi","description":"\u0130\u015f D\u00fcnyas\u0131yla \u0130lgili Bilmek \u0130stedi\u011finiz Her \u015eey","publisher":{"@id":"https:\/\/www.kariyer.net\/kariyer-rehberi\/#organization"},"potentialAction":[{"@type":"SearchAction","target":{"@type":"EntryPoint","urlTemplate":"https:\/\/www.kariyer.net\/kariyer-rehberi\/?s={search_term_string}"},"query-input":{"@type":"PropertyValueSpecification","valueRequired":true,"valueName":"search_term_string"}}],"inLanguage":"tr"},{"@type":"Organization","@id":"https:\/\/www.kariyer.net\/kariyer-rehberi\/#organization","name":"Kariyer.net","url":"https:\/\/www.kariyer.net\/kariyer-rehberi\/","logo":{"@type":"ImageObject","inLanguage":"tr","@id":"https:\/\/www.kariyer.net\/kariyer-rehberi\/#\/schema\/logo\/image\/","url":"https:\/\/www.kariyer.net\/kariyer-rehberi-new\/wp-content\/uploads\/2023\/01\/og-image11.jpg","contentUrl":"https:\/\/www.kariyer.net\/kariyer-rehberi-new\/wp-content\/uploads\/2023\/01\/og-image11.jpg","width":800,"height":800,"caption":"Kariyer.net"},"image":{"@id":"https:\/\/www.kariyer.net\/kariyer-rehberi\/#\/schema\/logo\/image\/"}},{"@type":"Person","@id":"https:\/\/www.kariyer.net\/kariyer-rehberi\/#\/schema\/person\/eb36201afd42c03bc83b82060447b2c9","name":"Kariyer.net","image":{"@type":"ImageObject","inLanguage":"tr","@id":"https:\/\/www.kariyer.net\/kariyer-rehberi\/#\/schema\/person\/image\/","url":"https:\/\/secure.gravatar.com\/avatar\/ddce3ac68cb52fb2ae004bcee334e49ccc6361fefd68c5f6f4d2a86630c28b2e?s=96&d=mm&r=g","contentUrl":"https:\/\/secure.gravatar.com\/avatar\/ddce3ac68cb52fb2ae004bcee334e49ccc6361fefd68c5f6f4d2a86630c28b2e?s=96&d=mm&r=g","caption":"Kariyer.net"},"url":"https:\/\/www.kariyer.net\/kariyer-rehberi\/author\/kariyer-net\/"}]}},"_links":{"self":[{"href":"https:\/\/www.kariyer.net\/kariyer-rehberi\/wp-json\/wp\/v2\/posts\/2033","targetHints":{"allow":["GET"]}}],"collection":[{"href":"https:\/\/www.kariyer.net\/kariyer-rehberi\/wp-json\/wp\/v2\/posts"}],"about":[{"href":"https:\/\/www.kariyer.net\/kariyer-rehberi\/wp-json\/wp\/v2\/types\/post"}],"author":[{"embeddable":true,"href":"https:\/\/www.kariyer.net\/kariyer-rehberi\/wp-json\/wp\/v2\/users\/8"}],"replies":[{"embeddable":true,"href":"https:\/\/www.kariyer.net\/kariyer-rehberi\/wp-json\/wp\/v2\/comments?post=2033"}],"version-history":[{"count":1,"href":"https:\/\/www.kariyer.net\/kariyer-rehberi\/wp-json\/wp\/v2\/posts\/2033\/revisions"}],"predecessor-version":[{"id":18848,"href":"https:\/\/www.kariyer.net\/kariyer-rehberi\/wp-json\/wp\/v2\/posts\/2033\/revisions\/18848"}],"wp:featuredmedia":[{"embeddable":true,"href":"https:\/\/www.kariyer.net\/kariyer-rehberi\/wp-json\/wp\/v2\/media\/4548"}],"wp:attachment":[{"href":"https:\/\/www.kariyer.net\/kariyer-rehberi\/wp-json\/wp\/v2\/media?parent=2033"}],"wp:term":[{"taxonomy":"category","embeddable":true,"href":"https:\/\/www.kariyer.net\/kariyer-rehberi\/wp-json\/wp\/v2\/categories?post=2033"},{"taxonomy":"post_tag","embeddable":true,"href":"https:\/\/www.kariyer.net\/kariyer-rehberi\/wp-json\/wp\/v2\/tags?post=2033"}],"curies":[{"name":"wp","href":"https:\/\/api.w.org\/{rel}","templated":true}]}}