{"id":2037,"date":"2011-03-08T02:00:00","date_gmt":"2011-03-08T00:00:00","guid":{"rendered":"http:\/\/92.45.35.169\/mesai-bitiminden-sonra-kamera-arkasina-geciyor\/"},"modified":"2024-07-03T16:01:17","modified_gmt":"2024-07-03T13:01:17","slug":"mesai-bitiminden-sonra-kamera-arkasina-geciyor","status":"publish","type":"post","link":"https:\/\/www.kariyer.net\/kariyer-rehberi\/mesai-bitiminden-sonra-kamera-arkasina-geciyor\/","title":{"rendered":"Mesai bitiminden sonra kamera arkas\u0131na ge\u00e7iyor"},"content":{"rendered":"<div><strong>Bankac\u0131l\u0131k kariyerini ve belgeselcili\u011fi bir arada s\u00fcrd\u00fcren Umut Hac\u0131fevzio\u011flu, i\u015f saatlerinde 15 ki\u015filik bir ekibi y\u00f6netirken, kalan zamanlar\u0131nda belgesel film \u00e7ekmek i\u00e7in kamera arkas\u0131na ge\u00e7iyor. \u0130lk belgesel filmi \u201cTarsuslu Filozoflar\u201d, ayn\u0131 zamanda Hac\u0131fevzio\u011flu\u2019nun felsefe doktoras\u0131n\u0131n da bir meyvesi.\u00a0<\/strong><br \/>\nDeniz Yat\u0131r\u0131m\u2019da Pazarlama B\u00f6l\u00fcm M\u00fcd\u00fcr\u00fc olarak g\u00f6rev yapan\u00a0Umut Hac\u0131fevzio\u011flu, bankac\u0131l\u0131k ve finans sekt\u00f6r\u00fcnde 1998\u2019den beri s\u00fcrd\u00fcrd\u00fc\u011f\u00fc mesle\u011finin yan\u0131 s\u0131ra, belgeselci kimli\u011fi ile de \u00f6ne \u00e7\u0131k\u0131yor. Hac\u0131fevzio\u011flu, \u00fcstelik bankac\u0131l\u0131k kariyerine ek olarak felsefe doktoras\u0131 da yap\u0131yor. \u201cGer\u00e7ekten m\u00fcthi\u015f bir k\u00fclt\u00fcr ve tarih \u00fczerinde ya\u015f\u0131yoruz. \u0130lgi duyan, ara\u015ft\u0131ran herkesi \u015fa\u015f\u0131rtacak bir tarihsel, k\u00fclt\u00fcrel mirasa sahibiz. Fakat ne yaz\u0131k ki \u00fclkemizde bu konular\u0131n yeterince i\u015flendi\u011fi, belgesel \u00e7al\u0131\u015fmalar\u0131n\u0131n yap\u0131ld\u0131\u011f\u0131 s\u00f6ylenemez. Madem b\u00f6yle ben niye belgesel yapm\u0131yorum?\u201d diyerek ilk belgeseli Tarsuslu Filozoflar i\u00e7in yola \u00e7\u0131km\u0131\u015f. Biz de kendisiyle y\u0131llar i\u00e7inde tutkuya d\u00f6n\u00fc\u015fen belgeselcili\u011fi ve ilk filmi Tarsuslu Filozoflar \u00fczerine konu\u015ftuk.<strong>Tarsuslu filozoflar belgeseli nas\u0131l ortaya \u00e7\u0131kt\u0131?<\/strong><br \/>\nTarsus\u2019un yakla\u015f\u0131k 10 bin y\u0131ll\u0131k bir tarihi var. Antik d\u00f6nemde uygarl\u0131klar\u0131n\u0131n kav\u015fak noktas\u0131 olan do\u011fu ile bat\u0131 medeniyetinin kesi\u015fti\u011fi bir potada harmanland\u0131\u011f\u0131 ve bir\u00e7ok tarihi \u015fahsiyetin hayatlar\u0131n\u0131n bir \u015fekilde kesi\u015fti\u011fi yer Tarsus. Sezar, B\u00fcy\u00fck \u0130skender, Romal\u0131 B\u00fcy\u00fck Devlet Adam\u0131 \u00c7i\u00e7ero, Kleopatra bir d\u00f6nem orada Marcus, Antonius ya\u015fam\u0131\u015f. Stoa ve Epik\u00fcr felsefe okullar\u0131n\u0131n oldu\u011fu ve filozoflar\u0131n, d\u00fc\u015f\u00fcn\u00fcrlerin, \u015fairlerin, tragedya yazarlar\u0131n\u0131n yeti\u015fti\u011fi bir ayn\u0131 zamanda k\u00fclt\u00fcr merkezi o d\u00f6nemde. Toplumumuz taraf\u0131nda bilinen bir konu olmad\u0131\u011f\u0131n\u0131 d\u00fc\u015f\u00fcnd\u00fck ve belgeseli \u00e7ekmeye karar verdik.<strong>Ka\u00e7 ki\u015filik bir ekiple \u00e7al\u0131\u015ft\u0131n\u0131z? Belgesel \u00e7ekimi s\u0131ras\u0131nda \u00e7al\u0131\u015f\u0131yor muydunuz?<\/strong><br \/>\nBelgeseli \u00e7ekerken bir ekip \u00e7al\u0131\u015fmas\u0131 yapt\u0131k. Dolay\u0131s\u0131yla bir g\u00f6rev da\u011f\u0131l\u0131m\u0131 bir i\u015f b\u00f6l\u00fcm\u00fc vard\u0131. Bu manada bir zorluk \u00e7ekmedim. \u0130\u015ften arta kalan zamanlar\u0131mda bu s\u00fcreci ekibimle birlikte y\u00f6netebildim. Yakla\u015f\u0131k 10 ki\u015filik bir ekiple biz bu belgeseli \u00e7ektik.<\/p>\n<p><strong>\u015eirket \u00e7al\u0131\u015fanlar\u0131n\u0131z i\u00e7inde bu konuda herhangi bir giri\u015fimde bulundunuz mu? Belgesel gibi g\u00f6rsel sanatlara merakl\u0131 \u00e7al\u0131\u015fanlar\u0131n\u0131za destek oluyor musunuz?<\/strong>\u015eirkette birlikte \u00e7al\u0131\u015ft\u0131\u011f\u0131m iki arkada\u015f\u0131m hali haz\u0131rda \u00fczerinde \u00e7al\u0131\u015ft\u0131\u011f\u0131m\u0131z bir projede rol ald\u0131. Bir arkada\u015f\u0131m beste yapt\u0131, bir di\u011fer arkada\u015f\u0131m da oyuncu olarak katk\u0131da bulundu. Bundan sonraki \u00e7al\u0131\u015fmalarda katk\u0131da bulunmak isteyen arkada\u015flar var.<\/p>\n<p><strong>T\u00fcrkiye\u2019de belgeselcili\u011fe bak\u0131\u015f\u0131 nas\u0131l de\u011ferlendiriyorsunuz?<\/strong><br \/>\nGelece\u011fe y\u00f6nelik g\u00f6r\u00fc\u015flerim olumlu. Bundan 10-20 y\u0131l \u00f6ncesine kadar daha iyi bir noktada oldu\u011fumuzu ileride daha da iyi bir noktada olaca\u011f\u0131m\u0131z\u0131 d\u00fc\u015f\u00fcn\u00fcyorum. Her \u015feyden \u00f6nce \u00f6zel TV kanallar\u0131n\u0131n say\u0131s\u0131ndaki art\u0131\u015f bu kanallar i\u00e7inde sadece belgesel film yay\u0131nlayan kanallar\u0131n yer almas\u0131 T\u00fcrkiye\u2019de belgeselcili\u011fin geli\u015fimine \u00e7ok \u00f6nemli bir katk\u0131 sa\u011flayacak. Ayr\u0131ca halk\u0131m\u0131z kaliteli yap\u0131mlar\u0131 \u00f6d\u00fcllendiriyor ge\u00e7ti\u011fimiz y\u0131llarda sinemalarda vizyona giren iki belgesel film gi\u015fede bir\u00e7ok yap\u0131m\u0131 geride b\u0131rakmay\u0131 ba\u015fard\u0131. Benim Tarsuslu Filozoflar belgeselim de Aral\u0131k boyunca \u00f6nemli bir belgesel kanal\u0131 olan \u0130Z TV\u2019de g\u00f6sterilecek.<\/p>\n<p><strong>Finans sekt\u00f6r\u00fc ile belgeselcili\u011fin ortak y\u00f6n\u00fc nedir?<\/strong><br \/>\nFinans sekt\u00f6r\u00fc, kurumsal yap\u0131lanmas\u0131, yenilik\u00e7i ve rekabet\u00e7i yap\u0131s\u0131yla g\u00fcvene, dayal\u0131 bir sekt\u00f6r. Sekt\u00f6rde art\u0131k \u201cfinansal s\u00fcpermarket\u201d ve m\u00fc\u015fterileri odakl\u0131 anlay\u0131\u015f hakim. Bunun i\u00e7in sekt\u00f6r \u00e7al\u0131\u015fanlar\u0131nda iyi ileti\u015fim kuran, sab\u0131rl\u0131, m\u00fc\u015fterinin ihtiya\u00e7lar\u0131na an\u0131nda cevap verebilen profesyoneller olmas\u0131 aranan nitelikler, tabii bir de tak\u0131m oyuncusu olmak. Belgeselcilik tamam\u0131yla tak\u0131m oyunu gerektiren bir alan. G\u00fcn\u00fcm\u00fcz i\u015f d\u00fcnyas\u0131nda yarat\u0131c\u0131l\u0131k, yarat\u0131c\u0131 d\u00fc\u015f\u00fcnce, ve tak\u0131m oyunu rekabet ko\u015fullar\u0131nda en \u00f6nemli kriterler aras\u0131nda yer al\u0131yor. \u00d6zellikle bankac\u0131l\u0131k ve finans sekt\u00f6r\u00fc gibi rekabetin yo\u011fun ya\u015fand\u0131\u011f\u0131 sekt\u00f6rlerde. Bu anlamda tak\u0131m oyunu konusunda belgesel film \u00e7al\u0131\u015fmas\u0131 ile finans sekt\u00f6r\u00fc aras\u0131nda ortak bir y\u00f6n oldu\u011funu d\u00fc\u015f\u00fcn\u00fcyorum.<\/p>\n<p><strong>Felsefe doktoras\u0131 yap\u0131yorsunuz. Belgeseli \u00e7ekerken ya da konu a\u015famas\u0131ndayken size nas\u0131l bir katk\u0131 sa\u011flad\u0131?<\/strong><br \/>\nFelsefe benim \u00f6zel ilgi duydu\u011fum bir alan. Bu konuda \u00e7ok fazla kitap okuyorum. Felsefe insana farkl\u0131 bir bak\u0131\u015f kazand\u0131r\u0131yor. T\u00fcrkiye\u2019de \u00e7ok ilgi duyulan bir alan de\u011fil. Felsefe bir yerde var olan\u0131, ya\u015fam\u0131, insan\u0131, kendini anlamland\u0131rma etkinli\u011fi. Bir bak\u0131\u015f, farkl\u0131 bir perspektiften anlamland\u0131rma&#8230; Felsefe, benim sadece belgesel \u00e7al\u0131\u015fmamda de\u011fil, t\u00fcm ya\u015fam\u0131mda etkisini g\u00f6rd\u00fc\u011f\u00fcm bir \u00fcst disiplin.<\/p>\n<p><strong>Gelecek projeleriniz neler?<\/strong><br \/>\n\u015eu an hali haz\u0131rda bitirmek \u00fczere oldu\u011fumuz bir \u00e7al\u0131\u015fmam\u0131z var. \u0130smi Kaplumba\u011fa Terbiyecisi. Osman Hamdi Bey\u2019in ya\u015fam \u00f6yk\u00fcs\u00fcn\u00fc anlatan drama t\u00fcr\u00fcnde bir belgesel film \u00e7al\u0131\u015fmas\u0131. Senaryosunu \u201cKaplumba\u011fa Terbiyecisi\u201d isimli roman\u0131n yazar\u0131 Emre Caner yazd\u0131. T\u00fcrkiye\u2019de Osman Hamdi Bey daha \u00e7ok Kaplumba\u011fa Terbiyecisi tablosu ile tan\u0131nan bir ressam. Bu y\u0131l Osmanl\u0131 Hamdi Bey\u2019in 100. y\u0131ld\u00f6n\u00fcm\u00fc. UNESCO 2010 y\u0131l\u0131n\u0131 Osman Hamdi y\u0131l\u0131 ilan etmi\u015f durumda. Bu \u00e7er\u00e7evede \u00e7e\u015fitli etkinlikler ve sempozyumlar d\u00fczenleniyor. Biz de bir belgesel film \u00e7al\u0131\u015fmas\u0131yla bunlara bir katk\u0131da bulunmay\u0131 ama\u00e7lad\u0131k. Bir di\u011fer \u00e7al\u0131\u015fma da felsefe bilim sanat derne\u011finin kurucusu ve \u201cAssos\u2019ta felsefenin\u201d direkt\u00f6r\u00fc \u00d6rsan \u00d6ymen\u2019le bir zamanlar Aristoteles\u2019in felsefe okulu kurdu\u011fu Assos\u2019ta ondan tam 2,300 y\u0131l sonra bu topraklara felsefeyi getiren \u201cAssos\u2019ta Felsefe\u2019yi\u201d\u00a0 konu alan bir \u00e7al\u0131\u015fma yapaca\u011f\u0131z.<\/p>\n<\/div>\n<div><\/div>\n<div><\/div>\n<div><\/div>\n<!-- templates\/buttons-placeholder.php -->\n<div class=\"da-reactions-outer TpostID2037\">\n\t    <div class=\"da-reactions-data da-reactions-container-async center\"\n         data-type=\"post\"\n         data-id=\"2037\"\n         id=\"da-reactions-slot-post-2037\">\n        <div class=\"da-reactions-static\">\n\t\t\t<img src=\"https:\/\/www.kariyer.net\/kariyer-rehberi\/wp-content\/plugins\/da-reactions\/assets\/dist\/loading.svg\" alt=\"Loading spinner\" width=\"48\" height=\"48\" style=\"width:48px\" \/>\n        <\/div>\n    <\/div>\n<\/div>\n","protected":false},"excerpt":{"rendered":"<p>Bankac\u0131l\u0131k kariyerini ve belgeselcili\u011fi bir arada s\u00fcrd\u00fcren Umut Hac\u0131fevzio\u011flu, i\u015f saatlerinde 15 ki\u015filik bir ekibi y\u00f6netirken, kalan zamanlar\u0131nda belgesel film \u00e7ekmek i\u00e7in kamera arkas\u0131na ge\u00e7iyor. \u0130lk belgesel filmi \u201cTarsuslu Filozoflar\u201d, ayn\u0131 zamanda Hac\u0131fevzio\u011flu\u2019nun felsefe doktoras\u0131n\u0131n da bir meyvesi.\u00a0 Deniz Yat\u0131r\u0131m\u2019da Pazarlama B\u00f6l\u00fcm M\u00fcd\u00fcr\u00fc olarak g\u00f6rev yapan\u00a0Umut Hac\u0131fevzio\u011flu, bankac\u0131l\u0131k ve finans sekt\u00f6r\u00fcnde 1998\u2019den beri s\u00fcrd\u00fcrd\u00fc\u011f\u00fc mesle\u011finin [&hellip;]<\/p>\n<!-- templates\/buttons-placeholder.php -->\n<div class=\"da-reactions-outer TpostID2037\">\n\t    <div class=\"da-reactions-data da-reactions-container-async center\"\n         data-type=\"post\"\n         data-id=\"2037\"\n         id=\"da-reactions-slot-post-2037\">\n        <div class=\"da-reactions-static\">\n\t\t\t<img src=\"https:\/\/www.kariyer.net\/kariyer-rehberi\/wp-content\/plugins\/da-reactions\/assets\/dist\/loading.svg\" alt=\"Loading spinner\" width=\"48\" height=\"48\" style=\"width:48px\" \/>\n        <\/div>\n    <\/div>\n<\/div>\n","protected":false},"author":8,"featured_media":4529,"comment_status":"open","ping_status":"open","sticky":false,"template":"","format":"standard","meta":{"footnotes":"","_elementor_edit_mode":"","_elementor_template_type":"","_elementor_data":"","_elementor_page_settings":null,"_elementor_conditions":[]},"categories":[2211],"tags":[],"class_list":{"0":"post-2037","1":"post","2":"type-post","3":"status-publish","4":"format-standard","5":"has-post-thumbnail","7":"category-kariyer-gelisimi"},"yoast_head":"<!-- This site is optimized with the Yoast SEO Premium plugin v21.4 (Yoast SEO v27.0) - https:\/\/yoast.com\/product\/yoast-seo-premium-wordpress\/ -->\n<title>Mesai bitiminden sonra kamera arkas\u0131na ge\u00e7iyor | Kariyer Rehberi<\/title>\n<meta name=\"description\" content=\"Bankac\u0131l\u0131k kariyerini ve belgeselcili\u011fi bir arada s\u00fcrd\u00fcren Umut Hac\u0131fevzio\u011flu, i\u015f saatlerinde 15 ki\u015filik bir ekibi y\u00f6netirken, kalan zamanlar\u0131nda belgesel\" \/>\n<meta name=\"robots\" content=\"index, follow, max-snippet:-1, max-image-preview:large, max-video-preview:-1\" \/>\n<link rel=\"canonical\" href=\"https:\/\/www.kariyer.net\/kariyer-rehberi\/mesai-bitiminden-sonra-kamera-arkasina-geciyor\/\" \/>\n<meta property=\"og:locale\" content=\"tr_TR\" \/>\n<meta property=\"og:type\" content=\"article\" \/>\n<meta property=\"og:title\" content=\"Mesai bitiminden sonra kamera arkas\u0131na ge\u00e7iyor\" \/>\n<meta property=\"og:description\" content=\"Bankac\u0131l\u0131k kariyerini ve belgeselcili\u011fi bir arada s\u00fcrd\u00fcren Umut Hac\u0131fevzio\u011flu, i\u015f saatlerinde 15 ki\u015filik bir ekibi y\u00f6netirken, kalan zamanlar\u0131nda belgesel\" \/>\n<meta property=\"og:url\" content=\"https:\/\/www.kariyer.net\/kariyer-rehberi\/mesai-bitiminden-sonra-kamera-arkasina-geciyor\/\" \/>\n<meta property=\"og:site_name\" content=\"Kariyer Rehberi\" \/>\n<meta property=\"article:published_time\" content=\"2011-03-08T00:00:00+00:00\" \/>\n<meta property=\"article:modified_time\" content=\"2024-07-03T13:01:17+00:00\" \/>\n<meta property=\"og:image\" content=\"https:\/\/www.kariyer.net\/kariyer-rehberi\/wp-content\/uploads\/2011\/03\/tarsus.jpg\" \/>\n\t<meta property=\"og:image:width\" content=\"290\" \/>\n\t<meta property=\"og:image:height\" content=\"150\" \/>\n\t<meta property=\"og:image:type\" content=\"image\/jpeg\" \/>\n<meta name=\"author\" content=\"Kariyer.net\" \/>\n<meta name=\"twitter:card\" content=\"summary_large_image\" \/>\n<meta name=\"twitter:label1\" content=\"Yazan:\" \/>\n\t<meta name=\"twitter:data1\" content=\"Kariyer.net\" \/>\n\t<meta name=\"twitter:label2\" content=\"Tahmini okuma s\u00fcresi\" \/>\n\t<meta name=\"twitter:data2\" content=\"5 dakika\" \/>\n<!-- \/ Yoast SEO Premium plugin. -->","yoast_head_json":{"title":"Mesai bitiminden sonra kamera arkas\u0131na ge\u00e7iyor | Kariyer Rehberi","description":"Bankac\u0131l\u0131k kariyerini ve belgeselcili\u011fi bir arada s\u00fcrd\u00fcren Umut Hac\u0131fevzio\u011flu, i\u015f saatlerinde 15 ki\u015filik bir ekibi y\u00f6netirken, kalan zamanlar\u0131nda belgesel","robots":{"index":"index","follow":"follow","max-snippet":"max-snippet:-1","max-image-preview":"max-image-preview:large","max-video-preview":"max-video-preview:-1"},"canonical":"https:\/\/www.kariyer.net\/kariyer-rehberi\/mesai-bitiminden-sonra-kamera-arkasina-geciyor\/","og_locale":"tr_TR","og_type":"article","og_title":"Mesai bitiminden sonra kamera arkas\u0131na ge\u00e7iyor","og_description":"Bankac\u0131l\u0131k kariyerini ve belgeselcili\u011fi bir arada s\u00fcrd\u00fcren Umut Hac\u0131fevzio\u011flu, i\u015f saatlerinde 15 ki\u015filik bir ekibi y\u00f6netirken, kalan zamanlar\u0131nda belgesel","og_url":"https:\/\/www.kariyer.net\/kariyer-rehberi\/mesai-bitiminden-sonra-kamera-arkasina-geciyor\/","og_site_name":"Kariyer Rehberi","article_published_time":"2011-03-08T00:00:00+00:00","article_modified_time":"2024-07-03T13:01:17+00:00","og_image":[{"width":290,"height":150,"url":"https:\/\/www.kariyer.net\/kariyer-rehberi\/wp-content\/uploads\/2011\/03\/tarsus.jpg","type":"image\/jpeg"}],"author":"Kariyer.net","twitter_card":"summary_large_image","twitter_misc":{"Yazan:":"Kariyer.net","Tahmini okuma s\u00fcresi":"5 dakika"},"schema":{"@context":"https:\/\/schema.org","@graph":[{"@type":"Article","@id":"https:\/\/www.kariyer.net\/kariyer-rehberi\/mesai-bitiminden-sonra-kamera-arkasina-geciyor\/#article","isPartOf":{"@id":"https:\/\/www.kariyer.net\/kariyer-rehberi\/mesai-bitiminden-sonra-kamera-arkasina-geciyor\/"},"author":{"name":"Kariyer.net","@id":"https:\/\/www.kariyer.net\/kariyer-rehberi\/#\/schema\/person\/eb36201afd42c03bc83b82060447b2c9"},"headline":"Mesai bitiminden sonra kamera arkas\u0131na ge\u00e7iyor","datePublished":"2011-03-08T00:00:00+00:00","dateModified":"2024-07-03T13:01:17+00:00","mainEntityOfPage":{"@id":"https:\/\/www.kariyer.net\/kariyer-rehberi\/mesai-bitiminden-sonra-kamera-arkasina-geciyor\/"},"wordCount":1028,"commentCount":0,"publisher":{"@id":"https:\/\/www.kariyer.net\/kariyer-rehberi\/#organization"},"image":{"@id":"https:\/\/www.kariyer.net\/kariyer-rehberi\/mesai-bitiminden-sonra-kamera-arkasina-geciyor\/#primaryimage"},"thumbnailUrl":"https:\/\/www.kariyer.net\/kariyer-rehberi\/wp-content\/uploads\/2011\/03\/tarsus.jpg","articleSection":["Kariyer Geli\u015fimi"],"inLanguage":"tr","potentialAction":[{"@type":"CommentAction","name":"Comment","target":["https:\/\/www.kariyer.net\/kariyer-rehberi\/mesai-bitiminden-sonra-kamera-arkasina-geciyor\/#respond"]}]},{"@type":"WebPage","@id":"https:\/\/www.kariyer.net\/kariyer-rehberi\/mesai-bitiminden-sonra-kamera-arkasina-geciyor\/","url":"https:\/\/www.kariyer.net\/kariyer-rehberi\/mesai-bitiminden-sonra-kamera-arkasina-geciyor\/","name":"Mesai bitiminden sonra kamera arkas\u0131na ge\u00e7iyor | Kariyer Rehberi","isPartOf":{"@id":"https:\/\/www.kariyer.net\/kariyer-rehberi\/#website"},"primaryImageOfPage":{"@id":"https:\/\/www.kariyer.net\/kariyer-rehberi\/mesai-bitiminden-sonra-kamera-arkasina-geciyor\/#primaryimage"},"image":{"@id":"https:\/\/www.kariyer.net\/kariyer-rehberi\/mesai-bitiminden-sonra-kamera-arkasina-geciyor\/#primaryimage"},"thumbnailUrl":"https:\/\/www.kariyer.net\/kariyer-rehberi\/wp-content\/uploads\/2011\/03\/tarsus.jpg","datePublished":"2011-03-08T00:00:00+00:00","dateModified":"2024-07-03T13:01:17+00:00","description":"Bankac\u0131l\u0131k kariyerini ve belgeselcili\u011fi bir arada s\u00fcrd\u00fcren Umut Hac\u0131fevzio\u011flu, i\u015f saatlerinde 15 ki\u015filik bir ekibi y\u00f6netirken, kalan zamanlar\u0131nda belgesel","breadcrumb":{"@id":"https:\/\/www.kariyer.net\/kariyer-rehberi\/mesai-bitiminden-sonra-kamera-arkasina-geciyor\/#breadcrumb"},"inLanguage":"tr","potentialAction":[{"@type":"ReadAction","target":["https:\/\/www.kariyer.net\/kariyer-rehberi\/mesai-bitiminden-sonra-kamera-arkasina-geciyor\/"]}]},{"@type":"ImageObject","inLanguage":"tr","@id":"https:\/\/www.kariyer.net\/kariyer-rehberi\/mesai-bitiminden-sonra-kamera-arkasina-geciyor\/#primaryimage","url":"https:\/\/www.kariyer.net\/kariyer-rehberi\/wp-content\/uploads\/2011\/03\/tarsus.jpg","contentUrl":"https:\/\/www.kariyer.net\/kariyer-rehberi\/wp-content\/uploads\/2011\/03\/tarsus.jpg","width":290,"height":150},{"@type":"BreadcrumbList","@id":"https:\/\/www.kariyer.net\/kariyer-rehberi\/mesai-bitiminden-sonra-kamera-arkasina-geciyor\/#breadcrumb","itemListElement":[{"@type":"ListItem","position":1,"name":"Anasayfa","item":"https:\/\/www.kariyer.net\/kariyer-rehberi\/"},{"@type":"ListItem","position":2,"name":"Mesai bitiminden sonra kamera arkas\u0131na ge\u00e7iyor"}]},{"@type":"WebSite","@id":"https:\/\/www.kariyer.net\/kariyer-rehberi\/#website","url":"https:\/\/www.kariyer.net\/kariyer-rehberi\/","name":"Kariyer Rehberi","description":"\u0130\u015f D\u00fcnyas\u0131yla \u0130lgili Bilmek \u0130stedi\u011finiz Her \u015eey","publisher":{"@id":"https:\/\/www.kariyer.net\/kariyer-rehberi\/#organization"},"potentialAction":[{"@type":"SearchAction","target":{"@type":"EntryPoint","urlTemplate":"https:\/\/www.kariyer.net\/kariyer-rehberi\/?s={search_term_string}"},"query-input":{"@type":"PropertyValueSpecification","valueRequired":true,"valueName":"search_term_string"}}],"inLanguage":"tr"},{"@type":"Organization","@id":"https:\/\/www.kariyer.net\/kariyer-rehberi\/#organization","name":"Kariyer.net","url":"https:\/\/www.kariyer.net\/kariyer-rehberi\/","logo":{"@type":"ImageObject","inLanguage":"tr","@id":"https:\/\/www.kariyer.net\/kariyer-rehberi\/#\/schema\/logo\/image\/","url":"https:\/\/www.kariyer.net\/kariyer-rehberi-new\/wp-content\/uploads\/2023\/01\/og-image11.jpg","contentUrl":"https:\/\/www.kariyer.net\/kariyer-rehberi-new\/wp-content\/uploads\/2023\/01\/og-image11.jpg","width":800,"height":800,"caption":"Kariyer.net"},"image":{"@id":"https:\/\/www.kariyer.net\/kariyer-rehberi\/#\/schema\/logo\/image\/"}},{"@type":"Person","@id":"https:\/\/www.kariyer.net\/kariyer-rehberi\/#\/schema\/person\/eb36201afd42c03bc83b82060447b2c9","name":"Kariyer.net","image":{"@type":"ImageObject","inLanguage":"tr","@id":"https:\/\/www.kariyer.net\/kariyer-rehberi\/#\/schema\/person\/image\/","url":"https:\/\/secure.gravatar.com\/avatar\/ddce3ac68cb52fb2ae004bcee334e49ccc6361fefd68c5f6f4d2a86630c28b2e?s=96&d=mm&r=g","contentUrl":"https:\/\/secure.gravatar.com\/avatar\/ddce3ac68cb52fb2ae004bcee334e49ccc6361fefd68c5f6f4d2a86630c28b2e?s=96&d=mm&r=g","caption":"Kariyer.net"},"url":"https:\/\/www.kariyer.net\/kariyer-rehberi\/author\/kariyer-net\/"}]}},"_links":{"self":[{"href":"https:\/\/www.kariyer.net\/kariyer-rehberi\/wp-json\/wp\/v2\/posts\/2037","targetHints":{"allow":["GET"]}}],"collection":[{"href":"https:\/\/www.kariyer.net\/kariyer-rehberi\/wp-json\/wp\/v2\/posts"}],"about":[{"href":"https:\/\/www.kariyer.net\/kariyer-rehberi\/wp-json\/wp\/v2\/types\/post"}],"author":[{"embeddable":true,"href":"https:\/\/www.kariyer.net\/kariyer-rehberi\/wp-json\/wp\/v2\/users\/8"}],"replies":[{"embeddable":true,"href":"https:\/\/www.kariyer.net\/kariyer-rehberi\/wp-json\/wp\/v2\/comments?post=2037"}],"version-history":[{"count":1,"href":"https:\/\/www.kariyer.net\/kariyer-rehberi\/wp-json\/wp\/v2\/posts\/2037\/revisions"}],"predecessor-version":[{"id":20338,"href":"https:\/\/www.kariyer.net\/kariyer-rehberi\/wp-json\/wp\/v2\/posts\/2037\/revisions\/20338"}],"wp:featuredmedia":[{"embeddable":true,"href":"https:\/\/www.kariyer.net\/kariyer-rehberi\/wp-json\/wp\/v2\/media\/4529"}],"wp:attachment":[{"href":"https:\/\/www.kariyer.net\/kariyer-rehberi\/wp-json\/wp\/v2\/media?parent=2037"}],"wp:term":[{"taxonomy":"category","embeddable":true,"href":"https:\/\/www.kariyer.net\/kariyer-rehberi\/wp-json\/wp\/v2\/categories?post=2037"},{"taxonomy":"post_tag","embeddable":true,"href":"https:\/\/www.kariyer.net\/kariyer-rehberi\/wp-json\/wp\/v2\/tags?post=2037"}],"curies":[{"name":"wp","href":"https:\/\/api.w.org\/{rel}","templated":true}]}}